{"id":8626,"date":"2022-05-13T05:50:00","date_gmt":"2022-05-13T08:50:00","guid":{"rendered":"https:\/\/www.padreeustaquio.com.br\/?p=8626"},"modified":"2022-05-12T09:12:44","modified_gmt":"2022-05-12T12:12:44","slug":"el-cafe-en-el-santuario-volvera-a-ofrecerse-los-domingos-por-voluntarios","status":"publish","type":"post","link":"https:\/\/www.padreeustaquio.com.br\/es\/el-cafe-en-el-santuario-volvera-a-ofrecerse-los-domingos-por-voluntarios\/","title":{"rendered":"El descanso para tomar caf\u00e9 en el Santuario regresa los domingos, organizado por voluntarios."},"content":{"rendered":"<p>El Santuario de Salud y Paz, Iglesia del Beato Padre Eustaquio, tiene un nuevo horario para su caf\u00e9 dominical. El tradicional caf\u00e9 que sirven los grupos pastorales recauda fondos para proyectos sociales y el mantenimiento de la iglesia.<\/p>\n\n\n\n<p>Antes de la pandemia, el caf\u00e9 se serv\u00eda todos los domingos, cada semana organizado por un grupo o movimiento pastoral diferente dentro del Santuario; sin embargo, con las medidas de aislamiento social establecidas, esta pr\u00e1ctica tuvo que detenerse.<\/p>\n\n\n\n<p>La idea de la iglesia es revivir la tradici\u00f3n de tomar caf\u00e9 los domingos por la ma\u00f1ana. El calendario ya est\u00e1 completo hasta el pr\u00f3ximo mes, pero si desea colaborar, simplemente inscr\u00edbase en la Oficina Parroquial o traiga algo, como pasteles, tartas o bocadillos salados, para venderlos durante el descanso. Otra opci\u00f3n es contactar con un grupo o movimiento pastoral y averiguar cu\u00e1les son sus necesidades para que usted tambi\u00e9n pueda participar.<\/p>\n\n\n\n<p><strong>As\u00ed luce el calendario hasta ahora:<\/strong><br>15 de mayo - Ministerio de Familia<br>22 de mayo \u2013 Vicencianos<br>29 de mayo \u2013 Monaguillos<br>5 de junio \u2013 Apostolado de la Oraci\u00f3n<br>12 de junio \u2013 Catequesis<br>19 de junio \u2013 <br>26 de junio \u2013 Confirmaci\u00f3n<br>3 de julio \u2013<br>10 de julio \u2013 ECC<\/p>\n\n\n\n<p>Adem\u00e1s de generar recursos para las actividades pastorales de la iglesia, el descanso dominical es un espacio importante de confraternidad entre feligreses y visitantes.<\/p>\n\n\n\n<p>Los grupos pastorales interesados en unirse al programa de coffee break deben comunicarse con la oficina parroquial.<\/p>\n\n\n\n<p><\/p>","protected":false},"excerpt":{"rendered":"<p>O Santu\u00e1rio da Sa\u00fade e da Paz, Igreja do Beato Padre Eust\u00e1quio, tem uma nova escala para o cafezinho de domingo. O tradicional caf\u00e9 servido por pastorais arrecada dinheiro para ajudar nos projetos sociais e na manuten\u00e7\u00e3o da igreja. Antes da pandemia o caf\u00e9 era servido todo domingo, cada semana realizado por uma pastoral ou movimento do Santu\u00e1rio, no entanto, com o isolamento social foi preciso parar com este trabalho. A ideia da igreja \u00e9, a partir de agora, voltar com a tradi\u00e7\u00e3o da cafezinho aos domingos de manh\u00e3. At\u00e9 o m\u00eas que vem a escala j\u00e1 est\u00e1 completa, mas [&hellip;]<\/p>\n","protected":false},"author":2,"featured_media":8627,"comment_status":"open","ping_status":"closed","sticky":false,"template":"","format":"standard","meta":{"_acf_changed":false,"footnotes":""},"categories":[611],"tags":[],"class_list":["post-8626","post","type-post","status-publish","format-standard","has-post-thumbnail","hentry","category-noticias"],"acf":[],"yoast_head":"<!-- This site is optimized with the Yoast SEO plugin v27.2 - https:\/\/yoast.com\/product\/yoast-seo-wordpress\/ -->\n<title>Cafezinho no Santu\u00e1rio volta ser realizado aos domingos por volunt\u00e1rios<\/title>\n<meta name=\"description\" content=\"O Santu\u00e1rio da Sa\u00fade e da Paz, Igreja do Beato Padre Eust\u00e1quio, tem uma nova escala para o cafezinho de domingo. O tradicional caf\u00e9 servido por pastorais arrecada dinheiro para ajudar nos projetos sociais e na manuten\u00e7\u00e3o da igreja.\" \/>\n<meta name=\"robots\" content=\"index, follow, max-snippet:-1, max-image-preview:large, max-video-preview:-1\" \/>\n<link rel=\"canonical\" href=\"https:\/\/www.padreeustaquio.com.br\/es\/el-cafe-en-el-santuario-volvera-a-ofrecerse-los-domingos-por-voluntarios\/\" \/>\n<meta property=\"og:locale\" content=\"es_ES\" \/>\n<meta property=\"og:type\" content=\"article\" \/>\n<meta property=\"og:title\" content=\"Cafezinho no Santu\u00e1rio volta ser realizado aos domingos por volunt\u00e1rios\" \/>\n<meta property=\"og:description\" content=\"O Santu\u00e1rio da Sa\u00fade e da Paz, Igreja do Beato Padre Eust\u00e1quio, tem uma nova escala para o cafezinho de domingo. O tradicional caf\u00e9 servido por pastorais arrecada dinheiro para ajudar nos projetos sociais e na manuten\u00e7\u00e3o da igreja.\" \/>\n<meta property=\"og:url\" content=\"https:\/\/www.padreeustaquio.com.br\/es\/el-cafe-en-el-santuario-volvera-a-ofrecerse-los-domingos-por-voluntarios\/\" \/>\n<meta property=\"og:site_name\" content=\"Padre Eust\u00e1quio\" \/>\n<meta property=\"article:publisher\" content=\"https:\/\/www.facebook.com\/beatopadreeustaquio\/\" \/>\n<meta property=\"article:published_time\" content=\"2022-05-13T08:50:00+00:00\" \/>\n<meta property=\"og:image\" content=\"https:\/\/www.padreeustaquio.com.br\/wp-content\/uploads\/2022\/05\/cafezinho.jpg\" \/>\n\t<meta property=\"og:image:width\" content=\"748\" \/>\n\t<meta property=\"og:image:height\" content=\"394\" \/>\n\t<meta property=\"og:image:type\" content=\"image\/jpeg\" \/>\n<meta name=\"author\" content=\"@sscc\" \/>\n<meta name=\"twitter:card\" content=\"summary_large_image\" \/>\n<meta name=\"twitter:creator\" content=\"@beatopeustaquio\" \/>\n<meta name=\"twitter:site\" content=\"@beatopeustaquio\" \/>\n<meta name=\"twitter:label1\" content=\"Escrito por\" \/>\n\t<meta name=\"twitter:data1\" content=\"@sscc\" \/>\n\t<meta name=\"twitter:label2\" content=\"Tiempo de lectura\" \/>\n\t<meta name=\"twitter:data2\" content=\"2 minutos\" \/>\n<script type=\"application\/ld+json\" class=\"yoast-schema-graph\">{\"@context\":\"https:\/\/schema.org\",\"@graph\":[{\"@type\":\"Article\",\"@id\":\"https:\/\/www.padreeustaquio.com.br\/cafezinho-no-santuario-volta-ser-realizado-aos-domingos-por-voluntarios\/#article\",\"isPartOf\":{\"@id\":\"https:\/\/www.padreeustaquio.com.br\/cafezinho-no-santuario-volta-ser-realizado-aos-domingos-por-voluntarios\/\"},\"author\":{\"name\":\"@sscc\",\"@id\":\"https:\/\/www.padreeustaquio.com.br\/#\/schema\/person\/a2a51db1d00f1a7af0204a0f1ddb1566\"},\"headline\":\"Cafezinho no Santu\u00e1rio volta ser realizado aos domingos por volunt\u00e1rios\",\"datePublished\":\"2022-05-13T08:50:00+00:00\",\"mainEntityOfPage\":{\"@id\":\"https:\/\/www.padreeustaquio.com.br\/cafezinho-no-santuario-volta-ser-realizado-aos-domingos-por-voluntarios\/\"},\"wordCount\":250,\"commentCount\":0,\"publisher\":{\"@id\":\"https:\/\/www.padreeustaquio.com.br\/#organization\"},\"image\":{\"@id\":\"https:\/\/www.padreeustaquio.com.br\/cafezinho-no-santuario-volta-ser-realizado-aos-domingos-por-voluntarios\/#primaryimage\"},\"thumbnailUrl\":\"https:\/\/www.padreeustaquio.com.br\/wp-content\/uploads\/2022\/05\/cafezinho.jpg\",\"articleSection\":[\"Not\u00edcias\"],\"inLanguage\":\"es\",\"potentialAction\":[{\"@type\":\"CommentAction\",\"name\":\"Comment\",\"target\":[\"https:\/\/www.padreeustaquio.com.br\/cafezinho-no-santuario-volta-ser-realizado-aos-domingos-por-voluntarios\/#respond\"]}]},{\"@type\":\"WebPage\",\"@id\":\"https:\/\/www.padreeustaquio.com.br\/cafezinho-no-santuario-volta-ser-realizado-aos-domingos-por-voluntarios\/\",\"url\":\"https:\/\/www.padreeustaquio.com.br\/cafezinho-no-santuario-volta-ser-realizado-aos-domingos-por-voluntarios\/\",\"name\":\"Cafezinho no Santu\u00e1rio volta ser realizado aos domingos por volunt\u00e1rios\",\"isPartOf\":{\"@id\":\"https:\/\/www.padreeustaquio.com.br\/#website\"},\"primaryImageOfPage\":{\"@id\":\"https:\/\/www.padreeustaquio.com.br\/cafezinho-no-santuario-volta-ser-realizado-aos-domingos-por-voluntarios\/#primaryimage\"},\"image\":{\"@id\":\"https:\/\/www.padreeustaquio.com.br\/cafezinho-no-santuario-volta-ser-realizado-aos-domingos-por-voluntarios\/#primaryimage\"},\"thumbnailUrl\":\"https:\/\/www.padreeustaquio.com.br\/wp-content\/uploads\/2022\/05\/cafezinho.jpg\",\"datePublished\":\"2022-05-13T08:50:00+00:00\",\"description\":\"O Santu\u00e1rio da Sa\u00fade e da Paz, Igreja do Beato Padre Eust\u00e1quio, tem uma nova escala para o cafezinho de domingo. O tradicional caf\u00e9 servido por pastorais arrecada dinheiro para ajudar nos projetos sociais e na manuten\u00e7\u00e3o da igreja.\",\"breadcrumb\":{\"@id\":\"https:\/\/www.padreeustaquio.com.br\/cafezinho-no-santuario-volta-ser-realizado-aos-domingos-por-voluntarios\/#breadcrumb\"},\"inLanguage\":\"es\",\"potentialAction\":[{\"@type\":\"ReadAction\",\"target\":[\"https:\/\/www.padreeustaquio.com.br\/cafezinho-no-santuario-volta-ser-realizado-aos-domingos-por-voluntarios\/\"]}]},{\"@type\":\"ImageObject\",\"inLanguage\":\"es\",\"@id\":\"https:\/\/www.padreeustaquio.com.br\/cafezinho-no-santuario-volta-ser-realizado-aos-domingos-por-voluntarios\/#primaryimage\",\"url\":\"https:\/\/www.padreeustaquio.com.br\/wp-content\/uploads\/2022\/05\/cafezinho.jpg\",\"contentUrl\":\"https:\/\/www.padreeustaquio.com.br\/wp-content\/uploads\/2022\/05\/cafezinho.jpg\",\"width\":748,\"height\":394},{\"@type\":\"BreadcrumbList\",\"@id\":\"https:\/\/www.padreeustaquio.com.br\/cafezinho-no-santuario-volta-ser-realizado-aos-domingos-por-voluntarios\/#breadcrumb\",\"itemListElement\":[{\"@type\":\"ListItem\",\"position\":1,\"name\":\"In\u00edcio\",\"item\":\"https:\/\/www.padreeustaquio.com.br\/\"},{\"@type\":\"ListItem\",\"position\":2,\"name\":\"Cafezinho no Santu\u00e1rio volta ser realizado aos domingos por volunt\u00e1rios\"}]},{\"@type\":\"WebSite\",\"@id\":\"https:\/\/www.padreeustaquio.com.br\/#website\",\"url\":\"https:\/\/www.padreeustaquio.com.br\/\",\"name\":\"Padre Eust\u00e1quio\",\"description\":\"Sa\u00fade e Paz\",\"publisher\":{\"@id\":\"https:\/\/www.padreeustaquio.com.br\/#organization\"},\"potentialAction\":[{\"@type\":\"SearchAction\",\"target\":{\"@type\":\"EntryPoint\",\"urlTemplate\":\"https:\/\/www.padreeustaquio.com.br\/?s={search_term_string}\"},\"query-input\":{\"@type\":\"PropertyValueSpecification\",\"valueRequired\":true,\"valueName\":\"search_term_string\"}}],\"inLanguage\":\"es\"},{\"@type\":\"Organization\",\"@id\":\"https:\/\/www.padreeustaquio.com.br\/#organization\",\"name\":\"Padre Eust\u00e1quio\",\"url\":\"https:\/\/www.padreeustaquio.com.br\/\",\"logo\":{\"@type\":\"ImageObject\",\"inLanguage\":\"es\",\"@id\":\"https:\/\/www.padreeustaquio.com.br\/#\/schema\/logo\/image\/\",\"url\":\"https:\/\/www.padreeustaquio.com.br\/wp-content\/uploads\/2019\/08\/marca.png\",\"contentUrl\":\"https:\/\/www.padreeustaquio.com.br\/wp-content\/uploads\/2019\/08\/marca.png\",\"width\":350,\"height\":400,\"caption\":\"Padre Eust\u00e1quio\"},\"image\":{\"@id\":\"https:\/\/www.padreeustaquio.com.br\/#\/schema\/logo\/image\/\"},\"sameAs\":[\"https:\/\/www.facebook.com\/beatopadreeustaquio\/\",\"https:\/\/x.com\/beatopeustaquio\",\"https:\/\/www.instagram.com\/beatopadreeustaquio\/\",\"https:\/\/www.youtube.com\/channel\/UCRhw7vfabnajwLxb1ZXMeIw\"]},{\"@type\":\"Person\",\"@id\":\"https:\/\/www.padreeustaquio.com.br\/#\/schema\/person\/a2a51db1d00f1a7af0204a0f1ddb1566\",\"name\":\"@sscc\",\"image\":{\"@type\":\"ImageObject\",\"inLanguage\":\"es\",\"@id\":\"https:\/\/secure.gravatar.com\/avatar\/68cfafa5f44617fea54071e215026e0ff06be366c3d54a8425f04fdcb86f8c5f?s=96&d=mm&r=g\",\"url\":\"https:\/\/secure.gravatar.com\/avatar\/68cfafa5f44617fea54071e215026e0ff06be366c3d54a8425f04fdcb86f8c5f?s=96&d=mm&r=g\",\"contentUrl\":\"https:\/\/secure.gravatar.com\/avatar\/68cfafa5f44617fea54071e215026e0ff06be366c3d54a8425f04fdcb86f8c5f?s=96&d=mm&r=g\",\"caption\":\"@sscc\"},\"url\":\"https:\/\/www.padreeustaquio.com.br\/es\/author\/sscc\/\"}]}<\/script>\n<!-- \/ Yoast SEO plugin. -->","yoast_head_json":{"title":"El descanso para tomar caf\u00e9 en el Santuario regresa los domingos, organizado por voluntarios.","description":"El Santuario de Salud y Paz, Iglesia del Beato Padre Eustaquio, tiene un nuevo horario para su caf\u00e9 dominical. El tradicional caf\u00e9 que sirven los grupos pastorales recauda fondos para proyectos sociales y el mantenimiento de la iglesia.","robots":{"index":"index","follow":"follow","max-snippet":"max-snippet:-1","max-image-preview":"max-image-preview:large","max-video-preview":"max-video-preview:-1"},"canonical":"https:\/\/www.padreeustaquio.com.br\/es\/el-cafe-en-el-santuario-volvera-a-ofrecerse-los-domingos-por-voluntarios\/","og_locale":"es_ES","og_type":"article","og_title":"Cafezinho no Santu\u00e1rio volta ser realizado aos domingos por volunt\u00e1rios","og_description":"O Santu\u00e1rio da Sa\u00fade e da Paz, Igreja do Beato Padre Eust\u00e1quio, tem uma nova escala para o cafezinho de domingo. O tradicional caf\u00e9 servido por pastorais arrecada dinheiro para ajudar nos projetos sociais e na manuten\u00e7\u00e3o da igreja.","og_url":"https:\/\/www.padreeustaquio.com.br\/es\/el-cafe-en-el-santuario-volvera-a-ofrecerse-los-domingos-por-voluntarios\/","og_site_name":"Padre Eust\u00e1quio","article_publisher":"https:\/\/www.facebook.com\/beatopadreeustaquio\/","article_published_time":"2022-05-13T08:50:00+00:00","og_image":[{"width":748,"height":394,"url":"https:\/\/www.padreeustaquio.com.br\/wp-content\/uploads\/2022\/05\/cafezinho.jpg","type":"image\/jpeg"}],"author":"@sscc","twitter_card":"summary_large_image","twitter_creator":"@beatopeustaquio","twitter_site":"@beatopeustaquio","twitter_misc":{"Escrito por":"@sscc","Tiempo de lectura":"2 minutos"},"schema":{"@context":"https:\/\/schema.org","@graph":[{"@type":"Article","@id":"https:\/\/www.padreeustaquio.com.br\/cafezinho-no-santuario-volta-ser-realizado-aos-domingos-por-voluntarios\/#article","isPartOf":{"@id":"https:\/\/www.padreeustaquio.com.br\/cafezinho-no-santuario-volta-ser-realizado-aos-domingos-por-voluntarios\/"},"author":{"name":"@sscc","@id":"https:\/\/www.padreeustaquio.com.br\/#\/schema\/person\/a2a51db1d00f1a7af0204a0f1ddb1566"},"headline":"Cafezinho no Santu\u00e1rio volta ser realizado aos domingos por volunt\u00e1rios","datePublished":"2022-05-13T08:50:00+00:00","mainEntityOfPage":{"@id":"https:\/\/www.padreeustaquio.com.br\/cafezinho-no-santuario-volta-ser-realizado-aos-domingos-por-voluntarios\/"},"wordCount":250,"commentCount":0,"publisher":{"@id":"https:\/\/www.padreeustaquio.com.br\/#organization"},"image":{"@id":"https:\/\/www.padreeustaquio.com.br\/cafezinho-no-santuario-volta-ser-realizado-aos-domingos-por-voluntarios\/#primaryimage"},"thumbnailUrl":"https:\/\/www.padreeustaquio.com.br\/wp-content\/uploads\/2022\/05\/cafezinho.jpg","articleSection":["Not\u00edcias"],"inLanguage":"es","potentialAction":[{"@type":"CommentAction","name":"Comment","target":["https:\/\/www.padreeustaquio.com.br\/cafezinho-no-santuario-volta-ser-realizado-aos-domingos-por-voluntarios\/#respond"]}]},{"@type":"WebPage","@id":"https:\/\/www.padreeustaquio.com.br\/cafezinho-no-santuario-volta-ser-realizado-aos-domingos-por-voluntarios\/","url":"https:\/\/www.padreeustaquio.com.br\/cafezinho-no-santuario-volta-ser-realizado-aos-domingos-por-voluntarios\/","name":"El descanso para tomar caf\u00e9 en el Santuario regresa los domingos, organizado por voluntarios.","isPartOf":{"@id":"https:\/\/www.padreeustaquio.com.br\/#website"},"primaryImageOfPage":{"@id":"https:\/\/www.padreeustaquio.com.br\/cafezinho-no-santuario-volta-ser-realizado-aos-domingos-por-voluntarios\/#primaryimage"},"image":{"@id":"https:\/\/www.padreeustaquio.com.br\/cafezinho-no-santuario-volta-ser-realizado-aos-domingos-por-voluntarios\/#primaryimage"},"thumbnailUrl":"https:\/\/www.padreeustaquio.com.br\/wp-content\/uploads\/2022\/05\/cafezinho.jpg","datePublished":"2022-05-13T08:50:00+00:00","description":"El Santuario de Salud y Paz, Iglesia del Beato Padre Eustaquio, tiene un nuevo horario para su caf\u00e9 dominical. El tradicional caf\u00e9 que sirven los grupos pastorales recauda fondos para proyectos sociales y el mantenimiento de la iglesia.","breadcrumb":{"@id":"https:\/\/www.padreeustaquio.com.br\/cafezinho-no-santuario-volta-ser-realizado-aos-domingos-por-voluntarios\/#breadcrumb"},"inLanguage":"es","potentialAction":[{"@type":"ReadAction","target":["https:\/\/www.padreeustaquio.com.br\/cafezinho-no-santuario-volta-ser-realizado-aos-domingos-por-voluntarios\/"]}]},{"@type":"ImageObject","inLanguage":"es","@id":"https:\/\/www.padreeustaquio.com.br\/cafezinho-no-santuario-volta-ser-realizado-aos-domingos-por-voluntarios\/#primaryimage","url":"https:\/\/www.padreeustaquio.com.br\/wp-content\/uploads\/2022\/05\/cafezinho.jpg","contentUrl":"https:\/\/www.padreeustaquio.com.br\/wp-content\/uploads\/2022\/05\/cafezinho.jpg","width":748,"height":394},{"@type":"BreadcrumbList","@id":"https:\/\/www.padreeustaquio.com.br\/cafezinho-no-santuario-volta-ser-realizado-aos-domingos-por-voluntarios\/#breadcrumb","itemListElement":[{"@type":"ListItem","position":1,"name":"In\u00edcio","item":"https:\/\/www.padreeustaquio.com.br\/"},{"@type":"ListItem","position":2,"name":"Cafezinho no Santu\u00e1rio volta ser realizado aos domingos por volunt\u00e1rios"}]},{"@type":"WebSite","@id":"https:\/\/www.padreeustaquio.com.br\/#website","url":"https:\/\/www.padreeustaquio.com.br\/","name":"Padre Eustace","description":"Salud y Paz","publisher":{"@id":"https:\/\/www.padreeustaquio.com.br\/#organization"},"potentialAction":[{"@type":"SearchAction","target":{"@type":"EntryPoint","urlTemplate":"https:\/\/www.padreeustaquio.com.br\/?s={search_term_string}"},"query-input":{"@type":"PropertyValueSpecification","valueRequired":true,"valueName":"search_term_string"}}],"inLanguage":"es"},{"@type":"Organization","@id":"https:\/\/www.padreeustaquio.com.br\/#organization","name":"Padre Eustace","url":"https:\/\/www.padreeustaquio.com.br\/","logo":{"@type":"ImageObject","inLanguage":"es","@id":"https:\/\/www.padreeustaquio.com.br\/#\/schema\/logo\/image\/","url":"https:\/\/www.padreeustaquio.com.br\/wp-content\/uploads\/2019\/08\/marca.png","contentUrl":"https:\/\/www.padreeustaquio.com.br\/wp-content\/uploads\/2019\/08\/marca.png","width":350,"height":400,"caption":"Padre Eust\u00e1quio"},"image":{"@id":"https:\/\/www.padreeustaquio.com.br\/#\/schema\/logo\/image\/"},"sameAs":["https:\/\/www.facebook.com\/beatopadreeustaquio\/","https:\/\/x.com\/beatopeustaquio","https:\/\/www.instagram.com\/beatopadreeustaquio\/","https:\/\/www.youtube.com\/channel\/UCRhw7vfabnajwLxb1ZXMeIw"]},{"@type":"Person","@id":"https:\/\/www.padreeustaquio.com.br\/#\/schema\/person\/a2a51db1d00f1a7af0204a0f1ddb1566","name":"@sscc","image":{"@type":"ImageObject","inLanguage":"es","@id":"https:\/\/secure.gravatar.com\/avatar\/68cfafa5f44617fea54071e215026e0ff06be366c3d54a8425f04fdcb86f8c5f?s=96&d=mm&r=g","url":"https:\/\/secure.gravatar.com\/avatar\/68cfafa5f44617fea54071e215026e0ff06be366c3d54a8425f04fdcb86f8c5f?s=96&d=mm&r=g","contentUrl":"https:\/\/secure.gravatar.com\/avatar\/68cfafa5f44617fea54071e215026e0ff06be366c3d54a8425f04fdcb86f8c5f?s=96&d=mm&r=g","caption":"@sscc"},"url":"https:\/\/www.padreeustaquio.com.br\/es\/author\/sscc\/"}]}},"_links":{"self":[{"href":"https:\/\/www.padreeustaquio.com.br\/es\/wp-json\/wp\/v2\/posts\/8626","targetHints":{"allow":["GET"]}}],"collection":[{"href":"https:\/\/www.padreeustaquio.com.br\/es\/wp-json\/wp\/v2\/posts"}],"about":[{"href":"https:\/\/www.padreeustaquio.com.br\/es\/wp-json\/wp\/v2\/types\/post"}],"author":[{"embeddable":true,"href":"https:\/\/www.padreeustaquio.com.br\/es\/wp-json\/wp\/v2\/users\/2"}],"replies":[{"embeddable":true,"href":"https:\/\/www.padreeustaquio.com.br\/es\/wp-json\/wp\/v2\/comments?post=8626"}],"version-history":[{"count":0,"href":"https:\/\/www.padreeustaquio.com.br\/es\/wp-json\/wp\/v2\/posts\/8626\/revisions"}],"wp:featuredmedia":[{"embeddable":true,"href":"https:\/\/www.padreeustaquio.com.br\/es\/wp-json\/wp\/v2\/media\/8627"}],"wp:attachment":[{"href":"https:\/\/www.padreeustaquio.com.br\/es\/wp-json\/wp\/v2\/media?parent=8626"}],"wp:term":[{"taxonomy":"category","embeddable":true,"href":"https:\/\/www.padreeustaquio.com.br\/es\/wp-json\/wp\/v2\/categories?post=8626"},{"taxonomy":"post_tag","embeddable":true,"href":"https:\/\/www.padreeustaquio.com.br\/es\/wp-json\/wp\/v2\/tags?post=8626"}],"curies":[{"name":"wp","href":"https:\/\/api.w.org\/{rel}","templated":true}]}}