{"id":8622,"date":"2022-05-12T07:10:59","date_gmt":"2022-05-12T10:10:59","guid":{"rendered":"https:\/\/www.padreeustaquio.com.br\/?p=8622"},"modified":"2022-05-12T18:10:44","modified_gmt":"2022-05-12T21:10:44","slug":"iglesia-padre-eustaquio-celebra-el-dia-de-nuestra-senora-de-fatima","status":"publish","type":"post","link":"https:\/\/www.padreeustaquio.com.br\/es\/iglesia-padre-eustaquio-celebra-el-dia-de-nuestra-senora-de-fatima\/","title":{"rendered":"Iglesia Padre Eust\u00e1quio celebra el d\u00eda de Nuestra Se\u00f1ora de F\u00e1tima."},"content":{"rendered":"<p>Este viernes 13 de mayo, la Iglesia en todo el mundo celebra el d\u00eda de Nuestra Se\u00f1ora de F\u00e1tima, y Belo Horizonte no ser\u00e1 la excepci\u00f3n. El Santuario de la Salud y la Paz ha preparado una celebraci\u00f3n especial para ma\u00f1ana por la noche. Este d\u00eda conmemora las apariciones de Nuestra Se\u00f1ora en F\u00e1tima, Portugal.<\/p>\n\n\n\n<p>A las 18:00 h se rezar\u00e1 el Santo Rosario. A las 19:00 h comenzar\u00e1 la Santa Misa, transmitida en directo por el Canal Padre Eust\u00e1quio. Durante la celebraci\u00f3n, se clausurar\u00e1 la novena de trece d\u00edas a Nuestra Se\u00f1ora, que se ha celebrado en todas las misas desde el 1 de mayo. Inmediatamente despu\u00e9s de la Celebraci\u00f3n Eucar\u00edstica, habr\u00e1 una procesi\u00f3n con velas por las calles del barrio. Los devotos tambi\u00e9n podr\u00e1n participar en los puestos de comida que se instalar\u00e1n en el Espacio Molokai y el Centro Comunitario, promovidos por ECC (Encuentro de Parejas con Cristo).<\/p>\n\n\n\n<p>El Santuario invita a los feligreses y a todos los visitantes a este momento de oraci\u00f3n. Les pedimos que traigan velas para la procesi\u00f3n.<\/p>\n\n\n\n<p><strong>Nuestra Se\u00f1ora de F\u00e1tima<\/strong><\/p>\n\n\n\n<p>Nuestra Se\u00f1ora de F\u00e1tima, o formalmente Nuestra Se\u00f1ora del Rosario de F\u00e1tima, es una de las advocaciones atribuidas a la Virgen Mar\u00eda, originaria de las apariciones recibidas por tres ni\u00f1os pastores en Cova da Iria, F\u00e1tima, Portugal.<\/p>\n\n\n\n<p>Seg\u00fan los testimonios de los tres ni\u00f1os videntes, la primera aparici\u00f3n ocurri\u00f3 el 13 de mayo de 1917, al mediod\u00eda, repiti\u00e9ndose durante los seis meses siguientes siempre el d\u00eda 13 y a la misma hora (excepto el mes de agosto, en que ocurri\u00f3 el 19), hasta el 13 de octubre de 1917.<\/p>\n\n\n\n<p>En su \u00faltima aparici\u00f3n se identific\u00f3 como &quot;Nuestra Se\u00f1ora del Rosario&quot;, por lo que eclesi\u00e1sticamente sus dos advocaciones se combinaron, dando origen a...&nbsp;<em>Nuestra Se\u00f1ora del Rosario de F\u00e1tima<\/em>. Seg\u00fan los relatos de los videntes, el mensaje presentado por la aparici\u00f3n de F\u00e1tima fue un llamado persistente a la conversi\u00f3n, a la penitencia y a la oraci\u00f3n, particularmente al rezo del Rosario.<\/p>\n\n\n\n<p>Su principal lugar de devoci\u00f3n es el propio Santuario de F\u00e1tima, situado en la parroquia y ciudad del mismo nombre, en el municipio de Our\u00e9m, Portugal.<\/p>\n\n\n\n<p><\/p>","protected":false},"excerpt":{"rendered":"<p>Nesta sexta-feira, dia 13 de maio, a Igreja em todo o mundo comemora o dia de Nossa Senhora de F\u00e1tima e em Belo Horizonte n\u00e3o ser\u00e1 diferente. O Santu\u00e1rio da Sa\u00fade e da Paz, preparou uma celebra\u00e7\u00e3o especial para a noite de amanh\u00e3. O dia relembra as apari\u00e7\u00f5es de Nossa Senhora em F\u00e1tima, Portugal. \u00c0s 18h haver\u00e1 a recita\u00e7\u00e3o do Santo Ter\u00e7o. \u00c0s 19h, ter\u00e1 in\u00edcio a Santa Missa, transmitida ao vivo pelo Canal Padre Eust\u00e1quio. Durante a celebra\u00e7\u00e3o, haver\u00e1 o encerramento da trezena de Nossa Senhora, que foi realizada em todas as missas desde o dia primeiro de maio. [&hellip;]<\/p>\n","protected":false},"author":2,"featured_media":8624,"comment_status":"open","ping_status":"closed","sticky":false,"template":"","format":"standard","meta":{"_acf_changed":false,"footnotes":""},"categories":[611],"tags":[],"class_list":["post-8622","post","type-post","status-publish","format-standard","has-post-thumbnail","hentry","category-noticias"],"acf":[],"yoast_head":"<!-- This site is optimized with the Yoast SEO plugin v27.2 - https:\/\/yoast.com\/product\/yoast-seo-wordpress\/ -->\n<title>Igreja Padre Eust\u00e1quio celebra dia de Nossa Senhora de F\u00e1tima<\/title>\n<meta name=\"description\" content=\"Nesta sexta-feira, dia 13 de maio, a Igreja em todo o mundo comemora o dia de Nossa Senhora de F\u00e1tima e em Belo Horizonte n\u00e3o ser\u00e1 diferente. O Santu\u00e1rio da Sa\u00fade e da Paz, preparou uma celebra\u00e7\u00e3o especial para a noite de amanh\u00e3. O dia relembra as apari\u00e7\u00f5es de Nossa Senhora em F\u00e1tima, Portugal.\" \/>\n<meta name=\"robots\" content=\"index, follow, max-snippet:-1, max-image-preview:large, max-video-preview:-1\" \/>\n<link rel=\"canonical\" href=\"https:\/\/www.padreeustaquio.com.br\/es\/iglesia-padre-eustaquio-celebra-el-dia-de-nuestra-senora-de-fatima\/\" \/>\n<meta property=\"og:locale\" content=\"es_ES\" \/>\n<meta property=\"og:type\" content=\"article\" \/>\n<meta property=\"og:title\" content=\"Igreja Padre Eust\u00e1quio celebra dia de Nossa Senhora de F\u00e1tima\" \/>\n<meta property=\"og:description\" content=\"Nesta sexta-feira, dia 13 de maio, a Igreja em todo o mundo comemora o dia de Nossa Senhora de F\u00e1tima e em Belo Horizonte n\u00e3o ser\u00e1 diferente. O Santu\u00e1rio da Sa\u00fade e da Paz, preparou uma celebra\u00e7\u00e3o especial para a noite de amanh\u00e3. O dia relembra as apari\u00e7\u00f5es de Nossa Senhora em F\u00e1tima, Portugal.\" \/>\n<meta property=\"og:url\" content=\"https:\/\/www.padreeustaquio.com.br\/es\/iglesia-padre-eustaquio-celebra-el-dia-de-nuestra-senora-de-fatima\/\" \/>\n<meta property=\"og:site_name\" content=\"Padre Eust\u00e1quio\" \/>\n<meta property=\"article:publisher\" content=\"https:\/\/www.facebook.com\/beatopadreeustaquio\/\" \/>\n<meta property=\"article:published_time\" content=\"2022-05-12T10:10:59+00:00\" \/>\n<meta property=\"article:modified_time\" content=\"2022-05-12T21:10:44+00:00\" \/>\n<meta property=\"og:image\" content=\"https:\/\/www.padreeustaquio.com.br\/wp-content\/uploads\/2022\/05\/nossinhoradefatima.jpg\" \/>\n\t<meta property=\"og:image:width\" content=\"748\" \/>\n\t<meta property=\"og:image:height\" content=\"394\" \/>\n\t<meta property=\"og:image:type\" content=\"image\/jpeg\" \/>\n<meta name=\"author\" content=\"@sscc\" \/>\n<meta name=\"twitter:card\" content=\"summary_large_image\" \/>\n<meta name=\"twitter:creator\" content=\"@beatopeustaquio\" \/>\n<meta name=\"twitter:site\" content=\"@beatopeustaquio\" \/>\n<meta name=\"twitter:label1\" content=\"Escrito por\" \/>\n\t<meta name=\"twitter:data1\" content=\"@sscc\" \/>\n\t<meta name=\"twitter:label2\" content=\"Tiempo de lectura\" \/>\n\t<meta name=\"twitter:data2\" content=\"2 minutos\" \/>\n<script type=\"application\/ld+json\" class=\"yoast-schema-graph\">{\"@context\":\"https:\/\/schema.org\",\"@graph\":[{\"@type\":\"Article\",\"@id\":\"https:\/\/www.padreeustaquio.com.br\/igreja-padre-eustaquio-celebra-dia-de-nossa-senhora-de-fatima\/#article\",\"isPartOf\":{\"@id\":\"https:\/\/www.padreeustaquio.com.br\/igreja-padre-eustaquio-celebra-dia-de-nossa-senhora-de-fatima\/\"},\"author\":{\"name\":\"@sscc\",\"@id\":\"https:\/\/www.padreeustaquio.com.br\/#\/schema\/person\/a2a51db1d00f1a7af0204a0f1ddb1566\"},\"headline\":\"Igreja Padre Eust\u00e1quio celebra dia de Nossa Senhora de F\u00e1tima\",\"datePublished\":\"2022-05-12T10:10:59+00:00\",\"dateModified\":\"2022-05-12T21:10:44+00:00\",\"mainEntityOfPage\":{\"@id\":\"https:\/\/www.padreeustaquio.com.br\/igreja-padre-eustaquio-celebra-dia-de-nossa-senhora-de-fatima\/\"},\"wordCount\":410,\"commentCount\":0,\"publisher\":{\"@id\":\"https:\/\/www.padreeustaquio.com.br\/#organization\"},\"image\":{\"@id\":\"https:\/\/www.padreeustaquio.com.br\/igreja-padre-eustaquio-celebra-dia-de-nossa-senhora-de-fatima\/#primaryimage\"},\"thumbnailUrl\":\"https:\/\/www.padreeustaquio.com.br\/wp-content\/uploads\/2022\/05\/nossinhoradefatima.jpg\",\"articleSection\":[\"Not\u00edcias\"],\"inLanguage\":\"es\",\"potentialAction\":[{\"@type\":\"CommentAction\",\"name\":\"Comment\",\"target\":[\"https:\/\/www.padreeustaquio.com.br\/igreja-padre-eustaquio-celebra-dia-de-nossa-senhora-de-fatima\/#respond\"]}]},{\"@type\":\"WebPage\",\"@id\":\"https:\/\/www.padreeustaquio.com.br\/igreja-padre-eustaquio-celebra-dia-de-nossa-senhora-de-fatima\/\",\"url\":\"https:\/\/www.padreeustaquio.com.br\/igreja-padre-eustaquio-celebra-dia-de-nossa-senhora-de-fatima\/\",\"name\":\"Igreja Padre Eust\u00e1quio celebra dia de Nossa Senhora de F\u00e1tima\",\"isPartOf\":{\"@id\":\"https:\/\/www.padreeustaquio.com.br\/#website\"},\"primaryImageOfPage\":{\"@id\":\"https:\/\/www.padreeustaquio.com.br\/igreja-padre-eustaquio-celebra-dia-de-nossa-senhora-de-fatima\/#primaryimage\"},\"image\":{\"@id\":\"https:\/\/www.padreeustaquio.com.br\/igreja-padre-eustaquio-celebra-dia-de-nossa-senhora-de-fatima\/#primaryimage\"},\"thumbnailUrl\":\"https:\/\/www.padreeustaquio.com.br\/wp-content\/uploads\/2022\/05\/nossinhoradefatima.jpg\",\"datePublished\":\"2022-05-12T10:10:59+00:00\",\"dateModified\":\"2022-05-12T21:10:44+00:00\",\"description\":\"Nesta sexta-feira, dia 13 de maio, a Igreja em todo o mundo comemora o dia de Nossa Senhora de F\u00e1tima e em Belo Horizonte n\u00e3o ser\u00e1 diferente. O Santu\u00e1rio da Sa\u00fade e da Paz, preparou uma celebra\u00e7\u00e3o especial para a noite de amanh\u00e3. O dia relembra as apari\u00e7\u00f5es de Nossa Senhora em F\u00e1tima, Portugal.\",\"breadcrumb\":{\"@id\":\"https:\/\/www.padreeustaquio.com.br\/igreja-padre-eustaquio-celebra-dia-de-nossa-senhora-de-fatima\/#breadcrumb\"},\"inLanguage\":\"es\",\"potentialAction\":[{\"@type\":\"ReadAction\",\"target\":[\"https:\/\/www.padreeustaquio.com.br\/igreja-padre-eustaquio-celebra-dia-de-nossa-senhora-de-fatima\/\"]}]},{\"@type\":\"ImageObject\",\"inLanguage\":\"es\",\"@id\":\"https:\/\/www.padreeustaquio.com.br\/igreja-padre-eustaquio-celebra-dia-de-nossa-senhora-de-fatima\/#primaryimage\",\"url\":\"https:\/\/www.padreeustaquio.com.br\/wp-content\/uploads\/2022\/05\/nossinhoradefatima.jpg\",\"contentUrl\":\"https:\/\/www.padreeustaquio.com.br\/wp-content\/uploads\/2022\/05\/nossinhoradefatima.jpg\",\"width\":748,\"height\":394},{\"@type\":\"BreadcrumbList\",\"@id\":\"https:\/\/www.padreeustaquio.com.br\/igreja-padre-eustaquio-celebra-dia-de-nossa-senhora-de-fatima\/#breadcrumb\",\"itemListElement\":[{\"@type\":\"ListItem\",\"position\":1,\"name\":\"In\u00edcio\",\"item\":\"https:\/\/www.padreeustaquio.com.br\/\"},{\"@type\":\"ListItem\",\"position\":2,\"name\":\"Igreja Padre Eust\u00e1quio celebra dia de Nossa Senhora de F\u00e1tima\"}]},{\"@type\":\"WebSite\",\"@id\":\"https:\/\/www.padreeustaquio.com.br\/#website\",\"url\":\"https:\/\/www.padreeustaquio.com.br\/\",\"name\":\"Padre Eust\u00e1quio\",\"description\":\"Sa\u00fade e Paz\",\"publisher\":{\"@id\":\"https:\/\/www.padreeustaquio.com.br\/#organization\"},\"potentialAction\":[{\"@type\":\"SearchAction\",\"target\":{\"@type\":\"EntryPoint\",\"urlTemplate\":\"https:\/\/www.padreeustaquio.com.br\/?s={search_term_string}\"},\"query-input\":{\"@type\":\"PropertyValueSpecification\",\"valueRequired\":true,\"valueName\":\"search_term_string\"}}],\"inLanguage\":\"es\"},{\"@type\":\"Organization\",\"@id\":\"https:\/\/www.padreeustaquio.com.br\/#organization\",\"name\":\"Padre Eust\u00e1quio\",\"url\":\"https:\/\/www.padreeustaquio.com.br\/\",\"logo\":{\"@type\":\"ImageObject\",\"inLanguage\":\"es\",\"@id\":\"https:\/\/www.padreeustaquio.com.br\/#\/schema\/logo\/image\/\",\"url\":\"https:\/\/www.padreeustaquio.com.br\/wp-content\/uploads\/2019\/08\/marca.png\",\"contentUrl\":\"https:\/\/www.padreeustaquio.com.br\/wp-content\/uploads\/2019\/08\/marca.png\",\"width\":350,\"height\":400,\"caption\":\"Padre Eust\u00e1quio\"},\"image\":{\"@id\":\"https:\/\/www.padreeustaquio.com.br\/#\/schema\/logo\/image\/\"},\"sameAs\":[\"https:\/\/www.facebook.com\/beatopadreeustaquio\/\",\"https:\/\/x.com\/beatopeustaquio\",\"https:\/\/www.instagram.com\/beatopadreeustaquio\/\",\"https:\/\/www.youtube.com\/channel\/UCRhw7vfabnajwLxb1ZXMeIw\"]},{\"@type\":\"Person\",\"@id\":\"https:\/\/www.padreeustaquio.com.br\/#\/schema\/person\/a2a51db1d00f1a7af0204a0f1ddb1566\",\"name\":\"@sscc\",\"image\":{\"@type\":\"ImageObject\",\"inLanguage\":\"es\",\"@id\":\"https:\/\/secure.gravatar.com\/avatar\/68cfafa5f44617fea54071e215026e0ff06be366c3d54a8425f04fdcb86f8c5f?s=96&d=mm&r=g\",\"url\":\"https:\/\/secure.gravatar.com\/avatar\/68cfafa5f44617fea54071e215026e0ff06be366c3d54a8425f04fdcb86f8c5f?s=96&d=mm&r=g\",\"contentUrl\":\"https:\/\/secure.gravatar.com\/avatar\/68cfafa5f44617fea54071e215026e0ff06be366c3d54a8425f04fdcb86f8c5f?s=96&d=mm&r=g\",\"caption\":\"@sscc\"},\"url\":\"https:\/\/www.padreeustaquio.com.br\/es\/author\/sscc\/\"}]}<\/script>\n<!-- \/ Yoast SEO plugin. -->","yoast_head_json":{"title":"Iglesia Padre Eust\u00e1quio celebra el d\u00eda de Nuestra Se\u00f1ora de F\u00e1tima.","description":"Este viernes 13 de mayo, la Iglesia en todo el mundo celebra el d\u00eda de Nuestra Se\u00f1ora de F\u00e1tima, y Belo Horizonte no ser\u00e1 la excepci\u00f3n. El Santuario de la Salud y la Paz ha preparado una celebraci\u00f3n especial para ma\u00f1ana por la noche. Este d\u00eda conmemora las apariciones de Nuestra Se\u00f1ora en F\u00e1tima, Portugal.","robots":{"index":"index","follow":"follow","max-snippet":"max-snippet:-1","max-image-preview":"max-image-preview:large","max-video-preview":"max-video-preview:-1"},"canonical":"https:\/\/www.padreeustaquio.com.br\/es\/iglesia-padre-eustaquio-celebra-el-dia-de-nuestra-senora-de-fatima\/","og_locale":"es_ES","og_type":"article","og_title":"Igreja Padre Eust\u00e1quio celebra dia de Nossa Senhora de F\u00e1tima","og_description":"Nesta sexta-feira, dia 13 de maio, a Igreja em todo o mundo comemora o dia de Nossa Senhora de F\u00e1tima e em Belo Horizonte n\u00e3o ser\u00e1 diferente. O Santu\u00e1rio da Sa\u00fade e da Paz, preparou uma celebra\u00e7\u00e3o especial para a noite de amanh\u00e3. O dia relembra as apari\u00e7\u00f5es de Nossa Senhora em F\u00e1tima, Portugal.","og_url":"https:\/\/www.padreeustaquio.com.br\/es\/iglesia-padre-eustaquio-celebra-el-dia-de-nuestra-senora-de-fatima\/","og_site_name":"Padre Eust\u00e1quio","article_publisher":"https:\/\/www.facebook.com\/beatopadreeustaquio\/","article_published_time":"2022-05-12T10:10:59+00:00","article_modified_time":"2022-05-12T21:10:44+00:00","og_image":[{"width":748,"height":394,"url":"https:\/\/www.padreeustaquio.com.br\/wp-content\/uploads\/2022\/05\/nossinhoradefatima.jpg","type":"image\/jpeg"}],"author":"@sscc","twitter_card":"summary_large_image","twitter_creator":"@beatopeustaquio","twitter_site":"@beatopeustaquio","twitter_misc":{"Escrito por":"@sscc","Tiempo de lectura":"2 minutos"},"schema":{"@context":"https:\/\/schema.org","@graph":[{"@type":"Article","@id":"https:\/\/www.padreeustaquio.com.br\/igreja-padre-eustaquio-celebra-dia-de-nossa-senhora-de-fatima\/#article","isPartOf":{"@id":"https:\/\/www.padreeustaquio.com.br\/igreja-padre-eustaquio-celebra-dia-de-nossa-senhora-de-fatima\/"},"author":{"name":"@sscc","@id":"https:\/\/www.padreeustaquio.com.br\/#\/schema\/person\/a2a51db1d00f1a7af0204a0f1ddb1566"},"headline":"Igreja Padre Eust\u00e1quio celebra dia de Nossa Senhora de F\u00e1tima","datePublished":"2022-05-12T10:10:59+00:00","dateModified":"2022-05-12T21:10:44+00:00","mainEntityOfPage":{"@id":"https:\/\/www.padreeustaquio.com.br\/igreja-padre-eustaquio-celebra-dia-de-nossa-senhora-de-fatima\/"},"wordCount":410,"commentCount":0,"publisher":{"@id":"https:\/\/www.padreeustaquio.com.br\/#organization"},"image":{"@id":"https:\/\/www.padreeustaquio.com.br\/igreja-padre-eustaquio-celebra-dia-de-nossa-senhora-de-fatima\/#primaryimage"},"thumbnailUrl":"https:\/\/www.padreeustaquio.com.br\/wp-content\/uploads\/2022\/05\/nossinhoradefatima.jpg","articleSection":["Not\u00edcias"],"inLanguage":"es","potentialAction":[{"@type":"CommentAction","name":"Comment","target":["https:\/\/www.padreeustaquio.com.br\/igreja-padre-eustaquio-celebra-dia-de-nossa-senhora-de-fatima\/#respond"]}]},{"@type":"WebPage","@id":"https:\/\/www.padreeustaquio.com.br\/igreja-padre-eustaquio-celebra-dia-de-nossa-senhora-de-fatima\/","url":"https:\/\/www.padreeustaquio.com.br\/igreja-padre-eustaquio-celebra-dia-de-nossa-senhora-de-fatima\/","name":"Iglesia Padre Eust\u00e1quio celebra el d\u00eda de Nuestra Se\u00f1ora de F\u00e1tima.","isPartOf":{"@id":"https:\/\/www.padreeustaquio.com.br\/#website"},"primaryImageOfPage":{"@id":"https:\/\/www.padreeustaquio.com.br\/igreja-padre-eustaquio-celebra-dia-de-nossa-senhora-de-fatima\/#primaryimage"},"image":{"@id":"https:\/\/www.padreeustaquio.com.br\/igreja-padre-eustaquio-celebra-dia-de-nossa-senhora-de-fatima\/#primaryimage"},"thumbnailUrl":"https:\/\/www.padreeustaquio.com.br\/wp-content\/uploads\/2022\/05\/nossinhoradefatima.jpg","datePublished":"2022-05-12T10:10:59+00:00","dateModified":"2022-05-12T21:10:44+00:00","description":"Este viernes 13 de mayo, la Iglesia en todo el mundo celebra el d\u00eda de Nuestra Se\u00f1ora de F\u00e1tima, y Belo Horizonte no ser\u00e1 la excepci\u00f3n. El Santuario de la Salud y la Paz ha preparado una celebraci\u00f3n especial para ma\u00f1ana por la noche. Este d\u00eda conmemora las apariciones de Nuestra Se\u00f1ora en F\u00e1tima, Portugal.","breadcrumb":{"@id":"https:\/\/www.padreeustaquio.com.br\/igreja-padre-eustaquio-celebra-dia-de-nossa-senhora-de-fatima\/#breadcrumb"},"inLanguage":"es","potentialAction":[{"@type":"ReadAction","target":["https:\/\/www.padreeustaquio.com.br\/igreja-padre-eustaquio-celebra-dia-de-nossa-senhora-de-fatima\/"]}]},{"@type":"ImageObject","inLanguage":"es","@id":"https:\/\/www.padreeustaquio.com.br\/igreja-padre-eustaquio-celebra-dia-de-nossa-senhora-de-fatima\/#primaryimage","url":"https:\/\/www.padreeustaquio.com.br\/wp-content\/uploads\/2022\/05\/nossinhoradefatima.jpg","contentUrl":"https:\/\/www.padreeustaquio.com.br\/wp-content\/uploads\/2022\/05\/nossinhoradefatima.jpg","width":748,"height":394},{"@type":"BreadcrumbList","@id":"https:\/\/www.padreeustaquio.com.br\/igreja-padre-eustaquio-celebra-dia-de-nossa-senhora-de-fatima\/#breadcrumb","itemListElement":[{"@type":"ListItem","position":1,"name":"In\u00edcio","item":"https:\/\/www.padreeustaquio.com.br\/"},{"@type":"ListItem","position":2,"name":"Igreja Padre Eust\u00e1quio celebra dia de Nossa Senhora de F\u00e1tima"}]},{"@type":"WebSite","@id":"https:\/\/www.padreeustaquio.com.br\/#website","url":"https:\/\/www.padreeustaquio.com.br\/","name":"Padre Eustace","description":"Salud y Paz","publisher":{"@id":"https:\/\/www.padreeustaquio.com.br\/#organization"},"potentialAction":[{"@type":"SearchAction","target":{"@type":"EntryPoint","urlTemplate":"https:\/\/www.padreeustaquio.com.br\/?s={search_term_string}"},"query-input":{"@type":"PropertyValueSpecification","valueRequired":true,"valueName":"search_term_string"}}],"inLanguage":"es"},{"@type":"Organization","@id":"https:\/\/www.padreeustaquio.com.br\/#organization","name":"Padre Eustace","url":"https:\/\/www.padreeustaquio.com.br\/","logo":{"@type":"ImageObject","inLanguage":"es","@id":"https:\/\/www.padreeustaquio.com.br\/#\/schema\/logo\/image\/","url":"https:\/\/www.padreeustaquio.com.br\/wp-content\/uploads\/2019\/08\/marca.png","contentUrl":"https:\/\/www.padreeustaquio.com.br\/wp-content\/uploads\/2019\/08\/marca.png","width":350,"height":400,"caption":"Padre Eust\u00e1quio"},"image":{"@id":"https:\/\/www.padreeustaquio.com.br\/#\/schema\/logo\/image\/"},"sameAs":["https:\/\/www.facebook.com\/beatopadreeustaquio\/","https:\/\/x.com\/beatopeustaquio","https:\/\/www.instagram.com\/beatopadreeustaquio\/","https:\/\/www.youtube.com\/channel\/UCRhw7vfabnajwLxb1ZXMeIw"]},{"@type":"Person","@id":"https:\/\/www.padreeustaquio.com.br\/#\/schema\/person\/a2a51db1d00f1a7af0204a0f1ddb1566","name":"@sscc","image":{"@type":"ImageObject","inLanguage":"es","@id":"https:\/\/secure.gravatar.com\/avatar\/68cfafa5f44617fea54071e215026e0ff06be366c3d54a8425f04fdcb86f8c5f?s=96&d=mm&r=g","url":"https:\/\/secure.gravatar.com\/avatar\/68cfafa5f44617fea54071e215026e0ff06be366c3d54a8425f04fdcb86f8c5f?s=96&d=mm&r=g","contentUrl":"https:\/\/secure.gravatar.com\/avatar\/68cfafa5f44617fea54071e215026e0ff06be366c3d54a8425f04fdcb86f8c5f?s=96&d=mm&r=g","caption":"@sscc"},"url":"https:\/\/www.padreeustaquio.com.br\/es\/author\/sscc\/"}]}},"_links":{"self":[{"href":"https:\/\/www.padreeustaquio.com.br\/es\/wp-json\/wp\/v2\/posts\/8622","targetHints":{"allow":["GET"]}}],"collection":[{"href":"https:\/\/www.padreeustaquio.com.br\/es\/wp-json\/wp\/v2\/posts"}],"about":[{"href":"https:\/\/www.padreeustaquio.com.br\/es\/wp-json\/wp\/v2\/types\/post"}],"author":[{"embeddable":true,"href":"https:\/\/www.padreeustaquio.com.br\/es\/wp-json\/wp\/v2\/users\/2"}],"replies":[{"embeddable":true,"href":"https:\/\/www.padreeustaquio.com.br\/es\/wp-json\/wp\/v2\/comments?post=8622"}],"version-history":[{"count":0,"href":"https:\/\/www.padreeustaquio.com.br\/es\/wp-json\/wp\/v2\/posts\/8622\/revisions"}],"wp:featuredmedia":[{"embeddable":true,"href":"https:\/\/www.padreeustaquio.com.br\/es\/wp-json\/wp\/v2\/media\/8624"}],"wp:attachment":[{"href":"https:\/\/www.padreeustaquio.com.br\/es\/wp-json\/wp\/v2\/media?parent=8622"}],"wp:term":[{"taxonomy":"category","embeddable":true,"href":"https:\/\/www.padreeustaquio.com.br\/es\/wp-json\/wp\/v2\/categories?post=8622"},{"taxonomy":"post_tag","embeddable":true,"href":"https:\/\/www.padreeustaquio.com.br\/es\/wp-json\/wp\/v2\/tags?post=8622"}],"curies":[{"name":"wp","href":"https:\/\/api.w.org\/{rel}","templated":true}]}}