{"id":8613,"date":"2022-05-11T05:35:00","date_gmt":"2022-05-11T08:35:00","guid":{"rendered":"https:\/\/www.padreeustaquio.com.br\/?p=8613"},"modified":"2022-05-13T09:20:34","modified_gmt":"2022-05-13T12:20:34","slug":"se-ordenan-hermanos-de-los-sagrados-corazones-en-paraguay","status":"publish","type":"post","link":"https:\/\/www.padreeustaquio.com.br\/es\/se-ordenan-hermanos-de-los-sagrados-corazones-en-paraguay\/","title":{"rendered":"Se ordenan Hermanos de los Sagrados Corazones en Paraguay."},"content":{"rendered":"<p>La tarde del martes 10 de mayo se celebr\u00f3 en Paraguay tres ordenaciones. En el complejo deportivo de la ciudad, el di\u00e1cono Gustavo van Humbeeck, ss.cc., fue ordenado sacerdote, y en la misma ceremonia, los hermanos Greg\u00f3rio Samuel Silvero, ss.cc., y Vitor Henrique Borges, ss.cc., recibieron la ordenaci\u00f3n diaconal. <a href=\"https:\/\/www.youtube.com\/watch?v=G1nVjfbyvfs\" target=\"_blank\" rel=\"noreferrer noopener\">HAGA CLIC AQU\u00cd<\/a> Y vuelve a ver la ceremonia, que fue transmitida por el Canal Padre Eust\u00e1quio en YouTube.<\/p>\n\n\n\n<p>La Santa Misa fue presidida por el Arzobispo de Asunci\u00f3n \u2013 Paraguay, Dom Adalberto Mart\u00ednez Flores, y concelebrada por numerosos sacerdotes, entre ellos el Provincial de la regi\u00f3n Brasil \u2013 Paraguay, P. Osv\u00e2nio Humberto Mariano, ss.cc. El acto se celebr\u00f3 en el Polideportivo Fernando de la Mora y cont\u00f3 con la presencia de familiares y amigos de los hermanos ordenados.<\/p>\n\n\n\n<p>Entre sus comentarios, Monse\u00f1or Adalberto habl\u00f3 de reconocer la notable inspiraci\u00f3n que Dami\u00e1n contin\u00faa dando a toda la Iglesia para dedicarse enteramente al servicio de los m\u00e1s pobres.<\/p>\n\n\n\n<p><strong>Padre Gustavo van Humbeeck, ss.cc.<\/strong><\/p>\n\n\n\n<p>Gustavo Rafael Arnaldo Van Humbeeck Benegas naci\u00f3 el 14 de marzo de 1989 en Asunci\u00f3n, capital de Paraguay, y se uni\u00f3 a la Congregaci\u00f3n en 2012. Ese mismo a\u00f1o, comenz\u00f3 sus estudios filos\u00f3ficos en el Instituto Jesuita de Estudios Human\u00edsticos y Filos\u00f3ficos de Asunci\u00f3n, ingresando al noviciado tres a\u00f1os despu\u00e9s en Chile. Profes\u00f3 sus votos temporales el 15 de enero de 2016 en la Parroquia Santa Catarina de Sena, donde profundiz\u00f3 en su vida cristiana, e hizo su profesi\u00f3n perpetua en la Parroquia Nossa Senhora de F\u00e1tima en la ciudad de Presidente Franco en 2020. En 2020, el Padre Gustavo realiz\u00f3 una experiencia formativa en el Santuario de la Salud y la Paz, la Iglesia del Beato Padre Eust\u00e1quio en Belo Horizonte, Minas Gerais, Brasil.<\/p>\n\n\n\n<p><strong>Di\u00e1cono Samuel Silvero, ss.cc.<\/strong><\/p>\n\n\n\n<p>Gregorio Samuel Silvero, hijo de Juan Andr\u00e9s Silvero D\u00e1valos y Ramona Beatriz G\u00f3mez, pertenece a la comunidad parroquial de Nuestra Se\u00f1ora de F\u00e1tima en la ciudad de Presidente Franco, Paraguay, donde se desarroll\u00f3 su vocaci\u00f3n cristiana. Ingres\u00f3 en la Congregaci\u00f3n de los Sagrados Corazones en 2014, completando sus estudios filos\u00f3ficos en Asunci\u00f3n (capital de Paraguay). Ingres\u00f3 al noviciado en Per\u00fa en 2017 e hizo su profesi\u00f3n religiosa al a\u00f1o siguiente. Su formaci\u00f3n pastoral y teol\u00f3gica se desarroll\u00f3 en Belo Horizonte, Brasil, e hizo sus votos perpetuos en 2021. Ese mismo a\u00f1o, fue asignado a la comunidad parroquial de Santa Catalina de Siena.<\/p>\n\n\n\n<p><strong>Di\u00e1cono V\u00edtor Borges, ss.cc.<\/strong><\/p>\n\n\n\n<p>Vitor Henrique Borges naci\u00f3 en Patroc\u00ednio, Minas Gerais (Brasil), el 23 de noviembre de 1992. Hijo de Jo\u00e3o Silvestres Borges y Aura Alves Ara\u00fajo Borges. Ingres\u00f3 en la Congregaci\u00f3n de los Sagrados Corazones en 2014. Complet\u00f3 su noviciado en Per\u00fa en 2017 y profes\u00f3 sus votos temporales en 2018. Desde febrero de 2021, tras finalizar sus estudios acad\u00e9micos en Belo Horizonte, reside en la comunidad de los Sagrados Corazones de Patroc\u00ednio-MG, donde profes\u00f3 sus votos perpetuos en diciembre de 2021. A lo largo de este a\u00f1o ha estado desarrollando su experiencia pastoral en la Parroquia Salvador del Mundo, en la ciudad de Asunci\u00f3n (Paraguay), donde actualmente reside con los hermanos de la comunidad del postulantado.<\/p>\n\n\n\n<p><\/p>","protected":false},"excerpt":{"rendered":"<p>A noite dessa ter\u00e7a-feira, dia 10 de maio, foi marcada por tr\u00eas ordena\u00e7\u00f5es realizadas no Paraguai. No poliesportivo da cidade, o Di\u00e1cono Gustavo van Humbeeck, ss.cc. foi ordenado presb\u00edtero e, na mesma cerim\u00f4nia, os irm\u00e3os Greg\u00f3rio Samuel Silvero, ss.cc. e Vitor Henrique Borges, ss.cc. receberam a ordena\u00e7\u00e3o diaconal. CLIQUE AQUI e reveja a cerim\u00f4nia, que foi transmitida pelo Canal Padre Eust\u00e1quio, no YouTube. A Santa Missa foi presidida pelo Arcebispo de Assun\u00e7\u00e3o &#8211; Paraguai, Dom Adalberto Martinez Flores, e concelebrada por muitos padres, dentre eles o Provincial do Brasil &#8211; regi\u00e3o do Paraguai, Pe. Osv\u00e2nio Humberto Mariano, ss.cc. A cerim\u00f4nia [&hellip;]<\/p>\n","protected":false},"author":2,"featured_media":8632,"comment_status":"open","ping_status":"closed","sticky":false,"template":"","format":"standard","meta":{"_acf_changed":false,"footnotes":""},"categories":[611],"tags":[],"class_list":["post-8613","post","type-post","status-publish","format-standard","has-post-thumbnail","hentry","category-noticias"],"acf":[],"yoast_head":"<!-- This site is optimized with the Yoast SEO plugin v27.2 - https:\/\/yoast.com\/product\/yoast-seo-wordpress\/ -->\n<title>Irm\u00e3os dos Sagrados Cora\u00e7\u00f5es s\u00e3o ordenados no Paraguai<\/title>\n<meta name=\"description\" content=\"A noite dessa ter\u00e7a-feira, dia 10 de maio, foi marcada por tr\u00eas ordena\u00e7\u00f5es realizadas no Paraguai. No poliesportivo da cidade, o Di\u00e1cono Gustavo van Humbeeck, ss.cc. foi ordenado presb\u00edtero da igreja. Na mesma cerim\u00f4nia, os irm\u00e3os Greg\u00f3rio Samuel Silvero, ss.cc. e Vitor Henrique Borges, ss.cc. receberam a ordena\u00e7\u00e3o diaconal.\" \/>\n<meta name=\"robots\" content=\"index, follow, max-snippet:-1, max-image-preview:large, max-video-preview:-1\" \/>\n<link rel=\"canonical\" href=\"https:\/\/www.padreeustaquio.com.br\/es\/se-ordenan-hermanos-de-los-sagrados-corazones-en-paraguay\/\" \/>\n<meta property=\"og:locale\" content=\"es_ES\" \/>\n<meta property=\"og:type\" content=\"article\" \/>\n<meta property=\"og:title\" content=\"Irm\u00e3os dos Sagrados Cora\u00e7\u00f5es s\u00e3o ordenados no Paraguai\" \/>\n<meta property=\"og:description\" content=\"A noite dessa ter\u00e7a-feira, dia 10 de maio, foi marcada por tr\u00eas ordena\u00e7\u00f5es realizadas no Paraguai. No poliesportivo da cidade, o Di\u00e1cono Gustavo van Humbeeck, ss.cc. foi ordenado presb\u00edtero da igreja. Na mesma cerim\u00f4nia, os irm\u00e3os Greg\u00f3rio Samuel Silvero, ss.cc. e Vitor Henrique Borges, ss.cc. receberam a ordena\u00e7\u00e3o diaconal.\" \/>\n<meta property=\"og:url\" content=\"https:\/\/www.padreeustaquio.com.br\/es\/se-ordenan-hermanos-de-los-sagrados-corazones-en-paraguay\/\" \/>\n<meta property=\"og:site_name\" content=\"Padre Eust\u00e1quio\" \/>\n<meta property=\"article:publisher\" content=\"https:\/\/www.facebook.com\/beatopadreeustaquio\/\" \/>\n<meta property=\"article:published_time\" content=\"2022-05-11T08:35:00+00:00\" \/>\n<meta property=\"article:modified_time\" content=\"2022-05-13T12:20:34+00:00\" \/>\n<meta property=\"og:image\" content=\"https:\/\/www.padreeustaquio.com.br\/wp-content\/uploads\/2022\/05\/vitor-samuel-e-gustavo.jpg\" \/>\n\t<meta property=\"og:image:width\" content=\"748\" \/>\n\t<meta property=\"og:image:height\" content=\"394\" \/>\n\t<meta property=\"og:image:type\" content=\"image\/jpeg\" \/>\n<meta name=\"author\" content=\"@sscc\" \/>\n<meta name=\"twitter:card\" content=\"summary_large_image\" \/>\n<meta name=\"twitter:creator\" content=\"@beatopeustaquio\" \/>\n<meta name=\"twitter:site\" content=\"@beatopeustaquio\" \/>\n<meta name=\"twitter:label1\" content=\"Escrito por\" \/>\n\t<meta name=\"twitter:data1\" content=\"@sscc\" \/>\n\t<meta name=\"twitter:label2\" content=\"Tiempo de lectura\" \/>\n\t<meta name=\"twitter:data2\" content=\"3 minutos\" \/>\n<script type=\"application\/ld+json\" class=\"yoast-schema-graph\">{\"@context\":\"https:\/\/schema.org\",\"@graph\":[{\"@type\":\"Article\",\"@id\":\"https:\/\/www.padreeustaquio.com.br\/irmaos-dos-sagrados-coracoes-sao-ordenados-no-paraguai\/#article\",\"isPartOf\":{\"@id\":\"https:\/\/www.padreeustaquio.com.br\/irmaos-dos-sagrados-coracoes-sao-ordenados-no-paraguai\/\"},\"author\":{\"name\":\"@sscc\",\"@id\":\"https:\/\/www.padreeustaquio.com.br\/#\/schema\/person\/a2a51db1d00f1a7af0204a0f1ddb1566\"},\"headline\":\"Irm\u00e3os dos Sagrados Cora\u00e7\u00f5es s\u00e3o ordenados no Paraguai\",\"datePublished\":\"2022-05-11T08:35:00+00:00\",\"dateModified\":\"2022-05-13T12:20:34+00:00\",\"mainEntityOfPage\":{\"@id\":\"https:\/\/www.padreeustaquio.com.br\/irmaos-dos-sagrados-coracoes-sao-ordenados-no-paraguai\/\"},\"wordCount\":567,\"commentCount\":0,\"publisher\":{\"@id\":\"https:\/\/www.padreeustaquio.com.br\/#organization\"},\"image\":{\"@id\":\"https:\/\/www.padreeustaquio.com.br\/irmaos-dos-sagrados-coracoes-sao-ordenados-no-paraguai\/#primaryimage\"},\"thumbnailUrl\":\"https:\/\/www.padreeustaquio.com.br\/wp-content\/uploads\/2022\/05\/vitor-samuel-e-gustavo.jpg\",\"articleSection\":[\"Not\u00edcias\"],\"inLanguage\":\"es\",\"potentialAction\":[{\"@type\":\"CommentAction\",\"name\":\"Comment\",\"target\":[\"https:\/\/www.padreeustaquio.com.br\/irmaos-dos-sagrados-coracoes-sao-ordenados-no-paraguai\/#respond\"]}]},{\"@type\":\"WebPage\",\"@id\":\"https:\/\/www.padreeustaquio.com.br\/irmaos-dos-sagrados-coracoes-sao-ordenados-no-paraguai\/\",\"url\":\"https:\/\/www.padreeustaquio.com.br\/irmaos-dos-sagrados-coracoes-sao-ordenados-no-paraguai\/\",\"name\":\"Irm\u00e3os dos Sagrados Cora\u00e7\u00f5es s\u00e3o ordenados no Paraguai\",\"isPartOf\":{\"@id\":\"https:\/\/www.padreeustaquio.com.br\/#website\"},\"primaryImageOfPage\":{\"@id\":\"https:\/\/www.padreeustaquio.com.br\/irmaos-dos-sagrados-coracoes-sao-ordenados-no-paraguai\/#primaryimage\"},\"image\":{\"@id\":\"https:\/\/www.padreeustaquio.com.br\/irmaos-dos-sagrados-coracoes-sao-ordenados-no-paraguai\/#primaryimage\"},\"thumbnailUrl\":\"https:\/\/www.padreeustaquio.com.br\/wp-content\/uploads\/2022\/05\/vitor-samuel-e-gustavo.jpg\",\"datePublished\":\"2022-05-11T08:35:00+00:00\",\"dateModified\":\"2022-05-13T12:20:34+00:00\",\"description\":\"A noite dessa ter\u00e7a-feira, dia 10 de maio, foi marcada por tr\u00eas ordena\u00e7\u00f5es realizadas no Paraguai. No poliesportivo da cidade, o Di\u00e1cono Gustavo van Humbeeck, ss.cc. foi ordenado presb\u00edtero da igreja. Na mesma cerim\u00f4nia, os irm\u00e3os Greg\u00f3rio Samuel Silvero, ss.cc. e Vitor Henrique Borges, ss.cc. receberam a ordena\u00e7\u00e3o diaconal.\",\"breadcrumb\":{\"@id\":\"https:\/\/www.padreeustaquio.com.br\/irmaos-dos-sagrados-coracoes-sao-ordenados-no-paraguai\/#breadcrumb\"},\"inLanguage\":\"es\",\"potentialAction\":[{\"@type\":\"ReadAction\",\"target\":[\"https:\/\/www.padreeustaquio.com.br\/irmaos-dos-sagrados-coracoes-sao-ordenados-no-paraguai\/\"]}]},{\"@type\":\"ImageObject\",\"inLanguage\":\"es\",\"@id\":\"https:\/\/www.padreeustaquio.com.br\/irmaos-dos-sagrados-coracoes-sao-ordenados-no-paraguai\/#primaryimage\",\"url\":\"https:\/\/www.padreeustaquio.com.br\/wp-content\/uploads\/2022\/05\/vitor-samuel-e-gustavo.jpg\",\"contentUrl\":\"https:\/\/www.padreeustaquio.com.br\/wp-content\/uploads\/2022\/05\/vitor-samuel-e-gustavo.jpg\",\"width\":748,\"height\":394},{\"@type\":\"BreadcrumbList\",\"@id\":\"https:\/\/www.padreeustaquio.com.br\/irmaos-dos-sagrados-coracoes-sao-ordenados-no-paraguai\/#breadcrumb\",\"itemListElement\":[{\"@type\":\"ListItem\",\"position\":1,\"name\":\"In\u00edcio\",\"item\":\"https:\/\/www.padreeustaquio.com.br\/\"},{\"@type\":\"ListItem\",\"position\":2,\"name\":\"Irm\u00e3os dos Sagrados Cora\u00e7\u00f5es s\u00e3o ordenados no Paraguai\"}]},{\"@type\":\"WebSite\",\"@id\":\"https:\/\/www.padreeustaquio.com.br\/#website\",\"url\":\"https:\/\/www.padreeustaquio.com.br\/\",\"name\":\"Padre Eust\u00e1quio\",\"description\":\"Sa\u00fade e Paz\",\"publisher\":{\"@id\":\"https:\/\/www.padreeustaquio.com.br\/#organization\"},\"potentialAction\":[{\"@type\":\"SearchAction\",\"target\":{\"@type\":\"EntryPoint\",\"urlTemplate\":\"https:\/\/www.padreeustaquio.com.br\/?s={search_term_string}\"},\"query-input\":{\"@type\":\"PropertyValueSpecification\",\"valueRequired\":true,\"valueName\":\"search_term_string\"}}],\"inLanguage\":\"es\"},{\"@type\":\"Organization\",\"@id\":\"https:\/\/www.padreeustaquio.com.br\/#organization\",\"name\":\"Padre Eust\u00e1quio\",\"url\":\"https:\/\/www.padreeustaquio.com.br\/\",\"logo\":{\"@type\":\"ImageObject\",\"inLanguage\":\"es\",\"@id\":\"https:\/\/www.padreeustaquio.com.br\/#\/schema\/logo\/image\/\",\"url\":\"https:\/\/www.padreeustaquio.com.br\/wp-content\/uploads\/2019\/08\/marca.png\",\"contentUrl\":\"https:\/\/www.padreeustaquio.com.br\/wp-content\/uploads\/2019\/08\/marca.png\",\"width\":350,\"height\":400,\"caption\":\"Padre Eust\u00e1quio\"},\"image\":{\"@id\":\"https:\/\/www.padreeustaquio.com.br\/#\/schema\/logo\/image\/\"},\"sameAs\":[\"https:\/\/www.facebook.com\/beatopadreeustaquio\/\",\"https:\/\/x.com\/beatopeustaquio\",\"https:\/\/www.instagram.com\/beatopadreeustaquio\/\",\"https:\/\/www.youtube.com\/channel\/UCRhw7vfabnajwLxb1ZXMeIw\"]},{\"@type\":\"Person\",\"@id\":\"https:\/\/www.padreeustaquio.com.br\/#\/schema\/person\/a2a51db1d00f1a7af0204a0f1ddb1566\",\"name\":\"@sscc\",\"image\":{\"@type\":\"ImageObject\",\"inLanguage\":\"es\",\"@id\":\"https:\/\/secure.gravatar.com\/avatar\/68cfafa5f44617fea54071e215026e0ff06be366c3d54a8425f04fdcb86f8c5f?s=96&d=mm&r=g\",\"url\":\"https:\/\/secure.gravatar.com\/avatar\/68cfafa5f44617fea54071e215026e0ff06be366c3d54a8425f04fdcb86f8c5f?s=96&d=mm&r=g\",\"contentUrl\":\"https:\/\/secure.gravatar.com\/avatar\/68cfafa5f44617fea54071e215026e0ff06be366c3d54a8425f04fdcb86f8c5f?s=96&d=mm&r=g\",\"caption\":\"@sscc\"},\"url\":\"https:\/\/www.padreeustaquio.com.br\/es\/author\/sscc\/\"}]}<\/script>\n<!-- \/ Yoast SEO plugin. -->","yoast_head_json":{"title":"Se ordenan Hermanos de los Sagrados Corazones en Paraguay.","description":"La tarde del martes 10 de mayo se celebr\u00f3 en Paraguay tres ordenaciones. En el complejo deportivo de la ciudad, el di\u00e1cono Gustavo van Humbeeck, ss.cc., fue ordenado sacerdote de la iglesia. En la misma ceremonia, los hermanos Greg\u00f3rio Samuel Silvero, ss.cc., y Vitor Henrique Borges, ss.cc., recibieron la ordenaci\u00f3n diaconal.","robots":{"index":"index","follow":"follow","max-snippet":"max-snippet:-1","max-image-preview":"max-image-preview:large","max-video-preview":"max-video-preview:-1"},"canonical":"https:\/\/www.padreeustaquio.com.br\/es\/se-ordenan-hermanos-de-los-sagrados-corazones-en-paraguay\/","og_locale":"es_ES","og_type":"article","og_title":"Irm\u00e3os dos Sagrados Cora\u00e7\u00f5es s\u00e3o ordenados no Paraguai","og_description":"A noite dessa ter\u00e7a-feira, dia 10 de maio, foi marcada por tr\u00eas ordena\u00e7\u00f5es realizadas no Paraguai. No poliesportivo da cidade, o Di\u00e1cono Gustavo van Humbeeck, ss.cc. foi ordenado presb\u00edtero da igreja. Na mesma cerim\u00f4nia, os irm\u00e3os Greg\u00f3rio Samuel Silvero, ss.cc. e Vitor Henrique Borges, ss.cc. receberam a ordena\u00e7\u00e3o diaconal.","og_url":"https:\/\/www.padreeustaquio.com.br\/es\/se-ordenan-hermanos-de-los-sagrados-corazones-en-paraguay\/","og_site_name":"Padre Eust\u00e1quio","article_publisher":"https:\/\/www.facebook.com\/beatopadreeustaquio\/","article_published_time":"2022-05-11T08:35:00+00:00","article_modified_time":"2022-05-13T12:20:34+00:00","og_image":[{"width":748,"height":394,"url":"https:\/\/www.padreeustaquio.com.br\/wp-content\/uploads\/2022\/05\/vitor-samuel-e-gustavo.jpg","type":"image\/jpeg"}],"author":"@sscc","twitter_card":"summary_large_image","twitter_creator":"@beatopeustaquio","twitter_site":"@beatopeustaquio","twitter_misc":{"Escrito por":"@sscc","Tiempo de lectura":"3 minutos"},"schema":{"@context":"https:\/\/schema.org","@graph":[{"@type":"Article","@id":"https:\/\/www.padreeustaquio.com.br\/irmaos-dos-sagrados-coracoes-sao-ordenados-no-paraguai\/#article","isPartOf":{"@id":"https:\/\/www.padreeustaquio.com.br\/irmaos-dos-sagrados-coracoes-sao-ordenados-no-paraguai\/"},"author":{"name":"@sscc","@id":"https:\/\/www.padreeustaquio.com.br\/#\/schema\/person\/a2a51db1d00f1a7af0204a0f1ddb1566"},"headline":"Irm\u00e3os dos Sagrados Cora\u00e7\u00f5es s\u00e3o ordenados no Paraguai","datePublished":"2022-05-11T08:35:00+00:00","dateModified":"2022-05-13T12:20:34+00:00","mainEntityOfPage":{"@id":"https:\/\/www.padreeustaquio.com.br\/irmaos-dos-sagrados-coracoes-sao-ordenados-no-paraguai\/"},"wordCount":567,"commentCount":0,"publisher":{"@id":"https:\/\/www.padreeustaquio.com.br\/#organization"},"image":{"@id":"https:\/\/www.padreeustaquio.com.br\/irmaos-dos-sagrados-coracoes-sao-ordenados-no-paraguai\/#primaryimage"},"thumbnailUrl":"https:\/\/www.padreeustaquio.com.br\/wp-content\/uploads\/2022\/05\/vitor-samuel-e-gustavo.jpg","articleSection":["Not\u00edcias"],"inLanguage":"es","potentialAction":[{"@type":"CommentAction","name":"Comment","target":["https:\/\/www.padreeustaquio.com.br\/irmaos-dos-sagrados-coracoes-sao-ordenados-no-paraguai\/#respond"]}]},{"@type":"WebPage","@id":"https:\/\/www.padreeustaquio.com.br\/irmaos-dos-sagrados-coracoes-sao-ordenados-no-paraguai\/","url":"https:\/\/www.padreeustaquio.com.br\/irmaos-dos-sagrados-coracoes-sao-ordenados-no-paraguai\/","name":"Se ordenan Hermanos de los Sagrados Corazones en Paraguay.","isPartOf":{"@id":"https:\/\/www.padreeustaquio.com.br\/#website"},"primaryImageOfPage":{"@id":"https:\/\/www.padreeustaquio.com.br\/irmaos-dos-sagrados-coracoes-sao-ordenados-no-paraguai\/#primaryimage"},"image":{"@id":"https:\/\/www.padreeustaquio.com.br\/irmaos-dos-sagrados-coracoes-sao-ordenados-no-paraguai\/#primaryimage"},"thumbnailUrl":"https:\/\/www.padreeustaquio.com.br\/wp-content\/uploads\/2022\/05\/vitor-samuel-e-gustavo.jpg","datePublished":"2022-05-11T08:35:00+00:00","dateModified":"2022-05-13T12:20:34+00:00","description":"La tarde del martes 10 de mayo se celebr\u00f3 en Paraguay tres ordenaciones. En el complejo deportivo de la ciudad, el di\u00e1cono Gustavo van Humbeeck, ss.cc., fue ordenado sacerdote de la iglesia. En la misma ceremonia, los hermanos Greg\u00f3rio Samuel Silvero, ss.cc., y Vitor Henrique Borges, ss.cc., recibieron la ordenaci\u00f3n diaconal.","breadcrumb":{"@id":"https:\/\/www.padreeustaquio.com.br\/irmaos-dos-sagrados-coracoes-sao-ordenados-no-paraguai\/#breadcrumb"},"inLanguage":"es","potentialAction":[{"@type":"ReadAction","target":["https:\/\/www.padreeustaquio.com.br\/irmaos-dos-sagrados-coracoes-sao-ordenados-no-paraguai\/"]}]},{"@type":"ImageObject","inLanguage":"es","@id":"https:\/\/www.padreeustaquio.com.br\/irmaos-dos-sagrados-coracoes-sao-ordenados-no-paraguai\/#primaryimage","url":"https:\/\/www.padreeustaquio.com.br\/wp-content\/uploads\/2022\/05\/vitor-samuel-e-gustavo.jpg","contentUrl":"https:\/\/www.padreeustaquio.com.br\/wp-content\/uploads\/2022\/05\/vitor-samuel-e-gustavo.jpg","width":748,"height":394},{"@type":"BreadcrumbList","@id":"https:\/\/www.padreeustaquio.com.br\/irmaos-dos-sagrados-coracoes-sao-ordenados-no-paraguai\/#breadcrumb","itemListElement":[{"@type":"ListItem","position":1,"name":"In\u00edcio","item":"https:\/\/www.padreeustaquio.com.br\/"},{"@type":"ListItem","position":2,"name":"Irm\u00e3os dos Sagrados Cora\u00e7\u00f5es s\u00e3o ordenados no Paraguai"}]},{"@type":"WebSite","@id":"https:\/\/www.padreeustaquio.com.br\/#website","url":"https:\/\/www.padreeustaquio.com.br\/","name":"Padre Eustace","description":"Salud y Paz","publisher":{"@id":"https:\/\/www.padreeustaquio.com.br\/#organization"},"potentialAction":[{"@type":"SearchAction","target":{"@type":"EntryPoint","urlTemplate":"https:\/\/www.padreeustaquio.com.br\/?s={search_term_string}"},"query-input":{"@type":"PropertyValueSpecification","valueRequired":true,"valueName":"search_term_string"}}],"inLanguage":"es"},{"@type":"Organization","@id":"https:\/\/www.padreeustaquio.com.br\/#organization","name":"Padre Eustace","url":"https:\/\/www.padreeustaquio.com.br\/","logo":{"@type":"ImageObject","inLanguage":"es","@id":"https:\/\/www.padreeustaquio.com.br\/#\/schema\/logo\/image\/","url":"https:\/\/www.padreeustaquio.com.br\/wp-content\/uploads\/2019\/08\/marca.png","contentUrl":"https:\/\/www.padreeustaquio.com.br\/wp-content\/uploads\/2019\/08\/marca.png","width":350,"height":400,"caption":"Padre Eust\u00e1quio"},"image":{"@id":"https:\/\/www.padreeustaquio.com.br\/#\/schema\/logo\/image\/"},"sameAs":["https:\/\/www.facebook.com\/beatopadreeustaquio\/","https:\/\/x.com\/beatopeustaquio","https:\/\/www.instagram.com\/beatopadreeustaquio\/","https:\/\/www.youtube.com\/channel\/UCRhw7vfabnajwLxb1ZXMeIw"]},{"@type":"Person","@id":"https:\/\/www.padreeustaquio.com.br\/#\/schema\/person\/a2a51db1d00f1a7af0204a0f1ddb1566","name":"@sscc","image":{"@type":"ImageObject","inLanguage":"es","@id":"https:\/\/secure.gravatar.com\/avatar\/68cfafa5f44617fea54071e215026e0ff06be366c3d54a8425f04fdcb86f8c5f?s=96&d=mm&r=g","url":"https:\/\/secure.gravatar.com\/avatar\/68cfafa5f44617fea54071e215026e0ff06be366c3d54a8425f04fdcb86f8c5f?s=96&d=mm&r=g","contentUrl":"https:\/\/secure.gravatar.com\/avatar\/68cfafa5f44617fea54071e215026e0ff06be366c3d54a8425f04fdcb86f8c5f?s=96&d=mm&r=g","caption":"@sscc"},"url":"https:\/\/www.padreeustaquio.com.br\/es\/author\/sscc\/"}]}},"_links":{"self":[{"href":"https:\/\/www.padreeustaquio.com.br\/es\/wp-json\/wp\/v2\/posts\/8613","targetHints":{"allow":["GET"]}}],"collection":[{"href":"https:\/\/www.padreeustaquio.com.br\/es\/wp-json\/wp\/v2\/posts"}],"about":[{"href":"https:\/\/www.padreeustaquio.com.br\/es\/wp-json\/wp\/v2\/types\/post"}],"author":[{"embeddable":true,"href":"https:\/\/www.padreeustaquio.com.br\/es\/wp-json\/wp\/v2\/users\/2"}],"replies":[{"embeddable":true,"href":"https:\/\/www.padreeustaquio.com.br\/es\/wp-json\/wp\/v2\/comments?post=8613"}],"version-history":[{"count":0,"href":"https:\/\/www.padreeustaquio.com.br\/es\/wp-json\/wp\/v2\/posts\/8613\/revisions"}],"wp:featuredmedia":[{"embeddable":true,"href":"https:\/\/www.padreeustaquio.com.br\/es\/wp-json\/wp\/v2\/media\/8632"}],"wp:attachment":[{"href":"https:\/\/www.padreeustaquio.com.br\/es\/wp-json\/wp\/v2\/media?parent=8613"}],"wp:term":[{"taxonomy":"category","embeddable":true,"href":"https:\/\/www.padreeustaquio.com.br\/es\/wp-json\/wp\/v2\/categories?post=8613"},{"taxonomy":"post_tag","embeddable":true,"href":"https:\/\/www.padreeustaquio.com.br\/es\/wp-json\/wp\/v2\/tags?post=8613"}],"curies":[{"name":"wp","href":"https:\/\/api.w.org\/{rel}","templated":true}]}}