{"id":8609,"date":"2022-05-10T14:02:11","date_gmt":"2022-05-10T17:02:11","guid":{"rendered":"https:\/\/www.padreeustaquio.com.br\/?p=8609"},"modified":"2022-05-10T14:02:13","modified_gmt":"2022-05-10T17:02:13","slug":"hoy-es-el-dia-de-san-damian-de-molokai-el-santo-que-inspiro-al-padre-eustaquio","status":"publish","type":"post","link":"https:\/\/www.padreeustaquio.com.br\/es\/hoy-es-el-dia-de-san-damian-de-molokai-el-santo-que-inspiro-al-padre-eustaquio\/","title":{"rendered":"Hoy es la fiesta de San Dami\u00e1n de Molokai, el santo que inspir\u00f3 al Padre Eustace."},"content":{"rendered":"<p>Desde muy joven, el Padre Eust\u00e1quio conoci\u00f3 las bendiciones y el hero\u00edsmo de San Dami\u00e1n, conocido en la regi\u00f3n por su historia de amor y cuidado de los leprosos en Molokai. En su juventud, leer sobre la vida del santo cautiv\u00f3 al Misionero de la Salud y la Paz y despert\u00f3 en su coraz\u00f3n el sue\u00f1o de una vida misionera, al igual que el ap\u00f3stol de los leprosos. As\u00ed fue como el Bendito ingres\u00f3 en la Congregaci\u00f3n de los Sagrados Corazones.<\/p>\n\n\n\n<p><strong>Vida y legado de San Dami\u00e1n de Molokai<\/strong><\/p>\n\n\n\n<p>Jozef de Veuster naci\u00f3 en Tremelo el 3 de enero de 1840. Tras ingresar al noviciado de la Congregaci\u00f3n de los Sagrados Corazones de Jes\u00fas y Mar\u00eda, adopt\u00f3 el nombre de Dami\u00e1n. Influenciado por su hermano, quien deseaba ser misionero en tierras lejanas, tambi\u00e9n decidi\u00f3 ir a zonas de misi\u00f3n. Obtuvo permiso para trasladarse al archipi\u00e9lago hawaiano. As\u00ed, lleg\u00f3 a Honolulu, la capital de las islas. All\u00ed recibi\u00f3 la ordenaci\u00f3n sacerdotal y comenz\u00f3 a dedicarse especialmente a los enfermos.<\/p>\n\n\n\n<p>En aquella \u00e9poca, quienes padec\u00edan lepra o la enfermedad de Hansen eran enviados y obligados a vivir en una colonia en la isla de Molokai. Ante la necesidad de un sacerdote que brindara atenci\u00f3n religiosa y espiritual, Dami\u00e1n se ofreci\u00f3 como voluntario para asumir esta misi\u00f3n. Sin embargo, poco a poco, el santo misionero transform\u00f3 Molokai. Construy\u00f3 una iglesia dedicada a Santa Filomena, un hospital, una enfermer\u00eda, una escuela y varias casas en la isla.<\/p>\n\n\n\n<p>En 1885, a los 49 a\u00f1os, el Padre Dami\u00e1n contrajo lepra. Cuando le ofrecieron salir de la isla para recibir tratamiento, el Padre Dami\u00e1n se neg\u00f3. A pesar del dolor, continu\u00f3 la obra de Dios entre aquellos despreciados. Poco antes de morir, presenci\u00f3 la llegada del Padre Wendelin y las Hermanas Franciscanas, quienes se hicieron cargo de la enfermer\u00eda. Una de ellas fue la Beata Madre Marianna Cope, quien atendi\u00f3 a los enfermos de la isla durante m\u00e1s de 30 a\u00f1os. El Padre Dami\u00e1n falleci\u00f3 el 15 de abril de 1889, fue beatificado por San Juan Pablo II en 1995 y canonizado por el Papa Benedicto XVI en 2009.<\/p>\n\n\n\n<p>El 10 de mayo fue elegido como d\u00eda lit\u00fargico en recuerdo de San Dami\u00e1n de Molokai porque fue el d\u00eda en que lleg\u00f3 a la isla para cuidar a los leprosos.<\/p>\n\n\n\n<p><\/p>","protected":false},"excerpt":{"rendered":"<p>Desde pequeno, Padre Eust\u00e1quio conhecia as venturas e o hero\u00edsmo de S\u00e3o Dami\u00e3o, que era conhecido na regi\u00e3o por sua hist\u00f3ria de amor e cuidado \u00e0s pessoas que sofriam com a Lepra, em Molokai. Na juventude, a leitura da vida do Santo encantou o Mission\u00e1rio da Sa\u00fade e da Paz, e fez surgir no cora\u00e7\u00e3o dele o sonho com a vida mission\u00e1ria, assim como o ap\u00f3stolo dos hansenianos. E foi assim que o Bem-aventurado entrou para a Congrega\u00e7\u00e3o dos Sagrados Cora\u00e7\u00f5es. Vida e legado de S\u00e3o Dami\u00e3o de Molokai Jozef de Veuster, nasceu em Tremelo dia 3 de janeiro de [&hellip;]<\/p>\n","protected":false},"author":2,"featured_media":8610,"comment_status":"open","ping_status":"closed","sticky":false,"template":"","format":"standard","meta":{"_acf_changed":false,"footnotes":""},"categories":[611],"tags":[],"class_list":["post-8609","post","type-post","status-publish","format-standard","has-post-thumbnail","hentry","category-noticias"],"acf":[],"yoast_head":"<!-- This site is optimized with the Yoast SEO plugin v27.2 - https:\/\/yoast.com\/product\/yoast-seo-wordpress\/ -->\n<title>Hoje \u00e9 dia de S\u00e3o Dami\u00e3o de Molokai, o Santo que inspirou Padre Eust\u00e1quio<\/title>\n<meta name=\"description\" content=\"Desde pequeno, Padre Eust\u00e1quio conhecia as venturas e o hero\u00edsmo de S\u00e3o Dami\u00e3o, que era conhecido na regi\u00e3o por sua hist\u00f3ria de amor e cuidado \u00e0s pessoas que sofriam com a Lepra, em Molokai. Na juventude, a leitura da vida do Santo encantou o Mission\u00e1rio da Sa\u00fade e da Paz, e fez surgir no cora\u00e7\u00e3o dele o sonho com a vida mission\u00e1ria, assim como o ap\u00f3stolo dos hansenianos. E foi assim que o Bem-aventurado entrou para a Congrega\u00e7\u00e3o dos Sagrados Cora\u00e7\u00f5es.\" \/>\n<meta name=\"robots\" content=\"index, follow, max-snippet:-1, max-image-preview:large, max-video-preview:-1\" \/>\n<link rel=\"canonical\" href=\"https:\/\/www.padreeustaquio.com.br\/es\/hoy-es-el-dia-de-san-damian-de-molokai-el-santo-que-inspiro-al-padre-eustaquio\/\" \/>\n<meta property=\"og:locale\" content=\"es_ES\" \/>\n<meta property=\"og:type\" content=\"article\" \/>\n<meta property=\"og:title\" content=\"Hoje \u00e9 dia de S\u00e3o Dami\u00e3o de Molokai, o Santo que inspirou Padre Eust\u00e1quio\" \/>\n<meta property=\"og:description\" content=\"Desde pequeno, Padre Eust\u00e1quio conhecia as venturas e o hero\u00edsmo de S\u00e3o Dami\u00e3o, que era conhecido na regi\u00e3o por sua hist\u00f3ria de amor e cuidado \u00e0s pessoas que sofriam com a Lepra, em Molokai. Na juventude, a leitura da vida do Santo encantou o Mission\u00e1rio da Sa\u00fade e da Paz, e fez surgir no cora\u00e7\u00e3o dele o sonho com a vida mission\u00e1ria, assim como o ap\u00f3stolo dos hansenianos. E foi assim que o Bem-aventurado entrou para a Congrega\u00e7\u00e3o dos Sagrados Cora\u00e7\u00f5es.\" \/>\n<meta property=\"og:url\" content=\"https:\/\/www.padreeustaquio.com.br\/es\/hoy-es-el-dia-de-san-damian-de-molokai-el-santo-que-inspiro-al-padre-eustaquio\/\" \/>\n<meta property=\"og:site_name\" content=\"Padre Eust\u00e1quio\" \/>\n<meta property=\"article:publisher\" content=\"https:\/\/www.facebook.com\/beatopadreeustaquio\/\" \/>\n<meta property=\"article:published_time\" content=\"2022-05-10T17:02:11+00:00\" \/>\n<meta property=\"article:modified_time\" content=\"2022-05-10T17:02:13+00:00\" \/>\n<meta property=\"og:image\" content=\"https:\/\/www.padreeustaquio.com.br\/wp-content\/uploads\/2019\/07\/Padre.png\" \/>\n\t<meta property=\"og:image:width\" content=\"816\" \/>\n\t<meta property=\"og:image:height\" content=\"697\" \/>\n\t<meta property=\"og:image:type\" content=\"image\/png\" \/>\n<meta name=\"author\" content=\"@sscc\" \/>\n<meta name=\"twitter:card\" content=\"summary_large_image\" \/>\n<meta name=\"twitter:creator\" content=\"@beatopeustaquio\" \/>\n<meta name=\"twitter:site\" content=\"@beatopeustaquio\" \/>\n<meta name=\"twitter:label1\" content=\"Escrito por\" \/>\n\t<meta name=\"twitter:data1\" content=\"@sscc\" \/>\n\t<meta name=\"twitter:label2\" content=\"Tiempo de lectura\" \/>\n\t<meta name=\"twitter:data2\" content=\"2 minutos\" \/>\n<script type=\"application\/ld+json\" class=\"yoast-schema-graph\">{\"@context\":\"https:\/\/schema.org\",\"@graph\":[{\"@type\":\"Article\",\"@id\":\"https:\/\/www.padreeustaquio.com.br\/hoje-e-dia-de-sao-damiao-de-molokai-o-santo-que-inspirou-padre-eustaquio\/#article\",\"isPartOf\":{\"@id\":\"https:\/\/www.padreeustaquio.com.br\/hoje-e-dia-de-sao-damiao-de-molokai-o-santo-que-inspirou-padre-eustaquio\/\"},\"author\":{\"name\":\"@sscc\",\"@id\":\"https:\/\/www.padreeustaquio.com.br\/#\/schema\/person\/a2a51db1d00f1a7af0204a0f1ddb1566\"},\"headline\":\"Hoje \u00e9 dia de S\u00e3o Dami\u00e3o de Molokai, o Santo que inspirou Padre Eust\u00e1quio\",\"datePublished\":\"2022-05-10T17:02:11+00:00\",\"dateModified\":\"2022-05-10T17:02:13+00:00\",\"mainEntityOfPage\":{\"@id\":\"https:\/\/www.padreeustaquio.com.br\/hoje-e-dia-de-sao-damiao-de-molokai-o-santo-que-inspirou-padre-eustaquio\/\"},\"wordCount\":428,\"commentCount\":0,\"publisher\":{\"@id\":\"https:\/\/www.padreeustaquio.com.br\/#organization\"},\"image\":{\"@id\":\"https:\/\/www.padreeustaquio.com.br\/hoje-e-dia-de-sao-damiao-de-molokai-o-santo-que-inspirou-padre-eustaquio\/#primaryimage\"},\"thumbnailUrl\":\"https:\/\/www.padreeustaquio.com.br\/wp-content\/uploads\/2022\/05\/Foto-17.bmp\",\"articleSection\":[\"Not\u00edcias\"],\"inLanguage\":\"es\",\"potentialAction\":[{\"@type\":\"CommentAction\",\"name\":\"Comment\",\"target\":[\"https:\/\/www.padreeustaquio.com.br\/hoje-e-dia-de-sao-damiao-de-molokai-o-santo-que-inspirou-padre-eustaquio\/#respond\"]}]},{\"@type\":\"WebPage\",\"@id\":\"https:\/\/www.padreeustaquio.com.br\/hoje-e-dia-de-sao-damiao-de-molokai-o-santo-que-inspirou-padre-eustaquio\/\",\"url\":\"https:\/\/www.padreeustaquio.com.br\/hoje-e-dia-de-sao-damiao-de-molokai-o-santo-que-inspirou-padre-eustaquio\/\",\"name\":\"Hoje \u00e9 dia de S\u00e3o Dami\u00e3o de Molokai, o Santo que inspirou Padre Eust\u00e1quio\",\"isPartOf\":{\"@id\":\"https:\/\/www.padreeustaquio.com.br\/#website\"},\"primaryImageOfPage\":{\"@id\":\"https:\/\/www.padreeustaquio.com.br\/hoje-e-dia-de-sao-damiao-de-molokai-o-santo-que-inspirou-padre-eustaquio\/#primaryimage\"},\"image\":{\"@id\":\"https:\/\/www.padreeustaquio.com.br\/hoje-e-dia-de-sao-damiao-de-molokai-o-santo-que-inspirou-padre-eustaquio\/#primaryimage\"},\"thumbnailUrl\":\"https:\/\/www.padreeustaquio.com.br\/wp-content\/uploads\/2022\/05\/Foto-17.bmp\",\"datePublished\":\"2022-05-10T17:02:11+00:00\",\"dateModified\":\"2022-05-10T17:02:13+00:00\",\"description\":\"Desde pequeno, Padre Eust\u00e1quio conhecia as venturas e o hero\u00edsmo de S\u00e3o Dami\u00e3o, que era conhecido na regi\u00e3o por sua hist\u00f3ria de amor e cuidado \u00e0s pessoas que sofriam com a Lepra, em Molokai. Na juventude, a leitura da vida do Santo encantou o Mission\u00e1rio da Sa\u00fade e da Paz, e fez surgir no cora\u00e7\u00e3o dele o sonho com a vida mission\u00e1ria, assim como o ap\u00f3stolo dos hansenianos. E foi assim que o Bem-aventurado entrou para a Congrega\u00e7\u00e3o dos Sagrados Cora\u00e7\u00f5es.\",\"breadcrumb\":{\"@id\":\"https:\/\/www.padreeustaquio.com.br\/hoje-e-dia-de-sao-damiao-de-molokai-o-santo-que-inspirou-padre-eustaquio\/#breadcrumb\"},\"inLanguage\":\"es\",\"potentialAction\":[{\"@type\":\"ReadAction\",\"target\":[\"https:\/\/www.padreeustaquio.com.br\/hoje-e-dia-de-sao-damiao-de-molokai-o-santo-que-inspirou-padre-eustaquio\/\"]}]},{\"@type\":\"ImageObject\",\"inLanguage\":\"es\",\"@id\":\"https:\/\/www.padreeustaquio.com.br\/hoje-e-dia-de-sao-damiao-de-molokai-o-santo-que-inspirou-padre-eustaquio\/#primaryimage\",\"url\":\"https:\/\/www.padreeustaquio.com.br\/wp-content\/uploads\/2022\/05\/Foto-17.bmp\",\"contentUrl\":\"https:\/\/www.padreeustaquio.com.br\/wp-content\/uploads\/2022\/05\/Foto-17.bmp\",\"width\":1216,\"height\":736},{\"@type\":\"BreadcrumbList\",\"@id\":\"https:\/\/www.padreeustaquio.com.br\/hoje-e-dia-de-sao-damiao-de-molokai-o-santo-que-inspirou-padre-eustaquio\/#breadcrumb\",\"itemListElement\":[{\"@type\":\"ListItem\",\"position\":1,\"name\":\"In\u00edcio\",\"item\":\"https:\/\/www.padreeustaquio.com.br\/\"},{\"@type\":\"ListItem\",\"position\":2,\"name\":\"Hoje \u00e9 dia de S\u00e3o Dami\u00e3o de Molokai, o Santo que inspirou Padre Eust\u00e1quio\"}]},{\"@type\":\"WebSite\",\"@id\":\"https:\/\/www.padreeustaquio.com.br\/#website\",\"url\":\"https:\/\/www.padreeustaquio.com.br\/\",\"name\":\"Padre Eust\u00e1quio\",\"description\":\"Sa\u00fade e Paz\",\"publisher\":{\"@id\":\"https:\/\/www.padreeustaquio.com.br\/#organization\"},\"potentialAction\":[{\"@type\":\"SearchAction\",\"target\":{\"@type\":\"EntryPoint\",\"urlTemplate\":\"https:\/\/www.padreeustaquio.com.br\/?s={search_term_string}\"},\"query-input\":{\"@type\":\"PropertyValueSpecification\",\"valueRequired\":true,\"valueName\":\"search_term_string\"}}],\"inLanguage\":\"es\"},{\"@type\":\"Organization\",\"@id\":\"https:\/\/www.padreeustaquio.com.br\/#organization\",\"name\":\"Padre Eust\u00e1quio\",\"url\":\"https:\/\/www.padreeustaquio.com.br\/\",\"logo\":{\"@type\":\"ImageObject\",\"inLanguage\":\"es\",\"@id\":\"https:\/\/www.padreeustaquio.com.br\/#\/schema\/logo\/image\/\",\"url\":\"https:\/\/www.padreeustaquio.com.br\/wp-content\/uploads\/2019\/08\/marca.png\",\"contentUrl\":\"https:\/\/www.padreeustaquio.com.br\/wp-content\/uploads\/2019\/08\/marca.png\",\"width\":350,\"height\":400,\"caption\":\"Padre Eust\u00e1quio\"},\"image\":{\"@id\":\"https:\/\/www.padreeustaquio.com.br\/#\/schema\/logo\/image\/\"},\"sameAs\":[\"https:\/\/www.facebook.com\/beatopadreeustaquio\/\",\"https:\/\/x.com\/beatopeustaquio\",\"https:\/\/www.instagram.com\/beatopadreeustaquio\/\",\"https:\/\/www.youtube.com\/channel\/UCRhw7vfabnajwLxb1ZXMeIw\"]},{\"@type\":\"Person\",\"@id\":\"https:\/\/www.padreeustaquio.com.br\/#\/schema\/person\/a2a51db1d00f1a7af0204a0f1ddb1566\",\"name\":\"@sscc\",\"image\":{\"@type\":\"ImageObject\",\"inLanguage\":\"es\",\"@id\":\"https:\/\/secure.gravatar.com\/avatar\/68cfafa5f44617fea54071e215026e0ff06be366c3d54a8425f04fdcb86f8c5f?s=96&d=mm&r=g\",\"url\":\"https:\/\/secure.gravatar.com\/avatar\/68cfafa5f44617fea54071e215026e0ff06be366c3d54a8425f04fdcb86f8c5f?s=96&d=mm&r=g\",\"contentUrl\":\"https:\/\/secure.gravatar.com\/avatar\/68cfafa5f44617fea54071e215026e0ff06be366c3d54a8425f04fdcb86f8c5f?s=96&d=mm&r=g\",\"caption\":\"@sscc\"},\"url\":\"https:\/\/www.padreeustaquio.com.br\/es\/author\/sscc\/\"}]}<\/script>\n<!-- \/ Yoast SEO plugin. -->","yoast_head_json":{"title":"Hoy es la fiesta de San Dami\u00e1n de Molokai, el santo que inspir\u00f3 al Padre Eustace.","description":"Desde muy joven, el Padre Eust\u00e1quio conoci\u00f3 las bendiciones y el hero\u00edsmo de San Dami\u00e1n, conocido en la regi\u00f3n por su historia de amor y cuidado de los leprosos en Molokai. En su juventud, leer sobre la vida del santo cautiv\u00f3 al Misionero de la Salud y la Paz y despert\u00f3 en su coraz\u00f3n el sue\u00f1o de una vida misionera, al igual que el ap\u00f3stol de los leprosos. As\u00ed fue como el Bendito ingres\u00f3 en la Congregaci\u00f3n de los Sagrados Corazones.","robots":{"index":"index","follow":"follow","max-snippet":"max-snippet:-1","max-image-preview":"max-image-preview:large","max-video-preview":"max-video-preview:-1"},"canonical":"https:\/\/www.padreeustaquio.com.br\/es\/hoy-es-el-dia-de-san-damian-de-molokai-el-santo-que-inspiro-al-padre-eustaquio\/","og_locale":"es_ES","og_type":"article","og_title":"Hoje \u00e9 dia de S\u00e3o Dami\u00e3o de Molokai, o Santo que inspirou Padre Eust\u00e1quio","og_description":"Desde pequeno, Padre Eust\u00e1quio conhecia as venturas e o hero\u00edsmo de S\u00e3o Dami\u00e3o, que era conhecido na regi\u00e3o por sua hist\u00f3ria de amor e cuidado \u00e0s pessoas que sofriam com a Lepra, em Molokai. Na juventude, a leitura da vida do Santo encantou o Mission\u00e1rio da Sa\u00fade e da Paz, e fez surgir no cora\u00e7\u00e3o dele o sonho com a vida mission\u00e1ria, assim como o ap\u00f3stolo dos hansenianos. E foi assim que o Bem-aventurado entrou para a Congrega\u00e7\u00e3o dos Sagrados Cora\u00e7\u00f5es.","og_url":"https:\/\/www.padreeustaquio.com.br\/es\/hoy-es-el-dia-de-san-damian-de-molokai-el-santo-que-inspiro-al-padre-eustaquio\/","og_site_name":"Padre Eust\u00e1quio","article_publisher":"https:\/\/www.facebook.com\/beatopadreeustaquio\/","article_published_time":"2022-05-10T17:02:11+00:00","article_modified_time":"2022-05-10T17:02:13+00:00","og_image":[{"width":816,"height":697,"url":"https:\/\/www.padreeustaquio.com.br\/wp-content\/uploads\/2019\/07\/Padre.png","type":"image\/png"}],"author":"@sscc","twitter_card":"summary_large_image","twitter_creator":"@beatopeustaquio","twitter_site":"@beatopeustaquio","twitter_misc":{"Escrito por":"@sscc","Tiempo de lectura":"2 minutos"},"schema":{"@context":"https:\/\/schema.org","@graph":[{"@type":"Article","@id":"https:\/\/www.padreeustaquio.com.br\/hoje-e-dia-de-sao-damiao-de-molokai-o-santo-que-inspirou-padre-eustaquio\/#article","isPartOf":{"@id":"https:\/\/www.padreeustaquio.com.br\/hoje-e-dia-de-sao-damiao-de-molokai-o-santo-que-inspirou-padre-eustaquio\/"},"author":{"name":"@sscc","@id":"https:\/\/www.padreeustaquio.com.br\/#\/schema\/person\/a2a51db1d00f1a7af0204a0f1ddb1566"},"headline":"Hoje \u00e9 dia de S\u00e3o Dami\u00e3o de Molokai, o Santo que inspirou Padre Eust\u00e1quio","datePublished":"2022-05-10T17:02:11+00:00","dateModified":"2022-05-10T17:02:13+00:00","mainEntityOfPage":{"@id":"https:\/\/www.padreeustaquio.com.br\/hoje-e-dia-de-sao-damiao-de-molokai-o-santo-que-inspirou-padre-eustaquio\/"},"wordCount":428,"commentCount":0,"publisher":{"@id":"https:\/\/www.padreeustaquio.com.br\/#organization"},"image":{"@id":"https:\/\/www.padreeustaquio.com.br\/hoje-e-dia-de-sao-damiao-de-molokai-o-santo-que-inspirou-padre-eustaquio\/#primaryimage"},"thumbnailUrl":"https:\/\/www.padreeustaquio.com.br\/wp-content\/uploads\/2022\/05\/Foto-17.bmp","articleSection":["Not\u00edcias"],"inLanguage":"es","potentialAction":[{"@type":"CommentAction","name":"Comment","target":["https:\/\/www.padreeustaquio.com.br\/hoje-e-dia-de-sao-damiao-de-molokai-o-santo-que-inspirou-padre-eustaquio\/#respond"]}]},{"@type":"WebPage","@id":"https:\/\/www.padreeustaquio.com.br\/hoje-e-dia-de-sao-damiao-de-molokai-o-santo-que-inspirou-padre-eustaquio\/","url":"https:\/\/www.padreeustaquio.com.br\/hoje-e-dia-de-sao-damiao-de-molokai-o-santo-que-inspirou-padre-eustaquio\/","name":"Hoy es la fiesta de San Dami\u00e1n de Molokai, el santo que inspir\u00f3 al Padre Eustace.","isPartOf":{"@id":"https:\/\/www.padreeustaquio.com.br\/#website"},"primaryImageOfPage":{"@id":"https:\/\/www.padreeustaquio.com.br\/hoje-e-dia-de-sao-damiao-de-molokai-o-santo-que-inspirou-padre-eustaquio\/#primaryimage"},"image":{"@id":"https:\/\/www.padreeustaquio.com.br\/hoje-e-dia-de-sao-damiao-de-molokai-o-santo-que-inspirou-padre-eustaquio\/#primaryimage"},"thumbnailUrl":"https:\/\/www.padreeustaquio.com.br\/wp-content\/uploads\/2022\/05\/Foto-17.bmp","datePublished":"2022-05-10T17:02:11+00:00","dateModified":"2022-05-10T17:02:13+00:00","description":"Desde muy joven, el Padre Eust\u00e1quio conoci\u00f3 las bendiciones y el hero\u00edsmo de San Dami\u00e1n, conocido en la regi\u00f3n por su historia de amor y cuidado de los leprosos en Molokai. En su juventud, leer sobre la vida del santo cautiv\u00f3 al Misionero de la Salud y la Paz y despert\u00f3 en su coraz\u00f3n el sue\u00f1o de una vida misionera, al igual que el ap\u00f3stol de los leprosos. As\u00ed fue como el Bendito ingres\u00f3 en la Congregaci\u00f3n de los Sagrados Corazones.","breadcrumb":{"@id":"https:\/\/www.padreeustaquio.com.br\/hoje-e-dia-de-sao-damiao-de-molokai-o-santo-que-inspirou-padre-eustaquio\/#breadcrumb"},"inLanguage":"es","potentialAction":[{"@type":"ReadAction","target":["https:\/\/www.padreeustaquio.com.br\/hoje-e-dia-de-sao-damiao-de-molokai-o-santo-que-inspirou-padre-eustaquio\/"]}]},{"@type":"ImageObject","inLanguage":"es","@id":"https:\/\/www.padreeustaquio.com.br\/hoje-e-dia-de-sao-damiao-de-molokai-o-santo-que-inspirou-padre-eustaquio\/#primaryimage","url":"https:\/\/www.padreeustaquio.com.br\/wp-content\/uploads\/2022\/05\/Foto-17.bmp","contentUrl":"https:\/\/www.padreeustaquio.com.br\/wp-content\/uploads\/2022\/05\/Foto-17.bmp","width":1216,"height":736},{"@type":"BreadcrumbList","@id":"https:\/\/www.padreeustaquio.com.br\/hoje-e-dia-de-sao-damiao-de-molokai-o-santo-que-inspirou-padre-eustaquio\/#breadcrumb","itemListElement":[{"@type":"ListItem","position":1,"name":"In\u00edcio","item":"https:\/\/www.padreeustaquio.com.br\/"},{"@type":"ListItem","position":2,"name":"Hoje \u00e9 dia de S\u00e3o Dami\u00e3o de Molokai, o Santo que inspirou Padre Eust\u00e1quio"}]},{"@type":"WebSite","@id":"https:\/\/www.padreeustaquio.com.br\/#website","url":"https:\/\/www.padreeustaquio.com.br\/","name":"Padre Eustace","description":"Salud y Paz","publisher":{"@id":"https:\/\/www.padreeustaquio.com.br\/#organization"},"potentialAction":[{"@type":"SearchAction","target":{"@type":"EntryPoint","urlTemplate":"https:\/\/www.padreeustaquio.com.br\/?s={search_term_string}"},"query-input":{"@type":"PropertyValueSpecification","valueRequired":true,"valueName":"search_term_string"}}],"inLanguage":"es"},{"@type":"Organization","@id":"https:\/\/www.padreeustaquio.com.br\/#organization","name":"Padre Eustace","url":"https:\/\/www.padreeustaquio.com.br\/","logo":{"@type":"ImageObject","inLanguage":"es","@id":"https:\/\/www.padreeustaquio.com.br\/#\/schema\/logo\/image\/","url":"https:\/\/www.padreeustaquio.com.br\/wp-content\/uploads\/2019\/08\/marca.png","contentUrl":"https:\/\/www.padreeustaquio.com.br\/wp-content\/uploads\/2019\/08\/marca.png","width":350,"height":400,"caption":"Padre Eust\u00e1quio"},"image":{"@id":"https:\/\/www.padreeustaquio.com.br\/#\/schema\/logo\/image\/"},"sameAs":["https:\/\/www.facebook.com\/beatopadreeustaquio\/","https:\/\/x.com\/beatopeustaquio","https:\/\/www.instagram.com\/beatopadreeustaquio\/","https:\/\/www.youtube.com\/channel\/UCRhw7vfabnajwLxb1ZXMeIw"]},{"@type":"Person","@id":"https:\/\/www.padreeustaquio.com.br\/#\/schema\/person\/a2a51db1d00f1a7af0204a0f1ddb1566","name":"@sscc","image":{"@type":"ImageObject","inLanguage":"es","@id":"https:\/\/secure.gravatar.com\/avatar\/68cfafa5f44617fea54071e215026e0ff06be366c3d54a8425f04fdcb86f8c5f?s=96&d=mm&r=g","url":"https:\/\/secure.gravatar.com\/avatar\/68cfafa5f44617fea54071e215026e0ff06be366c3d54a8425f04fdcb86f8c5f?s=96&d=mm&r=g","contentUrl":"https:\/\/secure.gravatar.com\/avatar\/68cfafa5f44617fea54071e215026e0ff06be366c3d54a8425f04fdcb86f8c5f?s=96&d=mm&r=g","caption":"@sscc"},"url":"https:\/\/www.padreeustaquio.com.br\/es\/author\/sscc\/"}]}},"_links":{"self":[{"href":"https:\/\/www.padreeustaquio.com.br\/es\/wp-json\/wp\/v2\/posts\/8609","targetHints":{"allow":["GET"]}}],"collection":[{"href":"https:\/\/www.padreeustaquio.com.br\/es\/wp-json\/wp\/v2\/posts"}],"about":[{"href":"https:\/\/www.padreeustaquio.com.br\/es\/wp-json\/wp\/v2\/types\/post"}],"author":[{"embeddable":true,"href":"https:\/\/www.padreeustaquio.com.br\/es\/wp-json\/wp\/v2\/users\/2"}],"replies":[{"embeddable":true,"href":"https:\/\/www.padreeustaquio.com.br\/es\/wp-json\/wp\/v2\/comments?post=8609"}],"version-history":[{"count":0,"href":"https:\/\/www.padreeustaquio.com.br\/es\/wp-json\/wp\/v2\/posts\/8609\/revisions"}],"wp:featuredmedia":[{"embeddable":true,"href":"https:\/\/www.padreeustaquio.com.br\/es\/wp-json\/wp\/v2\/media\/8610"}],"wp:attachment":[{"href":"https:\/\/www.padreeustaquio.com.br\/es\/wp-json\/wp\/v2\/media?parent=8609"}],"wp:term":[{"taxonomy":"category","embeddable":true,"href":"https:\/\/www.padreeustaquio.com.br\/es\/wp-json\/wp\/v2\/categories?post=8609"},{"taxonomy":"post_tag","embeddable":true,"href":"https:\/\/www.padreeustaquio.com.br\/es\/wp-json\/wp\/v2\/tags?post=8609"}],"curies":[{"name":"wp","href":"https:\/\/api.w.org\/{rel}","templated":true}]}}