{"id":8599,"date":"2022-05-09T05:38:00","date_gmt":"2022-05-09T08:38:00","guid":{"rendered":"https:\/\/www.padreeustaquio.com.br\/?p=8599"},"modified":"2022-05-06T10:56:51","modified_gmt":"2022-05-06T13:56:51","slug":"hermanas-del-corazon-de-maria-visitan-el-santuario-de-la-salud-y-la-paz","status":"publish","type":"post","link":"https:\/\/www.padreeustaquio.com.br\/es\/hermanas-del-corazon-de-maria-visitan-el-santuario-de-la-salud-y-la-paz\/","title":{"rendered":"Hermanas del Coraz\u00f3n de Mar\u00eda visitan el Santuario de la Salud y la Paz."},"content":{"rendered":"<p>Unas veinte Hermanas del Coraz\u00f3n de Mar\u00eda se reunieron en el Santuario de la Salud y la Paz, Iglesia del Beato Eustaquio, para participar en una reuni\u00f3n. El tema elegido fue &quot;El Padre Eustaquio y la Sinodalidad&quot;.<\/p>\n\n\n\n<p>El debate fue moderado por el Padre Vin\u00edcius Maciel, ss.cc., vicepostulador de la Causa de Canonizaci\u00f3n del Beato Padre Eust\u00e1quio y rector del Santuario, y tambi\u00e9n por el historiador e investigador Leandro Castro. Leandro es responsable del \u00e1rea de recuperaci\u00f3n hist\u00f3rica de la vicepostulaci\u00f3n.<\/p>\n\n\n\n<p>Las hermanas, provenientes de nueve comunidades de diversas partes de Brasil, tuvieron la oportunidad de participar en el encuentro en el Memorial dedicado al Beato Padre Eust\u00e1quio. El encuentro fue un momento de gran aprendizaje e intercambio de experiencias.<\/p>\n\n\n\n<p><strong>El Padre Eust\u00e1quio y la sinodalidad<\/strong><\/p>\n\n\n\n<p>El t\u00e9rmino sinodalidad significa caminar juntos, algo sumamente importante dentro de la Iglesia. Recientemente, el tema ha sido ampliamente debatido por el Papa Francisco en unidad con toda la Iglesia.<\/p>\n\n\n\n<p>El Padre Eust\u00e1quio fue un ejemplo de sinodalidad, dedicando su vida al servicio de los dem\u00e1s, escuchando a todos y poniendo en pr\u00e1ctica el amor de Dios seg\u00fan las necesidades de cada uno. A lo largo de su vida, acompa\u00f1\u00f3 a los fieles en la oraci\u00f3n y la caridad.<\/p>\n\n\n\n<p><\/p>","protected":false},"excerpt":{"rendered":"<p>Cerca de 20 irm\u00e3s do Cora\u00e7\u00e3o de Maria, estiveram no Santu\u00e1rio da Sa\u00fade e da Paz, Igreja do Bem-aventurado Eust\u00e1quio, para participarem de um encontro. O tema escolhido foi &#8220;Padre Eust\u00e1quio e a Sinodalidade&#8221;. O bate-papo foi presidido por Padre Vin\u00edcius Maciel, ss.cc, vice-postulador da Causa de Canoniza\u00e7\u00e3o do Beato Padre Eust\u00e1quio e reitor do Santu\u00e1rio e tamb\u00e9m pelo historiador e pesquisador Leandro Castro. Leandro \u00e9 respons\u00e1vel pelo setor de recupera\u00e7\u00e3o hist\u00f3rica da vice-postula\u00e7\u00e3o. As irm\u00e3s vieram de nove comunidades de v\u00e1rios locais do Brasil e tiveram a oportunidade de participar do encontro no Memorial dedicado ao Beato Padre Eust\u00e1quio. [&hellip;]<\/p>\n","protected":false},"author":2,"featured_media":8600,"comment_status":"open","ping_status":"closed","sticky":false,"template":"","format":"standard","meta":{"_acf_changed":false,"footnotes":""},"categories":[611],"tags":[],"class_list":["post-8599","post","type-post","status-publish","format-standard","has-post-thumbnail","hentry","category-noticias"],"acf":[],"yoast_head":"<!-- This site is optimized with the Yoast SEO plugin v27.2 - https:\/\/yoast.com\/product\/yoast-seo-wordpress\/ -->\n<title>Irm\u00e3s do Cora\u00e7\u00e3o de Maria visitam o Santu\u00e1rio da Sa\u00fade e da Paz<\/title>\n<meta name=\"description\" content=\"Cerca de 20 irm\u00e3s do Cora\u00e7\u00e3o de Maria, estiveram no Santu\u00e1rio da Sa\u00fade e da Paz, Igreja do Bem-aventurado Eust\u00e1quio, para participarem de um encontro. O tema escolhido foi &quot;Padre Eust\u00e1quio e a Sinodalidade&quot;.\" \/>\n<meta name=\"robots\" content=\"index, follow, max-snippet:-1, max-image-preview:large, max-video-preview:-1\" \/>\n<link rel=\"canonical\" href=\"https:\/\/www.padreeustaquio.com.br\/es\/hermanas-del-corazon-de-maria-visitan-el-santuario-de-la-salud-y-la-paz\/\" \/>\n<meta property=\"og:locale\" content=\"es_ES\" \/>\n<meta property=\"og:type\" content=\"article\" \/>\n<meta property=\"og:title\" content=\"Irm\u00e3s do Cora\u00e7\u00e3o de Maria visitam o Santu\u00e1rio da Sa\u00fade e da Paz\" \/>\n<meta property=\"og:description\" content=\"Cerca de 20 irm\u00e3s do Cora\u00e7\u00e3o de Maria, estiveram no Santu\u00e1rio da Sa\u00fade e da Paz, Igreja do Bem-aventurado Eust\u00e1quio, para participarem de um encontro. O tema escolhido foi &quot;Padre Eust\u00e1quio e a Sinodalidade&quot;.\" \/>\n<meta property=\"og:url\" content=\"https:\/\/www.padreeustaquio.com.br\/es\/hermanas-del-corazon-de-maria-visitan-el-santuario-de-la-salud-y-la-paz\/\" \/>\n<meta property=\"og:site_name\" content=\"Padre Eust\u00e1quio\" \/>\n<meta property=\"article:publisher\" content=\"https:\/\/www.facebook.com\/beatopadreeustaquio\/\" \/>\n<meta property=\"article:published_time\" content=\"2022-05-09T08:38:00+00:00\" \/>\n<meta property=\"og:image\" content=\"https:\/\/www.padreeustaquio.com.br\/wp-content\/uploads\/2022\/05\/irmas-encontram-no-santuario.jpg\" \/>\n\t<meta property=\"og:image:width\" content=\"748\" \/>\n\t<meta property=\"og:image:height\" content=\"394\" \/>\n\t<meta property=\"og:image:type\" content=\"image\/jpeg\" \/>\n<meta name=\"author\" content=\"@sscc\" \/>\n<meta name=\"twitter:card\" content=\"summary_large_image\" \/>\n<meta name=\"twitter:creator\" content=\"@beatopeustaquio\" \/>\n<meta name=\"twitter:site\" content=\"@beatopeustaquio\" \/>\n<meta name=\"twitter:label1\" content=\"Escrito por\" \/>\n\t<meta name=\"twitter:data1\" content=\"@sscc\" \/>\n\t<meta name=\"twitter:label2\" content=\"Tiempo de lectura\" \/>\n\t<meta name=\"twitter:data2\" content=\"1 minuto\" \/>\n<script type=\"application\/ld+json\" class=\"yoast-schema-graph\">{\"@context\":\"https:\/\/schema.org\",\"@graph\":[{\"@type\":\"Article\",\"@id\":\"https:\/\/www.padreeustaquio.com.br\/irmas-do-coracao-de-maria-visitam-o-santuario-da-saude-e-da-paz\/#article\",\"isPartOf\":{\"@id\":\"https:\/\/www.padreeustaquio.com.br\/irmas-do-coracao-de-maria-visitam-o-santuario-da-saude-e-da-paz\/\"},\"author\":{\"name\":\"@sscc\",\"@id\":\"https:\/\/www.padreeustaquio.com.br\/#\/schema\/person\/a2a51db1d00f1a7af0204a0f1ddb1566\"},\"headline\":\"Irm\u00e3s do Cora\u00e7\u00e3o de Maria visitam o Santu\u00e1rio da Sa\u00fade e da Paz\",\"datePublished\":\"2022-05-09T08:38:00+00:00\",\"mainEntityOfPage\":{\"@id\":\"https:\/\/www.padreeustaquio.com.br\/irmas-do-coracao-de-maria-visitam-o-santuario-da-saude-e-da-paz\/\"},\"wordCount\":235,\"commentCount\":0,\"publisher\":{\"@id\":\"https:\/\/www.padreeustaquio.com.br\/#organization\"},\"image\":{\"@id\":\"https:\/\/www.padreeustaquio.com.br\/irmas-do-coracao-de-maria-visitam-o-santuario-da-saude-e-da-paz\/#primaryimage\"},\"thumbnailUrl\":\"https:\/\/www.padreeustaquio.com.br\/wp-content\/uploads\/2022\/05\/irmas-encontram-no-santuario.jpg\",\"articleSection\":[\"Not\u00edcias\"],\"inLanguage\":\"es\",\"potentialAction\":[{\"@type\":\"CommentAction\",\"name\":\"Comment\",\"target\":[\"https:\/\/www.padreeustaquio.com.br\/irmas-do-coracao-de-maria-visitam-o-santuario-da-saude-e-da-paz\/#respond\"]}]},{\"@type\":\"WebPage\",\"@id\":\"https:\/\/www.padreeustaquio.com.br\/irmas-do-coracao-de-maria-visitam-o-santuario-da-saude-e-da-paz\/\",\"url\":\"https:\/\/www.padreeustaquio.com.br\/irmas-do-coracao-de-maria-visitam-o-santuario-da-saude-e-da-paz\/\",\"name\":\"Irm\u00e3s do Cora\u00e7\u00e3o de Maria visitam o Santu\u00e1rio da Sa\u00fade e da Paz\",\"isPartOf\":{\"@id\":\"https:\/\/www.padreeustaquio.com.br\/#website\"},\"primaryImageOfPage\":{\"@id\":\"https:\/\/www.padreeustaquio.com.br\/irmas-do-coracao-de-maria-visitam-o-santuario-da-saude-e-da-paz\/#primaryimage\"},\"image\":{\"@id\":\"https:\/\/www.padreeustaquio.com.br\/irmas-do-coracao-de-maria-visitam-o-santuario-da-saude-e-da-paz\/#primaryimage\"},\"thumbnailUrl\":\"https:\/\/www.padreeustaquio.com.br\/wp-content\/uploads\/2022\/05\/irmas-encontram-no-santuario.jpg\",\"datePublished\":\"2022-05-09T08:38:00+00:00\",\"description\":\"Cerca de 20 irm\u00e3s do Cora\u00e7\u00e3o de Maria, estiveram no Santu\u00e1rio da Sa\u00fade e da Paz, Igreja do Bem-aventurado Eust\u00e1quio, para participarem de um encontro. O tema escolhido foi \\\"Padre Eust\u00e1quio e a Sinodalidade\\\".\",\"breadcrumb\":{\"@id\":\"https:\/\/www.padreeustaquio.com.br\/irmas-do-coracao-de-maria-visitam-o-santuario-da-saude-e-da-paz\/#breadcrumb\"},\"inLanguage\":\"es\",\"potentialAction\":[{\"@type\":\"ReadAction\",\"target\":[\"https:\/\/www.padreeustaquio.com.br\/irmas-do-coracao-de-maria-visitam-o-santuario-da-saude-e-da-paz\/\"]}]},{\"@type\":\"ImageObject\",\"inLanguage\":\"es\",\"@id\":\"https:\/\/www.padreeustaquio.com.br\/irmas-do-coracao-de-maria-visitam-o-santuario-da-saude-e-da-paz\/#primaryimage\",\"url\":\"https:\/\/www.padreeustaquio.com.br\/wp-content\/uploads\/2022\/05\/irmas-encontram-no-santuario.jpg\",\"contentUrl\":\"https:\/\/www.padreeustaquio.com.br\/wp-content\/uploads\/2022\/05\/irmas-encontram-no-santuario.jpg\",\"width\":748,\"height\":394},{\"@type\":\"BreadcrumbList\",\"@id\":\"https:\/\/www.padreeustaquio.com.br\/irmas-do-coracao-de-maria-visitam-o-santuario-da-saude-e-da-paz\/#breadcrumb\",\"itemListElement\":[{\"@type\":\"ListItem\",\"position\":1,\"name\":\"In\u00edcio\",\"item\":\"https:\/\/www.padreeustaquio.com.br\/\"},{\"@type\":\"ListItem\",\"position\":2,\"name\":\"Irm\u00e3s do Cora\u00e7\u00e3o de Maria visitam o Santu\u00e1rio da Sa\u00fade e da Paz\"}]},{\"@type\":\"WebSite\",\"@id\":\"https:\/\/www.padreeustaquio.com.br\/#website\",\"url\":\"https:\/\/www.padreeustaquio.com.br\/\",\"name\":\"Padre Eust\u00e1quio\",\"description\":\"Sa\u00fade e Paz\",\"publisher\":{\"@id\":\"https:\/\/www.padreeustaquio.com.br\/#organization\"},\"potentialAction\":[{\"@type\":\"SearchAction\",\"target\":{\"@type\":\"EntryPoint\",\"urlTemplate\":\"https:\/\/www.padreeustaquio.com.br\/?s={search_term_string}\"},\"query-input\":{\"@type\":\"PropertyValueSpecification\",\"valueRequired\":true,\"valueName\":\"search_term_string\"}}],\"inLanguage\":\"es\"},{\"@type\":\"Organization\",\"@id\":\"https:\/\/www.padreeustaquio.com.br\/#organization\",\"name\":\"Padre Eust\u00e1quio\",\"url\":\"https:\/\/www.padreeustaquio.com.br\/\",\"logo\":{\"@type\":\"ImageObject\",\"inLanguage\":\"es\",\"@id\":\"https:\/\/www.padreeustaquio.com.br\/#\/schema\/logo\/image\/\",\"url\":\"https:\/\/www.padreeustaquio.com.br\/wp-content\/uploads\/2019\/08\/marca.png\",\"contentUrl\":\"https:\/\/www.padreeustaquio.com.br\/wp-content\/uploads\/2019\/08\/marca.png\",\"width\":350,\"height\":400,\"caption\":\"Padre Eust\u00e1quio\"},\"image\":{\"@id\":\"https:\/\/www.padreeustaquio.com.br\/#\/schema\/logo\/image\/\"},\"sameAs\":[\"https:\/\/www.facebook.com\/beatopadreeustaquio\/\",\"https:\/\/x.com\/beatopeustaquio\",\"https:\/\/www.instagram.com\/beatopadreeustaquio\/\",\"https:\/\/www.youtube.com\/channel\/UCRhw7vfabnajwLxb1ZXMeIw\"]},{\"@type\":\"Person\",\"@id\":\"https:\/\/www.padreeustaquio.com.br\/#\/schema\/person\/a2a51db1d00f1a7af0204a0f1ddb1566\",\"name\":\"@sscc\",\"image\":{\"@type\":\"ImageObject\",\"inLanguage\":\"es\",\"@id\":\"https:\/\/secure.gravatar.com\/avatar\/68cfafa5f44617fea54071e215026e0ff06be366c3d54a8425f04fdcb86f8c5f?s=96&d=mm&r=g\",\"url\":\"https:\/\/secure.gravatar.com\/avatar\/68cfafa5f44617fea54071e215026e0ff06be366c3d54a8425f04fdcb86f8c5f?s=96&d=mm&r=g\",\"contentUrl\":\"https:\/\/secure.gravatar.com\/avatar\/68cfafa5f44617fea54071e215026e0ff06be366c3d54a8425f04fdcb86f8c5f?s=96&d=mm&r=g\",\"caption\":\"@sscc\"},\"url\":\"https:\/\/www.padreeustaquio.com.br\/es\/author\/sscc\/\"}]}<\/script>\n<!-- \/ Yoast SEO plugin. -->","yoast_head_json":{"title":"Hermanas del Coraz\u00f3n de Mar\u00eda visitan el Santuario de la Salud y la Paz.","description":"Unas veinte Hermanas del Coraz\u00f3n de Mar\u00eda se reunieron en el Santuario de la Salud y la Paz, Iglesia del Beato Eustaquio, para participar en una reuni\u00f3n. El tema elegido fue &quot;El Padre Eustaquio y la Sinodalidad&quot;.","robots":{"index":"index","follow":"follow","max-snippet":"max-snippet:-1","max-image-preview":"max-image-preview:large","max-video-preview":"max-video-preview:-1"},"canonical":"https:\/\/www.padreeustaquio.com.br\/es\/hermanas-del-corazon-de-maria-visitan-el-santuario-de-la-salud-y-la-paz\/","og_locale":"es_ES","og_type":"article","og_title":"Irm\u00e3s do Cora\u00e7\u00e3o de Maria visitam o Santu\u00e1rio da Sa\u00fade e da Paz","og_description":"Cerca de 20 irm\u00e3s do Cora\u00e7\u00e3o de Maria, estiveram no Santu\u00e1rio da Sa\u00fade e da Paz, Igreja do Bem-aventurado Eust\u00e1quio, para participarem de um encontro. O tema escolhido foi \"Padre Eust\u00e1quio e a Sinodalidade\".","og_url":"https:\/\/www.padreeustaquio.com.br\/es\/hermanas-del-corazon-de-maria-visitan-el-santuario-de-la-salud-y-la-paz\/","og_site_name":"Padre Eust\u00e1quio","article_publisher":"https:\/\/www.facebook.com\/beatopadreeustaquio\/","article_published_time":"2022-05-09T08:38:00+00:00","og_image":[{"width":748,"height":394,"url":"https:\/\/www.padreeustaquio.com.br\/wp-content\/uploads\/2022\/05\/irmas-encontram-no-santuario.jpg","type":"image\/jpeg"}],"author":"@sscc","twitter_card":"summary_large_image","twitter_creator":"@beatopeustaquio","twitter_site":"@beatopeustaquio","twitter_misc":{"Escrito por":"@sscc","Tiempo de lectura":"1 minuto"},"schema":{"@context":"https:\/\/schema.org","@graph":[{"@type":"Article","@id":"https:\/\/www.padreeustaquio.com.br\/irmas-do-coracao-de-maria-visitam-o-santuario-da-saude-e-da-paz\/#article","isPartOf":{"@id":"https:\/\/www.padreeustaquio.com.br\/irmas-do-coracao-de-maria-visitam-o-santuario-da-saude-e-da-paz\/"},"author":{"name":"@sscc","@id":"https:\/\/www.padreeustaquio.com.br\/#\/schema\/person\/a2a51db1d00f1a7af0204a0f1ddb1566"},"headline":"Irm\u00e3s do Cora\u00e7\u00e3o de Maria visitam o Santu\u00e1rio da Sa\u00fade e da Paz","datePublished":"2022-05-09T08:38:00+00:00","mainEntityOfPage":{"@id":"https:\/\/www.padreeustaquio.com.br\/irmas-do-coracao-de-maria-visitam-o-santuario-da-saude-e-da-paz\/"},"wordCount":235,"commentCount":0,"publisher":{"@id":"https:\/\/www.padreeustaquio.com.br\/#organization"},"image":{"@id":"https:\/\/www.padreeustaquio.com.br\/irmas-do-coracao-de-maria-visitam-o-santuario-da-saude-e-da-paz\/#primaryimage"},"thumbnailUrl":"https:\/\/www.padreeustaquio.com.br\/wp-content\/uploads\/2022\/05\/irmas-encontram-no-santuario.jpg","articleSection":["Not\u00edcias"],"inLanguage":"es","potentialAction":[{"@type":"CommentAction","name":"Comment","target":["https:\/\/www.padreeustaquio.com.br\/irmas-do-coracao-de-maria-visitam-o-santuario-da-saude-e-da-paz\/#respond"]}]},{"@type":"WebPage","@id":"https:\/\/www.padreeustaquio.com.br\/irmas-do-coracao-de-maria-visitam-o-santuario-da-saude-e-da-paz\/","url":"https:\/\/www.padreeustaquio.com.br\/irmas-do-coracao-de-maria-visitam-o-santuario-da-saude-e-da-paz\/","name":"Hermanas del Coraz\u00f3n de Mar\u00eda visitan el Santuario de la Salud y la Paz.","isPartOf":{"@id":"https:\/\/www.padreeustaquio.com.br\/#website"},"primaryImageOfPage":{"@id":"https:\/\/www.padreeustaquio.com.br\/irmas-do-coracao-de-maria-visitam-o-santuario-da-saude-e-da-paz\/#primaryimage"},"image":{"@id":"https:\/\/www.padreeustaquio.com.br\/irmas-do-coracao-de-maria-visitam-o-santuario-da-saude-e-da-paz\/#primaryimage"},"thumbnailUrl":"https:\/\/www.padreeustaquio.com.br\/wp-content\/uploads\/2022\/05\/irmas-encontram-no-santuario.jpg","datePublished":"2022-05-09T08:38:00+00:00","description":"Unas veinte Hermanas del Coraz\u00f3n de Mar\u00eda se reunieron en el Santuario de la Salud y la Paz, Iglesia del Beato Eustaquio, para participar en una reuni\u00f3n. El tema elegido fue &quot;El Padre Eustaquio y la Sinodalidad&quot;.","breadcrumb":{"@id":"https:\/\/www.padreeustaquio.com.br\/irmas-do-coracao-de-maria-visitam-o-santuario-da-saude-e-da-paz\/#breadcrumb"},"inLanguage":"es","potentialAction":[{"@type":"ReadAction","target":["https:\/\/www.padreeustaquio.com.br\/irmas-do-coracao-de-maria-visitam-o-santuario-da-saude-e-da-paz\/"]}]},{"@type":"ImageObject","inLanguage":"es","@id":"https:\/\/www.padreeustaquio.com.br\/irmas-do-coracao-de-maria-visitam-o-santuario-da-saude-e-da-paz\/#primaryimage","url":"https:\/\/www.padreeustaquio.com.br\/wp-content\/uploads\/2022\/05\/irmas-encontram-no-santuario.jpg","contentUrl":"https:\/\/www.padreeustaquio.com.br\/wp-content\/uploads\/2022\/05\/irmas-encontram-no-santuario.jpg","width":748,"height":394},{"@type":"BreadcrumbList","@id":"https:\/\/www.padreeustaquio.com.br\/irmas-do-coracao-de-maria-visitam-o-santuario-da-saude-e-da-paz\/#breadcrumb","itemListElement":[{"@type":"ListItem","position":1,"name":"In\u00edcio","item":"https:\/\/www.padreeustaquio.com.br\/"},{"@type":"ListItem","position":2,"name":"Irm\u00e3s do Cora\u00e7\u00e3o de Maria visitam o Santu\u00e1rio da Sa\u00fade e da Paz"}]},{"@type":"WebSite","@id":"https:\/\/www.padreeustaquio.com.br\/#website","url":"https:\/\/www.padreeustaquio.com.br\/","name":"Padre Eustace","description":"Salud y Paz","publisher":{"@id":"https:\/\/www.padreeustaquio.com.br\/#organization"},"potentialAction":[{"@type":"SearchAction","target":{"@type":"EntryPoint","urlTemplate":"https:\/\/www.padreeustaquio.com.br\/?s={search_term_string}"},"query-input":{"@type":"PropertyValueSpecification","valueRequired":true,"valueName":"search_term_string"}}],"inLanguage":"es"},{"@type":"Organization","@id":"https:\/\/www.padreeustaquio.com.br\/#organization","name":"Padre Eustace","url":"https:\/\/www.padreeustaquio.com.br\/","logo":{"@type":"ImageObject","inLanguage":"es","@id":"https:\/\/www.padreeustaquio.com.br\/#\/schema\/logo\/image\/","url":"https:\/\/www.padreeustaquio.com.br\/wp-content\/uploads\/2019\/08\/marca.png","contentUrl":"https:\/\/www.padreeustaquio.com.br\/wp-content\/uploads\/2019\/08\/marca.png","width":350,"height":400,"caption":"Padre Eust\u00e1quio"},"image":{"@id":"https:\/\/www.padreeustaquio.com.br\/#\/schema\/logo\/image\/"},"sameAs":["https:\/\/www.facebook.com\/beatopadreeustaquio\/","https:\/\/x.com\/beatopeustaquio","https:\/\/www.instagram.com\/beatopadreeustaquio\/","https:\/\/www.youtube.com\/channel\/UCRhw7vfabnajwLxb1ZXMeIw"]},{"@type":"Person","@id":"https:\/\/www.padreeustaquio.com.br\/#\/schema\/person\/a2a51db1d00f1a7af0204a0f1ddb1566","name":"@sscc","image":{"@type":"ImageObject","inLanguage":"es","@id":"https:\/\/secure.gravatar.com\/avatar\/68cfafa5f44617fea54071e215026e0ff06be366c3d54a8425f04fdcb86f8c5f?s=96&d=mm&r=g","url":"https:\/\/secure.gravatar.com\/avatar\/68cfafa5f44617fea54071e215026e0ff06be366c3d54a8425f04fdcb86f8c5f?s=96&d=mm&r=g","contentUrl":"https:\/\/secure.gravatar.com\/avatar\/68cfafa5f44617fea54071e215026e0ff06be366c3d54a8425f04fdcb86f8c5f?s=96&d=mm&r=g","caption":"@sscc"},"url":"https:\/\/www.padreeustaquio.com.br\/es\/author\/sscc\/"}]}},"_links":{"self":[{"href":"https:\/\/www.padreeustaquio.com.br\/es\/wp-json\/wp\/v2\/posts\/8599","targetHints":{"allow":["GET"]}}],"collection":[{"href":"https:\/\/www.padreeustaquio.com.br\/es\/wp-json\/wp\/v2\/posts"}],"about":[{"href":"https:\/\/www.padreeustaquio.com.br\/es\/wp-json\/wp\/v2\/types\/post"}],"author":[{"embeddable":true,"href":"https:\/\/www.padreeustaquio.com.br\/es\/wp-json\/wp\/v2\/users\/2"}],"replies":[{"embeddable":true,"href":"https:\/\/www.padreeustaquio.com.br\/es\/wp-json\/wp\/v2\/comments?post=8599"}],"version-history":[{"count":0,"href":"https:\/\/www.padreeustaquio.com.br\/es\/wp-json\/wp\/v2\/posts\/8599\/revisions"}],"wp:featuredmedia":[{"embeddable":true,"href":"https:\/\/www.padreeustaquio.com.br\/es\/wp-json\/wp\/v2\/media\/8600"}],"wp:attachment":[{"href":"https:\/\/www.padreeustaquio.com.br\/es\/wp-json\/wp\/v2\/media?parent=8599"}],"wp:term":[{"taxonomy":"category","embeddable":true,"href":"https:\/\/www.padreeustaquio.com.br\/es\/wp-json\/wp\/v2\/categories?post=8599"},{"taxonomy":"post_tag","embeddable":true,"href":"https:\/\/www.padreeustaquio.com.br\/es\/wp-json\/wp\/v2\/tags?post=8599"}],"curies":[{"name":"wp","href":"https:\/\/api.w.org\/{rel}","templated":true}]}}