{"id":8581,"date":"2022-05-05T09:13:40","date_gmt":"2022-05-05T12:13:40","guid":{"rendered":"https:\/\/www.padreeustaquio.com.br\/?p=8581"},"modified":"2022-05-05T09:13:41","modified_gmt":"2022-05-05T12:13:41","slug":"vicepostulantado-recibe-testimonios-de-devotos-del-padre-eustaquio","status":"publish","type":"post","link":"https:\/\/www.padreeustaquio.com.br\/es\/vicepostulantado-recibe-testimonios-de-devotos-del-padre-eustaquio\/","title":{"rendered":"La Vicepostulaci\u00f3n recibe testimonios de devotos del Padre Eust\u00e1quio."},"content":{"rendered":"<p>El Secretariado Nacional para la Causa de Canonizaci\u00f3n del Padre Eust\u00e1quio est\u00e1 catalogando los testimonios de las gracias recibidas por intercesi\u00f3n del Beato. La idea es que el archivo est\u00e9 disponible para el uso de la vicepostulaci\u00f3n en los trabajos de canonizaci\u00f3n del Beato.<\/p>\n\n\n\n<p>Los interesados pueden enviar un correo electr\u00f3nico a contato@padreeustaquio.com.br contando la gracia recibida por intercesi\u00f3n del Padre Eust\u00e1quio. Es importante que la historia sea completa y detalle el problema que atravesaban hasta recibir la gracia.<\/p>\n\n\n\n<p>Con frecuencia recibimos diversas gracias obtenidas por la intercesi\u00f3n del Misionero de la Salud y la Paz, pero hasta la fecha, solo una ha sido reconocida como milagro por el Vaticano: la curaci\u00f3n del c\u00e1ncer de garganta del Padre Gon\u00e7alo Bel\u00e9m. Para que el Padre Eust\u00e1quio sea canonizado, necesita una gracia m\u00e1s reconocida por la Iglesia. Esta gracia debi\u00f3 haber ocurrido despu\u00e9s de la beatificaci\u00f3n del sacerdote holand\u00e9s, que tuvo lugar el 15 de junio de 2006.<\/p>\n\n\n\n<p><\/p>","protected":false},"excerpt":{"rendered":"<p>O Secretariado Nacional para a Causa de Canoniza\u00e7\u00e3o de Padre Eust\u00e1quio est\u00e1 catalogando testemunhos de gra\u00e7as alcan\u00e7adas por meio da intercess\u00e3o do Beato. A ideia \u00e9 que o arquivo fique dispon\u00edvel para uso da vice-postula\u00e7\u00e3o no trabalho para canoniza\u00e7\u00e3o do Bem-aventurado. Os interessados podem mandar um e-mail para contato@padreeustaquio.com.br contando a gra\u00e7a que alcan\u00e7ou por meio da intercess\u00e3o de Padre Eust\u00e1quio. \u00c9 importante que a hist\u00f3ria seja completa, contando com detalhes o problema por qual passava, at\u00e9 a obten\u00e7\u00e3o da gra\u00e7a. Recebemos com frequ\u00eancia v\u00e1rias gra\u00e7as alcan\u00e7adas por meio da intercess\u00e3o do Mission\u00e1rio da Sa\u00fade e da Paz, mas at\u00e9 [&hellip;]<\/p>\n","protected":false},"author":2,"featured_media":8582,"comment_status":"open","ping_status":"closed","sticky":false,"template":"","format":"standard","meta":{"_acf_changed":false,"footnotes":""},"categories":[611],"tags":[],"class_list":["post-8581","post","type-post","status-publish","format-standard","has-post-thumbnail","hentry","category-noticias"],"acf":[],"yoast_head":"<!-- This site is optimized with the Yoast SEO plugin v27.2 - https:\/\/yoast.com\/product\/yoast-seo-wordpress\/ -->\n<title>Vice-postuala\u00e7\u00e3o recebe testemunhos de devotos do Padre Eust\u00e1quio<\/title>\n<meta name=\"description\" content=\"O Secretariado Nacional para a Causa de Canoniza\u00e7\u00e3o de Padre Eust\u00e1quio est\u00e1 catalogando testemunhos de gra\u00e7as alcan\u00e7adas por meio da intercess\u00e3o do Beato. A ideia \u00e9 que o arquivo fique dispon\u00edvel para uso da vice-postula\u00e7\u00e3o no trabalho para canoniza\u00e7\u00e3o do Bem-aventurado.\" \/>\n<meta name=\"robots\" content=\"index, follow, max-snippet:-1, max-image-preview:large, max-video-preview:-1\" \/>\n<link rel=\"canonical\" href=\"https:\/\/www.padreeustaquio.com.br\/es\/vicepostulantado-recibe-testimonios-de-devotos-del-padre-eustaquio\/\" \/>\n<meta property=\"og:locale\" content=\"es_ES\" \/>\n<meta property=\"og:type\" content=\"article\" \/>\n<meta property=\"og:title\" content=\"Vice-postuala\u00e7\u00e3o recebe testemunhos de devotos do Padre Eust\u00e1quio\" \/>\n<meta property=\"og:description\" content=\"O Secretariado Nacional para a Causa de Canoniza\u00e7\u00e3o de Padre Eust\u00e1quio est\u00e1 catalogando testemunhos de gra\u00e7as alcan\u00e7adas por meio da intercess\u00e3o do Beato. A ideia \u00e9 que o arquivo fique dispon\u00edvel para uso da vice-postula\u00e7\u00e3o no trabalho para canoniza\u00e7\u00e3o do Bem-aventurado.\" \/>\n<meta property=\"og:url\" content=\"https:\/\/www.padreeustaquio.com.br\/es\/vicepostulantado-recibe-testimonios-de-devotos-del-padre-eustaquio\/\" \/>\n<meta property=\"og:site_name\" content=\"Padre Eust\u00e1quio\" \/>\n<meta property=\"article:publisher\" content=\"https:\/\/www.facebook.com\/beatopadreeustaquio\/\" \/>\n<meta property=\"article:published_time\" content=\"2022-05-05T12:13:40+00:00\" \/>\n<meta property=\"article:modified_time\" content=\"2022-05-05T12:13:41+00:00\" \/>\n<meta property=\"og:image\" content=\"https:\/\/www.padreeustaquio.com.br\/wp-content\/uploads\/2022\/05\/testemunhos.jpg\" \/>\n\t<meta property=\"og:image:width\" content=\"748\" \/>\n\t<meta property=\"og:image:height\" content=\"394\" \/>\n\t<meta property=\"og:image:type\" content=\"image\/jpeg\" \/>\n<meta name=\"author\" content=\"@sscc\" \/>\n<meta name=\"twitter:card\" content=\"summary_large_image\" \/>\n<meta name=\"twitter:creator\" content=\"@beatopeustaquio\" \/>\n<meta name=\"twitter:site\" content=\"@beatopeustaquio\" \/>\n<meta name=\"twitter:label1\" content=\"Escrito por\" \/>\n\t<meta name=\"twitter:data1\" content=\"@sscc\" \/>\n\t<meta name=\"twitter:label2\" content=\"Tiempo de lectura\" \/>\n\t<meta name=\"twitter:data2\" content=\"1 minuto\" \/>\n<script type=\"application\/ld+json\" class=\"yoast-schema-graph\">{\"@context\":\"https:\/\/schema.org\",\"@graph\":[{\"@type\":\"Article\",\"@id\":\"https:\/\/www.padreeustaquio.com.br\/vice-postualacao-recebe-testemunhos-de-devotos-do-padre-eustaquio\/#article\",\"isPartOf\":{\"@id\":\"https:\/\/www.padreeustaquio.com.br\/vice-postualacao-recebe-testemunhos-de-devotos-do-padre-eustaquio\/\"},\"author\":{\"name\":\"@sscc\",\"@id\":\"https:\/\/www.padreeustaquio.com.br\/#\/schema\/person\/a2a51db1d00f1a7af0204a0f1ddb1566\"},\"headline\":\"Vice-postuala\u00e7\u00e3o recebe testemunhos de devotos do Padre Eust\u00e1quio\",\"datePublished\":\"2022-05-05T12:13:40+00:00\",\"dateModified\":\"2022-05-05T12:13:41+00:00\",\"mainEntityOfPage\":{\"@id\":\"https:\/\/www.padreeustaquio.com.br\/vice-postualacao-recebe-testemunhos-de-devotos-do-padre-eustaquio\/\"},\"wordCount\":194,\"commentCount\":0,\"publisher\":{\"@id\":\"https:\/\/www.padreeustaquio.com.br\/#organization\"},\"image\":{\"@id\":\"https:\/\/www.padreeustaquio.com.br\/vice-postualacao-recebe-testemunhos-de-devotos-do-padre-eustaquio\/#primaryimage\"},\"thumbnailUrl\":\"https:\/\/www.padreeustaquio.com.br\/wp-content\/uploads\/2022\/05\/testemunhos.jpg\",\"articleSection\":[\"Not\u00edcias\"],\"inLanguage\":\"es\",\"potentialAction\":[{\"@type\":\"CommentAction\",\"name\":\"Comment\",\"target\":[\"https:\/\/www.padreeustaquio.com.br\/vice-postualacao-recebe-testemunhos-de-devotos-do-padre-eustaquio\/#respond\"]}]},{\"@type\":\"WebPage\",\"@id\":\"https:\/\/www.padreeustaquio.com.br\/vice-postualacao-recebe-testemunhos-de-devotos-do-padre-eustaquio\/\",\"url\":\"https:\/\/www.padreeustaquio.com.br\/vice-postualacao-recebe-testemunhos-de-devotos-do-padre-eustaquio\/\",\"name\":\"Vice-postuala\u00e7\u00e3o recebe testemunhos de devotos do Padre Eust\u00e1quio\",\"isPartOf\":{\"@id\":\"https:\/\/www.padreeustaquio.com.br\/#website\"},\"primaryImageOfPage\":{\"@id\":\"https:\/\/www.padreeustaquio.com.br\/vice-postualacao-recebe-testemunhos-de-devotos-do-padre-eustaquio\/#primaryimage\"},\"image\":{\"@id\":\"https:\/\/www.padreeustaquio.com.br\/vice-postualacao-recebe-testemunhos-de-devotos-do-padre-eustaquio\/#primaryimage\"},\"thumbnailUrl\":\"https:\/\/www.padreeustaquio.com.br\/wp-content\/uploads\/2022\/05\/testemunhos.jpg\",\"datePublished\":\"2022-05-05T12:13:40+00:00\",\"dateModified\":\"2022-05-05T12:13:41+00:00\",\"description\":\"O Secretariado Nacional para a Causa de Canoniza\u00e7\u00e3o de Padre Eust\u00e1quio est\u00e1 catalogando testemunhos de gra\u00e7as alcan\u00e7adas por meio da intercess\u00e3o do Beato. A ideia \u00e9 que o arquivo fique dispon\u00edvel para uso da vice-postula\u00e7\u00e3o no trabalho para canoniza\u00e7\u00e3o do Bem-aventurado.\",\"breadcrumb\":{\"@id\":\"https:\/\/www.padreeustaquio.com.br\/vice-postualacao-recebe-testemunhos-de-devotos-do-padre-eustaquio\/#breadcrumb\"},\"inLanguage\":\"es\",\"potentialAction\":[{\"@type\":\"ReadAction\",\"target\":[\"https:\/\/www.padreeustaquio.com.br\/vice-postualacao-recebe-testemunhos-de-devotos-do-padre-eustaquio\/\"]}]},{\"@type\":\"ImageObject\",\"inLanguage\":\"es\",\"@id\":\"https:\/\/www.padreeustaquio.com.br\/vice-postualacao-recebe-testemunhos-de-devotos-do-padre-eustaquio\/#primaryimage\",\"url\":\"https:\/\/www.padreeustaquio.com.br\/wp-content\/uploads\/2022\/05\/testemunhos.jpg\",\"contentUrl\":\"https:\/\/www.padreeustaquio.com.br\/wp-content\/uploads\/2022\/05\/testemunhos.jpg\",\"width\":748,\"height\":394},{\"@type\":\"BreadcrumbList\",\"@id\":\"https:\/\/www.padreeustaquio.com.br\/vice-postualacao-recebe-testemunhos-de-devotos-do-padre-eustaquio\/#breadcrumb\",\"itemListElement\":[{\"@type\":\"ListItem\",\"position\":1,\"name\":\"In\u00edcio\",\"item\":\"https:\/\/www.padreeustaquio.com.br\/\"},{\"@type\":\"ListItem\",\"position\":2,\"name\":\"Vice-postuala\u00e7\u00e3o recebe testemunhos de devotos do Padre Eust\u00e1quio\"}]},{\"@type\":\"WebSite\",\"@id\":\"https:\/\/www.padreeustaquio.com.br\/#website\",\"url\":\"https:\/\/www.padreeustaquio.com.br\/\",\"name\":\"Padre Eust\u00e1quio\",\"description\":\"Sa\u00fade e Paz\",\"publisher\":{\"@id\":\"https:\/\/www.padreeustaquio.com.br\/#organization\"},\"potentialAction\":[{\"@type\":\"SearchAction\",\"target\":{\"@type\":\"EntryPoint\",\"urlTemplate\":\"https:\/\/www.padreeustaquio.com.br\/?s={search_term_string}\"},\"query-input\":{\"@type\":\"PropertyValueSpecification\",\"valueRequired\":true,\"valueName\":\"search_term_string\"}}],\"inLanguage\":\"es\"},{\"@type\":\"Organization\",\"@id\":\"https:\/\/www.padreeustaquio.com.br\/#organization\",\"name\":\"Padre Eust\u00e1quio\",\"url\":\"https:\/\/www.padreeustaquio.com.br\/\",\"logo\":{\"@type\":\"ImageObject\",\"inLanguage\":\"es\",\"@id\":\"https:\/\/www.padreeustaquio.com.br\/#\/schema\/logo\/image\/\",\"url\":\"https:\/\/www.padreeustaquio.com.br\/wp-content\/uploads\/2019\/08\/marca.png\",\"contentUrl\":\"https:\/\/www.padreeustaquio.com.br\/wp-content\/uploads\/2019\/08\/marca.png\",\"width\":350,\"height\":400,\"caption\":\"Padre Eust\u00e1quio\"},\"image\":{\"@id\":\"https:\/\/www.padreeustaquio.com.br\/#\/schema\/logo\/image\/\"},\"sameAs\":[\"https:\/\/www.facebook.com\/beatopadreeustaquio\/\",\"https:\/\/x.com\/beatopeustaquio\",\"https:\/\/www.instagram.com\/beatopadreeustaquio\/\",\"https:\/\/www.youtube.com\/channel\/UCRhw7vfabnajwLxb1ZXMeIw\"]},{\"@type\":\"Person\",\"@id\":\"https:\/\/www.padreeustaquio.com.br\/#\/schema\/person\/a2a51db1d00f1a7af0204a0f1ddb1566\",\"name\":\"@sscc\",\"image\":{\"@type\":\"ImageObject\",\"inLanguage\":\"es\",\"@id\":\"https:\/\/secure.gravatar.com\/avatar\/68cfafa5f44617fea54071e215026e0ff06be366c3d54a8425f04fdcb86f8c5f?s=96&d=mm&r=g\",\"url\":\"https:\/\/secure.gravatar.com\/avatar\/68cfafa5f44617fea54071e215026e0ff06be366c3d54a8425f04fdcb86f8c5f?s=96&d=mm&r=g\",\"contentUrl\":\"https:\/\/secure.gravatar.com\/avatar\/68cfafa5f44617fea54071e215026e0ff06be366c3d54a8425f04fdcb86f8c5f?s=96&d=mm&r=g\",\"caption\":\"@sscc\"},\"url\":\"https:\/\/www.padreeustaquio.com.br\/es\/author\/sscc\/\"}]}<\/script>\n<!-- \/ Yoast SEO plugin. -->","yoast_head_json":{"title":"La Vicepostulaci\u00f3n recibe testimonios de devotos del Padre Eust\u00e1quio.","description":"El Secretariado Nacional para la Causa de Canonizaci\u00f3n del Padre Eust\u00e1quio est\u00e1 catalogando los testimonios de las gracias recibidas por intercesi\u00f3n del Beato. La idea es que el archivo est\u00e9 disponible para el uso de la vicepostulaci\u00f3n en los trabajos de canonizaci\u00f3n del Beato.","robots":{"index":"index","follow":"follow","max-snippet":"max-snippet:-1","max-image-preview":"max-image-preview:large","max-video-preview":"max-video-preview:-1"},"canonical":"https:\/\/www.padreeustaquio.com.br\/es\/vicepostulantado-recibe-testimonios-de-devotos-del-padre-eustaquio\/","og_locale":"es_ES","og_type":"article","og_title":"Vice-postuala\u00e7\u00e3o recebe testemunhos de devotos do Padre Eust\u00e1quio","og_description":"O Secretariado Nacional para a Causa de Canoniza\u00e7\u00e3o de Padre Eust\u00e1quio est\u00e1 catalogando testemunhos de gra\u00e7as alcan\u00e7adas por meio da intercess\u00e3o do Beato. A ideia \u00e9 que o arquivo fique dispon\u00edvel para uso da vice-postula\u00e7\u00e3o no trabalho para canoniza\u00e7\u00e3o do Bem-aventurado.","og_url":"https:\/\/www.padreeustaquio.com.br\/es\/vicepostulantado-recibe-testimonios-de-devotos-del-padre-eustaquio\/","og_site_name":"Padre Eust\u00e1quio","article_publisher":"https:\/\/www.facebook.com\/beatopadreeustaquio\/","article_published_time":"2022-05-05T12:13:40+00:00","article_modified_time":"2022-05-05T12:13:41+00:00","og_image":[{"width":748,"height":394,"url":"https:\/\/www.padreeustaquio.com.br\/wp-content\/uploads\/2022\/05\/testemunhos.jpg","type":"image\/jpeg"}],"author":"@sscc","twitter_card":"summary_large_image","twitter_creator":"@beatopeustaquio","twitter_site":"@beatopeustaquio","twitter_misc":{"Escrito por":"@sscc","Tiempo de lectura":"1 minuto"},"schema":{"@context":"https:\/\/schema.org","@graph":[{"@type":"Article","@id":"https:\/\/www.padreeustaquio.com.br\/vice-postualacao-recebe-testemunhos-de-devotos-do-padre-eustaquio\/#article","isPartOf":{"@id":"https:\/\/www.padreeustaquio.com.br\/vice-postualacao-recebe-testemunhos-de-devotos-do-padre-eustaquio\/"},"author":{"name":"@sscc","@id":"https:\/\/www.padreeustaquio.com.br\/#\/schema\/person\/a2a51db1d00f1a7af0204a0f1ddb1566"},"headline":"Vice-postuala\u00e7\u00e3o recebe testemunhos de devotos do Padre Eust\u00e1quio","datePublished":"2022-05-05T12:13:40+00:00","dateModified":"2022-05-05T12:13:41+00:00","mainEntityOfPage":{"@id":"https:\/\/www.padreeustaquio.com.br\/vice-postualacao-recebe-testemunhos-de-devotos-do-padre-eustaquio\/"},"wordCount":194,"commentCount":0,"publisher":{"@id":"https:\/\/www.padreeustaquio.com.br\/#organization"},"image":{"@id":"https:\/\/www.padreeustaquio.com.br\/vice-postualacao-recebe-testemunhos-de-devotos-do-padre-eustaquio\/#primaryimage"},"thumbnailUrl":"https:\/\/www.padreeustaquio.com.br\/wp-content\/uploads\/2022\/05\/testemunhos.jpg","articleSection":["Not\u00edcias"],"inLanguage":"es","potentialAction":[{"@type":"CommentAction","name":"Comment","target":["https:\/\/www.padreeustaquio.com.br\/vice-postualacao-recebe-testemunhos-de-devotos-do-padre-eustaquio\/#respond"]}]},{"@type":"WebPage","@id":"https:\/\/www.padreeustaquio.com.br\/vice-postualacao-recebe-testemunhos-de-devotos-do-padre-eustaquio\/","url":"https:\/\/www.padreeustaquio.com.br\/vice-postualacao-recebe-testemunhos-de-devotos-do-padre-eustaquio\/","name":"La Vicepostulaci\u00f3n recibe testimonios de devotos del Padre Eust\u00e1quio.","isPartOf":{"@id":"https:\/\/www.padreeustaquio.com.br\/#website"},"primaryImageOfPage":{"@id":"https:\/\/www.padreeustaquio.com.br\/vice-postualacao-recebe-testemunhos-de-devotos-do-padre-eustaquio\/#primaryimage"},"image":{"@id":"https:\/\/www.padreeustaquio.com.br\/vice-postualacao-recebe-testemunhos-de-devotos-do-padre-eustaquio\/#primaryimage"},"thumbnailUrl":"https:\/\/www.padreeustaquio.com.br\/wp-content\/uploads\/2022\/05\/testemunhos.jpg","datePublished":"2022-05-05T12:13:40+00:00","dateModified":"2022-05-05T12:13:41+00:00","description":"El Secretariado Nacional para la Causa de Canonizaci\u00f3n del Padre Eust\u00e1quio est\u00e1 catalogando los testimonios de las gracias recibidas por intercesi\u00f3n del Beato. La idea es que el archivo est\u00e9 disponible para el uso de la vicepostulaci\u00f3n en los trabajos de canonizaci\u00f3n del Beato.","breadcrumb":{"@id":"https:\/\/www.padreeustaquio.com.br\/vice-postualacao-recebe-testemunhos-de-devotos-do-padre-eustaquio\/#breadcrumb"},"inLanguage":"es","potentialAction":[{"@type":"ReadAction","target":["https:\/\/www.padreeustaquio.com.br\/vice-postualacao-recebe-testemunhos-de-devotos-do-padre-eustaquio\/"]}]},{"@type":"ImageObject","inLanguage":"es","@id":"https:\/\/www.padreeustaquio.com.br\/vice-postualacao-recebe-testemunhos-de-devotos-do-padre-eustaquio\/#primaryimage","url":"https:\/\/www.padreeustaquio.com.br\/wp-content\/uploads\/2022\/05\/testemunhos.jpg","contentUrl":"https:\/\/www.padreeustaquio.com.br\/wp-content\/uploads\/2022\/05\/testemunhos.jpg","width":748,"height":394},{"@type":"BreadcrumbList","@id":"https:\/\/www.padreeustaquio.com.br\/vice-postualacao-recebe-testemunhos-de-devotos-do-padre-eustaquio\/#breadcrumb","itemListElement":[{"@type":"ListItem","position":1,"name":"In\u00edcio","item":"https:\/\/www.padreeustaquio.com.br\/"},{"@type":"ListItem","position":2,"name":"Vice-postuala\u00e7\u00e3o recebe testemunhos de devotos do Padre Eust\u00e1quio"}]},{"@type":"WebSite","@id":"https:\/\/www.padreeustaquio.com.br\/#website","url":"https:\/\/www.padreeustaquio.com.br\/","name":"Padre Eustace","description":"Salud y Paz","publisher":{"@id":"https:\/\/www.padreeustaquio.com.br\/#organization"},"potentialAction":[{"@type":"SearchAction","target":{"@type":"EntryPoint","urlTemplate":"https:\/\/www.padreeustaquio.com.br\/?s={search_term_string}"},"query-input":{"@type":"PropertyValueSpecification","valueRequired":true,"valueName":"search_term_string"}}],"inLanguage":"es"},{"@type":"Organization","@id":"https:\/\/www.padreeustaquio.com.br\/#organization","name":"Padre Eustace","url":"https:\/\/www.padreeustaquio.com.br\/","logo":{"@type":"ImageObject","inLanguage":"es","@id":"https:\/\/www.padreeustaquio.com.br\/#\/schema\/logo\/image\/","url":"https:\/\/www.padreeustaquio.com.br\/wp-content\/uploads\/2019\/08\/marca.png","contentUrl":"https:\/\/www.padreeustaquio.com.br\/wp-content\/uploads\/2019\/08\/marca.png","width":350,"height":400,"caption":"Padre Eust\u00e1quio"},"image":{"@id":"https:\/\/www.padreeustaquio.com.br\/#\/schema\/logo\/image\/"},"sameAs":["https:\/\/www.facebook.com\/beatopadreeustaquio\/","https:\/\/x.com\/beatopeustaquio","https:\/\/www.instagram.com\/beatopadreeustaquio\/","https:\/\/www.youtube.com\/channel\/UCRhw7vfabnajwLxb1ZXMeIw"]},{"@type":"Person","@id":"https:\/\/www.padreeustaquio.com.br\/#\/schema\/person\/a2a51db1d00f1a7af0204a0f1ddb1566","name":"@sscc","image":{"@type":"ImageObject","inLanguage":"es","@id":"https:\/\/secure.gravatar.com\/avatar\/68cfafa5f44617fea54071e215026e0ff06be366c3d54a8425f04fdcb86f8c5f?s=96&d=mm&r=g","url":"https:\/\/secure.gravatar.com\/avatar\/68cfafa5f44617fea54071e215026e0ff06be366c3d54a8425f04fdcb86f8c5f?s=96&d=mm&r=g","contentUrl":"https:\/\/secure.gravatar.com\/avatar\/68cfafa5f44617fea54071e215026e0ff06be366c3d54a8425f04fdcb86f8c5f?s=96&d=mm&r=g","caption":"@sscc"},"url":"https:\/\/www.padreeustaquio.com.br\/es\/author\/sscc\/"}]}},"_links":{"self":[{"href":"https:\/\/www.padreeustaquio.com.br\/es\/wp-json\/wp\/v2\/posts\/8581","targetHints":{"allow":["GET"]}}],"collection":[{"href":"https:\/\/www.padreeustaquio.com.br\/es\/wp-json\/wp\/v2\/posts"}],"about":[{"href":"https:\/\/www.padreeustaquio.com.br\/es\/wp-json\/wp\/v2\/types\/post"}],"author":[{"embeddable":true,"href":"https:\/\/www.padreeustaquio.com.br\/es\/wp-json\/wp\/v2\/users\/2"}],"replies":[{"embeddable":true,"href":"https:\/\/www.padreeustaquio.com.br\/es\/wp-json\/wp\/v2\/comments?post=8581"}],"version-history":[{"count":0,"href":"https:\/\/www.padreeustaquio.com.br\/es\/wp-json\/wp\/v2\/posts\/8581\/revisions"}],"wp:featuredmedia":[{"embeddable":true,"href":"https:\/\/www.padreeustaquio.com.br\/es\/wp-json\/wp\/v2\/media\/8582"}],"wp:attachment":[{"href":"https:\/\/www.padreeustaquio.com.br\/es\/wp-json\/wp\/v2\/media?parent=8581"}],"wp:term":[{"taxonomy":"category","embeddable":true,"href":"https:\/\/www.padreeustaquio.com.br\/es\/wp-json\/wp\/v2\/categories?post=8581"},{"taxonomy":"post_tag","embeddable":true,"href":"https:\/\/www.padreeustaquio.com.br\/es\/wp-json\/wp\/v2\/tags?post=8581"}],"curies":[{"name":"wp","href":"https:\/\/api.w.org\/{rel}","templated":true}]}}