{"id":8545,"date":"2022-04-28T13:46:38","date_gmt":"2022-04-28T16:46:38","guid":{"rendered":"https:\/\/www.padreeustaquio.com.br\/?p=8545"},"modified":"2022-04-28T13:46:46","modified_gmt":"2022-04-28T16:46:46","slug":"el-canal-padre-eustaquio-transmitira-la-novena-a-san-damian-de-molokai","status":"publish","type":"post","link":"https:\/\/www.padreeustaquio.com.br\/es\/el-canal-padre-eustaquio-transmitira-la-novena-a-san-damian-de-molokai\/","title":{"rendered":"El Canal Padre Eust\u00e1quio transmitir\u00e1 la Novena a San Dami\u00e1n de Molokai."},"content":{"rendered":"<p>Se est\u00e1 preparando otra producci\u00f3n original y exclusiva del Canal Padre Eust\u00e1quio. En esta ocasi\u00f3n, rezaremos la novena a San Dami\u00e1n de Molokai, ss.cc. El material ya est\u00e1 en producci\u00f3n.<\/p>\n\n\n\n<p>La grabaci\u00f3n est\u00e1 a cargo del vicepostulador de la Causa de Canonizaci\u00f3n del Beato Padre Eust\u00e1quio, Padre Vin\u00edcius Maciel, ss.cc., y se basa en la novena a San Dami\u00e1n que el propio Padre Vin\u00edcius realiz\u00f3. La transmisi\u00f3n comenzar\u00e1 el pr\u00f3ximo domingo 1 de mayo.<\/p>\n\n\n\n<p><strong>San Dami\u00e1n de Molokai<\/strong><\/p>\n\n\n\n<p>San Dami\u00e1n fue un sacerdote misionero belga perteneciente a la Congregaci\u00f3n de los Sagrados Corazones. Dedic\u00f3 su vida a los leprosos de Molokai, Haw\u00e1i. Dami\u00e1n es el patrono espiritual de los leprosos y las personas marginadas, incluyendo a quienes padecen SIDA.<\/p>\n\n\n\n<p><\/p>","protected":false},"excerpt":{"rendered":"<p>Mais uma produ\u00e7\u00e3o in\u00e9dita e exclusiva do Canal Padre Eust\u00e1quio est\u00e1 sendo preparada. Dessa vez, rezaremos a novena a S\u00e3o Dami\u00e3o de Molokai, ss.cc. O material j\u00e1 est\u00e1 em fase de produ\u00e7\u00e3o. A grava\u00e7\u00e3o est\u00e1 sendo feita pelo vice-postulador da Causa de Canoniza\u00e7\u00e3o de Beato Padre Eust\u00e1quio, Padre Vin\u00edcius Maciel, ss.cc. e \u00e9 baseada na novena a S\u00e3o Dami\u00e3o feita pelo pr\u00f3prio padre Vin\u00edcius. A exibi\u00e7\u00e3o ser\u00e1 a partir do pr\u00f3ximo domingo, dia 1\u00ba de maio. S\u00e3o Dami\u00e3o de Molokai S\u00e3o Dami\u00e3o foi um padre mission\u00e1rio Belga, que pertenceu \u00e0 Congrega\u00e7\u00e3o dos Sagrados Cora\u00e7\u00f5es. Ele dedicou sua vida aos leprosos [&hellip;]<\/p>\n","protected":false},"author":2,"featured_media":8546,"comment_status":"open","ping_status":"closed","sticky":false,"template":"","format":"standard","meta":{"_acf_changed":false,"footnotes":""},"categories":[611],"tags":[],"class_list":["post-8545","post","type-post","status-publish","format-standard","has-post-thumbnail","hentry","category-noticias"],"acf":[],"yoast_head":"<!-- This site is optimized with the Yoast SEO plugin v27.2 - https:\/\/yoast.com\/product\/yoast-seo-wordpress\/ -->\n<title>Canal Padre Eust\u00e1quio exibir\u00e1 Novena a S\u00e3o Dami\u00e3o de Molokai<\/title>\n<meta name=\"description\" content=\"Mais uma produ\u00e7\u00e3o in\u00e9dita e exclusiva do Canal Padre Eust\u00e1quio est\u00e1 sendo preparada. Dessa vez, rezaremos a novena a S\u00e3o Dami\u00e3o de Molokai, ss.cc. O material j\u00e1 est\u00e1 em fase de produ\u00e7\u00e3o.\" \/>\n<meta name=\"robots\" content=\"index, follow, max-snippet:-1, max-image-preview:large, max-video-preview:-1\" \/>\n<link rel=\"canonical\" href=\"https:\/\/www.padreeustaquio.com.br\/es\/el-canal-padre-eustaquio-transmitira-la-novena-a-san-damian-de-molokai\/\" \/>\n<meta property=\"og:locale\" content=\"es_ES\" \/>\n<meta property=\"og:type\" content=\"article\" \/>\n<meta property=\"og:title\" content=\"Canal Padre Eust\u00e1quio exibir\u00e1 Novena a S\u00e3o Dami\u00e3o de Molokai\" \/>\n<meta property=\"og:description\" content=\"Mais uma produ\u00e7\u00e3o in\u00e9dita e exclusiva do Canal Padre Eust\u00e1quio est\u00e1 sendo preparada. Dessa vez, rezaremos a novena a S\u00e3o Dami\u00e3o de Molokai, ss.cc. O material j\u00e1 est\u00e1 em fase de produ\u00e7\u00e3o.\" \/>\n<meta property=\"og:url\" content=\"https:\/\/www.padreeustaquio.com.br\/es\/el-canal-padre-eustaquio-transmitira-la-novena-a-san-damian-de-molokai\/\" \/>\n<meta property=\"og:site_name\" content=\"Padre Eust\u00e1quio\" \/>\n<meta property=\"article:publisher\" content=\"https:\/\/www.facebook.com\/beatopadreeustaquio\/\" \/>\n<meta property=\"article:published_time\" content=\"2022-04-28T16:46:38+00:00\" \/>\n<meta property=\"article:modified_time\" content=\"2022-04-28T16:46:46+00:00\" \/>\n<meta property=\"og:image\" content=\"https:\/\/www.padreeustaquio.com.br\/wp-content\/uploads\/2022\/04\/novena-a-sao-damiao.jpg\" \/>\n\t<meta property=\"og:image:width\" content=\"748\" \/>\n\t<meta property=\"og:image:height\" content=\"394\" \/>\n\t<meta property=\"og:image:type\" content=\"image\/jpeg\" \/>\n<meta name=\"author\" content=\"@sscc\" \/>\n<meta name=\"twitter:card\" content=\"summary_large_image\" \/>\n<meta name=\"twitter:creator\" content=\"@beatopeustaquio\" \/>\n<meta name=\"twitter:site\" content=\"@beatopeustaquio\" \/>\n<meta name=\"twitter:label1\" content=\"Escrito por\" \/>\n\t<meta name=\"twitter:data1\" content=\"@sscc\" \/>\n\t<meta name=\"twitter:label2\" content=\"Tiempo de lectura\" \/>\n\t<meta name=\"twitter:data2\" content=\"1 minuto\" \/>\n<script type=\"application\/ld+json\" class=\"yoast-schema-graph\">{\"@context\":\"https:\/\/schema.org\",\"@graph\":[{\"@type\":\"Article\",\"@id\":\"https:\/\/www.padreeustaquio.com.br\/canal-padre-eustaquio-exibira-novena-a-sao-damiao-de-molokai\/#article\",\"isPartOf\":{\"@id\":\"https:\/\/www.padreeustaquio.com.br\/canal-padre-eustaquio-exibira-novena-a-sao-damiao-de-molokai\/\"},\"author\":{\"name\":\"@sscc\",\"@id\":\"https:\/\/www.padreeustaquio.com.br\/#\/schema\/person\/a2a51db1d00f1a7af0204a0f1ddb1566\"},\"headline\":\"Canal Padre Eust\u00e1quio exibir\u00e1 Novena a S\u00e3o Dami\u00e3o de Molokai\",\"datePublished\":\"2022-04-28T16:46:38+00:00\",\"dateModified\":\"2022-04-28T16:46:46+00:00\",\"mainEntityOfPage\":{\"@id\":\"https:\/\/www.padreeustaquio.com.br\/canal-padre-eustaquio-exibira-novena-a-sao-damiao-de-molokai\/\"},\"wordCount\":153,\"commentCount\":0,\"publisher\":{\"@id\":\"https:\/\/www.padreeustaquio.com.br\/#organization\"},\"image\":{\"@id\":\"https:\/\/www.padreeustaquio.com.br\/canal-padre-eustaquio-exibira-novena-a-sao-damiao-de-molokai\/#primaryimage\"},\"thumbnailUrl\":\"https:\/\/www.padreeustaquio.com.br\/wp-content\/uploads\/2022\/04\/novena-a-sao-damiao.jpg\",\"articleSection\":[\"Not\u00edcias\"],\"inLanguage\":\"es\",\"potentialAction\":[{\"@type\":\"CommentAction\",\"name\":\"Comment\",\"target\":[\"https:\/\/www.padreeustaquio.com.br\/canal-padre-eustaquio-exibira-novena-a-sao-damiao-de-molokai\/#respond\"]}]},{\"@type\":\"WebPage\",\"@id\":\"https:\/\/www.padreeustaquio.com.br\/canal-padre-eustaquio-exibira-novena-a-sao-damiao-de-molokai\/\",\"url\":\"https:\/\/www.padreeustaquio.com.br\/canal-padre-eustaquio-exibira-novena-a-sao-damiao-de-molokai\/\",\"name\":\"Canal Padre Eust\u00e1quio exibir\u00e1 Novena a S\u00e3o Dami\u00e3o de Molokai\",\"isPartOf\":{\"@id\":\"https:\/\/www.padreeustaquio.com.br\/#website\"},\"primaryImageOfPage\":{\"@id\":\"https:\/\/www.padreeustaquio.com.br\/canal-padre-eustaquio-exibira-novena-a-sao-damiao-de-molokai\/#primaryimage\"},\"image\":{\"@id\":\"https:\/\/www.padreeustaquio.com.br\/canal-padre-eustaquio-exibira-novena-a-sao-damiao-de-molokai\/#primaryimage\"},\"thumbnailUrl\":\"https:\/\/www.padreeustaquio.com.br\/wp-content\/uploads\/2022\/04\/novena-a-sao-damiao.jpg\",\"datePublished\":\"2022-04-28T16:46:38+00:00\",\"dateModified\":\"2022-04-28T16:46:46+00:00\",\"description\":\"Mais uma produ\u00e7\u00e3o in\u00e9dita e exclusiva do Canal Padre Eust\u00e1quio est\u00e1 sendo preparada. Dessa vez, rezaremos a novena a S\u00e3o Dami\u00e3o de Molokai, ss.cc. O material j\u00e1 est\u00e1 em fase de produ\u00e7\u00e3o.\",\"breadcrumb\":{\"@id\":\"https:\/\/www.padreeustaquio.com.br\/canal-padre-eustaquio-exibira-novena-a-sao-damiao-de-molokai\/#breadcrumb\"},\"inLanguage\":\"es\",\"potentialAction\":[{\"@type\":\"ReadAction\",\"target\":[\"https:\/\/www.padreeustaquio.com.br\/canal-padre-eustaquio-exibira-novena-a-sao-damiao-de-molokai\/\"]}]},{\"@type\":\"ImageObject\",\"inLanguage\":\"es\",\"@id\":\"https:\/\/www.padreeustaquio.com.br\/canal-padre-eustaquio-exibira-novena-a-sao-damiao-de-molokai\/#primaryimage\",\"url\":\"https:\/\/www.padreeustaquio.com.br\/wp-content\/uploads\/2022\/04\/novena-a-sao-damiao.jpg\",\"contentUrl\":\"https:\/\/www.padreeustaquio.com.br\/wp-content\/uploads\/2022\/04\/novena-a-sao-damiao.jpg\",\"width\":748,\"height\":394},{\"@type\":\"BreadcrumbList\",\"@id\":\"https:\/\/www.padreeustaquio.com.br\/canal-padre-eustaquio-exibira-novena-a-sao-damiao-de-molokai\/#breadcrumb\",\"itemListElement\":[{\"@type\":\"ListItem\",\"position\":1,\"name\":\"In\u00edcio\",\"item\":\"https:\/\/www.padreeustaquio.com.br\/\"},{\"@type\":\"ListItem\",\"position\":2,\"name\":\"Canal Padre Eust\u00e1quio exibir\u00e1 Novena a S\u00e3o Dami\u00e3o de Molokai\"}]},{\"@type\":\"WebSite\",\"@id\":\"https:\/\/www.padreeustaquio.com.br\/#website\",\"url\":\"https:\/\/www.padreeustaquio.com.br\/\",\"name\":\"Padre Eust\u00e1quio\",\"description\":\"Sa\u00fade e Paz\",\"publisher\":{\"@id\":\"https:\/\/www.padreeustaquio.com.br\/#organization\"},\"potentialAction\":[{\"@type\":\"SearchAction\",\"target\":{\"@type\":\"EntryPoint\",\"urlTemplate\":\"https:\/\/www.padreeustaquio.com.br\/?s={search_term_string}\"},\"query-input\":{\"@type\":\"PropertyValueSpecification\",\"valueRequired\":true,\"valueName\":\"search_term_string\"}}],\"inLanguage\":\"es\"},{\"@type\":\"Organization\",\"@id\":\"https:\/\/www.padreeustaquio.com.br\/#organization\",\"name\":\"Padre Eust\u00e1quio\",\"url\":\"https:\/\/www.padreeustaquio.com.br\/\",\"logo\":{\"@type\":\"ImageObject\",\"inLanguage\":\"es\",\"@id\":\"https:\/\/www.padreeustaquio.com.br\/#\/schema\/logo\/image\/\",\"url\":\"https:\/\/www.padreeustaquio.com.br\/wp-content\/uploads\/2019\/08\/marca.png\",\"contentUrl\":\"https:\/\/www.padreeustaquio.com.br\/wp-content\/uploads\/2019\/08\/marca.png\",\"width\":350,\"height\":400,\"caption\":\"Padre Eust\u00e1quio\"},\"image\":{\"@id\":\"https:\/\/www.padreeustaquio.com.br\/#\/schema\/logo\/image\/\"},\"sameAs\":[\"https:\/\/www.facebook.com\/beatopadreeustaquio\/\",\"https:\/\/x.com\/beatopeustaquio\",\"https:\/\/www.instagram.com\/beatopadreeustaquio\/\",\"https:\/\/www.youtube.com\/channel\/UCRhw7vfabnajwLxb1ZXMeIw\"]},{\"@type\":\"Person\",\"@id\":\"https:\/\/www.padreeustaquio.com.br\/#\/schema\/person\/a2a51db1d00f1a7af0204a0f1ddb1566\",\"name\":\"@sscc\",\"image\":{\"@type\":\"ImageObject\",\"inLanguage\":\"es\",\"@id\":\"https:\/\/secure.gravatar.com\/avatar\/68cfafa5f44617fea54071e215026e0ff06be366c3d54a8425f04fdcb86f8c5f?s=96&d=mm&r=g\",\"url\":\"https:\/\/secure.gravatar.com\/avatar\/68cfafa5f44617fea54071e215026e0ff06be366c3d54a8425f04fdcb86f8c5f?s=96&d=mm&r=g\",\"contentUrl\":\"https:\/\/secure.gravatar.com\/avatar\/68cfafa5f44617fea54071e215026e0ff06be366c3d54a8425f04fdcb86f8c5f?s=96&d=mm&r=g\",\"caption\":\"@sscc\"},\"url\":\"https:\/\/www.padreeustaquio.com.br\/es\/author\/sscc\/\"}]}<\/script>\n<!-- \/ Yoast SEO plugin. -->","yoast_head_json":{"title":"El Canal Padre Eust\u00e1quio transmitir\u00e1 la Novena a San Dami\u00e1n de Molokai.","description":"Se est\u00e1 preparando otra producci\u00f3n original y exclusiva del Canal Padre Eust\u00e1quio. En esta ocasi\u00f3n, rezaremos la novena a San Dami\u00e1n de Molokai, ss.cc. El material ya est\u00e1 en producci\u00f3n.","robots":{"index":"index","follow":"follow","max-snippet":"max-snippet:-1","max-image-preview":"max-image-preview:large","max-video-preview":"max-video-preview:-1"},"canonical":"https:\/\/www.padreeustaquio.com.br\/es\/el-canal-padre-eustaquio-transmitira-la-novena-a-san-damian-de-molokai\/","og_locale":"es_ES","og_type":"article","og_title":"Canal Padre Eust\u00e1quio exibir\u00e1 Novena a S\u00e3o Dami\u00e3o de Molokai","og_description":"Mais uma produ\u00e7\u00e3o in\u00e9dita e exclusiva do Canal Padre Eust\u00e1quio est\u00e1 sendo preparada. Dessa vez, rezaremos a novena a S\u00e3o Dami\u00e3o de Molokai, ss.cc. O material j\u00e1 est\u00e1 em fase de produ\u00e7\u00e3o.","og_url":"https:\/\/www.padreeustaquio.com.br\/es\/el-canal-padre-eustaquio-transmitira-la-novena-a-san-damian-de-molokai\/","og_site_name":"Padre Eust\u00e1quio","article_publisher":"https:\/\/www.facebook.com\/beatopadreeustaquio\/","article_published_time":"2022-04-28T16:46:38+00:00","article_modified_time":"2022-04-28T16:46:46+00:00","og_image":[{"width":748,"height":394,"url":"https:\/\/www.padreeustaquio.com.br\/wp-content\/uploads\/2022\/04\/novena-a-sao-damiao.jpg","type":"image\/jpeg"}],"author":"@sscc","twitter_card":"summary_large_image","twitter_creator":"@beatopeustaquio","twitter_site":"@beatopeustaquio","twitter_misc":{"Escrito por":"@sscc","Tiempo de lectura":"1 minuto"},"schema":{"@context":"https:\/\/schema.org","@graph":[{"@type":"Article","@id":"https:\/\/www.padreeustaquio.com.br\/canal-padre-eustaquio-exibira-novena-a-sao-damiao-de-molokai\/#article","isPartOf":{"@id":"https:\/\/www.padreeustaquio.com.br\/canal-padre-eustaquio-exibira-novena-a-sao-damiao-de-molokai\/"},"author":{"name":"@sscc","@id":"https:\/\/www.padreeustaquio.com.br\/#\/schema\/person\/a2a51db1d00f1a7af0204a0f1ddb1566"},"headline":"Canal Padre Eust\u00e1quio exibir\u00e1 Novena a S\u00e3o Dami\u00e3o de Molokai","datePublished":"2022-04-28T16:46:38+00:00","dateModified":"2022-04-28T16:46:46+00:00","mainEntityOfPage":{"@id":"https:\/\/www.padreeustaquio.com.br\/canal-padre-eustaquio-exibira-novena-a-sao-damiao-de-molokai\/"},"wordCount":153,"commentCount":0,"publisher":{"@id":"https:\/\/www.padreeustaquio.com.br\/#organization"},"image":{"@id":"https:\/\/www.padreeustaquio.com.br\/canal-padre-eustaquio-exibira-novena-a-sao-damiao-de-molokai\/#primaryimage"},"thumbnailUrl":"https:\/\/www.padreeustaquio.com.br\/wp-content\/uploads\/2022\/04\/novena-a-sao-damiao.jpg","articleSection":["Not\u00edcias"],"inLanguage":"es","potentialAction":[{"@type":"CommentAction","name":"Comment","target":["https:\/\/www.padreeustaquio.com.br\/canal-padre-eustaquio-exibira-novena-a-sao-damiao-de-molokai\/#respond"]}]},{"@type":"WebPage","@id":"https:\/\/www.padreeustaquio.com.br\/canal-padre-eustaquio-exibira-novena-a-sao-damiao-de-molokai\/","url":"https:\/\/www.padreeustaquio.com.br\/canal-padre-eustaquio-exibira-novena-a-sao-damiao-de-molokai\/","name":"El Canal Padre Eust\u00e1quio transmitir\u00e1 la Novena a San Dami\u00e1n de Molokai.","isPartOf":{"@id":"https:\/\/www.padreeustaquio.com.br\/#website"},"primaryImageOfPage":{"@id":"https:\/\/www.padreeustaquio.com.br\/canal-padre-eustaquio-exibira-novena-a-sao-damiao-de-molokai\/#primaryimage"},"image":{"@id":"https:\/\/www.padreeustaquio.com.br\/canal-padre-eustaquio-exibira-novena-a-sao-damiao-de-molokai\/#primaryimage"},"thumbnailUrl":"https:\/\/www.padreeustaquio.com.br\/wp-content\/uploads\/2022\/04\/novena-a-sao-damiao.jpg","datePublished":"2022-04-28T16:46:38+00:00","dateModified":"2022-04-28T16:46:46+00:00","description":"Se est\u00e1 preparando otra producci\u00f3n original y exclusiva del Canal Padre Eust\u00e1quio. En esta ocasi\u00f3n, rezaremos la novena a San Dami\u00e1n de Molokai, ss.cc. El material ya est\u00e1 en producci\u00f3n.","breadcrumb":{"@id":"https:\/\/www.padreeustaquio.com.br\/canal-padre-eustaquio-exibira-novena-a-sao-damiao-de-molokai\/#breadcrumb"},"inLanguage":"es","potentialAction":[{"@type":"ReadAction","target":["https:\/\/www.padreeustaquio.com.br\/canal-padre-eustaquio-exibira-novena-a-sao-damiao-de-molokai\/"]}]},{"@type":"ImageObject","inLanguage":"es","@id":"https:\/\/www.padreeustaquio.com.br\/canal-padre-eustaquio-exibira-novena-a-sao-damiao-de-molokai\/#primaryimage","url":"https:\/\/www.padreeustaquio.com.br\/wp-content\/uploads\/2022\/04\/novena-a-sao-damiao.jpg","contentUrl":"https:\/\/www.padreeustaquio.com.br\/wp-content\/uploads\/2022\/04\/novena-a-sao-damiao.jpg","width":748,"height":394},{"@type":"BreadcrumbList","@id":"https:\/\/www.padreeustaquio.com.br\/canal-padre-eustaquio-exibira-novena-a-sao-damiao-de-molokai\/#breadcrumb","itemListElement":[{"@type":"ListItem","position":1,"name":"In\u00edcio","item":"https:\/\/www.padreeustaquio.com.br\/"},{"@type":"ListItem","position":2,"name":"Canal Padre Eust\u00e1quio exibir\u00e1 Novena a S\u00e3o Dami\u00e3o de Molokai"}]},{"@type":"WebSite","@id":"https:\/\/www.padreeustaquio.com.br\/#website","url":"https:\/\/www.padreeustaquio.com.br\/","name":"Padre Eustace","description":"Salud y Paz","publisher":{"@id":"https:\/\/www.padreeustaquio.com.br\/#organization"},"potentialAction":[{"@type":"SearchAction","target":{"@type":"EntryPoint","urlTemplate":"https:\/\/www.padreeustaquio.com.br\/?s={search_term_string}"},"query-input":{"@type":"PropertyValueSpecification","valueRequired":true,"valueName":"search_term_string"}}],"inLanguage":"es"},{"@type":"Organization","@id":"https:\/\/www.padreeustaquio.com.br\/#organization","name":"Padre Eustace","url":"https:\/\/www.padreeustaquio.com.br\/","logo":{"@type":"ImageObject","inLanguage":"es","@id":"https:\/\/www.padreeustaquio.com.br\/#\/schema\/logo\/image\/","url":"https:\/\/www.padreeustaquio.com.br\/wp-content\/uploads\/2019\/08\/marca.png","contentUrl":"https:\/\/www.padreeustaquio.com.br\/wp-content\/uploads\/2019\/08\/marca.png","width":350,"height":400,"caption":"Padre Eust\u00e1quio"},"image":{"@id":"https:\/\/www.padreeustaquio.com.br\/#\/schema\/logo\/image\/"},"sameAs":["https:\/\/www.facebook.com\/beatopadreeustaquio\/","https:\/\/x.com\/beatopeustaquio","https:\/\/www.instagram.com\/beatopadreeustaquio\/","https:\/\/www.youtube.com\/channel\/UCRhw7vfabnajwLxb1ZXMeIw"]},{"@type":"Person","@id":"https:\/\/www.padreeustaquio.com.br\/#\/schema\/person\/a2a51db1d00f1a7af0204a0f1ddb1566","name":"@sscc","image":{"@type":"ImageObject","inLanguage":"es","@id":"https:\/\/secure.gravatar.com\/avatar\/68cfafa5f44617fea54071e215026e0ff06be366c3d54a8425f04fdcb86f8c5f?s=96&d=mm&r=g","url":"https:\/\/secure.gravatar.com\/avatar\/68cfafa5f44617fea54071e215026e0ff06be366c3d54a8425f04fdcb86f8c5f?s=96&d=mm&r=g","contentUrl":"https:\/\/secure.gravatar.com\/avatar\/68cfafa5f44617fea54071e215026e0ff06be366c3d54a8425f04fdcb86f8c5f?s=96&d=mm&r=g","caption":"@sscc"},"url":"https:\/\/www.padreeustaquio.com.br\/es\/author\/sscc\/"}]}},"_links":{"self":[{"href":"https:\/\/www.padreeustaquio.com.br\/es\/wp-json\/wp\/v2\/posts\/8545","targetHints":{"allow":["GET"]}}],"collection":[{"href":"https:\/\/www.padreeustaquio.com.br\/es\/wp-json\/wp\/v2\/posts"}],"about":[{"href":"https:\/\/www.padreeustaquio.com.br\/es\/wp-json\/wp\/v2\/types\/post"}],"author":[{"embeddable":true,"href":"https:\/\/www.padreeustaquio.com.br\/es\/wp-json\/wp\/v2\/users\/2"}],"replies":[{"embeddable":true,"href":"https:\/\/www.padreeustaquio.com.br\/es\/wp-json\/wp\/v2\/comments?post=8545"}],"version-history":[{"count":0,"href":"https:\/\/www.padreeustaquio.com.br\/es\/wp-json\/wp\/v2\/posts\/8545\/revisions"}],"wp:featuredmedia":[{"embeddable":true,"href":"https:\/\/www.padreeustaquio.com.br\/es\/wp-json\/wp\/v2\/media\/8546"}],"wp:attachment":[{"href":"https:\/\/www.padreeustaquio.com.br\/es\/wp-json\/wp\/v2\/media?parent=8545"}],"wp:term":[{"taxonomy":"category","embeddable":true,"href":"https:\/\/www.padreeustaquio.com.br\/es\/wp-json\/wp\/v2\/categories?post=8545"},{"taxonomy":"post_tag","embeddable":true,"href":"https:\/\/www.padreeustaquio.com.br\/es\/wp-json\/wp\/v2\/tags?post=8545"}],"curies":[{"name":"wp","href":"https:\/\/api.w.org\/{rel}","templated":true}]}}