{"id":8541,"date":"2022-05-04T05:49:00","date_gmt":"2022-05-04T08:49:00","guid":{"rendered":"https:\/\/www.padreeustaquio.com.br\/?p=8541"},"modified":"2022-05-01T16:48:25","modified_gmt":"2022-05-01T19:48:25","slug":"iglesia-espanola-rinde-homenaje-a-san-damian-y-al-padre-eustaquio","status":"publish","type":"post","link":"https:\/\/www.padreeustaquio.com.br\/es\/iglesia-espanola-rinde-homenaje-a-san-damian-y-al-padre-eustaquio\/","title":{"rendered":"Iglesia espa\u00f1ola rinde homenaje a San Dami\u00e1n y al Padre Eustaquio."},"content":{"rendered":"<p>La Congregaci\u00f3n de los Sagrados Corazones cuenta con una iglesia muy hermosa, ubicada en una zona privilegiada de Madrid, Espa\u00f1a. El templo destaca por su arquitectura, siendo considerado por muchos una obra de arte. La iglesia se encuentra en una zona muy importante de la ciudad, muy cerca del Estadio Santiago Bernab\u00e9u, sede del Real Madrid.<\/p>\n\n\n\n<p>La iglesia se construy\u00f3 en la d\u00e9cada de 1960, con una arquitectura funcional, en consonancia con las nuevas perspectivas lit\u00fargicas propuestas por el Concilio Vaticano II. La obra fue encomendada al reconocido arquitecto Rodolfo Garc\u00eda Pablos, quien construy\u00f3 una capilla penitencial que posteriormente recibi\u00f3 el nombre de San Dami\u00e1n de Molokai.<\/p>\n\n\n\n<p>En Espa\u00f1a la devoci\u00f3n a San Dami\u00e1n es muy fuerte, motivo por el cual fue elegido para homenajearlo.<\/p>\n\n\n\n<div class=\"wp-block-image\"><figure class=\"alignleft size-medium is-resized\"><img fetchpriority=\"high\" decoding=\"async\" src=\"https:\/\/www.padreeustaquio.com.br\/wp-content\/uploads\/2022\/04\/Medalha-de-Padre-Eustaquio-na-Espanha-300x200.jpeg\" alt=\"\" class=\"wp-image-8543\" width=\"340\" height=\"227\" srcset=\"https:\/\/www.padreeustaquio.com.br\/wp-content\/uploads\/2022\/04\/Medalha-de-Padre-Eustaquio-na-Espanha-300x200.jpeg 300w, https:\/\/www.padreeustaquio.com.br\/wp-content\/uploads\/2022\/04\/Medalha-de-Padre-Eustaquio-na-Espanha-1024x682.jpeg 1024w, https:\/\/www.padreeustaquio.com.br\/wp-content\/uploads\/2022\/04\/Medalha-de-Padre-Eustaquio-na-Espanha-768x512.jpeg 768w, https:\/\/www.padreeustaquio.com.br\/wp-content\/uploads\/2022\/04\/Medalha-de-Padre-Eustaquio-na-Espanha.jpeg 1280w\" sizes=\"(max-width: 340px) 100vw, 340px\" \/><\/figure><\/div>\n\n\n\n<p><strong>Homenaje al Padre Eust\u00e1quio<\/strong><\/p>\n\n\n\n<p>A\u00f1os m\u00e1s tarde, el Padre Eust\u00e1quio tambi\u00e9n fue homenajeado en la Capilla de San Dami\u00e1n. All\u00ed se coloc\u00f3 un medall\u00f3n en bajorrelieve, inaugurado en 2013. La obra fue obra de Julio L\u00f3pez Hern\u00e1ndez, considerado un gran escultor espa\u00f1ol.<\/p>\n\n\n\n<p><\/p>","protected":false},"excerpt":{"rendered":"<p>A Congrega\u00e7\u00e3o dos Sagrados Cora\u00e7\u00f5es possui uma igreja muito bonita, localizada em um ponto nobre de Madri, na Espanha. O templo se destaca por sua arquitetura, sendo considerado por muitos, uma obra de arte. A igreja se localiza em um ponto muito importante da cidade, estando bem pr\u00f3xima do Est\u00e1dio Santiago Bernab\u00e9u, do Real Madri. A igreja foi constru\u00edda na d\u00e9cada de 1960, com uma arquitetura funcional, atendendo as novas perspectivas lit\u00fargicas propostas pelo Conc\u00edlio Vaticano II. O trabalho foi confiado ao renomado arquiteto Rodolfo Garcia Pablos, que construiu uma capela penitencial que recebeu mais tarde o nome de S\u00e3o [&hellip;]<\/p>\n","protected":false},"author":2,"featured_media":8542,"comment_status":"open","ping_status":"closed","sticky":false,"template":"","format":"standard","meta":{"_acf_changed":false,"footnotes":""},"categories":[611],"tags":[],"class_list":["post-8541","post","type-post","status-publish","format-standard","has-post-thumbnail","hentry","category-noticias"],"acf":[],"yoast_head":"<!-- This site is optimized with the Yoast SEO plugin v27.2 - https:\/\/yoast.com\/product\/yoast-seo-wordpress\/ -->\n<title>Igreja espanhola tem homenagem a S\u00e3o Dami\u00e3o e a Padre Eust\u00e1quio<\/title>\n<meta name=\"description\" content=\"A Congrega\u00e7\u00e3o dos Sagrados Cora\u00e7\u00f5es possui uma igreja muito bonita, localizada em um ponto nobre de Madri, na Espanha. O templo se destaca por sua arquitetura, sendo considerado por muitos, uma obra de arte. A igreja se localiza em um ponto muito importante da cidade, estando bem pr\u00f3xima do Est\u00e1dio Santiago Bernab\u00e9u, do Real Madri.\" \/>\n<meta name=\"robots\" content=\"index, follow, max-snippet:-1, max-image-preview:large, max-video-preview:-1\" \/>\n<link rel=\"canonical\" href=\"https:\/\/www.padreeustaquio.com.br\/es\/iglesia-espanola-rinde-homenaje-a-san-damian-y-al-padre-eustaquio\/\" \/>\n<meta property=\"og:locale\" content=\"es_ES\" \/>\n<meta property=\"og:type\" content=\"article\" \/>\n<meta property=\"og:title\" content=\"Igreja espanhola tem homenagem a S\u00e3o Dami\u00e3o e a Padre Eust\u00e1quio\" \/>\n<meta property=\"og:description\" content=\"A Congrega\u00e7\u00e3o dos Sagrados Cora\u00e7\u00f5es possui uma igreja muito bonita, localizada em um ponto nobre de Madri, na Espanha. O templo se destaca por sua arquitetura, sendo considerado por muitos, uma obra de arte. A igreja se localiza em um ponto muito importante da cidade, estando bem pr\u00f3xima do Est\u00e1dio Santiago Bernab\u00e9u, do Real Madri.\" \/>\n<meta property=\"og:url\" content=\"https:\/\/www.padreeustaquio.com.br\/es\/iglesia-espanola-rinde-homenaje-a-san-damian-y-al-padre-eustaquio\/\" \/>\n<meta property=\"og:site_name\" content=\"Padre Eust\u00e1quio\" \/>\n<meta property=\"article:publisher\" content=\"https:\/\/www.facebook.com\/beatopadreeustaquio\/\" \/>\n<meta property=\"article:published_time\" content=\"2022-05-04T08:49:00+00:00\" \/>\n<meta property=\"og:image\" content=\"https:\/\/www.padreeustaquio.com.br\/wp-content\/uploads\/2022\/04\/igreja-espanhola.jpg\" \/>\n\t<meta property=\"og:image:width\" content=\"748\" \/>\n\t<meta property=\"og:image:height\" content=\"394\" \/>\n\t<meta property=\"og:image:type\" content=\"image\/jpeg\" \/>\n<meta name=\"author\" content=\"@sscc\" \/>\n<meta name=\"twitter:card\" content=\"summary_large_image\" \/>\n<meta name=\"twitter:creator\" content=\"@beatopeustaquio\" \/>\n<meta name=\"twitter:site\" content=\"@beatopeustaquio\" \/>\n<meta name=\"twitter:label1\" content=\"Escrito por\" \/>\n\t<meta name=\"twitter:data1\" content=\"@sscc\" \/>\n\t<meta name=\"twitter:label2\" content=\"Tiempo de lectura\" \/>\n\t<meta name=\"twitter:data2\" content=\"1 minuto\" \/>\n<script type=\"application\/ld+json\" class=\"yoast-schema-graph\">{\"@context\":\"https:\/\/schema.org\",\"@graph\":[{\"@type\":\"Article\",\"@id\":\"https:\/\/www.padreeustaquio.com.br\/igreja-espanhola-tem-homenagem-a-sao-damiao-e-a-padre-eustaquio\/#article\",\"isPartOf\":{\"@id\":\"https:\/\/www.padreeustaquio.com.br\/igreja-espanhola-tem-homenagem-a-sao-damiao-e-a-padre-eustaquio\/\"},\"author\":{\"name\":\"@sscc\",\"@id\":\"https:\/\/www.padreeustaquio.com.br\/#\/schema\/person\/a2a51db1d00f1a7af0204a0f1ddb1566\"},\"headline\":\"Igreja espanhola tem homenagem a S\u00e3o Dami\u00e3o e a Padre Eust\u00e1quio\",\"datePublished\":\"2022-05-04T08:49:00+00:00\",\"mainEntityOfPage\":{\"@id\":\"https:\/\/www.padreeustaquio.com.br\/igreja-espanhola-tem-homenagem-a-sao-damiao-e-a-padre-eustaquio\/\"},\"wordCount\":196,\"commentCount\":0,\"publisher\":{\"@id\":\"https:\/\/www.padreeustaquio.com.br\/#organization\"},\"image\":{\"@id\":\"https:\/\/www.padreeustaquio.com.br\/igreja-espanhola-tem-homenagem-a-sao-damiao-e-a-padre-eustaquio\/#primaryimage\"},\"thumbnailUrl\":\"https:\/\/www.padreeustaquio.com.br\/wp-content\/uploads\/2022\/04\/igreja-espanhola.jpg\",\"articleSection\":[\"Not\u00edcias\"],\"inLanguage\":\"es\",\"potentialAction\":[{\"@type\":\"CommentAction\",\"name\":\"Comment\",\"target\":[\"https:\/\/www.padreeustaquio.com.br\/igreja-espanhola-tem-homenagem-a-sao-damiao-e-a-padre-eustaquio\/#respond\"]}]},{\"@type\":\"WebPage\",\"@id\":\"https:\/\/www.padreeustaquio.com.br\/igreja-espanhola-tem-homenagem-a-sao-damiao-e-a-padre-eustaquio\/\",\"url\":\"https:\/\/www.padreeustaquio.com.br\/igreja-espanhola-tem-homenagem-a-sao-damiao-e-a-padre-eustaquio\/\",\"name\":\"Igreja espanhola tem homenagem a S\u00e3o Dami\u00e3o e a Padre Eust\u00e1quio\",\"isPartOf\":{\"@id\":\"https:\/\/www.padreeustaquio.com.br\/#website\"},\"primaryImageOfPage\":{\"@id\":\"https:\/\/www.padreeustaquio.com.br\/igreja-espanhola-tem-homenagem-a-sao-damiao-e-a-padre-eustaquio\/#primaryimage\"},\"image\":{\"@id\":\"https:\/\/www.padreeustaquio.com.br\/igreja-espanhola-tem-homenagem-a-sao-damiao-e-a-padre-eustaquio\/#primaryimage\"},\"thumbnailUrl\":\"https:\/\/www.padreeustaquio.com.br\/wp-content\/uploads\/2022\/04\/igreja-espanhola.jpg\",\"datePublished\":\"2022-05-04T08:49:00+00:00\",\"description\":\"A Congrega\u00e7\u00e3o dos Sagrados Cora\u00e7\u00f5es possui uma igreja muito bonita, localizada em um ponto nobre de Madri, na Espanha. O templo se destaca por sua arquitetura, sendo considerado por muitos, uma obra de arte. A igreja se localiza em um ponto muito importante da cidade, estando bem pr\u00f3xima do Est\u00e1dio Santiago Bernab\u00e9u, do Real Madri.\",\"breadcrumb\":{\"@id\":\"https:\/\/www.padreeustaquio.com.br\/igreja-espanhola-tem-homenagem-a-sao-damiao-e-a-padre-eustaquio\/#breadcrumb\"},\"inLanguage\":\"es\",\"potentialAction\":[{\"@type\":\"ReadAction\",\"target\":[\"https:\/\/www.padreeustaquio.com.br\/igreja-espanhola-tem-homenagem-a-sao-damiao-e-a-padre-eustaquio\/\"]}]},{\"@type\":\"ImageObject\",\"inLanguage\":\"es\",\"@id\":\"https:\/\/www.padreeustaquio.com.br\/igreja-espanhola-tem-homenagem-a-sao-damiao-e-a-padre-eustaquio\/#primaryimage\",\"url\":\"https:\/\/www.padreeustaquio.com.br\/wp-content\/uploads\/2022\/04\/igreja-espanhola.jpg\",\"contentUrl\":\"https:\/\/www.padreeustaquio.com.br\/wp-content\/uploads\/2022\/04\/igreja-espanhola.jpg\",\"width\":748,\"height\":394},{\"@type\":\"BreadcrumbList\",\"@id\":\"https:\/\/www.padreeustaquio.com.br\/igreja-espanhola-tem-homenagem-a-sao-damiao-e-a-padre-eustaquio\/#breadcrumb\",\"itemListElement\":[{\"@type\":\"ListItem\",\"position\":1,\"name\":\"In\u00edcio\",\"item\":\"https:\/\/www.padreeustaquio.com.br\/\"},{\"@type\":\"ListItem\",\"position\":2,\"name\":\"Igreja espanhola tem homenagem a S\u00e3o Dami\u00e3o e a Padre Eust\u00e1quio\"}]},{\"@type\":\"WebSite\",\"@id\":\"https:\/\/www.padreeustaquio.com.br\/#website\",\"url\":\"https:\/\/www.padreeustaquio.com.br\/\",\"name\":\"Padre Eust\u00e1quio\",\"description\":\"Sa\u00fade e Paz\",\"publisher\":{\"@id\":\"https:\/\/www.padreeustaquio.com.br\/#organization\"},\"potentialAction\":[{\"@type\":\"SearchAction\",\"target\":{\"@type\":\"EntryPoint\",\"urlTemplate\":\"https:\/\/www.padreeustaquio.com.br\/?s={search_term_string}\"},\"query-input\":{\"@type\":\"PropertyValueSpecification\",\"valueRequired\":true,\"valueName\":\"search_term_string\"}}],\"inLanguage\":\"es\"},{\"@type\":\"Organization\",\"@id\":\"https:\/\/www.padreeustaquio.com.br\/#organization\",\"name\":\"Padre Eust\u00e1quio\",\"url\":\"https:\/\/www.padreeustaquio.com.br\/\",\"logo\":{\"@type\":\"ImageObject\",\"inLanguage\":\"es\",\"@id\":\"https:\/\/www.padreeustaquio.com.br\/#\/schema\/logo\/image\/\",\"url\":\"https:\/\/www.padreeustaquio.com.br\/wp-content\/uploads\/2019\/08\/marca.png\",\"contentUrl\":\"https:\/\/www.padreeustaquio.com.br\/wp-content\/uploads\/2019\/08\/marca.png\",\"width\":350,\"height\":400,\"caption\":\"Padre Eust\u00e1quio\"},\"image\":{\"@id\":\"https:\/\/www.padreeustaquio.com.br\/#\/schema\/logo\/image\/\"},\"sameAs\":[\"https:\/\/www.facebook.com\/beatopadreeustaquio\/\",\"https:\/\/x.com\/beatopeustaquio\",\"https:\/\/www.instagram.com\/beatopadreeustaquio\/\",\"https:\/\/www.youtube.com\/channel\/UCRhw7vfabnajwLxb1ZXMeIw\"]},{\"@type\":\"Person\",\"@id\":\"https:\/\/www.padreeustaquio.com.br\/#\/schema\/person\/a2a51db1d00f1a7af0204a0f1ddb1566\",\"name\":\"@sscc\",\"image\":{\"@type\":\"ImageObject\",\"inLanguage\":\"es\",\"@id\":\"https:\/\/secure.gravatar.com\/avatar\/68cfafa5f44617fea54071e215026e0ff06be366c3d54a8425f04fdcb86f8c5f?s=96&d=mm&r=g\",\"url\":\"https:\/\/secure.gravatar.com\/avatar\/68cfafa5f44617fea54071e215026e0ff06be366c3d54a8425f04fdcb86f8c5f?s=96&d=mm&r=g\",\"contentUrl\":\"https:\/\/secure.gravatar.com\/avatar\/68cfafa5f44617fea54071e215026e0ff06be366c3d54a8425f04fdcb86f8c5f?s=96&d=mm&r=g\",\"caption\":\"@sscc\"},\"url\":\"https:\/\/www.padreeustaquio.com.br\/es\/author\/sscc\/\"}]}<\/script>\n<!-- \/ Yoast SEO plugin. -->","yoast_head_json":{"title":"Iglesia espa\u00f1ola rinde homenaje a San Dami\u00e1n y al Padre Eustaquio.","description":"La Congregaci\u00f3n de los Sagrados Corazones cuenta con una iglesia muy hermosa, ubicada en una zona privilegiada de Madrid, Espa\u00f1a. El templo destaca por su arquitectura, siendo considerado por muchos una obra de arte. La iglesia se encuentra en una zona muy importante de la ciudad, muy cerca del Estadio Santiago Bernab\u00e9u, sede del Real Madrid.","robots":{"index":"index","follow":"follow","max-snippet":"max-snippet:-1","max-image-preview":"max-image-preview:large","max-video-preview":"max-video-preview:-1"},"canonical":"https:\/\/www.padreeustaquio.com.br\/es\/iglesia-espanola-rinde-homenaje-a-san-damian-y-al-padre-eustaquio\/","og_locale":"es_ES","og_type":"article","og_title":"Igreja espanhola tem homenagem a S\u00e3o Dami\u00e3o e a Padre Eust\u00e1quio","og_description":"A Congrega\u00e7\u00e3o dos Sagrados Cora\u00e7\u00f5es possui uma igreja muito bonita, localizada em um ponto nobre de Madri, na Espanha. O templo se destaca por sua arquitetura, sendo considerado por muitos, uma obra de arte. A igreja se localiza em um ponto muito importante da cidade, estando bem pr\u00f3xima do Est\u00e1dio Santiago Bernab\u00e9u, do Real Madri.","og_url":"https:\/\/www.padreeustaquio.com.br\/es\/iglesia-espanola-rinde-homenaje-a-san-damian-y-al-padre-eustaquio\/","og_site_name":"Padre Eust\u00e1quio","article_publisher":"https:\/\/www.facebook.com\/beatopadreeustaquio\/","article_published_time":"2022-05-04T08:49:00+00:00","og_image":[{"width":748,"height":394,"url":"https:\/\/www.padreeustaquio.com.br\/wp-content\/uploads\/2022\/04\/igreja-espanhola.jpg","type":"image\/jpeg"}],"author":"@sscc","twitter_card":"summary_large_image","twitter_creator":"@beatopeustaquio","twitter_site":"@beatopeustaquio","twitter_misc":{"Escrito por":"@sscc","Tiempo de lectura":"1 minuto"},"schema":{"@context":"https:\/\/schema.org","@graph":[{"@type":"Article","@id":"https:\/\/www.padreeustaquio.com.br\/igreja-espanhola-tem-homenagem-a-sao-damiao-e-a-padre-eustaquio\/#article","isPartOf":{"@id":"https:\/\/www.padreeustaquio.com.br\/igreja-espanhola-tem-homenagem-a-sao-damiao-e-a-padre-eustaquio\/"},"author":{"name":"@sscc","@id":"https:\/\/www.padreeustaquio.com.br\/#\/schema\/person\/a2a51db1d00f1a7af0204a0f1ddb1566"},"headline":"Igreja espanhola tem homenagem a S\u00e3o Dami\u00e3o e a Padre Eust\u00e1quio","datePublished":"2022-05-04T08:49:00+00:00","mainEntityOfPage":{"@id":"https:\/\/www.padreeustaquio.com.br\/igreja-espanhola-tem-homenagem-a-sao-damiao-e-a-padre-eustaquio\/"},"wordCount":196,"commentCount":0,"publisher":{"@id":"https:\/\/www.padreeustaquio.com.br\/#organization"},"image":{"@id":"https:\/\/www.padreeustaquio.com.br\/igreja-espanhola-tem-homenagem-a-sao-damiao-e-a-padre-eustaquio\/#primaryimage"},"thumbnailUrl":"https:\/\/www.padreeustaquio.com.br\/wp-content\/uploads\/2022\/04\/igreja-espanhola.jpg","articleSection":["Not\u00edcias"],"inLanguage":"es","potentialAction":[{"@type":"CommentAction","name":"Comment","target":["https:\/\/www.padreeustaquio.com.br\/igreja-espanhola-tem-homenagem-a-sao-damiao-e-a-padre-eustaquio\/#respond"]}]},{"@type":"WebPage","@id":"https:\/\/www.padreeustaquio.com.br\/igreja-espanhola-tem-homenagem-a-sao-damiao-e-a-padre-eustaquio\/","url":"https:\/\/www.padreeustaquio.com.br\/igreja-espanhola-tem-homenagem-a-sao-damiao-e-a-padre-eustaquio\/","name":"Iglesia espa\u00f1ola rinde homenaje a San Dami\u00e1n y al Padre Eustaquio.","isPartOf":{"@id":"https:\/\/www.padreeustaquio.com.br\/#website"},"primaryImageOfPage":{"@id":"https:\/\/www.padreeustaquio.com.br\/igreja-espanhola-tem-homenagem-a-sao-damiao-e-a-padre-eustaquio\/#primaryimage"},"image":{"@id":"https:\/\/www.padreeustaquio.com.br\/igreja-espanhola-tem-homenagem-a-sao-damiao-e-a-padre-eustaquio\/#primaryimage"},"thumbnailUrl":"https:\/\/www.padreeustaquio.com.br\/wp-content\/uploads\/2022\/04\/igreja-espanhola.jpg","datePublished":"2022-05-04T08:49:00+00:00","description":"La Congregaci\u00f3n de los Sagrados Corazones cuenta con una iglesia muy hermosa, ubicada en una zona privilegiada de Madrid, Espa\u00f1a. El templo destaca por su arquitectura, siendo considerado por muchos una obra de arte. La iglesia se encuentra en una zona muy importante de la ciudad, muy cerca del Estadio Santiago Bernab\u00e9u, sede del Real Madrid.","breadcrumb":{"@id":"https:\/\/www.padreeustaquio.com.br\/igreja-espanhola-tem-homenagem-a-sao-damiao-e-a-padre-eustaquio\/#breadcrumb"},"inLanguage":"es","potentialAction":[{"@type":"ReadAction","target":["https:\/\/www.padreeustaquio.com.br\/igreja-espanhola-tem-homenagem-a-sao-damiao-e-a-padre-eustaquio\/"]}]},{"@type":"ImageObject","inLanguage":"es","@id":"https:\/\/www.padreeustaquio.com.br\/igreja-espanhola-tem-homenagem-a-sao-damiao-e-a-padre-eustaquio\/#primaryimage","url":"https:\/\/www.padreeustaquio.com.br\/wp-content\/uploads\/2022\/04\/igreja-espanhola.jpg","contentUrl":"https:\/\/www.padreeustaquio.com.br\/wp-content\/uploads\/2022\/04\/igreja-espanhola.jpg","width":748,"height":394},{"@type":"BreadcrumbList","@id":"https:\/\/www.padreeustaquio.com.br\/igreja-espanhola-tem-homenagem-a-sao-damiao-e-a-padre-eustaquio\/#breadcrumb","itemListElement":[{"@type":"ListItem","position":1,"name":"In\u00edcio","item":"https:\/\/www.padreeustaquio.com.br\/"},{"@type":"ListItem","position":2,"name":"Igreja espanhola tem homenagem a S\u00e3o Dami\u00e3o e a Padre Eust\u00e1quio"}]},{"@type":"WebSite","@id":"https:\/\/www.padreeustaquio.com.br\/#website","url":"https:\/\/www.padreeustaquio.com.br\/","name":"Padre Eustace","description":"Salud y Paz","publisher":{"@id":"https:\/\/www.padreeustaquio.com.br\/#organization"},"potentialAction":[{"@type":"SearchAction","target":{"@type":"EntryPoint","urlTemplate":"https:\/\/www.padreeustaquio.com.br\/?s={search_term_string}"},"query-input":{"@type":"PropertyValueSpecification","valueRequired":true,"valueName":"search_term_string"}}],"inLanguage":"es"},{"@type":"Organization","@id":"https:\/\/www.padreeustaquio.com.br\/#organization","name":"Padre Eustace","url":"https:\/\/www.padreeustaquio.com.br\/","logo":{"@type":"ImageObject","inLanguage":"es","@id":"https:\/\/www.padreeustaquio.com.br\/#\/schema\/logo\/image\/","url":"https:\/\/www.padreeustaquio.com.br\/wp-content\/uploads\/2019\/08\/marca.png","contentUrl":"https:\/\/www.padreeustaquio.com.br\/wp-content\/uploads\/2019\/08\/marca.png","width":350,"height":400,"caption":"Padre Eust\u00e1quio"},"image":{"@id":"https:\/\/www.padreeustaquio.com.br\/#\/schema\/logo\/image\/"},"sameAs":["https:\/\/www.facebook.com\/beatopadreeustaquio\/","https:\/\/x.com\/beatopeustaquio","https:\/\/www.instagram.com\/beatopadreeustaquio\/","https:\/\/www.youtube.com\/channel\/UCRhw7vfabnajwLxb1ZXMeIw"]},{"@type":"Person","@id":"https:\/\/www.padreeustaquio.com.br\/#\/schema\/person\/a2a51db1d00f1a7af0204a0f1ddb1566","name":"@sscc","image":{"@type":"ImageObject","inLanguage":"es","@id":"https:\/\/secure.gravatar.com\/avatar\/68cfafa5f44617fea54071e215026e0ff06be366c3d54a8425f04fdcb86f8c5f?s=96&d=mm&r=g","url":"https:\/\/secure.gravatar.com\/avatar\/68cfafa5f44617fea54071e215026e0ff06be366c3d54a8425f04fdcb86f8c5f?s=96&d=mm&r=g","contentUrl":"https:\/\/secure.gravatar.com\/avatar\/68cfafa5f44617fea54071e215026e0ff06be366c3d54a8425f04fdcb86f8c5f?s=96&d=mm&r=g","caption":"@sscc"},"url":"https:\/\/www.padreeustaquio.com.br\/es\/author\/sscc\/"}]}},"_links":{"self":[{"href":"https:\/\/www.padreeustaquio.com.br\/es\/wp-json\/wp\/v2\/posts\/8541","targetHints":{"allow":["GET"]}}],"collection":[{"href":"https:\/\/www.padreeustaquio.com.br\/es\/wp-json\/wp\/v2\/posts"}],"about":[{"href":"https:\/\/www.padreeustaquio.com.br\/es\/wp-json\/wp\/v2\/types\/post"}],"author":[{"embeddable":true,"href":"https:\/\/www.padreeustaquio.com.br\/es\/wp-json\/wp\/v2\/users\/2"}],"replies":[{"embeddable":true,"href":"https:\/\/www.padreeustaquio.com.br\/es\/wp-json\/wp\/v2\/comments?post=8541"}],"version-history":[{"count":0,"href":"https:\/\/www.padreeustaquio.com.br\/es\/wp-json\/wp\/v2\/posts\/8541\/revisions"}],"wp:featuredmedia":[{"embeddable":true,"href":"https:\/\/www.padreeustaquio.com.br\/es\/wp-json\/wp\/v2\/media\/8542"}],"wp:attachment":[{"href":"https:\/\/www.padreeustaquio.com.br\/es\/wp-json\/wp\/v2\/media?parent=8541"}],"wp:term":[{"taxonomy":"category","embeddable":true,"href":"https:\/\/www.padreeustaquio.com.br\/es\/wp-json\/wp\/v2\/categories?post=8541"},{"taxonomy":"post_tag","embeddable":true,"href":"https:\/\/www.padreeustaquio.com.br\/es\/wp-json\/wp\/v2\/tags?post=8541"}],"curies":[{"name":"wp","href":"https:\/\/api.w.org\/{rel}","templated":true}]}}