{"id":8536,"date":"2022-04-27T15:24:56","date_gmt":"2022-04-27T18:24:56","guid":{"rendered":"https:\/\/www.padreeustaquio.com.br\/?p=8536"},"modified":"2022-04-27T15:25:05","modified_gmt":"2022-04-27T18:25:05","slug":"vicepostulador-recomienda-libro-en-el-sitio-web-de-la-arquidiocesis-de-belo-horizonte","status":"publish","type":"post","link":"https:\/\/www.padreeustaquio.com.br\/es\/vicepostulador-recomienda-libro-en-el-sitio-web-de-la-arquidiocesis-de-belo-horizonte\/","title":{"rendered":"Vicepostulador recomienda libro en el sitio web de la Arquidi\u00f3cesis de Belo Horizonte."},"content":{"rendered":"<p>Rector del Santuario Arquidiocesano de Salud y Paz, Padre Marcus Vin\u00edcius Maciel, o simplemente Padre Vin\u00edcius, como se le conoce en la comunidad.\u00a0<strong>Arquidi\u00f3cesis de Belo Horizonte<\/strong>, Equilibra su rutina para poder dedicarse permanentemente a la lectura. Considera los libros fundamentales para su crecimiento personal y para su labor en la Iglesia, junto a los fieles. <\/p>\n\n\n\n<p>Temas de formaci\u00f3n, espiritualidad cristiana, historia de Minas Gerais y educaci\u00f3n, as\u00ed como literatura brasile\u00f1a y europea, desde Machado de As\u00eds hasta el Dostoievski ruso, forman parte de su vida diaria a trav\u00e9s de sus publicaciones. El Padre Vinicius se prepara para completar su maestr\u00eda en Estudios Religiosos en la PUC Minas, donde estudia la vida beata del Padre Eust\u00e1quio.<\/p>\n\n\n\n<p>Nuestro invitado de esta semana lee con soltura, un h\u00e1bito que su familia y su escuela le inculcaron desde peque\u00f1o. Esta semana, presten atenci\u00f3n: el cuento que recomienda el padre Vin\u00edcius es, seg\u00fan \u00e9l, imperdible. \u201cConsidero que el libro fue escrito por un genio de nuestro tiempo\u201d, elogia.&nbsp;&nbsp;<strong><em>Una figura religiosa en una \u00e9poca cambiante.&nbsp;<\/em><\/strong>Narra la trayectoria de 50 a\u00f1os de vida consagrada del autor, hermano Henrique Cristiano Jos\u00e9 Matos.<\/p>\n\n\n\n<p>Escrito en tres vol\u00famenes, el primer libro comienza en 1941 y abarca hasta 1964, desde el nacimiento del sacerdote de origen holand\u00e9s hasta su llegada a Brasil. Los vol\u00famenes 2 y 3 abarcan el per\u00edodo de 1964 a 2010. Parte de la obra se refiere a la experiencia del Padre Henrique Cristiano en la PUC Minas, donde fue profesor durante m\u00e1s de 30 a\u00f1os. \u201cEl libro nos ofrece una visi\u00f3n de lo que sucedi\u00f3 en la Iglesia en la posguerra, con relatos, testimonios y an\u00e9cdotas fascinantes\u201d, describe el Padre Vin\u00edcius. \u201cEs una obra muy bien fundamentada, amena y profunda\u201d.\u201d<\/p>\n\n\n\n<p>El Padre Vinicius tambi\u00e9n destaca algunas de las caracter\u00edsticas del autor. \u201cEl Hermano Henrique Cristiano es un sabio y profundo conocedor de la existencia humana. Es un m\u00edstico que vive en retiro, \u00edntimamente conectado con Dios, pero al mismo tiempo con el mundo\u201d, describe. El Hermano Henrique vive en Igarap\u00e9, en la Regi\u00f3n Metropolitana de Belo Horizonte, donde se dedica al Ministerio Penitenciario.<\/p>\n\n\n\n<p><\/p>","protected":false},"excerpt":{"rendered":"<p>Reitor do Santu\u00e1rio Arquidiocesano da Sa\u00fade e da Paz, padre Marcus Vin\u00edcius Maciel, ou apenas padre Vin\u00edcius, como \u00e9 conhecido na\u00a0Arquidiocese de BH, equilibra sua rotina,\u00a0 para que de forma permanente se dedique \u00e0s leituras. Considera os livros fundamentais para o crescimento pessoal e para o trabalho na Igreja, junto aos fi\u00e9is. Temas de forma\u00e7\u00e3o, de espiritualidade crist\u00e3, hist\u00f3ria de Minas Gerais e da Educa\u00e7\u00e3o, assim como a literatura brasileira e tamb\u00e9m europeia, de Machado de Assis ao russo Dostoi\u00e9vski, as publica\u00e7\u00f5es fazem parte do seu cotidiano. Padre Vinicius se prepara para concluir o mestrado em Ci\u00eancias da Religi\u00e3o, na [&hellip;]<\/p>\n","protected":false},"author":2,"featured_media":8537,"comment_status":"open","ping_status":"closed","sticky":false,"template":"","format":"standard","meta":{"_acf_changed":false,"footnotes":""},"categories":[611],"tags":[],"class_list":["post-8536","post","type-post","status-publish","format-standard","has-post-thumbnail","hentry","category-noticias"],"acf":[],"yoast_head":"<!-- This site is optimized with the Yoast SEO plugin v27.2 - https:\/\/yoast.com\/product\/yoast-seo-wordpress\/ -->\n<title>Vice-postulador indica livro em site da Arquidiocese de Belo Horizonte<\/title>\n<meta name=\"description\" content=\"Reitor do Santu\u00e1rio Arquidiocesano da Sa\u00fade e da Paz, padre Marcus Vin\u00edcius Maciel, ou apenas padre Vin\u00edcius, como \u00e9 conhecido na\u00a0Arquidiocese de BH, equilibra sua rotina,\u00a0 para que de forma permanente se dedique \u00e0s leituras. Considera os livros fundamentais para o crescimento pessoal e para o trabalho na Igreja, junto aos fi\u00e9is.\" \/>\n<meta name=\"robots\" content=\"index, follow, max-snippet:-1, max-image-preview:large, max-video-preview:-1\" \/>\n<link rel=\"canonical\" href=\"https:\/\/www.padreeustaquio.com.br\/es\/vicepostulador-recomienda-libro-en-el-sitio-web-de-la-arquidiocesis-de-belo-horizonte\/\" \/>\n<meta property=\"og:locale\" content=\"es_ES\" \/>\n<meta property=\"og:type\" content=\"article\" \/>\n<meta property=\"og:title\" content=\"Vice-postulador indica livro em site da Arquidiocese de Belo Horizonte\" \/>\n<meta property=\"og:description\" content=\"Reitor do Santu\u00e1rio Arquidiocesano da Sa\u00fade e da Paz, padre Marcus Vin\u00edcius Maciel, ou apenas padre Vin\u00edcius, como \u00e9 conhecido na\u00a0Arquidiocese de BH, equilibra sua rotina,\u00a0 para que de forma permanente se dedique \u00e0s leituras. Considera os livros fundamentais para o crescimento pessoal e para o trabalho na Igreja, junto aos fi\u00e9is.\" \/>\n<meta property=\"og:url\" content=\"https:\/\/www.padreeustaquio.com.br\/es\/vicepostulador-recomienda-libro-en-el-sitio-web-de-la-arquidiocesis-de-belo-horizonte\/\" \/>\n<meta property=\"og:site_name\" content=\"Padre Eust\u00e1quio\" \/>\n<meta property=\"article:publisher\" content=\"https:\/\/www.facebook.com\/beatopadreeustaquio\/\" \/>\n<meta property=\"article:published_time\" content=\"2022-04-27T18:24:56+00:00\" \/>\n<meta property=\"article:modified_time\" content=\"2022-04-27T18:25:05+00:00\" \/>\n<meta property=\"og:image\" content=\"https:\/\/www.padreeustaquio.com.br\/wp-content\/uploads\/2022\/04\/indica-livro.jpg\" \/>\n\t<meta property=\"og:image:width\" content=\"748\" \/>\n\t<meta property=\"og:image:height\" content=\"394\" \/>\n\t<meta property=\"og:image:type\" content=\"image\/jpeg\" \/>\n<meta name=\"author\" content=\"@sscc\" \/>\n<meta name=\"twitter:card\" content=\"summary_large_image\" \/>\n<meta name=\"twitter:creator\" content=\"@beatopeustaquio\" \/>\n<meta name=\"twitter:site\" content=\"@beatopeustaquio\" \/>\n<meta name=\"twitter:label1\" content=\"Escrito por\" \/>\n\t<meta name=\"twitter:data1\" content=\"@sscc\" \/>\n\t<meta name=\"twitter:label2\" content=\"Tiempo de lectura\" \/>\n\t<meta name=\"twitter:data2\" content=\"2 minutos\" \/>\n<script type=\"application\/ld+json\" class=\"yoast-schema-graph\">{\"@context\":\"https:\/\/schema.org\",\"@graph\":[{\"@type\":\"Article\",\"@id\":\"https:\/\/www.padreeustaquio.com.br\/vice-postulador-indica-livro-em-site-da-arquidiocese-de-belo-horizonte\/#article\",\"isPartOf\":{\"@id\":\"https:\/\/www.padreeustaquio.com.br\/vice-postulador-indica-livro-em-site-da-arquidiocese-de-belo-horizonte\/\"},\"author\":{\"name\":\"@sscc\",\"@id\":\"https:\/\/www.padreeustaquio.com.br\/#\/schema\/person\/a2a51db1d00f1a7af0204a0f1ddb1566\"},\"headline\":\"Vice-postulador indica livro em site da Arquidiocese de Belo Horizonte\",\"datePublished\":\"2022-04-27T18:24:56+00:00\",\"dateModified\":\"2022-04-27T18:25:05+00:00\",\"mainEntityOfPage\":{\"@id\":\"https:\/\/www.padreeustaquio.com.br\/vice-postulador-indica-livro-em-site-da-arquidiocese-de-belo-horizonte\/\"},\"wordCount\":370,\"commentCount\":0,\"publisher\":{\"@id\":\"https:\/\/www.padreeustaquio.com.br\/#organization\"},\"image\":{\"@id\":\"https:\/\/www.padreeustaquio.com.br\/vice-postulador-indica-livro-em-site-da-arquidiocese-de-belo-horizonte\/#primaryimage\"},\"thumbnailUrl\":\"https:\/\/www.padreeustaquio.com.br\/wp-content\/uploads\/2022\/04\/indica-livro.jpg\",\"articleSection\":[\"Not\u00edcias\"],\"inLanguage\":\"es\",\"potentialAction\":[{\"@type\":\"CommentAction\",\"name\":\"Comment\",\"target\":[\"https:\/\/www.padreeustaquio.com.br\/vice-postulador-indica-livro-em-site-da-arquidiocese-de-belo-horizonte\/#respond\"]}]},{\"@type\":\"WebPage\",\"@id\":\"https:\/\/www.padreeustaquio.com.br\/vice-postulador-indica-livro-em-site-da-arquidiocese-de-belo-horizonte\/\",\"url\":\"https:\/\/www.padreeustaquio.com.br\/vice-postulador-indica-livro-em-site-da-arquidiocese-de-belo-horizonte\/\",\"name\":\"Vice-postulador indica livro em site da Arquidiocese de Belo Horizonte\",\"isPartOf\":{\"@id\":\"https:\/\/www.padreeustaquio.com.br\/#website\"},\"primaryImageOfPage\":{\"@id\":\"https:\/\/www.padreeustaquio.com.br\/vice-postulador-indica-livro-em-site-da-arquidiocese-de-belo-horizonte\/#primaryimage\"},\"image\":{\"@id\":\"https:\/\/www.padreeustaquio.com.br\/vice-postulador-indica-livro-em-site-da-arquidiocese-de-belo-horizonte\/#primaryimage\"},\"thumbnailUrl\":\"https:\/\/www.padreeustaquio.com.br\/wp-content\/uploads\/2022\/04\/indica-livro.jpg\",\"datePublished\":\"2022-04-27T18:24:56+00:00\",\"dateModified\":\"2022-04-27T18:25:05+00:00\",\"description\":\"Reitor do Santu\u00e1rio Arquidiocesano da Sa\u00fade e da Paz, padre Marcus Vin\u00edcius Maciel, ou apenas padre Vin\u00edcius, como \u00e9 conhecido na\u00a0Arquidiocese de BH, equilibra sua rotina,\u00a0 para que de forma permanente se dedique \u00e0s leituras. Considera os livros fundamentais para o crescimento pessoal e para o trabalho na Igreja, junto aos fi\u00e9is.\",\"breadcrumb\":{\"@id\":\"https:\/\/www.padreeustaquio.com.br\/vice-postulador-indica-livro-em-site-da-arquidiocese-de-belo-horizonte\/#breadcrumb\"},\"inLanguage\":\"es\",\"potentialAction\":[{\"@type\":\"ReadAction\",\"target\":[\"https:\/\/www.padreeustaquio.com.br\/vice-postulador-indica-livro-em-site-da-arquidiocese-de-belo-horizonte\/\"]}]},{\"@type\":\"ImageObject\",\"inLanguage\":\"es\",\"@id\":\"https:\/\/www.padreeustaquio.com.br\/vice-postulador-indica-livro-em-site-da-arquidiocese-de-belo-horizonte\/#primaryimage\",\"url\":\"https:\/\/www.padreeustaquio.com.br\/wp-content\/uploads\/2022\/04\/indica-livro.jpg\",\"contentUrl\":\"https:\/\/www.padreeustaquio.com.br\/wp-content\/uploads\/2022\/04\/indica-livro.jpg\",\"width\":748,\"height\":394},{\"@type\":\"BreadcrumbList\",\"@id\":\"https:\/\/www.padreeustaquio.com.br\/vice-postulador-indica-livro-em-site-da-arquidiocese-de-belo-horizonte\/#breadcrumb\",\"itemListElement\":[{\"@type\":\"ListItem\",\"position\":1,\"name\":\"In\u00edcio\",\"item\":\"https:\/\/www.padreeustaquio.com.br\/\"},{\"@type\":\"ListItem\",\"position\":2,\"name\":\"Vice-postulador indica livro em site da Arquidiocese de Belo Horizonte\"}]},{\"@type\":\"WebSite\",\"@id\":\"https:\/\/www.padreeustaquio.com.br\/#website\",\"url\":\"https:\/\/www.padreeustaquio.com.br\/\",\"name\":\"Padre Eust\u00e1quio\",\"description\":\"Sa\u00fade e Paz\",\"publisher\":{\"@id\":\"https:\/\/www.padreeustaquio.com.br\/#organization\"},\"potentialAction\":[{\"@type\":\"SearchAction\",\"target\":{\"@type\":\"EntryPoint\",\"urlTemplate\":\"https:\/\/www.padreeustaquio.com.br\/?s={search_term_string}\"},\"query-input\":{\"@type\":\"PropertyValueSpecification\",\"valueRequired\":true,\"valueName\":\"search_term_string\"}}],\"inLanguage\":\"es\"},{\"@type\":\"Organization\",\"@id\":\"https:\/\/www.padreeustaquio.com.br\/#organization\",\"name\":\"Padre Eust\u00e1quio\",\"url\":\"https:\/\/www.padreeustaquio.com.br\/\",\"logo\":{\"@type\":\"ImageObject\",\"inLanguage\":\"es\",\"@id\":\"https:\/\/www.padreeustaquio.com.br\/#\/schema\/logo\/image\/\",\"url\":\"https:\/\/www.padreeustaquio.com.br\/wp-content\/uploads\/2019\/08\/marca.png\",\"contentUrl\":\"https:\/\/www.padreeustaquio.com.br\/wp-content\/uploads\/2019\/08\/marca.png\",\"width\":350,\"height\":400,\"caption\":\"Padre Eust\u00e1quio\"},\"image\":{\"@id\":\"https:\/\/www.padreeustaquio.com.br\/#\/schema\/logo\/image\/\"},\"sameAs\":[\"https:\/\/www.facebook.com\/beatopadreeustaquio\/\",\"https:\/\/x.com\/beatopeustaquio\",\"https:\/\/www.instagram.com\/beatopadreeustaquio\/\",\"https:\/\/www.youtube.com\/channel\/UCRhw7vfabnajwLxb1ZXMeIw\"]},{\"@type\":\"Person\",\"@id\":\"https:\/\/www.padreeustaquio.com.br\/#\/schema\/person\/a2a51db1d00f1a7af0204a0f1ddb1566\",\"name\":\"@sscc\",\"image\":{\"@type\":\"ImageObject\",\"inLanguage\":\"es\",\"@id\":\"https:\/\/secure.gravatar.com\/avatar\/68cfafa5f44617fea54071e215026e0ff06be366c3d54a8425f04fdcb86f8c5f?s=96&d=mm&r=g\",\"url\":\"https:\/\/secure.gravatar.com\/avatar\/68cfafa5f44617fea54071e215026e0ff06be366c3d54a8425f04fdcb86f8c5f?s=96&d=mm&r=g\",\"contentUrl\":\"https:\/\/secure.gravatar.com\/avatar\/68cfafa5f44617fea54071e215026e0ff06be366c3d54a8425f04fdcb86f8c5f?s=96&d=mm&r=g\",\"caption\":\"@sscc\"},\"url\":\"https:\/\/www.padreeustaquio.com.br\/es\/author\/sscc\/\"}]}<\/script>\n<!-- \/ Yoast SEO plugin. -->","yoast_head_json":{"title":"Vicepostulador recomienda libro en el sitio web de la Arquidi\u00f3cesis de Belo Horizonte.","description":"El Padre Marcus Vin\u00edcius Maciel, o simplemente Padre Vin\u00edcius, como se le conoce en la Arquidi\u00f3cesis de Belo Horizonte, rector del Santuario Arquidiocesano de Salud y Paz, equilibra su rutina para poder dedicarse permanentemente a la lectura. Considera los libros fundamentales para su crecimiento personal y para su labor en la Iglesia, junto a los fieles.","robots":{"index":"index","follow":"follow","max-snippet":"max-snippet:-1","max-image-preview":"max-image-preview:large","max-video-preview":"max-video-preview:-1"},"canonical":"https:\/\/www.padreeustaquio.com.br\/es\/vicepostulador-recomienda-libro-en-el-sitio-web-de-la-arquidiocesis-de-belo-horizonte\/","og_locale":"es_ES","og_type":"article","og_title":"Vice-postulador indica livro em site da Arquidiocese de Belo Horizonte","og_description":"Reitor do Santu\u00e1rio Arquidiocesano da Sa\u00fade e da Paz, padre Marcus Vin\u00edcius Maciel, ou apenas padre Vin\u00edcius, como \u00e9 conhecido na\u00a0Arquidiocese de BH, equilibra sua rotina,\u00a0 para que de forma permanente se dedique \u00e0s leituras. Considera os livros fundamentais para o crescimento pessoal e para o trabalho na Igreja, junto aos fi\u00e9is.","og_url":"https:\/\/www.padreeustaquio.com.br\/es\/vicepostulador-recomienda-libro-en-el-sitio-web-de-la-arquidiocesis-de-belo-horizonte\/","og_site_name":"Padre Eust\u00e1quio","article_publisher":"https:\/\/www.facebook.com\/beatopadreeustaquio\/","article_published_time":"2022-04-27T18:24:56+00:00","article_modified_time":"2022-04-27T18:25:05+00:00","og_image":[{"width":748,"height":394,"url":"https:\/\/www.padreeustaquio.com.br\/wp-content\/uploads\/2022\/04\/indica-livro.jpg","type":"image\/jpeg"}],"author":"@sscc","twitter_card":"summary_large_image","twitter_creator":"@beatopeustaquio","twitter_site":"@beatopeustaquio","twitter_misc":{"Escrito por":"@sscc","Tiempo de lectura":"2 minutos"},"schema":{"@context":"https:\/\/schema.org","@graph":[{"@type":"Article","@id":"https:\/\/www.padreeustaquio.com.br\/vice-postulador-indica-livro-em-site-da-arquidiocese-de-belo-horizonte\/#article","isPartOf":{"@id":"https:\/\/www.padreeustaquio.com.br\/vice-postulador-indica-livro-em-site-da-arquidiocese-de-belo-horizonte\/"},"author":{"name":"@sscc","@id":"https:\/\/www.padreeustaquio.com.br\/#\/schema\/person\/a2a51db1d00f1a7af0204a0f1ddb1566"},"headline":"Vice-postulador indica livro em site da Arquidiocese de Belo Horizonte","datePublished":"2022-04-27T18:24:56+00:00","dateModified":"2022-04-27T18:25:05+00:00","mainEntityOfPage":{"@id":"https:\/\/www.padreeustaquio.com.br\/vice-postulador-indica-livro-em-site-da-arquidiocese-de-belo-horizonte\/"},"wordCount":370,"commentCount":0,"publisher":{"@id":"https:\/\/www.padreeustaquio.com.br\/#organization"},"image":{"@id":"https:\/\/www.padreeustaquio.com.br\/vice-postulador-indica-livro-em-site-da-arquidiocese-de-belo-horizonte\/#primaryimage"},"thumbnailUrl":"https:\/\/www.padreeustaquio.com.br\/wp-content\/uploads\/2022\/04\/indica-livro.jpg","articleSection":["Not\u00edcias"],"inLanguage":"es","potentialAction":[{"@type":"CommentAction","name":"Comment","target":["https:\/\/www.padreeustaquio.com.br\/vice-postulador-indica-livro-em-site-da-arquidiocese-de-belo-horizonte\/#respond"]}]},{"@type":"WebPage","@id":"https:\/\/www.padreeustaquio.com.br\/vice-postulador-indica-livro-em-site-da-arquidiocese-de-belo-horizonte\/","url":"https:\/\/www.padreeustaquio.com.br\/vice-postulador-indica-livro-em-site-da-arquidiocese-de-belo-horizonte\/","name":"Vicepostulador recomienda libro en el sitio web de la Arquidi\u00f3cesis de Belo Horizonte.","isPartOf":{"@id":"https:\/\/www.padreeustaquio.com.br\/#website"},"primaryImageOfPage":{"@id":"https:\/\/www.padreeustaquio.com.br\/vice-postulador-indica-livro-em-site-da-arquidiocese-de-belo-horizonte\/#primaryimage"},"image":{"@id":"https:\/\/www.padreeustaquio.com.br\/vice-postulador-indica-livro-em-site-da-arquidiocese-de-belo-horizonte\/#primaryimage"},"thumbnailUrl":"https:\/\/www.padreeustaquio.com.br\/wp-content\/uploads\/2022\/04\/indica-livro.jpg","datePublished":"2022-04-27T18:24:56+00:00","dateModified":"2022-04-27T18:25:05+00:00","description":"El Padre Marcus Vin\u00edcius Maciel, o simplemente Padre Vin\u00edcius, como se le conoce en la Arquidi\u00f3cesis de Belo Horizonte, rector del Santuario Arquidiocesano de Salud y Paz, equilibra su rutina para poder dedicarse permanentemente a la lectura. Considera los libros fundamentales para su crecimiento personal y para su labor en la Iglesia, junto a los fieles.","breadcrumb":{"@id":"https:\/\/www.padreeustaquio.com.br\/vice-postulador-indica-livro-em-site-da-arquidiocese-de-belo-horizonte\/#breadcrumb"},"inLanguage":"es","potentialAction":[{"@type":"ReadAction","target":["https:\/\/www.padreeustaquio.com.br\/vice-postulador-indica-livro-em-site-da-arquidiocese-de-belo-horizonte\/"]}]},{"@type":"ImageObject","inLanguage":"es","@id":"https:\/\/www.padreeustaquio.com.br\/vice-postulador-indica-livro-em-site-da-arquidiocese-de-belo-horizonte\/#primaryimage","url":"https:\/\/www.padreeustaquio.com.br\/wp-content\/uploads\/2022\/04\/indica-livro.jpg","contentUrl":"https:\/\/www.padreeustaquio.com.br\/wp-content\/uploads\/2022\/04\/indica-livro.jpg","width":748,"height":394},{"@type":"BreadcrumbList","@id":"https:\/\/www.padreeustaquio.com.br\/vice-postulador-indica-livro-em-site-da-arquidiocese-de-belo-horizonte\/#breadcrumb","itemListElement":[{"@type":"ListItem","position":1,"name":"In\u00edcio","item":"https:\/\/www.padreeustaquio.com.br\/"},{"@type":"ListItem","position":2,"name":"Vice-postulador indica livro em site da Arquidiocese de Belo Horizonte"}]},{"@type":"WebSite","@id":"https:\/\/www.padreeustaquio.com.br\/#website","url":"https:\/\/www.padreeustaquio.com.br\/","name":"Padre Eustace","description":"Salud y Paz","publisher":{"@id":"https:\/\/www.padreeustaquio.com.br\/#organization"},"potentialAction":[{"@type":"SearchAction","target":{"@type":"EntryPoint","urlTemplate":"https:\/\/www.padreeustaquio.com.br\/?s={search_term_string}"},"query-input":{"@type":"PropertyValueSpecification","valueRequired":true,"valueName":"search_term_string"}}],"inLanguage":"es"},{"@type":"Organization","@id":"https:\/\/www.padreeustaquio.com.br\/#organization","name":"Padre Eustace","url":"https:\/\/www.padreeustaquio.com.br\/","logo":{"@type":"ImageObject","inLanguage":"es","@id":"https:\/\/www.padreeustaquio.com.br\/#\/schema\/logo\/image\/","url":"https:\/\/www.padreeustaquio.com.br\/wp-content\/uploads\/2019\/08\/marca.png","contentUrl":"https:\/\/www.padreeustaquio.com.br\/wp-content\/uploads\/2019\/08\/marca.png","width":350,"height":400,"caption":"Padre Eust\u00e1quio"},"image":{"@id":"https:\/\/www.padreeustaquio.com.br\/#\/schema\/logo\/image\/"},"sameAs":["https:\/\/www.facebook.com\/beatopadreeustaquio\/","https:\/\/x.com\/beatopeustaquio","https:\/\/www.instagram.com\/beatopadreeustaquio\/","https:\/\/www.youtube.com\/channel\/UCRhw7vfabnajwLxb1ZXMeIw"]},{"@type":"Person","@id":"https:\/\/www.padreeustaquio.com.br\/#\/schema\/person\/a2a51db1d00f1a7af0204a0f1ddb1566","name":"@sscc","image":{"@type":"ImageObject","inLanguage":"es","@id":"https:\/\/secure.gravatar.com\/avatar\/68cfafa5f44617fea54071e215026e0ff06be366c3d54a8425f04fdcb86f8c5f?s=96&d=mm&r=g","url":"https:\/\/secure.gravatar.com\/avatar\/68cfafa5f44617fea54071e215026e0ff06be366c3d54a8425f04fdcb86f8c5f?s=96&d=mm&r=g","contentUrl":"https:\/\/secure.gravatar.com\/avatar\/68cfafa5f44617fea54071e215026e0ff06be366c3d54a8425f04fdcb86f8c5f?s=96&d=mm&r=g","caption":"@sscc"},"url":"https:\/\/www.padreeustaquio.com.br\/es\/author\/sscc\/"}]}},"_links":{"self":[{"href":"https:\/\/www.padreeustaquio.com.br\/es\/wp-json\/wp\/v2\/posts\/8536","targetHints":{"allow":["GET"]}}],"collection":[{"href":"https:\/\/www.padreeustaquio.com.br\/es\/wp-json\/wp\/v2\/posts"}],"about":[{"href":"https:\/\/www.padreeustaquio.com.br\/es\/wp-json\/wp\/v2\/types\/post"}],"author":[{"embeddable":true,"href":"https:\/\/www.padreeustaquio.com.br\/es\/wp-json\/wp\/v2\/users\/2"}],"replies":[{"embeddable":true,"href":"https:\/\/www.padreeustaquio.com.br\/es\/wp-json\/wp\/v2\/comments?post=8536"}],"version-history":[{"count":0,"href":"https:\/\/www.padreeustaquio.com.br\/es\/wp-json\/wp\/v2\/posts\/8536\/revisions"}],"wp:featuredmedia":[{"embeddable":true,"href":"https:\/\/www.padreeustaquio.com.br\/es\/wp-json\/wp\/v2\/media\/8537"}],"wp:attachment":[{"href":"https:\/\/www.padreeustaquio.com.br\/es\/wp-json\/wp\/v2\/media?parent=8536"}],"wp:term":[{"taxonomy":"category","embeddable":true,"href":"https:\/\/www.padreeustaquio.com.br\/es\/wp-json\/wp\/v2\/categories?post=8536"},{"taxonomy":"post_tag","embeddable":true,"href":"https:\/\/www.padreeustaquio.com.br\/es\/wp-json\/wp\/v2\/tags?post=8536"}],"curies":[{"name":"wp","href":"https:\/\/api.w.org\/{rel}","templated":true}]}}