{"id":8526,"date":"2022-04-26T05:34:00","date_gmt":"2022-04-26T08:34:00","guid":{"rendered":"https:\/\/www.padreeustaquio.com.br\/?p=8526"},"modified":"2022-04-25T13:40:32","modified_gmt":"2022-04-25T16:40:32","slug":"la-provincia-brasil-paraguay-de-la-congregacion-de-los-sagrados-corazones-realiza-asamblea","status":"publish","type":"post","link":"https:\/\/www.padreeustaquio.com.br\/es\/la-provincia-brasil-paraguay-de-la-congregacion-de-los-sagrados-corazones-realiza-asamblea\/","title":{"rendered":"Provincia Brasil-Paraguay de la Congregaci\u00f3n de los Sagrados Corazones realiza asamblea."},"content":{"rendered":"<p>Del 19 al 22 de abril, los hermanos de la Provincia de Brasil y la Regi\u00f3n de Paraguay se reunieron en asamblea en el Retiro das Rosas (Salesianos), en Cachoeira do Campo, Ouro Preto, Minas Gerais. Estuvieron presentes todos los hermanos de Brasil (con buena salud), Gustavo van Humbeeck (ec\u00f3nomo regional) y Vitor Borges, residentes de Paraguay.\u00a0<\/p>\n\n\n\n<p>Esta fue la primera vez desde las elecciones de 2021 que el gobierno provincial pudo reunirse debido a la pandemia.&nbsp;<\/p>\n\n\n\n<p>Fueron d\u00edas fruct\u00edferos de oraci\u00f3n, intercambio, encuentros y alegr\u00eda. Los temas principales fueron la Formaci\u00f3n Inicial y los desaf\u00edos del creciente n\u00famero de j\u00f3venes vocacionales y su acompa\u00f1amiento. Los ec\u00f3nomos de la Provincia y la Regi\u00f3n presentaron las cuentas de 2021.\u00a0<\/p>\n\n\n\n<p>El Vicepostulador tambi\u00e9n present\u00f3 las cuentas y un informe sobre las actividades relacionadas con el proceso de canonizaci\u00f3n del Padre Eust\u00e1quio. Se dedic\u00f3 una tarde a estudiar las circunstancias hist\u00f3ricas y eclesiales de los m\u00e1rtires de la Congregaci\u00f3n que han estado presentes desde la fundaci\u00f3n de los Sagrados Corazones, en particular los m\u00e1rtires de Par\u00eds. Otro tema relevante fue la vida de las comunidades locales, su capacidad de autosostenimiento econ\u00f3mico, la vida comunitaria y los desaf\u00edos misioneros tras la pandemia en la pastoral parroquial y las obras sociales.\u00a0<\/p>\n\n\n\n<p>La asamblea escuch\u00f3 con entusiasmo los relatos de la nueva presencia \u2014en comuni\u00f3n con nuestras hermanas\u2014 en parroquias ubicadas en zonas de extrema necesidad econ\u00f3mica y pastoral. Al final, se anunciaron las pr\u00f3ximas ordenaciones sacerdotales y diaconales. Durante la tarde, se unieron a la asamblea postulantes y prenovicios brasile\u00f1os. Una gran celebraci\u00f3n de vida comunitaria y esperanza durante la octava de Pascua.<\/p>\n\n\n\n<p><\/p>\n\n\n\n<p><\/p>","protected":false},"excerpt":{"rendered":"<p>De 19 a 22 de abril, os irm\u00e3os da Prov\u00edncia do Brasil e Regi\u00e3o do Paraguai reuniram-se em assembleia no Retiro das Rosas (Salesianos), em Cachoeira do Campo, Ouro Preto, Minas Gerais.\u00a0Estiveram presentes todos os irm\u00e3os do Brasil (com boa sa\u00fade) e Gustavo van Humbeeck (ec\u00f4nomo regional) e Vitor Borges, residentes no Paraguai.\u00a0 Esta foi a primeira vez desde as elei\u00e7\u00f5es de 2021 que o governo provincial conseguiu estar junto por causa da pandemia.&nbsp; Foram dias frut\u00edferos de ora\u00e7\u00e3o, trocas, encontros e alegria.\u00a0Os temas principais foram a Forma\u00e7\u00e3o Inicial e os desafios do crescente n\u00famero de jovens com voca\u00e7\u00f5es e [&hellip;]<\/p>\n","protected":false},"author":2,"featured_media":8527,"comment_status":"open","ping_status":"closed","sticky":false,"template":"","format":"standard","meta":{"_acf_changed":false,"footnotes":""},"categories":[611],"tags":[],"class_list":["post-8526","post","type-post","status-publish","format-standard","has-post-thumbnail","hentry","category-noticias"],"acf":[],"yoast_head":"<!-- This site is optimized with the Yoast SEO plugin v27.2 - https:\/\/yoast.com\/product\/yoast-seo-wordpress\/ -->\n<title>Prov\u00edncia Brasil-Paraguai da Congrega\u00e7\u00e3o dos Sagrados Cora\u00e7\u00f5es realiza assembleia<\/title>\n<meta name=\"description\" content=\"Os irm\u00e3os da Prov\u00edncia do Brasil e Regi\u00e3o do Paraguai reuniram-se em assembleia no Retiro das Rosas (Salesianos), em Cachoeira do Campo, Ouro Preto, Minas Gerais.\u00a0Estiveram presentes todos os irm\u00e3os do Brasil (com boa sa\u00fade) e Gustavo van Humbeeck (ec\u00f4nomo regional) e Vitor Borges, residentes no Paraguai.\" \/>\n<meta name=\"robots\" content=\"index, follow, max-snippet:-1, max-image-preview:large, max-video-preview:-1\" \/>\n<link rel=\"canonical\" href=\"https:\/\/www.padreeustaquio.com.br\/es\/la-provincia-brasil-paraguay-de-la-congregacion-de-los-sagrados-corazones-realiza-asamblea\/\" \/>\n<meta property=\"og:locale\" content=\"es_ES\" \/>\n<meta property=\"og:type\" content=\"article\" \/>\n<meta property=\"og:title\" content=\"Prov\u00edncia Brasil-Paraguai da Congrega\u00e7\u00e3o dos Sagrados Cora\u00e7\u00f5es realiza assembleia\" \/>\n<meta property=\"og:description\" content=\"Os irm\u00e3os da Prov\u00edncia do Brasil e Regi\u00e3o do Paraguai reuniram-se em assembleia no Retiro das Rosas (Salesianos), em Cachoeira do Campo, Ouro Preto, Minas Gerais.\u00a0Estiveram presentes todos os irm\u00e3os do Brasil (com boa sa\u00fade) e Gustavo van Humbeeck (ec\u00f4nomo regional) e Vitor Borges, residentes no Paraguai.\" \/>\n<meta property=\"og:url\" content=\"https:\/\/www.padreeustaquio.com.br\/es\/la-provincia-brasil-paraguay-de-la-congregacion-de-los-sagrados-corazones-realiza-asamblea\/\" \/>\n<meta property=\"og:site_name\" content=\"Padre Eust\u00e1quio\" \/>\n<meta property=\"article:publisher\" content=\"https:\/\/www.facebook.com\/beatopadreeustaquio\/\" \/>\n<meta property=\"article:published_time\" content=\"2022-04-26T08:34:00+00:00\" \/>\n<meta property=\"og:image\" content=\"https:\/\/www.padreeustaquio.com.br\/wp-content\/uploads\/2022\/04\/assembleia-provincia-brasil-paraguai-sscc.jpeg\" \/>\n\t<meta property=\"og:image:width\" content=\"1600\" \/>\n\t<meta property=\"og:image:height\" content=\"772\" \/>\n\t<meta property=\"og:image:type\" content=\"image\/jpeg\" \/>\n<meta name=\"author\" content=\"@sscc\" \/>\n<meta name=\"twitter:card\" content=\"summary_large_image\" \/>\n<meta name=\"twitter:creator\" content=\"@beatopeustaquio\" \/>\n<meta name=\"twitter:site\" content=\"@beatopeustaquio\" \/>\n<meta name=\"twitter:label1\" content=\"Escrito por\" \/>\n\t<meta name=\"twitter:data1\" content=\"@sscc\" \/>\n\t<meta name=\"twitter:label2\" content=\"Tiempo de lectura\" \/>\n\t<meta name=\"twitter:data2\" content=\"2 minutos\" \/>\n<script type=\"application\/ld+json\" class=\"yoast-schema-graph\">{\"@context\":\"https:\/\/schema.org\",\"@graph\":[{\"@type\":\"Article\",\"@id\":\"https:\/\/www.padreeustaquio.com.br\/provincia-brasil-paraguai-da-congregacao-dos-sagrados-coracoes-realiza-assembleia\/#article\",\"isPartOf\":{\"@id\":\"https:\/\/www.padreeustaquio.com.br\/provincia-brasil-paraguai-da-congregacao-dos-sagrados-coracoes-realiza-assembleia\/\"},\"author\":{\"name\":\"@sscc\",\"@id\":\"https:\/\/www.padreeustaquio.com.br\/#\/schema\/person\/a2a51db1d00f1a7af0204a0f1ddb1566\"},\"headline\":\"Prov\u00edncia Brasil-Paraguai da Congrega\u00e7\u00e3o dos Sagrados Cora\u00e7\u00f5es realiza assembleia\",\"datePublished\":\"2022-04-26T08:34:00+00:00\",\"mainEntityOfPage\":{\"@id\":\"https:\/\/www.padreeustaquio.com.br\/provincia-brasil-paraguai-da-congregacao-dos-sagrados-coracoes-realiza-assembleia\/\"},\"wordCount\":317,\"commentCount\":0,\"publisher\":{\"@id\":\"https:\/\/www.padreeustaquio.com.br\/#organization\"},\"image\":{\"@id\":\"https:\/\/www.padreeustaquio.com.br\/provincia-brasil-paraguai-da-congregacao-dos-sagrados-coracoes-realiza-assembleia\/#primaryimage\"},\"thumbnailUrl\":\"https:\/\/www.padreeustaquio.com.br\/wp-content\/uploads\/2022\/04\/assembleia-provincia-brasil-paraguai-sscc.jpeg\",\"articleSection\":[\"Not\u00edcias\"],\"inLanguage\":\"es\",\"potentialAction\":[{\"@type\":\"CommentAction\",\"name\":\"Comment\",\"target\":[\"https:\/\/www.padreeustaquio.com.br\/provincia-brasil-paraguai-da-congregacao-dos-sagrados-coracoes-realiza-assembleia\/#respond\"]}]},{\"@type\":\"WebPage\",\"@id\":\"https:\/\/www.padreeustaquio.com.br\/provincia-brasil-paraguai-da-congregacao-dos-sagrados-coracoes-realiza-assembleia\/\",\"url\":\"https:\/\/www.padreeustaquio.com.br\/provincia-brasil-paraguai-da-congregacao-dos-sagrados-coracoes-realiza-assembleia\/\",\"name\":\"Prov\u00edncia Brasil-Paraguai da Congrega\u00e7\u00e3o dos Sagrados Cora\u00e7\u00f5es realiza assembleia\",\"isPartOf\":{\"@id\":\"https:\/\/www.padreeustaquio.com.br\/#website\"},\"primaryImageOfPage\":{\"@id\":\"https:\/\/www.padreeustaquio.com.br\/provincia-brasil-paraguai-da-congregacao-dos-sagrados-coracoes-realiza-assembleia\/#primaryimage\"},\"image\":{\"@id\":\"https:\/\/www.padreeustaquio.com.br\/provincia-brasil-paraguai-da-congregacao-dos-sagrados-coracoes-realiza-assembleia\/#primaryimage\"},\"thumbnailUrl\":\"https:\/\/www.padreeustaquio.com.br\/wp-content\/uploads\/2022\/04\/assembleia-provincia-brasil-paraguai-sscc.jpeg\",\"datePublished\":\"2022-04-26T08:34:00+00:00\",\"description\":\"Os irm\u00e3os da Prov\u00edncia do Brasil e Regi\u00e3o do Paraguai reuniram-se em assembleia no Retiro das Rosas (Salesianos), em Cachoeira do Campo, Ouro Preto, Minas Gerais.\u00a0Estiveram presentes todos os irm\u00e3os do Brasil (com boa sa\u00fade) e Gustavo van Humbeeck (ec\u00f4nomo regional) e Vitor Borges, residentes no Paraguai.\",\"breadcrumb\":{\"@id\":\"https:\/\/www.padreeustaquio.com.br\/provincia-brasil-paraguai-da-congregacao-dos-sagrados-coracoes-realiza-assembleia\/#breadcrumb\"},\"inLanguage\":\"es\",\"potentialAction\":[{\"@type\":\"ReadAction\",\"target\":[\"https:\/\/www.padreeustaquio.com.br\/provincia-brasil-paraguai-da-congregacao-dos-sagrados-coracoes-realiza-assembleia\/\"]}]},{\"@type\":\"ImageObject\",\"inLanguage\":\"es\",\"@id\":\"https:\/\/www.padreeustaquio.com.br\/provincia-brasil-paraguai-da-congregacao-dos-sagrados-coracoes-realiza-assembleia\/#primaryimage\",\"url\":\"https:\/\/www.padreeustaquio.com.br\/wp-content\/uploads\/2022\/04\/assembleia-provincia-brasil-paraguai-sscc.jpeg\",\"contentUrl\":\"https:\/\/www.padreeustaquio.com.br\/wp-content\/uploads\/2022\/04\/assembleia-provincia-brasil-paraguai-sscc.jpeg\",\"width\":1600,\"height\":772},{\"@type\":\"BreadcrumbList\",\"@id\":\"https:\/\/www.padreeustaquio.com.br\/provincia-brasil-paraguai-da-congregacao-dos-sagrados-coracoes-realiza-assembleia\/#breadcrumb\",\"itemListElement\":[{\"@type\":\"ListItem\",\"position\":1,\"name\":\"In\u00edcio\",\"item\":\"https:\/\/www.padreeustaquio.com.br\/\"},{\"@type\":\"ListItem\",\"position\":2,\"name\":\"Prov\u00edncia Brasil-Paraguai da Congrega\u00e7\u00e3o dos Sagrados Cora\u00e7\u00f5es realiza assembleia\"}]},{\"@type\":\"WebSite\",\"@id\":\"https:\/\/www.padreeustaquio.com.br\/#website\",\"url\":\"https:\/\/www.padreeustaquio.com.br\/\",\"name\":\"Padre Eust\u00e1quio\",\"description\":\"Sa\u00fade e Paz\",\"publisher\":{\"@id\":\"https:\/\/www.padreeustaquio.com.br\/#organization\"},\"potentialAction\":[{\"@type\":\"SearchAction\",\"target\":{\"@type\":\"EntryPoint\",\"urlTemplate\":\"https:\/\/www.padreeustaquio.com.br\/?s={search_term_string}\"},\"query-input\":{\"@type\":\"PropertyValueSpecification\",\"valueRequired\":true,\"valueName\":\"search_term_string\"}}],\"inLanguage\":\"es\"},{\"@type\":\"Organization\",\"@id\":\"https:\/\/www.padreeustaquio.com.br\/#organization\",\"name\":\"Padre Eust\u00e1quio\",\"url\":\"https:\/\/www.padreeustaquio.com.br\/\",\"logo\":{\"@type\":\"ImageObject\",\"inLanguage\":\"es\",\"@id\":\"https:\/\/www.padreeustaquio.com.br\/#\/schema\/logo\/image\/\",\"url\":\"https:\/\/www.padreeustaquio.com.br\/wp-content\/uploads\/2019\/08\/marca.png\",\"contentUrl\":\"https:\/\/www.padreeustaquio.com.br\/wp-content\/uploads\/2019\/08\/marca.png\",\"width\":350,\"height\":400,\"caption\":\"Padre Eust\u00e1quio\"},\"image\":{\"@id\":\"https:\/\/www.padreeustaquio.com.br\/#\/schema\/logo\/image\/\"},\"sameAs\":[\"https:\/\/www.facebook.com\/beatopadreeustaquio\/\",\"https:\/\/x.com\/beatopeustaquio\",\"https:\/\/www.instagram.com\/beatopadreeustaquio\/\",\"https:\/\/www.youtube.com\/channel\/UCRhw7vfabnajwLxb1ZXMeIw\"]},{\"@type\":\"Person\",\"@id\":\"https:\/\/www.padreeustaquio.com.br\/#\/schema\/person\/a2a51db1d00f1a7af0204a0f1ddb1566\",\"name\":\"@sscc\",\"image\":{\"@type\":\"ImageObject\",\"inLanguage\":\"es\",\"@id\":\"https:\/\/secure.gravatar.com\/avatar\/68cfafa5f44617fea54071e215026e0ff06be366c3d54a8425f04fdcb86f8c5f?s=96&d=mm&r=g\",\"url\":\"https:\/\/secure.gravatar.com\/avatar\/68cfafa5f44617fea54071e215026e0ff06be366c3d54a8425f04fdcb86f8c5f?s=96&d=mm&r=g\",\"contentUrl\":\"https:\/\/secure.gravatar.com\/avatar\/68cfafa5f44617fea54071e215026e0ff06be366c3d54a8425f04fdcb86f8c5f?s=96&d=mm&r=g\",\"caption\":\"@sscc\"},\"url\":\"https:\/\/www.padreeustaquio.com.br\/es\/author\/sscc\/\"}]}<\/script>\n<!-- \/ Yoast SEO plugin. -->","yoast_head_json":{"title":"Provincia Brasil-Paraguay de la Congregaci\u00f3n de los Sagrados Corazones realiza asamblea.","description":"Los hermanos de la Provincia de Brasil y Regi\u00f3n de Paraguay se reunieron en asamblea en el Retiro das Rosas (Salesianos), en Cachoeira do Campo, Ouro Preto, Minas Gerais. Estuvieron presentes todos los hermanos de Brasil (con buena salud) y Gustavo van Humbeeck (tesorero regional) y Vitor Borges, residentes en Paraguay.","robots":{"index":"index","follow":"follow","max-snippet":"max-snippet:-1","max-image-preview":"max-image-preview:large","max-video-preview":"max-video-preview:-1"},"canonical":"https:\/\/www.padreeustaquio.com.br\/es\/la-provincia-brasil-paraguay-de-la-congregacion-de-los-sagrados-corazones-realiza-asamblea\/","og_locale":"es_ES","og_type":"article","og_title":"Prov\u00edncia Brasil-Paraguai da Congrega\u00e7\u00e3o dos Sagrados Cora\u00e7\u00f5es realiza assembleia","og_description":"Os irm\u00e3os da Prov\u00edncia do Brasil e Regi\u00e3o do Paraguai reuniram-se em assembleia no Retiro das Rosas (Salesianos), em Cachoeira do Campo, Ouro Preto, Minas Gerais.\u00a0Estiveram presentes todos os irm\u00e3os do Brasil (com boa sa\u00fade) e Gustavo van Humbeeck (ec\u00f4nomo regional) e Vitor Borges, residentes no Paraguai.","og_url":"https:\/\/www.padreeustaquio.com.br\/es\/la-provincia-brasil-paraguay-de-la-congregacion-de-los-sagrados-corazones-realiza-asamblea\/","og_site_name":"Padre Eust\u00e1quio","article_publisher":"https:\/\/www.facebook.com\/beatopadreeustaquio\/","article_published_time":"2022-04-26T08:34:00+00:00","og_image":[{"width":1600,"height":772,"url":"https:\/\/www.padreeustaquio.com.br\/wp-content\/uploads\/2022\/04\/assembleia-provincia-brasil-paraguai-sscc.jpeg","type":"image\/jpeg"}],"author":"@sscc","twitter_card":"summary_large_image","twitter_creator":"@beatopeustaquio","twitter_site":"@beatopeustaquio","twitter_misc":{"Escrito por":"@sscc","Tiempo de lectura":"2 minutos"},"schema":{"@context":"https:\/\/schema.org","@graph":[{"@type":"Article","@id":"https:\/\/www.padreeustaquio.com.br\/provincia-brasil-paraguai-da-congregacao-dos-sagrados-coracoes-realiza-assembleia\/#article","isPartOf":{"@id":"https:\/\/www.padreeustaquio.com.br\/provincia-brasil-paraguai-da-congregacao-dos-sagrados-coracoes-realiza-assembleia\/"},"author":{"name":"@sscc","@id":"https:\/\/www.padreeustaquio.com.br\/#\/schema\/person\/a2a51db1d00f1a7af0204a0f1ddb1566"},"headline":"Prov\u00edncia Brasil-Paraguai da Congrega\u00e7\u00e3o dos Sagrados Cora\u00e7\u00f5es realiza assembleia","datePublished":"2022-04-26T08:34:00+00:00","mainEntityOfPage":{"@id":"https:\/\/www.padreeustaquio.com.br\/provincia-brasil-paraguai-da-congregacao-dos-sagrados-coracoes-realiza-assembleia\/"},"wordCount":317,"commentCount":0,"publisher":{"@id":"https:\/\/www.padreeustaquio.com.br\/#organization"},"image":{"@id":"https:\/\/www.padreeustaquio.com.br\/provincia-brasil-paraguai-da-congregacao-dos-sagrados-coracoes-realiza-assembleia\/#primaryimage"},"thumbnailUrl":"https:\/\/www.padreeustaquio.com.br\/wp-content\/uploads\/2022\/04\/assembleia-provincia-brasil-paraguai-sscc.jpeg","articleSection":["Not\u00edcias"],"inLanguage":"es","potentialAction":[{"@type":"CommentAction","name":"Comment","target":["https:\/\/www.padreeustaquio.com.br\/provincia-brasil-paraguai-da-congregacao-dos-sagrados-coracoes-realiza-assembleia\/#respond"]}]},{"@type":"WebPage","@id":"https:\/\/www.padreeustaquio.com.br\/provincia-brasil-paraguai-da-congregacao-dos-sagrados-coracoes-realiza-assembleia\/","url":"https:\/\/www.padreeustaquio.com.br\/provincia-brasil-paraguai-da-congregacao-dos-sagrados-coracoes-realiza-assembleia\/","name":"Provincia Brasil-Paraguay de la Congregaci\u00f3n de los Sagrados Corazones realiza asamblea.","isPartOf":{"@id":"https:\/\/www.padreeustaquio.com.br\/#website"},"primaryImageOfPage":{"@id":"https:\/\/www.padreeustaquio.com.br\/provincia-brasil-paraguai-da-congregacao-dos-sagrados-coracoes-realiza-assembleia\/#primaryimage"},"image":{"@id":"https:\/\/www.padreeustaquio.com.br\/provincia-brasil-paraguai-da-congregacao-dos-sagrados-coracoes-realiza-assembleia\/#primaryimage"},"thumbnailUrl":"https:\/\/www.padreeustaquio.com.br\/wp-content\/uploads\/2022\/04\/assembleia-provincia-brasil-paraguai-sscc.jpeg","datePublished":"2022-04-26T08:34:00+00:00","description":"Los hermanos de la Provincia de Brasil y Regi\u00f3n de Paraguay se reunieron en asamblea en el Retiro das Rosas (Salesianos), en Cachoeira do Campo, Ouro Preto, Minas Gerais. Estuvieron presentes todos los hermanos de Brasil (con buena salud) y Gustavo van Humbeeck (tesorero regional) y Vitor Borges, residentes en Paraguay.","breadcrumb":{"@id":"https:\/\/www.padreeustaquio.com.br\/provincia-brasil-paraguai-da-congregacao-dos-sagrados-coracoes-realiza-assembleia\/#breadcrumb"},"inLanguage":"es","potentialAction":[{"@type":"ReadAction","target":["https:\/\/www.padreeustaquio.com.br\/provincia-brasil-paraguai-da-congregacao-dos-sagrados-coracoes-realiza-assembleia\/"]}]},{"@type":"ImageObject","inLanguage":"es","@id":"https:\/\/www.padreeustaquio.com.br\/provincia-brasil-paraguai-da-congregacao-dos-sagrados-coracoes-realiza-assembleia\/#primaryimage","url":"https:\/\/www.padreeustaquio.com.br\/wp-content\/uploads\/2022\/04\/assembleia-provincia-brasil-paraguai-sscc.jpeg","contentUrl":"https:\/\/www.padreeustaquio.com.br\/wp-content\/uploads\/2022\/04\/assembleia-provincia-brasil-paraguai-sscc.jpeg","width":1600,"height":772},{"@type":"BreadcrumbList","@id":"https:\/\/www.padreeustaquio.com.br\/provincia-brasil-paraguai-da-congregacao-dos-sagrados-coracoes-realiza-assembleia\/#breadcrumb","itemListElement":[{"@type":"ListItem","position":1,"name":"In\u00edcio","item":"https:\/\/www.padreeustaquio.com.br\/"},{"@type":"ListItem","position":2,"name":"Prov\u00edncia Brasil-Paraguai da Congrega\u00e7\u00e3o dos Sagrados Cora\u00e7\u00f5es realiza assembleia"}]},{"@type":"WebSite","@id":"https:\/\/www.padreeustaquio.com.br\/#website","url":"https:\/\/www.padreeustaquio.com.br\/","name":"Padre Eustace","description":"Salud y Paz","publisher":{"@id":"https:\/\/www.padreeustaquio.com.br\/#organization"},"potentialAction":[{"@type":"SearchAction","target":{"@type":"EntryPoint","urlTemplate":"https:\/\/www.padreeustaquio.com.br\/?s={search_term_string}"},"query-input":{"@type":"PropertyValueSpecification","valueRequired":true,"valueName":"search_term_string"}}],"inLanguage":"es"},{"@type":"Organization","@id":"https:\/\/www.padreeustaquio.com.br\/#organization","name":"Padre Eustace","url":"https:\/\/www.padreeustaquio.com.br\/","logo":{"@type":"ImageObject","inLanguage":"es","@id":"https:\/\/www.padreeustaquio.com.br\/#\/schema\/logo\/image\/","url":"https:\/\/www.padreeustaquio.com.br\/wp-content\/uploads\/2019\/08\/marca.png","contentUrl":"https:\/\/www.padreeustaquio.com.br\/wp-content\/uploads\/2019\/08\/marca.png","width":350,"height":400,"caption":"Padre Eust\u00e1quio"},"image":{"@id":"https:\/\/www.padreeustaquio.com.br\/#\/schema\/logo\/image\/"},"sameAs":["https:\/\/www.facebook.com\/beatopadreeustaquio\/","https:\/\/x.com\/beatopeustaquio","https:\/\/www.instagram.com\/beatopadreeustaquio\/","https:\/\/www.youtube.com\/channel\/UCRhw7vfabnajwLxb1ZXMeIw"]},{"@type":"Person","@id":"https:\/\/www.padreeustaquio.com.br\/#\/schema\/person\/a2a51db1d00f1a7af0204a0f1ddb1566","name":"@sscc","image":{"@type":"ImageObject","inLanguage":"es","@id":"https:\/\/secure.gravatar.com\/avatar\/68cfafa5f44617fea54071e215026e0ff06be366c3d54a8425f04fdcb86f8c5f?s=96&d=mm&r=g","url":"https:\/\/secure.gravatar.com\/avatar\/68cfafa5f44617fea54071e215026e0ff06be366c3d54a8425f04fdcb86f8c5f?s=96&d=mm&r=g","contentUrl":"https:\/\/secure.gravatar.com\/avatar\/68cfafa5f44617fea54071e215026e0ff06be366c3d54a8425f04fdcb86f8c5f?s=96&d=mm&r=g","caption":"@sscc"},"url":"https:\/\/www.padreeustaquio.com.br\/es\/author\/sscc\/"}]}},"_links":{"self":[{"href":"https:\/\/www.padreeustaquio.com.br\/es\/wp-json\/wp\/v2\/posts\/8526","targetHints":{"allow":["GET"]}}],"collection":[{"href":"https:\/\/www.padreeustaquio.com.br\/es\/wp-json\/wp\/v2\/posts"}],"about":[{"href":"https:\/\/www.padreeustaquio.com.br\/es\/wp-json\/wp\/v2\/types\/post"}],"author":[{"embeddable":true,"href":"https:\/\/www.padreeustaquio.com.br\/es\/wp-json\/wp\/v2\/users\/2"}],"replies":[{"embeddable":true,"href":"https:\/\/www.padreeustaquio.com.br\/es\/wp-json\/wp\/v2\/comments?post=8526"}],"version-history":[{"count":0,"href":"https:\/\/www.padreeustaquio.com.br\/es\/wp-json\/wp\/v2\/posts\/8526\/revisions"}],"wp:featuredmedia":[{"embeddable":true,"href":"https:\/\/www.padreeustaquio.com.br\/es\/wp-json\/wp\/v2\/media\/8527"}],"wp:attachment":[{"href":"https:\/\/www.padreeustaquio.com.br\/es\/wp-json\/wp\/v2\/media?parent=8526"}],"wp:term":[{"taxonomy":"category","embeddable":true,"href":"https:\/\/www.padreeustaquio.com.br\/es\/wp-json\/wp\/v2\/categories?post=8526"},{"taxonomy":"post_tag","embeddable":true,"href":"https:\/\/www.padreeustaquio.com.br\/es\/wp-json\/wp\/v2\/tags?post=8526"}],"curies":[{"name":"wp","href":"https:\/\/api.w.org\/{rel}","templated":true}]}}