{"id":8506,"date":"2022-04-22T06:05:00","date_gmt":"2022-04-22T09:05:00","guid":{"rendered":"https:\/\/www.padreeustaquio.com.br\/?p=8506"},"modified":"2022-04-20T17:12:21","modified_gmt":"2022-04-20T20:12:21","slug":"santuario-de-salud-y-paz-un-lugar-lleno-de-significado-para-nuestra-fe","status":"publish","type":"post","link":"https:\/\/www.padreeustaquio.com.br\/es\/santuario-de-salud-y-paz-un-lugar-lleno-de-significado-para-nuestra-fe\/","title":{"rendered":"Santuario de Salud y Paz: un lugar lleno de significado para nuestra fe."},"content":{"rendered":"<p>El Santuario Arquidiocesano de Salud y Paz, conocido como la Iglesia del Padre Eust\u00e1quio, fue concebido y planificado por el propio Beato Eust\u00e1quio durante su estancia en Belo Horizonte. El sacerdote holand\u00e9s no vivi\u00f3 para ver la obra terminada, pero fue \u00e9l quien coloc\u00f3 la primera piedra del edificio.<\/p>\n\n\n\n<p>Como legado para los habitantes de Belo Horizonte, el Padre Eust\u00e1quio dej\u00f3 un plan sobre c\u00f3mo deb\u00eda construirse el templo. La construcci\u00f3n est\u00e1 llena de simbolismo, y hemos seleccionado algunos para que los conozcan hoy.<\/p>\n\n\n\n<p>El primero tiene que ver con la fachada del Santuario. \u00bfSab\u00edas que los vitrales frente a la iglesia se eligieron por una raz\u00f3n muy especial? Representan los siete sacramentos de la Iglesia: Bautismo, Confirmaci\u00f3n, Eucarist\u00eda, Penitencia, Unci\u00f3n de los Enfermos, Orden Sacerdotal y Matrimonio.<\/p>\n\n\n\n<p>Otro rasgo interesante de la arquitectura de la iglesia se encuentra en las puertas principales del Santuario. Las tres puertas representan a la Sant\u00edsima Trinidad: Padre, Hijo y Esp\u00edritu Santo.<\/p>\n\n\n\n<p>Entonces, \u00bfya conoc\u00edas estos datos interesantes sobre el Santuario de la Salud y la Paz?<\/p>\n\n\n\n<p><\/p>","protected":false},"excerpt":{"rendered":"<p>O Santu\u00e1rio Arquidiocesano da Sa\u00fade e da Paz, conhecido como Igreja do Padre Eust\u00e1quio, foi sonhado e planejado pelo pr\u00f3prio Bem-aventurado em sua passagem por Belo Horizonte. O padre holand\u00eas n\u00e3o chegou a ver a obra pronta, mas foi ele quem fez a inaugura\u00e7\u00e3o da pedra fundamental da constru\u00e7\u00e3o. Como heran\u00e7a para os belorizontinos, Padre Eust\u00e1quio deixou um projeto de como a o templo deveria ser constru\u00eddo. A constru\u00e7\u00e3o \u00e9 cheia de simbolismo e separamos alguns deles pra voc\u00ea conhecer hoje. O primeiro tem a ver com a fachada do Santu\u00e1rio. Voc\u00ea sabia que os vitrais que se encontram na [&hellip;]<\/p>\n","protected":false},"author":2,"featured_media":8508,"comment_status":"open","ping_status":"closed","sticky":false,"template":"","format":"standard","meta":{"_acf_changed":false,"footnotes":""},"categories":[611],"tags":[],"class_list":["post-8506","post","type-post","status-publish","format-standard","has-post-thumbnail","hentry","category-noticias"],"acf":[],"yoast_head":"<!-- This site is optimized with the Yoast SEO plugin v27.2 - https:\/\/yoast.com\/product\/yoast-seo-wordpress\/ -->\n<title>Santu\u00e1rio da Sa\u00fade e da Paz: um lugar cheio de significado para nossa f\u00e9<\/title>\n<meta name=\"description\" content=\"O Santu\u00e1rio Arquidiocesano da Sa\u00fade e da Paz, conhecido como Igreja do Padre Eust\u00e1quio, foi sonhado e planejado pelo pr\u00f3prio Bem-aventurado em sua passagem por Belo Horizonte. O padre holand\u00eas n\u00e3o chegou a ver a obra pronta, mas foi ele quem fez a inaugura\u00e7\u00e3o da pedra fundamental da constru\u00e7\u00e3o.\" \/>\n<meta name=\"robots\" content=\"index, follow, max-snippet:-1, max-image-preview:large, max-video-preview:-1\" \/>\n<link rel=\"canonical\" href=\"https:\/\/www.padreeustaquio.com.br\/es\/santuario-de-salud-y-paz-un-lugar-lleno-de-significado-para-nuestra-fe\/\" \/>\n<meta property=\"og:locale\" content=\"es_ES\" \/>\n<meta property=\"og:type\" content=\"article\" \/>\n<meta property=\"og:title\" content=\"Santu\u00e1rio da Sa\u00fade e da Paz: um lugar cheio de significado para nossa f\u00e9\" \/>\n<meta property=\"og:description\" content=\"O Santu\u00e1rio Arquidiocesano da Sa\u00fade e da Paz, conhecido como Igreja do Padre Eust\u00e1quio, foi sonhado e planejado pelo pr\u00f3prio Bem-aventurado em sua passagem por Belo Horizonte. O padre holand\u00eas n\u00e3o chegou a ver a obra pronta, mas foi ele quem fez a inaugura\u00e7\u00e3o da pedra fundamental da constru\u00e7\u00e3o.\" \/>\n<meta property=\"og:url\" content=\"https:\/\/www.padreeustaquio.com.br\/es\/santuario-de-salud-y-paz-un-lugar-lleno-de-significado-para-nuestra-fe\/\" \/>\n<meta property=\"og:site_name\" content=\"Padre Eust\u00e1quio\" \/>\n<meta property=\"article:publisher\" content=\"https:\/\/www.facebook.com\/beatopadreeustaquio\/\" \/>\n<meta property=\"article:published_time\" content=\"2022-04-22T09:05:00+00:00\" \/>\n<meta property=\"og:image\" content=\"https:\/\/www.padreeustaquio.com.br\/wp-content\/uploads\/2022\/04\/santuario-da-saude-e-da-paz-igreja-do-beato-padre-eustaquio.jpeg\" \/>\n\t<meta property=\"og:image:width\" content=\"640\" \/>\n\t<meta property=\"og:image:height\" content=\"427\" \/>\n\t<meta property=\"og:image:type\" content=\"image\/jpeg\" \/>\n<meta name=\"author\" content=\"@sscc\" \/>\n<meta name=\"twitter:card\" content=\"summary_large_image\" \/>\n<meta name=\"twitter:creator\" content=\"@beatopeustaquio\" \/>\n<meta name=\"twitter:site\" content=\"@beatopeustaquio\" \/>\n<meta name=\"twitter:label1\" content=\"Escrito por\" \/>\n\t<meta name=\"twitter:data1\" content=\"@sscc\" \/>\n\t<meta name=\"twitter:label2\" content=\"Tiempo de lectura\" \/>\n\t<meta name=\"twitter:data2\" content=\"1 minuto\" \/>\n<script type=\"application\/ld+json\" class=\"yoast-schema-graph\">{\"@context\":\"https:\/\/schema.org\",\"@graph\":[{\"@type\":\"Article\",\"@id\":\"https:\/\/www.padreeustaquio.com.br\/santuario-da-saude-e-da-paz-um-lugar-cheio-de-significado-para-nossa-fe\/#article\",\"isPartOf\":{\"@id\":\"https:\/\/www.padreeustaquio.com.br\/santuario-da-saude-e-da-paz-um-lugar-cheio-de-significado-para-nossa-fe\/\"},\"author\":{\"name\":\"@sscc\",\"@id\":\"https:\/\/www.padreeustaquio.com.br\/#\/schema\/person\/a2a51db1d00f1a7af0204a0f1ddb1566\"},\"headline\":\"Santu\u00e1rio da Sa\u00fade e da Paz: um lugar cheio de significado para nossa f\u00e9\",\"datePublished\":\"2022-04-22T09:05:00+00:00\",\"mainEntityOfPage\":{\"@id\":\"https:\/\/www.padreeustaquio.com.br\/santuario-da-saude-e-da-paz-um-lugar-cheio-de-significado-para-nossa-fe\/\"},\"wordCount\":216,\"commentCount\":0,\"publisher\":{\"@id\":\"https:\/\/www.padreeustaquio.com.br\/#organization\"},\"image\":{\"@id\":\"https:\/\/www.padreeustaquio.com.br\/santuario-da-saude-e-da-paz-um-lugar-cheio-de-significado-para-nossa-fe\/#primaryimage\"},\"thumbnailUrl\":\"https:\/\/www.padreeustaquio.com.br\/wp-content\/uploads\/2022\/04\/santuario-da-saude-e-da-paz-igreja-do-beato-padre-eustaquio.jpeg\",\"articleSection\":[\"Not\u00edcias\"],\"inLanguage\":\"es\",\"potentialAction\":[{\"@type\":\"CommentAction\",\"name\":\"Comment\",\"target\":[\"https:\/\/www.padreeustaquio.com.br\/santuario-da-saude-e-da-paz-um-lugar-cheio-de-significado-para-nossa-fe\/#respond\"]}]},{\"@type\":\"WebPage\",\"@id\":\"https:\/\/www.padreeustaquio.com.br\/santuario-da-saude-e-da-paz-um-lugar-cheio-de-significado-para-nossa-fe\/\",\"url\":\"https:\/\/www.padreeustaquio.com.br\/santuario-da-saude-e-da-paz-um-lugar-cheio-de-significado-para-nossa-fe\/\",\"name\":\"Santu\u00e1rio da Sa\u00fade e da Paz: um lugar cheio de significado para nossa f\u00e9\",\"isPartOf\":{\"@id\":\"https:\/\/www.padreeustaquio.com.br\/#website\"},\"primaryImageOfPage\":{\"@id\":\"https:\/\/www.padreeustaquio.com.br\/santuario-da-saude-e-da-paz-um-lugar-cheio-de-significado-para-nossa-fe\/#primaryimage\"},\"image\":{\"@id\":\"https:\/\/www.padreeustaquio.com.br\/santuario-da-saude-e-da-paz-um-lugar-cheio-de-significado-para-nossa-fe\/#primaryimage\"},\"thumbnailUrl\":\"https:\/\/www.padreeustaquio.com.br\/wp-content\/uploads\/2022\/04\/santuario-da-saude-e-da-paz-igreja-do-beato-padre-eustaquio.jpeg\",\"datePublished\":\"2022-04-22T09:05:00+00:00\",\"description\":\"O Santu\u00e1rio Arquidiocesano da Sa\u00fade e da Paz, conhecido como Igreja do Padre Eust\u00e1quio, foi sonhado e planejado pelo pr\u00f3prio Bem-aventurado em sua passagem por Belo Horizonte. O padre holand\u00eas n\u00e3o chegou a ver a obra pronta, mas foi ele quem fez a inaugura\u00e7\u00e3o da pedra fundamental da constru\u00e7\u00e3o.\",\"breadcrumb\":{\"@id\":\"https:\/\/www.padreeustaquio.com.br\/santuario-da-saude-e-da-paz-um-lugar-cheio-de-significado-para-nossa-fe\/#breadcrumb\"},\"inLanguage\":\"es\",\"potentialAction\":[{\"@type\":\"ReadAction\",\"target\":[\"https:\/\/www.padreeustaquio.com.br\/santuario-da-saude-e-da-paz-um-lugar-cheio-de-significado-para-nossa-fe\/\"]}]},{\"@type\":\"ImageObject\",\"inLanguage\":\"es\",\"@id\":\"https:\/\/www.padreeustaquio.com.br\/santuario-da-saude-e-da-paz-um-lugar-cheio-de-significado-para-nossa-fe\/#primaryimage\",\"url\":\"https:\/\/www.padreeustaquio.com.br\/wp-content\/uploads\/2022\/04\/santuario-da-saude-e-da-paz-igreja-do-beato-padre-eustaquio.jpeg\",\"contentUrl\":\"https:\/\/www.padreeustaquio.com.br\/wp-content\/uploads\/2022\/04\/santuario-da-saude-e-da-paz-igreja-do-beato-padre-eustaquio.jpeg\",\"width\":640,\"height\":427},{\"@type\":\"BreadcrumbList\",\"@id\":\"https:\/\/www.padreeustaquio.com.br\/santuario-da-saude-e-da-paz-um-lugar-cheio-de-significado-para-nossa-fe\/#breadcrumb\",\"itemListElement\":[{\"@type\":\"ListItem\",\"position\":1,\"name\":\"In\u00edcio\",\"item\":\"https:\/\/www.padreeustaquio.com.br\/\"},{\"@type\":\"ListItem\",\"position\":2,\"name\":\"Santu\u00e1rio da Sa\u00fade e da Paz: um lugar cheio de significado para nossa f\u00e9\"}]},{\"@type\":\"WebSite\",\"@id\":\"https:\/\/www.padreeustaquio.com.br\/#website\",\"url\":\"https:\/\/www.padreeustaquio.com.br\/\",\"name\":\"Padre Eust\u00e1quio\",\"description\":\"Sa\u00fade e Paz\",\"publisher\":{\"@id\":\"https:\/\/www.padreeustaquio.com.br\/#organization\"},\"potentialAction\":[{\"@type\":\"SearchAction\",\"target\":{\"@type\":\"EntryPoint\",\"urlTemplate\":\"https:\/\/www.padreeustaquio.com.br\/?s={search_term_string}\"},\"query-input\":{\"@type\":\"PropertyValueSpecification\",\"valueRequired\":true,\"valueName\":\"search_term_string\"}}],\"inLanguage\":\"es\"},{\"@type\":\"Organization\",\"@id\":\"https:\/\/www.padreeustaquio.com.br\/#organization\",\"name\":\"Padre Eust\u00e1quio\",\"url\":\"https:\/\/www.padreeustaquio.com.br\/\",\"logo\":{\"@type\":\"ImageObject\",\"inLanguage\":\"es\",\"@id\":\"https:\/\/www.padreeustaquio.com.br\/#\/schema\/logo\/image\/\",\"url\":\"https:\/\/www.padreeustaquio.com.br\/wp-content\/uploads\/2019\/08\/marca.png\",\"contentUrl\":\"https:\/\/www.padreeustaquio.com.br\/wp-content\/uploads\/2019\/08\/marca.png\",\"width\":350,\"height\":400,\"caption\":\"Padre Eust\u00e1quio\"},\"image\":{\"@id\":\"https:\/\/www.padreeustaquio.com.br\/#\/schema\/logo\/image\/\"},\"sameAs\":[\"https:\/\/www.facebook.com\/beatopadreeustaquio\/\",\"https:\/\/x.com\/beatopeustaquio\",\"https:\/\/www.instagram.com\/beatopadreeustaquio\/\",\"https:\/\/www.youtube.com\/channel\/UCRhw7vfabnajwLxb1ZXMeIw\"]},{\"@type\":\"Person\",\"@id\":\"https:\/\/www.padreeustaquio.com.br\/#\/schema\/person\/a2a51db1d00f1a7af0204a0f1ddb1566\",\"name\":\"@sscc\",\"image\":{\"@type\":\"ImageObject\",\"inLanguage\":\"es\",\"@id\":\"https:\/\/secure.gravatar.com\/avatar\/68cfafa5f44617fea54071e215026e0ff06be366c3d54a8425f04fdcb86f8c5f?s=96&d=mm&r=g\",\"url\":\"https:\/\/secure.gravatar.com\/avatar\/68cfafa5f44617fea54071e215026e0ff06be366c3d54a8425f04fdcb86f8c5f?s=96&d=mm&r=g\",\"contentUrl\":\"https:\/\/secure.gravatar.com\/avatar\/68cfafa5f44617fea54071e215026e0ff06be366c3d54a8425f04fdcb86f8c5f?s=96&d=mm&r=g\",\"caption\":\"@sscc\"},\"url\":\"https:\/\/www.padreeustaquio.com.br\/es\/author\/sscc\/\"}]}<\/script>\n<!-- \/ Yoast SEO plugin. -->","yoast_head_json":{"title":"Santuario de Salud y Paz: un lugar lleno de significado para nuestra fe.","description":"El Santuario Arquidiocesano de Salud y Paz, conocido como la Iglesia del Padre Eust\u00e1quio, fue concebido y planificado por el propio Beato Eust\u00e1quio durante su estancia en Belo Horizonte. El sacerdote holand\u00e9s no vivi\u00f3 para ver la obra terminada, pero fue \u00e9l quien coloc\u00f3 la primera piedra del edificio.","robots":{"index":"index","follow":"follow","max-snippet":"max-snippet:-1","max-image-preview":"max-image-preview:large","max-video-preview":"max-video-preview:-1"},"canonical":"https:\/\/www.padreeustaquio.com.br\/es\/santuario-de-salud-y-paz-un-lugar-lleno-de-significado-para-nuestra-fe\/","og_locale":"es_ES","og_type":"article","og_title":"Santu\u00e1rio da Sa\u00fade e da Paz: um lugar cheio de significado para nossa f\u00e9","og_description":"O Santu\u00e1rio Arquidiocesano da Sa\u00fade e da Paz, conhecido como Igreja do Padre Eust\u00e1quio, foi sonhado e planejado pelo pr\u00f3prio Bem-aventurado em sua passagem por Belo Horizonte. O padre holand\u00eas n\u00e3o chegou a ver a obra pronta, mas foi ele quem fez a inaugura\u00e7\u00e3o da pedra fundamental da constru\u00e7\u00e3o.","og_url":"https:\/\/www.padreeustaquio.com.br\/es\/santuario-de-salud-y-paz-un-lugar-lleno-de-significado-para-nuestra-fe\/","og_site_name":"Padre Eust\u00e1quio","article_publisher":"https:\/\/www.facebook.com\/beatopadreeustaquio\/","article_published_time":"2022-04-22T09:05:00+00:00","og_image":[{"width":640,"height":427,"url":"https:\/\/www.padreeustaquio.com.br\/wp-content\/uploads\/2022\/04\/santuario-da-saude-e-da-paz-igreja-do-beato-padre-eustaquio.jpeg","type":"image\/jpeg"}],"author":"@sscc","twitter_card":"summary_large_image","twitter_creator":"@beatopeustaquio","twitter_site":"@beatopeustaquio","twitter_misc":{"Escrito por":"@sscc","Tiempo de lectura":"1 minuto"},"schema":{"@context":"https:\/\/schema.org","@graph":[{"@type":"Article","@id":"https:\/\/www.padreeustaquio.com.br\/santuario-da-saude-e-da-paz-um-lugar-cheio-de-significado-para-nossa-fe\/#article","isPartOf":{"@id":"https:\/\/www.padreeustaquio.com.br\/santuario-da-saude-e-da-paz-um-lugar-cheio-de-significado-para-nossa-fe\/"},"author":{"name":"@sscc","@id":"https:\/\/www.padreeustaquio.com.br\/#\/schema\/person\/a2a51db1d00f1a7af0204a0f1ddb1566"},"headline":"Santu\u00e1rio da Sa\u00fade e da Paz: um lugar cheio de significado para nossa f\u00e9","datePublished":"2022-04-22T09:05:00+00:00","mainEntityOfPage":{"@id":"https:\/\/www.padreeustaquio.com.br\/santuario-da-saude-e-da-paz-um-lugar-cheio-de-significado-para-nossa-fe\/"},"wordCount":216,"commentCount":0,"publisher":{"@id":"https:\/\/www.padreeustaquio.com.br\/#organization"},"image":{"@id":"https:\/\/www.padreeustaquio.com.br\/santuario-da-saude-e-da-paz-um-lugar-cheio-de-significado-para-nossa-fe\/#primaryimage"},"thumbnailUrl":"https:\/\/www.padreeustaquio.com.br\/wp-content\/uploads\/2022\/04\/santuario-da-saude-e-da-paz-igreja-do-beato-padre-eustaquio.jpeg","articleSection":["Not\u00edcias"],"inLanguage":"es","potentialAction":[{"@type":"CommentAction","name":"Comment","target":["https:\/\/www.padreeustaquio.com.br\/santuario-da-saude-e-da-paz-um-lugar-cheio-de-significado-para-nossa-fe\/#respond"]}]},{"@type":"WebPage","@id":"https:\/\/www.padreeustaquio.com.br\/santuario-da-saude-e-da-paz-um-lugar-cheio-de-significado-para-nossa-fe\/","url":"https:\/\/www.padreeustaquio.com.br\/santuario-da-saude-e-da-paz-um-lugar-cheio-de-significado-para-nossa-fe\/","name":"Santuario de Salud y Paz: un lugar lleno de significado para nuestra fe.","isPartOf":{"@id":"https:\/\/www.padreeustaquio.com.br\/#website"},"primaryImageOfPage":{"@id":"https:\/\/www.padreeustaquio.com.br\/santuario-da-saude-e-da-paz-um-lugar-cheio-de-significado-para-nossa-fe\/#primaryimage"},"image":{"@id":"https:\/\/www.padreeustaquio.com.br\/santuario-da-saude-e-da-paz-um-lugar-cheio-de-significado-para-nossa-fe\/#primaryimage"},"thumbnailUrl":"https:\/\/www.padreeustaquio.com.br\/wp-content\/uploads\/2022\/04\/santuario-da-saude-e-da-paz-igreja-do-beato-padre-eustaquio.jpeg","datePublished":"2022-04-22T09:05:00+00:00","description":"El Santuario Arquidiocesano de Salud y Paz, conocido como la Iglesia del Padre Eust\u00e1quio, fue concebido y planificado por el propio Beato Eust\u00e1quio durante su estancia en Belo Horizonte. El sacerdote holand\u00e9s no vivi\u00f3 para ver la obra terminada, pero fue \u00e9l quien coloc\u00f3 la primera piedra del edificio.","breadcrumb":{"@id":"https:\/\/www.padreeustaquio.com.br\/santuario-da-saude-e-da-paz-um-lugar-cheio-de-significado-para-nossa-fe\/#breadcrumb"},"inLanguage":"es","potentialAction":[{"@type":"ReadAction","target":["https:\/\/www.padreeustaquio.com.br\/santuario-da-saude-e-da-paz-um-lugar-cheio-de-significado-para-nossa-fe\/"]}]},{"@type":"ImageObject","inLanguage":"es","@id":"https:\/\/www.padreeustaquio.com.br\/santuario-da-saude-e-da-paz-um-lugar-cheio-de-significado-para-nossa-fe\/#primaryimage","url":"https:\/\/www.padreeustaquio.com.br\/wp-content\/uploads\/2022\/04\/santuario-da-saude-e-da-paz-igreja-do-beato-padre-eustaquio.jpeg","contentUrl":"https:\/\/www.padreeustaquio.com.br\/wp-content\/uploads\/2022\/04\/santuario-da-saude-e-da-paz-igreja-do-beato-padre-eustaquio.jpeg","width":640,"height":427},{"@type":"BreadcrumbList","@id":"https:\/\/www.padreeustaquio.com.br\/santuario-da-saude-e-da-paz-um-lugar-cheio-de-significado-para-nossa-fe\/#breadcrumb","itemListElement":[{"@type":"ListItem","position":1,"name":"In\u00edcio","item":"https:\/\/www.padreeustaquio.com.br\/"},{"@type":"ListItem","position":2,"name":"Santu\u00e1rio da Sa\u00fade e da Paz: um lugar cheio de significado para nossa f\u00e9"}]},{"@type":"WebSite","@id":"https:\/\/www.padreeustaquio.com.br\/#website","url":"https:\/\/www.padreeustaquio.com.br\/","name":"Padre Eustace","description":"Salud y Paz","publisher":{"@id":"https:\/\/www.padreeustaquio.com.br\/#organization"},"potentialAction":[{"@type":"SearchAction","target":{"@type":"EntryPoint","urlTemplate":"https:\/\/www.padreeustaquio.com.br\/?s={search_term_string}"},"query-input":{"@type":"PropertyValueSpecification","valueRequired":true,"valueName":"search_term_string"}}],"inLanguage":"es"},{"@type":"Organization","@id":"https:\/\/www.padreeustaquio.com.br\/#organization","name":"Padre Eustace","url":"https:\/\/www.padreeustaquio.com.br\/","logo":{"@type":"ImageObject","inLanguage":"es","@id":"https:\/\/www.padreeustaquio.com.br\/#\/schema\/logo\/image\/","url":"https:\/\/www.padreeustaquio.com.br\/wp-content\/uploads\/2019\/08\/marca.png","contentUrl":"https:\/\/www.padreeustaquio.com.br\/wp-content\/uploads\/2019\/08\/marca.png","width":350,"height":400,"caption":"Padre Eust\u00e1quio"},"image":{"@id":"https:\/\/www.padreeustaquio.com.br\/#\/schema\/logo\/image\/"},"sameAs":["https:\/\/www.facebook.com\/beatopadreeustaquio\/","https:\/\/x.com\/beatopeustaquio","https:\/\/www.instagram.com\/beatopadreeustaquio\/","https:\/\/www.youtube.com\/channel\/UCRhw7vfabnajwLxb1ZXMeIw"]},{"@type":"Person","@id":"https:\/\/www.padreeustaquio.com.br\/#\/schema\/person\/a2a51db1d00f1a7af0204a0f1ddb1566","name":"@sscc","image":{"@type":"ImageObject","inLanguage":"es","@id":"https:\/\/secure.gravatar.com\/avatar\/68cfafa5f44617fea54071e215026e0ff06be366c3d54a8425f04fdcb86f8c5f?s=96&d=mm&r=g","url":"https:\/\/secure.gravatar.com\/avatar\/68cfafa5f44617fea54071e215026e0ff06be366c3d54a8425f04fdcb86f8c5f?s=96&d=mm&r=g","contentUrl":"https:\/\/secure.gravatar.com\/avatar\/68cfafa5f44617fea54071e215026e0ff06be366c3d54a8425f04fdcb86f8c5f?s=96&d=mm&r=g","caption":"@sscc"},"url":"https:\/\/www.padreeustaquio.com.br\/es\/author\/sscc\/"}]}},"_links":{"self":[{"href":"https:\/\/www.padreeustaquio.com.br\/es\/wp-json\/wp\/v2\/posts\/8506","targetHints":{"allow":["GET"]}}],"collection":[{"href":"https:\/\/www.padreeustaquio.com.br\/es\/wp-json\/wp\/v2\/posts"}],"about":[{"href":"https:\/\/www.padreeustaquio.com.br\/es\/wp-json\/wp\/v2\/types\/post"}],"author":[{"embeddable":true,"href":"https:\/\/www.padreeustaquio.com.br\/es\/wp-json\/wp\/v2\/users\/2"}],"replies":[{"embeddable":true,"href":"https:\/\/www.padreeustaquio.com.br\/es\/wp-json\/wp\/v2\/comments?post=8506"}],"version-history":[{"count":0,"href":"https:\/\/www.padreeustaquio.com.br\/es\/wp-json\/wp\/v2\/posts\/8506\/revisions"}],"wp:featuredmedia":[{"embeddable":true,"href":"https:\/\/www.padreeustaquio.com.br\/es\/wp-json\/wp\/v2\/media\/8508"}],"wp:attachment":[{"href":"https:\/\/www.padreeustaquio.com.br\/es\/wp-json\/wp\/v2\/media?parent=8506"}],"wp:term":[{"taxonomy":"category","embeddable":true,"href":"https:\/\/www.padreeustaquio.com.br\/es\/wp-json\/wp\/v2\/categories?post=8506"},{"taxonomy":"post_tag","embeddable":true,"href":"https:\/\/www.padreeustaquio.com.br\/es\/wp-json\/wp\/v2\/tags?post=8506"}],"curies":[{"name":"wp","href":"https:\/\/api.w.org\/{rel}","templated":true}]}}