{"id":8499,"date":"2022-04-21T06:00:00","date_gmt":"2022-04-21T09:00:00","guid":{"rendered":"https:\/\/www.padreeustaquio.com.br\/?p=8499"},"modified":"2022-04-18T14:01:41","modified_gmt":"2022-04-18T17:01:41","slug":"escritos-del-padre-eustaquio-a-la-santa-iglesia","status":"publish","type":"post","link":"https:\/\/www.padreeustaquio.com.br\/es\/escritos-del-padre-eustaquio-a-la-santa-iglesia\/","title":{"rendered":"Escritos del Padre Eustace: &quot;La Santa Iglesia&quot;\u201c"},"content":{"rendered":"<p>El Padre Eust\u00e1quio vivi\u00f3 plenamente su amor por la Iglesia y el pr\u00f3jimo. A lo largo de su vida, se esforz\u00f3 por seguir los mandamientos de Cristo y de la Iglesia a trav\u00e9s de la congregaci\u00f3n a la que pertenec\u00eda, la Congregaci\u00f3n de los Sagrados Corazones.<\/p>\n\n\n\n<p>El amor del Bendito por la Iglesia se expres\u00f3 repetidamente en escritos que hablan de la importancia del catolicismo en la vida de las personas. Como el siguiente texto, publicado en el Bolet\u00edn de la Parroquia de los Sagrados Corazones de Belo Horizonte en 1946\/1947. Lea el texto completo:<\/p>\n\n\n\n<p><strong>La Santa Madre Iglesia<\/strong><\/p>\n\n\n\n<p>Procurad alcanzar, en medio de vuestras constantes luchas y trabajos en este valle de l\u00e1grimas, un momento diario de verdadera pausa espiritual, de verdadero recogimiento cristiano, para evaluar y pesar, entre todas las instituciones terrenas que componen la civilizaci\u00f3n cristiana, y, sin esfuerzo, ver\u00e9is surgir e imponerse una, cuyo trabajo leg\u00edtimo y constante, a pesar de todas las negaciones y vanas batallas libradas contra ella, nunca ha perdido su car\u00e1cter exacto, nunca se ha desviado de su curso leg\u00edtimo, nunca ha dejado de navegar hacia el verdadero puerto de salvaci\u00f3n: es la Santa Madre Iglesia, fundada por Nuestro Se\u00f1or Jesucristo, sobre Pedro, piedra angular, cat\u00f3lica y apost\u00f3lica, a la vez que romana.<\/p>\n\n\n\n<p>\u00bfY qu\u00e9 ha hecho a lo largo de los siglos y generaciones? Dos cosas ha hecho, inquebrantable y firmemente, mientras que sus contempor\u00e1neos, meras instituciones humanas, han variado d\u00e9bilmente en sus prop\u00f3sitos, en sus objetivos. S\u00ed, dos cosas esenciales han constituido la acci\u00f3n de la Iglesia, a lo largo del tiempo, entre hombres de todas las razas en todos los rincones de la tierra, sin incurrir jam\u00e1s en las lamentables distinciones de los pueblos, sin crear jam\u00e1s privilegios entre ellos, sin ense\u00f1arles jam\u00e1s ense\u00f1anzas diferentes: \u00a1ha afirmado y suplicado! Afirm\u00f3 a Cristo, por aquello para lo que solo ella existe, \u00fanicamente autorizada por \u00c9l en la persona de San Pedro, y los Santos Padres, sus continuadores y sucesores, y suplic\u00f3 amor, amor por el Divino Salvador de los hombres.<\/p>\n\n\n\n<p>En efecto, por muy indecorosas y est\u00e9riles que sean las disputas y los malentendidos que se susciten en torno a ella, tratando vanamente de desfigurar y manchar su incomparable, y por tanto singular y categ\u00f3rico papel, jam\u00e1s roto ni comprometido, porque est\u00e1 fundado en la fuerza de su instituci\u00f3n divina, ella impasible y sin miedo, como una nave de un solo rumbo y un solo piloto, incluso azotada por las tempestades y amenazada por graves y frecuentes peligros, conserva intacta la carta de ruta, los aut\u00e9nticos Santos Evangelios, y obedece al \u00fanico y sabio navegante, desde San Pedro, el Santo Padre.<\/p>\n\n\n\n<p>\u00bfY a qui\u00e9n afirma? Al \u00fanico de quien puede afirmarse, cuyas acciones en el mundo fueron tambi\u00e9n afirmaciones por excelencia: \u00a1Jesucristo, que naci\u00f3 por nosotros, Jesucristo, que vivi\u00f3 por nosotros, Jesucristo, que muri\u00f3 por nosotros! \u00a1Jes\u00fas, nuestro \u00fanico maestro, nuestro creador, nuestro Salvador, nuestro Protector, nuestro Benefactor, a quien todos conocen, pero a quien siempre conocer\u00e1n mejor! Y a \u00c9l, quien por todos estos t\u00edtulos tiene derechos innegables e indiscutibles, exigente por su propia naturaleza y por su Poseedor, ella implora, llamando a cada puerta y a cada coraz\u00f3n de buena voluntad, amor, amor y amor.<\/p>\n\n\n\n<p>Ah, hermanos m\u00edos, para cumplir su mandato, leg\u00edtimo e irrevocable, y nadie m\u00e1s lo posee como Ella, irrevocable y leg\u00edtima. \u00a1Cu\u00e1ntas veces no son enturbiados y difamados por la infamia y el fango del mundo, que da, cuando da, su escaso oro y su escasa plata, para acusarla de avaricia, sin ver primero que esta es la voz de la propia avaricia del donante, ciegos al hecho de que la Iglesia tiene, en cierta medida, las contingencias de las sociedades humanas, porque debe cumplir su misi\u00f3n salvadora en medio de ellas! Que a veces, por no satisfacer a pol\u00edticos ambiciosos con el prestigio y la autoridad de su nombre, es acusada por ellos de reaccionaria, sin ver primero que esta voz es la del orgullo herido, la vanidad y la ambici\u00f3n frustradas, aunque, a veces, acepta la mano honesta y leal que se le tiende, siempre que no vulnere los derechos de su fundador y de los redimidos con Su Preciosa Sangre. Y much\u00edsimas veces se la niega y se la combate desde la fe, desde la ignorancia, desde la complacencia, en tantas formas envueltas en verg\u00fcenza y restricci\u00f3n activa o pasiva, para que, en su lugar, se quiera implantar el roto y rid\u00edculo lema romano de &quot;pan y circo&quot;, hoy puesto como fundamento del llamado Estado comunista... \u00a1Pero basta!<\/p>\n\n\n\n<p>\u00bfPor qu\u00e9 todo esto? Es el odio a la oscuridad que se lanza, en vano, contra la luz de la religi\u00f3n del bien y la paz, pues la Santa Iglesia ya no admite y condena con firmeza y eficacia cualquier &quot;filosof\u00eda&quot; que intente, como postulados b\u00e1rbaros y crueles, oponer a las ense\u00f1anzas de Cristo la apolog\u00eda ca\u00edda y desacreditada de la fuerza y la materia.<\/p>\n\n\n\n<p>\u00a1Ah! Hermanos m\u00edos, mientras Cristo proclama la igualdad de los hombres ante Dios, pues todos son iguales en su dependencia de la salvaci\u00f3n y la muerte, todos son hermanos y todos tienen el mismo Padre en Cristo, y por lo tanto deben amarse y ayudarse mutuamente con lealtad, \u00bfqu\u00e9 dicen y hacen los predicadores del sangriento desorden comunista? Por mala fe y tambi\u00e9n por ignorancia, como comprender\u00e1n, predican, pero ni quieren ni practican la igualdad al pie de la letra, porque es imposible, primero, en s\u00ed misma, pero ni la quieren ni la practican porque, en realidad, lo que quieren es dominar y oprimir, cueste lo que cueste. De lo contrario, vean los ejemplos donde esta traici\u00f3n y falsedad se ha arraigado, a costa de la sangre del obrero y del campesino.<\/p>\n\n\n\n<p>Ahora bien, hemos hecho bien en lo que a nosotros los cat\u00f3licos nos importa, defender y amar verdaderamente a la Santa Madre, a la Iglesia y a las instituciones civiles cristianas, y, antes que a nuestros derechos, pongamos de relieve nuestros correspondientes deberes, igualmente respetables como f\u00e1cilmente se ve en cualquier actividad humana individual; \u00e9ste es el camino al que la Iglesia amorosamente llama, indic\u00e1ndolo a todos sus hijos, sin distinci\u00f3n, porque no hay otro para el camino humano en esta tierra.<\/p>\n\n\n\n<p>Y as\u00ed, lejos de suprimir o debilitar los derechos del Estado, la Santa Iglesia los reconoce y los garantiza con sus santas ense\u00f1anzas, y, cuando es necesario, sabe tambi\u00e9n oponerse, como ninguna otra, a las m\u00e1ximas condenadas y protestar contra todo resurgimiento del pernicioso esp\u00edritu de Juliano el Ap\u00f3stata, que quiso restablecer el falso culto a la divinidad del Imperio.,<\/p>\n\n\n\n<p>En resumen, la Iglesia que reconocemos, amamos y obedecemos proclama y busca realizar en la tierra, bajo la autoridad de una sola cabeza, el Papa, Vicario leg\u00edtimo de Jesucristo, y de nadie m\u00e1s, el reino de Dios mediante la fe, la caridad y la justicia.<\/p>\n\n\n\n<p>\u00a1Hermanos m\u00edos! Defiendan con su amor y solicitud por sus santos decretos el nombre y la inviolabilidad de la Santa Madre Iglesia, la divina instituci\u00f3n de Nuestro Se\u00f1or Jesucristo, pues nosotros, como hijos, no podemos negar ni disminuir la recompensa por su devota fidelidad a tan santa y venerada instituci\u00f3n.<\/p>\n\n\n\n<p><\/p>","protected":false},"excerpt":{"rendered":"<p>Padre Eust\u00e1quio viveu na integralidade seu amor \u00e0 igreja e ao pr\u00f3ximo. Em toda sua caminhada, ele se esfor\u00e7ou para seguir os mandamentos de Cristo e da Igreja atrav\u00e9s da congrega\u00e7\u00e3o a qual pertencia, a Congrega\u00e7\u00e3o dos Sagrados Cora\u00e7\u00f5es. O amor do Beato pela Igreja, em diversas vezes, foi colocado no papel em textos que falam sobre a import\u00e2ncia do catolicismo na vida das pessoas. Como o texto que segue, publicado no Boletim de 1946\/1947 da Par\u00f3quia dos Sagrados Cora\u00e7\u00f5es, em Belo Horizonte. Leia o material na \u00edntegra: A Santa Madre Igreja Buscai alcan\u00e7ar, em maio a vossas constantes lutas [&hellip;]<\/p>\n","protected":false},"author":2,"featured_media":8500,"comment_status":"open","ping_status":"closed","sticky":false,"template":"","format":"standard","meta":{"_acf_changed":false,"footnotes":""},"categories":[611],"tags":[],"class_list":["post-8499","post","type-post","status-publish","format-standard","has-post-thumbnail","hentry","category-noticias"],"acf":[],"yoast_head":"<!-- This site is optimized with the Yoast SEO plugin v27.2 - https:\/\/yoast.com\/product\/yoast-seo-wordpress\/ -->\n<title>Escritos de Padre Eust\u00e1quio: &quot;A Santa Igreja&quot;<\/title>\n<meta name=\"description\" content=\"O amor do Beato pela Igreja, em diversas vezes, foi colocado no papel em textos que falam sobre a import\u00e2ncia do catolicismo na vida das pessoas. Como o texto que segue, publicado no Boletim de 1946\/1947 da Par\u00f3quia dos Sagrados Cora\u00e7\u00f5es, em Belo Horizonte. Leia o material na \u00edntegra:\" \/>\n<meta name=\"robots\" content=\"index, follow, max-snippet:-1, max-image-preview:large, max-video-preview:-1\" \/>\n<link rel=\"canonical\" href=\"https:\/\/www.padreeustaquio.com.br\/es\/escritos-del-padre-eustaquio-a-la-santa-iglesia\/\" \/>\n<meta property=\"og:locale\" content=\"es_ES\" \/>\n<meta property=\"og:type\" content=\"article\" \/>\n<meta property=\"og:title\" content=\"Escritos de Padre Eust\u00e1quio: &quot;A Santa Igreja&quot;\" \/>\n<meta property=\"og:description\" content=\"O amor do Beato pela Igreja, em diversas vezes, foi colocado no papel em textos que falam sobre a import\u00e2ncia do catolicismo na vida das pessoas. Como o texto que segue, publicado no Boletim de 1946\/1947 da Par\u00f3quia dos Sagrados Cora\u00e7\u00f5es, em Belo Horizonte. Leia o material na \u00edntegra:\" \/>\n<meta property=\"og:url\" content=\"https:\/\/www.padreeustaquio.com.br\/es\/escritos-del-padre-eustaquio-a-la-santa-iglesia\/\" \/>\n<meta property=\"og:site_name\" content=\"Padre Eust\u00e1quio\" \/>\n<meta property=\"article:publisher\" content=\"https:\/\/www.facebook.com\/beatopadreeustaquio\/\" \/>\n<meta property=\"article:published_time\" content=\"2022-04-21T09:00:00+00:00\" \/>\n<meta property=\"og:image\" content=\"https:\/\/www.padreeustaquio.com.br\/wp-content\/uploads\/2022\/04\/Padre-Eustaquio-e-a-Liga-dos-Tarcisios-coroinhas-nas-escadarias-do-novo-Santuario-scaled.jpg\" \/>\n\t<meta property=\"og:image:width\" content=\"2560\" \/>\n\t<meta property=\"og:image:height\" content=\"1749\" \/>\n\t<meta property=\"og:image:type\" content=\"image\/jpeg\" \/>\n<meta name=\"author\" content=\"@sscc\" \/>\n<meta name=\"twitter:card\" content=\"summary_large_image\" \/>\n<meta name=\"twitter:creator\" content=\"@beatopeustaquio\" \/>\n<meta name=\"twitter:site\" content=\"@beatopeustaquio\" \/>\n<meta name=\"twitter:label1\" content=\"Escrito por\" \/>\n\t<meta name=\"twitter:data1\" content=\"@sscc\" \/>\n\t<meta name=\"twitter:label2\" content=\"Tiempo de lectura\" \/>\n\t<meta name=\"twitter:data2\" content=\"6 minutos\" \/>\n<script type=\"application\/ld+json\" class=\"yoast-schema-graph\">{\"@context\":\"https:\/\/schema.org\",\"@graph\":[{\"@type\":\"Article\",\"@id\":\"https:\/\/www.padreeustaquio.com.br\/escritos-de-padre-eustaquio-a-santa-igreja\/#article\",\"isPartOf\":{\"@id\":\"https:\/\/www.padreeustaquio.com.br\/escritos-de-padre-eustaquio-a-santa-igreja\/\"},\"author\":{\"name\":\"@sscc\",\"@id\":\"https:\/\/www.padreeustaquio.com.br\/#\/schema\/person\/a2a51db1d00f1a7af0204a0f1ddb1566\"},\"headline\":\"Escritos de Padre Eust\u00e1quio: &#8220;A Santa Igreja&#8221;\",\"datePublished\":\"2022-04-21T09:00:00+00:00\",\"mainEntityOfPage\":{\"@id\":\"https:\/\/www.padreeustaquio.com.br\/escritos-de-padre-eustaquio-a-santa-igreja\/\"},\"wordCount\":1301,\"commentCount\":0,\"publisher\":{\"@id\":\"https:\/\/www.padreeustaquio.com.br\/#organization\"},\"image\":{\"@id\":\"https:\/\/www.padreeustaquio.com.br\/escritos-de-padre-eustaquio-a-santa-igreja\/#primaryimage\"},\"thumbnailUrl\":\"https:\/\/www.padreeustaquio.com.br\/wp-content\/uploads\/2022\/04\/Padre-Eustaquio-e-a-Liga-dos-Tarcisios-coroinhas-nas-escadarias-do-novo-Santuario-scaled.jpg\",\"articleSection\":[\"Not\u00edcias\"],\"inLanguage\":\"es\",\"potentialAction\":[{\"@type\":\"CommentAction\",\"name\":\"Comment\",\"target\":[\"https:\/\/www.padreeustaquio.com.br\/escritos-de-padre-eustaquio-a-santa-igreja\/#respond\"]}]},{\"@type\":\"WebPage\",\"@id\":\"https:\/\/www.padreeustaquio.com.br\/escritos-de-padre-eustaquio-a-santa-igreja\/\",\"url\":\"https:\/\/www.padreeustaquio.com.br\/escritos-de-padre-eustaquio-a-santa-igreja\/\",\"name\":\"Escritos de Padre Eust\u00e1quio: \\\"A Santa Igreja\\\"\",\"isPartOf\":{\"@id\":\"https:\/\/www.padreeustaquio.com.br\/#website\"},\"primaryImageOfPage\":{\"@id\":\"https:\/\/www.padreeustaquio.com.br\/escritos-de-padre-eustaquio-a-santa-igreja\/#primaryimage\"},\"image\":{\"@id\":\"https:\/\/www.padreeustaquio.com.br\/escritos-de-padre-eustaquio-a-santa-igreja\/#primaryimage\"},\"thumbnailUrl\":\"https:\/\/www.padreeustaquio.com.br\/wp-content\/uploads\/2022\/04\/Padre-Eustaquio-e-a-Liga-dos-Tarcisios-coroinhas-nas-escadarias-do-novo-Santuario-scaled.jpg\",\"datePublished\":\"2022-04-21T09:00:00+00:00\",\"description\":\"O amor do Beato pela Igreja, em diversas vezes, foi colocado no papel em textos que falam sobre a import\u00e2ncia do catolicismo na vida das pessoas. Como o texto que segue, publicado no Boletim de 1946\/1947 da Par\u00f3quia dos Sagrados Cora\u00e7\u00f5es, em Belo Horizonte. Leia o material na \u00edntegra:\",\"breadcrumb\":{\"@id\":\"https:\/\/www.padreeustaquio.com.br\/escritos-de-padre-eustaquio-a-santa-igreja\/#breadcrumb\"},\"inLanguage\":\"es\",\"potentialAction\":[{\"@type\":\"ReadAction\",\"target\":[\"https:\/\/www.padreeustaquio.com.br\/escritos-de-padre-eustaquio-a-santa-igreja\/\"]}]},{\"@type\":\"ImageObject\",\"inLanguage\":\"es\",\"@id\":\"https:\/\/www.padreeustaquio.com.br\/escritos-de-padre-eustaquio-a-santa-igreja\/#primaryimage\",\"url\":\"https:\/\/www.padreeustaquio.com.br\/wp-content\/uploads\/2022\/04\/Padre-Eustaquio-e-a-Liga-dos-Tarcisios-coroinhas-nas-escadarias-do-novo-Santuario-scaled.jpg\",\"contentUrl\":\"https:\/\/www.padreeustaquio.com.br\/wp-content\/uploads\/2022\/04\/Padre-Eustaquio-e-a-Liga-dos-Tarcisios-coroinhas-nas-escadarias-do-novo-Santuario-scaled.jpg\",\"width\":2560,\"height\":1749},{\"@type\":\"BreadcrumbList\",\"@id\":\"https:\/\/www.padreeustaquio.com.br\/escritos-de-padre-eustaquio-a-santa-igreja\/#breadcrumb\",\"itemListElement\":[{\"@type\":\"ListItem\",\"position\":1,\"name\":\"In\u00edcio\",\"item\":\"https:\/\/www.padreeustaquio.com.br\/\"},{\"@type\":\"ListItem\",\"position\":2,\"name\":\"Escritos de Padre Eust\u00e1quio: &#8220;A Santa Igreja&#8221;\"}]},{\"@type\":\"WebSite\",\"@id\":\"https:\/\/www.padreeustaquio.com.br\/#website\",\"url\":\"https:\/\/www.padreeustaquio.com.br\/\",\"name\":\"Padre Eust\u00e1quio\",\"description\":\"Sa\u00fade e Paz\",\"publisher\":{\"@id\":\"https:\/\/www.padreeustaquio.com.br\/#organization\"},\"potentialAction\":[{\"@type\":\"SearchAction\",\"target\":{\"@type\":\"EntryPoint\",\"urlTemplate\":\"https:\/\/www.padreeustaquio.com.br\/?s={search_term_string}\"},\"query-input\":{\"@type\":\"PropertyValueSpecification\",\"valueRequired\":true,\"valueName\":\"search_term_string\"}}],\"inLanguage\":\"es\"},{\"@type\":\"Organization\",\"@id\":\"https:\/\/www.padreeustaquio.com.br\/#organization\",\"name\":\"Padre Eust\u00e1quio\",\"url\":\"https:\/\/www.padreeustaquio.com.br\/\",\"logo\":{\"@type\":\"ImageObject\",\"inLanguage\":\"es\",\"@id\":\"https:\/\/www.padreeustaquio.com.br\/#\/schema\/logo\/image\/\",\"url\":\"https:\/\/www.padreeustaquio.com.br\/wp-content\/uploads\/2019\/08\/marca.png\",\"contentUrl\":\"https:\/\/www.padreeustaquio.com.br\/wp-content\/uploads\/2019\/08\/marca.png\",\"width\":350,\"height\":400,\"caption\":\"Padre Eust\u00e1quio\"},\"image\":{\"@id\":\"https:\/\/www.padreeustaquio.com.br\/#\/schema\/logo\/image\/\"},\"sameAs\":[\"https:\/\/www.facebook.com\/beatopadreeustaquio\/\",\"https:\/\/x.com\/beatopeustaquio\",\"https:\/\/www.instagram.com\/beatopadreeustaquio\/\",\"https:\/\/www.youtube.com\/channel\/UCRhw7vfabnajwLxb1ZXMeIw\"]},{\"@type\":\"Person\",\"@id\":\"https:\/\/www.padreeustaquio.com.br\/#\/schema\/person\/a2a51db1d00f1a7af0204a0f1ddb1566\",\"name\":\"@sscc\",\"image\":{\"@type\":\"ImageObject\",\"inLanguage\":\"es\",\"@id\":\"https:\/\/secure.gravatar.com\/avatar\/68cfafa5f44617fea54071e215026e0ff06be366c3d54a8425f04fdcb86f8c5f?s=96&d=mm&r=g\",\"url\":\"https:\/\/secure.gravatar.com\/avatar\/68cfafa5f44617fea54071e215026e0ff06be366c3d54a8425f04fdcb86f8c5f?s=96&d=mm&r=g\",\"contentUrl\":\"https:\/\/secure.gravatar.com\/avatar\/68cfafa5f44617fea54071e215026e0ff06be366c3d54a8425f04fdcb86f8c5f?s=96&d=mm&r=g\",\"caption\":\"@sscc\"},\"url\":\"https:\/\/www.padreeustaquio.com.br\/es\/author\/sscc\/\"}]}<\/script>\n<!-- \/ Yoast SEO plugin. -->","yoast_head_json":{"title":"Escritos del Padre Eustace: &quot;La Santa Iglesia&quot;\"","description":"El amor del Bendito por la Iglesia se expres\u00f3 repetidamente en escritos que hablan de la importancia del catolicismo en la vida de las personas. Como el siguiente texto, publicado en el Bolet\u00edn de la Parroquia de los Sagrados Corazones de Belo Horizonte en 1946\/1947. Lea el texto completo:","robots":{"index":"index","follow":"follow","max-snippet":"max-snippet:-1","max-image-preview":"max-image-preview:large","max-video-preview":"max-video-preview:-1"},"canonical":"https:\/\/www.padreeustaquio.com.br\/es\/escritos-del-padre-eustaquio-a-la-santa-iglesia\/","og_locale":"es_ES","og_type":"article","og_title":"Escritos de Padre Eust\u00e1quio: \"A Santa Igreja\"","og_description":"O amor do Beato pela Igreja, em diversas vezes, foi colocado no papel em textos que falam sobre a import\u00e2ncia do catolicismo na vida das pessoas. Como o texto que segue, publicado no Boletim de 1946\/1947 da Par\u00f3quia dos Sagrados Cora\u00e7\u00f5es, em Belo Horizonte. Leia o material na \u00edntegra:","og_url":"https:\/\/www.padreeustaquio.com.br\/es\/escritos-del-padre-eustaquio-a-la-santa-iglesia\/","og_site_name":"Padre Eust\u00e1quio","article_publisher":"https:\/\/www.facebook.com\/beatopadreeustaquio\/","article_published_time":"2022-04-21T09:00:00+00:00","og_image":[{"width":2560,"height":1749,"url":"https:\/\/www.padreeustaquio.com.br\/wp-content\/uploads\/2022\/04\/Padre-Eustaquio-e-a-Liga-dos-Tarcisios-coroinhas-nas-escadarias-do-novo-Santuario-scaled.jpg","type":"image\/jpeg"}],"author":"@sscc","twitter_card":"summary_large_image","twitter_creator":"@beatopeustaquio","twitter_site":"@beatopeustaquio","twitter_misc":{"Escrito por":"@sscc","Tiempo de lectura":"6 minutos"},"schema":{"@context":"https:\/\/schema.org","@graph":[{"@type":"Article","@id":"https:\/\/www.padreeustaquio.com.br\/escritos-de-padre-eustaquio-a-santa-igreja\/#article","isPartOf":{"@id":"https:\/\/www.padreeustaquio.com.br\/escritos-de-padre-eustaquio-a-santa-igreja\/"},"author":{"name":"@sscc","@id":"https:\/\/www.padreeustaquio.com.br\/#\/schema\/person\/a2a51db1d00f1a7af0204a0f1ddb1566"},"headline":"Escritos de Padre Eust\u00e1quio: &#8220;A Santa Igreja&#8221;","datePublished":"2022-04-21T09:00:00+00:00","mainEntityOfPage":{"@id":"https:\/\/www.padreeustaquio.com.br\/escritos-de-padre-eustaquio-a-santa-igreja\/"},"wordCount":1301,"commentCount":0,"publisher":{"@id":"https:\/\/www.padreeustaquio.com.br\/#organization"},"image":{"@id":"https:\/\/www.padreeustaquio.com.br\/escritos-de-padre-eustaquio-a-santa-igreja\/#primaryimage"},"thumbnailUrl":"https:\/\/www.padreeustaquio.com.br\/wp-content\/uploads\/2022\/04\/Padre-Eustaquio-e-a-Liga-dos-Tarcisios-coroinhas-nas-escadarias-do-novo-Santuario-scaled.jpg","articleSection":["Not\u00edcias"],"inLanguage":"es","potentialAction":[{"@type":"CommentAction","name":"Comment","target":["https:\/\/www.padreeustaquio.com.br\/escritos-de-padre-eustaquio-a-santa-igreja\/#respond"]}]},{"@type":"WebPage","@id":"https:\/\/www.padreeustaquio.com.br\/escritos-de-padre-eustaquio-a-santa-igreja\/","url":"https:\/\/www.padreeustaquio.com.br\/escritos-de-padre-eustaquio-a-santa-igreja\/","name":"Escritos del Padre Eustace: &quot;La Santa Iglesia&quot;\"","isPartOf":{"@id":"https:\/\/www.padreeustaquio.com.br\/#website"},"primaryImageOfPage":{"@id":"https:\/\/www.padreeustaquio.com.br\/escritos-de-padre-eustaquio-a-santa-igreja\/#primaryimage"},"image":{"@id":"https:\/\/www.padreeustaquio.com.br\/escritos-de-padre-eustaquio-a-santa-igreja\/#primaryimage"},"thumbnailUrl":"https:\/\/www.padreeustaquio.com.br\/wp-content\/uploads\/2022\/04\/Padre-Eustaquio-e-a-Liga-dos-Tarcisios-coroinhas-nas-escadarias-do-novo-Santuario-scaled.jpg","datePublished":"2022-04-21T09:00:00+00:00","description":"El amor del Bendito por la Iglesia se expres\u00f3 repetidamente en escritos que hablan de la importancia del catolicismo en la vida de las personas. Como el siguiente texto, publicado en el Bolet\u00edn de la Parroquia de los Sagrados Corazones de Belo Horizonte en 1946\/1947. Lea el texto completo:","breadcrumb":{"@id":"https:\/\/www.padreeustaquio.com.br\/escritos-de-padre-eustaquio-a-santa-igreja\/#breadcrumb"},"inLanguage":"es","potentialAction":[{"@type":"ReadAction","target":["https:\/\/www.padreeustaquio.com.br\/escritos-de-padre-eustaquio-a-santa-igreja\/"]}]},{"@type":"ImageObject","inLanguage":"es","@id":"https:\/\/www.padreeustaquio.com.br\/escritos-de-padre-eustaquio-a-santa-igreja\/#primaryimage","url":"https:\/\/www.padreeustaquio.com.br\/wp-content\/uploads\/2022\/04\/Padre-Eustaquio-e-a-Liga-dos-Tarcisios-coroinhas-nas-escadarias-do-novo-Santuario-scaled.jpg","contentUrl":"https:\/\/www.padreeustaquio.com.br\/wp-content\/uploads\/2022\/04\/Padre-Eustaquio-e-a-Liga-dos-Tarcisios-coroinhas-nas-escadarias-do-novo-Santuario-scaled.jpg","width":2560,"height":1749},{"@type":"BreadcrumbList","@id":"https:\/\/www.padreeustaquio.com.br\/escritos-de-padre-eustaquio-a-santa-igreja\/#breadcrumb","itemListElement":[{"@type":"ListItem","position":1,"name":"In\u00edcio","item":"https:\/\/www.padreeustaquio.com.br\/"},{"@type":"ListItem","position":2,"name":"Escritos de Padre Eust\u00e1quio: &#8220;A Santa Igreja&#8221;"}]},{"@type":"WebSite","@id":"https:\/\/www.padreeustaquio.com.br\/#website","url":"https:\/\/www.padreeustaquio.com.br\/","name":"Padre Eustace","description":"Salud y Paz","publisher":{"@id":"https:\/\/www.padreeustaquio.com.br\/#organization"},"potentialAction":[{"@type":"SearchAction","target":{"@type":"EntryPoint","urlTemplate":"https:\/\/www.padreeustaquio.com.br\/?s={search_term_string}"},"query-input":{"@type":"PropertyValueSpecification","valueRequired":true,"valueName":"search_term_string"}}],"inLanguage":"es"},{"@type":"Organization","@id":"https:\/\/www.padreeustaquio.com.br\/#organization","name":"Padre Eustace","url":"https:\/\/www.padreeustaquio.com.br\/","logo":{"@type":"ImageObject","inLanguage":"es","@id":"https:\/\/www.padreeustaquio.com.br\/#\/schema\/logo\/image\/","url":"https:\/\/www.padreeustaquio.com.br\/wp-content\/uploads\/2019\/08\/marca.png","contentUrl":"https:\/\/www.padreeustaquio.com.br\/wp-content\/uploads\/2019\/08\/marca.png","width":350,"height":400,"caption":"Padre Eust\u00e1quio"},"image":{"@id":"https:\/\/www.padreeustaquio.com.br\/#\/schema\/logo\/image\/"},"sameAs":["https:\/\/www.facebook.com\/beatopadreeustaquio\/","https:\/\/x.com\/beatopeustaquio","https:\/\/www.instagram.com\/beatopadreeustaquio\/","https:\/\/www.youtube.com\/channel\/UCRhw7vfabnajwLxb1ZXMeIw"]},{"@type":"Person","@id":"https:\/\/www.padreeustaquio.com.br\/#\/schema\/person\/a2a51db1d00f1a7af0204a0f1ddb1566","name":"@sscc","image":{"@type":"ImageObject","inLanguage":"es","@id":"https:\/\/secure.gravatar.com\/avatar\/68cfafa5f44617fea54071e215026e0ff06be366c3d54a8425f04fdcb86f8c5f?s=96&d=mm&r=g","url":"https:\/\/secure.gravatar.com\/avatar\/68cfafa5f44617fea54071e215026e0ff06be366c3d54a8425f04fdcb86f8c5f?s=96&d=mm&r=g","contentUrl":"https:\/\/secure.gravatar.com\/avatar\/68cfafa5f44617fea54071e215026e0ff06be366c3d54a8425f04fdcb86f8c5f?s=96&d=mm&r=g","caption":"@sscc"},"url":"https:\/\/www.padreeustaquio.com.br\/es\/author\/sscc\/"}]}},"_links":{"self":[{"href":"https:\/\/www.padreeustaquio.com.br\/es\/wp-json\/wp\/v2\/posts\/8499","targetHints":{"allow":["GET"]}}],"collection":[{"href":"https:\/\/www.padreeustaquio.com.br\/es\/wp-json\/wp\/v2\/posts"}],"about":[{"href":"https:\/\/www.padreeustaquio.com.br\/es\/wp-json\/wp\/v2\/types\/post"}],"author":[{"embeddable":true,"href":"https:\/\/www.padreeustaquio.com.br\/es\/wp-json\/wp\/v2\/users\/2"}],"replies":[{"embeddable":true,"href":"https:\/\/www.padreeustaquio.com.br\/es\/wp-json\/wp\/v2\/comments?post=8499"}],"version-history":[{"count":0,"href":"https:\/\/www.padreeustaquio.com.br\/es\/wp-json\/wp\/v2\/posts\/8499\/revisions"}],"wp:featuredmedia":[{"embeddable":true,"href":"https:\/\/www.padreeustaquio.com.br\/es\/wp-json\/wp\/v2\/media\/8500"}],"wp:attachment":[{"href":"https:\/\/www.padreeustaquio.com.br\/es\/wp-json\/wp\/v2\/media?parent=8499"}],"wp:term":[{"taxonomy":"category","embeddable":true,"href":"https:\/\/www.padreeustaquio.com.br\/es\/wp-json\/wp\/v2\/categories?post=8499"},{"taxonomy":"post_tag","embeddable":true,"href":"https:\/\/www.padreeustaquio.com.br\/es\/wp-json\/wp\/v2\/tags?post=8499"}],"curies":[{"name":"wp","href":"https:\/\/api.w.org\/{rel}","templated":true}]}}