{"id":8495,"date":"2022-04-20T05:53:00","date_gmt":"2022-04-20T08:53:00","guid":{"rendered":"https:\/\/www.padreeustaquio.com.br\/?p=8495"},"modified":"2022-04-18T12:01:50","modified_gmt":"2022-04-18T15:01:50","slug":"canal-del-padre-eustaquio-llega-a-11-000-suscriptores","status":"publish","type":"post","link":"https:\/\/www.padreeustaquio.com.br\/es\/canal-del-padre-eustaquio-llega-a-11-000-suscriptores\/","title":{"rendered":"Canal del Padre Eust\u00e1quio llega a 11.000 suscriptores."},"content":{"rendered":"<p>O <a href=\"https:\/\/www.youtube.com\/c\/CanalPadreEust%C3%A1quio\" target=\"_blank\" rel=\"noreferrer noopener\">Canal Padre Eust\u00e1quio<\/a> Esta semana, el canal alcanz\u00f3 un hito muy importante: 11.000 suscriptores. YouTube es uno de los m\u00e9todos de evangelizaci\u00f3n que utiliza la Causa de Canonizaci\u00f3n del Padre Eustaquio para difundir la devoci\u00f3n.<\/p>\n\n\n\n<p>En el canal, los suscriptores pueden ver diariamente en directo las misas celebradas en el Santuario de la Salud y la Paz. Adem\u00e1s, tambi\u00e9n pueden seguirse en directo celebraciones importantes para la Iglesia en YouTube, como fue el caso de... <a href=\"https:\/\/www.youtube.com\/playlist?list=PL7SBzddW7UznrWFBFGTpGR15Vk2-HJGxz\" target=\"_blank\" rel=\"noreferrer noopener\">Semana Santa 2022<\/a>. Los fieles que no pudieron acudir a la iglesia, muchos de ellos postrados en cama o sin poder salir de sus casas por enfermedad, siguieron el programa en el Santuario de la Salud y la Paz durante toda la semana, viviendo momentos de oraci\u00f3n y reflexi\u00f3n sobre la pasi\u00f3n, muerte y resurrecci\u00f3n del Se\u00f1or.<\/p>\n\n\n\n<p>Adem\u00e1s, el Canal Padre Eust\u00e1quio ha desarrollado su propio contenido exclusivo, disponible por temporadas. Un buen ejemplo fue el Retiro de Cuaresma de 2022, donde el Padre Silvano \u00c1vila, ss.cc, dirigi\u00f3 a los fieles en 40 d\u00edas de oraci\u00f3n y reflexi\u00f3n en preparaci\u00f3n para la Semana Santa. Otro contenido publicado recientemente fue la Novena a San Jos\u00e9, oficiada por el Padre Vin\u00edcius Maciel, ss.cc, con reflexiones y oraciones extra\u00eddas de textos del Padre Eust\u00e1quio.<\/p>\n\n\n\n<p>El canal tambi\u00e9n produce contenidos semanales orientados a llevar la palabra de Dios a todas las personas, como los programas \u201cMensaje Dominical\u201d y \u201cReflexiones\u201d.<\/p>\n\n\n\n<p>El \u00e9xito del Canal de YouTube del Padre Eust\u00e1quio solo es posible gracias al apoyo de la comunidad y, especialmente, de los devotos del Padre Eust\u00e1quio. Necesitamos tu ayuda para seguir creciendo. Puedes colaborar de dos maneras:<\/p>\n\n\n\n<p>Primero, comparte nuestro canal de YouTube con tus amigos y familiares para que podamos llegar a muchos m\u00e1s hogares. Otra forma es ayudando a mantener las transmisiones. Haz tu donaci\u00f3n a trav\u00e9s de Pix. Clave: (31) 99545-1943.<\/p>\n\n\n\n<p>Si a\u00fan no conoces el Canal Padre Eust\u00e1quio, \u00e9chale un vistazo y convi\u00e9rtete en partidario de esta causa.<\/p>\n\n\n\n<p><\/p>","protected":false},"excerpt":{"rendered":"<p>O Canal Padre Eust\u00e1quio atingiu um feito important\u00edssimo essa semana, alcan\u00e7ando 11 mil inscritos. O YouTube \u00e9 uma das formas de evangeliza\u00e7\u00e3o utilizadas pela Causa de Canoniza\u00e7\u00e3o do Padre Eust\u00e1quio para difundir a devo\u00e7\u00e3o. No Canal os inscritos acompanham diariamente, ao vivo, Missas realizadas no Santu\u00e1rio da Sa\u00fade e da Paz. Al\u00e9m disso, celebra\u00e7\u00f5es importantes para a Igreja tamb\u00e9m podem ser assistidas ao vivo no YouTube, como foi o caso da Semana Santa 2022. Os fi\u00e9is que n\u00e3o puderam ir at\u00e9 a igreja, muitos deles pessoas acamadas ou impossibilitadas de sair de casa por alguma enfermidade, acompanharam durante toda semana [&hellip;]<\/p>\n","protected":false},"author":2,"featured_media":8496,"comment_status":"open","ping_status":"closed","sticky":false,"template":"","format":"standard","meta":{"_acf_changed":false,"footnotes":""},"categories":[611],"tags":[],"class_list":["post-8495","post","type-post","status-publish","format-standard","has-post-thumbnail","hentry","category-noticias"],"acf":[],"yoast_head":"<!-- This site is optimized with the Yoast SEO plugin v27.2 - https:\/\/yoast.com\/product\/yoast-seo-wordpress\/ -->\n<title>Canal Padre Eust\u00e1quio chega a 11 mil inscritos<\/title>\n<meta name=\"description\" content=\"O Canal Padre Eust\u00e1quio atingiu um feito important\u00edssimo essa semana, alcan\u00e7ando 11 mil inscritos. O YouTube \u00e9 uma das formas de evangeliza\u00e7\u00e3o utilizadas pela Causa de Canoniza\u00e7\u00e3o do Padre Eust\u00e1quio para difundir a devo\u00e7\u00e3o.\" \/>\n<meta name=\"robots\" content=\"index, follow, max-snippet:-1, max-image-preview:large, max-video-preview:-1\" \/>\n<link rel=\"canonical\" href=\"https:\/\/www.padreeustaquio.com.br\/es\/canal-del-padre-eustaquio-llega-a-11-000-suscriptores\/\" \/>\n<meta property=\"og:locale\" content=\"es_ES\" \/>\n<meta property=\"og:type\" content=\"article\" \/>\n<meta property=\"og:title\" content=\"Canal Padre Eust\u00e1quio chega a 11 mil inscritos\" \/>\n<meta property=\"og:description\" content=\"O Canal Padre Eust\u00e1quio atingiu um feito important\u00edssimo essa semana, alcan\u00e7ando 11 mil inscritos. O YouTube \u00e9 uma das formas de evangeliza\u00e7\u00e3o utilizadas pela Causa de Canoniza\u00e7\u00e3o do Padre Eust\u00e1quio para difundir a devo\u00e7\u00e3o.\" \/>\n<meta property=\"og:url\" content=\"https:\/\/www.padreeustaquio.com.br\/es\/canal-del-padre-eustaquio-llega-a-11-000-suscriptores\/\" \/>\n<meta property=\"og:site_name\" content=\"Padre Eust\u00e1quio\" \/>\n<meta property=\"article:publisher\" content=\"https:\/\/www.facebook.com\/beatopadreeustaquio\/\" \/>\n<meta property=\"article:published_time\" content=\"2022-04-20T08:53:00+00:00\" \/>\n<meta property=\"og:image\" content=\"https:\/\/www.padreeustaquio.com.br\/wp-content\/uploads\/2022\/04\/11-mil-inscritos.jpeg\" \/>\n\t<meta property=\"og:image:width\" content=\"880\" \/>\n\t<meta property=\"og:image:height\" content=\"509\" \/>\n\t<meta property=\"og:image:type\" content=\"image\/jpeg\" \/>\n<meta name=\"author\" content=\"@sscc\" \/>\n<meta name=\"twitter:card\" content=\"summary_large_image\" \/>\n<meta name=\"twitter:creator\" content=\"@beatopeustaquio\" \/>\n<meta name=\"twitter:site\" content=\"@beatopeustaquio\" \/>\n<meta name=\"twitter:label1\" content=\"Escrito por\" \/>\n\t<meta name=\"twitter:data1\" content=\"@sscc\" \/>\n\t<meta name=\"twitter:label2\" content=\"Tiempo de lectura\" \/>\n\t<meta name=\"twitter:data2\" content=\"2 minutos\" \/>\n<script type=\"application\/ld+json\" class=\"yoast-schema-graph\">{\"@context\":\"https:\/\/schema.org\",\"@graph\":[{\"@type\":\"Article\",\"@id\":\"https:\/\/www.padreeustaquio.com.br\/canal-padre-eustaquio-chega-a-11-mil-inscritos\/#article\",\"isPartOf\":{\"@id\":\"https:\/\/www.padreeustaquio.com.br\/canal-padre-eustaquio-chega-a-11-mil-inscritos\/\"},\"author\":{\"name\":\"@sscc\",\"@id\":\"https:\/\/www.padreeustaquio.com.br\/#\/schema\/person\/a2a51db1d00f1a7af0204a0f1ddb1566\"},\"headline\":\"Canal Padre Eust\u00e1quio chega a 11 mil inscritos\",\"datePublished\":\"2022-04-20T08:53:00+00:00\",\"mainEntityOfPage\":{\"@id\":\"https:\/\/www.padreeustaquio.com.br\/canal-padre-eustaquio-chega-a-11-mil-inscritos\/\"},\"wordCount\":360,\"commentCount\":0,\"publisher\":{\"@id\":\"https:\/\/www.padreeustaquio.com.br\/#organization\"},\"image\":{\"@id\":\"https:\/\/www.padreeustaquio.com.br\/canal-padre-eustaquio-chega-a-11-mil-inscritos\/#primaryimage\"},\"thumbnailUrl\":\"https:\/\/www.padreeustaquio.com.br\/wp-content\/uploads\/2022\/04\/11-mil-inscritos.jpeg\",\"articleSection\":[\"Not\u00edcias\"],\"inLanguage\":\"es\",\"potentialAction\":[{\"@type\":\"CommentAction\",\"name\":\"Comment\",\"target\":[\"https:\/\/www.padreeustaquio.com.br\/canal-padre-eustaquio-chega-a-11-mil-inscritos\/#respond\"]}]},{\"@type\":\"WebPage\",\"@id\":\"https:\/\/www.padreeustaquio.com.br\/canal-padre-eustaquio-chega-a-11-mil-inscritos\/\",\"url\":\"https:\/\/www.padreeustaquio.com.br\/canal-padre-eustaquio-chega-a-11-mil-inscritos\/\",\"name\":\"Canal Padre Eust\u00e1quio chega a 11 mil inscritos\",\"isPartOf\":{\"@id\":\"https:\/\/www.padreeustaquio.com.br\/#website\"},\"primaryImageOfPage\":{\"@id\":\"https:\/\/www.padreeustaquio.com.br\/canal-padre-eustaquio-chega-a-11-mil-inscritos\/#primaryimage\"},\"image\":{\"@id\":\"https:\/\/www.padreeustaquio.com.br\/canal-padre-eustaquio-chega-a-11-mil-inscritos\/#primaryimage\"},\"thumbnailUrl\":\"https:\/\/www.padreeustaquio.com.br\/wp-content\/uploads\/2022\/04\/11-mil-inscritos.jpeg\",\"datePublished\":\"2022-04-20T08:53:00+00:00\",\"description\":\"O Canal Padre Eust\u00e1quio atingiu um feito important\u00edssimo essa semana, alcan\u00e7ando 11 mil inscritos. O YouTube \u00e9 uma das formas de evangeliza\u00e7\u00e3o utilizadas pela Causa de Canoniza\u00e7\u00e3o do Padre Eust\u00e1quio para difundir a devo\u00e7\u00e3o.\",\"breadcrumb\":{\"@id\":\"https:\/\/www.padreeustaquio.com.br\/canal-padre-eustaquio-chega-a-11-mil-inscritos\/#breadcrumb\"},\"inLanguage\":\"es\",\"potentialAction\":[{\"@type\":\"ReadAction\",\"target\":[\"https:\/\/www.padreeustaquio.com.br\/canal-padre-eustaquio-chega-a-11-mil-inscritos\/\"]}]},{\"@type\":\"ImageObject\",\"inLanguage\":\"es\",\"@id\":\"https:\/\/www.padreeustaquio.com.br\/canal-padre-eustaquio-chega-a-11-mil-inscritos\/#primaryimage\",\"url\":\"https:\/\/www.padreeustaquio.com.br\/wp-content\/uploads\/2022\/04\/11-mil-inscritos.jpeg\",\"contentUrl\":\"https:\/\/www.padreeustaquio.com.br\/wp-content\/uploads\/2022\/04\/11-mil-inscritos.jpeg\",\"width\":880,\"height\":509},{\"@type\":\"BreadcrumbList\",\"@id\":\"https:\/\/www.padreeustaquio.com.br\/canal-padre-eustaquio-chega-a-11-mil-inscritos\/#breadcrumb\",\"itemListElement\":[{\"@type\":\"ListItem\",\"position\":1,\"name\":\"In\u00edcio\",\"item\":\"https:\/\/www.padreeustaquio.com.br\/\"},{\"@type\":\"ListItem\",\"position\":2,\"name\":\"Canal Padre Eust\u00e1quio chega a 11 mil inscritos\"}]},{\"@type\":\"WebSite\",\"@id\":\"https:\/\/www.padreeustaquio.com.br\/#website\",\"url\":\"https:\/\/www.padreeustaquio.com.br\/\",\"name\":\"Padre Eust\u00e1quio\",\"description\":\"Sa\u00fade e Paz\",\"publisher\":{\"@id\":\"https:\/\/www.padreeustaquio.com.br\/#organization\"},\"potentialAction\":[{\"@type\":\"SearchAction\",\"target\":{\"@type\":\"EntryPoint\",\"urlTemplate\":\"https:\/\/www.padreeustaquio.com.br\/?s={search_term_string}\"},\"query-input\":{\"@type\":\"PropertyValueSpecification\",\"valueRequired\":true,\"valueName\":\"search_term_string\"}}],\"inLanguage\":\"es\"},{\"@type\":\"Organization\",\"@id\":\"https:\/\/www.padreeustaquio.com.br\/#organization\",\"name\":\"Padre Eust\u00e1quio\",\"url\":\"https:\/\/www.padreeustaquio.com.br\/\",\"logo\":{\"@type\":\"ImageObject\",\"inLanguage\":\"es\",\"@id\":\"https:\/\/www.padreeustaquio.com.br\/#\/schema\/logo\/image\/\",\"url\":\"https:\/\/www.padreeustaquio.com.br\/wp-content\/uploads\/2019\/08\/marca.png\",\"contentUrl\":\"https:\/\/www.padreeustaquio.com.br\/wp-content\/uploads\/2019\/08\/marca.png\",\"width\":350,\"height\":400,\"caption\":\"Padre Eust\u00e1quio\"},\"image\":{\"@id\":\"https:\/\/www.padreeustaquio.com.br\/#\/schema\/logo\/image\/\"},\"sameAs\":[\"https:\/\/www.facebook.com\/beatopadreeustaquio\/\",\"https:\/\/x.com\/beatopeustaquio\",\"https:\/\/www.instagram.com\/beatopadreeustaquio\/\",\"https:\/\/www.youtube.com\/channel\/UCRhw7vfabnajwLxb1ZXMeIw\"]},{\"@type\":\"Person\",\"@id\":\"https:\/\/www.padreeustaquio.com.br\/#\/schema\/person\/a2a51db1d00f1a7af0204a0f1ddb1566\",\"name\":\"@sscc\",\"image\":{\"@type\":\"ImageObject\",\"inLanguage\":\"es\",\"@id\":\"https:\/\/secure.gravatar.com\/avatar\/68cfafa5f44617fea54071e215026e0ff06be366c3d54a8425f04fdcb86f8c5f?s=96&d=mm&r=g\",\"url\":\"https:\/\/secure.gravatar.com\/avatar\/68cfafa5f44617fea54071e215026e0ff06be366c3d54a8425f04fdcb86f8c5f?s=96&d=mm&r=g\",\"contentUrl\":\"https:\/\/secure.gravatar.com\/avatar\/68cfafa5f44617fea54071e215026e0ff06be366c3d54a8425f04fdcb86f8c5f?s=96&d=mm&r=g\",\"caption\":\"@sscc\"},\"url\":\"https:\/\/www.padreeustaquio.com.br\/es\/author\/sscc\/\"}]}<\/script>\n<!-- \/ Yoast SEO plugin. -->","yoast_head_json":{"title":"Canal del Padre Eust\u00e1quio llega a 11.000 suscriptores.","description":"El Canal Padre Eust\u00e1quio alcanz\u00f3 un hito muy importante esta semana, al alcanzar los 11.000 suscriptores. YouTube es una de las herramientas de evangelizaci\u00f3n que utiliza la Causa de Canonizaci\u00f3n del Padre Eust\u00e1quio para difundir la devoci\u00f3n.","robots":{"index":"index","follow":"follow","max-snippet":"max-snippet:-1","max-image-preview":"max-image-preview:large","max-video-preview":"max-video-preview:-1"},"canonical":"https:\/\/www.padreeustaquio.com.br\/es\/canal-del-padre-eustaquio-llega-a-11-000-suscriptores\/","og_locale":"es_ES","og_type":"article","og_title":"Canal Padre Eust\u00e1quio chega a 11 mil inscritos","og_description":"O Canal Padre Eust\u00e1quio atingiu um feito important\u00edssimo essa semana, alcan\u00e7ando 11 mil inscritos. O YouTube \u00e9 uma das formas de evangeliza\u00e7\u00e3o utilizadas pela Causa de Canoniza\u00e7\u00e3o do Padre Eust\u00e1quio para difundir a devo\u00e7\u00e3o.","og_url":"https:\/\/www.padreeustaquio.com.br\/es\/canal-del-padre-eustaquio-llega-a-11-000-suscriptores\/","og_site_name":"Padre Eust\u00e1quio","article_publisher":"https:\/\/www.facebook.com\/beatopadreeustaquio\/","article_published_time":"2022-04-20T08:53:00+00:00","og_image":[{"width":880,"height":509,"url":"https:\/\/www.padreeustaquio.com.br\/wp-content\/uploads\/2022\/04\/11-mil-inscritos.jpeg","type":"image\/jpeg"}],"author":"@sscc","twitter_card":"summary_large_image","twitter_creator":"@beatopeustaquio","twitter_site":"@beatopeustaquio","twitter_misc":{"Escrito por":"@sscc","Tiempo de lectura":"2 minutos"},"schema":{"@context":"https:\/\/schema.org","@graph":[{"@type":"Article","@id":"https:\/\/www.padreeustaquio.com.br\/canal-padre-eustaquio-chega-a-11-mil-inscritos\/#article","isPartOf":{"@id":"https:\/\/www.padreeustaquio.com.br\/canal-padre-eustaquio-chega-a-11-mil-inscritos\/"},"author":{"name":"@sscc","@id":"https:\/\/www.padreeustaquio.com.br\/#\/schema\/person\/a2a51db1d00f1a7af0204a0f1ddb1566"},"headline":"Canal Padre Eust\u00e1quio chega a 11 mil inscritos","datePublished":"2022-04-20T08:53:00+00:00","mainEntityOfPage":{"@id":"https:\/\/www.padreeustaquio.com.br\/canal-padre-eustaquio-chega-a-11-mil-inscritos\/"},"wordCount":360,"commentCount":0,"publisher":{"@id":"https:\/\/www.padreeustaquio.com.br\/#organization"},"image":{"@id":"https:\/\/www.padreeustaquio.com.br\/canal-padre-eustaquio-chega-a-11-mil-inscritos\/#primaryimage"},"thumbnailUrl":"https:\/\/www.padreeustaquio.com.br\/wp-content\/uploads\/2022\/04\/11-mil-inscritos.jpeg","articleSection":["Not\u00edcias"],"inLanguage":"es","potentialAction":[{"@type":"CommentAction","name":"Comment","target":["https:\/\/www.padreeustaquio.com.br\/canal-padre-eustaquio-chega-a-11-mil-inscritos\/#respond"]}]},{"@type":"WebPage","@id":"https:\/\/www.padreeustaquio.com.br\/canal-padre-eustaquio-chega-a-11-mil-inscritos\/","url":"https:\/\/www.padreeustaquio.com.br\/canal-padre-eustaquio-chega-a-11-mil-inscritos\/","name":"Canal del Padre Eust\u00e1quio llega a 11.000 suscriptores.","isPartOf":{"@id":"https:\/\/www.padreeustaquio.com.br\/#website"},"primaryImageOfPage":{"@id":"https:\/\/www.padreeustaquio.com.br\/canal-padre-eustaquio-chega-a-11-mil-inscritos\/#primaryimage"},"image":{"@id":"https:\/\/www.padreeustaquio.com.br\/canal-padre-eustaquio-chega-a-11-mil-inscritos\/#primaryimage"},"thumbnailUrl":"https:\/\/www.padreeustaquio.com.br\/wp-content\/uploads\/2022\/04\/11-mil-inscritos.jpeg","datePublished":"2022-04-20T08:53:00+00:00","description":"El Canal Padre Eust\u00e1quio alcanz\u00f3 un hito muy importante esta semana, al alcanzar los 11.000 suscriptores. YouTube es una de las herramientas de evangelizaci\u00f3n que utiliza la Causa de Canonizaci\u00f3n del Padre Eust\u00e1quio para difundir la devoci\u00f3n.","breadcrumb":{"@id":"https:\/\/www.padreeustaquio.com.br\/canal-padre-eustaquio-chega-a-11-mil-inscritos\/#breadcrumb"},"inLanguage":"es","potentialAction":[{"@type":"ReadAction","target":["https:\/\/www.padreeustaquio.com.br\/canal-padre-eustaquio-chega-a-11-mil-inscritos\/"]}]},{"@type":"ImageObject","inLanguage":"es","@id":"https:\/\/www.padreeustaquio.com.br\/canal-padre-eustaquio-chega-a-11-mil-inscritos\/#primaryimage","url":"https:\/\/www.padreeustaquio.com.br\/wp-content\/uploads\/2022\/04\/11-mil-inscritos.jpeg","contentUrl":"https:\/\/www.padreeustaquio.com.br\/wp-content\/uploads\/2022\/04\/11-mil-inscritos.jpeg","width":880,"height":509},{"@type":"BreadcrumbList","@id":"https:\/\/www.padreeustaquio.com.br\/canal-padre-eustaquio-chega-a-11-mil-inscritos\/#breadcrumb","itemListElement":[{"@type":"ListItem","position":1,"name":"In\u00edcio","item":"https:\/\/www.padreeustaquio.com.br\/"},{"@type":"ListItem","position":2,"name":"Canal Padre Eust\u00e1quio chega a 11 mil inscritos"}]},{"@type":"WebSite","@id":"https:\/\/www.padreeustaquio.com.br\/#website","url":"https:\/\/www.padreeustaquio.com.br\/","name":"Padre Eustace","description":"Salud y Paz","publisher":{"@id":"https:\/\/www.padreeustaquio.com.br\/#organization"},"potentialAction":[{"@type":"SearchAction","target":{"@type":"EntryPoint","urlTemplate":"https:\/\/www.padreeustaquio.com.br\/?s={search_term_string}"},"query-input":{"@type":"PropertyValueSpecification","valueRequired":true,"valueName":"search_term_string"}}],"inLanguage":"es"},{"@type":"Organization","@id":"https:\/\/www.padreeustaquio.com.br\/#organization","name":"Padre Eustace","url":"https:\/\/www.padreeustaquio.com.br\/","logo":{"@type":"ImageObject","inLanguage":"es","@id":"https:\/\/www.padreeustaquio.com.br\/#\/schema\/logo\/image\/","url":"https:\/\/www.padreeustaquio.com.br\/wp-content\/uploads\/2019\/08\/marca.png","contentUrl":"https:\/\/www.padreeustaquio.com.br\/wp-content\/uploads\/2019\/08\/marca.png","width":350,"height":400,"caption":"Padre Eust\u00e1quio"},"image":{"@id":"https:\/\/www.padreeustaquio.com.br\/#\/schema\/logo\/image\/"},"sameAs":["https:\/\/www.facebook.com\/beatopadreeustaquio\/","https:\/\/x.com\/beatopeustaquio","https:\/\/www.instagram.com\/beatopadreeustaquio\/","https:\/\/www.youtube.com\/channel\/UCRhw7vfabnajwLxb1ZXMeIw"]},{"@type":"Person","@id":"https:\/\/www.padreeustaquio.com.br\/#\/schema\/person\/a2a51db1d00f1a7af0204a0f1ddb1566","name":"@sscc","image":{"@type":"ImageObject","inLanguage":"es","@id":"https:\/\/secure.gravatar.com\/avatar\/68cfafa5f44617fea54071e215026e0ff06be366c3d54a8425f04fdcb86f8c5f?s=96&d=mm&r=g","url":"https:\/\/secure.gravatar.com\/avatar\/68cfafa5f44617fea54071e215026e0ff06be366c3d54a8425f04fdcb86f8c5f?s=96&d=mm&r=g","contentUrl":"https:\/\/secure.gravatar.com\/avatar\/68cfafa5f44617fea54071e215026e0ff06be366c3d54a8425f04fdcb86f8c5f?s=96&d=mm&r=g","caption":"@sscc"},"url":"https:\/\/www.padreeustaquio.com.br\/es\/author\/sscc\/"}]}},"_links":{"self":[{"href":"https:\/\/www.padreeustaquio.com.br\/es\/wp-json\/wp\/v2\/posts\/8495","targetHints":{"allow":["GET"]}}],"collection":[{"href":"https:\/\/www.padreeustaquio.com.br\/es\/wp-json\/wp\/v2\/posts"}],"about":[{"href":"https:\/\/www.padreeustaquio.com.br\/es\/wp-json\/wp\/v2\/types\/post"}],"author":[{"embeddable":true,"href":"https:\/\/www.padreeustaquio.com.br\/es\/wp-json\/wp\/v2\/users\/2"}],"replies":[{"embeddable":true,"href":"https:\/\/www.padreeustaquio.com.br\/es\/wp-json\/wp\/v2\/comments?post=8495"}],"version-history":[{"count":0,"href":"https:\/\/www.padreeustaquio.com.br\/es\/wp-json\/wp\/v2\/posts\/8495\/revisions"}],"wp:featuredmedia":[{"embeddable":true,"href":"https:\/\/www.padreeustaquio.com.br\/es\/wp-json\/wp\/v2\/media\/8496"}],"wp:attachment":[{"href":"https:\/\/www.padreeustaquio.com.br\/es\/wp-json\/wp\/v2\/media?parent=8495"}],"wp:term":[{"taxonomy":"category","embeddable":true,"href":"https:\/\/www.padreeustaquio.com.br\/es\/wp-json\/wp\/v2\/categories?post=8495"},{"taxonomy":"post_tag","embeddable":true,"href":"https:\/\/www.padreeustaquio.com.br\/es\/wp-json\/wp\/v2\/tags?post=8495"}],"curies":[{"name":"wp","href":"https:\/\/api.w.org\/{rel}","templated":true}]}}