{"id":8492,"date":"2022-04-19T05:45:00","date_gmt":"2022-04-19T08:45:00","guid":{"rendered":"https:\/\/www.padreeustaquio.com.br\/?p=8492"},"modified":"2022-04-18T11:53:22","modified_gmt":"2022-04-18T14:53:22","slug":"el-museo-padre-eustaquio-en-porto-alegre-sp-recibe-la-visita-de-la-comunidad-palavra-viva","status":"publish","type":"post","link":"https:\/\/www.padreeustaquio.com.br\/es\/el-museo-padre-eustaquio-en-porto-alegre-sp-recibe-la-visita-de-la-comunidad-palavra-viva\/","title":{"rendered":"El Museo Padre Eust\u00e1quio de Po\u00e1-SP recibe la visita de la Comunidad Palavra Viva."},"content":{"rendered":"<p>El museo dedicado al Padre Eust\u00e1quio en Po\u00e1, S\u00e3o Paulo, recibi\u00f3 la semana pasada la visita de misioneros de la Comunidad Palabra Viva. El grupo se encontraba en la ciudad para participar en la Semana Santa del municipio.<\/p>\n\n\n\n<p>El grupo que visit\u00f3 el Museo pudo conocer un poco la historia del Bendito, observando de cerca los utensilios y la ropa del Padre Eust\u00e1quio. Quedaron encantados con los testimonios y la vocaci\u00f3n del Misionero de la Salud y la Paz.<\/p>\n\n\n\n<p>Los misioneros que estuvieron en Po\u00e1 proven\u00edan de diversas partes de Brasil, incluyendo ciudades de Minas Gerais, S\u00e3o Paulo, Amap\u00e1, Amazonas, Mato Grosso y R\u00edo de Janeiro. Adem\u00e1s, hab\u00eda representantes de la Comunidad Palabra de Vida de Francia.<\/p>\n\n\n\n<p>Si a\u00fan no has visitado el Museo Padre Eust\u00e1quio, ubicado en Po\u00e1\/SP, <a href=\"http:\/\/museupadreeustaquio.wordpress.com\" target=\"_blank\" rel=\"noreferrer noopener\">haga clic aqu\u00ed<\/a> Para conocer m\u00e1s sobre el lugar.<\/p>\n\n\n\n<p><\/p>","protected":false},"excerpt":{"rendered":"<p>O Museu dedicado ao Padre Eust\u00e1quio em Po\u00e1, S\u00e3o Paulo, recebeu na \u00faltima semana a visita de mission\u00e1rios da Comunidade Palavra Viva. O grupo esteve na cidade paulista para participar da Semana Santa no munic\u00edpio. O grupo que esteve no Museu p\u00f4de conhecer um pouco da hist\u00f3ria do Bem-aventurado, vendo de perto utens\u00edlios e roupas que pertenceram a Padre Eust\u00e1quio. Eles ficaram encantados com os testemunhos e a voca\u00e7\u00e3o do Mission\u00e1rio da Sa\u00fade e da Paz. Os mission\u00e1rios que estiveram em Po\u00e1 vieram de v\u00e1rias partes do Brasil como de cidades mineiras, de S\u00e3o Paulo, Amap\u00e1, Amazonas, Mato Grosso e [&hellip;]<\/p>\n","protected":false},"author":2,"featured_media":8493,"comment_status":"open","ping_status":"closed","sticky":false,"template":"","format":"standard","meta":{"_acf_changed":false,"footnotes":""},"categories":[611],"tags":[],"class_list":["post-8492","post","type-post","status-publish","format-standard","has-post-thumbnail","hentry","category-noticias"],"acf":[],"yoast_head":"<!-- This site is optimized with the Yoast SEO plugin v27.2 - https:\/\/yoast.com\/product\/yoast-seo-wordpress\/ -->\n<title>Museu Padre Eust\u00e1quio em Po\u00e1-SP recebe visita da Comunidade Palavra Viva<\/title>\n<meta name=\"description\" content=\"O Museu dedicado ao Padre Eust\u00e1quio em Po\u00e1, S\u00e3o Paulo, recebeu na \u00faltima semana a visita de mission\u00e1rios da Comunidade Palavra Viva. O grupo esteve na cidade paulista para participar da Semana Santa no munic\u00edpio.\" \/>\n<meta name=\"robots\" content=\"index, follow, max-snippet:-1, max-image-preview:large, max-video-preview:-1\" \/>\n<link rel=\"canonical\" href=\"https:\/\/www.padreeustaquio.com.br\/es\/el-museo-padre-eustaquio-en-porto-alegre-sp-recibe-la-visita-de-la-comunidad-palavra-viva\/\" \/>\n<meta property=\"og:locale\" content=\"es_ES\" \/>\n<meta property=\"og:type\" content=\"article\" \/>\n<meta property=\"og:title\" content=\"Museu Padre Eust\u00e1quio em Po\u00e1-SP recebe visita da Comunidade Palavra Viva\" \/>\n<meta property=\"og:description\" content=\"O Museu dedicado ao Padre Eust\u00e1quio em Po\u00e1, S\u00e3o Paulo, recebeu na \u00faltima semana a visita de mission\u00e1rios da Comunidade Palavra Viva. O grupo esteve na cidade paulista para participar da Semana Santa no munic\u00edpio.\" \/>\n<meta property=\"og:url\" content=\"https:\/\/www.padreeustaquio.com.br\/es\/el-museo-padre-eustaquio-en-porto-alegre-sp-recibe-la-visita-de-la-comunidad-palavra-viva\/\" \/>\n<meta property=\"og:site_name\" content=\"Padre Eust\u00e1quio\" \/>\n<meta property=\"article:publisher\" content=\"https:\/\/www.facebook.com\/beatopadreeustaquio\/\" \/>\n<meta property=\"article:published_time\" content=\"2022-04-19T08:45:00+00:00\" \/>\n<meta property=\"og:image\" content=\"https:\/\/www.padreeustaquio.com.br\/wp-content\/uploads\/2022\/04\/visita-palavra-viva-a-museu-poa.jpg\" \/>\n\t<meta property=\"og:image:width\" content=\"748\" \/>\n\t<meta property=\"og:image:height\" content=\"394\" \/>\n\t<meta property=\"og:image:type\" content=\"image\/jpeg\" \/>\n<meta name=\"author\" content=\"@sscc\" \/>\n<meta name=\"twitter:card\" content=\"summary_large_image\" \/>\n<meta name=\"twitter:creator\" content=\"@beatopeustaquio\" \/>\n<meta name=\"twitter:site\" content=\"@beatopeustaquio\" \/>\n<meta name=\"twitter:label1\" content=\"Escrito por\" \/>\n\t<meta name=\"twitter:data1\" content=\"@sscc\" \/>\n\t<meta name=\"twitter:label2\" content=\"Tiempo de lectura\" \/>\n\t<meta name=\"twitter:data2\" content=\"1 minuto\" \/>\n<script type=\"application\/ld+json\" class=\"yoast-schema-graph\">{\"@context\":\"https:\/\/schema.org\",\"@graph\":[{\"@type\":\"Article\",\"@id\":\"https:\/\/www.padreeustaquio.com.br\/museu-padre-eustaquio-em-poa-sp-recebe-visita-da-comunidade-palavra-viva\/#article\",\"isPartOf\":{\"@id\":\"https:\/\/www.padreeustaquio.com.br\/museu-padre-eustaquio-em-poa-sp-recebe-visita-da-comunidade-palavra-viva\/\"},\"author\":{\"name\":\"@sscc\",\"@id\":\"https:\/\/www.padreeustaquio.com.br\/#\/schema\/person\/a2a51db1d00f1a7af0204a0f1ddb1566\"},\"headline\":\"Museu Padre Eust\u00e1quio em Po\u00e1-SP recebe visita da Comunidade Palavra Viva\",\"datePublished\":\"2022-04-19T08:45:00+00:00\",\"mainEntityOfPage\":{\"@id\":\"https:\/\/www.padreeustaquio.com.br\/museu-padre-eustaquio-em-poa-sp-recebe-visita-da-comunidade-palavra-viva\/\"},\"wordCount\":166,\"commentCount\":0,\"publisher\":{\"@id\":\"https:\/\/www.padreeustaquio.com.br\/#organization\"},\"image\":{\"@id\":\"https:\/\/www.padreeustaquio.com.br\/museu-padre-eustaquio-em-poa-sp-recebe-visita-da-comunidade-palavra-viva\/#primaryimage\"},\"thumbnailUrl\":\"https:\/\/www.padreeustaquio.com.br\/wp-content\/uploads\/2022\/04\/visita-palavra-viva-a-museu-poa.jpg\",\"articleSection\":[\"Not\u00edcias\"],\"inLanguage\":\"es\",\"potentialAction\":[{\"@type\":\"CommentAction\",\"name\":\"Comment\",\"target\":[\"https:\/\/www.padreeustaquio.com.br\/museu-padre-eustaquio-em-poa-sp-recebe-visita-da-comunidade-palavra-viva\/#respond\"]}]},{\"@type\":\"WebPage\",\"@id\":\"https:\/\/www.padreeustaquio.com.br\/museu-padre-eustaquio-em-poa-sp-recebe-visita-da-comunidade-palavra-viva\/\",\"url\":\"https:\/\/www.padreeustaquio.com.br\/museu-padre-eustaquio-em-poa-sp-recebe-visita-da-comunidade-palavra-viva\/\",\"name\":\"Museu Padre Eust\u00e1quio em Po\u00e1-SP recebe visita da Comunidade Palavra Viva\",\"isPartOf\":{\"@id\":\"https:\/\/www.padreeustaquio.com.br\/#website\"},\"primaryImageOfPage\":{\"@id\":\"https:\/\/www.padreeustaquio.com.br\/museu-padre-eustaquio-em-poa-sp-recebe-visita-da-comunidade-palavra-viva\/#primaryimage\"},\"image\":{\"@id\":\"https:\/\/www.padreeustaquio.com.br\/museu-padre-eustaquio-em-poa-sp-recebe-visita-da-comunidade-palavra-viva\/#primaryimage\"},\"thumbnailUrl\":\"https:\/\/www.padreeustaquio.com.br\/wp-content\/uploads\/2022\/04\/visita-palavra-viva-a-museu-poa.jpg\",\"datePublished\":\"2022-04-19T08:45:00+00:00\",\"description\":\"O Museu dedicado ao Padre Eust\u00e1quio em Po\u00e1, S\u00e3o Paulo, recebeu na \u00faltima semana a visita de mission\u00e1rios da Comunidade Palavra Viva. O grupo esteve na cidade paulista para participar da Semana Santa no munic\u00edpio.\",\"breadcrumb\":{\"@id\":\"https:\/\/www.padreeustaquio.com.br\/museu-padre-eustaquio-em-poa-sp-recebe-visita-da-comunidade-palavra-viva\/#breadcrumb\"},\"inLanguage\":\"es\",\"potentialAction\":[{\"@type\":\"ReadAction\",\"target\":[\"https:\/\/www.padreeustaquio.com.br\/museu-padre-eustaquio-em-poa-sp-recebe-visita-da-comunidade-palavra-viva\/\"]}]},{\"@type\":\"ImageObject\",\"inLanguage\":\"es\",\"@id\":\"https:\/\/www.padreeustaquio.com.br\/museu-padre-eustaquio-em-poa-sp-recebe-visita-da-comunidade-palavra-viva\/#primaryimage\",\"url\":\"https:\/\/www.padreeustaquio.com.br\/wp-content\/uploads\/2022\/04\/visita-palavra-viva-a-museu-poa.jpg\",\"contentUrl\":\"https:\/\/www.padreeustaquio.com.br\/wp-content\/uploads\/2022\/04\/visita-palavra-viva-a-museu-poa.jpg\",\"width\":748,\"height\":394},{\"@type\":\"BreadcrumbList\",\"@id\":\"https:\/\/www.padreeustaquio.com.br\/museu-padre-eustaquio-em-poa-sp-recebe-visita-da-comunidade-palavra-viva\/#breadcrumb\",\"itemListElement\":[{\"@type\":\"ListItem\",\"position\":1,\"name\":\"In\u00edcio\",\"item\":\"https:\/\/www.padreeustaquio.com.br\/\"},{\"@type\":\"ListItem\",\"position\":2,\"name\":\"Museu Padre Eust\u00e1quio em Po\u00e1-SP recebe visita da Comunidade Palavra Viva\"}]},{\"@type\":\"WebSite\",\"@id\":\"https:\/\/www.padreeustaquio.com.br\/#website\",\"url\":\"https:\/\/www.padreeustaquio.com.br\/\",\"name\":\"Padre Eust\u00e1quio\",\"description\":\"Sa\u00fade e Paz\",\"publisher\":{\"@id\":\"https:\/\/www.padreeustaquio.com.br\/#organization\"},\"potentialAction\":[{\"@type\":\"SearchAction\",\"target\":{\"@type\":\"EntryPoint\",\"urlTemplate\":\"https:\/\/www.padreeustaquio.com.br\/?s={search_term_string}\"},\"query-input\":{\"@type\":\"PropertyValueSpecification\",\"valueRequired\":true,\"valueName\":\"search_term_string\"}}],\"inLanguage\":\"es\"},{\"@type\":\"Organization\",\"@id\":\"https:\/\/www.padreeustaquio.com.br\/#organization\",\"name\":\"Padre Eust\u00e1quio\",\"url\":\"https:\/\/www.padreeustaquio.com.br\/\",\"logo\":{\"@type\":\"ImageObject\",\"inLanguage\":\"es\",\"@id\":\"https:\/\/www.padreeustaquio.com.br\/#\/schema\/logo\/image\/\",\"url\":\"https:\/\/www.padreeustaquio.com.br\/wp-content\/uploads\/2019\/08\/marca.png\",\"contentUrl\":\"https:\/\/www.padreeustaquio.com.br\/wp-content\/uploads\/2019\/08\/marca.png\",\"width\":350,\"height\":400,\"caption\":\"Padre Eust\u00e1quio\"},\"image\":{\"@id\":\"https:\/\/www.padreeustaquio.com.br\/#\/schema\/logo\/image\/\"},\"sameAs\":[\"https:\/\/www.facebook.com\/beatopadreeustaquio\/\",\"https:\/\/x.com\/beatopeustaquio\",\"https:\/\/www.instagram.com\/beatopadreeustaquio\/\",\"https:\/\/www.youtube.com\/channel\/UCRhw7vfabnajwLxb1ZXMeIw\"]},{\"@type\":\"Person\",\"@id\":\"https:\/\/www.padreeustaquio.com.br\/#\/schema\/person\/a2a51db1d00f1a7af0204a0f1ddb1566\",\"name\":\"@sscc\",\"image\":{\"@type\":\"ImageObject\",\"inLanguage\":\"es\",\"@id\":\"https:\/\/secure.gravatar.com\/avatar\/68cfafa5f44617fea54071e215026e0ff06be366c3d54a8425f04fdcb86f8c5f?s=96&d=mm&r=g\",\"url\":\"https:\/\/secure.gravatar.com\/avatar\/68cfafa5f44617fea54071e215026e0ff06be366c3d54a8425f04fdcb86f8c5f?s=96&d=mm&r=g\",\"contentUrl\":\"https:\/\/secure.gravatar.com\/avatar\/68cfafa5f44617fea54071e215026e0ff06be366c3d54a8425f04fdcb86f8c5f?s=96&d=mm&r=g\",\"caption\":\"@sscc\"},\"url\":\"https:\/\/www.padreeustaquio.com.br\/es\/author\/sscc\/\"}]}<\/script>\n<!-- \/ Yoast SEO plugin. -->","yoast_head_json":{"title":"El Museo Padre Eust\u00e1quio de Po\u00e1-SP recibe la visita de la Comunidad Palavra Viva.","description":"El museo dedicado al Padre Eust\u00e1quio en Po\u00e1, S\u00e3o Paulo, recibi\u00f3 la semana pasada la visita de misioneros de la Comunidad Palabra Viva. El grupo se encontraba en la ciudad para participar en la Semana Santa del municipio.","robots":{"index":"index","follow":"follow","max-snippet":"max-snippet:-1","max-image-preview":"max-image-preview:large","max-video-preview":"max-video-preview:-1"},"canonical":"https:\/\/www.padreeustaquio.com.br\/es\/el-museo-padre-eustaquio-en-porto-alegre-sp-recibe-la-visita-de-la-comunidad-palavra-viva\/","og_locale":"es_ES","og_type":"article","og_title":"Museu Padre Eust\u00e1quio em Po\u00e1-SP recebe visita da Comunidade Palavra Viva","og_description":"O Museu dedicado ao Padre Eust\u00e1quio em Po\u00e1, S\u00e3o Paulo, recebeu na \u00faltima semana a visita de mission\u00e1rios da Comunidade Palavra Viva. O grupo esteve na cidade paulista para participar da Semana Santa no munic\u00edpio.","og_url":"https:\/\/www.padreeustaquio.com.br\/es\/el-museo-padre-eustaquio-en-porto-alegre-sp-recibe-la-visita-de-la-comunidad-palavra-viva\/","og_site_name":"Padre Eust\u00e1quio","article_publisher":"https:\/\/www.facebook.com\/beatopadreeustaquio\/","article_published_time":"2022-04-19T08:45:00+00:00","og_image":[{"width":748,"height":394,"url":"https:\/\/www.padreeustaquio.com.br\/wp-content\/uploads\/2022\/04\/visita-palavra-viva-a-museu-poa.jpg","type":"image\/jpeg"}],"author":"@sscc","twitter_card":"summary_large_image","twitter_creator":"@beatopeustaquio","twitter_site":"@beatopeustaquio","twitter_misc":{"Escrito por":"@sscc","Tiempo de lectura":"1 minuto"},"schema":{"@context":"https:\/\/schema.org","@graph":[{"@type":"Article","@id":"https:\/\/www.padreeustaquio.com.br\/museu-padre-eustaquio-em-poa-sp-recebe-visita-da-comunidade-palavra-viva\/#article","isPartOf":{"@id":"https:\/\/www.padreeustaquio.com.br\/museu-padre-eustaquio-em-poa-sp-recebe-visita-da-comunidade-palavra-viva\/"},"author":{"name":"@sscc","@id":"https:\/\/www.padreeustaquio.com.br\/#\/schema\/person\/a2a51db1d00f1a7af0204a0f1ddb1566"},"headline":"Museu Padre Eust\u00e1quio em Po\u00e1-SP recebe visita da Comunidade Palavra Viva","datePublished":"2022-04-19T08:45:00+00:00","mainEntityOfPage":{"@id":"https:\/\/www.padreeustaquio.com.br\/museu-padre-eustaquio-em-poa-sp-recebe-visita-da-comunidade-palavra-viva\/"},"wordCount":166,"commentCount":0,"publisher":{"@id":"https:\/\/www.padreeustaquio.com.br\/#organization"},"image":{"@id":"https:\/\/www.padreeustaquio.com.br\/museu-padre-eustaquio-em-poa-sp-recebe-visita-da-comunidade-palavra-viva\/#primaryimage"},"thumbnailUrl":"https:\/\/www.padreeustaquio.com.br\/wp-content\/uploads\/2022\/04\/visita-palavra-viva-a-museu-poa.jpg","articleSection":["Not\u00edcias"],"inLanguage":"es","potentialAction":[{"@type":"CommentAction","name":"Comment","target":["https:\/\/www.padreeustaquio.com.br\/museu-padre-eustaquio-em-poa-sp-recebe-visita-da-comunidade-palavra-viva\/#respond"]}]},{"@type":"WebPage","@id":"https:\/\/www.padreeustaquio.com.br\/museu-padre-eustaquio-em-poa-sp-recebe-visita-da-comunidade-palavra-viva\/","url":"https:\/\/www.padreeustaquio.com.br\/museu-padre-eustaquio-em-poa-sp-recebe-visita-da-comunidade-palavra-viva\/","name":"El Museo Padre Eust\u00e1quio de Po\u00e1-SP recibe la visita de la Comunidad Palavra Viva.","isPartOf":{"@id":"https:\/\/www.padreeustaquio.com.br\/#website"},"primaryImageOfPage":{"@id":"https:\/\/www.padreeustaquio.com.br\/museu-padre-eustaquio-em-poa-sp-recebe-visita-da-comunidade-palavra-viva\/#primaryimage"},"image":{"@id":"https:\/\/www.padreeustaquio.com.br\/museu-padre-eustaquio-em-poa-sp-recebe-visita-da-comunidade-palavra-viva\/#primaryimage"},"thumbnailUrl":"https:\/\/www.padreeustaquio.com.br\/wp-content\/uploads\/2022\/04\/visita-palavra-viva-a-museu-poa.jpg","datePublished":"2022-04-19T08:45:00+00:00","description":"El museo dedicado al Padre Eust\u00e1quio en Po\u00e1, S\u00e3o Paulo, recibi\u00f3 la semana pasada la visita de misioneros de la Comunidad Palabra Viva. El grupo se encontraba en la ciudad para participar en la Semana Santa del municipio.","breadcrumb":{"@id":"https:\/\/www.padreeustaquio.com.br\/museu-padre-eustaquio-em-poa-sp-recebe-visita-da-comunidade-palavra-viva\/#breadcrumb"},"inLanguage":"es","potentialAction":[{"@type":"ReadAction","target":["https:\/\/www.padreeustaquio.com.br\/museu-padre-eustaquio-em-poa-sp-recebe-visita-da-comunidade-palavra-viva\/"]}]},{"@type":"ImageObject","inLanguage":"es","@id":"https:\/\/www.padreeustaquio.com.br\/museu-padre-eustaquio-em-poa-sp-recebe-visita-da-comunidade-palavra-viva\/#primaryimage","url":"https:\/\/www.padreeustaquio.com.br\/wp-content\/uploads\/2022\/04\/visita-palavra-viva-a-museu-poa.jpg","contentUrl":"https:\/\/www.padreeustaquio.com.br\/wp-content\/uploads\/2022\/04\/visita-palavra-viva-a-museu-poa.jpg","width":748,"height":394},{"@type":"BreadcrumbList","@id":"https:\/\/www.padreeustaquio.com.br\/museu-padre-eustaquio-em-poa-sp-recebe-visita-da-comunidade-palavra-viva\/#breadcrumb","itemListElement":[{"@type":"ListItem","position":1,"name":"In\u00edcio","item":"https:\/\/www.padreeustaquio.com.br\/"},{"@type":"ListItem","position":2,"name":"Museu Padre Eust\u00e1quio em Po\u00e1-SP recebe visita da Comunidade Palavra Viva"}]},{"@type":"WebSite","@id":"https:\/\/www.padreeustaquio.com.br\/#website","url":"https:\/\/www.padreeustaquio.com.br\/","name":"Padre Eustace","description":"Salud y Paz","publisher":{"@id":"https:\/\/www.padreeustaquio.com.br\/#organization"},"potentialAction":[{"@type":"SearchAction","target":{"@type":"EntryPoint","urlTemplate":"https:\/\/www.padreeustaquio.com.br\/?s={search_term_string}"},"query-input":{"@type":"PropertyValueSpecification","valueRequired":true,"valueName":"search_term_string"}}],"inLanguage":"es"},{"@type":"Organization","@id":"https:\/\/www.padreeustaquio.com.br\/#organization","name":"Padre Eustace","url":"https:\/\/www.padreeustaquio.com.br\/","logo":{"@type":"ImageObject","inLanguage":"es","@id":"https:\/\/www.padreeustaquio.com.br\/#\/schema\/logo\/image\/","url":"https:\/\/www.padreeustaquio.com.br\/wp-content\/uploads\/2019\/08\/marca.png","contentUrl":"https:\/\/www.padreeustaquio.com.br\/wp-content\/uploads\/2019\/08\/marca.png","width":350,"height":400,"caption":"Padre Eust\u00e1quio"},"image":{"@id":"https:\/\/www.padreeustaquio.com.br\/#\/schema\/logo\/image\/"},"sameAs":["https:\/\/www.facebook.com\/beatopadreeustaquio\/","https:\/\/x.com\/beatopeustaquio","https:\/\/www.instagram.com\/beatopadreeustaquio\/","https:\/\/www.youtube.com\/channel\/UCRhw7vfabnajwLxb1ZXMeIw"]},{"@type":"Person","@id":"https:\/\/www.padreeustaquio.com.br\/#\/schema\/person\/a2a51db1d00f1a7af0204a0f1ddb1566","name":"@sscc","image":{"@type":"ImageObject","inLanguage":"es","@id":"https:\/\/secure.gravatar.com\/avatar\/68cfafa5f44617fea54071e215026e0ff06be366c3d54a8425f04fdcb86f8c5f?s=96&d=mm&r=g","url":"https:\/\/secure.gravatar.com\/avatar\/68cfafa5f44617fea54071e215026e0ff06be366c3d54a8425f04fdcb86f8c5f?s=96&d=mm&r=g","contentUrl":"https:\/\/secure.gravatar.com\/avatar\/68cfafa5f44617fea54071e215026e0ff06be366c3d54a8425f04fdcb86f8c5f?s=96&d=mm&r=g","caption":"@sscc"},"url":"https:\/\/www.padreeustaquio.com.br\/es\/author\/sscc\/"}]}},"_links":{"self":[{"href":"https:\/\/www.padreeustaquio.com.br\/es\/wp-json\/wp\/v2\/posts\/8492","targetHints":{"allow":["GET"]}}],"collection":[{"href":"https:\/\/www.padreeustaquio.com.br\/es\/wp-json\/wp\/v2\/posts"}],"about":[{"href":"https:\/\/www.padreeustaquio.com.br\/es\/wp-json\/wp\/v2\/types\/post"}],"author":[{"embeddable":true,"href":"https:\/\/www.padreeustaquio.com.br\/es\/wp-json\/wp\/v2\/users\/2"}],"replies":[{"embeddable":true,"href":"https:\/\/www.padreeustaquio.com.br\/es\/wp-json\/wp\/v2\/comments?post=8492"}],"version-history":[{"count":0,"href":"https:\/\/www.padreeustaquio.com.br\/es\/wp-json\/wp\/v2\/posts\/8492\/revisions"}],"wp:featuredmedia":[{"embeddable":true,"href":"https:\/\/www.padreeustaquio.com.br\/es\/wp-json\/wp\/v2\/media\/8493"}],"wp:attachment":[{"href":"https:\/\/www.padreeustaquio.com.br\/es\/wp-json\/wp\/v2\/media?parent=8492"}],"wp:term":[{"taxonomy":"category","embeddable":true,"href":"https:\/\/www.padreeustaquio.com.br\/es\/wp-json\/wp\/v2\/categories?post=8492"},{"taxonomy":"post_tag","embeddable":true,"href":"https:\/\/www.padreeustaquio.com.br\/es\/wp-json\/wp\/v2\/tags?post=8492"}],"curies":[{"name":"wp","href":"https:\/\/api.w.org\/{rel}","templated":true}]}}