{"id":8482,"date":"2022-04-18T05:55:00","date_gmt":"2022-04-18T08:55:00","guid":{"rendered":"https:\/\/www.padreeustaquio.com.br\/?p=8482"},"modified":"2022-04-18T10:41:38","modified_gmt":"2022-04-18T13:41:38","slug":"dos-anos-despues-la-comunidad-regresa-para-celebrar-la-pascua-presencialmente-en-la-iglesia-del-padre-eustaquio","status":"publish","type":"post","link":"https:\/\/www.padreeustaquio.com.br\/es\/dos-anos-despues-la-comunidad-regresa-para-celebrar-la-pascua-presencialmente-en-la-iglesia-del-padre-eustaquio\/","title":{"rendered":"Dos a\u00f1os despu\u00e9s, la Iglesia Padre Eustaquio volver\u00e1 a celebrar presencialmente la Pascua."},"content":{"rendered":"<p>Siguiendo las precauciones sanitarias necesarias, muchas personas participaron en la Semana Santa de este a\u00f1o en el Santuario de la Salud y la Paz. La Iglesia del Padre Eustaquio volvi\u00f3 a vivir momentos de reflexi\u00f3n, adoraci\u00f3n y oraci\u00f3n con fieles y devotos reunidos en torno a las celebraciones de Pascua.<\/p>\n\n\n\n<p>Desde el s\u00e1bado 9, cuando la comunidad ya celebraba la Santa Misa del Domingo de Ramos con procesi\u00f3n y bendici\u00f3n, cientos de personas se congregaron para orar. El domingo, una multitud acudi\u00f3 a la misa de las 10:00 a. m., cantando y alabando a Dios.<\/p>\n\n\n\n<p>Durante el Triduo Pascual, varios momentos conmovieron a los devotos que asistieron a la iglesia y a quienes lo siguieron por el Canal Padre Eust\u00e1quio en YouTube (<a href=\"https:\/\/www.youtube.com\/playlist?list=PL7SBzddW7UznrWFBFGTpGR15Vk2-HJGxz\" target=\"_blank\" rel=\"noreferrer noopener\">rese\u00f1a aqu\u00ed<\/a>El jueves se realiz\u00f3 el Lavatorio de Pies con la presencia de maestros, educadores, alumnos de la Guarder\u00eda Padre Eust\u00e1quio y catequistas. La adoraci\u00f3n, transmitida por internet, lleg\u00f3 a los hogares de cientos de personas.<\/p>\n\n\n\n<p>El viernes, adem\u00e1s de la Coronaci\u00f3n de los Siete Dolores, el V\u00eda Crucis por las calles del barrio congreg\u00f3 a decenas de personas. Por la tarde, la celebraci\u00f3n de la Pasi\u00f3n con la iglesia llena tambi\u00e9n conmovi\u00f3 a los participantes, pero la verdadera expectativa era el regreso de la representaci\u00f3n de la Pasi\u00f3n a cargo de los j\u00f3venes de la Parroquia de los Sagrados Corazones. Muchos de los que estaban en la iglesia o la vieron desde casa se conmovieron con el mensaje evang\u00e9lico transmitido durante la obra, que ya ha alcanzado m\u00e1s de 3000 visualizaciones en internet.<\/p>\n\n\n\n<p>El s\u00e1bado se reaviv\u00f3 una antigua tradici\u00f3n de la iglesia Padre Eust\u00e1quio. Unas 100 personas, trabajando juntas, limpiaron la iglesia, prepar\u00e1ndola para la llegada de la Pascua. Por la noche, la bendici\u00f3n del Fuego Nuevo en el Colegio Marista Padre Eust\u00e1quio, la procesi\u00f3n y la Vigilia Pascual en la iglesia tambi\u00e9n revivieron el sentimiento de comunidad unida en torno a la Pascua de Cristo.<\/p>\n\n\n\n<p>Ayer, las cinco misas de Pascua dieron por concluida la Semana Santa presencial. Quienes asistieron a la iglesia o participaron virtualmente a trav\u00e9s del Canal Padre Eust\u00e1quio recibieron la bendici\u00f3n solemne y ahora tienen la misi\u00f3n de llevar a Cristo Resucitado a sus hermanos.<\/p>\n\n\n\n<p><\/p>","protected":false},"excerpt":{"rendered":"<p>Ainda mantendo os cuidados necess\u00e1rios \u00e0 sa\u00fade, muita gente participou da Semana Santa deste ano no Santu\u00e1rio da Sa\u00fade e da Paz. A Igreja do Padre Eust\u00e1quio voltou a viver momentos de reflex\u00e3o, adora\u00e7\u00e3o e ora\u00e7\u00e3o com fi\u00e9is e devotos reunidos entorno da P\u00e1scoa de Cristo. Desde o s\u00e1bado, dia 9, quando a comunidade j\u00e1 celebrava a Santa Missa do Domingo de Ramos com prociss\u00e3o e b\u00ean\u00e7\u00e3o, centenas de pessoas se reuniram para rezar. No domingo, uma verdadeira multid\u00e3o compareceu na missa das 10h cantando e louvando a Deus. Durante o Tr\u00edduo Pascal, v\u00e1rios momentos emocionaram os devotos que compareceram [&hellip;]<\/p>\n","protected":false},"author":2,"featured_media":8485,"comment_status":"open","ping_status":"closed","sticky":false,"template":"","format":"standard","meta":{"_acf_changed":false,"footnotes":""},"categories":[611],"tags":[],"class_list":["post-8482","post","type-post","status-publish","format-standard","has-post-thumbnail","hentry","category-noticias"],"acf":[],"yoast_head":"<!-- This site is optimized with the Yoast SEO plugin v27.2 - https:\/\/yoast.com\/product\/yoast-seo-wordpress\/ -->\n<title>Dois anos depois Igreja do Padre Eust\u00e1quio volta a celebrar a P\u00e1scoa presencialmente<\/title>\n<meta name=\"description\" content=\"Ainda mantendo os cuidados necess\u00e1rios \u00e0 sa\u00fade, muita gente participou da Semana Santa desse ano no Santu\u00e1rio da Sa\u00fade e da Paz. A Igreja do Padre Eust\u00e1quio voltou a viver momentos de reflex\u00e3o, adora\u00e7\u00e3o e ora\u00e7\u00e3o com fi\u00e9is e devotos reunidos entorno da P\u00e1scoa de Cristo.\" \/>\n<meta name=\"robots\" content=\"index, follow, max-snippet:-1, max-image-preview:large, max-video-preview:-1\" \/>\n<link rel=\"canonical\" href=\"https:\/\/www.padreeustaquio.com.br\/es\/dos-anos-despues-la-comunidad-regresa-para-celebrar-la-pascua-presencialmente-en-la-iglesia-del-padre-eustaquio\/\" \/>\n<meta property=\"og:locale\" content=\"es_ES\" \/>\n<meta property=\"og:type\" content=\"article\" \/>\n<meta property=\"og:title\" content=\"Dois anos depois Igreja do Padre Eust\u00e1quio volta a celebrar a P\u00e1scoa presencialmente\" \/>\n<meta property=\"og:description\" content=\"Ainda mantendo os cuidados necess\u00e1rios \u00e0 sa\u00fade, muita gente participou da Semana Santa desse ano no Santu\u00e1rio da Sa\u00fade e da Paz. A Igreja do Padre Eust\u00e1quio voltou a viver momentos de reflex\u00e3o, adora\u00e7\u00e3o e ora\u00e7\u00e3o com fi\u00e9is e devotos reunidos entorno da P\u00e1scoa de Cristo.\" \/>\n<meta property=\"og:url\" content=\"https:\/\/www.padreeustaquio.com.br\/es\/dos-anos-despues-la-comunidad-regresa-para-celebrar-la-pascua-presencialmente-en-la-iglesia-del-padre-eustaquio\/\" \/>\n<meta property=\"og:site_name\" content=\"Padre Eust\u00e1quio\" \/>\n<meta property=\"article:publisher\" content=\"https:\/\/www.facebook.com\/beatopadreeustaquio\/\" \/>\n<meta property=\"article:published_time\" content=\"2022-04-18T08:55:00+00:00\" \/>\n<meta property=\"article:modified_time\" content=\"2022-04-18T13:41:38+00:00\" \/>\n<meta property=\"og:image\" content=\"https:\/\/www.padreeustaquio.com.br\/wp-content\/uploads\/2022\/04\/resumo-sem-santa.jpg\" \/>\n\t<meta property=\"og:image:width\" content=\"748\" \/>\n\t<meta property=\"og:image:height\" content=\"394\" \/>\n\t<meta property=\"og:image:type\" content=\"image\/jpeg\" \/>\n<meta name=\"author\" content=\"@sscc\" \/>\n<meta name=\"twitter:card\" content=\"summary_large_image\" \/>\n<meta name=\"twitter:creator\" content=\"@beatopeustaquio\" \/>\n<meta name=\"twitter:site\" content=\"@beatopeustaquio\" \/>\n<meta name=\"twitter:label1\" content=\"Escrito por\" \/>\n\t<meta name=\"twitter:data1\" content=\"@sscc\" \/>\n\t<meta name=\"twitter:label2\" content=\"Tiempo de lectura\" \/>\n\t<meta name=\"twitter:data2\" content=\"2 minutos\" \/>\n<script type=\"application\/ld+json\" class=\"yoast-schema-graph\">{\"@context\":\"https:\/\/schema.org\",\"@graph\":[{\"@type\":\"Article\",\"@id\":\"https:\/\/www.padreeustaquio.com.br\/dois-anos-depois-comunidade-volta-a-celebrar-a-pascoa-presencialmente-na-igreja-do-padre-eustaquio\/#article\",\"isPartOf\":{\"@id\":\"https:\/\/www.padreeustaquio.com.br\/dois-anos-depois-comunidade-volta-a-celebrar-a-pascoa-presencialmente-na-igreja-do-padre-eustaquio\/\"},\"author\":{\"name\":\"@sscc\",\"@id\":\"https:\/\/www.padreeustaquio.com.br\/#\/schema\/person\/a2a51db1d00f1a7af0204a0f1ddb1566\"},\"headline\":\"Dois anos depois Igreja do Padre Eust\u00e1quio volta a celebrar a P\u00e1scoa presencialmente\",\"datePublished\":\"2022-04-18T08:55:00+00:00\",\"dateModified\":\"2022-04-18T13:41:38+00:00\",\"mainEntityOfPage\":{\"@id\":\"https:\/\/www.padreeustaquio.com.br\/dois-anos-depois-comunidade-volta-a-celebrar-a-pascoa-presencialmente-na-igreja-do-padre-eustaquio\/\"},\"wordCount\":403,\"commentCount\":0,\"publisher\":{\"@id\":\"https:\/\/www.padreeustaquio.com.br\/#organization\"},\"image\":{\"@id\":\"https:\/\/www.padreeustaquio.com.br\/dois-anos-depois-comunidade-volta-a-celebrar-a-pascoa-presencialmente-na-igreja-do-padre-eustaquio\/#primaryimage\"},\"thumbnailUrl\":\"https:\/\/www.padreeustaquio.com.br\/wp-content\/uploads\/2022\/04\/resumo-sem-santa.jpg\",\"articleSection\":[\"Not\u00edcias\"],\"inLanguage\":\"es\",\"potentialAction\":[{\"@type\":\"CommentAction\",\"name\":\"Comment\",\"target\":[\"https:\/\/www.padreeustaquio.com.br\/dois-anos-depois-comunidade-volta-a-celebrar-a-pascoa-presencialmente-na-igreja-do-padre-eustaquio\/#respond\"]}]},{\"@type\":\"WebPage\",\"@id\":\"https:\/\/www.padreeustaquio.com.br\/dois-anos-depois-comunidade-volta-a-celebrar-a-pascoa-presencialmente-na-igreja-do-padre-eustaquio\/\",\"url\":\"https:\/\/www.padreeustaquio.com.br\/dois-anos-depois-comunidade-volta-a-celebrar-a-pascoa-presencialmente-na-igreja-do-padre-eustaquio\/\",\"name\":\"Dois anos depois Igreja do Padre Eust\u00e1quio volta a celebrar a P\u00e1scoa presencialmente\",\"isPartOf\":{\"@id\":\"https:\/\/www.padreeustaquio.com.br\/#website\"},\"primaryImageOfPage\":{\"@id\":\"https:\/\/www.padreeustaquio.com.br\/dois-anos-depois-comunidade-volta-a-celebrar-a-pascoa-presencialmente-na-igreja-do-padre-eustaquio\/#primaryimage\"},\"image\":{\"@id\":\"https:\/\/www.padreeustaquio.com.br\/dois-anos-depois-comunidade-volta-a-celebrar-a-pascoa-presencialmente-na-igreja-do-padre-eustaquio\/#primaryimage\"},\"thumbnailUrl\":\"https:\/\/www.padreeustaquio.com.br\/wp-content\/uploads\/2022\/04\/resumo-sem-santa.jpg\",\"datePublished\":\"2022-04-18T08:55:00+00:00\",\"dateModified\":\"2022-04-18T13:41:38+00:00\",\"description\":\"Ainda mantendo os cuidados necess\u00e1rios \u00e0 sa\u00fade, muita gente participou da Semana Santa desse ano no Santu\u00e1rio da Sa\u00fade e da Paz. A Igreja do Padre Eust\u00e1quio voltou a viver momentos de reflex\u00e3o, adora\u00e7\u00e3o e ora\u00e7\u00e3o com fi\u00e9is e devotos reunidos entorno da P\u00e1scoa de Cristo.\",\"breadcrumb\":{\"@id\":\"https:\/\/www.padreeustaquio.com.br\/dois-anos-depois-comunidade-volta-a-celebrar-a-pascoa-presencialmente-na-igreja-do-padre-eustaquio\/#breadcrumb\"},\"inLanguage\":\"es\",\"potentialAction\":[{\"@type\":\"ReadAction\",\"target\":[\"https:\/\/www.padreeustaquio.com.br\/dois-anos-depois-comunidade-volta-a-celebrar-a-pascoa-presencialmente-na-igreja-do-padre-eustaquio\/\"]}]},{\"@type\":\"ImageObject\",\"inLanguage\":\"es\",\"@id\":\"https:\/\/www.padreeustaquio.com.br\/dois-anos-depois-comunidade-volta-a-celebrar-a-pascoa-presencialmente-na-igreja-do-padre-eustaquio\/#primaryimage\",\"url\":\"https:\/\/www.padreeustaquio.com.br\/wp-content\/uploads\/2022\/04\/resumo-sem-santa.jpg\",\"contentUrl\":\"https:\/\/www.padreeustaquio.com.br\/wp-content\/uploads\/2022\/04\/resumo-sem-santa.jpg\",\"width\":748,\"height\":394},{\"@type\":\"BreadcrumbList\",\"@id\":\"https:\/\/www.padreeustaquio.com.br\/dois-anos-depois-comunidade-volta-a-celebrar-a-pascoa-presencialmente-na-igreja-do-padre-eustaquio\/#breadcrumb\",\"itemListElement\":[{\"@type\":\"ListItem\",\"position\":1,\"name\":\"In\u00edcio\",\"item\":\"https:\/\/www.padreeustaquio.com.br\/\"},{\"@type\":\"ListItem\",\"position\":2,\"name\":\"Dois anos depois Igreja do Padre Eust\u00e1quio volta a celebrar a P\u00e1scoa presencialmente\"}]},{\"@type\":\"WebSite\",\"@id\":\"https:\/\/www.padreeustaquio.com.br\/#website\",\"url\":\"https:\/\/www.padreeustaquio.com.br\/\",\"name\":\"Padre Eust\u00e1quio\",\"description\":\"Sa\u00fade e Paz\",\"publisher\":{\"@id\":\"https:\/\/www.padreeustaquio.com.br\/#organization\"},\"potentialAction\":[{\"@type\":\"SearchAction\",\"target\":{\"@type\":\"EntryPoint\",\"urlTemplate\":\"https:\/\/www.padreeustaquio.com.br\/?s={search_term_string}\"},\"query-input\":{\"@type\":\"PropertyValueSpecification\",\"valueRequired\":true,\"valueName\":\"search_term_string\"}}],\"inLanguage\":\"es\"},{\"@type\":\"Organization\",\"@id\":\"https:\/\/www.padreeustaquio.com.br\/#organization\",\"name\":\"Padre Eust\u00e1quio\",\"url\":\"https:\/\/www.padreeustaquio.com.br\/\",\"logo\":{\"@type\":\"ImageObject\",\"inLanguage\":\"es\",\"@id\":\"https:\/\/www.padreeustaquio.com.br\/#\/schema\/logo\/image\/\",\"url\":\"https:\/\/www.padreeustaquio.com.br\/wp-content\/uploads\/2019\/08\/marca.png\",\"contentUrl\":\"https:\/\/www.padreeustaquio.com.br\/wp-content\/uploads\/2019\/08\/marca.png\",\"width\":350,\"height\":400,\"caption\":\"Padre Eust\u00e1quio\"},\"image\":{\"@id\":\"https:\/\/www.padreeustaquio.com.br\/#\/schema\/logo\/image\/\"},\"sameAs\":[\"https:\/\/www.facebook.com\/beatopadreeustaquio\/\",\"https:\/\/x.com\/beatopeustaquio\",\"https:\/\/www.instagram.com\/beatopadreeustaquio\/\",\"https:\/\/www.youtube.com\/channel\/UCRhw7vfabnajwLxb1ZXMeIw\"]},{\"@type\":\"Person\",\"@id\":\"https:\/\/www.padreeustaquio.com.br\/#\/schema\/person\/a2a51db1d00f1a7af0204a0f1ddb1566\",\"name\":\"@sscc\",\"image\":{\"@type\":\"ImageObject\",\"inLanguage\":\"es\",\"@id\":\"https:\/\/secure.gravatar.com\/avatar\/68cfafa5f44617fea54071e215026e0ff06be366c3d54a8425f04fdcb86f8c5f?s=96&d=mm&r=g\",\"url\":\"https:\/\/secure.gravatar.com\/avatar\/68cfafa5f44617fea54071e215026e0ff06be366c3d54a8425f04fdcb86f8c5f?s=96&d=mm&r=g\",\"contentUrl\":\"https:\/\/secure.gravatar.com\/avatar\/68cfafa5f44617fea54071e215026e0ff06be366c3d54a8425f04fdcb86f8c5f?s=96&d=mm&r=g\",\"caption\":\"@sscc\"},\"url\":\"https:\/\/www.padreeustaquio.com.br\/es\/author\/sscc\/\"}]}<\/script>\n<!-- \/ Yoast SEO plugin. -->","yoast_head_json":{"title":"Dos a\u00f1os despu\u00e9s, la Iglesia Padre Eustaquio volver\u00e1 a celebrar presencialmente la Pascua.","description":"Siguiendo las precauciones sanitarias necesarias, muchas personas participaron en la Semana Santa de este a\u00f1o en el Santuario de la Salud y la Paz. La Iglesia del Padre Eustaquio volvi\u00f3 a vivir momentos de reflexi\u00f3n, adoraci\u00f3n y oraci\u00f3n con fieles y devotos reunidos en torno a las celebraciones de Pascua.","robots":{"index":"index","follow":"follow","max-snippet":"max-snippet:-1","max-image-preview":"max-image-preview:large","max-video-preview":"max-video-preview:-1"},"canonical":"https:\/\/www.padreeustaquio.com.br\/es\/dos-anos-despues-la-comunidad-regresa-para-celebrar-la-pascua-presencialmente-en-la-iglesia-del-padre-eustaquio\/","og_locale":"es_ES","og_type":"article","og_title":"Dois anos depois Igreja do Padre Eust\u00e1quio volta a celebrar a P\u00e1scoa presencialmente","og_description":"Ainda mantendo os cuidados necess\u00e1rios \u00e0 sa\u00fade, muita gente participou da Semana Santa desse ano no Santu\u00e1rio da Sa\u00fade e da Paz. A Igreja do Padre Eust\u00e1quio voltou a viver momentos de reflex\u00e3o, adora\u00e7\u00e3o e ora\u00e7\u00e3o com fi\u00e9is e devotos reunidos entorno da P\u00e1scoa de Cristo.","og_url":"https:\/\/www.padreeustaquio.com.br\/es\/dos-anos-despues-la-comunidad-regresa-para-celebrar-la-pascua-presencialmente-en-la-iglesia-del-padre-eustaquio\/","og_site_name":"Padre Eust\u00e1quio","article_publisher":"https:\/\/www.facebook.com\/beatopadreeustaquio\/","article_published_time":"2022-04-18T08:55:00+00:00","article_modified_time":"2022-04-18T13:41:38+00:00","og_image":[{"width":748,"height":394,"url":"https:\/\/www.padreeustaquio.com.br\/wp-content\/uploads\/2022\/04\/resumo-sem-santa.jpg","type":"image\/jpeg"}],"author":"@sscc","twitter_card":"summary_large_image","twitter_creator":"@beatopeustaquio","twitter_site":"@beatopeustaquio","twitter_misc":{"Escrito por":"@sscc","Tiempo de lectura":"2 minutos"},"schema":{"@context":"https:\/\/schema.org","@graph":[{"@type":"Article","@id":"https:\/\/www.padreeustaquio.com.br\/dois-anos-depois-comunidade-volta-a-celebrar-a-pascoa-presencialmente-na-igreja-do-padre-eustaquio\/#article","isPartOf":{"@id":"https:\/\/www.padreeustaquio.com.br\/dois-anos-depois-comunidade-volta-a-celebrar-a-pascoa-presencialmente-na-igreja-do-padre-eustaquio\/"},"author":{"name":"@sscc","@id":"https:\/\/www.padreeustaquio.com.br\/#\/schema\/person\/a2a51db1d00f1a7af0204a0f1ddb1566"},"headline":"Dois anos depois Igreja do Padre Eust\u00e1quio volta a celebrar a P\u00e1scoa presencialmente","datePublished":"2022-04-18T08:55:00+00:00","dateModified":"2022-04-18T13:41:38+00:00","mainEntityOfPage":{"@id":"https:\/\/www.padreeustaquio.com.br\/dois-anos-depois-comunidade-volta-a-celebrar-a-pascoa-presencialmente-na-igreja-do-padre-eustaquio\/"},"wordCount":403,"commentCount":0,"publisher":{"@id":"https:\/\/www.padreeustaquio.com.br\/#organization"},"image":{"@id":"https:\/\/www.padreeustaquio.com.br\/dois-anos-depois-comunidade-volta-a-celebrar-a-pascoa-presencialmente-na-igreja-do-padre-eustaquio\/#primaryimage"},"thumbnailUrl":"https:\/\/www.padreeustaquio.com.br\/wp-content\/uploads\/2022\/04\/resumo-sem-santa.jpg","articleSection":["Not\u00edcias"],"inLanguage":"es","potentialAction":[{"@type":"CommentAction","name":"Comment","target":["https:\/\/www.padreeustaquio.com.br\/dois-anos-depois-comunidade-volta-a-celebrar-a-pascoa-presencialmente-na-igreja-do-padre-eustaquio\/#respond"]}]},{"@type":"WebPage","@id":"https:\/\/www.padreeustaquio.com.br\/dois-anos-depois-comunidade-volta-a-celebrar-a-pascoa-presencialmente-na-igreja-do-padre-eustaquio\/","url":"https:\/\/www.padreeustaquio.com.br\/dois-anos-depois-comunidade-volta-a-celebrar-a-pascoa-presencialmente-na-igreja-do-padre-eustaquio\/","name":"Dos a\u00f1os despu\u00e9s, la Iglesia Padre Eustaquio volver\u00e1 a celebrar presencialmente la Pascua.","isPartOf":{"@id":"https:\/\/www.padreeustaquio.com.br\/#website"},"primaryImageOfPage":{"@id":"https:\/\/www.padreeustaquio.com.br\/dois-anos-depois-comunidade-volta-a-celebrar-a-pascoa-presencialmente-na-igreja-do-padre-eustaquio\/#primaryimage"},"image":{"@id":"https:\/\/www.padreeustaquio.com.br\/dois-anos-depois-comunidade-volta-a-celebrar-a-pascoa-presencialmente-na-igreja-do-padre-eustaquio\/#primaryimage"},"thumbnailUrl":"https:\/\/www.padreeustaquio.com.br\/wp-content\/uploads\/2022\/04\/resumo-sem-santa.jpg","datePublished":"2022-04-18T08:55:00+00:00","dateModified":"2022-04-18T13:41:38+00:00","description":"Siguiendo las precauciones sanitarias necesarias, muchas personas participaron en la Semana Santa de este a\u00f1o en el Santuario de la Salud y la Paz. La Iglesia del Padre Eustaquio volvi\u00f3 a vivir momentos de reflexi\u00f3n, adoraci\u00f3n y oraci\u00f3n con fieles y devotos reunidos en torno a las celebraciones de Pascua.","breadcrumb":{"@id":"https:\/\/www.padreeustaquio.com.br\/dois-anos-depois-comunidade-volta-a-celebrar-a-pascoa-presencialmente-na-igreja-do-padre-eustaquio\/#breadcrumb"},"inLanguage":"es","potentialAction":[{"@type":"ReadAction","target":["https:\/\/www.padreeustaquio.com.br\/dois-anos-depois-comunidade-volta-a-celebrar-a-pascoa-presencialmente-na-igreja-do-padre-eustaquio\/"]}]},{"@type":"ImageObject","inLanguage":"es","@id":"https:\/\/www.padreeustaquio.com.br\/dois-anos-depois-comunidade-volta-a-celebrar-a-pascoa-presencialmente-na-igreja-do-padre-eustaquio\/#primaryimage","url":"https:\/\/www.padreeustaquio.com.br\/wp-content\/uploads\/2022\/04\/resumo-sem-santa.jpg","contentUrl":"https:\/\/www.padreeustaquio.com.br\/wp-content\/uploads\/2022\/04\/resumo-sem-santa.jpg","width":748,"height":394},{"@type":"BreadcrumbList","@id":"https:\/\/www.padreeustaquio.com.br\/dois-anos-depois-comunidade-volta-a-celebrar-a-pascoa-presencialmente-na-igreja-do-padre-eustaquio\/#breadcrumb","itemListElement":[{"@type":"ListItem","position":1,"name":"In\u00edcio","item":"https:\/\/www.padreeustaquio.com.br\/"},{"@type":"ListItem","position":2,"name":"Dois anos depois Igreja do Padre Eust\u00e1quio volta a celebrar a P\u00e1scoa presencialmente"}]},{"@type":"WebSite","@id":"https:\/\/www.padreeustaquio.com.br\/#website","url":"https:\/\/www.padreeustaquio.com.br\/","name":"Padre Eustace","description":"Salud y Paz","publisher":{"@id":"https:\/\/www.padreeustaquio.com.br\/#organization"},"potentialAction":[{"@type":"SearchAction","target":{"@type":"EntryPoint","urlTemplate":"https:\/\/www.padreeustaquio.com.br\/?s={search_term_string}"},"query-input":{"@type":"PropertyValueSpecification","valueRequired":true,"valueName":"search_term_string"}}],"inLanguage":"es"},{"@type":"Organization","@id":"https:\/\/www.padreeustaquio.com.br\/#organization","name":"Padre Eustace","url":"https:\/\/www.padreeustaquio.com.br\/","logo":{"@type":"ImageObject","inLanguage":"es","@id":"https:\/\/www.padreeustaquio.com.br\/#\/schema\/logo\/image\/","url":"https:\/\/www.padreeustaquio.com.br\/wp-content\/uploads\/2019\/08\/marca.png","contentUrl":"https:\/\/www.padreeustaquio.com.br\/wp-content\/uploads\/2019\/08\/marca.png","width":350,"height":400,"caption":"Padre Eust\u00e1quio"},"image":{"@id":"https:\/\/www.padreeustaquio.com.br\/#\/schema\/logo\/image\/"},"sameAs":["https:\/\/www.facebook.com\/beatopadreeustaquio\/","https:\/\/x.com\/beatopeustaquio","https:\/\/www.instagram.com\/beatopadreeustaquio\/","https:\/\/www.youtube.com\/channel\/UCRhw7vfabnajwLxb1ZXMeIw"]},{"@type":"Person","@id":"https:\/\/www.padreeustaquio.com.br\/#\/schema\/person\/a2a51db1d00f1a7af0204a0f1ddb1566","name":"@sscc","image":{"@type":"ImageObject","inLanguage":"es","@id":"https:\/\/secure.gravatar.com\/avatar\/68cfafa5f44617fea54071e215026e0ff06be366c3d54a8425f04fdcb86f8c5f?s=96&d=mm&r=g","url":"https:\/\/secure.gravatar.com\/avatar\/68cfafa5f44617fea54071e215026e0ff06be366c3d54a8425f04fdcb86f8c5f?s=96&d=mm&r=g","contentUrl":"https:\/\/secure.gravatar.com\/avatar\/68cfafa5f44617fea54071e215026e0ff06be366c3d54a8425f04fdcb86f8c5f?s=96&d=mm&r=g","caption":"@sscc"},"url":"https:\/\/www.padreeustaquio.com.br\/es\/author\/sscc\/"}]}},"_links":{"self":[{"href":"https:\/\/www.padreeustaquio.com.br\/es\/wp-json\/wp\/v2\/posts\/8482","targetHints":{"allow":["GET"]}}],"collection":[{"href":"https:\/\/www.padreeustaquio.com.br\/es\/wp-json\/wp\/v2\/posts"}],"about":[{"href":"https:\/\/www.padreeustaquio.com.br\/es\/wp-json\/wp\/v2\/types\/post"}],"author":[{"embeddable":true,"href":"https:\/\/www.padreeustaquio.com.br\/es\/wp-json\/wp\/v2\/users\/2"}],"replies":[{"embeddable":true,"href":"https:\/\/www.padreeustaquio.com.br\/es\/wp-json\/wp\/v2\/comments?post=8482"}],"version-history":[{"count":0,"href":"https:\/\/www.padreeustaquio.com.br\/es\/wp-json\/wp\/v2\/posts\/8482\/revisions"}],"wp:featuredmedia":[{"embeddable":true,"href":"https:\/\/www.padreeustaquio.com.br\/es\/wp-json\/wp\/v2\/media\/8485"}],"wp:attachment":[{"href":"https:\/\/www.padreeustaquio.com.br\/es\/wp-json\/wp\/v2\/media?parent=8482"}],"wp:term":[{"taxonomy":"category","embeddable":true,"href":"https:\/\/www.padreeustaquio.com.br\/es\/wp-json\/wp\/v2\/categories?post=8482"},{"taxonomy":"post_tag","embeddable":true,"href":"https:\/\/www.padreeustaquio.com.br\/es\/wp-json\/wp\/v2\/tags?post=8482"}],"curies":[{"name":"wp","href":"https:\/\/api.w.org\/{rel}","templated":true}]}}