{"id":8476,"date":"2022-04-16T08:30:00","date_gmt":"2022-04-16T11:30:00","guid":{"rendered":"https:\/\/www.padreeustaquio.com.br\/?p=8476"},"modified":"2022-04-15T09:52:46","modified_gmt":"2022-04-15T12:52:46","slug":"celebre-el-domingo-de-pascua-con-su-familia","status":"publish","type":"post","link":"https:\/\/www.padreeustaquio.com.br\/es\/celebre-el-domingo-de-pascua-con-su-familia\/","title":{"rendered":"Celebre el Domingo de Pascua con su familia."},"content":{"rendered":"<p>En el anuncio de que el Se\u00f1or ha resucitado verdaderamente, la celebraci\u00f3n del Domingo de Pascua nos motiva a alegrarnos y exultar, \u201cporque el Se\u00f1or nos ama, dio su vida por nosotros, para nuestra salvaci\u00f3n\u201d.<\/p>\n\n\n\n<blockquote class=\"wp-block-quote is-layout-flow wp-block-quote-is-layout-flow\"><p>\u201cLa muerte ha sido vencida para siempre; ya no tiene poder sobre nosotros. Aprendamos y practiquemos las ense\u00f1anzas de Jesucristo, quien camin\u00f3 por esta tierra haciendo el bien y amando incondicionalmente.<\/p><\/blockquote>\n\n\n\n<p>Descargue aqu\u00ed la gu\u00eda Celebra en Familia para el Domingo de Ramos. El material es proporcionado por la Comisi\u00f3n Pastoral Episcopal de Liturgia de la Conferencia Nacional de Obispos de Brasil (CNBB).<\/p>\n\n\n\n<p>Si no puede asistir en persona, siga la programaci\u00f3n del Santuario de Salud y Paz en YouTube. Tendremos tres horarios de transmisi\u00f3n para las misas.\u00a0<a href=\"https:\/\/www.youtube.com\/channel\/UCRhw7vfabnajwLxb1ZXMeIw\">Canal Padre Eust\u00e1quio<\/a>. El s\u00e1bado a las 17:00 y el domingo a las 10:00 y 19:00. De esta manera, podemos seguir las celebraciones, viviendo la dignidad del pueblo sacerdotal que nos confiri\u00f3 nuestro bautismo. No solo podemos seguirlas, sino tambi\u00e9n celebrar el Domingo del Se\u00f1or en familia.<\/p>\n\n\n\n<p><a href=\"https:\/\/bit.ly\/cefpascoa\" target=\"_blank\" rel=\"noreferrer noopener\">DESCARGA LA GU\u00cdA DE CELEBRACI\u00d3N FAMILIAR PARA EL DOMINGO DE PASCUA<\/a><\/p>\n\n\n\n<p><\/p>","protected":false},"excerpt":{"rendered":"<p>Na proclama\u00e7\u00e3o que o Senhor ressuscitou verdadeiramente, a celebra\u00e7\u00e3o do Domingo de P\u00e1scoa motiva a nos alegrarmos e exultarmos, \u201cpois o Senhor nos ama, deu sua vida por n\u00f3s, para nossa salva\u00e7\u00e3o\u201d. \u201cA morte foi vencida para sempre, n\u00e3o tem mais poder sobre n\u00f3s. Aprendamos e pratiquemos os ensinamentos de Jesus Cristo que passou nesta terra fazendo o bem e amando incondicionalmente\u201d. Baixe aqui o roteiro Celebrar em Fam\u00edlia para o Domingo de Ramos. O material \u00e9 oferecido pela Comiss\u00e3o Episcopal Pastoral para a Liturgia da Confer\u00eancia Nacional dos Bispos do Brasil (CNBB). Se n\u00e3o puder participar presencialmente, acompanhe pelo [&hellip;]<\/p>\n","protected":false},"author":2,"featured_media":8478,"comment_status":"open","ping_status":"closed","sticky":false,"template":"","format":"standard","meta":{"_acf_changed":false,"footnotes":""},"categories":[611],"tags":[],"class_list":["post-8476","post","type-post","status-publish","format-standard","has-post-thumbnail","hentry","category-noticias"],"acf":[],"yoast_head":"<!-- This site is optimized with the Yoast SEO plugin v27.2 - https:\/\/yoast.com\/product\/yoast-seo-wordpress\/ -->\n<title>Celebre em Fam\u00edlia o Domingo de P\u00e1scoa - Padre Eust\u00e1quio<\/title>\n<meta name=\"description\" content=\"Na proclama\u00e7\u00e3o que o Senhor ressuscitou verdadeiramente, a celebra\u00e7\u00e3o do Domingo de P\u00e1scoa motiva a nos alegrarmos e exultarmos, \u201cpois o Senhor nos ama, deu sua vida por n\u00f3s, para nossa salva\u00e7\u00e3o\u201d\" \/>\n<meta name=\"robots\" content=\"index, follow, max-snippet:-1, max-image-preview:large, max-video-preview:-1\" \/>\n<link rel=\"canonical\" href=\"https:\/\/www.padreeustaquio.com.br\/es\/celebre-el-domingo-de-pascua-con-su-familia\/\" \/>\n<meta property=\"og:locale\" content=\"es_ES\" \/>\n<meta property=\"og:type\" content=\"article\" \/>\n<meta property=\"og:title\" content=\"Celebre em Fam\u00edlia o Domingo de P\u00e1scoa - Padre Eust\u00e1quio\" \/>\n<meta property=\"og:description\" content=\"Na proclama\u00e7\u00e3o que o Senhor ressuscitou verdadeiramente, a celebra\u00e7\u00e3o do Domingo de P\u00e1scoa motiva a nos alegrarmos e exultarmos, \u201cpois o Senhor nos ama, deu sua vida por n\u00f3s, para nossa salva\u00e7\u00e3o\u201d\" \/>\n<meta property=\"og:url\" content=\"https:\/\/www.padreeustaquio.com.br\/es\/celebre-el-domingo-de-pascua-con-su-familia\/\" \/>\n<meta property=\"og:site_name\" content=\"Padre Eust\u00e1quio\" \/>\n<meta property=\"article:publisher\" content=\"https:\/\/www.facebook.com\/beatopadreeustaquio\/\" \/>\n<meta property=\"article:published_time\" content=\"2022-04-16T11:30:00+00:00\" \/>\n<meta property=\"og:image\" content=\"https:\/\/www.padreeustaquio.com.br\/wp-content\/uploads\/2022\/04\/rot-celeb.-dom-pascoa.jpg\" \/>\n\t<meta property=\"og:image:width\" content=\"748\" \/>\n\t<meta property=\"og:image:height\" content=\"394\" \/>\n\t<meta property=\"og:image:type\" content=\"image\/jpeg\" \/>\n<meta name=\"author\" content=\"@sscc\" \/>\n<meta name=\"twitter:card\" content=\"summary_large_image\" \/>\n<meta name=\"twitter:creator\" content=\"@beatopeustaquio\" \/>\n<meta name=\"twitter:site\" content=\"@beatopeustaquio\" \/>\n<meta name=\"twitter:label1\" content=\"Escrito por\" \/>\n\t<meta name=\"twitter:data1\" content=\"@sscc\" \/>\n\t<meta name=\"twitter:label2\" content=\"Tiempo de lectura\" \/>\n\t<meta name=\"twitter:data2\" content=\"1 minuto\" \/>\n<script type=\"application\/ld+json\" class=\"yoast-schema-graph\">{\"@context\":\"https:\/\/schema.org\",\"@graph\":[{\"@type\":\"Article\",\"@id\":\"https:\/\/www.padreeustaquio.com.br\/celebre-em-familia-o-domingo-de-pascoa\/#article\",\"isPartOf\":{\"@id\":\"https:\/\/www.padreeustaquio.com.br\/celebre-em-familia-o-domingo-de-pascoa\/\"},\"author\":{\"name\":\"@sscc\",\"@id\":\"https:\/\/www.padreeustaquio.com.br\/#\/schema\/person\/a2a51db1d00f1a7af0204a0f1ddb1566\"},\"headline\":\"Celebre em Fam\u00edlia o Domingo de P\u00e1scoa\",\"datePublished\":\"2022-04-16T11:30:00+00:00\",\"mainEntityOfPage\":{\"@id\":\"https:\/\/www.padreeustaquio.com.br\/celebre-em-familia-o-domingo-de-pascoa\/\"},\"wordCount\":205,\"commentCount\":0,\"publisher\":{\"@id\":\"https:\/\/www.padreeustaquio.com.br\/#organization\"},\"image\":{\"@id\":\"https:\/\/www.padreeustaquio.com.br\/celebre-em-familia-o-domingo-de-pascoa\/#primaryimage\"},\"thumbnailUrl\":\"https:\/\/www.padreeustaquio.com.br\/wp-content\/uploads\/2022\/04\/rot-celeb.-dom-pascoa.jpg\",\"articleSection\":[\"Not\u00edcias\"],\"inLanguage\":\"es\",\"potentialAction\":[{\"@type\":\"CommentAction\",\"name\":\"Comment\",\"target\":[\"https:\/\/www.padreeustaquio.com.br\/celebre-em-familia-o-domingo-de-pascoa\/#respond\"]}]},{\"@type\":\"WebPage\",\"@id\":\"https:\/\/www.padreeustaquio.com.br\/celebre-em-familia-o-domingo-de-pascoa\/\",\"url\":\"https:\/\/www.padreeustaquio.com.br\/celebre-em-familia-o-domingo-de-pascoa\/\",\"name\":\"Celebre em Fam\u00edlia o Domingo de P\u00e1scoa - Padre Eust\u00e1quio\",\"isPartOf\":{\"@id\":\"https:\/\/www.padreeustaquio.com.br\/#website\"},\"primaryImageOfPage\":{\"@id\":\"https:\/\/www.padreeustaquio.com.br\/celebre-em-familia-o-domingo-de-pascoa\/#primaryimage\"},\"image\":{\"@id\":\"https:\/\/www.padreeustaquio.com.br\/celebre-em-familia-o-domingo-de-pascoa\/#primaryimage\"},\"thumbnailUrl\":\"https:\/\/www.padreeustaquio.com.br\/wp-content\/uploads\/2022\/04\/rot-celeb.-dom-pascoa.jpg\",\"datePublished\":\"2022-04-16T11:30:00+00:00\",\"description\":\"Na proclama\u00e7\u00e3o que o Senhor ressuscitou verdadeiramente, a celebra\u00e7\u00e3o do Domingo de P\u00e1scoa motiva a nos alegrarmos e exultarmos, \u201cpois o Senhor nos ama, deu sua vida por n\u00f3s, para nossa salva\u00e7\u00e3o\u201d\",\"breadcrumb\":{\"@id\":\"https:\/\/www.padreeustaquio.com.br\/celebre-em-familia-o-domingo-de-pascoa\/#breadcrumb\"},\"inLanguage\":\"es\",\"potentialAction\":[{\"@type\":\"ReadAction\",\"target\":[\"https:\/\/www.padreeustaquio.com.br\/celebre-em-familia-o-domingo-de-pascoa\/\"]}]},{\"@type\":\"ImageObject\",\"inLanguage\":\"es\",\"@id\":\"https:\/\/www.padreeustaquio.com.br\/celebre-em-familia-o-domingo-de-pascoa\/#primaryimage\",\"url\":\"https:\/\/www.padreeustaquio.com.br\/wp-content\/uploads\/2022\/04\/rot-celeb.-dom-pascoa.jpg\",\"contentUrl\":\"https:\/\/www.padreeustaquio.com.br\/wp-content\/uploads\/2022\/04\/rot-celeb.-dom-pascoa.jpg\",\"width\":748,\"height\":394},{\"@type\":\"BreadcrumbList\",\"@id\":\"https:\/\/www.padreeustaquio.com.br\/celebre-em-familia-o-domingo-de-pascoa\/#breadcrumb\",\"itemListElement\":[{\"@type\":\"ListItem\",\"position\":1,\"name\":\"In\u00edcio\",\"item\":\"https:\/\/www.padreeustaquio.com.br\/\"},{\"@type\":\"ListItem\",\"position\":2,\"name\":\"Celebre em Fam\u00edlia o Domingo de P\u00e1scoa\"}]},{\"@type\":\"WebSite\",\"@id\":\"https:\/\/www.padreeustaquio.com.br\/#website\",\"url\":\"https:\/\/www.padreeustaquio.com.br\/\",\"name\":\"Padre Eust\u00e1quio\",\"description\":\"Sa\u00fade e Paz\",\"publisher\":{\"@id\":\"https:\/\/www.padreeustaquio.com.br\/#organization\"},\"potentialAction\":[{\"@type\":\"SearchAction\",\"target\":{\"@type\":\"EntryPoint\",\"urlTemplate\":\"https:\/\/www.padreeustaquio.com.br\/?s={search_term_string}\"},\"query-input\":{\"@type\":\"PropertyValueSpecification\",\"valueRequired\":true,\"valueName\":\"search_term_string\"}}],\"inLanguage\":\"es\"},{\"@type\":\"Organization\",\"@id\":\"https:\/\/www.padreeustaquio.com.br\/#organization\",\"name\":\"Padre Eust\u00e1quio\",\"url\":\"https:\/\/www.padreeustaquio.com.br\/\",\"logo\":{\"@type\":\"ImageObject\",\"inLanguage\":\"es\",\"@id\":\"https:\/\/www.padreeustaquio.com.br\/#\/schema\/logo\/image\/\",\"url\":\"https:\/\/www.padreeustaquio.com.br\/wp-content\/uploads\/2019\/08\/marca.png\",\"contentUrl\":\"https:\/\/www.padreeustaquio.com.br\/wp-content\/uploads\/2019\/08\/marca.png\",\"width\":350,\"height\":400,\"caption\":\"Padre Eust\u00e1quio\"},\"image\":{\"@id\":\"https:\/\/www.padreeustaquio.com.br\/#\/schema\/logo\/image\/\"},\"sameAs\":[\"https:\/\/www.facebook.com\/beatopadreeustaquio\/\",\"https:\/\/x.com\/beatopeustaquio\",\"https:\/\/www.instagram.com\/beatopadreeustaquio\/\",\"https:\/\/www.youtube.com\/channel\/UCRhw7vfabnajwLxb1ZXMeIw\"]},{\"@type\":\"Person\",\"@id\":\"https:\/\/www.padreeustaquio.com.br\/#\/schema\/person\/a2a51db1d00f1a7af0204a0f1ddb1566\",\"name\":\"@sscc\",\"image\":{\"@type\":\"ImageObject\",\"inLanguage\":\"es\",\"@id\":\"https:\/\/secure.gravatar.com\/avatar\/68cfafa5f44617fea54071e215026e0ff06be366c3d54a8425f04fdcb86f8c5f?s=96&d=mm&r=g\",\"url\":\"https:\/\/secure.gravatar.com\/avatar\/68cfafa5f44617fea54071e215026e0ff06be366c3d54a8425f04fdcb86f8c5f?s=96&d=mm&r=g\",\"contentUrl\":\"https:\/\/secure.gravatar.com\/avatar\/68cfafa5f44617fea54071e215026e0ff06be366c3d54a8425f04fdcb86f8c5f?s=96&d=mm&r=g\",\"caption\":\"@sscc\"},\"url\":\"https:\/\/www.padreeustaquio.com.br\/es\/author\/sscc\/\"}]}<\/script>\n<!-- \/ Yoast SEO plugin. -->","yoast_head_json":{"title":"Celebre el Domingo de Pascua en Familia - Padre Eust\u00e1quio","description":"En el anuncio de que el Se\u00f1or ha resucitado verdaderamente, la celebraci\u00f3n del Domingo de Pascua nos motiva a alegrarnos y exultar, \u201cporque el Se\u00f1or nos ama, dio su vida por nosotros, para nuestra salvaci\u00f3n\u201d.\u201d","robots":{"index":"index","follow":"follow","max-snippet":"max-snippet:-1","max-image-preview":"max-image-preview:large","max-video-preview":"max-video-preview:-1"},"canonical":"https:\/\/www.padreeustaquio.com.br\/es\/celebre-el-domingo-de-pascua-con-su-familia\/","og_locale":"es_ES","og_type":"article","og_title":"Celebre em Fam\u00edlia o Domingo de P\u00e1scoa - Padre Eust\u00e1quio","og_description":"Na proclama\u00e7\u00e3o que o Senhor ressuscitou verdadeiramente, a celebra\u00e7\u00e3o do Domingo de P\u00e1scoa motiva a nos alegrarmos e exultarmos, \u201cpois o Senhor nos ama, deu sua vida por n\u00f3s, para nossa salva\u00e7\u00e3o\u201d","og_url":"https:\/\/www.padreeustaquio.com.br\/es\/celebre-el-domingo-de-pascua-con-su-familia\/","og_site_name":"Padre Eust\u00e1quio","article_publisher":"https:\/\/www.facebook.com\/beatopadreeustaquio\/","article_published_time":"2022-04-16T11:30:00+00:00","og_image":[{"width":748,"height":394,"url":"https:\/\/www.padreeustaquio.com.br\/wp-content\/uploads\/2022\/04\/rot-celeb.-dom-pascoa.jpg","type":"image\/jpeg"}],"author":"@sscc","twitter_card":"summary_large_image","twitter_creator":"@beatopeustaquio","twitter_site":"@beatopeustaquio","twitter_misc":{"Escrito por":"@sscc","Tiempo de lectura":"1 minuto"},"schema":{"@context":"https:\/\/schema.org","@graph":[{"@type":"Article","@id":"https:\/\/www.padreeustaquio.com.br\/celebre-em-familia-o-domingo-de-pascoa\/#article","isPartOf":{"@id":"https:\/\/www.padreeustaquio.com.br\/celebre-em-familia-o-domingo-de-pascoa\/"},"author":{"name":"@sscc","@id":"https:\/\/www.padreeustaquio.com.br\/#\/schema\/person\/a2a51db1d00f1a7af0204a0f1ddb1566"},"headline":"Celebre em Fam\u00edlia o Domingo de P\u00e1scoa","datePublished":"2022-04-16T11:30:00+00:00","mainEntityOfPage":{"@id":"https:\/\/www.padreeustaquio.com.br\/celebre-em-familia-o-domingo-de-pascoa\/"},"wordCount":205,"commentCount":0,"publisher":{"@id":"https:\/\/www.padreeustaquio.com.br\/#organization"},"image":{"@id":"https:\/\/www.padreeustaquio.com.br\/celebre-em-familia-o-domingo-de-pascoa\/#primaryimage"},"thumbnailUrl":"https:\/\/www.padreeustaquio.com.br\/wp-content\/uploads\/2022\/04\/rot-celeb.-dom-pascoa.jpg","articleSection":["Not\u00edcias"],"inLanguage":"es","potentialAction":[{"@type":"CommentAction","name":"Comment","target":["https:\/\/www.padreeustaquio.com.br\/celebre-em-familia-o-domingo-de-pascoa\/#respond"]}]},{"@type":"WebPage","@id":"https:\/\/www.padreeustaquio.com.br\/celebre-em-familia-o-domingo-de-pascoa\/","url":"https:\/\/www.padreeustaquio.com.br\/celebre-em-familia-o-domingo-de-pascoa\/","name":"Celebre el Domingo de Pascua en Familia - Padre Eust\u00e1quio","isPartOf":{"@id":"https:\/\/www.padreeustaquio.com.br\/#website"},"primaryImageOfPage":{"@id":"https:\/\/www.padreeustaquio.com.br\/celebre-em-familia-o-domingo-de-pascoa\/#primaryimage"},"image":{"@id":"https:\/\/www.padreeustaquio.com.br\/celebre-em-familia-o-domingo-de-pascoa\/#primaryimage"},"thumbnailUrl":"https:\/\/www.padreeustaquio.com.br\/wp-content\/uploads\/2022\/04\/rot-celeb.-dom-pascoa.jpg","datePublished":"2022-04-16T11:30:00+00:00","description":"En el anuncio de que el Se\u00f1or ha resucitado verdaderamente, la celebraci\u00f3n del Domingo de Pascua nos motiva a alegrarnos y exultar, \u201cporque el Se\u00f1or nos ama, dio su vida por nosotros, para nuestra salvaci\u00f3n\u201d.\u201d","breadcrumb":{"@id":"https:\/\/www.padreeustaquio.com.br\/celebre-em-familia-o-domingo-de-pascoa\/#breadcrumb"},"inLanguage":"es","potentialAction":[{"@type":"ReadAction","target":["https:\/\/www.padreeustaquio.com.br\/celebre-em-familia-o-domingo-de-pascoa\/"]}]},{"@type":"ImageObject","inLanguage":"es","@id":"https:\/\/www.padreeustaquio.com.br\/celebre-em-familia-o-domingo-de-pascoa\/#primaryimage","url":"https:\/\/www.padreeustaquio.com.br\/wp-content\/uploads\/2022\/04\/rot-celeb.-dom-pascoa.jpg","contentUrl":"https:\/\/www.padreeustaquio.com.br\/wp-content\/uploads\/2022\/04\/rot-celeb.-dom-pascoa.jpg","width":748,"height":394},{"@type":"BreadcrumbList","@id":"https:\/\/www.padreeustaquio.com.br\/celebre-em-familia-o-domingo-de-pascoa\/#breadcrumb","itemListElement":[{"@type":"ListItem","position":1,"name":"In\u00edcio","item":"https:\/\/www.padreeustaquio.com.br\/"},{"@type":"ListItem","position":2,"name":"Celebre em Fam\u00edlia o Domingo de P\u00e1scoa"}]},{"@type":"WebSite","@id":"https:\/\/www.padreeustaquio.com.br\/#website","url":"https:\/\/www.padreeustaquio.com.br\/","name":"Padre Eustace","description":"Salud y Paz","publisher":{"@id":"https:\/\/www.padreeustaquio.com.br\/#organization"},"potentialAction":[{"@type":"SearchAction","target":{"@type":"EntryPoint","urlTemplate":"https:\/\/www.padreeustaquio.com.br\/?s={search_term_string}"},"query-input":{"@type":"PropertyValueSpecification","valueRequired":true,"valueName":"search_term_string"}}],"inLanguage":"es"},{"@type":"Organization","@id":"https:\/\/www.padreeustaquio.com.br\/#organization","name":"Padre Eustace","url":"https:\/\/www.padreeustaquio.com.br\/","logo":{"@type":"ImageObject","inLanguage":"es","@id":"https:\/\/www.padreeustaquio.com.br\/#\/schema\/logo\/image\/","url":"https:\/\/www.padreeustaquio.com.br\/wp-content\/uploads\/2019\/08\/marca.png","contentUrl":"https:\/\/www.padreeustaquio.com.br\/wp-content\/uploads\/2019\/08\/marca.png","width":350,"height":400,"caption":"Padre Eust\u00e1quio"},"image":{"@id":"https:\/\/www.padreeustaquio.com.br\/#\/schema\/logo\/image\/"},"sameAs":["https:\/\/www.facebook.com\/beatopadreeustaquio\/","https:\/\/x.com\/beatopeustaquio","https:\/\/www.instagram.com\/beatopadreeustaquio\/","https:\/\/www.youtube.com\/channel\/UCRhw7vfabnajwLxb1ZXMeIw"]},{"@type":"Person","@id":"https:\/\/www.padreeustaquio.com.br\/#\/schema\/person\/a2a51db1d00f1a7af0204a0f1ddb1566","name":"@sscc","image":{"@type":"ImageObject","inLanguage":"es","@id":"https:\/\/secure.gravatar.com\/avatar\/68cfafa5f44617fea54071e215026e0ff06be366c3d54a8425f04fdcb86f8c5f?s=96&d=mm&r=g","url":"https:\/\/secure.gravatar.com\/avatar\/68cfafa5f44617fea54071e215026e0ff06be366c3d54a8425f04fdcb86f8c5f?s=96&d=mm&r=g","contentUrl":"https:\/\/secure.gravatar.com\/avatar\/68cfafa5f44617fea54071e215026e0ff06be366c3d54a8425f04fdcb86f8c5f?s=96&d=mm&r=g","caption":"@sscc"},"url":"https:\/\/www.padreeustaquio.com.br\/es\/author\/sscc\/"}]}},"_links":{"self":[{"href":"https:\/\/www.padreeustaquio.com.br\/es\/wp-json\/wp\/v2\/posts\/8476","targetHints":{"allow":["GET"]}}],"collection":[{"href":"https:\/\/www.padreeustaquio.com.br\/es\/wp-json\/wp\/v2\/posts"}],"about":[{"href":"https:\/\/www.padreeustaquio.com.br\/es\/wp-json\/wp\/v2\/types\/post"}],"author":[{"embeddable":true,"href":"https:\/\/www.padreeustaquio.com.br\/es\/wp-json\/wp\/v2\/users\/2"}],"replies":[{"embeddable":true,"href":"https:\/\/www.padreeustaquio.com.br\/es\/wp-json\/wp\/v2\/comments?post=8476"}],"version-history":[{"count":0,"href":"https:\/\/www.padreeustaquio.com.br\/es\/wp-json\/wp\/v2\/posts\/8476\/revisions"}],"wp:featuredmedia":[{"embeddable":true,"href":"https:\/\/www.padreeustaquio.com.br\/es\/wp-json\/wp\/v2\/media\/8478"}],"wp:attachment":[{"href":"https:\/\/www.padreeustaquio.com.br\/es\/wp-json\/wp\/v2\/media?parent=8476"}],"wp:term":[{"taxonomy":"category","embeddable":true,"href":"https:\/\/www.padreeustaquio.com.br\/es\/wp-json\/wp\/v2\/categories?post=8476"},{"taxonomy":"post_tag","embeddable":true,"href":"https:\/\/www.padreeustaquio.com.br\/es\/wp-json\/wp\/v2\/tags?post=8476"}],"curies":[{"name":"wp","href":"https:\/\/api.w.org\/{rel}","templated":true}]}}