{"id":8464,"date":"2022-04-15T05:18:00","date_gmt":"2022-04-15T08:18:00","guid":{"rendered":"https:\/\/www.padreeustaquio.com.br\/?p=8464"},"modified":"2022-04-12T13:29:20","modified_gmt":"2022-04-12T16:29:20","slug":"como-vivir-bien-hoy-viernes-santo","status":"publish","type":"post","link":"https:\/\/www.padreeustaquio.com.br\/es\/como-vivir-bien-hoy-viernes-santo\/","title":{"rendered":"C\u00f3mo vivir bien hoy, Viernes Santo."},"content":{"rendered":"\n<p>Hoje, mais do que nunca, celebramos a nossa Salva\u00e7\u00e3o.\u00a0Sendo o \u00fanico Deus e Senhor, Jesus aceitou sofrer e morrer por n\u00f3s.\u00a0Nossa alma, ent\u00e3o, n\u00e3o tem outra resposta, a n\u00e3o ser amor e gratid\u00e3o. Para melhor viver esse dia, sugerimos<strong>\u00a0<\/strong>5 atitudes, retiradas da Revista Jovens de Maria, da Editora Santu\u00e1rio:<\/p>\n\n\n\n<p><strong>1- Sil\u00eancio<\/strong> &#8211; \u00c9 hora de parar e escutar o Sacrif\u00edcio do Senhor ecoar em nosso cora\u00e7\u00e3o.\u00a0N\u00e3o \u00e9 um dia qualquer, mas o da nossa Salva\u00e7\u00e3o. Vamos pedir perd\u00e3o pelas vezes que escolhemos o pecado e n\u00e3o Jesus,\u00a0pelo bem que n\u00e3o fizemos e pedir perd\u00e3o em repara\u00e7\u00e3o ao Sagrado cora\u00e7\u00e3o de Jesus e o Imaculado cora\u00e7\u00e3o de Maria<strong>.<\/strong><\/p>\n\n\n\n<p><strong>2- Participe da liturgia<\/strong> &#8211; V\u00e1 as celebra\u00e7\u00f5es na sua comunidade ou, se n\u00e3o puder leia a liturgia em casa; pode ser sozinho, com a fam\u00edlia ou participando das celebra\u00e7\u00f5es pela TV ou internet.\u00a0O importante \u00e9\u00a0n\u00e3o se descuidar e ler\/meditar a palavra de Deus.<\/p>\n\n\n\n<p><strong>3- Fa\u00e7a a Via Sacra<\/strong> &#8211; Saiba e Viva as 14 esta\u00e7\u00f5es de Jesus.\u00a0Ela contribui com a nossa busca pela santidade e\u00a0nos faz compreender cada vez mais, que o nosso cora\u00e7\u00e3o \u00e9 d&#8217;Ele e nada pode nos separar.<\/p>\n\n\n\n<p><strong>4- Fa\u00e7a Jejum e Penit\u00eancia<\/strong> &#8211; Fa\u00e7a uma pequena mortifica\u00e7\u00e3o (que n\u00e3o significa passar fome).\u00a0Se abstenha de carne, doces e coma menos nesse dia. Para esse gesto ser ainda mais profundo,\u00a0reverta o valor dessa a\u00e7\u00e3o em doa\u00e7\u00e3o para os que mais precisam.\u00a0<\/p>\n\n\n\n<p><em>\u201cCIC 2043. (&#8230;)\u00a0<strong>observar a abstin\u00eancia e o jejum na quarta-feira de cinzas e na Sexta-feira da Paix\u00e3o<\/strong>\u00a0(cf. C\u00e2n. 1251).\u00a0O quarto preceito [da Igreja]\u00a0<strong>\u2018Guardar abstin\u00eancia e jejuar nos dias determinados pela Igreja\u2019<\/strong>\u00a0assegura os dias de ascese e de penit\u00eancia que<strong>\u00a0nos preparam para as festas lit\u00fargicas e contribuem para nos fazer adquirir dom\u00ednio sobre os nossos instintos e a liberdade do cora\u00e7\u00e3o\u201d\u00a0<\/strong><\/em><\/p>\n\n\n\n<p><strong>5- Agrade\u00e7a<\/strong> &#8211; Agradecer o Sacrif\u00edcio\u00a0de Cristo, tudo o que Ele fez por n\u00f3s.\u00a0O que temos e o que somos tudo \u00e9 gra\u00e7a d&#8217;Ele.\u00a0\u00c9 importante reconhecer<strong>.<\/strong><\/p>\n\n\n\n<p><\/p>\n\n\n\n<p>E caso voc\u00ea tamb\u00e9m queira um modelo de ora\u00e7\u00e3o para se inspirar sugerimos essa do Papa Paulo VI:<\/p>\n\n\n\n<p><em>\u00d3 Esp\u00edrito Santo, dai-me um cora\u00e7\u00e3o grande,<br>aberto \u00e0 vossa silenciosa e forte palavra inspiradora,<br>fechado a todas as ambi\u00e7\u00f5es mesquinhas,<br>alheio a qualquer desprez\u00edvel competi\u00e7\u00e3o humana,<br>compenetrado do sentido da santa Igreja!<br>Um cora\u00e7\u00e3o grande, desejoso de se tornar<br>semelhante ao cora\u00e7\u00e3o do Senhor Jesus!<br>Um cora\u00e7\u00e3o grande e forte para amar a todos,<br>para servir a todos, para sofrer por todos!<br>Um cora\u00e7\u00e3o grande e forte, para superar todas as prova\u00e7\u00f5es,<br>todo t\u00e9dio, todo cansa\u00e7o, toda desilus\u00e3o, toda ofensa!<br>Um cora\u00e7\u00e3o grande e forte, constante at\u00e9 o sacrif\u00edcio, quando for necess\u00e1rio!<br>Um cora\u00e7\u00e3o cuja felicidade \u00e9 palpitar com o cora\u00e7\u00e3o de Cristo e cumprir,<br>humilde, fiel e firmemente a vontade do Pai.<br>Am\u00e9m.<\/em><\/p>\n\n\n\n<p><\/p>\n\n\n\n<p><strong><em>Fonte: <a href=\"https:\/\/www.a12.com\/jovensdemaria\/5-sugestoes-para-viver-a-sexta-feira-santa\" target=\"_blank\" rel=\"noreferrer noopener\">A12.com<\/a> (escrito por Priscila Ferreira)<\/em><\/strong><\/p>\n","protected":false},"excerpt":{"rendered":"<p>Hoje, mais do que nunca, celebramos a nossa Salva\u00e7\u00e3o.\u00a0Sendo o \u00fanico Deus e Senhor, Jesus aceitou sofrer e morrer por n\u00f3s.\u00a0Nossa alma, ent\u00e3o, n\u00e3o tem outra resposta, a n\u00e3o ser amor e gratid\u00e3o. Para melhor viver esse dia, sugerimos\u00a05 atitudes, retiradas da Revista Jovens de Maria, da Editora Santu\u00e1rio: 1- Sil\u00eancio &#8211; \u00c9 hora de parar e escutar o Sacrif\u00edcio do Senhor ecoar em nosso cora\u00e7\u00e3o.\u00a0N\u00e3o \u00e9 um dia qualquer, mas o da nossa Salva\u00e7\u00e3o. Vamos pedir perd\u00e3o pelas vezes que escolhemos o pecado e n\u00e3o Jesus,\u00a0pelo bem que n\u00e3o fizemos e pedir perd\u00e3o em repara\u00e7\u00e3o ao Sagrado cora\u00e7\u00e3o de [&hellip;]<\/p>\n","protected":false},"author":2,"featured_media":8465,"comment_status":"open","ping_status":"closed","sticky":false,"template":"","format":"standard","meta":{"_acf_changed":false,"footnotes":""},"categories":[611],"tags":[],"class_list":["post-8464","post","type-post","status-publish","format-standard","has-post-thumbnail","hentry","category-noticias"],"acf":[],"yoast_head":"<!-- This site is optimized with the Yoast SEO plugin v27.2 - https:\/\/yoast.com\/product\/yoast-seo-wordpress\/ -->\n<title>Como viver bem o dia de hoje, a Sexta-feira Santa - Padre Eust\u00e1quio<\/title>\n<meta name=\"description\" content=\"Hoje, mais do que nunca, celebramos a nossa Salva\u00e7\u00e3o.\u00a0Sendo o \u00fanico Deus e Senhor, Jesus aceitou sofrer e morrer por n\u00f3s.\u00a0Nossa alma, ent\u00e3o, n\u00e3o tem outra resposta, a n\u00e3o ser amor e gratid\u00e3o. Para melhor viver esse dia, sugerimos\u00a05 atitudes, retiradas da Revista Jovens de Maria, da Editora Santu\u00e1rio.\" \/>\n<meta name=\"robots\" content=\"index, follow, max-snippet:-1, max-image-preview:large, max-video-preview:-1\" \/>\n<link rel=\"canonical\" href=\"https:\/\/www.padreeustaquio.com.br\/es\/como-vivir-bien-hoy-viernes-santo\/\" \/>\n<meta property=\"og:locale\" content=\"es_ES\" \/>\n<meta property=\"og:type\" content=\"article\" \/>\n<meta property=\"og:title\" content=\"Como viver bem o dia de hoje, a Sexta-feira Santa - Padre Eust\u00e1quio\" \/>\n<meta property=\"og:description\" content=\"Hoje, mais do que nunca, celebramos a nossa Salva\u00e7\u00e3o.\u00a0Sendo o \u00fanico Deus e Senhor, Jesus aceitou sofrer e morrer por n\u00f3s.\u00a0Nossa alma, ent\u00e3o, n\u00e3o tem outra resposta, a n\u00e3o ser amor e gratid\u00e3o. Para melhor viver esse dia, sugerimos\u00a05 atitudes, retiradas da Revista Jovens de Maria, da Editora Santu\u00e1rio.\" \/>\n<meta property=\"og:url\" content=\"https:\/\/www.padreeustaquio.com.br\/es\/como-vivir-bien-hoy-viernes-santo\/\" \/>\n<meta property=\"og:site_name\" content=\"Padre Eust\u00e1quio\" \/>\n<meta property=\"article:publisher\" content=\"https:\/\/www.facebook.com\/beatopadreeustaquio\/\" \/>\n<meta property=\"article:published_time\" content=\"2022-04-15T08:18:00+00:00\" \/>\n<meta property=\"og:image\" content=\"https:\/\/www.padreeustaquio.com.br\/wp-content\/uploads\/2022\/04\/sexta-da-paixao.jpg\" \/>\n\t<meta property=\"og:image:width\" content=\"748\" \/>\n\t<meta property=\"og:image:height\" content=\"394\" \/>\n\t<meta property=\"og:image:type\" content=\"image\/jpeg\" \/>\n<meta name=\"author\" content=\"@sscc\" \/>\n<meta name=\"twitter:card\" content=\"summary_large_image\" \/>\n<meta name=\"twitter:creator\" content=\"@beatopeustaquio\" \/>\n<meta name=\"twitter:site\" content=\"@beatopeustaquio\" \/>\n<meta name=\"twitter:label1\" content=\"Escrito por\" \/>\n\t<meta name=\"twitter:data1\" content=\"@sscc\" \/>\n\t<meta name=\"twitter:label2\" content=\"Tiempo de lectura\" \/>\n\t<meta name=\"twitter:data2\" content=\"3 minutos\" \/>\n<script type=\"application\/ld+json\" class=\"yoast-schema-graph\">{\"@context\":\"https:\/\/schema.org\",\"@graph\":[{\"@type\":\"Article\",\"@id\":\"https:\/\/www.padreeustaquio.com.br\/como-viver-bem-o-dia-de-hoje-a-sexta-feira-santa\/#article\",\"isPartOf\":{\"@id\":\"https:\/\/www.padreeustaquio.com.br\/como-viver-bem-o-dia-de-hoje-a-sexta-feira-santa\/\"},\"author\":{\"name\":\"@sscc\",\"@id\":\"https:\/\/www.padreeustaquio.com.br\/#\/schema\/person\/a2a51db1d00f1a7af0204a0f1ddb1566\"},\"headline\":\"Como viver bem o dia de hoje, a Sexta-feira Santa\",\"datePublished\":\"2022-04-15T08:18:00+00:00\",\"mainEntityOfPage\":{\"@id\":\"https:\/\/www.padreeustaquio.com.br\/como-viver-bem-o-dia-de-hoje-a-sexta-feira-santa\/\"},\"wordCount\":542,\"commentCount\":0,\"publisher\":{\"@id\":\"https:\/\/www.padreeustaquio.com.br\/#organization\"},\"image\":{\"@id\":\"https:\/\/www.padreeustaquio.com.br\/como-viver-bem-o-dia-de-hoje-a-sexta-feira-santa\/#primaryimage\"},\"thumbnailUrl\":\"https:\/\/www.padreeustaquio.com.br\/wp-content\/uploads\/2022\/04\/sexta-da-paixao.jpg\",\"articleSection\":[\"Not\u00edcias\"],\"inLanguage\":\"es\",\"potentialAction\":[{\"@type\":\"CommentAction\",\"name\":\"Comment\",\"target\":[\"https:\/\/www.padreeustaquio.com.br\/como-viver-bem-o-dia-de-hoje-a-sexta-feira-santa\/#respond\"]}]},{\"@type\":\"WebPage\",\"@id\":\"https:\/\/www.padreeustaquio.com.br\/como-viver-bem-o-dia-de-hoje-a-sexta-feira-santa\/\",\"url\":\"https:\/\/www.padreeustaquio.com.br\/como-viver-bem-o-dia-de-hoje-a-sexta-feira-santa\/\",\"name\":\"Como viver bem o dia de hoje, a Sexta-feira Santa - Padre Eust\u00e1quio\",\"isPartOf\":{\"@id\":\"https:\/\/www.padreeustaquio.com.br\/#website\"},\"primaryImageOfPage\":{\"@id\":\"https:\/\/www.padreeustaquio.com.br\/como-viver-bem-o-dia-de-hoje-a-sexta-feira-santa\/#primaryimage\"},\"image\":{\"@id\":\"https:\/\/www.padreeustaquio.com.br\/como-viver-bem-o-dia-de-hoje-a-sexta-feira-santa\/#primaryimage\"},\"thumbnailUrl\":\"https:\/\/www.padreeustaquio.com.br\/wp-content\/uploads\/2022\/04\/sexta-da-paixao.jpg\",\"datePublished\":\"2022-04-15T08:18:00+00:00\",\"description\":\"Hoje, mais do que nunca, celebramos a nossa Salva\u00e7\u00e3o.\u00a0Sendo o \u00fanico Deus e Senhor, Jesus aceitou sofrer e morrer por n\u00f3s.\u00a0Nossa alma, ent\u00e3o, n\u00e3o tem outra resposta, a n\u00e3o ser amor e gratid\u00e3o. Para melhor viver esse dia, sugerimos\u00a05 atitudes, retiradas da Revista Jovens de Maria, da Editora Santu\u00e1rio.\",\"breadcrumb\":{\"@id\":\"https:\/\/www.padreeustaquio.com.br\/como-viver-bem-o-dia-de-hoje-a-sexta-feira-santa\/#breadcrumb\"},\"inLanguage\":\"es\",\"potentialAction\":[{\"@type\":\"ReadAction\",\"target\":[\"https:\/\/www.padreeustaquio.com.br\/como-viver-bem-o-dia-de-hoje-a-sexta-feira-santa\/\"]}]},{\"@type\":\"ImageObject\",\"inLanguage\":\"es\",\"@id\":\"https:\/\/www.padreeustaquio.com.br\/como-viver-bem-o-dia-de-hoje-a-sexta-feira-santa\/#primaryimage\",\"url\":\"https:\/\/www.padreeustaquio.com.br\/wp-content\/uploads\/2022\/04\/sexta-da-paixao.jpg\",\"contentUrl\":\"https:\/\/www.padreeustaquio.com.br\/wp-content\/uploads\/2022\/04\/sexta-da-paixao.jpg\",\"width\":748,\"height\":394},{\"@type\":\"BreadcrumbList\",\"@id\":\"https:\/\/www.padreeustaquio.com.br\/como-viver-bem-o-dia-de-hoje-a-sexta-feira-santa\/#breadcrumb\",\"itemListElement\":[{\"@type\":\"ListItem\",\"position\":1,\"name\":\"In\u00edcio\",\"item\":\"https:\/\/www.padreeustaquio.com.br\/\"},{\"@type\":\"ListItem\",\"position\":2,\"name\":\"Como viver bem o dia de hoje, a Sexta-feira Santa\"}]},{\"@type\":\"WebSite\",\"@id\":\"https:\/\/www.padreeustaquio.com.br\/#website\",\"url\":\"https:\/\/www.padreeustaquio.com.br\/\",\"name\":\"Padre Eust\u00e1quio\",\"description\":\"Sa\u00fade e Paz\",\"publisher\":{\"@id\":\"https:\/\/www.padreeustaquio.com.br\/#organization\"},\"potentialAction\":[{\"@type\":\"SearchAction\",\"target\":{\"@type\":\"EntryPoint\",\"urlTemplate\":\"https:\/\/www.padreeustaquio.com.br\/?s={search_term_string}\"},\"query-input\":{\"@type\":\"PropertyValueSpecification\",\"valueRequired\":true,\"valueName\":\"search_term_string\"}}],\"inLanguage\":\"es\"},{\"@type\":\"Organization\",\"@id\":\"https:\/\/www.padreeustaquio.com.br\/#organization\",\"name\":\"Padre Eust\u00e1quio\",\"url\":\"https:\/\/www.padreeustaquio.com.br\/\",\"logo\":{\"@type\":\"ImageObject\",\"inLanguage\":\"es\",\"@id\":\"https:\/\/www.padreeustaquio.com.br\/#\/schema\/logo\/image\/\",\"url\":\"https:\/\/www.padreeustaquio.com.br\/wp-content\/uploads\/2019\/08\/marca.png\",\"contentUrl\":\"https:\/\/www.padreeustaquio.com.br\/wp-content\/uploads\/2019\/08\/marca.png\",\"width\":350,\"height\":400,\"caption\":\"Padre Eust\u00e1quio\"},\"image\":{\"@id\":\"https:\/\/www.padreeustaquio.com.br\/#\/schema\/logo\/image\/\"},\"sameAs\":[\"https:\/\/www.facebook.com\/beatopadreeustaquio\/\",\"https:\/\/x.com\/beatopeustaquio\",\"https:\/\/www.instagram.com\/beatopadreeustaquio\/\",\"https:\/\/www.youtube.com\/channel\/UCRhw7vfabnajwLxb1ZXMeIw\"]},{\"@type\":\"Person\",\"@id\":\"https:\/\/www.padreeustaquio.com.br\/#\/schema\/person\/a2a51db1d00f1a7af0204a0f1ddb1566\",\"name\":\"@sscc\",\"image\":{\"@type\":\"ImageObject\",\"inLanguage\":\"es\",\"@id\":\"https:\/\/secure.gravatar.com\/avatar\/68cfafa5f44617fea54071e215026e0ff06be366c3d54a8425f04fdcb86f8c5f?s=96&d=mm&r=g\",\"url\":\"https:\/\/secure.gravatar.com\/avatar\/68cfafa5f44617fea54071e215026e0ff06be366c3d54a8425f04fdcb86f8c5f?s=96&d=mm&r=g\",\"contentUrl\":\"https:\/\/secure.gravatar.com\/avatar\/68cfafa5f44617fea54071e215026e0ff06be366c3d54a8425f04fdcb86f8c5f?s=96&d=mm&r=g\",\"caption\":\"@sscc\"},\"url\":\"https:\/\/www.padreeustaquio.com.br\/es\/author\/sscc\/\"}]}<\/script>\n<!-- \/ Yoast SEO plugin. -->","yoast_head_json":{"title":"C\u00f3mo vivir bien hoy, Viernes Santo - Padre Eust\u00e1quio","description":"Hoy, m\u00e1s que nunca, celebramos nuestra Salvaci\u00f3n. Siendo el \u00fanico Dios y Se\u00f1or verdadero, Jes\u00fas acept\u00f3 el sufrimiento y la muerte por nosotros. Nuestras almas, por lo tanto, no tienen otra respuesta que el amor y la gratitud. Para vivir mejor este d\u00eda, sugerimos cinco actitudes, tomadas de la revista &quot;J\u00f3venes de Mar\u00eda&quot;, publicada por Editora Santu\u00e1rio.","robots":{"index":"index","follow":"follow","max-snippet":"max-snippet:-1","max-image-preview":"max-image-preview:large","max-video-preview":"max-video-preview:-1"},"canonical":"https:\/\/www.padreeustaquio.com.br\/es\/como-vivir-bien-hoy-viernes-santo\/","og_locale":"es_ES","og_type":"article","og_title":"Como viver bem o dia de hoje, a Sexta-feira Santa - Padre Eust\u00e1quio","og_description":"Hoje, mais do que nunca, celebramos a nossa Salva\u00e7\u00e3o.\u00a0Sendo o \u00fanico Deus e Senhor, Jesus aceitou sofrer e morrer por n\u00f3s.\u00a0Nossa alma, ent\u00e3o, n\u00e3o tem outra resposta, a n\u00e3o ser amor e gratid\u00e3o. Para melhor viver esse dia, sugerimos\u00a05 atitudes, retiradas da Revista Jovens de Maria, da Editora Santu\u00e1rio.","og_url":"https:\/\/www.padreeustaquio.com.br\/es\/como-vivir-bien-hoy-viernes-santo\/","og_site_name":"Padre Eust\u00e1quio","article_publisher":"https:\/\/www.facebook.com\/beatopadreeustaquio\/","article_published_time":"2022-04-15T08:18:00+00:00","og_image":[{"width":748,"height":394,"url":"https:\/\/www.padreeustaquio.com.br\/wp-content\/uploads\/2022\/04\/sexta-da-paixao.jpg","type":"image\/jpeg"}],"author":"@sscc","twitter_card":"summary_large_image","twitter_creator":"@beatopeustaquio","twitter_site":"@beatopeustaquio","twitter_misc":{"Escrito por":"@sscc","Tiempo de lectura":"3 minutos"},"schema":{"@context":"https:\/\/schema.org","@graph":[{"@type":"Article","@id":"https:\/\/www.padreeustaquio.com.br\/como-viver-bem-o-dia-de-hoje-a-sexta-feira-santa\/#article","isPartOf":{"@id":"https:\/\/www.padreeustaquio.com.br\/como-viver-bem-o-dia-de-hoje-a-sexta-feira-santa\/"},"author":{"name":"@sscc","@id":"https:\/\/www.padreeustaquio.com.br\/#\/schema\/person\/a2a51db1d00f1a7af0204a0f1ddb1566"},"headline":"Como viver bem o dia de hoje, a Sexta-feira Santa","datePublished":"2022-04-15T08:18:00+00:00","mainEntityOfPage":{"@id":"https:\/\/www.padreeustaquio.com.br\/como-viver-bem-o-dia-de-hoje-a-sexta-feira-santa\/"},"wordCount":542,"commentCount":0,"publisher":{"@id":"https:\/\/www.padreeustaquio.com.br\/#organization"},"image":{"@id":"https:\/\/www.padreeustaquio.com.br\/como-viver-bem-o-dia-de-hoje-a-sexta-feira-santa\/#primaryimage"},"thumbnailUrl":"https:\/\/www.padreeustaquio.com.br\/wp-content\/uploads\/2022\/04\/sexta-da-paixao.jpg","articleSection":["Not\u00edcias"],"inLanguage":"es","potentialAction":[{"@type":"CommentAction","name":"Comment","target":["https:\/\/www.padreeustaquio.com.br\/como-viver-bem-o-dia-de-hoje-a-sexta-feira-santa\/#respond"]}]},{"@type":"WebPage","@id":"https:\/\/www.padreeustaquio.com.br\/como-viver-bem-o-dia-de-hoje-a-sexta-feira-santa\/","url":"https:\/\/www.padreeustaquio.com.br\/como-viver-bem-o-dia-de-hoje-a-sexta-feira-santa\/","name":"C\u00f3mo vivir bien hoy, Viernes Santo - Padre Eust\u00e1quio","isPartOf":{"@id":"https:\/\/www.padreeustaquio.com.br\/#website"},"primaryImageOfPage":{"@id":"https:\/\/www.padreeustaquio.com.br\/como-viver-bem-o-dia-de-hoje-a-sexta-feira-santa\/#primaryimage"},"image":{"@id":"https:\/\/www.padreeustaquio.com.br\/como-viver-bem-o-dia-de-hoje-a-sexta-feira-santa\/#primaryimage"},"thumbnailUrl":"https:\/\/www.padreeustaquio.com.br\/wp-content\/uploads\/2022\/04\/sexta-da-paixao.jpg","datePublished":"2022-04-15T08:18:00+00:00","description":"Hoy, m\u00e1s que nunca, celebramos nuestra Salvaci\u00f3n. Siendo el \u00fanico Dios y Se\u00f1or verdadero, Jes\u00fas acept\u00f3 el sufrimiento y la muerte por nosotros. Nuestras almas, por lo tanto, no tienen otra respuesta que el amor y la gratitud. Para vivir mejor este d\u00eda, sugerimos cinco actitudes, tomadas de la revista &quot;J\u00f3venes de Mar\u00eda&quot;, publicada por Editora Santu\u00e1rio.","breadcrumb":{"@id":"https:\/\/www.padreeustaquio.com.br\/como-viver-bem-o-dia-de-hoje-a-sexta-feira-santa\/#breadcrumb"},"inLanguage":"es","potentialAction":[{"@type":"ReadAction","target":["https:\/\/www.padreeustaquio.com.br\/como-viver-bem-o-dia-de-hoje-a-sexta-feira-santa\/"]}]},{"@type":"ImageObject","inLanguage":"es","@id":"https:\/\/www.padreeustaquio.com.br\/como-viver-bem-o-dia-de-hoje-a-sexta-feira-santa\/#primaryimage","url":"https:\/\/www.padreeustaquio.com.br\/wp-content\/uploads\/2022\/04\/sexta-da-paixao.jpg","contentUrl":"https:\/\/www.padreeustaquio.com.br\/wp-content\/uploads\/2022\/04\/sexta-da-paixao.jpg","width":748,"height":394},{"@type":"BreadcrumbList","@id":"https:\/\/www.padreeustaquio.com.br\/como-viver-bem-o-dia-de-hoje-a-sexta-feira-santa\/#breadcrumb","itemListElement":[{"@type":"ListItem","position":1,"name":"In\u00edcio","item":"https:\/\/www.padreeustaquio.com.br\/"},{"@type":"ListItem","position":2,"name":"Como viver bem o dia de hoje, a Sexta-feira Santa"}]},{"@type":"WebSite","@id":"https:\/\/www.padreeustaquio.com.br\/#website","url":"https:\/\/www.padreeustaquio.com.br\/","name":"Padre Eustace","description":"Salud y Paz","publisher":{"@id":"https:\/\/www.padreeustaquio.com.br\/#organization"},"potentialAction":[{"@type":"SearchAction","target":{"@type":"EntryPoint","urlTemplate":"https:\/\/www.padreeustaquio.com.br\/?s={search_term_string}"},"query-input":{"@type":"PropertyValueSpecification","valueRequired":true,"valueName":"search_term_string"}}],"inLanguage":"es"},{"@type":"Organization","@id":"https:\/\/www.padreeustaquio.com.br\/#organization","name":"Padre Eustace","url":"https:\/\/www.padreeustaquio.com.br\/","logo":{"@type":"ImageObject","inLanguage":"es","@id":"https:\/\/www.padreeustaquio.com.br\/#\/schema\/logo\/image\/","url":"https:\/\/www.padreeustaquio.com.br\/wp-content\/uploads\/2019\/08\/marca.png","contentUrl":"https:\/\/www.padreeustaquio.com.br\/wp-content\/uploads\/2019\/08\/marca.png","width":350,"height":400,"caption":"Padre Eust\u00e1quio"},"image":{"@id":"https:\/\/www.padreeustaquio.com.br\/#\/schema\/logo\/image\/"},"sameAs":["https:\/\/www.facebook.com\/beatopadreeustaquio\/","https:\/\/x.com\/beatopeustaquio","https:\/\/www.instagram.com\/beatopadreeustaquio\/","https:\/\/www.youtube.com\/channel\/UCRhw7vfabnajwLxb1ZXMeIw"]},{"@type":"Person","@id":"https:\/\/www.padreeustaquio.com.br\/#\/schema\/person\/a2a51db1d00f1a7af0204a0f1ddb1566","name":"@sscc","image":{"@type":"ImageObject","inLanguage":"es","@id":"https:\/\/secure.gravatar.com\/avatar\/68cfafa5f44617fea54071e215026e0ff06be366c3d54a8425f04fdcb86f8c5f?s=96&d=mm&r=g","url":"https:\/\/secure.gravatar.com\/avatar\/68cfafa5f44617fea54071e215026e0ff06be366c3d54a8425f04fdcb86f8c5f?s=96&d=mm&r=g","contentUrl":"https:\/\/secure.gravatar.com\/avatar\/68cfafa5f44617fea54071e215026e0ff06be366c3d54a8425f04fdcb86f8c5f?s=96&d=mm&r=g","caption":"@sscc"},"url":"https:\/\/www.padreeustaquio.com.br\/es\/author\/sscc\/"}]}},"_links":{"self":[{"href":"https:\/\/www.padreeustaquio.com.br\/es\/wp-json\/wp\/v2\/posts\/8464","targetHints":{"allow":["GET"]}}],"collection":[{"href":"https:\/\/www.padreeustaquio.com.br\/es\/wp-json\/wp\/v2\/posts"}],"about":[{"href":"https:\/\/www.padreeustaquio.com.br\/es\/wp-json\/wp\/v2\/types\/post"}],"author":[{"embeddable":true,"href":"https:\/\/www.padreeustaquio.com.br\/es\/wp-json\/wp\/v2\/users\/2"}],"replies":[{"embeddable":true,"href":"https:\/\/www.padreeustaquio.com.br\/es\/wp-json\/wp\/v2\/comments?post=8464"}],"version-history":[{"count":0,"href":"https:\/\/www.padreeustaquio.com.br\/es\/wp-json\/wp\/v2\/posts\/8464\/revisions"}],"wp:featuredmedia":[{"embeddable":true,"href":"https:\/\/www.padreeustaquio.com.br\/es\/wp-json\/wp\/v2\/media\/8465"}],"wp:attachment":[{"href":"https:\/\/www.padreeustaquio.com.br\/es\/wp-json\/wp\/v2\/media?parent=8464"}],"wp:term":[{"taxonomy":"category","embeddable":true,"href":"https:\/\/www.padreeustaquio.com.br\/es\/wp-json\/wp\/v2\/categories?post=8464"},{"taxonomy":"post_tag","embeddable":true,"href":"https:\/\/www.padreeustaquio.com.br\/es\/wp-json\/wp\/v2\/tags?post=8464"}],"curies":[{"name":"wp","href":"https:\/\/api.w.org\/{rel}","templated":true}]}}