{"id":8461,"date":"2022-04-14T06:11:00","date_gmt":"2022-04-14T09:11:00","guid":{"rendered":"https:\/\/www.padreeustaquio.com.br\/?p=8461"},"modified":"2022-04-12T13:17:32","modified_gmt":"2022-04-12T16:17:32","slug":"participa-en-el-triduo-pascual-que-comienza-hoy","status":"publish","type":"post","link":"https:\/\/www.padreeustaquio.com.br\/es\/participa-en-el-triduo-pascual-que-comienza-hoy\/","title":{"rendered":"Participa en el Triduo Pascual que comienza hoy."},"content":{"rendered":"<p>Este jueves, los cat\u00f3licos de todo el mundo comienzan la celebraci\u00f3n del Triduo Pascual, es decir, el per\u00edodo que va desde la tarde del Jueves Santo hasta la ma\u00f1ana del Domingo de Pascua. Pero \u00bfqu\u00e9 significa este per\u00edodo? El presidente de la Comisi\u00f3n Pastoral Episcopal de Liturgia de la Conferencia Nacional de Obispos de Brasil (CNBB), obispo Armando Bucciol, explica que el Triduo Pascual comprende tres momentos en una sola celebraci\u00f3n.<\/p>\n\n\n\n<p><strong>Jueves Santo<\/strong><\/p>\n\n\n\n<p>\u201cComenzamos con la celebraci\u00f3n de la Cena Pascual el jueves por la noche, en la que conmemoramos la gran cena de despedida, que, seg\u00fan el evangelista Juan, comienza con el gesto del lavatorio de los pies. Cristo manifiesta su voluntad de amar hasta el extremo; se considera siervo de la humanidad.<\/p>\n\n\n\n<p><strong>Viernes Santo<\/strong><\/p>\n\n\n\n<p>\u201cTras la cena pascual, con la celebraci\u00f3n de la Eucarist\u00eda, memoria viva del mayor misterio del amor de Dios, del sacrificio de Cristo hasta el final, el Viernes Santo celebramos este sobrio rito de intensa espiritualidad sobre la muerte del Se\u00f1or. Ese d\u00eda, la Iglesia no celebra la Eucarist\u00eda, sino que invita a sus fieles a contemplar a Cristo crucificado, que muere en la cruz. \u00c9l nos am\u00f3 hasta dar la \u00faltima gota de su sangre.<\/p>\n\n\n\n<p><strong>S\u00e1bado Santo<\/strong><\/p>\n\n\n\n<p>\u201cTras el silencio del S\u00e1bado Santo, en el que la Iglesia medita y reflexiona sobre Cristo muerto, llegamos a la noche de la Vigilia Pascual, en la que celebramos la victoria de Cristo sobre la muerte. La muerte ha sido vencida, y la Iglesia vibra y renueva su fe, su esperanza en una plenitud vivida de cumplimiento que Cristo ya sembr\u00f3, plant\u00f3 en la tierra, y que se realizar\u00e1 plenamente al final de los tiempos. La Vigilia Pascual concluye el Triduo Pascual.<\/p>\n\n\n\n<p><strong>\u00a1Planifique con anticipaci\u00f3n y participe!<\/strong><\/p>\n\n\n\n<p>En la Iglesia del Padre Eust\u00e1quio, los devotos podr\u00e1n vivir intensamente estos momentos. Quienes no puedan asistir presencialmente podr\u00e1n seguir la transmisi\u00f3n por el Canal del Padre Eust\u00e1quio, que transmitir\u00e1 todas las celebraciones. Consulte la programaci\u00f3n:<\/p>\n\n\n\n<p>El jueves a las 19:00 h en el Santuario, se celebrar\u00e1 la Misa del Lavatorio de Pies y la Instituci\u00f3n de la Eucarist\u00eda. A continuaci\u00f3n, una peque\u00f1a procesi\u00f3n llevar\u00e1 el Sant\u00edsimo Sacramento al Centro Comunitario, donde la congregaci\u00f3n participar\u00e1 en la Adoraci\u00f3n hasta la medianoche. La Adoraci\u00f3n se transmitir\u00e1 por el Canal Padre Eustaquio hasta las 22:00 h.<\/p>\n\n\n\n<p>El d\u00eda comienza temprano el Viernes Santo (15). A las 7:00 h se realizar\u00e1 el tradicional V\u00eda Crucis por las calles del barrio. Comenzar\u00e1 en la esquina de las calles Vila Rica y Par\u00e1 de Minas. Al mediod\u00eda se celebrar\u00e1 el Serm\u00f3n de las Siete \u00daltimas Palabras en la Iglesia Padre Eust\u00e1quio. A las 15:00 h se realizar\u00e1 una Solemne Acci\u00f3n Lit\u00fargica con la celebraci\u00f3n de la Pasi\u00f3n y Muerte de Jes\u00fas, y a las 19:00 h, los j\u00f3venes recrear\u00e1n la Pasi\u00f3n de Cristo, tambi\u00e9n dentro de la iglesia. Posteriormente, se realizar\u00e1 la procesi\u00f3n f\u00fanebre con la imagen de Cristo Muerto.<\/p>\n\n\n\n<p>El s\u00e1bado 16 se revivir\u00e1 una tradici\u00f3n comunitaria. El Lavatorio de la Iglesia est\u00e1 programado para las 8:30 a. m. para que todos los feligreses y devotos puedan participar y preparar el templo para un nuevo momento. La Vigilia Pascual se celebrar\u00e1 a las 7 p. m., comenzando en el patio del Colegio Marista Padre Eust\u00e1quio. A continuaci\u00f3n, la procesi\u00f3n con el Cirio Pascual se dirigir\u00e1 a la Iglesia, donde concluir\u00e1 la celebraci\u00f3n. Y, el Domingo de Pascua, el Santuario tendr\u00e1 todas sus celebraciones habituales: a las 7:00 a. m., 8:30 a. m., 10:00 a. m., 5:00 p. m. y 7:00 p. m.<\/p>\n\n\n\n<p>Ven a celebrar con nosotros y vive intensamente este momento, el m\u00e1s grande en la liturgia de la fe cat\u00f3lica, y que tu Pascua sea verdaderamente la resurrecci\u00f3n de Cristo en tu vida.<\/p>\n\n\n\n<p><\/p>","protected":false},"excerpt":{"rendered":"<p>Nesta quinta-feira, os cat\u00f3licos no mundo inteiro iniciam a celebra\u00e7\u00e3o do Tr\u00edduo Pascal, ou seja, o per\u00edodo de tempo que vai da tarde de quinta-feira Santa at\u00e9 a manh\u00e3 do Domingo de P\u00e1scoa. Mas, qual o significado deste per\u00edodo? O presidente da Comiss\u00e3o Episcopal Pastoral para a Liturgia da Confer\u00eancia Nacional dos Bispos do Brasil (CNBB), dom Armando Bucciol, explica que o Tr\u00edduo Pascal envolve tr\u00eas momentos em uma \u00fanica celebra\u00e7\u00e3o. Quinta-feira Santa \u201cCome\u00e7amos com a celebra\u00e7\u00e3o da Ceia Pascal, na quinta-feira \u00e0 noite, em que n\u00f3s fazemos mem\u00f3ria da grande ceia da despedida, que come\u00e7a, segundo o evangelista Jo\u00e3o, [&hellip;]<\/p>\n","protected":false},"author":2,"featured_media":8462,"comment_status":"open","ping_status":"closed","sticky":false,"template":"","format":"standard","meta":{"_acf_changed":false,"footnotes":""},"categories":[611],"tags":[],"class_list":["post-8461","post","type-post","status-publish","format-standard","has-post-thumbnail","hentry","category-noticias"],"acf":[],"yoast_head":"<!-- This site is optimized with the Yoast SEO plugin v27.2 - https:\/\/yoast.com\/product\/yoast-seo-wordpress\/ -->\n<title>Participe do Tr\u00edduo Pascal que se inicia hoje - Padre Eust\u00e1quio<\/title>\n<meta name=\"description\" content=\"Nesta quinta-feira, os cat\u00f3licos no mundo inteiro iniciam a celebra\u00e7\u00e3o do Tr\u00edduo Pascal, ou seja, o per\u00edodo de tempo que vai da tarde de quinta-feira Santa at\u00e9 a manh\u00e3 do Domingo de P\u00e1scoa. Mas, qual o significado deste per\u00edodo?\" \/>\n<meta name=\"robots\" content=\"index, follow, max-snippet:-1, max-image-preview:large, max-video-preview:-1\" \/>\n<link rel=\"canonical\" href=\"https:\/\/www.padreeustaquio.com.br\/es\/participa-en-el-triduo-pascual-que-comienza-hoy\/\" \/>\n<meta property=\"og:locale\" content=\"es_ES\" \/>\n<meta property=\"og:type\" content=\"article\" \/>\n<meta property=\"og:title\" content=\"Participe do Tr\u00edduo Pascal que se inicia hoje - Padre Eust\u00e1quio\" \/>\n<meta property=\"og:description\" content=\"Nesta quinta-feira, os cat\u00f3licos no mundo inteiro iniciam a celebra\u00e7\u00e3o do Tr\u00edduo Pascal, ou seja, o per\u00edodo de tempo que vai da tarde de quinta-feira Santa at\u00e9 a manh\u00e3 do Domingo de P\u00e1scoa. Mas, qual o significado deste per\u00edodo?\" \/>\n<meta property=\"og:url\" content=\"https:\/\/www.padreeustaquio.com.br\/es\/participa-en-el-triduo-pascual-que-comienza-hoy\/\" \/>\n<meta property=\"og:site_name\" content=\"Padre Eust\u00e1quio\" \/>\n<meta property=\"article:publisher\" content=\"https:\/\/www.facebook.com\/beatopadreeustaquio\/\" \/>\n<meta property=\"article:published_time\" content=\"2022-04-14T09:11:00+00:00\" \/>\n<meta property=\"og:image\" content=\"https:\/\/www.padreeustaquio.com.br\/wp-content\/uploads\/2022\/04\/triduo.jpg\" \/>\n\t<meta property=\"og:image:width\" content=\"748\" \/>\n\t<meta property=\"og:image:height\" content=\"394\" \/>\n\t<meta property=\"og:image:type\" content=\"image\/jpeg\" \/>\n<meta name=\"author\" content=\"@sscc\" \/>\n<meta name=\"twitter:card\" content=\"summary_large_image\" \/>\n<meta name=\"twitter:creator\" content=\"@beatopeustaquio\" \/>\n<meta name=\"twitter:site\" content=\"@beatopeustaquio\" \/>\n<meta name=\"twitter:label1\" content=\"Escrito por\" \/>\n\t<meta name=\"twitter:data1\" content=\"@sscc\" \/>\n\t<meta name=\"twitter:label2\" content=\"Tiempo de lectura\" \/>\n\t<meta name=\"twitter:data2\" content=\"3 minutos\" \/>\n<script type=\"application\/ld+json\" class=\"yoast-schema-graph\">{\"@context\":\"https:\/\/schema.org\",\"@graph\":[{\"@type\":\"Article\",\"@id\":\"https:\/\/www.padreeustaquio.com.br\/participe-do-triduo-pascal-que-se-inicia-hoje\/#article\",\"isPartOf\":{\"@id\":\"https:\/\/www.padreeustaquio.com.br\/participe-do-triduo-pascal-que-se-inicia-hoje\/\"},\"author\":{\"name\":\"@sscc\",\"@id\":\"https:\/\/www.padreeustaquio.com.br\/#\/schema\/person\/a2a51db1d00f1a7af0204a0f1ddb1566\"},\"headline\":\"Participe do Tr\u00edduo Pascal que se inicia hoje\",\"datePublished\":\"2022-04-14T09:11:00+00:00\",\"mainEntityOfPage\":{\"@id\":\"https:\/\/www.padreeustaquio.com.br\/participe-do-triduo-pascal-que-se-inicia-hoje\/\"},\"wordCount\":668,\"commentCount\":0,\"publisher\":{\"@id\":\"https:\/\/www.padreeustaquio.com.br\/#organization\"},\"image\":{\"@id\":\"https:\/\/www.padreeustaquio.com.br\/participe-do-triduo-pascal-que-se-inicia-hoje\/#primaryimage\"},\"thumbnailUrl\":\"https:\/\/www.padreeustaquio.com.br\/wp-content\/uploads\/2022\/04\/triduo.jpg\",\"articleSection\":[\"Not\u00edcias\"],\"inLanguage\":\"es\",\"potentialAction\":[{\"@type\":\"CommentAction\",\"name\":\"Comment\",\"target\":[\"https:\/\/www.padreeustaquio.com.br\/participe-do-triduo-pascal-que-se-inicia-hoje\/#respond\"]}]},{\"@type\":\"WebPage\",\"@id\":\"https:\/\/www.padreeustaquio.com.br\/participe-do-triduo-pascal-que-se-inicia-hoje\/\",\"url\":\"https:\/\/www.padreeustaquio.com.br\/participe-do-triduo-pascal-que-se-inicia-hoje\/\",\"name\":\"Participe do Tr\u00edduo Pascal que se inicia hoje - Padre Eust\u00e1quio\",\"isPartOf\":{\"@id\":\"https:\/\/www.padreeustaquio.com.br\/#website\"},\"primaryImageOfPage\":{\"@id\":\"https:\/\/www.padreeustaquio.com.br\/participe-do-triduo-pascal-que-se-inicia-hoje\/#primaryimage\"},\"image\":{\"@id\":\"https:\/\/www.padreeustaquio.com.br\/participe-do-triduo-pascal-que-se-inicia-hoje\/#primaryimage\"},\"thumbnailUrl\":\"https:\/\/www.padreeustaquio.com.br\/wp-content\/uploads\/2022\/04\/triduo.jpg\",\"datePublished\":\"2022-04-14T09:11:00+00:00\",\"description\":\"Nesta quinta-feira, os cat\u00f3licos no mundo inteiro iniciam a celebra\u00e7\u00e3o do Tr\u00edduo Pascal, ou seja, o per\u00edodo de tempo que vai da tarde de quinta-feira Santa at\u00e9 a manh\u00e3 do Domingo de P\u00e1scoa. Mas, qual o significado deste per\u00edodo?\",\"breadcrumb\":{\"@id\":\"https:\/\/www.padreeustaquio.com.br\/participe-do-triduo-pascal-que-se-inicia-hoje\/#breadcrumb\"},\"inLanguage\":\"es\",\"potentialAction\":[{\"@type\":\"ReadAction\",\"target\":[\"https:\/\/www.padreeustaquio.com.br\/participe-do-triduo-pascal-que-se-inicia-hoje\/\"]}]},{\"@type\":\"ImageObject\",\"inLanguage\":\"es\",\"@id\":\"https:\/\/www.padreeustaquio.com.br\/participe-do-triduo-pascal-que-se-inicia-hoje\/#primaryimage\",\"url\":\"https:\/\/www.padreeustaquio.com.br\/wp-content\/uploads\/2022\/04\/triduo.jpg\",\"contentUrl\":\"https:\/\/www.padreeustaquio.com.br\/wp-content\/uploads\/2022\/04\/triduo.jpg\",\"width\":748,\"height\":394},{\"@type\":\"BreadcrumbList\",\"@id\":\"https:\/\/www.padreeustaquio.com.br\/participe-do-triduo-pascal-que-se-inicia-hoje\/#breadcrumb\",\"itemListElement\":[{\"@type\":\"ListItem\",\"position\":1,\"name\":\"In\u00edcio\",\"item\":\"https:\/\/www.padreeustaquio.com.br\/\"},{\"@type\":\"ListItem\",\"position\":2,\"name\":\"Participe do Tr\u00edduo Pascal que se inicia hoje\"}]},{\"@type\":\"WebSite\",\"@id\":\"https:\/\/www.padreeustaquio.com.br\/#website\",\"url\":\"https:\/\/www.padreeustaquio.com.br\/\",\"name\":\"Padre Eust\u00e1quio\",\"description\":\"Sa\u00fade e Paz\",\"publisher\":{\"@id\":\"https:\/\/www.padreeustaquio.com.br\/#organization\"},\"potentialAction\":[{\"@type\":\"SearchAction\",\"target\":{\"@type\":\"EntryPoint\",\"urlTemplate\":\"https:\/\/www.padreeustaquio.com.br\/?s={search_term_string}\"},\"query-input\":{\"@type\":\"PropertyValueSpecification\",\"valueRequired\":true,\"valueName\":\"search_term_string\"}}],\"inLanguage\":\"es\"},{\"@type\":\"Organization\",\"@id\":\"https:\/\/www.padreeustaquio.com.br\/#organization\",\"name\":\"Padre Eust\u00e1quio\",\"url\":\"https:\/\/www.padreeustaquio.com.br\/\",\"logo\":{\"@type\":\"ImageObject\",\"inLanguage\":\"es\",\"@id\":\"https:\/\/www.padreeustaquio.com.br\/#\/schema\/logo\/image\/\",\"url\":\"https:\/\/www.padreeustaquio.com.br\/wp-content\/uploads\/2019\/08\/marca.png\",\"contentUrl\":\"https:\/\/www.padreeustaquio.com.br\/wp-content\/uploads\/2019\/08\/marca.png\",\"width\":350,\"height\":400,\"caption\":\"Padre Eust\u00e1quio\"},\"image\":{\"@id\":\"https:\/\/www.padreeustaquio.com.br\/#\/schema\/logo\/image\/\"},\"sameAs\":[\"https:\/\/www.facebook.com\/beatopadreeustaquio\/\",\"https:\/\/x.com\/beatopeustaquio\",\"https:\/\/www.instagram.com\/beatopadreeustaquio\/\",\"https:\/\/www.youtube.com\/channel\/UCRhw7vfabnajwLxb1ZXMeIw\"]},{\"@type\":\"Person\",\"@id\":\"https:\/\/www.padreeustaquio.com.br\/#\/schema\/person\/a2a51db1d00f1a7af0204a0f1ddb1566\",\"name\":\"@sscc\",\"image\":{\"@type\":\"ImageObject\",\"inLanguage\":\"es\",\"@id\":\"https:\/\/secure.gravatar.com\/avatar\/68cfafa5f44617fea54071e215026e0ff06be366c3d54a8425f04fdcb86f8c5f?s=96&d=mm&r=g\",\"url\":\"https:\/\/secure.gravatar.com\/avatar\/68cfafa5f44617fea54071e215026e0ff06be366c3d54a8425f04fdcb86f8c5f?s=96&d=mm&r=g\",\"contentUrl\":\"https:\/\/secure.gravatar.com\/avatar\/68cfafa5f44617fea54071e215026e0ff06be366c3d54a8425f04fdcb86f8c5f?s=96&d=mm&r=g\",\"caption\":\"@sscc\"},\"url\":\"https:\/\/www.padreeustaquio.com.br\/es\/author\/sscc\/\"}]}<\/script>\n<!-- \/ Yoast SEO plugin. -->","yoast_head_json":{"title":"Participa en el Triduo Pascual que comienza hoy - Padre Eust\u00e1quio","description":"Este jueves, los cat\u00f3licos de todo el mundo comienzan la celebraci\u00f3n del Triduo Pascual, es decir, el per\u00edodo que va desde la tarde del Jueves Santo hasta la ma\u00f1ana del Domingo de Pascua. Pero \u00bfcu\u00e1l es el significado de este per\u00edodo?","robots":{"index":"index","follow":"follow","max-snippet":"max-snippet:-1","max-image-preview":"max-image-preview:large","max-video-preview":"max-video-preview:-1"},"canonical":"https:\/\/www.padreeustaquio.com.br\/es\/participa-en-el-triduo-pascual-que-comienza-hoy\/","og_locale":"es_ES","og_type":"article","og_title":"Participe do Tr\u00edduo Pascal que se inicia hoje - Padre Eust\u00e1quio","og_description":"Nesta quinta-feira, os cat\u00f3licos no mundo inteiro iniciam a celebra\u00e7\u00e3o do Tr\u00edduo Pascal, ou seja, o per\u00edodo de tempo que vai da tarde de quinta-feira Santa at\u00e9 a manh\u00e3 do Domingo de P\u00e1scoa. Mas, qual o significado deste per\u00edodo?","og_url":"https:\/\/www.padreeustaquio.com.br\/es\/participa-en-el-triduo-pascual-que-comienza-hoy\/","og_site_name":"Padre Eust\u00e1quio","article_publisher":"https:\/\/www.facebook.com\/beatopadreeustaquio\/","article_published_time":"2022-04-14T09:11:00+00:00","og_image":[{"width":748,"height":394,"url":"https:\/\/www.padreeustaquio.com.br\/wp-content\/uploads\/2022\/04\/triduo.jpg","type":"image\/jpeg"}],"author":"@sscc","twitter_card":"summary_large_image","twitter_creator":"@beatopeustaquio","twitter_site":"@beatopeustaquio","twitter_misc":{"Escrito por":"@sscc","Tiempo de lectura":"3 minutos"},"schema":{"@context":"https:\/\/schema.org","@graph":[{"@type":"Article","@id":"https:\/\/www.padreeustaquio.com.br\/participe-do-triduo-pascal-que-se-inicia-hoje\/#article","isPartOf":{"@id":"https:\/\/www.padreeustaquio.com.br\/participe-do-triduo-pascal-que-se-inicia-hoje\/"},"author":{"name":"@sscc","@id":"https:\/\/www.padreeustaquio.com.br\/#\/schema\/person\/a2a51db1d00f1a7af0204a0f1ddb1566"},"headline":"Participe do Tr\u00edduo Pascal que se inicia hoje","datePublished":"2022-04-14T09:11:00+00:00","mainEntityOfPage":{"@id":"https:\/\/www.padreeustaquio.com.br\/participe-do-triduo-pascal-que-se-inicia-hoje\/"},"wordCount":668,"commentCount":0,"publisher":{"@id":"https:\/\/www.padreeustaquio.com.br\/#organization"},"image":{"@id":"https:\/\/www.padreeustaquio.com.br\/participe-do-triduo-pascal-que-se-inicia-hoje\/#primaryimage"},"thumbnailUrl":"https:\/\/www.padreeustaquio.com.br\/wp-content\/uploads\/2022\/04\/triduo.jpg","articleSection":["Not\u00edcias"],"inLanguage":"es","potentialAction":[{"@type":"CommentAction","name":"Comment","target":["https:\/\/www.padreeustaquio.com.br\/participe-do-triduo-pascal-que-se-inicia-hoje\/#respond"]}]},{"@type":"WebPage","@id":"https:\/\/www.padreeustaquio.com.br\/participe-do-triduo-pascal-que-se-inicia-hoje\/","url":"https:\/\/www.padreeustaquio.com.br\/participe-do-triduo-pascal-que-se-inicia-hoje\/","name":"Participa en el Triduo Pascual que comienza hoy - Padre Eust\u00e1quio","isPartOf":{"@id":"https:\/\/www.padreeustaquio.com.br\/#website"},"primaryImageOfPage":{"@id":"https:\/\/www.padreeustaquio.com.br\/participe-do-triduo-pascal-que-se-inicia-hoje\/#primaryimage"},"image":{"@id":"https:\/\/www.padreeustaquio.com.br\/participe-do-triduo-pascal-que-se-inicia-hoje\/#primaryimage"},"thumbnailUrl":"https:\/\/www.padreeustaquio.com.br\/wp-content\/uploads\/2022\/04\/triduo.jpg","datePublished":"2022-04-14T09:11:00+00:00","description":"Este jueves, los cat\u00f3licos de todo el mundo comienzan la celebraci\u00f3n del Triduo Pascual, es decir, el per\u00edodo que va desde la tarde del Jueves Santo hasta la ma\u00f1ana del Domingo de Pascua. Pero \u00bfcu\u00e1l es el significado de este per\u00edodo?","breadcrumb":{"@id":"https:\/\/www.padreeustaquio.com.br\/participe-do-triduo-pascal-que-se-inicia-hoje\/#breadcrumb"},"inLanguage":"es","potentialAction":[{"@type":"ReadAction","target":["https:\/\/www.padreeustaquio.com.br\/participe-do-triduo-pascal-que-se-inicia-hoje\/"]}]},{"@type":"ImageObject","inLanguage":"es","@id":"https:\/\/www.padreeustaquio.com.br\/participe-do-triduo-pascal-que-se-inicia-hoje\/#primaryimage","url":"https:\/\/www.padreeustaquio.com.br\/wp-content\/uploads\/2022\/04\/triduo.jpg","contentUrl":"https:\/\/www.padreeustaquio.com.br\/wp-content\/uploads\/2022\/04\/triduo.jpg","width":748,"height":394},{"@type":"BreadcrumbList","@id":"https:\/\/www.padreeustaquio.com.br\/participe-do-triduo-pascal-que-se-inicia-hoje\/#breadcrumb","itemListElement":[{"@type":"ListItem","position":1,"name":"In\u00edcio","item":"https:\/\/www.padreeustaquio.com.br\/"},{"@type":"ListItem","position":2,"name":"Participe do Tr\u00edduo Pascal que se inicia hoje"}]},{"@type":"WebSite","@id":"https:\/\/www.padreeustaquio.com.br\/#website","url":"https:\/\/www.padreeustaquio.com.br\/","name":"Padre Eustace","description":"Salud y Paz","publisher":{"@id":"https:\/\/www.padreeustaquio.com.br\/#organization"},"potentialAction":[{"@type":"SearchAction","target":{"@type":"EntryPoint","urlTemplate":"https:\/\/www.padreeustaquio.com.br\/?s={search_term_string}"},"query-input":{"@type":"PropertyValueSpecification","valueRequired":true,"valueName":"search_term_string"}}],"inLanguage":"es"},{"@type":"Organization","@id":"https:\/\/www.padreeustaquio.com.br\/#organization","name":"Padre Eustace","url":"https:\/\/www.padreeustaquio.com.br\/","logo":{"@type":"ImageObject","inLanguage":"es","@id":"https:\/\/www.padreeustaquio.com.br\/#\/schema\/logo\/image\/","url":"https:\/\/www.padreeustaquio.com.br\/wp-content\/uploads\/2019\/08\/marca.png","contentUrl":"https:\/\/www.padreeustaquio.com.br\/wp-content\/uploads\/2019\/08\/marca.png","width":350,"height":400,"caption":"Padre Eust\u00e1quio"},"image":{"@id":"https:\/\/www.padreeustaquio.com.br\/#\/schema\/logo\/image\/"},"sameAs":["https:\/\/www.facebook.com\/beatopadreeustaquio\/","https:\/\/x.com\/beatopeustaquio","https:\/\/www.instagram.com\/beatopadreeustaquio\/","https:\/\/www.youtube.com\/channel\/UCRhw7vfabnajwLxb1ZXMeIw"]},{"@type":"Person","@id":"https:\/\/www.padreeustaquio.com.br\/#\/schema\/person\/a2a51db1d00f1a7af0204a0f1ddb1566","name":"@sscc","image":{"@type":"ImageObject","inLanguage":"es","@id":"https:\/\/secure.gravatar.com\/avatar\/68cfafa5f44617fea54071e215026e0ff06be366c3d54a8425f04fdcb86f8c5f?s=96&d=mm&r=g","url":"https:\/\/secure.gravatar.com\/avatar\/68cfafa5f44617fea54071e215026e0ff06be366c3d54a8425f04fdcb86f8c5f?s=96&d=mm&r=g","contentUrl":"https:\/\/secure.gravatar.com\/avatar\/68cfafa5f44617fea54071e215026e0ff06be366c3d54a8425f04fdcb86f8c5f?s=96&d=mm&r=g","caption":"@sscc"},"url":"https:\/\/www.padreeustaquio.com.br\/es\/author\/sscc\/"}]}},"_links":{"self":[{"href":"https:\/\/www.padreeustaquio.com.br\/es\/wp-json\/wp\/v2\/posts\/8461","targetHints":{"allow":["GET"]}}],"collection":[{"href":"https:\/\/www.padreeustaquio.com.br\/es\/wp-json\/wp\/v2\/posts"}],"about":[{"href":"https:\/\/www.padreeustaquio.com.br\/es\/wp-json\/wp\/v2\/types\/post"}],"author":[{"embeddable":true,"href":"https:\/\/www.padreeustaquio.com.br\/es\/wp-json\/wp\/v2\/users\/2"}],"replies":[{"embeddable":true,"href":"https:\/\/www.padreeustaquio.com.br\/es\/wp-json\/wp\/v2\/comments?post=8461"}],"version-history":[{"count":0,"href":"https:\/\/www.padreeustaquio.com.br\/es\/wp-json\/wp\/v2\/posts\/8461\/revisions"}],"wp:featuredmedia":[{"embeddable":true,"href":"https:\/\/www.padreeustaquio.com.br\/es\/wp-json\/wp\/v2\/media\/8462"}],"wp:attachment":[{"href":"https:\/\/www.padreeustaquio.com.br\/es\/wp-json\/wp\/v2\/media?parent=8461"}],"wp:term":[{"taxonomy":"category","embeddable":true,"href":"https:\/\/www.padreeustaquio.com.br\/es\/wp-json\/wp\/v2\/categories?post=8461"},{"taxonomy":"post_tag","embeddable":true,"href":"https:\/\/www.padreeustaquio.com.br\/es\/wp-json\/wp\/v2\/tags?post=8461"}],"curies":[{"name":"wp","href":"https:\/\/api.w.org\/{rel}","templated":true}]}}