{"id":8458,"date":"2022-04-13T05:59:00","date_gmt":"2022-04-13T08:59:00","guid":{"rendered":"https:\/\/www.padreeustaquio.com.br\/?p=8458"},"modified":"2022-04-15T09:45:29","modified_gmt":"2022-04-15T12:45:29","slug":"el-santuario-realizara-una-procesion-del-via-crucis-por-las-calles-del-barrio","status":"publish","type":"post","link":"https:\/\/www.padreeustaquio.com.br\/es\/el-santuario-realizara-una-procesion-del-via-crucis-por-las-calles-del-barrio\/","title":{"rendered":"El santuario realizar\u00e1 una procesi\u00f3n del V\u00eda Crucis por las calles del barrio."},"content":{"rendered":"<p>El pr\u00f3ximo viernes, los cat\u00f3licos de todo el mundo celebran la Pasi\u00f3n y Muerte de Jesucristo. Entre los eventos planificados por el Santuario Arquidiocesano de Salud y Paz se encuentra el V\u00eda Crucis, que tendr\u00e1 lugar a partir de las 7:00 a. m. en el barrio Padre Eust\u00e1quio de Belo Horizonte.<\/p>\n\n\n\n<p>Se invita a toda la comunidad y a los devotos del Padre Eust\u00e1quio a reflexionar sobre el V\u00eda Crucis, el d\u00eda en que la iglesia conmemora la muerte de Jes\u00fas. Programado para comenzar a las 7:00 a. m. en la esquina de las calles Par\u00e1 de Minas y Vila Rica, el evento ser\u00e1 un momento de meditaci\u00f3n y reflexi\u00f3n, contemplando las estaciones a lo largo de las calles del barrio.<\/p>\n\n\n\n<p>Se utilizar\u00e1 como recurso el libro del V\u00eda Crucis, editado por el equipo del Secretariado Nacional para la Causa de Canonizaci\u00f3n del Beato Padre Eustaquio. La obra ofrece reflexiones sobre la pasi\u00f3n y muerte de Jes\u00fas basadas en textos y oraciones del sacerdote holand\u00e9s. El libro contiene las 15 estaciones que van desde la condenaci\u00f3n hasta la resurrecci\u00f3n de Jes\u00fas, con meditaciones extra\u00eddas de escritos y homil\u00edas del Padre Eustaquio.<\/p>\n\n\n\n<p>El V\u00eda Crucis es una forma de experimentar la espiritualidad de la Cuaresma. Se basa en el camino de Jes\u00fas cargando su cruz hasta el Calvario. Quienes deseen adquirir el V\u00eda Crucis &quot;Amar, orar, hacer penitencia&quot;, pueden encontrar el folleto en la Tienda del Padre Eust\u00e1quio, anexa al Santuario de la Salud y la Paz. El n\u00famero de WhatsApp de la tienda es (31) 3567-0314. Tenga en cuenta que la tienda estar\u00e1 cerrada el viernes, por lo que se recomienda comprar con antelaci\u00f3n.<\/p>\n\n\n\n<p><\/p>","protected":false},"excerpt":{"rendered":"<p>Na pr\u00f3xima Sexta-feira, os cat\u00f3licos no mundo todo celebram a Paix\u00e3o e Morte de Jesus Cristo. Dentre a programa\u00e7\u00e3o do Santu\u00e1rio Arquidiocesano da Sa\u00fade e da Paz, est\u00e1 a Via-Sacra, que ser\u00e1 realizada a partir das 7h no bairro Padre Eust\u00e1quio, em Belo Horizonte. Toda a comunidade e os devotos de Padre Eust\u00e1quio est\u00e3o convidados a refletir a Via-Sacra, no dia em que a igreja relembra a morte de Jesus. Marcada para come\u00e7ar \u00e0s 7h na esquina das Ruas Par\u00e1 de Minas e Vila Rica, o momento ser\u00e1 de medita\u00e7\u00e3o e reflex\u00e3o, contemplando as esta\u00e7\u00f5es pelas ruas do bairro. O [&hellip;]<\/p>\n","protected":false},"author":2,"featured_media":8477,"comment_status":"open","ping_status":"closed","sticky":false,"template":"","format":"standard","meta":{"_acf_changed":false,"footnotes":""},"categories":[611],"tags":[],"class_list":["post-8458","post","type-post","status-publish","format-standard","has-post-thumbnail","hentry","category-noticias"],"acf":[],"yoast_head":"<!-- This site is optimized with the Yoast SEO plugin v27.2 - https:\/\/yoast.com\/product\/yoast-seo-wordpress\/ -->\n<title>Santu\u00e1rio ir\u00e1 realizar Via Sacra pelas ruas do bairro - Padre Eust\u00e1quio<\/title>\n<meta name=\"description\" content=\"Na pr\u00f3xima Sexta-feira, os cat\u00f3licos no mundo todo celebram a Paix\u00e3o e Morte de Jesus Cristo. Dentre a programa\u00e7\u00e3o do Santu\u00e1rio Arquidiocesano da Sa\u00fade e da Paz, est\u00e1 a Via-Sacra, que ser\u00e1 realizada a partir das 7h no bairro Padre Eust\u00e1quio, em Belo Horizonte.\" \/>\n<meta name=\"robots\" content=\"index, follow, max-snippet:-1, max-image-preview:large, max-video-preview:-1\" \/>\n<link rel=\"canonical\" href=\"https:\/\/www.padreeustaquio.com.br\/es\/el-santuario-realizara-una-procesion-del-via-crucis-por-las-calles-del-barrio\/\" \/>\n<meta property=\"og:locale\" content=\"es_ES\" \/>\n<meta property=\"og:type\" content=\"article\" \/>\n<meta property=\"og:title\" content=\"Santu\u00e1rio ir\u00e1 realizar Via Sacra pelas ruas do bairro - Padre Eust\u00e1quio\" \/>\n<meta property=\"og:description\" content=\"Na pr\u00f3xima Sexta-feira, os cat\u00f3licos no mundo todo celebram a Paix\u00e3o e Morte de Jesus Cristo. Dentre a programa\u00e7\u00e3o do Santu\u00e1rio Arquidiocesano da Sa\u00fade e da Paz, est\u00e1 a Via-Sacra, que ser\u00e1 realizada a partir das 7h no bairro Padre Eust\u00e1quio, em Belo Horizonte.\" \/>\n<meta property=\"og:url\" content=\"https:\/\/www.padreeustaquio.com.br\/es\/el-santuario-realizara-una-procesion-del-via-crucis-por-las-calles-del-barrio\/\" \/>\n<meta property=\"og:site_name\" content=\"Padre Eust\u00e1quio\" \/>\n<meta property=\"article:publisher\" content=\"https:\/\/www.facebook.com\/beatopadreeustaquio\/\" \/>\n<meta property=\"article:published_time\" content=\"2022-04-13T08:59:00+00:00\" \/>\n<meta property=\"article:modified_time\" content=\"2022-04-15T12:45:29+00:00\" \/>\n<meta property=\"og:image\" content=\"https:\/\/www.padreeustaquio.com.br\/wp-content\/uploads\/2022\/04\/via-sacra-pelas-ruas.jpg\" \/>\n\t<meta property=\"og:image:width\" content=\"748\" \/>\n\t<meta property=\"og:image:height\" content=\"394\" \/>\n\t<meta property=\"og:image:type\" content=\"image\/jpeg\" \/>\n<meta name=\"author\" content=\"@sscc\" \/>\n<meta name=\"twitter:card\" content=\"summary_large_image\" \/>\n<meta name=\"twitter:creator\" content=\"@beatopeustaquio\" \/>\n<meta name=\"twitter:site\" content=\"@beatopeustaquio\" \/>\n<meta name=\"twitter:label1\" content=\"Escrito por\" \/>\n\t<meta name=\"twitter:data1\" content=\"@sscc\" \/>\n\t<meta name=\"twitter:label2\" content=\"Tiempo de lectura\" \/>\n\t<meta name=\"twitter:data2\" content=\"2 minutos\" \/>\n<script type=\"application\/ld+json\" class=\"yoast-schema-graph\">{\"@context\":\"https:\/\/schema.org\",\"@graph\":[{\"@type\":\"Article\",\"@id\":\"https:\/\/www.padreeustaquio.com.br\/santuario-ira-realizar-via-sacra-pelas-ruas-do-bairro\/#article\",\"isPartOf\":{\"@id\":\"https:\/\/www.padreeustaquio.com.br\/santuario-ira-realizar-via-sacra-pelas-ruas-do-bairro\/\"},\"author\":{\"name\":\"@sscc\",\"@id\":\"https:\/\/www.padreeustaquio.com.br\/#\/schema\/person\/a2a51db1d00f1a7af0204a0f1ddb1566\"},\"headline\":\"Santu\u00e1rio ir\u00e1 realizar Via Sacra pelas ruas do bairro\",\"datePublished\":\"2022-04-13T08:59:00+00:00\",\"dateModified\":\"2022-04-15T12:45:29+00:00\",\"mainEntityOfPage\":{\"@id\":\"https:\/\/www.padreeustaquio.com.br\/santuario-ira-realizar-via-sacra-pelas-ruas-do-bairro\/\"},\"wordCount\":286,\"commentCount\":0,\"publisher\":{\"@id\":\"https:\/\/www.padreeustaquio.com.br\/#organization\"},\"image\":{\"@id\":\"https:\/\/www.padreeustaquio.com.br\/santuario-ira-realizar-via-sacra-pelas-ruas-do-bairro\/#primaryimage\"},\"thumbnailUrl\":\"https:\/\/www.padreeustaquio.com.br\/wp-content\/uploads\/2022\/04\/via-sacra-pelas-ruas.jpg\",\"articleSection\":[\"Not\u00edcias\"],\"inLanguage\":\"es\",\"potentialAction\":[{\"@type\":\"CommentAction\",\"name\":\"Comment\",\"target\":[\"https:\/\/www.padreeustaquio.com.br\/santuario-ira-realizar-via-sacra-pelas-ruas-do-bairro\/#respond\"]}]},{\"@type\":\"WebPage\",\"@id\":\"https:\/\/www.padreeustaquio.com.br\/santuario-ira-realizar-via-sacra-pelas-ruas-do-bairro\/\",\"url\":\"https:\/\/www.padreeustaquio.com.br\/santuario-ira-realizar-via-sacra-pelas-ruas-do-bairro\/\",\"name\":\"Santu\u00e1rio ir\u00e1 realizar Via Sacra pelas ruas do bairro - Padre Eust\u00e1quio\",\"isPartOf\":{\"@id\":\"https:\/\/www.padreeustaquio.com.br\/#website\"},\"primaryImageOfPage\":{\"@id\":\"https:\/\/www.padreeustaquio.com.br\/santuario-ira-realizar-via-sacra-pelas-ruas-do-bairro\/#primaryimage\"},\"image\":{\"@id\":\"https:\/\/www.padreeustaquio.com.br\/santuario-ira-realizar-via-sacra-pelas-ruas-do-bairro\/#primaryimage\"},\"thumbnailUrl\":\"https:\/\/www.padreeustaquio.com.br\/wp-content\/uploads\/2022\/04\/via-sacra-pelas-ruas.jpg\",\"datePublished\":\"2022-04-13T08:59:00+00:00\",\"dateModified\":\"2022-04-15T12:45:29+00:00\",\"description\":\"Na pr\u00f3xima Sexta-feira, os cat\u00f3licos no mundo todo celebram a Paix\u00e3o e Morte de Jesus Cristo. Dentre a programa\u00e7\u00e3o do Santu\u00e1rio Arquidiocesano da Sa\u00fade e da Paz, est\u00e1 a Via-Sacra, que ser\u00e1 realizada a partir das 7h no bairro Padre Eust\u00e1quio, em Belo Horizonte.\",\"breadcrumb\":{\"@id\":\"https:\/\/www.padreeustaquio.com.br\/santuario-ira-realizar-via-sacra-pelas-ruas-do-bairro\/#breadcrumb\"},\"inLanguage\":\"es\",\"potentialAction\":[{\"@type\":\"ReadAction\",\"target\":[\"https:\/\/www.padreeustaquio.com.br\/santuario-ira-realizar-via-sacra-pelas-ruas-do-bairro\/\"]}]},{\"@type\":\"ImageObject\",\"inLanguage\":\"es\",\"@id\":\"https:\/\/www.padreeustaquio.com.br\/santuario-ira-realizar-via-sacra-pelas-ruas-do-bairro\/#primaryimage\",\"url\":\"https:\/\/www.padreeustaquio.com.br\/wp-content\/uploads\/2022\/04\/via-sacra-pelas-ruas.jpg\",\"contentUrl\":\"https:\/\/www.padreeustaquio.com.br\/wp-content\/uploads\/2022\/04\/via-sacra-pelas-ruas.jpg\",\"width\":748,\"height\":394},{\"@type\":\"BreadcrumbList\",\"@id\":\"https:\/\/www.padreeustaquio.com.br\/santuario-ira-realizar-via-sacra-pelas-ruas-do-bairro\/#breadcrumb\",\"itemListElement\":[{\"@type\":\"ListItem\",\"position\":1,\"name\":\"In\u00edcio\",\"item\":\"https:\/\/www.padreeustaquio.com.br\/\"},{\"@type\":\"ListItem\",\"position\":2,\"name\":\"Santu\u00e1rio ir\u00e1 realizar Via Sacra pelas ruas do bairro\"}]},{\"@type\":\"WebSite\",\"@id\":\"https:\/\/www.padreeustaquio.com.br\/#website\",\"url\":\"https:\/\/www.padreeustaquio.com.br\/\",\"name\":\"Padre Eust\u00e1quio\",\"description\":\"Sa\u00fade e Paz\",\"publisher\":{\"@id\":\"https:\/\/www.padreeustaquio.com.br\/#organization\"},\"potentialAction\":[{\"@type\":\"SearchAction\",\"target\":{\"@type\":\"EntryPoint\",\"urlTemplate\":\"https:\/\/www.padreeustaquio.com.br\/?s={search_term_string}\"},\"query-input\":{\"@type\":\"PropertyValueSpecification\",\"valueRequired\":true,\"valueName\":\"search_term_string\"}}],\"inLanguage\":\"es\"},{\"@type\":\"Organization\",\"@id\":\"https:\/\/www.padreeustaquio.com.br\/#organization\",\"name\":\"Padre Eust\u00e1quio\",\"url\":\"https:\/\/www.padreeustaquio.com.br\/\",\"logo\":{\"@type\":\"ImageObject\",\"inLanguage\":\"es\",\"@id\":\"https:\/\/www.padreeustaquio.com.br\/#\/schema\/logo\/image\/\",\"url\":\"https:\/\/www.padreeustaquio.com.br\/wp-content\/uploads\/2019\/08\/marca.png\",\"contentUrl\":\"https:\/\/www.padreeustaquio.com.br\/wp-content\/uploads\/2019\/08\/marca.png\",\"width\":350,\"height\":400,\"caption\":\"Padre Eust\u00e1quio\"},\"image\":{\"@id\":\"https:\/\/www.padreeustaquio.com.br\/#\/schema\/logo\/image\/\"},\"sameAs\":[\"https:\/\/www.facebook.com\/beatopadreeustaquio\/\",\"https:\/\/x.com\/beatopeustaquio\",\"https:\/\/www.instagram.com\/beatopadreeustaquio\/\",\"https:\/\/www.youtube.com\/channel\/UCRhw7vfabnajwLxb1ZXMeIw\"]},{\"@type\":\"Person\",\"@id\":\"https:\/\/www.padreeustaquio.com.br\/#\/schema\/person\/a2a51db1d00f1a7af0204a0f1ddb1566\",\"name\":\"@sscc\",\"image\":{\"@type\":\"ImageObject\",\"inLanguage\":\"es\",\"@id\":\"https:\/\/secure.gravatar.com\/avatar\/68cfafa5f44617fea54071e215026e0ff06be366c3d54a8425f04fdcb86f8c5f?s=96&d=mm&r=g\",\"url\":\"https:\/\/secure.gravatar.com\/avatar\/68cfafa5f44617fea54071e215026e0ff06be366c3d54a8425f04fdcb86f8c5f?s=96&d=mm&r=g\",\"contentUrl\":\"https:\/\/secure.gravatar.com\/avatar\/68cfafa5f44617fea54071e215026e0ff06be366c3d54a8425f04fdcb86f8c5f?s=96&d=mm&r=g\",\"caption\":\"@sscc\"},\"url\":\"https:\/\/www.padreeustaquio.com.br\/es\/author\/sscc\/\"}]}<\/script>\n<!-- \/ Yoast SEO plugin. -->","yoast_head_json":{"title":"El santuario realizar\u00e1 una procesi\u00f3n del V\u00eda Crucis por las calles del barrio Padre Eust\u00e1quio.","description":"El pr\u00f3ximo viernes, los cat\u00f3licos de todo el mundo celebran la Pasi\u00f3n y Muerte de Jesucristo. Entre los eventos planificados por el Santuario Arquidiocesano de Salud y Paz se encuentra el V\u00eda Crucis, que tendr\u00e1 lugar a partir de las 7:00 a. m. en el barrio Padre Eust\u00e1quio de Belo Horizonte.","robots":{"index":"index","follow":"follow","max-snippet":"max-snippet:-1","max-image-preview":"max-image-preview:large","max-video-preview":"max-video-preview:-1"},"canonical":"https:\/\/www.padreeustaquio.com.br\/es\/el-santuario-realizara-una-procesion-del-via-crucis-por-las-calles-del-barrio\/","og_locale":"es_ES","og_type":"article","og_title":"Santu\u00e1rio ir\u00e1 realizar Via Sacra pelas ruas do bairro - Padre Eust\u00e1quio","og_description":"Na pr\u00f3xima Sexta-feira, os cat\u00f3licos no mundo todo celebram a Paix\u00e3o e Morte de Jesus Cristo. Dentre a programa\u00e7\u00e3o do Santu\u00e1rio Arquidiocesano da Sa\u00fade e da Paz, est\u00e1 a Via-Sacra, que ser\u00e1 realizada a partir das 7h no bairro Padre Eust\u00e1quio, em Belo Horizonte.","og_url":"https:\/\/www.padreeustaquio.com.br\/es\/el-santuario-realizara-una-procesion-del-via-crucis-por-las-calles-del-barrio\/","og_site_name":"Padre Eust\u00e1quio","article_publisher":"https:\/\/www.facebook.com\/beatopadreeustaquio\/","article_published_time":"2022-04-13T08:59:00+00:00","article_modified_time":"2022-04-15T12:45:29+00:00","og_image":[{"width":748,"height":394,"url":"https:\/\/www.padreeustaquio.com.br\/wp-content\/uploads\/2022\/04\/via-sacra-pelas-ruas.jpg","type":"image\/jpeg"}],"author":"@sscc","twitter_card":"summary_large_image","twitter_creator":"@beatopeustaquio","twitter_site":"@beatopeustaquio","twitter_misc":{"Escrito por":"@sscc","Tiempo de lectura":"2 minutos"},"schema":{"@context":"https:\/\/schema.org","@graph":[{"@type":"Article","@id":"https:\/\/www.padreeustaquio.com.br\/santuario-ira-realizar-via-sacra-pelas-ruas-do-bairro\/#article","isPartOf":{"@id":"https:\/\/www.padreeustaquio.com.br\/santuario-ira-realizar-via-sacra-pelas-ruas-do-bairro\/"},"author":{"name":"@sscc","@id":"https:\/\/www.padreeustaquio.com.br\/#\/schema\/person\/a2a51db1d00f1a7af0204a0f1ddb1566"},"headline":"Santu\u00e1rio ir\u00e1 realizar Via Sacra pelas ruas do bairro","datePublished":"2022-04-13T08:59:00+00:00","dateModified":"2022-04-15T12:45:29+00:00","mainEntityOfPage":{"@id":"https:\/\/www.padreeustaquio.com.br\/santuario-ira-realizar-via-sacra-pelas-ruas-do-bairro\/"},"wordCount":286,"commentCount":0,"publisher":{"@id":"https:\/\/www.padreeustaquio.com.br\/#organization"},"image":{"@id":"https:\/\/www.padreeustaquio.com.br\/santuario-ira-realizar-via-sacra-pelas-ruas-do-bairro\/#primaryimage"},"thumbnailUrl":"https:\/\/www.padreeustaquio.com.br\/wp-content\/uploads\/2022\/04\/via-sacra-pelas-ruas.jpg","articleSection":["Not\u00edcias"],"inLanguage":"es","potentialAction":[{"@type":"CommentAction","name":"Comment","target":["https:\/\/www.padreeustaquio.com.br\/santuario-ira-realizar-via-sacra-pelas-ruas-do-bairro\/#respond"]}]},{"@type":"WebPage","@id":"https:\/\/www.padreeustaquio.com.br\/santuario-ira-realizar-via-sacra-pelas-ruas-do-bairro\/","url":"https:\/\/www.padreeustaquio.com.br\/santuario-ira-realizar-via-sacra-pelas-ruas-do-bairro\/","name":"El santuario realizar\u00e1 una procesi\u00f3n del V\u00eda Crucis por las calles del barrio Padre Eust\u00e1quio.","isPartOf":{"@id":"https:\/\/www.padreeustaquio.com.br\/#website"},"primaryImageOfPage":{"@id":"https:\/\/www.padreeustaquio.com.br\/santuario-ira-realizar-via-sacra-pelas-ruas-do-bairro\/#primaryimage"},"image":{"@id":"https:\/\/www.padreeustaquio.com.br\/santuario-ira-realizar-via-sacra-pelas-ruas-do-bairro\/#primaryimage"},"thumbnailUrl":"https:\/\/www.padreeustaquio.com.br\/wp-content\/uploads\/2022\/04\/via-sacra-pelas-ruas.jpg","datePublished":"2022-04-13T08:59:00+00:00","dateModified":"2022-04-15T12:45:29+00:00","description":"El pr\u00f3ximo viernes, los cat\u00f3licos de todo el mundo celebran la Pasi\u00f3n y Muerte de Jesucristo. Entre los eventos planificados por el Santuario Arquidiocesano de Salud y Paz se encuentra el V\u00eda Crucis, que tendr\u00e1 lugar a partir de las 7:00 a. m. en el barrio Padre Eust\u00e1quio de Belo Horizonte.","breadcrumb":{"@id":"https:\/\/www.padreeustaquio.com.br\/santuario-ira-realizar-via-sacra-pelas-ruas-do-bairro\/#breadcrumb"},"inLanguage":"es","potentialAction":[{"@type":"ReadAction","target":["https:\/\/www.padreeustaquio.com.br\/santuario-ira-realizar-via-sacra-pelas-ruas-do-bairro\/"]}]},{"@type":"ImageObject","inLanguage":"es","@id":"https:\/\/www.padreeustaquio.com.br\/santuario-ira-realizar-via-sacra-pelas-ruas-do-bairro\/#primaryimage","url":"https:\/\/www.padreeustaquio.com.br\/wp-content\/uploads\/2022\/04\/via-sacra-pelas-ruas.jpg","contentUrl":"https:\/\/www.padreeustaquio.com.br\/wp-content\/uploads\/2022\/04\/via-sacra-pelas-ruas.jpg","width":748,"height":394},{"@type":"BreadcrumbList","@id":"https:\/\/www.padreeustaquio.com.br\/santuario-ira-realizar-via-sacra-pelas-ruas-do-bairro\/#breadcrumb","itemListElement":[{"@type":"ListItem","position":1,"name":"In\u00edcio","item":"https:\/\/www.padreeustaquio.com.br\/"},{"@type":"ListItem","position":2,"name":"Santu\u00e1rio ir\u00e1 realizar Via Sacra pelas ruas do bairro"}]},{"@type":"WebSite","@id":"https:\/\/www.padreeustaquio.com.br\/#website","url":"https:\/\/www.padreeustaquio.com.br\/","name":"Padre Eustace","description":"Salud y Paz","publisher":{"@id":"https:\/\/www.padreeustaquio.com.br\/#organization"},"potentialAction":[{"@type":"SearchAction","target":{"@type":"EntryPoint","urlTemplate":"https:\/\/www.padreeustaquio.com.br\/?s={search_term_string}"},"query-input":{"@type":"PropertyValueSpecification","valueRequired":true,"valueName":"search_term_string"}}],"inLanguage":"es"},{"@type":"Organization","@id":"https:\/\/www.padreeustaquio.com.br\/#organization","name":"Padre Eustace","url":"https:\/\/www.padreeustaquio.com.br\/","logo":{"@type":"ImageObject","inLanguage":"es","@id":"https:\/\/www.padreeustaquio.com.br\/#\/schema\/logo\/image\/","url":"https:\/\/www.padreeustaquio.com.br\/wp-content\/uploads\/2019\/08\/marca.png","contentUrl":"https:\/\/www.padreeustaquio.com.br\/wp-content\/uploads\/2019\/08\/marca.png","width":350,"height":400,"caption":"Padre Eust\u00e1quio"},"image":{"@id":"https:\/\/www.padreeustaquio.com.br\/#\/schema\/logo\/image\/"},"sameAs":["https:\/\/www.facebook.com\/beatopadreeustaquio\/","https:\/\/x.com\/beatopeustaquio","https:\/\/www.instagram.com\/beatopadreeustaquio\/","https:\/\/www.youtube.com\/channel\/UCRhw7vfabnajwLxb1ZXMeIw"]},{"@type":"Person","@id":"https:\/\/www.padreeustaquio.com.br\/#\/schema\/person\/a2a51db1d00f1a7af0204a0f1ddb1566","name":"@sscc","image":{"@type":"ImageObject","inLanguage":"es","@id":"https:\/\/secure.gravatar.com\/avatar\/68cfafa5f44617fea54071e215026e0ff06be366c3d54a8425f04fdcb86f8c5f?s=96&d=mm&r=g","url":"https:\/\/secure.gravatar.com\/avatar\/68cfafa5f44617fea54071e215026e0ff06be366c3d54a8425f04fdcb86f8c5f?s=96&d=mm&r=g","contentUrl":"https:\/\/secure.gravatar.com\/avatar\/68cfafa5f44617fea54071e215026e0ff06be366c3d54a8425f04fdcb86f8c5f?s=96&d=mm&r=g","caption":"@sscc"},"url":"https:\/\/www.padreeustaquio.com.br\/es\/author\/sscc\/"}]}},"_links":{"self":[{"href":"https:\/\/www.padreeustaquio.com.br\/es\/wp-json\/wp\/v2\/posts\/8458","targetHints":{"allow":["GET"]}}],"collection":[{"href":"https:\/\/www.padreeustaquio.com.br\/es\/wp-json\/wp\/v2\/posts"}],"about":[{"href":"https:\/\/www.padreeustaquio.com.br\/es\/wp-json\/wp\/v2\/types\/post"}],"author":[{"embeddable":true,"href":"https:\/\/www.padreeustaquio.com.br\/es\/wp-json\/wp\/v2\/users\/2"}],"replies":[{"embeddable":true,"href":"https:\/\/www.padreeustaquio.com.br\/es\/wp-json\/wp\/v2\/comments?post=8458"}],"version-history":[{"count":0,"href":"https:\/\/www.padreeustaquio.com.br\/es\/wp-json\/wp\/v2\/posts\/8458\/revisions"}],"wp:featuredmedia":[{"embeddable":true,"href":"https:\/\/www.padreeustaquio.com.br\/es\/wp-json\/wp\/v2\/media\/8477"}],"wp:attachment":[{"href":"https:\/\/www.padreeustaquio.com.br\/es\/wp-json\/wp\/v2\/media?parent=8458"}],"wp:term":[{"taxonomy":"category","embeddable":true,"href":"https:\/\/www.padreeustaquio.com.br\/es\/wp-json\/wp\/v2\/categories?post=8458"},{"taxonomy":"post_tag","embeddable":true,"href":"https:\/\/www.padreeustaquio.com.br\/es\/wp-json\/wp\/v2\/tags?post=8458"}],"curies":[{"name":"wp","href":"https:\/\/api.w.org\/{rel}","templated":true}]}}