{"id":8454,"date":"2022-04-12T06:09:00","date_gmt":"2022-04-12T09:09:00","guid":{"rendered":"https:\/\/www.padreeustaquio.com.br\/?p=8454"},"modified":"2022-04-11T10:28:07","modified_gmt":"2022-04-11T13:28:07","slug":"candidato-a-vicepresidente-graba-reflexion-por-viernes-santo-en-radio-america","status":"publish","type":"post","link":"https:\/\/www.padreeustaquio.com.br\/es\/candidato-a-vicepresidente-graba-reflexion-por-viernes-santo-en-radio-america\/","title":{"rendered":"Vicepostulador graba reflexi\u00f3n de Viernes Santo en Radio Am\u00e9rica"},"content":{"rendered":"<p>El vicepostulador de la Causa de Canonizaci\u00f3n del Padre Eust\u00e1quio, P. Vin\u00edcius Maciel, ss.cc., estuvo en la sede de Radio Am\u00e9rica AM para grabar un programa especial que se emitir\u00e1 durante la programaci\u00f3n especial del pr\u00f3ximo viernes. El tema fue la agon\u00eda de Jes\u00fas en los \u00faltimos momentos de su Pasi\u00f3n.<\/p>\n\n\n\n<p>El Padre Vin\u00edcius, rector del Santuario de la Salud y la Paz, fue recibido por la directora de Radio Am\u00e9rica, Elanilza Carneiro, y los productores de la emisora cat\u00f3lica. En el estudio, el Padre Vin\u00edcius ofreci\u00f3 una intensa reflexi\u00f3n y relacion\u00f3 el tema con los Sagrados Corazones de Jes\u00fas y de Mar\u00eda. El programa se emitir\u00e1 durante la programaci\u00f3n especial de Viernes Santo de la emisora y tendr\u00e1 una duraci\u00f3n de 45 minutos.<\/p>\n\n\n\n<p>Sintoniza la radio AM \u2013 750 KHz o visita el sitio web de <a href=\"https:\/\/radioamerica.arquidiocesebh.org.br\/\" target=\"_blank\" rel=\"noreferrer noopener\">Radio Am\u00e9rica<\/a> para escuchar el programa. <a href=\"https:\/\/radioamerica.arquidiocesebh.org.br\/noticia\/radio-america-exibe-programacao-especial-durante-a-semana-santa\/\" target=\"_blank\" rel=\"noreferrer noopener\">haga clic aqu\u00ed<\/a> Y consulta la programaci\u00f3n especial para Semana Santa.<\/p>\n\n\n\n<p><strong>RADIO AM\u00c9RICA<\/strong><\/p>\n\n\n\n<p>Fundada en 1955, R\u00e1dio Am\u00e9rica forma parte de la Red Catedral de Comunicaci\u00f3n Cat\u00f3lica, que re\u00fane a los medios de comunicaci\u00f3n de la Arquidi\u00f3cesis de Belo Horizonte. La emisora es una de las plataformas de radiodifusi\u00f3n m\u00e1s tradicionales de Minas Gerais y ocupa el segundo lugar en audiencia en la frecuencia AM.<\/p>\n\n\n\n<p>Con la misi\u00f3n de brindar comunicaci\u00f3n que contribuya a construir una sociedad m\u00e1s justa, humana y fraterna, Am\u00e9rica acerca contenidos de calidad a los oyentes, promoviendo la evangelizaci\u00f3n, la educaci\u00f3n y la cultura.<\/p>\n\n\n\n<p>Sintonizada en la frecuencia AM 750, la emisora est\u00e1 presente en varios municipios de Minas Gerais, en un radio de 100 km de Belo Horizonte y en todo Brasil v\u00eda sat\u00e9lite. La programaci\u00f3n tambi\u00e9n est\u00e1 disponible en el sitio web (americabh.com.br) y en la aplicaci\u00f3n \u201cRede Catedral\u201d.<\/p>\n\n\n\n<p><\/p>\n\n\n\n<p>En 2015, Radio Am\u00e9rica fue proclamada emisora de Nuestra Se\u00f1ora de la Piedad \u2013 Patrona de Minas Gerais.<\/p>\n\n\n\n<p><\/p>","protected":false},"excerpt":{"rendered":"<p>O vice-postulador da Causa de Canoniza\u00e7\u00e3o de Padre Eust\u00e1quio, Pe. Vin\u00edcius Maciel, ss.cc., esteve na sede da R\u00e1dio Am\u00e9rica AM para gravar um programa especial que ser\u00e1 veiculado durante a programa\u00e7\u00e3o diferenciada que ser\u00e1 levada ao ar na pr\u00f3xima sexta-feira. O tema foi a agonia de Jesus nos momentos finais da sua Paix\u00e3o. Padre Vin\u00edcius, que tamb\u00e9m \u00e9 o reitor do Santu\u00e1rio da Sa\u00fade e da Paz, foi recebido pela diretora da R\u00e1dio Am\u00e9rica, Elanilza Carneiro, e pelos produtores da emissora cat\u00f3lica. Em est\u00fadio, Pe. Vin\u00edcius fez uma reflex\u00e3o intensa e relacionou o tema aos Sagrados Cora\u00e7\u00f5es de Jesus e [&hellip;]<\/p>\n","protected":false},"author":2,"featured_media":8455,"comment_status":"open","ping_status":"closed","sticky":false,"template":"","format":"standard","meta":{"_acf_changed":false,"footnotes":""},"categories":[611],"tags":[],"class_list":["post-8454","post","type-post","status-publish","format-standard","has-post-thumbnail","hentry","category-noticias"],"acf":[],"yoast_head":"<!-- This site is optimized with the Yoast SEO plugin v27.2 - https:\/\/yoast.com\/product\/yoast-seo-wordpress\/ -->\n<title>Vice-postulador grava reflex\u00e3o para a Sexta-feira da Paix\u00e3o na R\u00e1dio Am\u00e9rica<\/title>\n<meta name=\"description\" content=\"O vice-postulador da Causa de Canoniza\u00e7\u00e3o de Padre Eust\u00e1quio, Pe. Vin\u00edcius Maciel, ss.cc., esteve na sede da R\u00e1dio Am\u00e9rica AM para gravar um programa especial que ser\u00e1 veiculado durante a programa\u00e7\u00e3o diferenciada que ser\u00e1 levada ao ar na pr\u00f3xima sexta-feira. O tema foi a agonia de Jesus nos momentos finais da sua Paix\u00e3o.\" \/>\n<meta name=\"robots\" content=\"index, follow, max-snippet:-1, max-image-preview:large, max-video-preview:-1\" \/>\n<link rel=\"canonical\" href=\"https:\/\/www.padreeustaquio.com.br\/es\/candidato-a-vicepresidente-graba-reflexion-por-viernes-santo-en-radio-america\/\" \/>\n<meta property=\"og:locale\" content=\"es_ES\" \/>\n<meta property=\"og:type\" content=\"article\" \/>\n<meta property=\"og:title\" content=\"Vice-postulador grava reflex\u00e3o para a Sexta-feira da Paix\u00e3o na R\u00e1dio Am\u00e9rica\" \/>\n<meta property=\"og:description\" content=\"O vice-postulador da Causa de Canoniza\u00e7\u00e3o de Padre Eust\u00e1quio, Pe. Vin\u00edcius Maciel, ss.cc., esteve na sede da R\u00e1dio Am\u00e9rica AM para gravar um programa especial que ser\u00e1 veiculado durante a programa\u00e7\u00e3o diferenciada que ser\u00e1 levada ao ar na pr\u00f3xima sexta-feira. O tema foi a agonia de Jesus nos momentos finais da sua Paix\u00e3o.\" \/>\n<meta property=\"og:url\" content=\"https:\/\/www.padreeustaquio.com.br\/es\/candidato-a-vicepresidente-graba-reflexion-por-viernes-santo-en-radio-america\/\" \/>\n<meta property=\"og:site_name\" content=\"Padre Eust\u00e1quio\" \/>\n<meta property=\"article:publisher\" content=\"https:\/\/www.facebook.com\/beatopadreeustaquio\/\" \/>\n<meta property=\"article:published_time\" content=\"2022-04-12T09:09:00+00:00\" \/>\n<meta property=\"og:image\" content=\"https:\/\/www.padreeustaquio.com.br\/wp-content\/uploads\/2022\/04\/radio-america-com-padre-vinicius.jpg\" \/>\n\t<meta property=\"og:image:width\" content=\"748\" \/>\n\t<meta property=\"og:image:height\" content=\"394\" \/>\n\t<meta property=\"og:image:type\" content=\"image\/jpeg\" \/>\n<meta name=\"author\" content=\"@sscc\" \/>\n<meta name=\"twitter:card\" content=\"summary_large_image\" \/>\n<meta name=\"twitter:creator\" content=\"@beatopeustaquio\" \/>\n<meta name=\"twitter:site\" content=\"@beatopeustaquio\" \/>\n<meta name=\"twitter:label1\" content=\"Escrito por\" \/>\n\t<meta name=\"twitter:data1\" content=\"@sscc\" \/>\n\t<meta name=\"twitter:label2\" content=\"Tiempo de lectura\" \/>\n\t<meta name=\"twitter:data2\" content=\"2 minutos\" \/>\n<script type=\"application\/ld+json\" class=\"yoast-schema-graph\">{\"@context\":\"https:\/\/schema.org\",\"@graph\":[{\"@type\":\"Article\",\"@id\":\"https:\/\/www.padreeustaquio.com.br\/vice-postulador-grava-reflexao-para-a-sexta-feira-da-paixao-na-radio-america\/#article\",\"isPartOf\":{\"@id\":\"https:\/\/www.padreeustaquio.com.br\/vice-postulador-grava-reflexao-para-a-sexta-feira-da-paixao-na-radio-america\/\"},\"author\":{\"name\":\"@sscc\",\"@id\":\"https:\/\/www.padreeustaquio.com.br\/#\/schema\/person\/a2a51db1d00f1a7af0204a0f1ddb1566\"},\"headline\":\"Vice-postulador grava reflex\u00e3o para a Sexta-feira da Paix\u00e3o na R\u00e1dio Am\u00e9rica\",\"datePublished\":\"2022-04-12T09:09:00+00:00\",\"mainEntityOfPage\":{\"@id\":\"https:\/\/www.padreeustaquio.com.br\/vice-postulador-grava-reflexao-para-a-sexta-feira-da-paixao-na-radio-america\/\"},\"wordCount\":367,\"commentCount\":0,\"publisher\":{\"@id\":\"https:\/\/www.padreeustaquio.com.br\/#organization\"},\"image\":{\"@id\":\"https:\/\/www.padreeustaquio.com.br\/vice-postulador-grava-reflexao-para-a-sexta-feira-da-paixao-na-radio-america\/#primaryimage\"},\"thumbnailUrl\":\"https:\/\/www.padreeustaquio.com.br\/wp-content\/uploads\/2022\/04\/radio-america-com-padre-vinicius.jpg\",\"articleSection\":[\"Not\u00edcias\"],\"inLanguage\":\"es\",\"potentialAction\":[{\"@type\":\"CommentAction\",\"name\":\"Comment\",\"target\":[\"https:\/\/www.padreeustaquio.com.br\/vice-postulador-grava-reflexao-para-a-sexta-feira-da-paixao-na-radio-america\/#respond\"]}]},{\"@type\":\"WebPage\",\"@id\":\"https:\/\/www.padreeustaquio.com.br\/vice-postulador-grava-reflexao-para-a-sexta-feira-da-paixao-na-radio-america\/\",\"url\":\"https:\/\/www.padreeustaquio.com.br\/vice-postulador-grava-reflexao-para-a-sexta-feira-da-paixao-na-radio-america\/\",\"name\":\"Vice-postulador grava reflex\u00e3o para a Sexta-feira da Paix\u00e3o na R\u00e1dio Am\u00e9rica\",\"isPartOf\":{\"@id\":\"https:\/\/www.padreeustaquio.com.br\/#website\"},\"primaryImageOfPage\":{\"@id\":\"https:\/\/www.padreeustaquio.com.br\/vice-postulador-grava-reflexao-para-a-sexta-feira-da-paixao-na-radio-america\/#primaryimage\"},\"image\":{\"@id\":\"https:\/\/www.padreeustaquio.com.br\/vice-postulador-grava-reflexao-para-a-sexta-feira-da-paixao-na-radio-america\/#primaryimage\"},\"thumbnailUrl\":\"https:\/\/www.padreeustaquio.com.br\/wp-content\/uploads\/2022\/04\/radio-america-com-padre-vinicius.jpg\",\"datePublished\":\"2022-04-12T09:09:00+00:00\",\"description\":\"O vice-postulador da Causa de Canoniza\u00e7\u00e3o de Padre Eust\u00e1quio, Pe. Vin\u00edcius Maciel, ss.cc., esteve na sede da R\u00e1dio Am\u00e9rica AM para gravar um programa especial que ser\u00e1 veiculado durante a programa\u00e7\u00e3o diferenciada que ser\u00e1 levada ao ar na pr\u00f3xima sexta-feira. O tema foi a agonia de Jesus nos momentos finais da sua Paix\u00e3o.\",\"breadcrumb\":{\"@id\":\"https:\/\/www.padreeustaquio.com.br\/vice-postulador-grava-reflexao-para-a-sexta-feira-da-paixao-na-radio-america\/#breadcrumb\"},\"inLanguage\":\"es\",\"potentialAction\":[{\"@type\":\"ReadAction\",\"target\":[\"https:\/\/www.padreeustaquio.com.br\/vice-postulador-grava-reflexao-para-a-sexta-feira-da-paixao-na-radio-america\/\"]}]},{\"@type\":\"ImageObject\",\"inLanguage\":\"es\",\"@id\":\"https:\/\/www.padreeustaquio.com.br\/vice-postulador-grava-reflexao-para-a-sexta-feira-da-paixao-na-radio-america\/#primaryimage\",\"url\":\"https:\/\/www.padreeustaquio.com.br\/wp-content\/uploads\/2022\/04\/radio-america-com-padre-vinicius.jpg\",\"contentUrl\":\"https:\/\/www.padreeustaquio.com.br\/wp-content\/uploads\/2022\/04\/radio-america-com-padre-vinicius.jpg\",\"width\":748,\"height\":394},{\"@type\":\"BreadcrumbList\",\"@id\":\"https:\/\/www.padreeustaquio.com.br\/vice-postulador-grava-reflexao-para-a-sexta-feira-da-paixao-na-radio-america\/#breadcrumb\",\"itemListElement\":[{\"@type\":\"ListItem\",\"position\":1,\"name\":\"In\u00edcio\",\"item\":\"https:\/\/www.padreeustaquio.com.br\/\"},{\"@type\":\"ListItem\",\"position\":2,\"name\":\"Vice-postulador grava reflex\u00e3o para a Sexta-feira da Paix\u00e3o na R\u00e1dio Am\u00e9rica\"}]},{\"@type\":\"WebSite\",\"@id\":\"https:\/\/www.padreeustaquio.com.br\/#website\",\"url\":\"https:\/\/www.padreeustaquio.com.br\/\",\"name\":\"Padre Eust\u00e1quio\",\"description\":\"Sa\u00fade e Paz\",\"publisher\":{\"@id\":\"https:\/\/www.padreeustaquio.com.br\/#organization\"},\"potentialAction\":[{\"@type\":\"SearchAction\",\"target\":{\"@type\":\"EntryPoint\",\"urlTemplate\":\"https:\/\/www.padreeustaquio.com.br\/?s={search_term_string}\"},\"query-input\":{\"@type\":\"PropertyValueSpecification\",\"valueRequired\":true,\"valueName\":\"search_term_string\"}}],\"inLanguage\":\"es\"},{\"@type\":\"Organization\",\"@id\":\"https:\/\/www.padreeustaquio.com.br\/#organization\",\"name\":\"Padre Eust\u00e1quio\",\"url\":\"https:\/\/www.padreeustaquio.com.br\/\",\"logo\":{\"@type\":\"ImageObject\",\"inLanguage\":\"es\",\"@id\":\"https:\/\/www.padreeustaquio.com.br\/#\/schema\/logo\/image\/\",\"url\":\"https:\/\/www.padreeustaquio.com.br\/wp-content\/uploads\/2019\/08\/marca.png\",\"contentUrl\":\"https:\/\/www.padreeustaquio.com.br\/wp-content\/uploads\/2019\/08\/marca.png\",\"width\":350,\"height\":400,\"caption\":\"Padre Eust\u00e1quio\"},\"image\":{\"@id\":\"https:\/\/www.padreeustaquio.com.br\/#\/schema\/logo\/image\/\"},\"sameAs\":[\"https:\/\/www.facebook.com\/beatopadreeustaquio\/\",\"https:\/\/x.com\/beatopeustaquio\",\"https:\/\/www.instagram.com\/beatopadreeustaquio\/\",\"https:\/\/www.youtube.com\/channel\/UCRhw7vfabnajwLxb1ZXMeIw\"]},{\"@type\":\"Person\",\"@id\":\"https:\/\/www.padreeustaquio.com.br\/#\/schema\/person\/a2a51db1d00f1a7af0204a0f1ddb1566\",\"name\":\"@sscc\",\"image\":{\"@type\":\"ImageObject\",\"inLanguage\":\"es\",\"@id\":\"https:\/\/secure.gravatar.com\/avatar\/68cfafa5f44617fea54071e215026e0ff06be366c3d54a8425f04fdcb86f8c5f?s=96&d=mm&r=g\",\"url\":\"https:\/\/secure.gravatar.com\/avatar\/68cfafa5f44617fea54071e215026e0ff06be366c3d54a8425f04fdcb86f8c5f?s=96&d=mm&r=g\",\"contentUrl\":\"https:\/\/secure.gravatar.com\/avatar\/68cfafa5f44617fea54071e215026e0ff06be366c3d54a8425f04fdcb86f8c5f?s=96&d=mm&r=g\",\"caption\":\"@sscc\"},\"url\":\"https:\/\/www.padreeustaquio.com.br\/es\/author\/sscc\/\"}]}<\/script>\n<!-- \/ Yoast SEO plugin. -->","yoast_head_json":{"title":"Vicepostulador graba reflexi\u00f3n de Viernes Santo en Radio Am\u00e9rica","description":"El vicepostulador de la Causa de Canonizaci\u00f3n del Padre Eust\u00e1quio, P. Vin\u00edcius Maciel, ss.cc., estuvo en la sede de Radio Am\u00e9rica AM para grabar un programa especial que se emitir\u00e1 durante la programaci\u00f3n especial del pr\u00f3ximo viernes. El tema fue la agon\u00eda de Jes\u00fas en los \u00faltimos momentos de su Pasi\u00f3n.","robots":{"index":"index","follow":"follow","max-snippet":"max-snippet:-1","max-image-preview":"max-image-preview:large","max-video-preview":"max-video-preview:-1"},"canonical":"https:\/\/www.padreeustaquio.com.br\/es\/candidato-a-vicepresidente-graba-reflexion-por-viernes-santo-en-radio-america\/","og_locale":"es_ES","og_type":"article","og_title":"Vice-postulador grava reflex\u00e3o para a Sexta-feira da Paix\u00e3o na R\u00e1dio Am\u00e9rica","og_description":"O vice-postulador da Causa de Canoniza\u00e7\u00e3o de Padre Eust\u00e1quio, Pe. Vin\u00edcius Maciel, ss.cc., esteve na sede da R\u00e1dio Am\u00e9rica AM para gravar um programa especial que ser\u00e1 veiculado durante a programa\u00e7\u00e3o diferenciada que ser\u00e1 levada ao ar na pr\u00f3xima sexta-feira. O tema foi a agonia de Jesus nos momentos finais da sua Paix\u00e3o.","og_url":"https:\/\/www.padreeustaquio.com.br\/es\/candidato-a-vicepresidente-graba-reflexion-por-viernes-santo-en-radio-america\/","og_site_name":"Padre Eust\u00e1quio","article_publisher":"https:\/\/www.facebook.com\/beatopadreeustaquio\/","article_published_time":"2022-04-12T09:09:00+00:00","og_image":[{"width":748,"height":394,"url":"https:\/\/www.padreeustaquio.com.br\/wp-content\/uploads\/2022\/04\/radio-america-com-padre-vinicius.jpg","type":"image\/jpeg"}],"author":"@sscc","twitter_card":"summary_large_image","twitter_creator":"@beatopeustaquio","twitter_site":"@beatopeustaquio","twitter_misc":{"Escrito por":"@sscc","Tiempo de lectura":"2 minutos"},"schema":{"@context":"https:\/\/schema.org","@graph":[{"@type":"Article","@id":"https:\/\/www.padreeustaquio.com.br\/vice-postulador-grava-reflexao-para-a-sexta-feira-da-paixao-na-radio-america\/#article","isPartOf":{"@id":"https:\/\/www.padreeustaquio.com.br\/vice-postulador-grava-reflexao-para-a-sexta-feira-da-paixao-na-radio-america\/"},"author":{"name":"@sscc","@id":"https:\/\/www.padreeustaquio.com.br\/#\/schema\/person\/a2a51db1d00f1a7af0204a0f1ddb1566"},"headline":"Vice-postulador grava reflex\u00e3o para a Sexta-feira da Paix\u00e3o na R\u00e1dio Am\u00e9rica","datePublished":"2022-04-12T09:09:00+00:00","mainEntityOfPage":{"@id":"https:\/\/www.padreeustaquio.com.br\/vice-postulador-grava-reflexao-para-a-sexta-feira-da-paixao-na-radio-america\/"},"wordCount":367,"commentCount":0,"publisher":{"@id":"https:\/\/www.padreeustaquio.com.br\/#organization"},"image":{"@id":"https:\/\/www.padreeustaquio.com.br\/vice-postulador-grava-reflexao-para-a-sexta-feira-da-paixao-na-radio-america\/#primaryimage"},"thumbnailUrl":"https:\/\/www.padreeustaquio.com.br\/wp-content\/uploads\/2022\/04\/radio-america-com-padre-vinicius.jpg","articleSection":["Not\u00edcias"],"inLanguage":"es","potentialAction":[{"@type":"CommentAction","name":"Comment","target":["https:\/\/www.padreeustaquio.com.br\/vice-postulador-grava-reflexao-para-a-sexta-feira-da-paixao-na-radio-america\/#respond"]}]},{"@type":"WebPage","@id":"https:\/\/www.padreeustaquio.com.br\/vice-postulador-grava-reflexao-para-a-sexta-feira-da-paixao-na-radio-america\/","url":"https:\/\/www.padreeustaquio.com.br\/vice-postulador-grava-reflexao-para-a-sexta-feira-da-paixao-na-radio-america\/","name":"Vicepostulador graba reflexi\u00f3n de Viernes Santo en Radio Am\u00e9rica","isPartOf":{"@id":"https:\/\/www.padreeustaquio.com.br\/#website"},"primaryImageOfPage":{"@id":"https:\/\/www.padreeustaquio.com.br\/vice-postulador-grava-reflexao-para-a-sexta-feira-da-paixao-na-radio-america\/#primaryimage"},"image":{"@id":"https:\/\/www.padreeustaquio.com.br\/vice-postulador-grava-reflexao-para-a-sexta-feira-da-paixao-na-radio-america\/#primaryimage"},"thumbnailUrl":"https:\/\/www.padreeustaquio.com.br\/wp-content\/uploads\/2022\/04\/radio-america-com-padre-vinicius.jpg","datePublished":"2022-04-12T09:09:00+00:00","description":"El vicepostulador de la Causa de Canonizaci\u00f3n del Padre Eust\u00e1quio, P. Vin\u00edcius Maciel, ss.cc., estuvo en la sede de Radio Am\u00e9rica AM para grabar un programa especial que se emitir\u00e1 durante la programaci\u00f3n especial del pr\u00f3ximo viernes. El tema fue la agon\u00eda de Jes\u00fas en los \u00faltimos momentos de su Pasi\u00f3n.","breadcrumb":{"@id":"https:\/\/www.padreeustaquio.com.br\/vice-postulador-grava-reflexao-para-a-sexta-feira-da-paixao-na-radio-america\/#breadcrumb"},"inLanguage":"es","potentialAction":[{"@type":"ReadAction","target":["https:\/\/www.padreeustaquio.com.br\/vice-postulador-grava-reflexao-para-a-sexta-feira-da-paixao-na-radio-america\/"]}]},{"@type":"ImageObject","inLanguage":"es","@id":"https:\/\/www.padreeustaquio.com.br\/vice-postulador-grava-reflexao-para-a-sexta-feira-da-paixao-na-radio-america\/#primaryimage","url":"https:\/\/www.padreeustaquio.com.br\/wp-content\/uploads\/2022\/04\/radio-america-com-padre-vinicius.jpg","contentUrl":"https:\/\/www.padreeustaquio.com.br\/wp-content\/uploads\/2022\/04\/radio-america-com-padre-vinicius.jpg","width":748,"height":394},{"@type":"BreadcrumbList","@id":"https:\/\/www.padreeustaquio.com.br\/vice-postulador-grava-reflexao-para-a-sexta-feira-da-paixao-na-radio-america\/#breadcrumb","itemListElement":[{"@type":"ListItem","position":1,"name":"In\u00edcio","item":"https:\/\/www.padreeustaquio.com.br\/"},{"@type":"ListItem","position":2,"name":"Vice-postulador grava reflex\u00e3o para a Sexta-feira da Paix\u00e3o na R\u00e1dio Am\u00e9rica"}]},{"@type":"WebSite","@id":"https:\/\/www.padreeustaquio.com.br\/#website","url":"https:\/\/www.padreeustaquio.com.br\/","name":"Padre Eustace","description":"Salud y Paz","publisher":{"@id":"https:\/\/www.padreeustaquio.com.br\/#organization"},"potentialAction":[{"@type":"SearchAction","target":{"@type":"EntryPoint","urlTemplate":"https:\/\/www.padreeustaquio.com.br\/?s={search_term_string}"},"query-input":{"@type":"PropertyValueSpecification","valueRequired":true,"valueName":"search_term_string"}}],"inLanguage":"es"},{"@type":"Organization","@id":"https:\/\/www.padreeustaquio.com.br\/#organization","name":"Padre Eustace","url":"https:\/\/www.padreeustaquio.com.br\/","logo":{"@type":"ImageObject","inLanguage":"es","@id":"https:\/\/www.padreeustaquio.com.br\/#\/schema\/logo\/image\/","url":"https:\/\/www.padreeustaquio.com.br\/wp-content\/uploads\/2019\/08\/marca.png","contentUrl":"https:\/\/www.padreeustaquio.com.br\/wp-content\/uploads\/2019\/08\/marca.png","width":350,"height":400,"caption":"Padre Eust\u00e1quio"},"image":{"@id":"https:\/\/www.padreeustaquio.com.br\/#\/schema\/logo\/image\/"},"sameAs":["https:\/\/www.facebook.com\/beatopadreeustaquio\/","https:\/\/x.com\/beatopeustaquio","https:\/\/www.instagram.com\/beatopadreeustaquio\/","https:\/\/www.youtube.com\/channel\/UCRhw7vfabnajwLxb1ZXMeIw"]},{"@type":"Person","@id":"https:\/\/www.padreeustaquio.com.br\/#\/schema\/person\/a2a51db1d00f1a7af0204a0f1ddb1566","name":"@sscc","image":{"@type":"ImageObject","inLanguage":"es","@id":"https:\/\/secure.gravatar.com\/avatar\/68cfafa5f44617fea54071e215026e0ff06be366c3d54a8425f04fdcb86f8c5f?s=96&d=mm&r=g","url":"https:\/\/secure.gravatar.com\/avatar\/68cfafa5f44617fea54071e215026e0ff06be366c3d54a8425f04fdcb86f8c5f?s=96&d=mm&r=g","contentUrl":"https:\/\/secure.gravatar.com\/avatar\/68cfafa5f44617fea54071e215026e0ff06be366c3d54a8425f04fdcb86f8c5f?s=96&d=mm&r=g","caption":"@sscc"},"url":"https:\/\/www.padreeustaquio.com.br\/es\/author\/sscc\/"}]}},"_links":{"self":[{"href":"https:\/\/www.padreeustaquio.com.br\/es\/wp-json\/wp\/v2\/posts\/8454","targetHints":{"allow":["GET"]}}],"collection":[{"href":"https:\/\/www.padreeustaquio.com.br\/es\/wp-json\/wp\/v2\/posts"}],"about":[{"href":"https:\/\/www.padreeustaquio.com.br\/es\/wp-json\/wp\/v2\/types\/post"}],"author":[{"embeddable":true,"href":"https:\/\/www.padreeustaquio.com.br\/es\/wp-json\/wp\/v2\/users\/2"}],"replies":[{"embeddable":true,"href":"https:\/\/www.padreeustaquio.com.br\/es\/wp-json\/wp\/v2\/comments?post=8454"}],"version-history":[{"count":0,"href":"https:\/\/www.padreeustaquio.com.br\/es\/wp-json\/wp\/v2\/posts\/8454\/revisions"}],"wp:featuredmedia":[{"embeddable":true,"href":"https:\/\/www.padreeustaquio.com.br\/es\/wp-json\/wp\/v2\/media\/8455"}],"wp:attachment":[{"href":"https:\/\/www.padreeustaquio.com.br\/es\/wp-json\/wp\/v2\/media?parent=8454"}],"wp:term":[{"taxonomy":"category","embeddable":true,"href":"https:\/\/www.padreeustaquio.com.br\/es\/wp-json\/wp\/v2\/categories?post=8454"},{"taxonomy":"post_tag","embeddable":true,"href":"https:\/\/www.padreeustaquio.com.br\/es\/wp-json\/wp\/v2\/tags?post=8454"}],"curies":[{"name":"wp","href":"https:\/\/api.w.org\/{rel}","templated":true}]}}