{"id":8451,"date":"2022-04-11T10:06:24","date_gmt":"2022-04-11T13:06:24","guid":{"rendered":"https:\/\/www.padreeustaquio.com.br\/?p=8451"},"modified":"2022-04-11T10:06:26","modified_gmt":"2022-04-11T13:06:26","slug":"los-devotos-vuelven-a-celebrar-presencialmente-la-semana-santa-en-belo-horizonte","status":"publish","type":"post","link":"https:\/\/www.padreeustaquio.com.br\/es\/los-devotos-vuelven-a-celebrar-presencialmente-la-semana-santa-en-belo-horizonte\/","title":{"rendered":"Los devotos vuelven a celebrar presencialmente la Semana Santa en Belo Horizonte."},"content":{"rendered":"<p>Dos a\u00f1os despu\u00e9s de celebrar la Semana Santa sin la presencia de los fieles, este fin de semana conmovi\u00f3 a mucha gente en el Santuario de la Salud y la Paz. Miles de personas se congregaron para celebrar el Domingo de Ramos. Con procesiones, cantos y oraciones, el pueblo de Dios se reuni\u00f3 de nuevo en persona para celebrar la Pascua de Cristo.<\/p>\n\n\n\n<p>La Semana Santa en la Iglesia del Padre Eust\u00e1quio comenz\u00f3 la v\u00edspera de los ritos, el s\u00e1bado 9. El padre Alexandre Campos, sscc, presidi\u00f3 la celebraci\u00f3n, que comenz\u00f3 en el exterior de la iglesia y fue seguida por una procesi\u00f3n con ramos de palma alrededor del templo.<\/p>\n\n\n\n<p>El domingo a las 10 de la ma\u00f1ana, una multitud de devotos se reuni\u00f3 frente a la iglesia para celebrar la entrada de Jes\u00fas en Jerusal\u00e9n. La procesi\u00f3n y la misa del Domingo de Ramos congregaron a personas que hac\u00eda tiempo que no asist\u00edan a la iglesia. Todos llevaban mascarillas, manten\u00edan la higiene de manos y otras precauciones para evitar el contagio. Los participantes se conmovieron al ver la iglesia llena de gente cantando y alabando a Dios.<\/p>\n\n\n\n<p>Los que no pudieron asistir personalmente o estaban lejos del Santuario vieron todo por el Canal Padre Eust\u00e1quio, tanto <a href=\"https:\/\/www.youtube.com\/watch?v=fW305AN72M0\" target=\"_blank\" rel=\"noreferrer noopener\">Misa y procesi\u00f3n del s\u00e1bado (rese\u00f1a aqu\u00ed)<\/a>, para <a href=\"https:\/\/www.youtube.com\/watch?v=T-u5CQqxI9w\" target=\"_blank\" rel=\"noreferrer noopener\">Misa dominical y procesi\u00f3n (rese\u00f1a aqu\u00ed)<\/a>. En las dem\u00e1s misas, incluso las no retransmitidas, hubo bendici\u00f3n de ramos y el templo tambi\u00e9n estuvo lleno de fieles.<\/p>\n\n\n\n<p><strong>Horario completo de Semana Santa 2022<\/strong><\/p>\n\n\n\n<p>El lunes y martes (11 y 12) el Santuario tendr\u00e1 las misas normales para estos d\u00edas, el mi\u00e9rcoles (13), a las 19 horas, habr\u00e1 misa en la iglesia y al mismo tiempo saldr\u00e1n dos procesiones: una del Conjunto Santos Dumont (con Nuestro Se\u00f1or de los Pasos) y otra del Lar Dona Paula (con Nuestra Se\u00f1ora de los Dolores); despu\u00e9s tendr\u00e1 lugar el encuentro de las im\u00e1genes en la Iglesia con el Serm\u00f3n del Encuentro.<\/p>\n\n\n\n<p>El jueves 14, nos uniremos a ustedes por el Canal Padre Eust\u00e1quio para la Misa de Unidad, en vivo desde la Catedral de Cristo Rey a las 9:00 a. m. Por la noche, a las 7:00 p. m. en el Santuario, se celebrar\u00e1 la Misa del Lavatorio de Pies e Instituci\u00f3n de la Eucarist\u00eda. Posteriormente, una peque\u00f1a procesi\u00f3n llevar\u00e1 el Sant\u00edsimo Sacramento al Centro Comunitario, donde la asamblea celebrar\u00e1 la Adoraci\u00f3n hasta la medianoche. Por el Canal Padre Eust\u00e1quio, la Adoraci\u00f3n se transmitir\u00e1 hasta las 10:00 p. m.<\/p>\n\n\n\n<p>El d\u00eda comienza temprano el Viernes Santo (15). A las 7:00 h se realizar\u00e1 el tradicional V\u00eda Crucis por las calles del barrio. Comenzar\u00e1 en la esquina de las calles Vila Rica y Par\u00e1 de Minas. Al mediod\u00eda se celebrar\u00e1 el Serm\u00f3n de las Siete \u00daltimas Palabras en la Iglesia Padre Eust\u00e1quio. A las 15:00 h se realizar\u00e1 una Solemne Acci\u00f3n Lit\u00fargica con la celebraci\u00f3n de la Pasi\u00f3n y Muerte de Jes\u00fas, y a las 19:00 h, los j\u00f3venes recrear\u00e1n la Pasi\u00f3n de Cristo, tambi\u00e9n dentro de la iglesia. Posteriormente, se realizar\u00e1 la procesi\u00f3n f\u00fanebre con la imagen de Cristo Muerto.<\/p>\n\n\n\n<p>El s\u00e1bado 16 se revivir\u00e1 una tradici\u00f3n comunitaria. El Lavatorio de la Iglesia est\u00e1 programado para las 8:30 a. m. para que todos los feligreses y devotos puedan participar y preparar el templo para un nuevo momento. La Vigilia Pascual se celebrar\u00e1 a las 7 p. m., comenzando en el patio del Colegio Marista Padre Eust\u00e1quio. A continuaci\u00f3n, la procesi\u00f3n con el Cirio Pascual se dirigir\u00e1 a la Iglesia, donde concluir\u00e1 la celebraci\u00f3n. Y, el Domingo de Pascua, el Santuario tendr\u00e1 todas sus celebraciones habituales: a las 7:00 a. m., 8:30 a. m., 10:00 a. m., 5:00 p. m. y 7:00 p. m.<\/p>\n\n\n\n<p>Ven a celebrar con nosotros y vive intensamente este momento, el m\u00e1s grande en la liturgia de la fe cat\u00f3lica, y que tu Pascua sea verdaderamente la resurrecci\u00f3n de Cristo en tu vida.<\/p>\n\n\n\n<p><\/p>","protected":false},"excerpt":{"rendered":"<p>Dois anos depois de realizar a Semana Santa sem a presen\u00e7a de fi\u00e9is, esse final de semana deixou muita gente emocionada no Santu\u00e1rio da Sa\u00fade e da Paz. Milhares de pessoas se reuniram para celebrar o Domingo de Ramos. Com prociss\u00f5es, cantos e ora\u00e7\u00f5es, o povo de Deus voltou a se encontrar presencialmente para Celebrar a P\u00e1scoa de Cristo. A Semana Santa na Igreja do Padre Eust\u00e1quio come\u00e7ou j\u00e1 na v\u00e9spera, no s\u00e1bado, dia 9, Padre Alexandre Campos, sscc, presidiu a celebra\u00e7\u00e3o que come\u00e7ou do lado de fora da igreja e teve, na sequ\u00eancia a prociss\u00e3o com os ramos entorno [&hellip;]<\/p>\n","protected":false},"author":2,"featured_media":8452,"comment_status":"open","ping_status":"closed","sticky":false,"template":"","format":"standard","meta":{"_acf_changed":false,"footnotes":""},"categories":[611],"tags":[],"class_list":["post-8451","post","type-post","status-publish","format-standard","has-post-thumbnail","hentry","category-noticias"],"acf":[],"yoast_head":"<!-- This site is optimized with the Yoast SEO plugin v27.2 - https:\/\/yoast.com\/product\/yoast-seo-wordpress\/ -->\n<title>Devotos voltam a celebrar a Semana Santa presencialmente em BH<\/title>\n<meta name=\"description\" content=\"Dois anos depois de realizar a Semana Santa sem a presen\u00e7a de fi\u00e9is, esse final de semana deixou muita gente emocionada no Santu\u00e1rio da Sa\u00fade e da Paz. Milhares de pessoas se reuniram para celebrar o Domingo de Ramos. Com prociss\u00f5es, cantos e ora\u00e7\u00f5es, o povo de Deus voltou a se encontrar presencialmente para Celebrar a P\u00e1scoa de Cristo.\" \/>\n<meta name=\"robots\" content=\"index, follow, max-snippet:-1, max-image-preview:large, max-video-preview:-1\" \/>\n<link rel=\"canonical\" href=\"https:\/\/www.padreeustaquio.com.br\/es\/los-devotos-vuelven-a-celebrar-presencialmente-la-semana-santa-en-belo-horizonte\/\" \/>\n<meta property=\"og:locale\" content=\"es_ES\" \/>\n<meta property=\"og:type\" content=\"article\" \/>\n<meta property=\"og:title\" content=\"Devotos voltam a celebrar a Semana Santa presencialmente em BH\" \/>\n<meta property=\"og:description\" content=\"Dois anos depois de realizar a Semana Santa sem a presen\u00e7a de fi\u00e9is, esse final de semana deixou muita gente emocionada no Santu\u00e1rio da Sa\u00fade e da Paz. Milhares de pessoas se reuniram para celebrar o Domingo de Ramos. Com prociss\u00f5es, cantos e ora\u00e7\u00f5es, o povo de Deus voltou a se encontrar presencialmente para Celebrar a P\u00e1scoa de Cristo.\" \/>\n<meta property=\"og:url\" content=\"https:\/\/www.padreeustaquio.com.br\/es\/los-devotos-vuelven-a-celebrar-presencialmente-la-semana-santa-en-belo-horizonte\/\" \/>\n<meta property=\"og:site_name\" content=\"Padre Eust\u00e1quio\" \/>\n<meta property=\"article:publisher\" content=\"https:\/\/www.facebook.com\/beatopadreeustaquio\/\" \/>\n<meta property=\"article:published_time\" content=\"2022-04-11T13:06:24+00:00\" \/>\n<meta property=\"article:modified_time\" content=\"2022-04-11T13:06:26+00:00\" \/>\n<meta property=\"og:image\" content=\"https:\/\/www.padreeustaquio.com.br\/wp-content\/uploads\/2022\/04\/Domingo-de-Ramos.jpg\" \/>\n\t<meta property=\"og:image:width\" content=\"748\" \/>\n\t<meta property=\"og:image:height\" content=\"394\" \/>\n\t<meta property=\"og:image:type\" content=\"image\/jpeg\" \/>\n<meta name=\"author\" content=\"@sscc\" \/>\n<meta name=\"twitter:card\" content=\"summary_large_image\" \/>\n<meta name=\"twitter:creator\" content=\"@beatopeustaquio\" \/>\n<meta name=\"twitter:site\" content=\"@beatopeustaquio\" \/>\n<meta name=\"twitter:label1\" content=\"Escrito por\" \/>\n\t<meta name=\"twitter:data1\" content=\"@sscc\" \/>\n\t<meta name=\"twitter:label2\" content=\"Tiempo de lectura\" \/>\n\t<meta name=\"twitter:data2\" content=\"3 minutos\" \/>\n<script type=\"application\/ld+json\" class=\"yoast-schema-graph\">{\"@context\":\"https:\/\/schema.org\",\"@graph\":[{\"@type\":\"Article\",\"@id\":\"https:\/\/www.padreeustaquio.com.br\/devotos-voltam-a-celebrar-a-semana-santa-presencialmente-em-bh\/#article\",\"isPartOf\":{\"@id\":\"https:\/\/www.padreeustaquio.com.br\/devotos-voltam-a-celebrar-a-semana-santa-presencialmente-em-bh\/\"},\"author\":{\"name\":\"@sscc\",\"@id\":\"https:\/\/www.padreeustaquio.com.br\/#\/schema\/person\/a2a51db1d00f1a7af0204a0f1ddb1566\"},\"headline\":\"Devotos voltam a celebrar a Semana Santa presencialmente em BH\",\"datePublished\":\"2022-04-11T13:06:24+00:00\",\"dateModified\":\"2022-04-11T13:06:26+00:00\",\"mainEntityOfPage\":{\"@id\":\"https:\/\/www.padreeustaquio.com.br\/devotos-voltam-a-celebrar-a-semana-santa-presencialmente-em-bh\/\"},\"wordCount\":664,\"commentCount\":0,\"publisher\":{\"@id\":\"https:\/\/www.padreeustaquio.com.br\/#organization\"},\"image\":{\"@id\":\"https:\/\/www.padreeustaquio.com.br\/devotos-voltam-a-celebrar-a-semana-santa-presencialmente-em-bh\/#primaryimage\"},\"thumbnailUrl\":\"https:\/\/www.padreeustaquio.com.br\/wp-content\/uploads\/2022\/04\/Domingo-de-Ramos.jpg\",\"articleSection\":[\"Not\u00edcias\"],\"inLanguage\":\"es\",\"potentialAction\":[{\"@type\":\"CommentAction\",\"name\":\"Comment\",\"target\":[\"https:\/\/www.padreeustaquio.com.br\/devotos-voltam-a-celebrar-a-semana-santa-presencialmente-em-bh\/#respond\"]}]},{\"@type\":\"WebPage\",\"@id\":\"https:\/\/www.padreeustaquio.com.br\/devotos-voltam-a-celebrar-a-semana-santa-presencialmente-em-bh\/\",\"url\":\"https:\/\/www.padreeustaquio.com.br\/devotos-voltam-a-celebrar-a-semana-santa-presencialmente-em-bh\/\",\"name\":\"Devotos voltam a celebrar a Semana Santa presencialmente em BH\",\"isPartOf\":{\"@id\":\"https:\/\/www.padreeustaquio.com.br\/#website\"},\"primaryImageOfPage\":{\"@id\":\"https:\/\/www.padreeustaquio.com.br\/devotos-voltam-a-celebrar-a-semana-santa-presencialmente-em-bh\/#primaryimage\"},\"image\":{\"@id\":\"https:\/\/www.padreeustaquio.com.br\/devotos-voltam-a-celebrar-a-semana-santa-presencialmente-em-bh\/#primaryimage\"},\"thumbnailUrl\":\"https:\/\/www.padreeustaquio.com.br\/wp-content\/uploads\/2022\/04\/Domingo-de-Ramos.jpg\",\"datePublished\":\"2022-04-11T13:06:24+00:00\",\"dateModified\":\"2022-04-11T13:06:26+00:00\",\"description\":\"Dois anos depois de realizar a Semana Santa sem a presen\u00e7a de fi\u00e9is, esse final de semana deixou muita gente emocionada no Santu\u00e1rio da Sa\u00fade e da Paz. Milhares de pessoas se reuniram para celebrar o Domingo de Ramos. Com prociss\u00f5es, cantos e ora\u00e7\u00f5es, o povo de Deus voltou a se encontrar presencialmente para Celebrar a P\u00e1scoa de Cristo.\",\"breadcrumb\":{\"@id\":\"https:\/\/www.padreeustaquio.com.br\/devotos-voltam-a-celebrar-a-semana-santa-presencialmente-em-bh\/#breadcrumb\"},\"inLanguage\":\"es\",\"potentialAction\":[{\"@type\":\"ReadAction\",\"target\":[\"https:\/\/www.padreeustaquio.com.br\/devotos-voltam-a-celebrar-a-semana-santa-presencialmente-em-bh\/\"]}]},{\"@type\":\"ImageObject\",\"inLanguage\":\"es\",\"@id\":\"https:\/\/www.padreeustaquio.com.br\/devotos-voltam-a-celebrar-a-semana-santa-presencialmente-em-bh\/#primaryimage\",\"url\":\"https:\/\/www.padreeustaquio.com.br\/wp-content\/uploads\/2022\/04\/Domingo-de-Ramos.jpg\",\"contentUrl\":\"https:\/\/www.padreeustaquio.com.br\/wp-content\/uploads\/2022\/04\/Domingo-de-Ramos.jpg\",\"width\":748,\"height\":394},{\"@type\":\"BreadcrumbList\",\"@id\":\"https:\/\/www.padreeustaquio.com.br\/devotos-voltam-a-celebrar-a-semana-santa-presencialmente-em-bh\/#breadcrumb\",\"itemListElement\":[{\"@type\":\"ListItem\",\"position\":1,\"name\":\"In\u00edcio\",\"item\":\"https:\/\/www.padreeustaquio.com.br\/\"},{\"@type\":\"ListItem\",\"position\":2,\"name\":\"Devotos voltam a celebrar a Semana Santa presencialmente em BH\"}]},{\"@type\":\"WebSite\",\"@id\":\"https:\/\/www.padreeustaquio.com.br\/#website\",\"url\":\"https:\/\/www.padreeustaquio.com.br\/\",\"name\":\"Padre Eust\u00e1quio\",\"description\":\"Sa\u00fade e Paz\",\"publisher\":{\"@id\":\"https:\/\/www.padreeustaquio.com.br\/#organization\"},\"potentialAction\":[{\"@type\":\"SearchAction\",\"target\":{\"@type\":\"EntryPoint\",\"urlTemplate\":\"https:\/\/www.padreeustaquio.com.br\/?s={search_term_string}\"},\"query-input\":{\"@type\":\"PropertyValueSpecification\",\"valueRequired\":true,\"valueName\":\"search_term_string\"}}],\"inLanguage\":\"es\"},{\"@type\":\"Organization\",\"@id\":\"https:\/\/www.padreeustaquio.com.br\/#organization\",\"name\":\"Padre Eust\u00e1quio\",\"url\":\"https:\/\/www.padreeustaquio.com.br\/\",\"logo\":{\"@type\":\"ImageObject\",\"inLanguage\":\"es\",\"@id\":\"https:\/\/www.padreeustaquio.com.br\/#\/schema\/logo\/image\/\",\"url\":\"https:\/\/www.padreeustaquio.com.br\/wp-content\/uploads\/2019\/08\/marca.png\",\"contentUrl\":\"https:\/\/www.padreeustaquio.com.br\/wp-content\/uploads\/2019\/08\/marca.png\",\"width\":350,\"height\":400,\"caption\":\"Padre Eust\u00e1quio\"},\"image\":{\"@id\":\"https:\/\/www.padreeustaquio.com.br\/#\/schema\/logo\/image\/\"},\"sameAs\":[\"https:\/\/www.facebook.com\/beatopadreeustaquio\/\",\"https:\/\/x.com\/beatopeustaquio\",\"https:\/\/www.instagram.com\/beatopadreeustaquio\/\",\"https:\/\/www.youtube.com\/channel\/UCRhw7vfabnajwLxb1ZXMeIw\"]},{\"@type\":\"Person\",\"@id\":\"https:\/\/www.padreeustaquio.com.br\/#\/schema\/person\/a2a51db1d00f1a7af0204a0f1ddb1566\",\"name\":\"@sscc\",\"image\":{\"@type\":\"ImageObject\",\"inLanguage\":\"es\",\"@id\":\"https:\/\/secure.gravatar.com\/avatar\/68cfafa5f44617fea54071e215026e0ff06be366c3d54a8425f04fdcb86f8c5f?s=96&d=mm&r=g\",\"url\":\"https:\/\/secure.gravatar.com\/avatar\/68cfafa5f44617fea54071e215026e0ff06be366c3d54a8425f04fdcb86f8c5f?s=96&d=mm&r=g\",\"contentUrl\":\"https:\/\/secure.gravatar.com\/avatar\/68cfafa5f44617fea54071e215026e0ff06be366c3d54a8425f04fdcb86f8c5f?s=96&d=mm&r=g\",\"caption\":\"@sscc\"},\"url\":\"https:\/\/www.padreeustaquio.com.br\/es\/author\/sscc\/\"}]}<\/script>\n<!-- \/ Yoast SEO plugin. -->","yoast_head_json":{"title":"Los devotos vuelven a celebrar presencialmente la Semana Santa en Belo Horizonte.","description":"Dos a\u00f1os despu\u00e9s de celebrar la Semana Santa sin la presencia de los fieles, este fin de semana conmovi\u00f3 a mucha gente en el Santuario de la Salud y la Paz. Miles de personas se congregaron para celebrar el Domingo de Ramos. Con procesiones, cantos y oraciones, el pueblo de Dios se reuni\u00f3 de nuevo en persona para celebrar la Pascua de Cristo.","robots":{"index":"index","follow":"follow","max-snippet":"max-snippet:-1","max-image-preview":"max-image-preview:large","max-video-preview":"max-video-preview:-1"},"canonical":"https:\/\/www.padreeustaquio.com.br\/es\/los-devotos-vuelven-a-celebrar-presencialmente-la-semana-santa-en-belo-horizonte\/","og_locale":"es_ES","og_type":"article","og_title":"Devotos voltam a celebrar a Semana Santa presencialmente em BH","og_description":"Dois anos depois de realizar a Semana Santa sem a presen\u00e7a de fi\u00e9is, esse final de semana deixou muita gente emocionada no Santu\u00e1rio da Sa\u00fade e da Paz. Milhares de pessoas se reuniram para celebrar o Domingo de Ramos. Com prociss\u00f5es, cantos e ora\u00e7\u00f5es, o povo de Deus voltou a se encontrar presencialmente para Celebrar a P\u00e1scoa de Cristo.","og_url":"https:\/\/www.padreeustaquio.com.br\/es\/los-devotos-vuelven-a-celebrar-presencialmente-la-semana-santa-en-belo-horizonte\/","og_site_name":"Padre Eust\u00e1quio","article_publisher":"https:\/\/www.facebook.com\/beatopadreeustaquio\/","article_published_time":"2022-04-11T13:06:24+00:00","article_modified_time":"2022-04-11T13:06:26+00:00","og_image":[{"width":748,"height":394,"url":"https:\/\/www.padreeustaquio.com.br\/wp-content\/uploads\/2022\/04\/Domingo-de-Ramos.jpg","type":"image\/jpeg"}],"author":"@sscc","twitter_card":"summary_large_image","twitter_creator":"@beatopeustaquio","twitter_site":"@beatopeustaquio","twitter_misc":{"Escrito por":"@sscc","Tiempo de lectura":"3 minutos"},"schema":{"@context":"https:\/\/schema.org","@graph":[{"@type":"Article","@id":"https:\/\/www.padreeustaquio.com.br\/devotos-voltam-a-celebrar-a-semana-santa-presencialmente-em-bh\/#article","isPartOf":{"@id":"https:\/\/www.padreeustaquio.com.br\/devotos-voltam-a-celebrar-a-semana-santa-presencialmente-em-bh\/"},"author":{"name":"@sscc","@id":"https:\/\/www.padreeustaquio.com.br\/#\/schema\/person\/a2a51db1d00f1a7af0204a0f1ddb1566"},"headline":"Devotos voltam a celebrar a Semana Santa presencialmente em BH","datePublished":"2022-04-11T13:06:24+00:00","dateModified":"2022-04-11T13:06:26+00:00","mainEntityOfPage":{"@id":"https:\/\/www.padreeustaquio.com.br\/devotos-voltam-a-celebrar-a-semana-santa-presencialmente-em-bh\/"},"wordCount":664,"commentCount":0,"publisher":{"@id":"https:\/\/www.padreeustaquio.com.br\/#organization"},"image":{"@id":"https:\/\/www.padreeustaquio.com.br\/devotos-voltam-a-celebrar-a-semana-santa-presencialmente-em-bh\/#primaryimage"},"thumbnailUrl":"https:\/\/www.padreeustaquio.com.br\/wp-content\/uploads\/2022\/04\/Domingo-de-Ramos.jpg","articleSection":["Not\u00edcias"],"inLanguage":"es","potentialAction":[{"@type":"CommentAction","name":"Comment","target":["https:\/\/www.padreeustaquio.com.br\/devotos-voltam-a-celebrar-a-semana-santa-presencialmente-em-bh\/#respond"]}]},{"@type":"WebPage","@id":"https:\/\/www.padreeustaquio.com.br\/devotos-voltam-a-celebrar-a-semana-santa-presencialmente-em-bh\/","url":"https:\/\/www.padreeustaquio.com.br\/devotos-voltam-a-celebrar-a-semana-santa-presencialmente-em-bh\/","name":"Los devotos vuelven a celebrar presencialmente la Semana Santa en Belo Horizonte.","isPartOf":{"@id":"https:\/\/www.padreeustaquio.com.br\/#website"},"primaryImageOfPage":{"@id":"https:\/\/www.padreeustaquio.com.br\/devotos-voltam-a-celebrar-a-semana-santa-presencialmente-em-bh\/#primaryimage"},"image":{"@id":"https:\/\/www.padreeustaquio.com.br\/devotos-voltam-a-celebrar-a-semana-santa-presencialmente-em-bh\/#primaryimage"},"thumbnailUrl":"https:\/\/www.padreeustaquio.com.br\/wp-content\/uploads\/2022\/04\/Domingo-de-Ramos.jpg","datePublished":"2022-04-11T13:06:24+00:00","dateModified":"2022-04-11T13:06:26+00:00","description":"Dos a\u00f1os despu\u00e9s de celebrar la Semana Santa sin la presencia de los fieles, este fin de semana conmovi\u00f3 a mucha gente en el Santuario de la Salud y la Paz. Miles de personas se congregaron para celebrar el Domingo de Ramos. Con procesiones, cantos y oraciones, el pueblo de Dios se reuni\u00f3 de nuevo en persona para celebrar la Pascua de Cristo.","breadcrumb":{"@id":"https:\/\/www.padreeustaquio.com.br\/devotos-voltam-a-celebrar-a-semana-santa-presencialmente-em-bh\/#breadcrumb"},"inLanguage":"es","potentialAction":[{"@type":"ReadAction","target":["https:\/\/www.padreeustaquio.com.br\/devotos-voltam-a-celebrar-a-semana-santa-presencialmente-em-bh\/"]}]},{"@type":"ImageObject","inLanguage":"es","@id":"https:\/\/www.padreeustaquio.com.br\/devotos-voltam-a-celebrar-a-semana-santa-presencialmente-em-bh\/#primaryimage","url":"https:\/\/www.padreeustaquio.com.br\/wp-content\/uploads\/2022\/04\/Domingo-de-Ramos.jpg","contentUrl":"https:\/\/www.padreeustaquio.com.br\/wp-content\/uploads\/2022\/04\/Domingo-de-Ramos.jpg","width":748,"height":394},{"@type":"BreadcrumbList","@id":"https:\/\/www.padreeustaquio.com.br\/devotos-voltam-a-celebrar-a-semana-santa-presencialmente-em-bh\/#breadcrumb","itemListElement":[{"@type":"ListItem","position":1,"name":"In\u00edcio","item":"https:\/\/www.padreeustaquio.com.br\/"},{"@type":"ListItem","position":2,"name":"Devotos voltam a celebrar a Semana Santa presencialmente em BH"}]},{"@type":"WebSite","@id":"https:\/\/www.padreeustaquio.com.br\/#website","url":"https:\/\/www.padreeustaquio.com.br\/","name":"Padre Eustace","description":"Salud y Paz","publisher":{"@id":"https:\/\/www.padreeustaquio.com.br\/#organization"},"potentialAction":[{"@type":"SearchAction","target":{"@type":"EntryPoint","urlTemplate":"https:\/\/www.padreeustaquio.com.br\/?s={search_term_string}"},"query-input":{"@type":"PropertyValueSpecification","valueRequired":true,"valueName":"search_term_string"}}],"inLanguage":"es"},{"@type":"Organization","@id":"https:\/\/www.padreeustaquio.com.br\/#organization","name":"Padre Eustace","url":"https:\/\/www.padreeustaquio.com.br\/","logo":{"@type":"ImageObject","inLanguage":"es","@id":"https:\/\/www.padreeustaquio.com.br\/#\/schema\/logo\/image\/","url":"https:\/\/www.padreeustaquio.com.br\/wp-content\/uploads\/2019\/08\/marca.png","contentUrl":"https:\/\/www.padreeustaquio.com.br\/wp-content\/uploads\/2019\/08\/marca.png","width":350,"height":400,"caption":"Padre Eust\u00e1quio"},"image":{"@id":"https:\/\/www.padreeustaquio.com.br\/#\/schema\/logo\/image\/"},"sameAs":["https:\/\/www.facebook.com\/beatopadreeustaquio\/","https:\/\/x.com\/beatopeustaquio","https:\/\/www.instagram.com\/beatopadreeustaquio\/","https:\/\/www.youtube.com\/channel\/UCRhw7vfabnajwLxb1ZXMeIw"]},{"@type":"Person","@id":"https:\/\/www.padreeustaquio.com.br\/#\/schema\/person\/a2a51db1d00f1a7af0204a0f1ddb1566","name":"@sscc","image":{"@type":"ImageObject","inLanguage":"es","@id":"https:\/\/secure.gravatar.com\/avatar\/68cfafa5f44617fea54071e215026e0ff06be366c3d54a8425f04fdcb86f8c5f?s=96&d=mm&r=g","url":"https:\/\/secure.gravatar.com\/avatar\/68cfafa5f44617fea54071e215026e0ff06be366c3d54a8425f04fdcb86f8c5f?s=96&d=mm&r=g","contentUrl":"https:\/\/secure.gravatar.com\/avatar\/68cfafa5f44617fea54071e215026e0ff06be366c3d54a8425f04fdcb86f8c5f?s=96&d=mm&r=g","caption":"@sscc"},"url":"https:\/\/www.padreeustaquio.com.br\/es\/author\/sscc\/"}]}},"_links":{"self":[{"href":"https:\/\/www.padreeustaquio.com.br\/es\/wp-json\/wp\/v2\/posts\/8451","targetHints":{"allow":["GET"]}}],"collection":[{"href":"https:\/\/www.padreeustaquio.com.br\/es\/wp-json\/wp\/v2\/posts"}],"about":[{"href":"https:\/\/www.padreeustaquio.com.br\/es\/wp-json\/wp\/v2\/types\/post"}],"author":[{"embeddable":true,"href":"https:\/\/www.padreeustaquio.com.br\/es\/wp-json\/wp\/v2\/users\/2"}],"replies":[{"embeddable":true,"href":"https:\/\/www.padreeustaquio.com.br\/es\/wp-json\/wp\/v2\/comments?post=8451"}],"version-history":[{"count":0,"href":"https:\/\/www.padreeustaquio.com.br\/es\/wp-json\/wp\/v2\/posts\/8451\/revisions"}],"wp:featuredmedia":[{"embeddable":true,"href":"https:\/\/www.padreeustaquio.com.br\/es\/wp-json\/wp\/v2\/media\/8452"}],"wp:attachment":[{"href":"https:\/\/www.padreeustaquio.com.br\/es\/wp-json\/wp\/v2\/media?parent=8451"}],"wp:term":[{"taxonomy":"category","embeddable":true,"href":"https:\/\/www.padreeustaquio.com.br\/es\/wp-json\/wp\/v2\/categories?post=8451"},{"taxonomy":"post_tag","embeddable":true,"href":"https:\/\/www.padreeustaquio.com.br\/es\/wp-json\/wp\/v2\/tags?post=8451"}],"curies":[{"name":"wp","href":"https:\/\/api.w.org\/{rel}","templated":true}]}}