{"id":8432,"date":"2022-04-08T06:14:00","date_gmt":"2022-04-08T09:14:00","guid":{"rendered":"https:\/\/www.padreeustaquio.com.br\/?p=8432"},"modified":"2022-04-07T09:24:29","modified_gmt":"2022-04-07T12:24:29","slug":"causa-de-canonizacion-realiza-donacion-al-museo-padre-eustaquio-en-porto-alegre-sao-paulo","status":"publish","type":"post","link":"https:\/\/www.padreeustaquio.com.br\/es\/causa-de-canonizacion-realiza-donacion-al-museo-padre-eustaquio-en-porto-alegre-sao-paulo\/","title":{"rendered":"La causa de canonizaci\u00f3n realiza una donaci\u00f3n al Museo Padre Eust\u00e1quio en Po\u00e1, S\u00e3o Paulo."},"content":{"rendered":"<p>La Causa de Canonizaci\u00f3n del Beato Padre Eust\u00e1quio realiz\u00f3 una donaci\u00f3n al Museo dedicado al Beato en Po\u00e1, en la regi\u00f3n metropolitana de S\u00e3o Paulo. Se trata de una sotana que perteneci\u00f3 a los religiosos de los Sagrados Corazones. La entrega fue realizada por el Vicepostulador de la causa, Padre Vin\u00edcius Maciel, SSCC, y por el investigador del Secretariado Nacional, Leandro Castro.<\/p>\n\n\n\n<p>La sotana lleva las marcas del tiempo y la labor que el Padre Eust\u00e1quio realiz\u00f3 durante su vida. A\u00f1os de dedicaci\u00f3n a los dem\u00e1s, especialmente a los enfermos y a los que sufren. En la prenda se pueden observar fajas y parches hechos hace muchos a\u00f1os. La sotana blanca tambi\u00e9n presenta manchas y se\u00f1ales de la \u00e9poca en que la us\u00f3 el Beato.<\/p>\n\n\n\n<p>La donaci\u00f3n fue entregada a las coordinadoras del Museo, Delcimar Ferreira y Luciana Freire, y es un reconocimiento del Secretariado Nacional para la Causa de Canonizaci\u00f3n del Beato, al hermoso trabajo desarrollado desde 2014 por el grupo de voluntarios \u201cAmigos del Museo Padre Eust\u00e1quio\u201d.<\/p>\n\n\n\n<p><strong>La sotana<\/strong><\/p>\n\n\n\n<div class=\"wp-block-image\"><figure class=\"alignleft size-medium is-resized\"><img fetchpriority=\"high\" decoding=\"async\" src=\"https:\/\/www.padreeustaquio.com.br\/wp-content\/uploads\/2022\/04\/WhatsApp-Image-2022-04-04-at-17.05.10-3-300x200.jpeg\" alt=\"\" class=\"wp-image-8434\" width=\"340\" height=\"227\" srcset=\"https:\/\/www.padreeustaquio.com.br\/wp-content\/uploads\/2022\/04\/WhatsApp-Image-2022-04-04-at-17.05.10-3-300x200.jpeg 300w, https:\/\/www.padreeustaquio.com.br\/wp-content\/uploads\/2022\/04\/WhatsApp-Image-2022-04-04-at-17.05.10-3-1024x682.jpeg 1024w, https:\/\/www.padreeustaquio.com.br\/wp-content\/uploads\/2022\/04\/WhatsApp-Image-2022-04-04-at-17.05.10-3-768x512.jpeg 768w, https:\/\/www.padreeustaquio.com.br\/wp-content\/uploads\/2022\/04\/WhatsApp-Image-2022-04-04-at-17.05.10-3.jpeg 1280w\" sizes=\"(max-width: 340px) 100vw, 340px\" \/><\/figure><\/div>\n\n\n\n<p>Esta sotana, perteneciente al Beato Padre Eustaquio, fue recuperada y catalogada por el equipo encargado de sus pertenencias. Seg\u00fan el investigador Leandro Castro, la certificaci\u00f3n de su verdadera pertenencia se debe a su n\u00famero de identificaci\u00f3n, que se encuentra en el interior de la prenda. El sacerdote holand\u00e9s fue identificado en la Congregaci\u00f3n con el n\u00famero 79.<\/p>\n\n\n\n<p><\/p>","protected":false},"excerpt":{"rendered":"<p>A Causa de Canoniza\u00e7\u00e3o do Beato Padre Eust\u00e1quio fez uma doa\u00e7\u00e3o para o Museu dedicado ao Bem-aventurado em Po\u00e1, na regi\u00e3o metropolitana de S\u00e3o Paulo. A pe\u00e7a \u00e9 um batina que pertenceu ao religioso dos Sagrados Cora\u00e7\u00f5es. A entrega foi realizada pelo Vice-postulador da causa, Padre Vin\u00edcius Maciel, SSCC e pelo pesquisador do Secretariado Nacional. Leandro Castro. A batina traz marcas do tempo e do trabalho que Padre Eust\u00e1quio desenvolvia durante sua vida. Anos de dedica\u00e7\u00e3o ao pr\u00f3ximo, principalmente aos doentes e sofredores. Na veste \u00e9 poss\u00edvel observar cingidos e remendos feitos h\u00e1 muitos anos. A batina branca traz ainda [&hellip;]<\/p>\n","protected":false},"author":2,"featured_media":8433,"comment_status":"open","ping_status":"closed","sticky":false,"template":"","format":"standard","meta":{"_acf_changed":false,"footnotes":""},"categories":[611],"tags":[],"class_list":["post-8432","post","type-post","status-publish","format-standard","has-post-thumbnail","hentry","category-noticias"],"acf":[],"yoast_head":"<!-- This site is optimized with the Yoast SEO plugin v27.2 - https:\/\/yoast.com\/product\/yoast-seo-wordpress\/ -->\n<title>Causa de Canoniza\u00e7\u00e3o faz doa\u00e7\u00e3o para Museu Padre Eust\u00e1quio em Po\u00e1, S\u00e3o Paulo<\/title>\n<meta name=\"description\" content=\"A Causa de Canoniza\u00e7\u00e3o do Beato Padre Eust\u00e1quio fez uma doa\u00e7\u00e3o para o Museu dedicado ao Bem-aventurado em Po\u00e1, na regi\u00e3o metropolitana de S\u00e3o Paulo. A pe\u00e7a \u00e9 um batina que pertenceu ao religioso dos Sagrados Cora\u00e7\u00f5es. A entrega foi realizada pelo Vice-postulador da causa, Padre Vin\u00edcius Maciel, SSCC e pelo pesquisador do Secretariado Nacional. Leandro Castro.\" \/>\n<meta name=\"robots\" content=\"index, follow, max-snippet:-1, max-image-preview:large, max-video-preview:-1\" \/>\n<link rel=\"canonical\" href=\"https:\/\/www.padreeustaquio.com.br\/es\/causa-de-canonizacion-realiza-donacion-al-museo-padre-eustaquio-en-porto-alegre-sao-paulo\/\" \/>\n<meta property=\"og:locale\" content=\"es_ES\" \/>\n<meta property=\"og:type\" content=\"article\" \/>\n<meta property=\"og:title\" content=\"Causa de Canoniza\u00e7\u00e3o faz doa\u00e7\u00e3o para Museu Padre Eust\u00e1quio em Po\u00e1, S\u00e3o Paulo\" \/>\n<meta property=\"og:description\" content=\"A Causa de Canoniza\u00e7\u00e3o do Beato Padre Eust\u00e1quio fez uma doa\u00e7\u00e3o para o Museu dedicado ao Bem-aventurado em Po\u00e1, na regi\u00e3o metropolitana de S\u00e3o Paulo. A pe\u00e7a \u00e9 um batina que pertenceu ao religioso dos Sagrados Cora\u00e7\u00f5es. A entrega foi realizada pelo Vice-postulador da causa, Padre Vin\u00edcius Maciel, SSCC e pelo pesquisador do Secretariado Nacional. Leandro Castro.\" \/>\n<meta property=\"og:url\" content=\"https:\/\/www.padreeustaquio.com.br\/es\/causa-de-canonizacion-realiza-donacion-al-museo-padre-eustaquio-en-porto-alegre-sao-paulo\/\" \/>\n<meta property=\"og:site_name\" content=\"Padre Eust\u00e1quio\" \/>\n<meta property=\"article:publisher\" content=\"https:\/\/www.facebook.com\/beatopadreeustaquio\/\" \/>\n<meta property=\"article:published_time\" content=\"2022-04-08T09:14:00+00:00\" \/>\n<meta property=\"og:image\" content=\"https:\/\/www.padreeustaquio.com.br\/wp-content\/uploads\/2022\/04\/WhatsApp-Image-2022-04-04-at-17.05.10-2.jpeg\" \/>\n\t<meta property=\"og:image:width\" content=\"1280\" \/>\n\t<meta property=\"og:image:height\" content=\"853\" \/>\n\t<meta property=\"og:image:type\" content=\"image\/jpeg\" \/>\n<meta name=\"author\" content=\"@sscc\" \/>\n<meta name=\"twitter:card\" content=\"summary_large_image\" \/>\n<meta name=\"twitter:creator\" content=\"@beatopeustaquio\" \/>\n<meta name=\"twitter:site\" content=\"@beatopeustaquio\" \/>\n<meta name=\"twitter:label1\" content=\"Escrito por\" \/>\n\t<meta name=\"twitter:data1\" content=\"@sscc\" \/>\n\t<meta name=\"twitter:label2\" content=\"Tiempo de lectura\" \/>\n\t<meta name=\"twitter:data2\" content=\"2 minutos\" \/>\n<script type=\"application\/ld+json\" class=\"yoast-schema-graph\">{\"@context\":\"https:\/\/schema.org\",\"@graph\":[{\"@type\":\"Article\",\"@id\":\"https:\/\/www.padreeustaquio.com.br\/causa-de-canonizacao-faz-doacao-para-museu-padre-eustaquio-em-poa-sao-paulo\/#article\",\"isPartOf\":{\"@id\":\"https:\/\/www.padreeustaquio.com.br\/causa-de-canonizacao-faz-doacao-para-museu-padre-eustaquio-em-poa-sao-paulo\/\"},\"author\":{\"name\":\"@sscc\",\"@id\":\"https:\/\/www.padreeustaquio.com.br\/#\/schema\/person\/a2a51db1d00f1a7af0204a0f1ddb1566\"},\"headline\":\"Causa de Canoniza\u00e7\u00e3o faz doa\u00e7\u00e3o para Museu Padre Eust\u00e1quio em Po\u00e1, S\u00e3o Paulo\",\"datePublished\":\"2022-04-08T09:14:00+00:00\",\"mainEntityOfPage\":{\"@id\":\"https:\/\/www.padreeustaquio.com.br\/causa-de-canonizacao-faz-doacao-para-museu-padre-eustaquio-em-poa-sao-paulo\/\"},\"wordCount\":249,\"commentCount\":0,\"publisher\":{\"@id\":\"https:\/\/www.padreeustaquio.com.br\/#organization\"},\"image\":{\"@id\":\"https:\/\/www.padreeustaquio.com.br\/causa-de-canonizacao-faz-doacao-para-museu-padre-eustaquio-em-poa-sao-paulo\/#primaryimage\"},\"thumbnailUrl\":\"https:\/\/www.padreeustaquio.com.br\/wp-content\/uploads\/2022\/04\/WhatsApp-Image-2022-04-04-at-17.05.10-2.jpeg\",\"articleSection\":[\"Not\u00edcias\"],\"inLanguage\":\"es\",\"potentialAction\":[{\"@type\":\"CommentAction\",\"name\":\"Comment\",\"target\":[\"https:\/\/www.padreeustaquio.com.br\/causa-de-canonizacao-faz-doacao-para-museu-padre-eustaquio-em-poa-sao-paulo\/#respond\"]}]},{\"@type\":\"WebPage\",\"@id\":\"https:\/\/www.padreeustaquio.com.br\/causa-de-canonizacao-faz-doacao-para-museu-padre-eustaquio-em-poa-sao-paulo\/\",\"url\":\"https:\/\/www.padreeustaquio.com.br\/causa-de-canonizacao-faz-doacao-para-museu-padre-eustaquio-em-poa-sao-paulo\/\",\"name\":\"Causa de Canoniza\u00e7\u00e3o faz doa\u00e7\u00e3o para Museu Padre Eust\u00e1quio em Po\u00e1, S\u00e3o Paulo\",\"isPartOf\":{\"@id\":\"https:\/\/www.padreeustaquio.com.br\/#website\"},\"primaryImageOfPage\":{\"@id\":\"https:\/\/www.padreeustaquio.com.br\/causa-de-canonizacao-faz-doacao-para-museu-padre-eustaquio-em-poa-sao-paulo\/#primaryimage\"},\"image\":{\"@id\":\"https:\/\/www.padreeustaquio.com.br\/causa-de-canonizacao-faz-doacao-para-museu-padre-eustaquio-em-poa-sao-paulo\/#primaryimage\"},\"thumbnailUrl\":\"https:\/\/www.padreeustaquio.com.br\/wp-content\/uploads\/2022\/04\/WhatsApp-Image-2022-04-04-at-17.05.10-2.jpeg\",\"datePublished\":\"2022-04-08T09:14:00+00:00\",\"description\":\"A Causa de Canoniza\u00e7\u00e3o do Beato Padre Eust\u00e1quio fez uma doa\u00e7\u00e3o para o Museu dedicado ao Bem-aventurado em Po\u00e1, na regi\u00e3o metropolitana de S\u00e3o Paulo. A pe\u00e7a \u00e9 um batina que pertenceu ao religioso dos Sagrados Cora\u00e7\u00f5es. A entrega foi realizada pelo Vice-postulador da causa, Padre Vin\u00edcius Maciel, SSCC e pelo pesquisador do Secretariado Nacional. Leandro Castro.\",\"breadcrumb\":{\"@id\":\"https:\/\/www.padreeustaquio.com.br\/causa-de-canonizacao-faz-doacao-para-museu-padre-eustaquio-em-poa-sao-paulo\/#breadcrumb\"},\"inLanguage\":\"es\",\"potentialAction\":[{\"@type\":\"ReadAction\",\"target\":[\"https:\/\/www.padreeustaquio.com.br\/causa-de-canonizacao-faz-doacao-para-museu-padre-eustaquio-em-poa-sao-paulo\/\"]}]},{\"@type\":\"ImageObject\",\"inLanguage\":\"es\",\"@id\":\"https:\/\/www.padreeustaquio.com.br\/causa-de-canonizacao-faz-doacao-para-museu-padre-eustaquio-em-poa-sao-paulo\/#primaryimage\",\"url\":\"https:\/\/www.padreeustaquio.com.br\/wp-content\/uploads\/2022\/04\/WhatsApp-Image-2022-04-04-at-17.05.10-2.jpeg\",\"contentUrl\":\"https:\/\/www.padreeustaquio.com.br\/wp-content\/uploads\/2022\/04\/WhatsApp-Image-2022-04-04-at-17.05.10-2.jpeg\",\"width\":1280,\"height\":853},{\"@type\":\"BreadcrumbList\",\"@id\":\"https:\/\/www.padreeustaquio.com.br\/causa-de-canonizacao-faz-doacao-para-museu-padre-eustaquio-em-poa-sao-paulo\/#breadcrumb\",\"itemListElement\":[{\"@type\":\"ListItem\",\"position\":1,\"name\":\"In\u00edcio\",\"item\":\"https:\/\/www.padreeustaquio.com.br\/\"},{\"@type\":\"ListItem\",\"position\":2,\"name\":\"Causa de Canoniza\u00e7\u00e3o faz doa\u00e7\u00e3o para Museu Padre Eust\u00e1quio em Po\u00e1, S\u00e3o Paulo\"}]},{\"@type\":\"WebSite\",\"@id\":\"https:\/\/www.padreeustaquio.com.br\/#website\",\"url\":\"https:\/\/www.padreeustaquio.com.br\/\",\"name\":\"Padre Eust\u00e1quio\",\"description\":\"Sa\u00fade e Paz\",\"publisher\":{\"@id\":\"https:\/\/www.padreeustaquio.com.br\/#organization\"},\"potentialAction\":[{\"@type\":\"SearchAction\",\"target\":{\"@type\":\"EntryPoint\",\"urlTemplate\":\"https:\/\/www.padreeustaquio.com.br\/?s={search_term_string}\"},\"query-input\":{\"@type\":\"PropertyValueSpecification\",\"valueRequired\":true,\"valueName\":\"search_term_string\"}}],\"inLanguage\":\"es\"},{\"@type\":\"Organization\",\"@id\":\"https:\/\/www.padreeustaquio.com.br\/#organization\",\"name\":\"Padre Eust\u00e1quio\",\"url\":\"https:\/\/www.padreeustaquio.com.br\/\",\"logo\":{\"@type\":\"ImageObject\",\"inLanguage\":\"es\",\"@id\":\"https:\/\/www.padreeustaquio.com.br\/#\/schema\/logo\/image\/\",\"url\":\"https:\/\/www.padreeustaquio.com.br\/wp-content\/uploads\/2019\/08\/marca.png\",\"contentUrl\":\"https:\/\/www.padreeustaquio.com.br\/wp-content\/uploads\/2019\/08\/marca.png\",\"width\":350,\"height\":400,\"caption\":\"Padre Eust\u00e1quio\"},\"image\":{\"@id\":\"https:\/\/www.padreeustaquio.com.br\/#\/schema\/logo\/image\/\"},\"sameAs\":[\"https:\/\/www.facebook.com\/beatopadreeustaquio\/\",\"https:\/\/x.com\/beatopeustaquio\",\"https:\/\/www.instagram.com\/beatopadreeustaquio\/\",\"https:\/\/www.youtube.com\/channel\/UCRhw7vfabnajwLxb1ZXMeIw\"]},{\"@type\":\"Person\",\"@id\":\"https:\/\/www.padreeustaquio.com.br\/#\/schema\/person\/a2a51db1d00f1a7af0204a0f1ddb1566\",\"name\":\"@sscc\",\"image\":{\"@type\":\"ImageObject\",\"inLanguage\":\"es\",\"@id\":\"https:\/\/secure.gravatar.com\/avatar\/68cfafa5f44617fea54071e215026e0ff06be366c3d54a8425f04fdcb86f8c5f?s=96&d=mm&r=g\",\"url\":\"https:\/\/secure.gravatar.com\/avatar\/68cfafa5f44617fea54071e215026e0ff06be366c3d54a8425f04fdcb86f8c5f?s=96&d=mm&r=g\",\"contentUrl\":\"https:\/\/secure.gravatar.com\/avatar\/68cfafa5f44617fea54071e215026e0ff06be366c3d54a8425f04fdcb86f8c5f?s=96&d=mm&r=g\",\"caption\":\"@sscc\"},\"url\":\"https:\/\/www.padreeustaquio.com.br\/es\/author\/sscc\/\"}]}<\/script>\n<!-- \/ Yoast SEO plugin. -->","yoast_head_json":{"title":"La causa de canonizaci\u00f3n realiza una donaci\u00f3n al Museo Padre Eust\u00e1quio en Po\u00e1, S\u00e3o Paulo.","description":"La Causa de Canonizaci\u00f3n del Beato Padre Eust\u00e1quio realiz\u00f3 una donaci\u00f3n al Museo dedicado al Beato en Po\u00e1, en la regi\u00f3n metropolitana de S\u00e3o Paulo. Se trata de una sotana que perteneci\u00f3 a los religiosos de los Sagrados Corazones. La entrega fue realizada por el Vicepostulador de la causa, Padre Vin\u00edcius Maciel, SSCC, y por el investigador del Secretariado Nacional, Leandro Castro.","robots":{"index":"index","follow":"follow","max-snippet":"max-snippet:-1","max-image-preview":"max-image-preview:large","max-video-preview":"max-video-preview:-1"},"canonical":"https:\/\/www.padreeustaquio.com.br\/es\/causa-de-canonizacion-realiza-donacion-al-museo-padre-eustaquio-en-porto-alegre-sao-paulo\/","og_locale":"es_ES","og_type":"article","og_title":"Causa de Canoniza\u00e7\u00e3o faz doa\u00e7\u00e3o para Museu Padre Eust\u00e1quio em Po\u00e1, S\u00e3o Paulo","og_description":"A Causa de Canoniza\u00e7\u00e3o do Beato Padre Eust\u00e1quio fez uma doa\u00e7\u00e3o para o Museu dedicado ao Bem-aventurado em Po\u00e1, na regi\u00e3o metropolitana de S\u00e3o Paulo. A pe\u00e7a \u00e9 um batina que pertenceu ao religioso dos Sagrados Cora\u00e7\u00f5es. A entrega foi realizada pelo Vice-postulador da causa, Padre Vin\u00edcius Maciel, SSCC e pelo pesquisador do Secretariado Nacional. Leandro Castro.","og_url":"https:\/\/www.padreeustaquio.com.br\/es\/causa-de-canonizacion-realiza-donacion-al-museo-padre-eustaquio-en-porto-alegre-sao-paulo\/","og_site_name":"Padre Eust\u00e1quio","article_publisher":"https:\/\/www.facebook.com\/beatopadreeustaquio\/","article_published_time":"2022-04-08T09:14:00+00:00","og_image":[{"width":1280,"height":853,"url":"https:\/\/www.padreeustaquio.com.br\/wp-content\/uploads\/2022\/04\/WhatsApp-Image-2022-04-04-at-17.05.10-2.jpeg","type":"image\/jpeg"}],"author":"@sscc","twitter_card":"summary_large_image","twitter_creator":"@beatopeustaquio","twitter_site":"@beatopeustaquio","twitter_misc":{"Escrito por":"@sscc","Tiempo de lectura":"2 minutos"},"schema":{"@context":"https:\/\/schema.org","@graph":[{"@type":"Article","@id":"https:\/\/www.padreeustaquio.com.br\/causa-de-canonizacao-faz-doacao-para-museu-padre-eustaquio-em-poa-sao-paulo\/#article","isPartOf":{"@id":"https:\/\/www.padreeustaquio.com.br\/causa-de-canonizacao-faz-doacao-para-museu-padre-eustaquio-em-poa-sao-paulo\/"},"author":{"name":"@sscc","@id":"https:\/\/www.padreeustaquio.com.br\/#\/schema\/person\/a2a51db1d00f1a7af0204a0f1ddb1566"},"headline":"Causa de Canoniza\u00e7\u00e3o faz doa\u00e7\u00e3o para Museu Padre Eust\u00e1quio em Po\u00e1, S\u00e3o Paulo","datePublished":"2022-04-08T09:14:00+00:00","mainEntityOfPage":{"@id":"https:\/\/www.padreeustaquio.com.br\/causa-de-canonizacao-faz-doacao-para-museu-padre-eustaquio-em-poa-sao-paulo\/"},"wordCount":249,"commentCount":0,"publisher":{"@id":"https:\/\/www.padreeustaquio.com.br\/#organization"},"image":{"@id":"https:\/\/www.padreeustaquio.com.br\/causa-de-canonizacao-faz-doacao-para-museu-padre-eustaquio-em-poa-sao-paulo\/#primaryimage"},"thumbnailUrl":"https:\/\/www.padreeustaquio.com.br\/wp-content\/uploads\/2022\/04\/WhatsApp-Image-2022-04-04-at-17.05.10-2.jpeg","articleSection":["Not\u00edcias"],"inLanguage":"es","potentialAction":[{"@type":"CommentAction","name":"Comment","target":["https:\/\/www.padreeustaquio.com.br\/causa-de-canonizacao-faz-doacao-para-museu-padre-eustaquio-em-poa-sao-paulo\/#respond"]}]},{"@type":"WebPage","@id":"https:\/\/www.padreeustaquio.com.br\/causa-de-canonizacao-faz-doacao-para-museu-padre-eustaquio-em-poa-sao-paulo\/","url":"https:\/\/www.padreeustaquio.com.br\/causa-de-canonizacao-faz-doacao-para-museu-padre-eustaquio-em-poa-sao-paulo\/","name":"La causa de canonizaci\u00f3n realiza una donaci\u00f3n al Museo Padre Eust\u00e1quio en Po\u00e1, S\u00e3o Paulo.","isPartOf":{"@id":"https:\/\/www.padreeustaquio.com.br\/#website"},"primaryImageOfPage":{"@id":"https:\/\/www.padreeustaquio.com.br\/causa-de-canonizacao-faz-doacao-para-museu-padre-eustaquio-em-poa-sao-paulo\/#primaryimage"},"image":{"@id":"https:\/\/www.padreeustaquio.com.br\/causa-de-canonizacao-faz-doacao-para-museu-padre-eustaquio-em-poa-sao-paulo\/#primaryimage"},"thumbnailUrl":"https:\/\/www.padreeustaquio.com.br\/wp-content\/uploads\/2022\/04\/WhatsApp-Image-2022-04-04-at-17.05.10-2.jpeg","datePublished":"2022-04-08T09:14:00+00:00","description":"La Causa de Canonizaci\u00f3n del Beato Padre Eust\u00e1quio realiz\u00f3 una donaci\u00f3n al Museo dedicado al Beato en Po\u00e1, en la regi\u00f3n metropolitana de S\u00e3o Paulo. Se trata de una sotana que perteneci\u00f3 a los religiosos de los Sagrados Corazones. La entrega fue realizada por el Vicepostulador de la causa, Padre Vin\u00edcius Maciel, SSCC, y por el investigador del Secretariado Nacional, Leandro Castro.","breadcrumb":{"@id":"https:\/\/www.padreeustaquio.com.br\/causa-de-canonizacao-faz-doacao-para-museu-padre-eustaquio-em-poa-sao-paulo\/#breadcrumb"},"inLanguage":"es","potentialAction":[{"@type":"ReadAction","target":["https:\/\/www.padreeustaquio.com.br\/causa-de-canonizacao-faz-doacao-para-museu-padre-eustaquio-em-poa-sao-paulo\/"]}]},{"@type":"ImageObject","inLanguage":"es","@id":"https:\/\/www.padreeustaquio.com.br\/causa-de-canonizacao-faz-doacao-para-museu-padre-eustaquio-em-poa-sao-paulo\/#primaryimage","url":"https:\/\/www.padreeustaquio.com.br\/wp-content\/uploads\/2022\/04\/WhatsApp-Image-2022-04-04-at-17.05.10-2.jpeg","contentUrl":"https:\/\/www.padreeustaquio.com.br\/wp-content\/uploads\/2022\/04\/WhatsApp-Image-2022-04-04-at-17.05.10-2.jpeg","width":1280,"height":853},{"@type":"BreadcrumbList","@id":"https:\/\/www.padreeustaquio.com.br\/causa-de-canonizacao-faz-doacao-para-museu-padre-eustaquio-em-poa-sao-paulo\/#breadcrumb","itemListElement":[{"@type":"ListItem","position":1,"name":"In\u00edcio","item":"https:\/\/www.padreeustaquio.com.br\/"},{"@type":"ListItem","position":2,"name":"Causa de Canoniza\u00e7\u00e3o faz doa\u00e7\u00e3o para Museu Padre Eust\u00e1quio em Po\u00e1, S\u00e3o Paulo"}]},{"@type":"WebSite","@id":"https:\/\/www.padreeustaquio.com.br\/#website","url":"https:\/\/www.padreeustaquio.com.br\/","name":"Padre Eustace","description":"Salud y Paz","publisher":{"@id":"https:\/\/www.padreeustaquio.com.br\/#organization"},"potentialAction":[{"@type":"SearchAction","target":{"@type":"EntryPoint","urlTemplate":"https:\/\/www.padreeustaquio.com.br\/?s={search_term_string}"},"query-input":{"@type":"PropertyValueSpecification","valueRequired":true,"valueName":"search_term_string"}}],"inLanguage":"es"},{"@type":"Organization","@id":"https:\/\/www.padreeustaquio.com.br\/#organization","name":"Padre Eustace","url":"https:\/\/www.padreeustaquio.com.br\/","logo":{"@type":"ImageObject","inLanguage":"es","@id":"https:\/\/www.padreeustaquio.com.br\/#\/schema\/logo\/image\/","url":"https:\/\/www.padreeustaquio.com.br\/wp-content\/uploads\/2019\/08\/marca.png","contentUrl":"https:\/\/www.padreeustaquio.com.br\/wp-content\/uploads\/2019\/08\/marca.png","width":350,"height":400,"caption":"Padre Eust\u00e1quio"},"image":{"@id":"https:\/\/www.padreeustaquio.com.br\/#\/schema\/logo\/image\/"},"sameAs":["https:\/\/www.facebook.com\/beatopadreeustaquio\/","https:\/\/x.com\/beatopeustaquio","https:\/\/www.instagram.com\/beatopadreeustaquio\/","https:\/\/www.youtube.com\/channel\/UCRhw7vfabnajwLxb1ZXMeIw"]},{"@type":"Person","@id":"https:\/\/www.padreeustaquio.com.br\/#\/schema\/person\/a2a51db1d00f1a7af0204a0f1ddb1566","name":"@sscc","image":{"@type":"ImageObject","inLanguage":"es","@id":"https:\/\/secure.gravatar.com\/avatar\/68cfafa5f44617fea54071e215026e0ff06be366c3d54a8425f04fdcb86f8c5f?s=96&d=mm&r=g","url":"https:\/\/secure.gravatar.com\/avatar\/68cfafa5f44617fea54071e215026e0ff06be366c3d54a8425f04fdcb86f8c5f?s=96&d=mm&r=g","contentUrl":"https:\/\/secure.gravatar.com\/avatar\/68cfafa5f44617fea54071e215026e0ff06be366c3d54a8425f04fdcb86f8c5f?s=96&d=mm&r=g","caption":"@sscc"},"url":"https:\/\/www.padreeustaquio.com.br\/es\/author\/sscc\/"}]}},"_links":{"self":[{"href":"https:\/\/www.padreeustaquio.com.br\/es\/wp-json\/wp\/v2\/posts\/8432","targetHints":{"allow":["GET"]}}],"collection":[{"href":"https:\/\/www.padreeustaquio.com.br\/es\/wp-json\/wp\/v2\/posts"}],"about":[{"href":"https:\/\/www.padreeustaquio.com.br\/es\/wp-json\/wp\/v2\/types\/post"}],"author":[{"embeddable":true,"href":"https:\/\/www.padreeustaquio.com.br\/es\/wp-json\/wp\/v2\/users\/2"}],"replies":[{"embeddable":true,"href":"https:\/\/www.padreeustaquio.com.br\/es\/wp-json\/wp\/v2\/comments?post=8432"}],"version-history":[{"count":0,"href":"https:\/\/www.padreeustaquio.com.br\/es\/wp-json\/wp\/v2\/posts\/8432\/revisions"}],"wp:featuredmedia":[{"embeddable":true,"href":"https:\/\/www.padreeustaquio.com.br\/es\/wp-json\/wp\/v2\/media\/8433"}],"wp:attachment":[{"href":"https:\/\/www.padreeustaquio.com.br\/es\/wp-json\/wp\/v2\/media?parent=8432"}],"wp:term":[{"taxonomy":"category","embeddable":true,"href":"https:\/\/www.padreeustaquio.com.br\/es\/wp-json\/wp\/v2\/categories?post=8432"},{"taxonomy":"post_tag","embeddable":true,"href":"https:\/\/www.padreeustaquio.com.br\/es\/wp-json\/wp\/v2\/tags?post=8432"}],"curies":[{"name":"wp","href":"https:\/\/api.w.org\/{rel}","templated":true}]}}