{"id":8428,"date":"2022-04-07T09:11:03","date_gmt":"2022-04-07T12:11:03","guid":{"rendered":"https:\/\/www.padreeustaquio.com.br\/?p=8428"},"modified":"2022-04-07T09:11:05","modified_gmt":"2022-04-07T12:11:05","slug":"devotos-de-belo-horizonte-visitan-el-museo-padre-eustaquio-en-porto-alegre-sao-paulo","status":"publish","type":"post","link":"https:\/\/www.padreeustaquio.com.br\/es\/devotos-de-belo-horizonte-visitan-el-museo-padre-eustaquio-en-porto-alegre-sao-paulo\/","title":{"rendered":"Devotos de Belo Horizonte visitan el Museo Padre Eust\u00e1quio en Po\u00e1, S\u00e3o Paulo."},"content":{"rendered":"<p>Devotos del Padre Eust\u00e1quio residentes en Belo Horizonte visitaron la ciudad de Po\u00e1\/SP este fin de semana. La idea era profundizar en la historia del Beato Padre. El grupo fue recibido por los coordinadores del museo, Delcimar Ferreira y Luciana Freire, y voluntarios que ayudan con el mantenimiento del sitio.<\/p>\n\n\n\n<p>Aproximadamente 30 visitantes participaron en el recorrido, organizado por el Vicepostulador de la Causa de Canonizaci\u00f3n del Beato Padre Eust\u00e1quio, Padre Vin\u00edcius Maciel, SSCC. Los devotos visitaron la Iglesia de Nuestra Se\u00f1ora de Lourdes, la gruta construida por el Padre Eust\u00e1quio y el Museo.<\/p>\n\n\n\n<div class=\"wp-block-image\"><figure class=\"alignleft size-medium is-resized\"><img fetchpriority=\"high\" decoding=\"async\" src=\"https:\/\/www.padreeustaquio.com.br\/wp-content\/uploads\/2022\/04\/WhatsApp-Image-2022-04-04-at-17.05.10-1-300x200.jpeg\" alt=\"\" class=\"wp-image-8430\" width=\"329\" height=\"219\" srcset=\"https:\/\/www.padreeustaquio.com.br\/wp-content\/uploads\/2022\/04\/WhatsApp-Image-2022-04-04-at-17.05.10-1-300x200.jpeg 300w, https:\/\/www.padreeustaquio.com.br\/wp-content\/uploads\/2022\/04\/WhatsApp-Image-2022-04-04-at-17.05.10-1-1024x682.jpeg 1024w, https:\/\/www.padreeustaquio.com.br\/wp-content\/uploads\/2022\/04\/WhatsApp-Image-2022-04-04-at-17.05.10-1-768x512.jpeg 768w, https:\/\/www.padreeustaquio.com.br\/wp-content\/uploads\/2022\/04\/WhatsApp-Image-2022-04-04-at-17.05.10-1.jpeg 1280w\" sizes=\"(max-width: 329px) 100vw, 329px\" \/><\/figure><\/div>\n\n\n\n<p>En el espacio hist\u00f3rico, los fieles escucharon un poco sobre la historia del Beato y su estancia en Po\u00e1\/SP. Delcimar Ferreira mostr\u00f3 fotos antiguas, as\u00ed como utensilios y ropa que pertenecieron al Beato. Los devotos pudieron hacer preguntas sobre la vida del Beato con el coordinador del museo y con el Padre Vin\u00edcius Maciel, ss.cc.<\/p>\n\n\n\n<p>La reuni\u00f3n concluy\u00f3 con una reuni\u00f3n organizada por el personal del museo para dar la bienvenida a los devotos del Padre Eust\u00e1quio. Al final, Delcimar, Luciana y el personal pidieron al Padre Vin\u00edcius que bendijera algunas botellas de agua embotelladas en la ciudad para que cada devoto pudiera llevarlas de regreso a Belo Horizonte. Adem\u00e1s, todos recibieron una medalla del Padre Eust\u00e1quio.<\/p>\n\n\n\n<p><\/p>","protected":false},"excerpt":{"rendered":"<p>Devotos do Padre Eust\u00e1quio que moram em Belo Horizonte, visitaram a cidade de Po\u00e1\/SP, nesse fim de semana. A ideia era se aprofundar um pouco mais na hist\u00f3ria do Bem-aventurado. O grupo foi recebido pelos coordenadores do Museu, Delcimar Ferreira e Luciana Freire e volunt\u00e1rios que ajudam na manuten\u00e7\u00e3o do local. Cerca de 30 visitantes participaram da visita, que foi organizada pelo Vice-postulador da Causa de Canoniza\u00e7\u00e3o do Beato Padre Eust\u00e1quio, Padre Vin\u00edcius Maciel, SSCC. Os devotos passaram pela Igreja Nossa Senhora de Lourdes, pela gruta constru\u00edda por Padre Eust\u00e1quio e pelo Museu. No espa\u00e7o hist\u00f3rico, os fi\u00e9is escutaram um [&hellip;]<\/p>\n","protected":false},"author":2,"featured_media":8429,"comment_status":"open","ping_status":"closed","sticky":false,"template":"","format":"standard","meta":{"_acf_changed":false,"footnotes":""},"categories":[611],"tags":[],"class_list":["post-8428","post","type-post","status-publish","format-standard","has-post-thumbnail","hentry","category-noticias"],"acf":[],"yoast_head":"<!-- This site is optimized with the Yoast SEO plugin v27.2 - https:\/\/yoast.com\/product\/yoast-seo-wordpress\/ -->\n<title>Devotos belorizontinos visitam Museu Padre Eust\u00e1quio em Po\u00e1, S\u00e3o Paulo<\/title>\n<meta name=\"description\" content=\"Devotos do Padre Eust\u00e1quio que moram em Belo Horizonte, visitaram a cidade de Po\u00e1\/SP, nesse fim de semana. A ideia era se aprofundar um pouco mais na hist\u00f3ria do Bem-aventurado. O grupo foi recebido pelos coordenadores do Museu, Delcimar Ferreira e Luciana Freire e volunt\u00e1rios que ajudam na manuten\u00e7\u00e3o do local.\" \/>\n<meta name=\"robots\" content=\"index, follow, max-snippet:-1, max-image-preview:large, max-video-preview:-1\" \/>\n<link rel=\"canonical\" href=\"https:\/\/www.padreeustaquio.com.br\/es\/devotos-de-belo-horizonte-visitan-el-museo-padre-eustaquio-en-porto-alegre-sao-paulo\/\" \/>\n<meta property=\"og:locale\" content=\"es_ES\" \/>\n<meta property=\"og:type\" content=\"article\" \/>\n<meta property=\"og:title\" content=\"Devotos belorizontinos visitam Museu Padre Eust\u00e1quio em Po\u00e1, S\u00e3o Paulo\" \/>\n<meta property=\"og:description\" content=\"Devotos do Padre Eust\u00e1quio que moram em Belo Horizonte, visitaram a cidade de Po\u00e1\/SP, nesse fim de semana. A ideia era se aprofundar um pouco mais na hist\u00f3ria do Bem-aventurado. O grupo foi recebido pelos coordenadores do Museu, Delcimar Ferreira e Luciana Freire e volunt\u00e1rios que ajudam na manuten\u00e7\u00e3o do local.\" \/>\n<meta property=\"og:url\" content=\"https:\/\/www.padreeustaquio.com.br\/es\/devotos-de-belo-horizonte-visitan-el-museo-padre-eustaquio-en-porto-alegre-sao-paulo\/\" \/>\n<meta property=\"og:site_name\" content=\"Padre Eust\u00e1quio\" \/>\n<meta property=\"article:publisher\" content=\"https:\/\/www.facebook.com\/beatopadreeustaquio\/\" \/>\n<meta property=\"article:published_time\" content=\"2022-04-07T12:11:03+00:00\" \/>\n<meta property=\"article:modified_time\" content=\"2022-04-07T12:11:05+00:00\" \/>\n<meta property=\"og:image\" content=\"https:\/\/www.padreeustaquio.com.br\/wp-content\/uploads\/2022\/04\/WhatsApp-Image-2022-04-04-at-17.05.10.jpeg\" \/>\n\t<meta property=\"og:image:width\" content=\"1280\" \/>\n\t<meta property=\"og:image:height\" content=\"853\" \/>\n\t<meta property=\"og:image:type\" content=\"image\/jpeg\" \/>\n<meta name=\"author\" content=\"@sscc\" \/>\n<meta name=\"twitter:card\" content=\"summary_large_image\" \/>\n<meta name=\"twitter:creator\" content=\"@beatopeustaquio\" \/>\n<meta name=\"twitter:site\" content=\"@beatopeustaquio\" \/>\n<meta name=\"twitter:label1\" content=\"Escrito por\" \/>\n\t<meta name=\"twitter:data1\" content=\"@sscc\" \/>\n\t<meta name=\"twitter:label2\" content=\"Tiempo de lectura\" \/>\n\t<meta name=\"twitter:data2\" content=\"2 minutos\" \/>\n<script type=\"application\/ld+json\" class=\"yoast-schema-graph\">{\"@context\":\"https:\/\/schema.org\",\"@graph\":[{\"@type\":\"Article\",\"@id\":\"https:\/\/www.padreeustaquio.com.br\/devotos-belorizontinos-visitam-museu-padre-eustaquio-em-poa-sao-paulo\/#article\",\"isPartOf\":{\"@id\":\"https:\/\/www.padreeustaquio.com.br\/devotos-belorizontinos-visitam-museu-padre-eustaquio-em-poa-sao-paulo\/\"},\"author\":{\"name\":\"@sscc\",\"@id\":\"https:\/\/www.padreeustaquio.com.br\/#\/schema\/person\/a2a51db1d00f1a7af0204a0f1ddb1566\"},\"headline\":\"Devotos belorizontinos visitam Museu Padre Eust\u00e1quio em Po\u00e1, S\u00e3o Paulo\",\"datePublished\":\"2022-04-07T12:11:03+00:00\",\"dateModified\":\"2022-04-07T12:11:05+00:00\",\"mainEntityOfPage\":{\"@id\":\"https:\/\/www.padreeustaquio.com.br\/devotos-belorizontinos-visitam-museu-padre-eustaquio-em-poa-sao-paulo\/\"},\"wordCount\":244,\"commentCount\":0,\"publisher\":{\"@id\":\"https:\/\/www.padreeustaquio.com.br\/#organization\"},\"image\":{\"@id\":\"https:\/\/www.padreeustaquio.com.br\/devotos-belorizontinos-visitam-museu-padre-eustaquio-em-poa-sao-paulo\/#primaryimage\"},\"thumbnailUrl\":\"https:\/\/www.padreeustaquio.com.br\/wp-content\/uploads\/2022\/04\/WhatsApp-Image-2022-04-04-at-17.05.10.jpeg\",\"articleSection\":[\"Not\u00edcias\"],\"inLanguage\":\"es\",\"potentialAction\":[{\"@type\":\"CommentAction\",\"name\":\"Comment\",\"target\":[\"https:\/\/www.padreeustaquio.com.br\/devotos-belorizontinos-visitam-museu-padre-eustaquio-em-poa-sao-paulo\/#respond\"]}]},{\"@type\":\"WebPage\",\"@id\":\"https:\/\/www.padreeustaquio.com.br\/devotos-belorizontinos-visitam-museu-padre-eustaquio-em-poa-sao-paulo\/\",\"url\":\"https:\/\/www.padreeustaquio.com.br\/devotos-belorizontinos-visitam-museu-padre-eustaquio-em-poa-sao-paulo\/\",\"name\":\"Devotos belorizontinos visitam Museu Padre Eust\u00e1quio em Po\u00e1, S\u00e3o Paulo\",\"isPartOf\":{\"@id\":\"https:\/\/www.padreeustaquio.com.br\/#website\"},\"primaryImageOfPage\":{\"@id\":\"https:\/\/www.padreeustaquio.com.br\/devotos-belorizontinos-visitam-museu-padre-eustaquio-em-poa-sao-paulo\/#primaryimage\"},\"image\":{\"@id\":\"https:\/\/www.padreeustaquio.com.br\/devotos-belorizontinos-visitam-museu-padre-eustaquio-em-poa-sao-paulo\/#primaryimage\"},\"thumbnailUrl\":\"https:\/\/www.padreeustaquio.com.br\/wp-content\/uploads\/2022\/04\/WhatsApp-Image-2022-04-04-at-17.05.10.jpeg\",\"datePublished\":\"2022-04-07T12:11:03+00:00\",\"dateModified\":\"2022-04-07T12:11:05+00:00\",\"description\":\"Devotos do Padre Eust\u00e1quio que moram em Belo Horizonte, visitaram a cidade de Po\u00e1\/SP, nesse fim de semana. A ideia era se aprofundar um pouco mais na hist\u00f3ria do Bem-aventurado. O grupo foi recebido pelos coordenadores do Museu, Delcimar Ferreira e Luciana Freire e volunt\u00e1rios que ajudam na manuten\u00e7\u00e3o do local.\",\"breadcrumb\":{\"@id\":\"https:\/\/www.padreeustaquio.com.br\/devotos-belorizontinos-visitam-museu-padre-eustaquio-em-poa-sao-paulo\/#breadcrumb\"},\"inLanguage\":\"es\",\"potentialAction\":[{\"@type\":\"ReadAction\",\"target\":[\"https:\/\/www.padreeustaquio.com.br\/devotos-belorizontinos-visitam-museu-padre-eustaquio-em-poa-sao-paulo\/\"]}]},{\"@type\":\"ImageObject\",\"inLanguage\":\"es\",\"@id\":\"https:\/\/www.padreeustaquio.com.br\/devotos-belorizontinos-visitam-museu-padre-eustaquio-em-poa-sao-paulo\/#primaryimage\",\"url\":\"https:\/\/www.padreeustaquio.com.br\/wp-content\/uploads\/2022\/04\/WhatsApp-Image-2022-04-04-at-17.05.10.jpeg\",\"contentUrl\":\"https:\/\/www.padreeustaquio.com.br\/wp-content\/uploads\/2022\/04\/WhatsApp-Image-2022-04-04-at-17.05.10.jpeg\",\"width\":1280,\"height\":853},{\"@type\":\"BreadcrumbList\",\"@id\":\"https:\/\/www.padreeustaquio.com.br\/devotos-belorizontinos-visitam-museu-padre-eustaquio-em-poa-sao-paulo\/#breadcrumb\",\"itemListElement\":[{\"@type\":\"ListItem\",\"position\":1,\"name\":\"In\u00edcio\",\"item\":\"https:\/\/www.padreeustaquio.com.br\/\"},{\"@type\":\"ListItem\",\"position\":2,\"name\":\"Devotos belorizontinos visitam Museu Padre Eust\u00e1quio em Po\u00e1, S\u00e3o Paulo\"}]},{\"@type\":\"WebSite\",\"@id\":\"https:\/\/www.padreeustaquio.com.br\/#website\",\"url\":\"https:\/\/www.padreeustaquio.com.br\/\",\"name\":\"Padre Eust\u00e1quio\",\"description\":\"Sa\u00fade e Paz\",\"publisher\":{\"@id\":\"https:\/\/www.padreeustaquio.com.br\/#organization\"},\"potentialAction\":[{\"@type\":\"SearchAction\",\"target\":{\"@type\":\"EntryPoint\",\"urlTemplate\":\"https:\/\/www.padreeustaquio.com.br\/?s={search_term_string}\"},\"query-input\":{\"@type\":\"PropertyValueSpecification\",\"valueRequired\":true,\"valueName\":\"search_term_string\"}}],\"inLanguage\":\"es\"},{\"@type\":\"Organization\",\"@id\":\"https:\/\/www.padreeustaquio.com.br\/#organization\",\"name\":\"Padre Eust\u00e1quio\",\"url\":\"https:\/\/www.padreeustaquio.com.br\/\",\"logo\":{\"@type\":\"ImageObject\",\"inLanguage\":\"es\",\"@id\":\"https:\/\/www.padreeustaquio.com.br\/#\/schema\/logo\/image\/\",\"url\":\"https:\/\/www.padreeustaquio.com.br\/wp-content\/uploads\/2019\/08\/marca.png\",\"contentUrl\":\"https:\/\/www.padreeustaquio.com.br\/wp-content\/uploads\/2019\/08\/marca.png\",\"width\":350,\"height\":400,\"caption\":\"Padre Eust\u00e1quio\"},\"image\":{\"@id\":\"https:\/\/www.padreeustaquio.com.br\/#\/schema\/logo\/image\/\"},\"sameAs\":[\"https:\/\/www.facebook.com\/beatopadreeustaquio\/\",\"https:\/\/x.com\/beatopeustaquio\",\"https:\/\/www.instagram.com\/beatopadreeustaquio\/\",\"https:\/\/www.youtube.com\/channel\/UCRhw7vfabnajwLxb1ZXMeIw\"]},{\"@type\":\"Person\",\"@id\":\"https:\/\/www.padreeustaquio.com.br\/#\/schema\/person\/a2a51db1d00f1a7af0204a0f1ddb1566\",\"name\":\"@sscc\",\"image\":{\"@type\":\"ImageObject\",\"inLanguage\":\"es\",\"@id\":\"https:\/\/secure.gravatar.com\/avatar\/68cfafa5f44617fea54071e215026e0ff06be366c3d54a8425f04fdcb86f8c5f?s=96&d=mm&r=g\",\"url\":\"https:\/\/secure.gravatar.com\/avatar\/68cfafa5f44617fea54071e215026e0ff06be366c3d54a8425f04fdcb86f8c5f?s=96&d=mm&r=g\",\"contentUrl\":\"https:\/\/secure.gravatar.com\/avatar\/68cfafa5f44617fea54071e215026e0ff06be366c3d54a8425f04fdcb86f8c5f?s=96&d=mm&r=g\",\"caption\":\"@sscc\"},\"url\":\"https:\/\/www.padreeustaquio.com.br\/es\/author\/sscc\/\"}]}<\/script>\n<!-- \/ Yoast SEO plugin. -->","yoast_head_json":{"title":"Devotos de Belo Horizonte visitan el Museo Padre Eust\u00e1quio en Po\u00e1, S\u00e3o Paulo.","description":"Devotos del Padre Eust\u00e1quio residentes en Belo Horizonte visitaron la ciudad de Po\u00e1\/SP este fin de semana. La idea era profundizar en la historia del Beato Padre. El grupo fue recibido por los coordinadores del museo, Delcimar Ferreira y Luciana Freire, y voluntarios que ayudan con el mantenimiento del sitio.","robots":{"index":"index","follow":"follow","max-snippet":"max-snippet:-1","max-image-preview":"max-image-preview:large","max-video-preview":"max-video-preview:-1"},"canonical":"https:\/\/www.padreeustaquio.com.br\/es\/devotos-de-belo-horizonte-visitan-el-museo-padre-eustaquio-en-porto-alegre-sao-paulo\/","og_locale":"es_ES","og_type":"article","og_title":"Devotos belorizontinos visitam Museu Padre Eust\u00e1quio em Po\u00e1, S\u00e3o Paulo","og_description":"Devotos do Padre Eust\u00e1quio que moram em Belo Horizonte, visitaram a cidade de Po\u00e1\/SP, nesse fim de semana. A ideia era se aprofundar um pouco mais na hist\u00f3ria do Bem-aventurado. O grupo foi recebido pelos coordenadores do Museu, Delcimar Ferreira e Luciana Freire e volunt\u00e1rios que ajudam na manuten\u00e7\u00e3o do local.","og_url":"https:\/\/www.padreeustaquio.com.br\/es\/devotos-de-belo-horizonte-visitan-el-museo-padre-eustaquio-en-porto-alegre-sao-paulo\/","og_site_name":"Padre Eust\u00e1quio","article_publisher":"https:\/\/www.facebook.com\/beatopadreeustaquio\/","article_published_time":"2022-04-07T12:11:03+00:00","article_modified_time":"2022-04-07T12:11:05+00:00","og_image":[{"width":1280,"height":853,"url":"https:\/\/www.padreeustaquio.com.br\/wp-content\/uploads\/2022\/04\/WhatsApp-Image-2022-04-04-at-17.05.10.jpeg","type":"image\/jpeg"}],"author":"@sscc","twitter_card":"summary_large_image","twitter_creator":"@beatopeustaquio","twitter_site":"@beatopeustaquio","twitter_misc":{"Escrito por":"@sscc","Tiempo de lectura":"2 minutos"},"schema":{"@context":"https:\/\/schema.org","@graph":[{"@type":"Article","@id":"https:\/\/www.padreeustaquio.com.br\/devotos-belorizontinos-visitam-museu-padre-eustaquio-em-poa-sao-paulo\/#article","isPartOf":{"@id":"https:\/\/www.padreeustaquio.com.br\/devotos-belorizontinos-visitam-museu-padre-eustaquio-em-poa-sao-paulo\/"},"author":{"name":"@sscc","@id":"https:\/\/www.padreeustaquio.com.br\/#\/schema\/person\/a2a51db1d00f1a7af0204a0f1ddb1566"},"headline":"Devotos belorizontinos visitam Museu Padre Eust\u00e1quio em Po\u00e1, S\u00e3o Paulo","datePublished":"2022-04-07T12:11:03+00:00","dateModified":"2022-04-07T12:11:05+00:00","mainEntityOfPage":{"@id":"https:\/\/www.padreeustaquio.com.br\/devotos-belorizontinos-visitam-museu-padre-eustaquio-em-poa-sao-paulo\/"},"wordCount":244,"commentCount":0,"publisher":{"@id":"https:\/\/www.padreeustaquio.com.br\/#organization"},"image":{"@id":"https:\/\/www.padreeustaquio.com.br\/devotos-belorizontinos-visitam-museu-padre-eustaquio-em-poa-sao-paulo\/#primaryimage"},"thumbnailUrl":"https:\/\/www.padreeustaquio.com.br\/wp-content\/uploads\/2022\/04\/WhatsApp-Image-2022-04-04-at-17.05.10.jpeg","articleSection":["Not\u00edcias"],"inLanguage":"es","potentialAction":[{"@type":"CommentAction","name":"Comment","target":["https:\/\/www.padreeustaquio.com.br\/devotos-belorizontinos-visitam-museu-padre-eustaquio-em-poa-sao-paulo\/#respond"]}]},{"@type":"WebPage","@id":"https:\/\/www.padreeustaquio.com.br\/devotos-belorizontinos-visitam-museu-padre-eustaquio-em-poa-sao-paulo\/","url":"https:\/\/www.padreeustaquio.com.br\/devotos-belorizontinos-visitam-museu-padre-eustaquio-em-poa-sao-paulo\/","name":"Devotos de Belo Horizonte visitan el Museo Padre Eust\u00e1quio en Po\u00e1, S\u00e3o Paulo.","isPartOf":{"@id":"https:\/\/www.padreeustaquio.com.br\/#website"},"primaryImageOfPage":{"@id":"https:\/\/www.padreeustaquio.com.br\/devotos-belorizontinos-visitam-museu-padre-eustaquio-em-poa-sao-paulo\/#primaryimage"},"image":{"@id":"https:\/\/www.padreeustaquio.com.br\/devotos-belorizontinos-visitam-museu-padre-eustaquio-em-poa-sao-paulo\/#primaryimage"},"thumbnailUrl":"https:\/\/www.padreeustaquio.com.br\/wp-content\/uploads\/2022\/04\/WhatsApp-Image-2022-04-04-at-17.05.10.jpeg","datePublished":"2022-04-07T12:11:03+00:00","dateModified":"2022-04-07T12:11:05+00:00","description":"Devotos del Padre Eust\u00e1quio residentes en Belo Horizonte visitaron la ciudad de Po\u00e1\/SP este fin de semana. La idea era profundizar en la historia del Beato Padre. El grupo fue recibido por los coordinadores del museo, Delcimar Ferreira y Luciana Freire, y voluntarios que ayudan con el mantenimiento del sitio.","breadcrumb":{"@id":"https:\/\/www.padreeustaquio.com.br\/devotos-belorizontinos-visitam-museu-padre-eustaquio-em-poa-sao-paulo\/#breadcrumb"},"inLanguage":"es","potentialAction":[{"@type":"ReadAction","target":["https:\/\/www.padreeustaquio.com.br\/devotos-belorizontinos-visitam-museu-padre-eustaquio-em-poa-sao-paulo\/"]}]},{"@type":"ImageObject","inLanguage":"es","@id":"https:\/\/www.padreeustaquio.com.br\/devotos-belorizontinos-visitam-museu-padre-eustaquio-em-poa-sao-paulo\/#primaryimage","url":"https:\/\/www.padreeustaquio.com.br\/wp-content\/uploads\/2022\/04\/WhatsApp-Image-2022-04-04-at-17.05.10.jpeg","contentUrl":"https:\/\/www.padreeustaquio.com.br\/wp-content\/uploads\/2022\/04\/WhatsApp-Image-2022-04-04-at-17.05.10.jpeg","width":1280,"height":853},{"@type":"BreadcrumbList","@id":"https:\/\/www.padreeustaquio.com.br\/devotos-belorizontinos-visitam-museu-padre-eustaquio-em-poa-sao-paulo\/#breadcrumb","itemListElement":[{"@type":"ListItem","position":1,"name":"In\u00edcio","item":"https:\/\/www.padreeustaquio.com.br\/"},{"@type":"ListItem","position":2,"name":"Devotos belorizontinos visitam Museu Padre Eust\u00e1quio em Po\u00e1, S\u00e3o Paulo"}]},{"@type":"WebSite","@id":"https:\/\/www.padreeustaquio.com.br\/#website","url":"https:\/\/www.padreeustaquio.com.br\/","name":"Padre Eustace","description":"Salud y Paz","publisher":{"@id":"https:\/\/www.padreeustaquio.com.br\/#organization"},"potentialAction":[{"@type":"SearchAction","target":{"@type":"EntryPoint","urlTemplate":"https:\/\/www.padreeustaquio.com.br\/?s={search_term_string}"},"query-input":{"@type":"PropertyValueSpecification","valueRequired":true,"valueName":"search_term_string"}}],"inLanguage":"es"},{"@type":"Organization","@id":"https:\/\/www.padreeustaquio.com.br\/#organization","name":"Padre Eustace","url":"https:\/\/www.padreeustaquio.com.br\/","logo":{"@type":"ImageObject","inLanguage":"es","@id":"https:\/\/www.padreeustaquio.com.br\/#\/schema\/logo\/image\/","url":"https:\/\/www.padreeustaquio.com.br\/wp-content\/uploads\/2019\/08\/marca.png","contentUrl":"https:\/\/www.padreeustaquio.com.br\/wp-content\/uploads\/2019\/08\/marca.png","width":350,"height":400,"caption":"Padre Eust\u00e1quio"},"image":{"@id":"https:\/\/www.padreeustaquio.com.br\/#\/schema\/logo\/image\/"},"sameAs":["https:\/\/www.facebook.com\/beatopadreeustaquio\/","https:\/\/x.com\/beatopeustaquio","https:\/\/www.instagram.com\/beatopadreeustaquio\/","https:\/\/www.youtube.com\/channel\/UCRhw7vfabnajwLxb1ZXMeIw"]},{"@type":"Person","@id":"https:\/\/www.padreeustaquio.com.br\/#\/schema\/person\/a2a51db1d00f1a7af0204a0f1ddb1566","name":"@sscc","image":{"@type":"ImageObject","inLanguage":"es","@id":"https:\/\/secure.gravatar.com\/avatar\/68cfafa5f44617fea54071e215026e0ff06be366c3d54a8425f04fdcb86f8c5f?s=96&d=mm&r=g","url":"https:\/\/secure.gravatar.com\/avatar\/68cfafa5f44617fea54071e215026e0ff06be366c3d54a8425f04fdcb86f8c5f?s=96&d=mm&r=g","contentUrl":"https:\/\/secure.gravatar.com\/avatar\/68cfafa5f44617fea54071e215026e0ff06be366c3d54a8425f04fdcb86f8c5f?s=96&d=mm&r=g","caption":"@sscc"},"url":"https:\/\/www.padreeustaquio.com.br\/es\/author\/sscc\/"}]}},"_links":{"self":[{"href":"https:\/\/www.padreeustaquio.com.br\/es\/wp-json\/wp\/v2\/posts\/8428","targetHints":{"allow":["GET"]}}],"collection":[{"href":"https:\/\/www.padreeustaquio.com.br\/es\/wp-json\/wp\/v2\/posts"}],"about":[{"href":"https:\/\/www.padreeustaquio.com.br\/es\/wp-json\/wp\/v2\/types\/post"}],"author":[{"embeddable":true,"href":"https:\/\/www.padreeustaquio.com.br\/es\/wp-json\/wp\/v2\/users\/2"}],"replies":[{"embeddable":true,"href":"https:\/\/www.padreeustaquio.com.br\/es\/wp-json\/wp\/v2\/comments?post=8428"}],"version-history":[{"count":0,"href":"https:\/\/www.padreeustaquio.com.br\/es\/wp-json\/wp\/v2\/posts\/8428\/revisions"}],"wp:featuredmedia":[{"embeddable":true,"href":"https:\/\/www.padreeustaquio.com.br\/es\/wp-json\/wp\/v2\/media\/8429"}],"wp:attachment":[{"href":"https:\/\/www.padreeustaquio.com.br\/es\/wp-json\/wp\/v2\/media?parent=8428"}],"wp:term":[{"taxonomy":"category","embeddable":true,"href":"https:\/\/www.padreeustaquio.com.br\/es\/wp-json\/wp\/v2\/categories?post=8428"},{"taxonomy":"post_tag","embeddable":true,"href":"https:\/\/www.padreeustaquio.com.br\/es\/wp-json\/wp\/v2\/tags?post=8428"}],"curies":[{"name":"wp","href":"https:\/\/api.w.org\/{rel}","templated":true}]}}