{"id":8406,"date":"2022-04-05T05:15:00","date_gmt":"2022-04-05T08:15:00","guid":{"rendered":"https:\/\/www.padreeustaquio.com.br\/?p=8406"},"modified":"2022-04-04T12:33:27","modified_gmt":"2022-04-04T15:33:27","slug":"el-padre-edvaldo-carneiro-sscc-fue-ordenado-sacerdote-en-ferraz-de-vasconcelos-sao-paulo","status":"publish","type":"post","link":"https:\/\/www.padreeustaquio.com.br\/es\/el-padre-edvaldo-carneiro-sscc-fue-ordenado-sacerdote-en-ferraz-de-vasconcelos-sao-paulo\/","title":{"rendered":"El Padre Edvaldo Carneiro, sscc, es ordenado sacerdote en Ferraz de Vasconcelos, S\u00e3o Paulo."},"content":{"rendered":"<p>El rito de ordenaci\u00f3n se celebr\u00f3 durante la Santa Misa en la parroquia natal de Edvaldo, Santa Cruz y Santa Margarida d&#039;Youville, en Ferraz de Vasconcelos, Gran S\u00e3o Paulo. La ceremonia, celebrada la ma\u00f1ana del s\u00e1bado 2 de abril, fue presidida por el obispo diocesano de Mogi das Cruzes, Dom Pedro Lluiz Stringhini, y cont\u00f3 con la presencia de familiares y amigos del nuevo sacerdote, provenientes de diversas partes del pa\u00eds.<\/p>\n\n\n\n<p>En uno de los momentos m\u00e1s emotivos de la celebraci\u00f3n, la madre del entonces di\u00e1cono, do\u00f1a Laura, entr\u00f3 sola portando los ornamentos sacerdotales, que fueron colocados al nuevo sacerdote por el P. Paulo Dekker, ss.cc. y el P. Edmar Oliveira, ss.cc.<\/p>\n\n\n\n<div class=\"wp-block-image\"><figure class=\"alignleft size-medium\"><img fetchpriority=\"high\" decoding=\"async\" width=\"300\" height=\"200\" src=\"https:\/\/www.padreeustaquio.com.br\/wp-content\/uploads\/2022\/04\/o-novo-padre-edvaldo-carneiro-300x200.jpeg\" alt=\"\" class=\"wp-image-8411\" srcset=\"https:\/\/www.padreeustaquio.com.br\/wp-content\/uploads\/2022\/04\/o-novo-padre-edvaldo-carneiro-300x200.jpeg 300w, https:\/\/www.padreeustaquio.com.br\/wp-content\/uploads\/2022\/04\/o-novo-padre-edvaldo-carneiro-1024x682.jpeg 1024w, https:\/\/www.padreeustaquio.com.br\/wp-content\/uploads\/2022\/04\/o-novo-padre-edvaldo-carneiro-768x512.jpeg 768w, https:\/\/www.padreeustaquio.com.br\/wp-content\/uploads\/2022\/04\/o-novo-padre-edvaldo-carneiro.jpeg 1280w\" sizes=\"(max-width: 300px) 100vw, 300px\" \/><\/figure><\/div>\n\n\n\n<p>Toda la ceremonia fue transmitida por el Canal Padre Eust\u00e1quio (<a href=\"https:\/\/www.youtube.com\/watch?v=WGNU022r6Zc\" target=\"_blank\" rel=\"noreferrer noopener\">REVISAR AQU\u00cd<\/a>), una red social que el propio Padre Edvaldo ayud\u00f3 a crear. Hermanos y hermanas de diversas partes del mundo participaron virtualmente y dejaron sus comentarios en el enlace de transmisi\u00f3n.<\/p>\n\n\n\n<p>Padre Edvaldo Carneiro, ss.cc.<\/p>\n\n\n\n<p>Edvaldo Carneiro, ss.cc. Naci\u00f3 en Suzano el 15 de septiembre de 1987. Hijo de Ant\u00f4nio Alves Carneiro (fallecido) y Laura da Silva Carneiro. Creci\u00f3 en la ciudad de Ferraz de Vasconcelos, SP. En 2013 ingres\u00f3 a la Congregaci\u00f3n de los Sagrados Corazones de Jes\u00fas y Mar\u00eda. Complet\u00f3 su noviciado en 2016 en Chaclacayo (Per\u00fa), y profes\u00f3 sus primeros votos el 29 de enero de 2017, en la Parroquia de Santo Em\u00eddio, Vila Prudente.<\/p>\n\n\n\n<p>Inici\u00f3 sus estudios teol\u00f3gicos en la Pontificia Universidad Cat\u00f3lica de Chile y en 2018 ingres\u00f3 al juniorado en Belo Horizonte, MG, donde complet\u00f3 su licenciatura en Teolog\u00eda en la Facultad de Filosof\u00eda y Teolog\u00eda de la Compa\u00f1\u00eda de Jes\u00fas en 2020. Hizo su Profesi\u00f3n Perpetua el 17 de enero de 2021 en el Santuario de la Salud y la Paz de Belo Horizonte. En febrero de ese mismo a\u00f1o, fue asignado a la Comunidad de Santo Em\u00eddio en Vila Prudente, donde fue ordenado di\u00e1cono el 4 de septiembre de 2021.<\/p>\n\n\n\n<p><\/p>","protected":false},"excerpt":{"rendered":"<p>O rito de Ordena\u00e7\u00e3o foi realizado durante a Santa Missa na par\u00f3quia de origem de Edvaldo, Santa Cruz e Santa Margarida d&#8217;Youville, em Ferraz de Vasconcelos, na grande S\u00e3o Paulo. A cerim\u00f4nia, na manh\u00e3 do \u00faltimo s\u00e1bado, dia 2 de abril, o bispo diocesano de Mogi das Cruzes, Dom Pedro Lluiz Stringhini, presidiu a celebra\u00e7\u00e3o que contou com a presen\u00e7a de familiares e amigos do novo padre, vindos de diversas partes do pa\u00eds. Em um dos momentos mais emocionantes da celebra\u00e7\u00e3o, a m\u00e3e do ent\u00e3o di\u00e1cono, Dona Laura, entrou sozinha carregando as vestes sacerdotais que foram colocadas no novo padre [&hellip;]<\/p>\n","protected":false},"author":2,"featured_media":8409,"comment_status":"open","ping_status":"closed","sticky":false,"template":"","format":"standard","meta":{"_acf_changed":false,"footnotes":""},"categories":[611],"tags":[],"class_list":["post-8406","post","type-post","status-publish","format-standard","has-post-thumbnail","hentry","category-noticias"],"acf":[],"yoast_head":"<!-- This site is optimized with the Yoast SEO plugin v27.2 - https:\/\/yoast.com\/product\/yoast-seo-wordpress\/ -->\n<title>Padre Edvaldo Carneiro, sscc \u00e9 ordenado em Ferraz de Vasconcelos, S\u00e3o Paulo<\/title>\n<meta name=\"description\" content=\"O rito de Ordena\u00e7\u00e3o foi realizado durante a Santa Missa na par\u00f3quia de origem de Edvaldo, Santa Cruz e Santa Margarida d&#039;Youville, em Ferraz de Vasconcelos, na grande S\u00e3o Paulo. A cerim\u00f4nia, na manh\u00e3 do \u00faltimo s\u00e1bado, dia 2 de abril, o bispo diocesano de Mogi das Cruzes, Dom Pedro Lluiz Stringhini, presidiu a celebra\u00e7\u00e3o que contou com a presen\u00e7a de familiares e amigos do novo padre, vindos de diversas partes do pa\u00eds.\" \/>\n<meta name=\"robots\" content=\"index, follow, max-snippet:-1, max-image-preview:large, max-video-preview:-1\" \/>\n<link rel=\"canonical\" href=\"https:\/\/www.padreeustaquio.com.br\/es\/el-padre-edvaldo-carneiro-sscc-fue-ordenado-sacerdote-en-ferraz-de-vasconcelos-sao-paulo\/\" \/>\n<meta property=\"og:locale\" content=\"es_ES\" \/>\n<meta property=\"og:type\" content=\"article\" \/>\n<meta property=\"og:title\" content=\"Padre Edvaldo Carneiro, sscc \u00e9 ordenado em Ferraz de Vasconcelos, S\u00e3o Paulo\" \/>\n<meta property=\"og:description\" content=\"O rito de Ordena\u00e7\u00e3o foi realizado durante a Santa Missa na par\u00f3quia de origem de Edvaldo, Santa Cruz e Santa Margarida d&#039;Youville, em Ferraz de Vasconcelos, na grande S\u00e3o Paulo. A cerim\u00f4nia, na manh\u00e3 do \u00faltimo s\u00e1bado, dia 2 de abril, o bispo diocesano de Mogi das Cruzes, Dom Pedro Lluiz Stringhini, presidiu a celebra\u00e7\u00e3o que contou com a presen\u00e7a de familiares e amigos do novo padre, vindos de diversas partes do pa\u00eds.\" \/>\n<meta property=\"og:url\" content=\"https:\/\/www.padreeustaquio.com.br\/es\/el-padre-edvaldo-carneiro-sscc-fue-ordenado-sacerdote-en-ferraz-de-vasconcelos-sao-paulo\/\" \/>\n<meta property=\"og:site_name\" content=\"Padre Eust\u00e1quio\" \/>\n<meta property=\"article:publisher\" content=\"https:\/\/www.facebook.com\/beatopadreeustaquio\/\" \/>\n<meta property=\"article:published_time\" content=\"2022-04-05T08:15:00+00:00\" \/>\n<meta property=\"og:image\" content=\"https:\/\/www.padreeustaquio.com.br\/wp-content\/uploads\/2022\/04\/WhatsApp-Image-2022-04-02-at-19.54.53.jpeg\" \/>\n\t<meta property=\"og:image:width\" content=\"1280\" \/>\n\t<meta property=\"og:image:height\" content=\"853\" \/>\n\t<meta property=\"og:image:type\" content=\"image\/jpeg\" \/>\n<meta name=\"author\" content=\"@sscc\" \/>\n<meta name=\"twitter:card\" content=\"summary_large_image\" \/>\n<meta name=\"twitter:creator\" content=\"@beatopeustaquio\" \/>\n<meta name=\"twitter:site\" content=\"@beatopeustaquio\" \/>\n<meta name=\"twitter:label1\" content=\"Escrito por\" \/>\n\t<meta name=\"twitter:data1\" content=\"@sscc\" \/>\n\t<meta name=\"twitter:label2\" content=\"Tiempo de lectura\" \/>\n\t<meta name=\"twitter:data2\" content=\"2 minutos\" \/>\n<script type=\"application\/ld+json\" class=\"yoast-schema-graph\">{\"@context\":\"https:\/\/schema.org\",\"@graph\":[{\"@type\":\"Article\",\"@id\":\"https:\/\/www.padreeustaquio.com.br\/padre-edvaldo-carneiro-sscc-e-ordenado-em-ferraz-de-vasconcelos-sao-paulo\/#article\",\"isPartOf\":{\"@id\":\"https:\/\/www.padreeustaquio.com.br\/padre-edvaldo-carneiro-sscc-e-ordenado-em-ferraz-de-vasconcelos-sao-paulo\/\"},\"author\":{\"name\":\"@sscc\",\"@id\":\"https:\/\/www.padreeustaquio.com.br\/#\/schema\/person\/a2a51db1d00f1a7af0204a0f1ddb1566\"},\"headline\":\"Padre Edvaldo Carneiro, sscc \u00e9 ordenado em Ferraz de Vasconcelos, S\u00e3o Paulo\",\"datePublished\":\"2022-04-05T08:15:00+00:00\",\"mainEntityOfPage\":{\"@id\":\"https:\/\/www.padreeustaquio.com.br\/padre-edvaldo-carneiro-sscc-e-ordenado-em-ferraz-de-vasconcelos-sao-paulo\/\"},\"wordCount\":345,\"commentCount\":0,\"publisher\":{\"@id\":\"https:\/\/www.padreeustaquio.com.br\/#organization\"},\"image\":{\"@id\":\"https:\/\/www.padreeustaquio.com.br\/padre-edvaldo-carneiro-sscc-e-ordenado-em-ferraz-de-vasconcelos-sao-paulo\/#primaryimage\"},\"thumbnailUrl\":\"https:\/\/www.padreeustaquio.com.br\/wp-content\/uploads\/2022\/04\/WhatsApp-Image-2022-04-02-at-19.54.53.jpeg\",\"articleSection\":[\"Not\u00edcias\"],\"inLanguage\":\"es\",\"potentialAction\":[{\"@type\":\"CommentAction\",\"name\":\"Comment\",\"target\":[\"https:\/\/www.padreeustaquio.com.br\/padre-edvaldo-carneiro-sscc-e-ordenado-em-ferraz-de-vasconcelos-sao-paulo\/#respond\"]}]},{\"@type\":\"WebPage\",\"@id\":\"https:\/\/www.padreeustaquio.com.br\/padre-edvaldo-carneiro-sscc-e-ordenado-em-ferraz-de-vasconcelos-sao-paulo\/\",\"url\":\"https:\/\/www.padreeustaquio.com.br\/padre-edvaldo-carneiro-sscc-e-ordenado-em-ferraz-de-vasconcelos-sao-paulo\/\",\"name\":\"Padre Edvaldo Carneiro, sscc \u00e9 ordenado em Ferraz de Vasconcelos, S\u00e3o Paulo\",\"isPartOf\":{\"@id\":\"https:\/\/www.padreeustaquio.com.br\/#website\"},\"primaryImageOfPage\":{\"@id\":\"https:\/\/www.padreeustaquio.com.br\/padre-edvaldo-carneiro-sscc-e-ordenado-em-ferraz-de-vasconcelos-sao-paulo\/#primaryimage\"},\"image\":{\"@id\":\"https:\/\/www.padreeustaquio.com.br\/padre-edvaldo-carneiro-sscc-e-ordenado-em-ferraz-de-vasconcelos-sao-paulo\/#primaryimage\"},\"thumbnailUrl\":\"https:\/\/www.padreeustaquio.com.br\/wp-content\/uploads\/2022\/04\/WhatsApp-Image-2022-04-02-at-19.54.53.jpeg\",\"datePublished\":\"2022-04-05T08:15:00+00:00\",\"description\":\"O rito de Ordena\u00e7\u00e3o foi realizado durante a Santa Missa na par\u00f3quia de origem de Edvaldo, Santa Cruz e Santa Margarida d'Youville, em Ferraz de Vasconcelos, na grande S\u00e3o Paulo. A cerim\u00f4nia, na manh\u00e3 do \u00faltimo s\u00e1bado, dia 2 de abril, o bispo diocesano de Mogi das Cruzes, Dom Pedro Lluiz Stringhini, presidiu a celebra\u00e7\u00e3o que contou com a presen\u00e7a de familiares e amigos do novo padre, vindos de diversas partes do pa\u00eds.\",\"breadcrumb\":{\"@id\":\"https:\/\/www.padreeustaquio.com.br\/padre-edvaldo-carneiro-sscc-e-ordenado-em-ferraz-de-vasconcelos-sao-paulo\/#breadcrumb\"},\"inLanguage\":\"es\",\"potentialAction\":[{\"@type\":\"ReadAction\",\"target\":[\"https:\/\/www.padreeustaquio.com.br\/padre-edvaldo-carneiro-sscc-e-ordenado-em-ferraz-de-vasconcelos-sao-paulo\/\"]}]},{\"@type\":\"ImageObject\",\"inLanguage\":\"es\",\"@id\":\"https:\/\/www.padreeustaquio.com.br\/padre-edvaldo-carneiro-sscc-e-ordenado-em-ferraz-de-vasconcelos-sao-paulo\/#primaryimage\",\"url\":\"https:\/\/www.padreeustaquio.com.br\/wp-content\/uploads\/2022\/04\/WhatsApp-Image-2022-04-02-at-19.54.53.jpeg\",\"contentUrl\":\"https:\/\/www.padreeustaquio.com.br\/wp-content\/uploads\/2022\/04\/WhatsApp-Image-2022-04-02-at-19.54.53.jpeg\",\"width\":1280,\"height\":853},{\"@type\":\"BreadcrumbList\",\"@id\":\"https:\/\/www.padreeustaquio.com.br\/padre-edvaldo-carneiro-sscc-e-ordenado-em-ferraz-de-vasconcelos-sao-paulo\/#breadcrumb\",\"itemListElement\":[{\"@type\":\"ListItem\",\"position\":1,\"name\":\"In\u00edcio\",\"item\":\"https:\/\/www.padreeustaquio.com.br\/\"},{\"@type\":\"ListItem\",\"position\":2,\"name\":\"Padre Edvaldo Carneiro, sscc \u00e9 ordenado em Ferraz de Vasconcelos, S\u00e3o Paulo\"}]},{\"@type\":\"WebSite\",\"@id\":\"https:\/\/www.padreeustaquio.com.br\/#website\",\"url\":\"https:\/\/www.padreeustaquio.com.br\/\",\"name\":\"Padre Eust\u00e1quio\",\"description\":\"Sa\u00fade e Paz\",\"publisher\":{\"@id\":\"https:\/\/www.padreeustaquio.com.br\/#organization\"},\"potentialAction\":[{\"@type\":\"SearchAction\",\"target\":{\"@type\":\"EntryPoint\",\"urlTemplate\":\"https:\/\/www.padreeustaquio.com.br\/?s={search_term_string}\"},\"query-input\":{\"@type\":\"PropertyValueSpecification\",\"valueRequired\":true,\"valueName\":\"search_term_string\"}}],\"inLanguage\":\"es\"},{\"@type\":\"Organization\",\"@id\":\"https:\/\/www.padreeustaquio.com.br\/#organization\",\"name\":\"Padre Eust\u00e1quio\",\"url\":\"https:\/\/www.padreeustaquio.com.br\/\",\"logo\":{\"@type\":\"ImageObject\",\"inLanguage\":\"es\",\"@id\":\"https:\/\/www.padreeustaquio.com.br\/#\/schema\/logo\/image\/\",\"url\":\"https:\/\/www.padreeustaquio.com.br\/wp-content\/uploads\/2019\/08\/marca.png\",\"contentUrl\":\"https:\/\/www.padreeustaquio.com.br\/wp-content\/uploads\/2019\/08\/marca.png\",\"width\":350,\"height\":400,\"caption\":\"Padre Eust\u00e1quio\"},\"image\":{\"@id\":\"https:\/\/www.padreeustaquio.com.br\/#\/schema\/logo\/image\/\"},\"sameAs\":[\"https:\/\/www.facebook.com\/beatopadreeustaquio\/\",\"https:\/\/x.com\/beatopeustaquio\",\"https:\/\/www.instagram.com\/beatopadreeustaquio\/\",\"https:\/\/www.youtube.com\/channel\/UCRhw7vfabnajwLxb1ZXMeIw\"]},{\"@type\":\"Person\",\"@id\":\"https:\/\/www.padreeustaquio.com.br\/#\/schema\/person\/a2a51db1d00f1a7af0204a0f1ddb1566\",\"name\":\"@sscc\",\"image\":{\"@type\":\"ImageObject\",\"inLanguage\":\"es\",\"@id\":\"https:\/\/secure.gravatar.com\/avatar\/68cfafa5f44617fea54071e215026e0ff06be366c3d54a8425f04fdcb86f8c5f?s=96&d=mm&r=g\",\"url\":\"https:\/\/secure.gravatar.com\/avatar\/68cfafa5f44617fea54071e215026e0ff06be366c3d54a8425f04fdcb86f8c5f?s=96&d=mm&r=g\",\"contentUrl\":\"https:\/\/secure.gravatar.com\/avatar\/68cfafa5f44617fea54071e215026e0ff06be366c3d54a8425f04fdcb86f8c5f?s=96&d=mm&r=g\",\"caption\":\"@sscc\"},\"url\":\"https:\/\/www.padreeustaquio.com.br\/es\/author\/sscc\/\"}]}<\/script>\n<!-- \/ Yoast SEO plugin. -->","yoast_head_json":{"title":"El Padre Edvaldo Carneiro, sscc, es ordenado sacerdote en Ferraz de Vasconcelos, S\u00e3o Paulo.","description":"El rito de ordenaci\u00f3n se celebr\u00f3 durante la Santa Misa en la parroquia natal de Edvaldo, Santa Cruz y Santa Margarida d&#039;Youville, en Ferraz de Vasconcelos, Gran S\u00e3o Paulo. La ceremonia, celebrada la ma\u00f1ana del s\u00e1bado 2 de abril, fue presidida por el obispo diocesano de Mogi das Cruzes, Dom Pedro Lluiz Stringhini, y cont\u00f3 con la presencia de familiares y amigos del nuevo sacerdote, provenientes de diversas partes del pa\u00eds.","robots":{"index":"index","follow":"follow","max-snippet":"max-snippet:-1","max-image-preview":"max-image-preview:large","max-video-preview":"max-video-preview:-1"},"canonical":"https:\/\/www.padreeustaquio.com.br\/es\/el-padre-edvaldo-carneiro-sscc-fue-ordenado-sacerdote-en-ferraz-de-vasconcelos-sao-paulo\/","og_locale":"es_ES","og_type":"article","og_title":"Padre Edvaldo Carneiro, sscc \u00e9 ordenado em Ferraz de Vasconcelos, S\u00e3o Paulo","og_description":"O rito de Ordena\u00e7\u00e3o foi realizado durante a Santa Missa na par\u00f3quia de origem de Edvaldo, Santa Cruz e Santa Margarida d'Youville, em Ferraz de Vasconcelos, na grande S\u00e3o Paulo. A cerim\u00f4nia, na manh\u00e3 do \u00faltimo s\u00e1bado, dia 2 de abril, o bispo diocesano de Mogi das Cruzes, Dom Pedro Lluiz Stringhini, presidiu a celebra\u00e7\u00e3o que contou com a presen\u00e7a de familiares e amigos do novo padre, vindos de diversas partes do pa\u00eds.","og_url":"https:\/\/www.padreeustaquio.com.br\/es\/el-padre-edvaldo-carneiro-sscc-fue-ordenado-sacerdote-en-ferraz-de-vasconcelos-sao-paulo\/","og_site_name":"Padre Eust\u00e1quio","article_publisher":"https:\/\/www.facebook.com\/beatopadreeustaquio\/","article_published_time":"2022-04-05T08:15:00+00:00","og_image":[{"width":1280,"height":853,"url":"https:\/\/www.padreeustaquio.com.br\/wp-content\/uploads\/2022\/04\/WhatsApp-Image-2022-04-02-at-19.54.53.jpeg","type":"image\/jpeg"}],"author":"@sscc","twitter_card":"summary_large_image","twitter_creator":"@beatopeustaquio","twitter_site":"@beatopeustaquio","twitter_misc":{"Escrito por":"@sscc","Tiempo de lectura":"2 minutos"},"schema":{"@context":"https:\/\/schema.org","@graph":[{"@type":"Article","@id":"https:\/\/www.padreeustaquio.com.br\/padre-edvaldo-carneiro-sscc-e-ordenado-em-ferraz-de-vasconcelos-sao-paulo\/#article","isPartOf":{"@id":"https:\/\/www.padreeustaquio.com.br\/padre-edvaldo-carneiro-sscc-e-ordenado-em-ferraz-de-vasconcelos-sao-paulo\/"},"author":{"name":"@sscc","@id":"https:\/\/www.padreeustaquio.com.br\/#\/schema\/person\/a2a51db1d00f1a7af0204a0f1ddb1566"},"headline":"Padre Edvaldo Carneiro, sscc \u00e9 ordenado em Ferraz de Vasconcelos, S\u00e3o Paulo","datePublished":"2022-04-05T08:15:00+00:00","mainEntityOfPage":{"@id":"https:\/\/www.padreeustaquio.com.br\/padre-edvaldo-carneiro-sscc-e-ordenado-em-ferraz-de-vasconcelos-sao-paulo\/"},"wordCount":345,"commentCount":0,"publisher":{"@id":"https:\/\/www.padreeustaquio.com.br\/#organization"},"image":{"@id":"https:\/\/www.padreeustaquio.com.br\/padre-edvaldo-carneiro-sscc-e-ordenado-em-ferraz-de-vasconcelos-sao-paulo\/#primaryimage"},"thumbnailUrl":"https:\/\/www.padreeustaquio.com.br\/wp-content\/uploads\/2022\/04\/WhatsApp-Image-2022-04-02-at-19.54.53.jpeg","articleSection":["Not\u00edcias"],"inLanguage":"es","potentialAction":[{"@type":"CommentAction","name":"Comment","target":["https:\/\/www.padreeustaquio.com.br\/padre-edvaldo-carneiro-sscc-e-ordenado-em-ferraz-de-vasconcelos-sao-paulo\/#respond"]}]},{"@type":"WebPage","@id":"https:\/\/www.padreeustaquio.com.br\/padre-edvaldo-carneiro-sscc-e-ordenado-em-ferraz-de-vasconcelos-sao-paulo\/","url":"https:\/\/www.padreeustaquio.com.br\/padre-edvaldo-carneiro-sscc-e-ordenado-em-ferraz-de-vasconcelos-sao-paulo\/","name":"El Padre Edvaldo Carneiro, sscc, es ordenado sacerdote en Ferraz de Vasconcelos, S\u00e3o Paulo.","isPartOf":{"@id":"https:\/\/www.padreeustaquio.com.br\/#website"},"primaryImageOfPage":{"@id":"https:\/\/www.padreeustaquio.com.br\/padre-edvaldo-carneiro-sscc-e-ordenado-em-ferraz-de-vasconcelos-sao-paulo\/#primaryimage"},"image":{"@id":"https:\/\/www.padreeustaquio.com.br\/padre-edvaldo-carneiro-sscc-e-ordenado-em-ferraz-de-vasconcelos-sao-paulo\/#primaryimage"},"thumbnailUrl":"https:\/\/www.padreeustaquio.com.br\/wp-content\/uploads\/2022\/04\/WhatsApp-Image-2022-04-02-at-19.54.53.jpeg","datePublished":"2022-04-05T08:15:00+00:00","description":"El rito de ordenaci\u00f3n se celebr\u00f3 durante la Santa Misa en la parroquia natal de Edvaldo, Santa Cruz y Santa Margarida d&#039;Youville, en Ferraz de Vasconcelos, Gran S\u00e3o Paulo. La ceremonia, celebrada la ma\u00f1ana del s\u00e1bado 2 de abril, fue presidida por el obispo diocesano de Mogi das Cruzes, Dom Pedro Lluiz Stringhini, y cont\u00f3 con la presencia de familiares y amigos del nuevo sacerdote, provenientes de diversas partes del pa\u00eds.","breadcrumb":{"@id":"https:\/\/www.padreeustaquio.com.br\/padre-edvaldo-carneiro-sscc-e-ordenado-em-ferraz-de-vasconcelos-sao-paulo\/#breadcrumb"},"inLanguage":"es","potentialAction":[{"@type":"ReadAction","target":["https:\/\/www.padreeustaquio.com.br\/padre-edvaldo-carneiro-sscc-e-ordenado-em-ferraz-de-vasconcelos-sao-paulo\/"]}]},{"@type":"ImageObject","inLanguage":"es","@id":"https:\/\/www.padreeustaquio.com.br\/padre-edvaldo-carneiro-sscc-e-ordenado-em-ferraz-de-vasconcelos-sao-paulo\/#primaryimage","url":"https:\/\/www.padreeustaquio.com.br\/wp-content\/uploads\/2022\/04\/WhatsApp-Image-2022-04-02-at-19.54.53.jpeg","contentUrl":"https:\/\/www.padreeustaquio.com.br\/wp-content\/uploads\/2022\/04\/WhatsApp-Image-2022-04-02-at-19.54.53.jpeg","width":1280,"height":853},{"@type":"BreadcrumbList","@id":"https:\/\/www.padreeustaquio.com.br\/padre-edvaldo-carneiro-sscc-e-ordenado-em-ferraz-de-vasconcelos-sao-paulo\/#breadcrumb","itemListElement":[{"@type":"ListItem","position":1,"name":"In\u00edcio","item":"https:\/\/www.padreeustaquio.com.br\/"},{"@type":"ListItem","position":2,"name":"Padre Edvaldo Carneiro, sscc \u00e9 ordenado em Ferraz de Vasconcelos, S\u00e3o Paulo"}]},{"@type":"WebSite","@id":"https:\/\/www.padreeustaquio.com.br\/#website","url":"https:\/\/www.padreeustaquio.com.br\/","name":"Padre Eustace","description":"Salud y Paz","publisher":{"@id":"https:\/\/www.padreeustaquio.com.br\/#organization"},"potentialAction":[{"@type":"SearchAction","target":{"@type":"EntryPoint","urlTemplate":"https:\/\/www.padreeustaquio.com.br\/?s={search_term_string}"},"query-input":{"@type":"PropertyValueSpecification","valueRequired":true,"valueName":"search_term_string"}}],"inLanguage":"es"},{"@type":"Organization","@id":"https:\/\/www.padreeustaquio.com.br\/#organization","name":"Padre Eustace","url":"https:\/\/www.padreeustaquio.com.br\/","logo":{"@type":"ImageObject","inLanguage":"es","@id":"https:\/\/www.padreeustaquio.com.br\/#\/schema\/logo\/image\/","url":"https:\/\/www.padreeustaquio.com.br\/wp-content\/uploads\/2019\/08\/marca.png","contentUrl":"https:\/\/www.padreeustaquio.com.br\/wp-content\/uploads\/2019\/08\/marca.png","width":350,"height":400,"caption":"Padre Eust\u00e1quio"},"image":{"@id":"https:\/\/www.padreeustaquio.com.br\/#\/schema\/logo\/image\/"},"sameAs":["https:\/\/www.facebook.com\/beatopadreeustaquio\/","https:\/\/x.com\/beatopeustaquio","https:\/\/www.instagram.com\/beatopadreeustaquio\/","https:\/\/www.youtube.com\/channel\/UCRhw7vfabnajwLxb1ZXMeIw"]},{"@type":"Person","@id":"https:\/\/www.padreeustaquio.com.br\/#\/schema\/person\/a2a51db1d00f1a7af0204a0f1ddb1566","name":"@sscc","image":{"@type":"ImageObject","inLanguage":"es","@id":"https:\/\/secure.gravatar.com\/avatar\/68cfafa5f44617fea54071e215026e0ff06be366c3d54a8425f04fdcb86f8c5f?s=96&d=mm&r=g","url":"https:\/\/secure.gravatar.com\/avatar\/68cfafa5f44617fea54071e215026e0ff06be366c3d54a8425f04fdcb86f8c5f?s=96&d=mm&r=g","contentUrl":"https:\/\/secure.gravatar.com\/avatar\/68cfafa5f44617fea54071e215026e0ff06be366c3d54a8425f04fdcb86f8c5f?s=96&d=mm&r=g","caption":"@sscc"},"url":"https:\/\/www.padreeustaquio.com.br\/es\/author\/sscc\/"}]}},"_links":{"self":[{"href":"https:\/\/www.padreeustaquio.com.br\/es\/wp-json\/wp\/v2\/posts\/8406","targetHints":{"allow":["GET"]}}],"collection":[{"href":"https:\/\/www.padreeustaquio.com.br\/es\/wp-json\/wp\/v2\/posts"}],"about":[{"href":"https:\/\/www.padreeustaquio.com.br\/es\/wp-json\/wp\/v2\/types\/post"}],"author":[{"embeddable":true,"href":"https:\/\/www.padreeustaquio.com.br\/es\/wp-json\/wp\/v2\/users\/2"}],"replies":[{"embeddable":true,"href":"https:\/\/www.padreeustaquio.com.br\/es\/wp-json\/wp\/v2\/comments?post=8406"}],"version-history":[{"count":0,"href":"https:\/\/www.padreeustaquio.com.br\/es\/wp-json\/wp\/v2\/posts\/8406\/revisions"}],"wp:featuredmedia":[{"embeddable":true,"href":"https:\/\/www.padreeustaquio.com.br\/es\/wp-json\/wp\/v2\/media\/8409"}],"wp:attachment":[{"href":"https:\/\/www.padreeustaquio.com.br\/es\/wp-json\/wp\/v2\/media?parent=8406"}],"wp:term":[{"taxonomy":"category","embeddable":true,"href":"https:\/\/www.padreeustaquio.com.br\/es\/wp-json\/wp\/v2\/categories?post=8406"},{"taxonomy":"post_tag","embeddable":true,"href":"https:\/\/www.padreeustaquio.com.br\/es\/wp-json\/wp\/v2\/tags?post=8406"}],"curies":[{"name":"wp","href":"https:\/\/api.w.org\/{rel}","templated":true}]}}