{"id":8397,"date":"2022-04-01T06:13:00","date_gmt":"2022-04-01T09:13:00","guid":{"rendered":"https:\/\/www.padreeustaquio.com.br\/?p=8397"},"modified":"2022-03-31T14:25:58","modified_gmt":"2022-03-31T17:25:58","slug":"tv-horizonte-comenzara-a-transmitir-a-partir-de-hoy-nuevas-reflexiones-del-candidato-a-vicepresidente","status":"publish","type":"post","link":"https:\/\/www.padreeustaquio.com.br\/es\/tv-horizonte-comenzara-a-transmitir-a-partir-de-hoy-nuevas-reflexiones-del-candidato-a-vicepresidente\/","title":{"rendered":"TV Horizonte comenzar\u00e1 a transmitir a partir de hoy nuevas reflexiones del padre Vin\u00edcius Maciel."},"content":{"rendered":"<p>A partir de hoy, TV Horizonte emitir\u00e1 reflexiones basadas en el Evangelio del d\u00eda. El material, grabado por el vicepostulador de la Causa de Canonizaci\u00f3n del Beato Padre Eust\u00e1quio, Padre Vin\u00edcius Maciel, abordar\u00e1 la Quinta Semana de Cuaresma, la Semana Santa y la Pascua.<\/p>\n\n\n\n<p>Los videos tienen una duraci\u00f3n aproximada de 5 minutos y pertenecen al programa &quot;Bom Dia&quot; (Buenos D\u00edas), que se transmite a las 8:00 h de lunes a viernes. Cada mes, un sacerdote diferente ofrece una reflexi\u00f3n, llevando la meditaci\u00f3n sobre la Palabra de Dios a los espectadores de TV Horizonte. El programa &quot;Bom Dia&quot;, presentado por la periodista Vanessa An\u00edcio, presenta lo m\u00e1s destacado de la programaci\u00f3n de la emisora y las noticias m\u00e1s relevantes.<\/p>\n\n\n\n<p>Estos v\u00eddeos fueron grabados en el Santuario de Salud y Paz a principios de marzo y fueron realizados con la colaboraci\u00f3n de equipos del Canal Padre Eust\u00e1quio.<\/p>\n\n\n\n<p>Esta es la segunda vez que el Padre Vin\u00edcius Maciel, sscc, ha sido invitado a participar en el programa. En enero de este a\u00f1o, las reflexiones sobre &quot;Buenos D\u00edas&quot; tambi\u00e9n estuvieron a cargo del vicepostulador. Las meditaciones captaron la atenci\u00f3n de los espectadores y de los directores del programa transmitido por el canal cat\u00f3lico.<\/p>\n\n\n\n<p><\/p>","protected":false},"excerpt":{"rendered":"<p>Reflex\u00f5es baseadas no Evangelho do dia ser\u00e3o exibidas a partir de hoje na TV Horizonte. O material, gravado pelo vice-postulador da Causa de Canoniza\u00e7\u00e3o do Beato Padre Eust\u00e1quio, Padre Vin\u00edcius Maciel, vai abordar a Quinta Semana da Quaresma, a Semana Santa e a P\u00e1scoa. Os v\u00eddeos duram cerca de 5 minutos e s\u00e3o para o programa \u201cBom Dia\u201d, que vai ao ar \u00e0s 8h da manh\u00e3, de segunda a sexta-feira. Cada m\u00eas um sacerdote diferente faz a reflex\u00e3o, levando a medita\u00e7\u00e3o da Palavra de Deus para os telespectadores da TV Horizonte. O programa Bom dia, apresentado pela jornalista Vanessa An\u00edcio, [&hellip;]<\/p>\n","protected":false},"author":2,"featured_media":8398,"comment_status":"open","ping_status":"closed","sticky":false,"template":"","format":"standard","meta":{"_acf_changed":false,"footnotes":""},"categories":[611],"tags":[],"class_list":["post-8397","post","type-post","status-publish","format-standard","has-post-thumbnail","hentry","category-noticias"],"acf":[],"yoast_head":"<!-- This site is optimized with the Yoast SEO plugin v27.2 - https:\/\/yoast.com\/product\/yoast-seo-wordpress\/ -->\n<title>TV Horizonte exibe a partir de hoje novas reflex\u00f5es feitas por Padre Vin\u00edcius Maciel<\/title>\n<meta name=\"description\" content=\"Reflex\u00f5es baseadas no Evangelho do dia ser\u00e3o exibidas a partir de hoje na TV Horizonte. O material, gravado pelo vice-postulador da Causa de Canoniza\u00e7\u00e3o do Beato Padre Eust\u00e1quio, Padre Vin\u00edcius Maciel, vai abordar a Quinta Semana da Quaresma, a Semana Santa e a P\u00e1scoa.\" \/>\n<meta name=\"robots\" content=\"index, follow, max-snippet:-1, max-image-preview:large, max-video-preview:-1\" \/>\n<link rel=\"canonical\" href=\"https:\/\/www.padreeustaquio.com.br\/es\/tv-horizonte-comenzara-a-transmitir-a-partir-de-hoy-nuevas-reflexiones-del-candidato-a-vicepresidente\/\" \/>\n<meta property=\"og:locale\" content=\"es_ES\" \/>\n<meta property=\"og:type\" content=\"article\" \/>\n<meta property=\"og:title\" content=\"TV Horizonte exibe a partir de hoje novas reflex\u00f5es feitas por Padre Vin\u00edcius Maciel\" \/>\n<meta property=\"og:description\" content=\"Reflex\u00f5es baseadas no Evangelho do dia ser\u00e3o exibidas a partir de hoje na TV Horizonte. O material, gravado pelo vice-postulador da Causa de Canoniza\u00e7\u00e3o do Beato Padre Eust\u00e1quio, Padre Vin\u00edcius Maciel, vai abordar a Quinta Semana da Quaresma, a Semana Santa e a P\u00e1scoa.\" \/>\n<meta property=\"og:url\" content=\"https:\/\/www.padreeustaquio.com.br\/es\/tv-horizonte-comenzara-a-transmitir-a-partir-de-hoy-nuevas-reflexiones-del-candidato-a-vicepresidente\/\" \/>\n<meta property=\"og:site_name\" content=\"Padre Eust\u00e1quio\" \/>\n<meta property=\"article:publisher\" content=\"https:\/\/www.facebook.com\/beatopadreeustaquio\/\" \/>\n<meta property=\"article:published_time\" content=\"2022-04-01T09:13:00+00:00\" \/>\n<meta property=\"og:image\" content=\"https:\/\/www.padreeustaquio.com.br\/wp-content\/uploads\/2022\/03\/padre-e-a-horizonte-2.jpg\" \/>\n\t<meta property=\"og:image:width\" content=\"748\" \/>\n\t<meta property=\"og:image:height\" content=\"394\" \/>\n\t<meta property=\"og:image:type\" content=\"image\/jpeg\" \/>\n<meta name=\"author\" content=\"@sscc\" \/>\n<meta name=\"twitter:card\" content=\"summary_large_image\" \/>\n<meta name=\"twitter:creator\" content=\"@beatopeustaquio\" \/>\n<meta name=\"twitter:site\" content=\"@beatopeustaquio\" \/>\n<meta name=\"twitter:label1\" content=\"Escrito por\" \/>\n\t<meta name=\"twitter:data1\" content=\"@sscc\" \/>\n\t<meta name=\"twitter:label2\" content=\"Tiempo de lectura\" \/>\n\t<meta name=\"twitter:data2\" content=\"1 minuto\" \/>\n<script type=\"application\/ld+json\" class=\"yoast-schema-graph\">{\"@context\":\"https:\/\/schema.org\",\"@graph\":[{\"@type\":\"Article\",\"@id\":\"https:\/\/www.padreeustaquio.com.br\/tv-horizonte-exibe-a-partir-de-hoje-novas-reflexoes-feitas-pelo-vice-postulador\/#article\",\"isPartOf\":{\"@id\":\"https:\/\/www.padreeustaquio.com.br\/tv-horizonte-exibe-a-partir-de-hoje-novas-reflexoes-feitas-pelo-vice-postulador\/\"},\"author\":{\"name\":\"@sscc\",\"@id\":\"https:\/\/www.padreeustaquio.com.br\/#\/schema\/person\/a2a51db1d00f1a7af0204a0f1ddb1566\"},\"headline\":\"TV Horizonte exibe a partir de hoje novas reflex\u00f5es feitas por Padre Vin\u00edcius Maciel\",\"datePublished\":\"2022-04-01T09:13:00+00:00\",\"mainEntityOfPage\":{\"@id\":\"https:\/\/www.padreeustaquio.com.br\/tv-horizonte-exibe-a-partir-de-hoje-novas-reflexoes-feitas-pelo-vice-postulador\/\"},\"wordCount\":232,\"commentCount\":0,\"publisher\":{\"@id\":\"https:\/\/www.padreeustaquio.com.br\/#organization\"},\"image\":{\"@id\":\"https:\/\/www.padreeustaquio.com.br\/tv-horizonte-exibe-a-partir-de-hoje-novas-reflexoes-feitas-pelo-vice-postulador\/#primaryimage\"},\"thumbnailUrl\":\"https:\/\/www.padreeustaquio.com.br\/wp-content\/uploads\/2022\/03\/padre-e-a-horizonte-2.jpg\",\"articleSection\":[\"Not\u00edcias\"],\"inLanguage\":\"es\",\"potentialAction\":[{\"@type\":\"CommentAction\",\"name\":\"Comment\",\"target\":[\"https:\/\/www.padreeustaquio.com.br\/tv-horizonte-exibe-a-partir-de-hoje-novas-reflexoes-feitas-pelo-vice-postulador\/#respond\"]}]},{\"@type\":\"WebPage\",\"@id\":\"https:\/\/www.padreeustaquio.com.br\/tv-horizonte-exibe-a-partir-de-hoje-novas-reflexoes-feitas-pelo-vice-postulador\/\",\"url\":\"https:\/\/www.padreeustaquio.com.br\/tv-horizonte-exibe-a-partir-de-hoje-novas-reflexoes-feitas-pelo-vice-postulador\/\",\"name\":\"TV Horizonte exibe a partir de hoje novas reflex\u00f5es feitas por Padre Vin\u00edcius Maciel\",\"isPartOf\":{\"@id\":\"https:\/\/www.padreeustaquio.com.br\/#website\"},\"primaryImageOfPage\":{\"@id\":\"https:\/\/www.padreeustaquio.com.br\/tv-horizonte-exibe-a-partir-de-hoje-novas-reflexoes-feitas-pelo-vice-postulador\/#primaryimage\"},\"image\":{\"@id\":\"https:\/\/www.padreeustaquio.com.br\/tv-horizonte-exibe-a-partir-de-hoje-novas-reflexoes-feitas-pelo-vice-postulador\/#primaryimage\"},\"thumbnailUrl\":\"https:\/\/www.padreeustaquio.com.br\/wp-content\/uploads\/2022\/03\/padre-e-a-horizonte-2.jpg\",\"datePublished\":\"2022-04-01T09:13:00+00:00\",\"description\":\"Reflex\u00f5es baseadas no Evangelho do dia ser\u00e3o exibidas a partir de hoje na TV Horizonte. O material, gravado pelo vice-postulador da Causa de Canoniza\u00e7\u00e3o do Beato Padre Eust\u00e1quio, Padre Vin\u00edcius Maciel, vai abordar a Quinta Semana da Quaresma, a Semana Santa e a P\u00e1scoa.\",\"breadcrumb\":{\"@id\":\"https:\/\/www.padreeustaquio.com.br\/tv-horizonte-exibe-a-partir-de-hoje-novas-reflexoes-feitas-pelo-vice-postulador\/#breadcrumb\"},\"inLanguage\":\"es\",\"potentialAction\":[{\"@type\":\"ReadAction\",\"target\":[\"https:\/\/www.padreeustaquio.com.br\/tv-horizonte-exibe-a-partir-de-hoje-novas-reflexoes-feitas-pelo-vice-postulador\/\"]}]},{\"@type\":\"ImageObject\",\"inLanguage\":\"es\",\"@id\":\"https:\/\/www.padreeustaquio.com.br\/tv-horizonte-exibe-a-partir-de-hoje-novas-reflexoes-feitas-pelo-vice-postulador\/#primaryimage\",\"url\":\"https:\/\/www.padreeustaquio.com.br\/wp-content\/uploads\/2022\/03\/padre-e-a-horizonte-2.jpg\",\"contentUrl\":\"https:\/\/www.padreeustaquio.com.br\/wp-content\/uploads\/2022\/03\/padre-e-a-horizonte-2.jpg\",\"width\":748,\"height\":394},{\"@type\":\"BreadcrumbList\",\"@id\":\"https:\/\/www.padreeustaquio.com.br\/tv-horizonte-exibe-a-partir-de-hoje-novas-reflexoes-feitas-pelo-vice-postulador\/#breadcrumb\",\"itemListElement\":[{\"@type\":\"ListItem\",\"position\":1,\"name\":\"In\u00edcio\",\"item\":\"https:\/\/www.padreeustaquio.com.br\/\"},{\"@type\":\"ListItem\",\"position\":2,\"name\":\"TV Horizonte exibe a partir de hoje novas reflex\u00f5es feitas por Padre Vin\u00edcius Maciel\"}]},{\"@type\":\"WebSite\",\"@id\":\"https:\/\/www.padreeustaquio.com.br\/#website\",\"url\":\"https:\/\/www.padreeustaquio.com.br\/\",\"name\":\"Padre Eust\u00e1quio\",\"description\":\"Sa\u00fade e Paz\",\"publisher\":{\"@id\":\"https:\/\/www.padreeustaquio.com.br\/#organization\"},\"potentialAction\":[{\"@type\":\"SearchAction\",\"target\":{\"@type\":\"EntryPoint\",\"urlTemplate\":\"https:\/\/www.padreeustaquio.com.br\/?s={search_term_string}\"},\"query-input\":{\"@type\":\"PropertyValueSpecification\",\"valueRequired\":true,\"valueName\":\"search_term_string\"}}],\"inLanguage\":\"es\"},{\"@type\":\"Organization\",\"@id\":\"https:\/\/www.padreeustaquio.com.br\/#organization\",\"name\":\"Padre Eust\u00e1quio\",\"url\":\"https:\/\/www.padreeustaquio.com.br\/\",\"logo\":{\"@type\":\"ImageObject\",\"inLanguage\":\"es\",\"@id\":\"https:\/\/www.padreeustaquio.com.br\/#\/schema\/logo\/image\/\",\"url\":\"https:\/\/www.padreeustaquio.com.br\/wp-content\/uploads\/2019\/08\/marca.png\",\"contentUrl\":\"https:\/\/www.padreeustaquio.com.br\/wp-content\/uploads\/2019\/08\/marca.png\",\"width\":350,\"height\":400,\"caption\":\"Padre Eust\u00e1quio\"},\"image\":{\"@id\":\"https:\/\/www.padreeustaquio.com.br\/#\/schema\/logo\/image\/\"},\"sameAs\":[\"https:\/\/www.facebook.com\/beatopadreeustaquio\/\",\"https:\/\/x.com\/beatopeustaquio\",\"https:\/\/www.instagram.com\/beatopadreeustaquio\/\",\"https:\/\/www.youtube.com\/channel\/UCRhw7vfabnajwLxb1ZXMeIw\"]},{\"@type\":\"Person\",\"@id\":\"https:\/\/www.padreeustaquio.com.br\/#\/schema\/person\/a2a51db1d00f1a7af0204a0f1ddb1566\",\"name\":\"@sscc\",\"image\":{\"@type\":\"ImageObject\",\"inLanguage\":\"es\",\"@id\":\"https:\/\/secure.gravatar.com\/avatar\/68cfafa5f44617fea54071e215026e0ff06be366c3d54a8425f04fdcb86f8c5f?s=96&d=mm&r=g\",\"url\":\"https:\/\/secure.gravatar.com\/avatar\/68cfafa5f44617fea54071e215026e0ff06be366c3d54a8425f04fdcb86f8c5f?s=96&d=mm&r=g\",\"contentUrl\":\"https:\/\/secure.gravatar.com\/avatar\/68cfafa5f44617fea54071e215026e0ff06be366c3d54a8425f04fdcb86f8c5f?s=96&d=mm&r=g\",\"caption\":\"@sscc\"},\"url\":\"https:\/\/www.padreeustaquio.com.br\/es\/author\/sscc\/\"}]}<\/script>\n<!-- \/ Yoast SEO plugin. -->","yoast_head_json":{"title":"TV Horizonte comenzar\u00e1 a transmitir a partir de hoy nuevas reflexiones del padre Vin\u00edcius Maciel.","description":"A partir de hoy, TV Horizonte emitir\u00e1 reflexiones basadas en el Evangelio del d\u00eda. El material, grabado por el vicepostulador de la Causa de Canonizaci\u00f3n del Beato Padre Eust\u00e1quio, Padre Vin\u00edcius Maciel, abordar\u00e1 la Quinta Semana de Cuaresma, la Semana Santa y la Pascua.","robots":{"index":"index","follow":"follow","max-snippet":"max-snippet:-1","max-image-preview":"max-image-preview:large","max-video-preview":"max-video-preview:-1"},"canonical":"https:\/\/www.padreeustaquio.com.br\/es\/tv-horizonte-comenzara-a-transmitir-a-partir-de-hoy-nuevas-reflexiones-del-candidato-a-vicepresidente\/","og_locale":"es_ES","og_type":"article","og_title":"TV Horizonte exibe a partir de hoje novas reflex\u00f5es feitas por Padre Vin\u00edcius Maciel","og_description":"Reflex\u00f5es baseadas no Evangelho do dia ser\u00e3o exibidas a partir de hoje na TV Horizonte. O material, gravado pelo vice-postulador da Causa de Canoniza\u00e7\u00e3o do Beato Padre Eust\u00e1quio, Padre Vin\u00edcius Maciel, vai abordar a Quinta Semana da Quaresma, a Semana Santa e a P\u00e1scoa.","og_url":"https:\/\/www.padreeustaquio.com.br\/es\/tv-horizonte-comenzara-a-transmitir-a-partir-de-hoy-nuevas-reflexiones-del-candidato-a-vicepresidente\/","og_site_name":"Padre Eust\u00e1quio","article_publisher":"https:\/\/www.facebook.com\/beatopadreeustaquio\/","article_published_time":"2022-04-01T09:13:00+00:00","og_image":[{"width":748,"height":394,"url":"https:\/\/www.padreeustaquio.com.br\/wp-content\/uploads\/2022\/03\/padre-e-a-horizonte-2.jpg","type":"image\/jpeg"}],"author":"@sscc","twitter_card":"summary_large_image","twitter_creator":"@beatopeustaquio","twitter_site":"@beatopeustaquio","twitter_misc":{"Escrito por":"@sscc","Tiempo de lectura":"1 minuto"},"schema":{"@context":"https:\/\/schema.org","@graph":[{"@type":"Article","@id":"https:\/\/www.padreeustaquio.com.br\/tv-horizonte-exibe-a-partir-de-hoje-novas-reflexoes-feitas-pelo-vice-postulador\/#article","isPartOf":{"@id":"https:\/\/www.padreeustaquio.com.br\/tv-horizonte-exibe-a-partir-de-hoje-novas-reflexoes-feitas-pelo-vice-postulador\/"},"author":{"name":"@sscc","@id":"https:\/\/www.padreeustaquio.com.br\/#\/schema\/person\/a2a51db1d00f1a7af0204a0f1ddb1566"},"headline":"TV Horizonte exibe a partir de hoje novas reflex\u00f5es feitas por Padre Vin\u00edcius Maciel","datePublished":"2022-04-01T09:13:00+00:00","mainEntityOfPage":{"@id":"https:\/\/www.padreeustaquio.com.br\/tv-horizonte-exibe-a-partir-de-hoje-novas-reflexoes-feitas-pelo-vice-postulador\/"},"wordCount":232,"commentCount":0,"publisher":{"@id":"https:\/\/www.padreeustaquio.com.br\/#organization"},"image":{"@id":"https:\/\/www.padreeustaquio.com.br\/tv-horizonte-exibe-a-partir-de-hoje-novas-reflexoes-feitas-pelo-vice-postulador\/#primaryimage"},"thumbnailUrl":"https:\/\/www.padreeustaquio.com.br\/wp-content\/uploads\/2022\/03\/padre-e-a-horizonte-2.jpg","articleSection":["Not\u00edcias"],"inLanguage":"es","potentialAction":[{"@type":"CommentAction","name":"Comment","target":["https:\/\/www.padreeustaquio.com.br\/tv-horizonte-exibe-a-partir-de-hoje-novas-reflexoes-feitas-pelo-vice-postulador\/#respond"]}]},{"@type":"WebPage","@id":"https:\/\/www.padreeustaquio.com.br\/tv-horizonte-exibe-a-partir-de-hoje-novas-reflexoes-feitas-pelo-vice-postulador\/","url":"https:\/\/www.padreeustaquio.com.br\/tv-horizonte-exibe-a-partir-de-hoje-novas-reflexoes-feitas-pelo-vice-postulador\/","name":"TV Horizonte comenzar\u00e1 a transmitir a partir de hoy nuevas reflexiones del padre Vin\u00edcius Maciel.","isPartOf":{"@id":"https:\/\/www.padreeustaquio.com.br\/#website"},"primaryImageOfPage":{"@id":"https:\/\/www.padreeustaquio.com.br\/tv-horizonte-exibe-a-partir-de-hoje-novas-reflexoes-feitas-pelo-vice-postulador\/#primaryimage"},"image":{"@id":"https:\/\/www.padreeustaquio.com.br\/tv-horizonte-exibe-a-partir-de-hoje-novas-reflexoes-feitas-pelo-vice-postulador\/#primaryimage"},"thumbnailUrl":"https:\/\/www.padreeustaquio.com.br\/wp-content\/uploads\/2022\/03\/padre-e-a-horizonte-2.jpg","datePublished":"2022-04-01T09:13:00+00:00","description":"A partir de hoy, TV Horizonte emitir\u00e1 reflexiones basadas en el Evangelio del d\u00eda. El material, grabado por el vicepostulador de la Causa de Canonizaci\u00f3n del Beato Padre Eust\u00e1quio, Padre Vin\u00edcius Maciel, abordar\u00e1 la Quinta Semana de Cuaresma, la Semana Santa y la Pascua.","breadcrumb":{"@id":"https:\/\/www.padreeustaquio.com.br\/tv-horizonte-exibe-a-partir-de-hoje-novas-reflexoes-feitas-pelo-vice-postulador\/#breadcrumb"},"inLanguage":"es","potentialAction":[{"@type":"ReadAction","target":["https:\/\/www.padreeustaquio.com.br\/tv-horizonte-exibe-a-partir-de-hoje-novas-reflexoes-feitas-pelo-vice-postulador\/"]}]},{"@type":"ImageObject","inLanguage":"es","@id":"https:\/\/www.padreeustaquio.com.br\/tv-horizonte-exibe-a-partir-de-hoje-novas-reflexoes-feitas-pelo-vice-postulador\/#primaryimage","url":"https:\/\/www.padreeustaquio.com.br\/wp-content\/uploads\/2022\/03\/padre-e-a-horizonte-2.jpg","contentUrl":"https:\/\/www.padreeustaquio.com.br\/wp-content\/uploads\/2022\/03\/padre-e-a-horizonte-2.jpg","width":748,"height":394},{"@type":"BreadcrumbList","@id":"https:\/\/www.padreeustaquio.com.br\/tv-horizonte-exibe-a-partir-de-hoje-novas-reflexoes-feitas-pelo-vice-postulador\/#breadcrumb","itemListElement":[{"@type":"ListItem","position":1,"name":"In\u00edcio","item":"https:\/\/www.padreeustaquio.com.br\/"},{"@type":"ListItem","position":2,"name":"TV Horizonte exibe a partir de hoje novas reflex\u00f5es feitas por Padre Vin\u00edcius Maciel"}]},{"@type":"WebSite","@id":"https:\/\/www.padreeustaquio.com.br\/#website","url":"https:\/\/www.padreeustaquio.com.br\/","name":"Padre Eustace","description":"Salud y Paz","publisher":{"@id":"https:\/\/www.padreeustaquio.com.br\/#organization"},"potentialAction":[{"@type":"SearchAction","target":{"@type":"EntryPoint","urlTemplate":"https:\/\/www.padreeustaquio.com.br\/?s={search_term_string}"},"query-input":{"@type":"PropertyValueSpecification","valueRequired":true,"valueName":"search_term_string"}}],"inLanguage":"es"},{"@type":"Organization","@id":"https:\/\/www.padreeustaquio.com.br\/#organization","name":"Padre Eustace","url":"https:\/\/www.padreeustaquio.com.br\/","logo":{"@type":"ImageObject","inLanguage":"es","@id":"https:\/\/www.padreeustaquio.com.br\/#\/schema\/logo\/image\/","url":"https:\/\/www.padreeustaquio.com.br\/wp-content\/uploads\/2019\/08\/marca.png","contentUrl":"https:\/\/www.padreeustaquio.com.br\/wp-content\/uploads\/2019\/08\/marca.png","width":350,"height":400,"caption":"Padre Eust\u00e1quio"},"image":{"@id":"https:\/\/www.padreeustaquio.com.br\/#\/schema\/logo\/image\/"},"sameAs":["https:\/\/www.facebook.com\/beatopadreeustaquio\/","https:\/\/x.com\/beatopeustaquio","https:\/\/www.instagram.com\/beatopadreeustaquio\/","https:\/\/www.youtube.com\/channel\/UCRhw7vfabnajwLxb1ZXMeIw"]},{"@type":"Person","@id":"https:\/\/www.padreeustaquio.com.br\/#\/schema\/person\/a2a51db1d00f1a7af0204a0f1ddb1566","name":"@sscc","image":{"@type":"ImageObject","inLanguage":"es","@id":"https:\/\/secure.gravatar.com\/avatar\/68cfafa5f44617fea54071e215026e0ff06be366c3d54a8425f04fdcb86f8c5f?s=96&d=mm&r=g","url":"https:\/\/secure.gravatar.com\/avatar\/68cfafa5f44617fea54071e215026e0ff06be366c3d54a8425f04fdcb86f8c5f?s=96&d=mm&r=g","contentUrl":"https:\/\/secure.gravatar.com\/avatar\/68cfafa5f44617fea54071e215026e0ff06be366c3d54a8425f04fdcb86f8c5f?s=96&d=mm&r=g","caption":"@sscc"},"url":"https:\/\/www.padreeustaquio.com.br\/es\/author\/sscc\/"}]}},"_links":{"self":[{"href":"https:\/\/www.padreeustaquio.com.br\/es\/wp-json\/wp\/v2\/posts\/8397","targetHints":{"allow":["GET"]}}],"collection":[{"href":"https:\/\/www.padreeustaquio.com.br\/es\/wp-json\/wp\/v2\/posts"}],"about":[{"href":"https:\/\/www.padreeustaquio.com.br\/es\/wp-json\/wp\/v2\/types\/post"}],"author":[{"embeddable":true,"href":"https:\/\/www.padreeustaquio.com.br\/es\/wp-json\/wp\/v2\/users\/2"}],"replies":[{"embeddable":true,"href":"https:\/\/www.padreeustaquio.com.br\/es\/wp-json\/wp\/v2\/comments?post=8397"}],"version-history":[{"count":0,"href":"https:\/\/www.padreeustaquio.com.br\/es\/wp-json\/wp\/v2\/posts\/8397\/revisions"}],"wp:featuredmedia":[{"embeddable":true,"href":"https:\/\/www.padreeustaquio.com.br\/es\/wp-json\/wp\/v2\/media\/8398"}],"wp:attachment":[{"href":"https:\/\/www.padreeustaquio.com.br\/es\/wp-json\/wp\/v2\/media?parent=8397"}],"wp:term":[{"taxonomy":"category","embeddable":true,"href":"https:\/\/www.padreeustaquio.com.br\/es\/wp-json\/wp\/v2\/categories?post=8397"},{"taxonomy":"post_tag","embeddable":true,"href":"https:\/\/www.padreeustaquio.com.br\/es\/wp-json\/wp\/v2\/tags?post=8397"}],"curies":[{"name":"wp","href":"https:\/\/api.w.org\/{rel}","templated":true}]}}