{"id":8367,"date":"2022-03-31T05:45:00","date_gmt":"2022-03-31T08:45:00","guid":{"rendered":"https:\/\/www.padreeustaquio.com.br\/?p=8367"},"modified":"2022-03-30T10:10:48","modified_gmt":"2022-03-30T13:10:48","slug":"el-diacono-edvaldo-carneiro-ss-cc-sera-ordenado-sacerdote-en-ferraz-de-vasconcelos-sp","status":"publish","type":"post","link":"https:\/\/www.padreeustaquio.com.br\/es\/el-diacono-edvaldo-carneiro-ss-cc-sera-ordenado-sacerdote-en-ferraz-de-vasconcelos-sp\/","title":{"rendered":"El di\u00e1cono Edvaldo Carneiro, ss.cc., ser\u00e1 ordenado sacerdote en Ferraz de Vasconcelos, S\u00e3o Paulo."},"content":{"rendered":"<p>Por manos de Dom Pedro Luiz Stringhini, obispo de la di\u00f3cesis de Mogi das Cruzes, S\u00e3o Paulo, el di\u00e1cono Edvaldo Carneiro, ss.cc., ser\u00e1 ordenado sacerdote. La Santa Misa se celebrar\u00e1 en la Parroquia de Santa Cruz y Santa Margarida d&#039;YouVille este s\u00e1bado 2 de abril a las 10:00 h.<\/p>\n\n\n\n<p>Durante la ceremonia hay algunos pasos espec\u00edficos a realizar como la presentaci\u00f3n del candidato, la letan\u00eda de todos los santos, la imposici\u00f3n de manos y la oraci\u00f3n de ordenaci\u00f3n, as\u00ed como la unci\u00f3n de manos y la entrega del C\u00e1liz y la Patena al nuevo sacerdote.<\/p>\n\n\n\n<p>La Santa Misa contar\u00e1 con la presencia presencial de los amigos y familiares de Edvaldo y tambi\u00e9n podr\u00e1 seguirse en vivo por el Canal del Padre Eust\u00e1quio en YouTube, (<a href=\"https:\/\/youtu.be\/WGNU022r6Zc\" target=\"_blank\" rel=\"noreferrer noopener\">HAZ CLIC AQU\u00cd Y S\u00cdGUENOS<\/a>).<\/p>\n\n\n\n<p>En septiembre, el hermano Edvaldo Carneiro fue ordenado di\u00e1cono en una ceremonia celebrada en la parroquia Santo Em\u00eddio de S\u00e3o Paulo. La misa tambi\u00e9n se transmiti\u00f3 en l\u00ednea.<a href=\"https:\/\/www.youtube.com\/watch?v=CW9p9W1rngY\" target=\"_blank\" rel=\"noreferrer noopener\">rese\u00f1a aqu\u00ed<\/a>).<\/p>\n\n\n\n<p><strong>Di\u00e1cono Edvaldo<\/strong><\/p>\n\n\n\n<p>Edvaldo Carneiro, ss.cc. Naci\u00f3 en Suzano el 15 de septiembre de 1987. Hijo de Ant\u00f4nio Alves Carneiro (fallecido) y Laura da Silva Carneiro. Creci\u00f3 en la ciudad de Ferraz de Vasconcelos, SP. En 2013 ingres\u00f3 a la Congregaci\u00f3n de los Sagrados Corazones de Jes\u00fas y Mar\u00eda. Complet\u00f3 su noviciado en 2016 en Chaclacayo (Per\u00fa), y profes\u00f3 sus primeros votos el 29 de enero de 2017, en la Parroquia de Santo Em\u00eddio, Vila Prudente.<\/p>\n\n\n\n<p>Inici\u00f3 sus estudios teol\u00f3gicos en la Pontificia Universidad Cat\u00f3lica de Chile y en 2018 ingres\u00f3 al juniorado en Belo Horizonte, MG, donde complet\u00f3 su licenciatura en Teolog\u00eda en la Facultad de Filosof\u00eda y Teolog\u00eda de la Compa\u00f1\u00eda de Jes\u00fas en 2020. Hizo su Profesi\u00f3n Perpetua el 17 de enero de 2021 en el Santuario de la Salud y la Paz de Belo Horizonte. En febrero de ese mismo a\u00f1o, fue asignado a la Comunidad de Santo Em\u00eddio en Vila Prudente, donde fue ordenado di\u00e1cono el 4 de septiembre de 2021.<\/p>\n\n\n\n<p><\/p>","protected":false},"excerpt":{"rendered":"<p>Pelas m\u00e3os de Dom Pedro Luiz Stringhini, bispo da diocese de Mogi das Cruzes, S\u00e3o Paulo, o Di\u00e1cono Edvaldo Carneiro, ss.cc., ser\u00e1 ordenado presb\u00edtero. A Santa Missa ser\u00e1 realizada na Par\u00f3quia Santa Cruz e Santa Margarida d&#8217;YouVille, neste s\u00e1bado, dia 02 de abril, \u00e0s 10h. Durante a cerim\u00f4nia h\u00e1 algumas etapas espec\u00edficas a serem realizadas como a apresenta\u00e7\u00e3o do candidato, a ladainha de todos os santos, a imposi\u00e7\u00e3o das m\u00e3os e prece de ordena\u00e7\u00e3o, al\u00e9m da un\u00e7\u00e3o das m\u00e3os e entrega do C\u00e1lice e da Patena ao novo presb\u00edtero. A Santa Missa ser\u00e1 acompanhada presencialmente por amigos e familiares de [&hellip;]<\/p>\n","protected":false},"author":2,"featured_media":8368,"comment_status":"open","ping_status":"closed","sticky":false,"template":"","format":"standard","meta":{"_acf_changed":false,"footnotes":""},"categories":[611],"tags":[],"class_list":["post-8367","post","type-post","status-publish","format-standard","has-post-thumbnail","hentry","category-noticias"],"acf":[],"yoast_head":"<!-- This site is optimized with the Yoast SEO plugin v27.2 - https:\/\/yoast.com\/product\/yoast-seo-wordpress\/ -->\n<title>Di\u00e1cono Edvaldo Carneiro, ss.cc. ser\u00e1 ordenado padre em Ferraz de Vasconcelos-SP<\/title>\n<meta name=\"description\" content=\"Pelas m\u00e3os de Dom Pedro Luiz Stringhini, bispo da diocese de Mogi das Cruzes, S\u00e3o Paulo, o Di\u00e1cono Edvaldo Carneiro, ss.cc., ser\u00e1 ordenado presb\u00edtero. A Santa Missa ser\u00e1 realizada na Par\u00f3quia Santa Cruz e Santa Margarida d&#039;YouVille, neste s\u00e1bado, dia 02 de abril, \u00e0s 10h.\" \/>\n<meta name=\"robots\" content=\"index, follow, max-snippet:-1, max-image-preview:large, max-video-preview:-1\" \/>\n<link rel=\"canonical\" href=\"https:\/\/www.padreeustaquio.com.br\/es\/el-diacono-edvaldo-carneiro-ss-cc-sera-ordenado-sacerdote-en-ferraz-de-vasconcelos-sp\/\" \/>\n<meta property=\"og:locale\" content=\"es_ES\" \/>\n<meta property=\"og:type\" content=\"article\" \/>\n<meta property=\"og:title\" content=\"Di\u00e1cono Edvaldo Carneiro, ss.cc. ser\u00e1 ordenado padre em Ferraz de Vasconcelos-SP\" \/>\n<meta property=\"og:description\" content=\"Pelas m\u00e3os de Dom Pedro Luiz Stringhini, bispo da diocese de Mogi das Cruzes, S\u00e3o Paulo, o Di\u00e1cono Edvaldo Carneiro, ss.cc., ser\u00e1 ordenado presb\u00edtero. A Santa Missa ser\u00e1 realizada na Par\u00f3quia Santa Cruz e Santa Margarida d&#039;YouVille, neste s\u00e1bado, dia 02 de abril, \u00e0s 10h.\" \/>\n<meta property=\"og:url\" content=\"https:\/\/www.padreeustaquio.com.br\/es\/el-diacono-edvaldo-carneiro-ss-cc-sera-ordenado-sacerdote-en-ferraz-de-vasconcelos-sp\/\" \/>\n<meta property=\"og:site_name\" content=\"Padre Eust\u00e1quio\" \/>\n<meta property=\"article:publisher\" content=\"https:\/\/www.facebook.com\/beatopadreeustaquio\/\" \/>\n<meta property=\"article:published_time\" content=\"2022-03-31T08:45:00+00:00\" \/>\n<meta property=\"og:image\" content=\"https:\/\/www.padreeustaquio.com.br\/wp-content\/uploads\/2022\/03\/noticia-edvaldo-padre.jpg\" \/>\n\t<meta property=\"og:image:width\" content=\"748\" \/>\n\t<meta property=\"og:image:height\" content=\"394\" \/>\n\t<meta property=\"og:image:type\" content=\"image\/jpeg\" \/>\n<meta name=\"author\" content=\"@sscc\" \/>\n<meta name=\"twitter:card\" content=\"summary_large_image\" \/>\n<meta name=\"twitter:creator\" content=\"@beatopeustaquio\" \/>\n<meta name=\"twitter:site\" content=\"@beatopeustaquio\" \/>\n<meta name=\"twitter:label1\" content=\"Escrito por\" \/>\n\t<meta name=\"twitter:data1\" content=\"@sscc\" \/>\n\t<meta name=\"twitter:label2\" content=\"Tiempo de lectura\" \/>\n\t<meta name=\"twitter:data2\" content=\"2 minutos\" \/>\n<script type=\"application\/ld+json\" class=\"yoast-schema-graph\">{\"@context\":\"https:\/\/schema.org\",\"@graph\":[{\"@type\":\"Article\",\"@id\":\"https:\/\/www.padreeustaquio.com.br\/diacono-edvaldo-carneiro-ss-cc-sera-ordenado-padre-em-ferraz-de-vasconcelos-sp\/#article\",\"isPartOf\":{\"@id\":\"https:\/\/www.padreeustaquio.com.br\/diacono-edvaldo-carneiro-ss-cc-sera-ordenado-padre-em-ferraz-de-vasconcelos-sp\/\"},\"author\":{\"name\":\"@sscc\",\"@id\":\"https:\/\/www.padreeustaquio.com.br\/#\/schema\/person\/a2a51db1d00f1a7af0204a0f1ddb1566\"},\"headline\":\"Di\u00e1cono Edvaldo Carneiro, ss.cc. ser\u00e1 ordenado padre em Ferraz de Vasconcelos-SP\",\"datePublished\":\"2022-03-31T08:45:00+00:00\",\"mainEntityOfPage\":{\"@id\":\"https:\/\/www.padreeustaquio.com.br\/diacono-edvaldo-carneiro-ss-cc-sera-ordenado-padre-em-ferraz-de-vasconcelos-sp\/\"},\"wordCount\":344,\"commentCount\":0,\"publisher\":{\"@id\":\"https:\/\/www.padreeustaquio.com.br\/#organization\"},\"image\":{\"@id\":\"https:\/\/www.padreeustaquio.com.br\/diacono-edvaldo-carneiro-ss-cc-sera-ordenado-padre-em-ferraz-de-vasconcelos-sp\/#primaryimage\"},\"thumbnailUrl\":\"https:\/\/www.padreeustaquio.com.br\/wp-content\/uploads\/2022\/03\/noticia-edvaldo-padre.jpg\",\"articleSection\":[\"Not\u00edcias\"],\"inLanguage\":\"es\",\"potentialAction\":[{\"@type\":\"CommentAction\",\"name\":\"Comment\",\"target\":[\"https:\/\/www.padreeustaquio.com.br\/diacono-edvaldo-carneiro-ss-cc-sera-ordenado-padre-em-ferraz-de-vasconcelos-sp\/#respond\"]}]},{\"@type\":\"WebPage\",\"@id\":\"https:\/\/www.padreeustaquio.com.br\/diacono-edvaldo-carneiro-ss-cc-sera-ordenado-padre-em-ferraz-de-vasconcelos-sp\/\",\"url\":\"https:\/\/www.padreeustaquio.com.br\/diacono-edvaldo-carneiro-ss-cc-sera-ordenado-padre-em-ferraz-de-vasconcelos-sp\/\",\"name\":\"Di\u00e1cono Edvaldo Carneiro, ss.cc. ser\u00e1 ordenado padre em Ferraz de Vasconcelos-SP\",\"isPartOf\":{\"@id\":\"https:\/\/www.padreeustaquio.com.br\/#website\"},\"primaryImageOfPage\":{\"@id\":\"https:\/\/www.padreeustaquio.com.br\/diacono-edvaldo-carneiro-ss-cc-sera-ordenado-padre-em-ferraz-de-vasconcelos-sp\/#primaryimage\"},\"image\":{\"@id\":\"https:\/\/www.padreeustaquio.com.br\/diacono-edvaldo-carneiro-ss-cc-sera-ordenado-padre-em-ferraz-de-vasconcelos-sp\/#primaryimage\"},\"thumbnailUrl\":\"https:\/\/www.padreeustaquio.com.br\/wp-content\/uploads\/2022\/03\/noticia-edvaldo-padre.jpg\",\"datePublished\":\"2022-03-31T08:45:00+00:00\",\"description\":\"Pelas m\u00e3os de Dom Pedro Luiz Stringhini, bispo da diocese de Mogi das Cruzes, S\u00e3o Paulo, o Di\u00e1cono Edvaldo Carneiro, ss.cc., ser\u00e1 ordenado presb\u00edtero. A Santa Missa ser\u00e1 realizada na Par\u00f3quia Santa Cruz e Santa Margarida d'YouVille, neste s\u00e1bado, dia 02 de abril, \u00e0s 10h.\",\"breadcrumb\":{\"@id\":\"https:\/\/www.padreeustaquio.com.br\/diacono-edvaldo-carneiro-ss-cc-sera-ordenado-padre-em-ferraz-de-vasconcelos-sp\/#breadcrumb\"},\"inLanguage\":\"es\",\"potentialAction\":[{\"@type\":\"ReadAction\",\"target\":[\"https:\/\/www.padreeustaquio.com.br\/diacono-edvaldo-carneiro-ss-cc-sera-ordenado-padre-em-ferraz-de-vasconcelos-sp\/\"]}]},{\"@type\":\"ImageObject\",\"inLanguage\":\"es\",\"@id\":\"https:\/\/www.padreeustaquio.com.br\/diacono-edvaldo-carneiro-ss-cc-sera-ordenado-padre-em-ferraz-de-vasconcelos-sp\/#primaryimage\",\"url\":\"https:\/\/www.padreeustaquio.com.br\/wp-content\/uploads\/2022\/03\/noticia-edvaldo-padre.jpg\",\"contentUrl\":\"https:\/\/www.padreeustaquio.com.br\/wp-content\/uploads\/2022\/03\/noticia-edvaldo-padre.jpg\",\"width\":748,\"height\":394},{\"@type\":\"BreadcrumbList\",\"@id\":\"https:\/\/www.padreeustaquio.com.br\/diacono-edvaldo-carneiro-ss-cc-sera-ordenado-padre-em-ferraz-de-vasconcelos-sp\/#breadcrumb\",\"itemListElement\":[{\"@type\":\"ListItem\",\"position\":1,\"name\":\"In\u00edcio\",\"item\":\"https:\/\/www.padreeustaquio.com.br\/\"},{\"@type\":\"ListItem\",\"position\":2,\"name\":\"Di\u00e1cono Edvaldo Carneiro, ss.cc. ser\u00e1 ordenado padre em Ferraz de Vasconcelos-SP\"}]},{\"@type\":\"WebSite\",\"@id\":\"https:\/\/www.padreeustaquio.com.br\/#website\",\"url\":\"https:\/\/www.padreeustaquio.com.br\/\",\"name\":\"Padre Eust\u00e1quio\",\"description\":\"Sa\u00fade e Paz\",\"publisher\":{\"@id\":\"https:\/\/www.padreeustaquio.com.br\/#organization\"},\"potentialAction\":[{\"@type\":\"SearchAction\",\"target\":{\"@type\":\"EntryPoint\",\"urlTemplate\":\"https:\/\/www.padreeustaquio.com.br\/?s={search_term_string}\"},\"query-input\":{\"@type\":\"PropertyValueSpecification\",\"valueRequired\":true,\"valueName\":\"search_term_string\"}}],\"inLanguage\":\"es\"},{\"@type\":\"Organization\",\"@id\":\"https:\/\/www.padreeustaquio.com.br\/#organization\",\"name\":\"Padre Eust\u00e1quio\",\"url\":\"https:\/\/www.padreeustaquio.com.br\/\",\"logo\":{\"@type\":\"ImageObject\",\"inLanguage\":\"es\",\"@id\":\"https:\/\/www.padreeustaquio.com.br\/#\/schema\/logo\/image\/\",\"url\":\"https:\/\/www.padreeustaquio.com.br\/wp-content\/uploads\/2019\/08\/marca.png\",\"contentUrl\":\"https:\/\/www.padreeustaquio.com.br\/wp-content\/uploads\/2019\/08\/marca.png\",\"width\":350,\"height\":400,\"caption\":\"Padre Eust\u00e1quio\"},\"image\":{\"@id\":\"https:\/\/www.padreeustaquio.com.br\/#\/schema\/logo\/image\/\"},\"sameAs\":[\"https:\/\/www.facebook.com\/beatopadreeustaquio\/\",\"https:\/\/x.com\/beatopeustaquio\",\"https:\/\/www.instagram.com\/beatopadreeustaquio\/\",\"https:\/\/www.youtube.com\/channel\/UCRhw7vfabnajwLxb1ZXMeIw\"]},{\"@type\":\"Person\",\"@id\":\"https:\/\/www.padreeustaquio.com.br\/#\/schema\/person\/a2a51db1d00f1a7af0204a0f1ddb1566\",\"name\":\"@sscc\",\"image\":{\"@type\":\"ImageObject\",\"inLanguage\":\"es\",\"@id\":\"https:\/\/secure.gravatar.com\/avatar\/68cfafa5f44617fea54071e215026e0ff06be366c3d54a8425f04fdcb86f8c5f?s=96&d=mm&r=g\",\"url\":\"https:\/\/secure.gravatar.com\/avatar\/68cfafa5f44617fea54071e215026e0ff06be366c3d54a8425f04fdcb86f8c5f?s=96&d=mm&r=g\",\"contentUrl\":\"https:\/\/secure.gravatar.com\/avatar\/68cfafa5f44617fea54071e215026e0ff06be366c3d54a8425f04fdcb86f8c5f?s=96&d=mm&r=g\",\"caption\":\"@sscc\"},\"url\":\"https:\/\/www.padreeustaquio.com.br\/es\/author\/sscc\/\"}]}<\/script>\n<!-- \/ Yoast SEO plugin. -->","yoast_head_json":{"title":"El di\u00e1cono Edvaldo Carneiro, ss.cc., ser\u00e1 ordenado sacerdote en Ferraz de Vasconcelos, S\u00e3o Paulo.","description":"Por manos de Dom Pedro Luiz Stringhini, obispo de la di\u00f3cesis de Mogi das Cruzes, S\u00e3o Paulo, el di\u00e1cono Edvaldo Carneiro, ss.cc., ser\u00e1 ordenado sacerdote. La Santa Misa se celebrar\u00e1 en la Parroquia de Santa Cruz y Santa Margarida d&#039;YouVille este s\u00e1bado 2 de abril a las 10:00 h.","robots":{"index":"index","follow":"follow","max-snippet":"max-snippet:-1","max-image-preview":"max-image-preview:large","max-video-preview":"max-video-preview:-1"},"canonical":"https:\/\/www.padreeustaquio.com.br\/es\/el-diacono-edvaldo-carneiro-ss-cc-sera-ordenado-sacerdote-en-ferraz-de-vasconcelos-sp\/","og_locale":"es_ES","og_type":"article","og_title":"Di\u00e1cono Edvaldo Carneiro, ss.cc. ser\u00e1 ordenado padre em Ferraz de Vasconcelos-SP","og_description":"Pelas m\u00e3os de Dom Pedro Luiz Stringhini, bispo da diocese de Mogi das Cruzes, S\u00e3o Paulo, o Di\u00e1cono Edvaldo Carneiro, ss.cc., ser\u00e1 ordenado presb\u00edtero. A Santa Missa ser\u00e1 realizada na Par\u00f3quia Santa Cruz e Santa Margarida d'YouVille, neste s\u00e1bado, dia 02 de abril, \u00e0s 10h.","og_url":"https:\/\/www.padreeustaquio.com.br\/es\/el-diacono-edvaldo-carneiro-ss-cc-sera-ordenado-sacerdote-en-ferraz-de-vasconcelos-sp\/","og_site_name":"Padre Eust\u00e1quio","article_publisher":"https:\/\/www.facebook.com\/beatopadreeustaquio\/","article_published_time":"2022-03-31T08:45:00+00:00","og_image":[{"width":748,"height":394,"url":"https:\/\/www.padreeustaquio.com.br\/wp-content\/uploads\/2022\/03\/noticia-edvaldo-padre.jpg","type":"image\/jpeg"}],"author":"@sscc","twitter_card":"summary_large_image","twitter_creator":"@beatopeustaquio","twitter_site":"@beatopeustaquio","twitter_misc":{"Escrito por":"@sscc","Tiempo de lectura":"2 minutos"},"schema":{"@context":"https:\/\/schema.org","@graph":[{"@type":"Article","@id":"https:\/\/www.padreeustaquio.com.br\/diacono-edvaldo-carneiro-ss-cc-sera-ordenado-padre-em-ferraz-de-vasconcelos-sp\/#article","isPartOf":{"@id":"https:\/\/www.padreeustaquio.com.br\/diacono-edvaldo-carneiro-ss-cc-sera-ordenado-padre-em-ferraz-de-vasconcelos-sp\/"},"author":{"name":"@sscc","@id":"https:\/\/www.padreeustaquio.com.br\/#\/schema\/person\/a2a51db1d00f1a7af0204a0f1ddb1566"},"headline":"Di\u00e1cono Edvaldo Carneiro, ss.cc. ser\u00e1 ordenado padre em Ferraz de Vasconcelos-SP","datePublished":"2022-03-31T08:45:00+00:00","mainEntityOfPage":{"@id":"https:\/\/www.padreeustaquio.com.br\/diacono-edvaldo-carneiro-ss-cc-sera-ordenado-padre-em-ferraz-de-vasconcelos-sp\/"},"wordCount":344,"commentCount":0,"publisher":{"@id":"https:\/\/www.padreeustaquio.com.br\/#organization"},"image":{"@id":"https:\/\/www.padreeustaquio.com.br\/diacono-edvaldo-carneiro-ss-cc-sera-ordenado-padre-em-ferraz-de-vasconcelos-sp\/#primaryimage"},"thumbnailUrl":"https:\/\/www.padreeustaquio.com.br\/wp-content\/uploads\/2022\/03\/noticia-edvaldo-padre.jpg","articleSection":["Not\u00edcias"],"inLanguage":"es","potentialAction":[{"@type":"CommentAction","name":"Comment","target":["https:\/\/www.padreeustaquio.com.br\/diacono-edvaldo-carneiro-ss-cc-sera-ordenado-padre-em-ferraz-de-vasconcelos-sp\/#respond"]}]},{"@type":"WebPage","@id":"https:\/\/www.padreeustaquio.com.br\/diacono-edvaldo-carneiro-ss-cc-sera-ordenado-padre-em-ferraz-de-vasconcelos-sp\/","url":"https:\/\/www.padreeustaquio.com.br\/diacono-edvaldo-carneiro-ss-cc-sera-ordenado-padre-em-ferraz-de-vasconcelos-sp\/","name":"El di\u00e1cono Edvaldo Carneiro, ss.cc., ser\u00e1 ordenado sacerdote en Ferraz de Vasconcelos, S\u00e3o Paulo.","isPartOf":{"@id":"https:\/\/www.padreeustaquio.com.br\/#website"},"primaryImageOfPage":{"@id":"https:\/\/www.padreeustaquio.com.br\/diacono-edvaldo-carneiro-ss-cc-sera-ordenado-padre-em-ferraz-de-vasconcelos-sp\/#primaryimage"},"image":{"@id":"https:\/\/www.padreeustaquio.com.br\/diacono-edvaldo-carneiro-ss-cc-sera-ordenado-padre-em-ferraz-de-vasconcelos-sp\/#primaryimage"},"thumbnailUrl":"https:\/\/www.padreeustaquio.com.br\/wp-content\/uploads\/2022\/03\/noticia-edvaldo-padre.jpg","datePublished":"2022-03-31T08:45:00+00:00","description":"Por manos de Dom Pedro Luiz Stringhini, obispo de la di\u00f3cesis de Mogi das Cruzes, S\u00e3o Paulo, el di\u00e1cono Edvaldo Carneiro, ss.cc., ser\u00e1 ordenado sacerdote. La Santa Misa se celebrar\u00e1 en la Parroquia de Santa Cruz y Santa Margarida d&#039;YouVille este s\u00e1bado 2 de abril a las 10:00 h.","breadcrumb":{"@id":"https:\/\/www.padreeustaquio.com.br\/diacono-edvaldo-carneiro-ss-cc-sera-ordenado-padre-em-ferraz-de-vasconcelos-sp\/#breadcrumb"},"inLanguage":"es","potentialAction":[{"@type":"ReadAction","target":["https:\/\/www.padreeustaquio.com.br\/diacono-edvaldo-carneiro-ss-cc-sera-ordenado-padre-em-ferraz-de-vasconcelos-sp\/"]}]},{"@type":"ImageObject","inLanguage":"es","@id":"https:\/\/www.padreeustaquio.com.br\/diacono-edvaldo-carneiro-ss-cc-sera-ordenado-padre-em-ferraz-de-vasconcelos-sp\/#primaryimage","url":"https:\/\/www.padreeustaquio.com.br\/wp-content\/uploads\/2022\/03\/noticia-edvaldo-padre.jpg","contentUrl":"https:\/\/www.padreeustaquio.com.br\/wp-content\/uploads\/2022\/03\/noticia-edvaldo-padre.jpg","width":748,"height":394},{"@type":"BreadcrumbList","@id":"https:\/\/www.padreeustaquio.com.br\/diacono-edvaldo-carneiro-ss-cc-sera-ordenado-padre-em-ferraz-de-vasconcelos-sp\/#breadcrumb","itemListElement":[{"@type":"ListItem","position":1,"name":"In\u00edcio","item":"https:\/\/www.padreeustaquio.com.br\/"},{"@type":"ListItem","position":2,"name":"Di\u00e1cono Edvaldo Carneiro, ss.cc. ser\u00e1 ordenado padre em Ferraz de Vasconcelos-SP"}]},{"@type":"WebSite","@id":"https:\/\/www.padreeustaquio.com.br\/#website","url":"https:\/\/www.padreeustaquio.com.br\/","name":"Padre Eustace","description":"Salud y Paz","publisher":{"@id":"https:\/\/www.padreeustaquio.com.br\/#organization"},"potentialAction":[{"@type":"SearchAction","target":{"@type":"EntryPoint","urlTemplate":"https:\/\/www.padreeustaquio.com.br\/?s={search_term_string}"},"query-input":{"@type":"PropertyValueSpecification","valueRequired":true,"valueName":"search_term_string"}}],"inLanguage":"es"},{"@type":"Organization","@id":"https:\/\/www.padreeustaquio.com.br\/#organization","name":"Padre Eustace","url":"https:\/\/www.padreeustaquio.com.br\/","logo":{"@type":"ImageObject","inLanguage":"es","@id":"https:\/\/www.padreeustaquio.com.br\/#\/schema\/logo\/image\/","url":"https:\/\/www.padreeustaquio.com.br\/wp-content\/uploads\/2019\/08\/marca.png","contentUrl":"https:\/\/www.padreeustaquio.com.br\/wp-content\/uploads\/2019\/08\/marca.png","width":350,"height":400,"caption":"Padre Eust\u00e1quio"},"image":{"@id":"https:\/\/www.padreeustaquio.com.br\/#\/schema\/logo\/image\/"},"sameAs":["https:\/\/www.facebook.com\/beatopadreeustaquio\/","https:\/\/x.com\/beatopeustaquio","https:\/\/www.instagram.com\/beatopadreeustaquio\/","https:\/\/www.youtube.com\/channel\/UCRhw7vfabnajwLxb1ZXMeIw"]},{"@type":"Person","@id":"https:\/\/www.padreeustaquio.com.br\/#\/schema\/person\/a2a51db1d00f1a7af0204a0f1ddb1566","name":"@sscc","image":{"@type":"ImageObject","inLanguage":"es","@id":"https:\/\/secure.gravatar.com\/avatar\/68cfafa5f44617fea54071e215026e0ff06be366c3d54a8425f04fdcb86f8c5f?s=96&d=mm&r=g","url":"https:\/\/secure.gravatar.com\/avatar\/68cfafa5f44617fea54071e215026e0ff06be366c3d54a8425f04fdcb86f8c5f?s=96&d=mm&r=g","contentUrl":"https:\/\/secure.gravatar.com\/avatar\/68cfafa5f44617fea54071e215026e0ff06be366c3d54a8425f04fdcb86f8c5f?s=96&d=mm&r=g","caption":"@sscc"},"url":"https:\/\/www.padreeustaquio.com.br\/es\/author\/sscc\/"}]}},"_links":{"self":[{"href":"https:\/\/www.padreeustaquio.com.br\/es\/wp-json\/wp\/v2\/posts\/8367","targetHints":{"allow":["GET"]}}],"collection":[{"href":"https:\/\/www.padreeustaquio.com.br\/es\/wp-json\/wp\/v2\/posts"}],"about":[{"href":"https:\/\/www.padreeustaquio.com.br\/es\/wp-json\/wp\/v2\/types\/post"}],"author":[{"embeddable":true,"href":"https:\/\/www.padreeustaquio.com.br\/es\/wp-json\/wp\/v2\/users\/2"}],"replies":[{"embeddable":true,"href":"https:\/\/www.padreeustaquio.com.br\/es\/wp-json\/wp\/v2\/comments?post=8367"}],"version-history":[{"count":0,"href":"https:\/\/www.padreeustaquio.com.br\/es\/wp-json\/wp\/v2\/posts\/8367\/revisions"}],"wp:featuredmedia":[{"embeddable":true,"href":"https:\/\/www.padreeustaquio.com.br\/es\/wp-json\/wp\/v2\/media\/8368"}],"wp:attachment":[{"href":"https:\/\/www.padreeustaquio.com.br\/es\/wp-json\/wp\/v2\/media?parent=8367"}],"wp:term":[{"taxonomy":"category","embeddable":true,"href":"https:\/\/www.padreeustaquio.com.br\/es\/wp-json\/wp\/v2\/categories?post=8367"},{"taxonomy":"post_tag","embeddable":true,"href":"https:\/\/www.padreeustaquio.com.br\/es\/wp-json\/wp\/v2\/tags?post=8367"}],"curies":[{"name":"wp","href":"https:\/\/api.w.org\/{rel}","templated":true}]}}