{"id":8363,"date":"2022-03-30T05:28:00","date_gmt":"2022-03-30T08:28:00","guid":{"rendered":"https:\/\/www.padreeustaquio.com.br\/?p=8363"},"modified":"2022-03-26T19:43:26","modified_gmt":"2022-03-26T22:43:26","slug":"la-iglesia-del-padre-eustaquio-cuenta-con-un-punto-de-vacunacion-contra-el-covid-19","status":"publish","type":"post","link":"https:\/\/www.padreeustaquio.com.br\/es\/la-iglesia-del-padre-eustaquio-cuenta-con-un-punto-de-vacunacion-contra-el-covid-19\/","title":{"rendered":"La Iglesia del Padre Eust\u00e1quio cuenta con un punto de vacunaci\u00f3n temporal contra el Covid-19."},"content":{"rendered":"<p>Con el objetivo de aumentar la disponibilidad de vacunas en Belo Horizonte, la Secretar\u00eda Municipal de Salud, en colaboraci\u00f3n con el Santuario de Salud y Paz, ofrecer\u00e1 otra oportunidad para que la poblaci\u00f3n se vacune durante esta semana. Profesionales del Centro de Salud Padre Eust\u00e1quio prestar\u00e1n servicios temporales en el Espacio Molokai, anexo a la Iglesia Padre Eust\u00e1quio.<\/p>\n\n\n\n<p>Aproximadamente seis profesionales, entre enfermeras y personal sanitario, trabajar\u00e1n hasta el pr\u00f3ximo viernes 1 de abril en el patio de la iglesia. El servicio, que comenz\u00f3 el lunes pasado, est\u00e1 disponible de 8:00 a. m. a 5:00 p. m.<\/p>\n\n\n\n<p>La idea es visibilizar la importancia de vacunarse y aumentar la cobertura de vacunaci\u00f3n en la capital de Minas Gerais. Muchas personas han descuidado la segunda dosis o la dosis de refuerzo, pero es fundamental que se vacunen para que la transmisi\u00f3n del virus disminuya a\u00fan m\u00e1s.<\/p>\n\n\n\n<p>La vacunaci\u00f3n est\u00e1 abierta a todas las edades a partir de los 5 a\u00f1os. Los ni\u00f1os deben estar acompa\u00f1ados por sus padres (de lo contrario, deben presentar una autorizaci\u00f3n escrita). Quienes deseen actualizar su cartilla de vacunaci\u00f3n deben traerla y mostrar tambi\u00e9n un documento de identidad.<\/p>\n\n\n\n<p>Para m\u00e1s informaci\u00f3n, contacte con los profesionales sanitarios del Centro Padre Eust\u00e1quio a trav\u00e9s del tel\u00e9fono: <a href=\"https:\/\/www.google.com.br\/search?q=centro+de+sa%C3%BAde+padre+eustaquio&amp;sxsrf=APq-WBuUt9puPiIfhVEypNvWOUzPBBqzJg%3A1648334148269&amp;source=hp&amp;ei=RJU_YoHLDoD41sQProaC-AQ&amp;iflsig=AHkkrS4AAAAAYj-jVLPDRMuETDxQZfAFVTZOlViW0_rX&amp;ved=0ahUKEwiB_YGb6-T2AhUAvJUCHS6DAE8Q4dUDCAc&amp;uact=5&amp;oq=centro+de+sa%C3%BAde+padre+eustaquio&amp;gs_lcp=Cgdnd3Mtd2l6EAMyCwguEIAEEMcBEK8BMgYIABAWEB4yBggAEBYQHjIGCAAQFhAeOgQIIxAnOgsILhCABBCxAxCDAToLCAAQgAQQsQMQgwE6DgguEIAEELEDEMcBEKMCOgsILhCABBDHARCjAjoECAAQQzoICAAQgAQQsQM6BQgAELEDOggIABCxAxCDAToFCAAQgAQ6DgguEIAEELEDEMcBEK8BOgsILhCxAxDHARCvAToHCAAQsQMQQzoFCC4QgAQ6CAgAEIAEEMkDOgUIABCSAzoKCC4QxwEQrwEQDVAAWIgyYPE8aAFwAHgAgAHxAYgB9SWSAQYwLjMwLjKYAQCgAQE&amp;sclient=gws-wiz#\">(31) 3277-8479<\/a>. El horario de servicio all\u00ed es de 7 am a 6 pm.<\/p>\n\n\n\n<p><\/p>","protected":false},"excerpt":{"rendered":"<p>Com o objetivo de ampliar a disponibilidade de vacinas em Belo Horizonte, a Secretaria Municipal de Sa\u00fade em parceria com o Santu\u00e1rio da Sa\u00fade e da Paz vai oferecer durante toda esta semana mais uma oportunidade para as pessoas se imunizarem. Profissionais do Centro de Sa\u00fade Padre Eust\u00e1quio ir\u00e3o atender de forma provis\u00f3ria no Espa\u00e7o Molokai, anexo \u00e0 Igreja do Padre Eust\u00e1quio. Cerca de 6 profissionais entre enfermeiros e agentes de sa\u00fade estar\u00e3o trabalhando at\u00e9 a pr\u00f3xima sexta-feira, dia 1\u00ba de abril no p\u00e1tio da igreja. O atendimento, que come\u00e7ou na \u00faltima segunda \u00e9 feito das 8h \u00e0s 17h. A [&hellip;]<\/p>\n","protected":false},"author":2,"featured_media":8364,"comment_status":"open","ping_status":"closed","sticky":false,"template":"","format":"standard","meta":{"_acf_changed":false,"footnotes":""},"categories":[611],"tags":[],"class_list":["post-8363","post","type-post","status-publish","format-standard","has-post-thumbnail","hentry","category-noticias"],"acf":[],"yoast_head":"<!-- This site is optimized with the Yoast SEO plugin v27.2 - https:\/\/yoast.com\/product\/yoast-seo-wordpress\/ -->\n<title>Igreja do Padre Eust\u00e1quio tem ponto de vacina\u00e7\u00e3o provis\u00f3rio contra Covid-19<\/title>\n<meta name=\"description\" content=\"Com o objetivo de ampliar a disponibilidade de vacinas em Belo Horizonte, a Secretaria Municipal de Sa\u00fade em parceria com o Santu\u00e1rio da Sa\u00fade e da Paz vai oferecer durante toda esta semana mais uma oportunidade para as pessoas se imunizarem. Profissionais do Centro de Sa\u00fade Padre Eust\u00e1quio ir\u00e3o atender de forma provis\u00f3ria no Espa\u00e7o Molokai, anexo \u00e0 Igreja do Padre Eust\u00e1quio.\" \/>\n<meta name=\"robots\" content=\"index, follow, max-snippet:-1, max-image-preview:large, max-video-preview:-1\" \/>\n<link rel=\"canonical\" href=\"https:\/\/www.padreeustaquio.com.br\/es\/la-iglesia-del-padre-eustaquio-cuenta-con-un-punto-de-vacunacion-contra-el-covid-19\/\" \/>\n<meta property=\"og:locale\" content=\"es_ES\" \/>\n<meta property=\"og:type\" content=\"article\" \/>\n<meta property=\"og:title\" content=\"Igreja do Padre Eust\u00e1quio tem ponto de vacina\u00e7\u00e3o provis\u00f3rio contra Covid-19\" \/>\n<meta property=\"og:description\" content=\"Com o objetivo de ampliar a disponibilidade de vacinas em Belo Horizonte, a Secretaria Municipal de Sa\u00fade em parceria com o Santu\u00e1rio da Sa\u00fade e da Paz vai oferecer durante toda esta semana mais uma oportunidade para as pessoas se imunizarem. Profissionais do Centro de Sa\u00fade Padre Eust\u00e1quio ir\u00e3o atender de forma provis\u00f3ria no Espa\u00e7o Molokai, anexo \u00e0 Igreja do Padre Eust\u00e1quio.\" \/>\n<meta property=\"og:url\" content=\"https:\/\/www.padreeustaquio.com.br\/es\/la-iglesia-del-padre-eustaquio-cuenta-con-un-punto-de-vacunacion-contra-el-covid-19\/\" \/>\n<meta property=\"og:site_name\" content=\"Padre Eust\u00e1quio\" \/>\n<meta property=\"article:publisher\" content=\"https:\/\/www.facebook.com\/beatopadreeustaquio\/\" \/>\n<meta property=\"article:published_time\" content=\"2022-03-30T08:28:00+00:00\" \/>\n<meta property=\"og:image\" content=\"https:\/\/www.padreeustaquio.com.br\/wp-content\/uploads\/2022\/03\/vacina-no-santuario.jpg\" \/>\n\t<meta property=\"og:image:width\" content=\"748\" \/>\n\t<meta property=\"og:image:height\" content=\"394\" \/>\n\t<meta property=\"og:image:type\" content=\"image\/jpeg\" \/>\n<meta name=\"author\" content=\"@sscc\" \/>\n<meta name=\"twitter:card\" content=\"summary_large_image\" \/>\n<meta name=\"twitter:creator\" content=\"@beatopeustaquio\" \/>\n<meta name=\"twitter:site\" content=\"@beatopeustaquio\" \/>\n<meta name=\"twitter:label1\" content=\"Escrito por\" \/>\n\t<meta name=\"twitter:data1\" content=\"@sscc\" \/>\n\t<meta name=\"twitter:label2\" content=\"Tiempo de lectura\" \/>\n\t<meta name=\"twitter:data2\" content=\"1 minuto\" \/>\n<script type=\"application\/ld+json\" class=\"yoast-schema-graph\">{\"@context\":\"https:\/\/schema.org\",\"@graph\":[{\"@type\":\"Article\",\"@id\":\"https:\/\/www.padreeustaquio.com.br\/igreja-do-padre-eustaquio-tem-ponto-de-vacinacao-contra-covid-19\/#article\",\"isPartOf\":{\"@id\":\"https:\/\/www.padreeustaquio.com.br\/igreja-do-padre-eustaquio-tem-ponto-de-vacinacao-contra-covid-19\/\"},\"author\":{\"name\":\"@sscc\",\"@id\":\"https:\/\/www.padreeustaquio.com.br\/#\/schema\/person\/a2a51db1d00f1a7af0204a0f1ddb1566\"},\"headline\":\"Igreja do Padre Eust\u00e1quio tem ponto de vacina\u00e7\u00e3o provis\u00f3rio contra Covid-19\",\"datePublished\":\"2022-03-30T08:28:00+00:00\",\"mainEntityOfPage\":{\"@id\":\"https:\/\/www.padreeustaquio.com.br\/igreja-do-padre-eustaquio-tem-ponto-de-vacinacao-contra-covid-19\/\"},\"wordCount\":257,\"commentCount\":0,\"publisher\":{\"@id\":\"https:\/\/www.padreeustaquio.com.br\/#organization\"},\"image\":{\"@id\":\"https:\/\/www.padreeustaquio.com.br\/igreja-do-padre-eustaquio-tem-ponto-de-vacinacao-contra-covid-19\/#primaryimage\"},\"thumbnailUrl\":\"https:\/\/www.padreeustaquio.com.br\/wp-content\/uploads\/2022\/03\/vacina-no-santuario.jpg\",\"articleSection\":[\"Not\u00edcias\"],\"inLanguage\":\"es\",\"potentialAction\":[{\"@type\":\"CommentAction\",\"name\":\"Comment\",\"target\":[\"https:\/\/www.padreeustaquio.com.br\/igreja-do-padre-eustaquio-tem-ponto-de-vacinacao-contra-covid-19\/#respond\"]}]},{\"@type\":\"WebPage\",\"@id\":\"https:\/\/www.padreeustaquio.com.br\/igreja-do-padre-eustaquio-tem-ponto-de-vacinacao-contra-covid-19\/\",\"url\":\"https:\/\/www.padreeustaquio.com.br\/igreja-do-padre-eustaquio-tem-ponto-de-vacinacao-contra-covid-19\/\",\"name\":\"Igreja do Padre Eust\u00e1quio tem ponto de vacina\u00e7\u00e3o provis\u00f3rio contra Covid-19\",\"isPartOf\":{\"@id\":\"https:\/\/www.padreeustaquio.com.br\/#website\"},\"primaryImageOfPage\":{\"@id\":\"https:\/\/www.padreeustaquio.com.br\/igreja-do-padre-eustaquio-tem-ponto-de-vacinacao-contra-covid-19\/#primaryimage\"},\"image\":{\"@id\":\"https:\/\/www.padreeustaquio.com.br\/igreja-do-padre-eustaquio-tem-ponto-de-vacinacao-contra-covid-19\/#primaryimage\"},\"thumbnailUrl\":\"https:\/\/www.padreeustaquio.com.br\/wp-content\/uploads\/2022\/03\/vacina-no-santuario.jpg\",\"datePublished\":\"2022-03-30T08:28:00+00:00\",\"description\":\"Com o objetivo de ampliar a disponibilidade de vacinas em Belo Horizonte, a Secretaria Municipal de Sa\u00fade em parceria com o Santu\u00e1rio da Sa\u00fade e da Paz vai oferecer durante toda esta semana mais uma oportunidade para as pessoas se imunizarem. Profissionais do Centro de Sa\u00fade Padre Eust\u00e1quio ir\u00e3o atender de forma provis\u00f3ria no Espa\u00e7o Molokai, anexo \u00e0 Igreja do Padre Eust\u00e1quio.\",\"breadcrumb\":{\"@id\":\"https:\/\/www.padreeustaquio.com.br\/igreja-do-padre-eustaquio-tem-ponto-de-vacinacao-contra-covid-19\/#breadcrumb\"},\"inLanguage\":\"es\",\"potentialAction\":[{\"@type\":\"ReadAction\",\"target\":[\"https:\/\/www.padreeustaquio.com.br\/igreja-do-padre-eustaquio-tem-ponto-de-vacinacao-contra-covid-19\/\"]}]},{\"@type\":\"ImageObject\",\"inLanguage\":\"es\",\"@id\":\"https:\/\/www.padreeustaquio.com.br\/igreja-do-padre-eustaquio-tem-ponto-de-vacinacao-contra-covid-19\/#primaryimage\",\"url\":\"https:\/\/www.padreeustaquio.com.br\/wp-content\/uploads\/2022\/03\/vacina-no-santuario.jpg\",\"contentUrl\":\"https:\/\/www.padreeustaquio.com.br\/wp-content\/uploads\/2022\/03\/vacina-no-santuario.jpg\",\"width\":748,\"height\":394},{\"@type\":\"BreadcrumbList\",\"@id\":\"https:\/\/www.padreeustaquio.com.br\/igreja-do-padre-eustaquio-tem-ponto-de-vacinacao-contra-covid-19\/#breadcrumb\",\"itemListElement\":[{\"@type\":\"ListItem\",\"position\":1,\"name\":\"In\u00edcio\",\"item\":\"https:\/\/www.padreeustaquio.com.br\/\"},{\"@type\":\"ListItem\",\"position\":2,\"name\":\"Igreja do Padre Eust\u00e1quio tem ponto de vacina\u00e7\u00e3o provis\u00f3rio contra Covid-19\"}]},{\"@type\":\"WebSite\",\"@id\":\"https:\/\/www.padreeustaquio.com.br\/#website\",\"url\":\"https:\/\/www.padreeustaquio.com.br\/\",\"name\":\"Padre Eust\u00e1quio\",\"description\":\"Sa\u00fade e Paz\",\"publisher\":{\"@id\":\"https:\/\/www.padreeustaquio.com.br\/#organization\"},\"potentialAction\":[{\"@type\":\"SearchAction\",\"target\":{\"@type\":\"EntryPoint\",\"urlTemplate\":\"https:\/\/www.padreeustaquio.com.br\/?s={search_term_string}\"},\"query-input\":{\"@type\":\"PropertyValueSpecification\",\"valueRequired\":true,\"valueName\":\"search_term_string\"}}],\"inLanguage\":\"es\"},{\"@type\":\"Organization\",\"@id\":\"https:\/\/www.padreeustaquio.com.br\/#organization\",\"name\":\"Padre Eust\u00e1quio\",\"url\":\"https:\/\/www.padreeustaquio.com.br\/\",\"logo\":{\"@type\":\"ImageObject\",\"inLanguage\":\"es\",\"@id\":\"https:\/\/www.padreeustaquio.com.br\/#\/schema\/logo\/image\/\",\"url\":\"https:\/\/www.padreeustaquio.com.br\/wp-content\/uploads\/2019\/08\/marca.png\",\"contentUrl\":\"https:\/\/www.padreeustaquio.com.br\/wp-content\/uploads\/2019\/08\/marca.png\",\"width\":350,\"height\":400,\"caption\":\"Padre Eust\u00e1quio\"},\"image\":{\"@id\":\"https:\/\/www.padreeustaquio.com.br\/#\/schema\/logo\/image\/\"},\"sameAs\":[\"https:\/\/www.facebook.com\/beatopadreeustaquio\/\",\"https:\/\/x.com\/beatopeustaquio\",\"https:\/\/www.instagram.com\/beatopadreeustaquio\/\",\"https:\/\/www.youtube.com\/channel\/UCRhw7vfabnajwLxb1ZXMeIw\"]},{\"@type\":\"Person\",\"@id\":\"https:\/\/www.padreeustaquio.com.br\/#\/schema\/person\/a2a51db1d00f1a7af0204a0f1ddb1566\",\"name\":\"@sscc\",\"image\":{\"@type\":\"ImageObject\",\"inLanguage\":\"es\",\"@id\":\"https:\/\/secure.gravatar.com\/avatar\/68cfafa5f44617fea54071e215026e0ff06be366c3d54a8425f04fdcb86f8c5f?s=96&d=mm&r=g\",\"url\":\"https:\/\/secure.gravatar.com\/avatar\/68cfafa5f44617fea54071e215026e0ff06be366c3d54a8425f04fdcb86f8c5f?s=96&d=mm&r=g\",\"contentUrl\":\"https:\/\/secure.gravatar.com\/avatar\/68cfafa5f44617fea54071e215026e0ff06be366c3d54a8425f04fdcb86f8c5f?s=96&d=mm&r=g\",\"caption\":\"@sscc\"},\"url\":\"https:\/\/www.padreeustaquio.com.br\/es\/author\/sscc\/\"}]}<\/script>\n<!-- \/ Yoast SEO plugin. -->","yoast_head_json":{"title":"La Iglesia del Padre Eust\u00e1quio cuenta con un punto de vacunaci\u00f3n temporal contra el Covid-19.","description":"Con el objetivo de aumentar la disponibilidad de vacunas en Belo Horizonte, la Secretar\u00eda Municipal de Salud, en colaboraci\u00f3n con el Santuario de Salud y Paz, ofrecer\u00e1 otra oportunidad para que la poblaci\u00f3n se vacune durante esta semana. Profesionales del Centro de Salud Padre Eust\u00e1quio prestar\u00e1n servicios temporales en el Espacio Molokai, anexo a la Iglesia Padre Eust\u00e1quio.","robots":{"index":"index","follow":"follow","max-snippet":"max-snippet:-1","max-image-preview":"max-image-preview:large","max-video-preview":"max-video-preview:-1"},"canonical":"https:\/\/www.padreeustaquio.com.br\/es\/la-iglesia-del-padre-eustaquio-cuenta-con-un-punto-de-vacunacion-contra-el-covid-19\/","og_locale":"es_ES","og_type":"article","og_title":"Igreja do Padre Eust\u00e1quio tem ponto de vacina\u00e7\u00e3o provis\u00f3rio contra Covid-19","og_description":"Com o objetivo de ampliar a disponibilidade de vacinas em Belo Horizonte, a Secretaria Municipal de Sa\u00fade em parceria com o Santu\u00e1rio da Sa\u00fade e da Paz vai oferecer durante toda esta semana mais uma oportunidade para as pessoas se imunizarem. Profissionais do Centro de Sa\u00fade Padre Eust\u00e1quio ir\u00e3o atender de forma provis\u00f3ria no Espa\u00e7o Molokai, anexo \u00e0 Igreja do Padre Eust\u00e1quio.","og_url":"https:\/\/www.padreeustaquio.com.br\/es\/la-iglesia-del-padre-eustaquio-cuenta-con-un-punto-de-vacunacion-contra-el-covid-19\/","og_site_name":"Padre Eust\u00e1quio","article_publisher":"https:\/\/www.facebook.com\/beatopadreeustaquio\/","article_published_time":"2022-03-30T08:28:00+00:00","og_image":[{"width":748,"height":394,"url":"https:\/\/www.padreeustaquio.com.br\/wp-content\/uploads\/2022\/03\/vacina-no-santuario.jpg","type":"image\/jpeg"}],"author":"@sscc","twitter_card":"summary_large_image","twitter_creator":"@beatopeustaquio","twitter_site":"@beatopeustaquio","twitter_misc":{"Escrito por":"@sscc","Tiempo de lectura":"1 minuto"},"schema":{"@context":"https:\/\/schema.org","@graph":[{"@type":"Article","@id":"https:\/\/www.padreeustaquio.com.br\/igreja-do-padre-eustaquio-tem-ponto-de-vacinacao-contra-covid-19\/#article","isPartOf":{"@id":"https:\/\/www.padreeustaquio.com.br\/igreja-do-padre-eustaquio-tem-ponto-de-vacinacao-contra-covid-19\/"},"author":{"name":"@sscc","@id":"https:\/\/www.padreeustaquio.com.br\/#\/schema\/person\/a2a51db1d00f1a7af0204a0f1ddb1566"},"headline":"Igreja do Padre Eust\u00e1quio tem ponto de vacina\u00e7\u00e3o provis\u00f3rio contra Covid-19","datePublished":"2022-03-30T08:28:00+00:00","mainEntityOfPage":{"@id":"https:\/\/www.padreeustaquio.com.br\/igreja-do-padre-eustaquio-tem-ponto-de-vacinacao-contra-covid-19\/"},"wordCount":257,"commentCount":0,"publisher":{"@id":"https:\/\/www.padreeustaquio.com.br\/#organization"},"image":{"@id":"https:\/\/www.padreeustaquio.com.br\/igreja-do-padre-eustaquio-tem-ponto-de-vacinacao-contra-covid-19\/#primaryimage"},"thumbnailUrl":"https:\/\/www.padreeustaquio.com.br\/wp-content\/uploads\/2022\/03\/vacina-no-santuario.jpg","articleSection":["Not\u00edcias"],"inLanguage":"es","potentialAction":[{"@type":"CommentAction","name":"Comment","target":["https:\/\/www.padreeustaquio.com.br\/igreja-do-padre-eustaquio-tem-ponto-de-vacinacao-contra-covid-19\/#respond"]}]},{"@type":"WebPage","@id":"https:\/\/www.padreeustaquio.com.br\/igreja-do-padre-eustaquio-tem-ponto-de-vacinacao-contra-covid-19\/","url":"https:\/\/www.padreeustaquio.com.br\/igreja-do-padre-eustaquio-tem-ponto-de-vacinacao-contra-covid-19\/","name":"La Iglesia del Padre Eust\u00e1quio cuenta con un punto de vacunaci\u00f3n temporal contra el Covid-19.","isPartOf":{"@id":"https:\/\/www.padreeustaquio.com.br\/#website"},"primaryImageOfPage":{"@id":"https:\/\/www.padreeustaquio.com.br\/igreja-do-padre-eustaquio-tem-ponto-de-vacinacao-contra-covid-19\/#primaryimage"},"image":{"@id":"https:\/\/www.padreeustaquio.com.br\/igreja-do-padre-eustaquio-tem-ponto-de-vacinacao-contra-covid-19\/#primaryimage"},"thumbnailUrl":"https:\/\/www.padreeustaquio.com.br\/wp-content\/uploads\/2022\/03\/vacina-no-santuario.jpg","datePublished":"2022-03-30T08:28:00+00:00","description":"Con el objetivo de aumentar la disponibilidad de vacunas en Belo Horizonte, la Secretar\u00eda Municipal de Salud, en colaboraci\u00f3n con el Santuario de Salud y Paz, ofrecer\u00e1 otra oportunidad para que la poblaci\u00f3n se vacune durante esta semana. Profesionales del Centro de Salud Padre Eust\u00e1quio prestar\u00e1n servicios temporales en el Espacio Molokai, anexo a la Iglesia Padre Eust\u00e1quio.","breadcrumb":{"@id":"https:\/\/www.padreeustaquio.com.br\/igreja-do-padre-eustaquio-tem-ponto-de-vacinacao-contra-covid-19\/#breadcrumb"},"inLanguage":"es","potentialAction":[{"@type":"ReadAction","target":["https:\/\/www.padreeustaquio.com.br\/igreja-do-padre-eustaquio-tem-ponto-de-vacinacao-contra-covid-19\/"]}]},{"@type":"ImageObject","inLanguage":"es","@id":"https:\/\/www.padreeustaquio.com.br\/igreja-do-padre-eustaquio-tem-ponto-de-vacinacao-contra-covid-19\/#primaryimage","url":"https:\/\/www.padreeustaquio.com.br\/wp-content\/uploads\/2022\/03\/vacina-no-santuario.jpg","contentUrl":"https:\/\/www.padreeustaquio.com.br\/wp-content\/uploads\/2022\/03\/vacina-no-santuario.jpg","width":748,"height":394},{"@type":"BreadcrumbList","@id":"https:\/\/www.padreeustaquio.com.br\/igreja-do-padre-eustaquio-tem-ponto-de-vacinacao-contra-covid-19\/#breadcrumb","itemListElement":[{"@type":"ListItem","position":1,"name":"In\u00edcio","item":"https:\/\/www.padreeustaquio.com.br\/"},{"@type":"ListItem","position":2,"name":"Igreja do Padre Eust\u00e1quio tem ponto de vacina\u00e7\u00e3o provis\u00f3rio contra Covid-19"}]},{"@type":"WebSite","@id":"https:\/\/www.padreeustaquio.com.br\/#website","url":"https:\/\/www.padreeustaquio.com.br\/","name":"Padre Eustace","description":"Salud y Paz","publisher":{"@id":"https:\/\/www.padreeustaquio.com.br\/#organization"},"potentialAction":[{"@type":"SearchAction","target":{"@type":"EntryPoint","urlTemplate":"https:\/\/www.padreeustaquio.com.br\/?s={search_term_string}"},"query-input":{"@type":"PropertyValueSpecification","valueRequired":true,"valueName":"search_term_string"}}],"inLanguage":"es"},{"@type":"Organization","@id":"https:\/\/www.padreeustaquio.com.br\/#organization","name":"Padre Eustace","url":"https:\/\/www.padreeustaquio.com.br\/","logo":{"@type":"ImageObject","inLanguage":"es","@id":"https:\/\/www.padreeustaquio.com.br\/#\/schema\/logo\/image\/","url":"https:\/\/www.padreeustaquio.com.br\/wp-content\/uploads\/2019\/08\/marca.png","contentUrl":"https:\/\/www.padreeustaquio.com.br\/wp-content\/uploads\/2019\/08\/marca.png","width":350,"height":400,"caption":"Padre Eust\u00e1quio"},"image":{"@id":"https:\/\/www.padreeustaquio.com.br\/#\/schema\/logo\/image\/"},"sameAs":["https:\/\/www.facebook.com\/beatopadreeustaquio\/","https:\/\/x.com\/beatopeustaquio","https:\/\/www.instagram.com\/beatopadreeustaquio\/","https:\/\/www.youtube.com\/channel\/UCRhw7vfabnajwLxb1ZXMeIw"]},{"@type":"Person","@id":"https:\/\/www.padreeustaquio.com.br\/#\/schema\/person\/a2a51db1d00f1a7af0204a0f1ddb1566","name":"@sscc","image":{"@type":"ImageObject","inLanguage":"es","@id":"https:\/\/secure.gravatar.com\/avatar\/68cfafa5f44617fea54071e215026e0ff06be366c3d54a8425f04fdcb86f8c5f?s=96&d=mm&r=g","url":"https:\/\/secure.gravatar.com\/avatar\/68cfafa5f44617fea54071e215026e0ff06be366c3d54a8425f04fdcb86f8c5f?s=96&d=mm&r=g","contentUrl":"https:\/\/secure.gravatar.com\/avatar\/68cfafa5f44617fea54071e215026e0ff06be366c3d54a8425f04fdcb86f8c5f?s=96&d=mm&r=g","caption":"@sscc"},"url":"https:\/\/www.padreeustaquio.com.br\/es\/author\/sscc\/"}]}},"_links":{"self":[{"href":"https:\/\/www.padreeustaquio.com.br\/es\/wp-json\/wp\/v2\/posts\/8363","targetHints":{"allow":["GET"]}}],"collection":[{"href":"https:\/\/www.padreeustaquio.com.br\/es\/wp-json\/wp\/v2\/posts"}],"about":[{"href":"https:\/\/www.padreeustaquio.com.br\/es\/wp-json\/wp\/v2\/types\/post"}],"author":[{"embeddable":true,"href":"https:\/\/www.padreeustaquio.com.br\/es\/wp-json\/wp\/v2\/users\/2"}],"replies":[{"embeddable":true,"href":"https:\/\/www.padreeustaquio.com.br\/es\/wp-json\/wp\/v2\/comments?post=8363"}],"version-history":[{"count":0,"href":"https:\/\/www.padreeustaquio.com.br\/es\/wp-json\/wp\/v2\/posts\/8363\/revisions"}],"wp:featuredmedia":[{"embeddable":true,"href":"https:\/\/www.padreeustaquio.com.br\/es\/wp-json\/wp\/v2\/media\/8364"}],"wp:attachment":[{"href":"https:\/\/www.padreeustaquio.com.br\/es\/wp-json\/wp\/v2\/media?parent=8363"}],"wp:term":[{"taxonomy":"category","embeddable":true,"href":"https:\/\/www.padreeustaquio.com.br\/es\/wp-json\/wp\/v2\/categories?post=8363"},{"taxonomy":"post_tag","embeddable":true,"href":"https:\/\/www.padreeustaquio.com.br\/es\/wp-json\/wp\/v2\/tags?post=8363"}],"curies":[{"name":"wp","href":"https:\/\/api.w.org\/{rel}","templated":true}]}}