{"id":8360,"date":"2022-03-28T06:15:00","date_gmt":"2022-03-28T09:15:00","guid":{"rendered":"https:\/\/www.padreeustaquio.com.br\/?p=8360"},"modified":"2022-03-26T19:27:14","modified_gmt":"2022-03-26T22:27:14","slug":"devotos-de-rio-de-janeiro-visitan-el-santuario-de-salud-y-paz-en-belo-horizonte","status":"publish","type":"post","link":"https:\/\/www.padreeustaquio.com.br\/es\/devotos-de-rio-de-janeiro-visitan-el-santuario-de-salud-y-paz-en-belo-horizonte\/","title":{"rendered":"Devotos de R\u00edo de Janeiro visitan el Santuario de Salud y Paz en Belo Horizonte."},"content":{"rendered":"<p>Unas 20 personas de la Parroquia de Nuestra Se\u00f1ora del Exilio, en Campo Grande, R\u00edo de Janeiro, visitaron la Iglesia del Padre Eust\u00e1quio este fin de semana. El grupo lleg\u00f3 el jueves y, durante los \u00faltimos d\u00edas, vivi\u00f3 momentos intensos de oraci\u00f3n y de aprendizaje sobre la vida del Beato Padre Eust\u00e1quio.<\/p>\n\n\n\n<p>El grupo fue recibido por el padre Alexandre Campos Leite, sscc, el d\u00eda 24 y juntos celebraron la Santa Misa presidida por el padre Silvano Dias a las 19 horas, y el viernes, los devotos visitaron el barrio y atractivos tur\u00edsticos de la capital minera. <\/p>\n\n\n\n<p>El s\u00e1bado, el momento fue especial. Recibidos por el investigador y curador del archivo del Beato Padre Eustaquio, Leandro Castro, los fieles tuvieron la oportunidad de realizar una visita guiada al Santuario. Comenzaron su recorrido en el Memorial del Padre Eustaquio, donde aprendieron un poco sobre la vida del Beato. Luego visitaron el peque\u00f1o museo dentro del Santuario y vieron el templo dise\u00f1ado por el sacerdote holand\u00e9s. En la parte final del recorrido, los devotos pudieron visitar el archivo y observar de cerca documentos, ropa y objetos pertenecientes al Padre Eustaquio.<\/p>\n\n\n\n<p>El domingo, despu\u00e9s de celebrar la Santa Misa, el grupo regres\u00f3 a R\u00edo de Janeiro trayendo muchas gracias y bendiciones de salud y paz.<\/p>\n\n\n\n<p>Vale la pena recordar que la visita guiada se puede realizar de lunes a viernes por cualquier visitante o feligr\u00e9s, solo agendar la hora en la Oficina Parroquial al tel\u00e9fono (31) 3462-6557.<\/p>\n\n\n\n<p><\/p>","protected":false},"excerpt":{"rendered":"<p>Cerca de 20 pessoas da Par\u00f3quia Nossa Senhora do Desterro, em Campo Grande, no Rio de Janeiro, visitaram este fim de semana a Igreja do Padre Eust\u00e1quio. A caravana chegou na quinta-feira e, ao longo dos \u00faltimos dias, viveu momentos intensos de ora\u00e7\u00e3o e de aprendizagem sobre a vida do Beato Padre Eust\u00e1quio. O grupo foi recebido pelo Padre Alexandre Campos Leite, sscc, no dia 24 e juntos celebraram a Santa Missa presidida pelo Padre Silvano Dias, \u00e0s 19h e na sexta-feira, os devotos conheceram o bairro e pontos tur\u00edsticos da capital mineira. J\u00e1 no s\u00e1bado, o momento foi especial. [&hellip;]<\/p>\n","protected":false},"author":2,"featured_media":8361,"comment_status":"open","ping_status":"closed","sticky":false,"template":"","format":"standard","meta":{"_acf_changed":false,"footnotes":""},"categories":[611],"tags":[],"class_list":["post-8360","post","type-post","status-publish","format-standard","has-post-thumbnail","hentry","category-noticias"],"acf":[],"yoast_head":"<!-- This site is optimized with the Yoast SEO plugin v27.2 - https:\/\/yoast.com\/product\/yoast-seo-wordpress\/ -->\n<title>Devotos do Rio de Janeiro visitam Santu\u00e1rio da Sa\u00fade e da Paz, em BH<\/title>\n<meta name=\"description\" content=\"Cerca de 20 pessoas da Par\u00f3quia Nossa Senhora do Desterro, em Campo Grande, no Rio de Janeiro, visitaram este fim de semana a Igreja do Padre Eust\u00e1quio. A caravana chegou na quinta-feira e, ao longo dos \u00faltimos dias, viveu momentos intensos de ora\u00e7\u00e3o e de aprendizagem sobre a vida do Beato Padre Eust\u00e1quio.\" \/>\n<meta name=\"robots\" content=\"index, follow, max-snippet:-1, max-image-preview:large, max-video-preview:-1\" \/>\n<link rel=\"canonical\" href=\"https:\/\/www.padreeustaquio.com.br\/es\/devotos-de-rio-de-janeiro-visitan-el-santuario-de-salud-y-paz-en-belo-horizonte\/\" \/>\n<meta property=\"og:locale\" content=\"es_ES\" \/>\n<meta property=\"og:type\" content=\"article\" \/>\n<meta property=\"og:title\" content=\"Devotos do Rio de Janeiro visitam Santu\u00e1rio da Sa\u00fade e da Paz, em BH\" \/>\n<meta property=\"og:description\" content=\"Cerca de 20 pessoas da Par\u00f3quia Nossa Senhora do Desterro, em Campo Grande, no Rio de Janeiro, visitaram este fim de semana a Igreja do Padre Eust\u00e1quio. A caravana chegou na quinta-feira e, ao longo dos \u00faltimos dias, viveu momentos intensos de ora\u00e7\u00e3o e de aprendizagem sobre a vida do Beato Padre Eust\u00e1quio.\" \/>\n<meta property=\"og:url\" content=\"https:\/\/www.padreeustaquio.com.br\/es\/devotos-de-rio-de-janeiro-visitan-el-santuario-de-salud-y-paz-en-belo-horizonte\/\" \/>\n<meta property=\"og:site_name\" content=\"Padre Eust\u00e1quio\" \/>\n<meta property=\"article:publisher\" content=\"https:\/\/www.facebook.com\/beatopadreeustaquio\/\" \/>\n<meta property=\"article:published_time\" content=\"2022-03-28T09:15:00+00:00\" \/>\n<meta property=\"og:image\" content=\"https:\/\/www.padreeustaquio.com.br\/wp-content\/uploads\/2022\/03\/visita-guiada-igreja-padre-eustaquio-da-caravana-nossa-senhora-do-desterro-rio-de-janeiro-rj.jpeg\" \/>\n\t<meta property=\"og:image:width\" content=\"1600\" \/>\n\t<meta property=\"og:image:height\" content=\"900\" \/>\n\t<meta property=\"og:image:type\" content=\"image\/jpeg\" \/>\n<meta name=\"author\" content=\"@sscc\" \/>\n<meta name=\"twitter:card\" content=\"summary_large_image\" \/>\n<meta name=\"twitter:creator\" content=\"@beatopeustaquio\" \/>\n<meta name=\"twitter:site\" content=\"@beatopeustaquio\" \/>\n<meta name=\"twitter:label1\" content=\"Escrito por\" \/>\n\t<meta name=\"twitter:data1\" content=\"@sscc\" \/>\n\t<meta name=\"twitter:label2\" content=\"Tiempo de lectura\" \/>\n\t<meta name=\"twitter:data2\" content=\"2 minutos\" \/>\n<script type=\"application\/ld+json\" class=\"yoast-schema-graph\">{\"@context\":\"https:\/\/schema.org\",\"@graph\":[{\"@type\":\"Article\",\"@id\":\"https:\/\/www.padreeustaquio.com.br\/devotos-do-rio-de-janeiro-visitam-santuario-da-saude-e-da-paz-em-bh\/#article\",\"isPartOf\":{\"@id\":\"https:\/\/www.padreeustaquio.com.br\/devotos-do-rio-de-janeiro-visitam-santuario-da-saude-e-da-paz-em-bh\/\"},\"author\":{\"name\":\"@sscc\",\"@id\":\"https:\/\/www.padreeustaquio.com.br\/#\/schema\/person\/a2a51db1d00f1a7af0204a0f1ddb1566\"},\"headline\":\"Devotos do Rio de Janeiro visitam Santu\u00e1rio da Sa\u00fade e da Paz, em BH\",\"datePublished\":\"2022-03-28T09:15:00+00:00\",\"mainEntityOfPage\":{\"@id\":\"https:\/\/www.padreeustaquio.com.br\/devotos-do-rio-de-janeiro-visitam-santuario-da-saude-e-da-paz-em-bh\/\"},\"wordCount\":272,\"commentCount\":0,\"publisher\":{\"@id\":\"https:\/\/www.padreeustaquio.com.br\/#organization\"},\"image\":{\"@id\":\"https:\/\/www.padreeustaquio.com.br\/devotos-do-rio-de-janeiro-visitam-santuario-da-saude-e-da-paz-em-bh\/#primaryimage\"},\"thumbnailUrl\":\"https:\/\/www.padreeustaquio.com.br\/wp-content\/uploads\/2022\/03\/visita-guiada-igreja-padre-eustaquio-da-caravana-nossa-senhora-do-desterro-rio-de-janeiro-rj.jpeg\",\"articleSection\":[\"Not\u00edcias\"],\"inLanguage\":\"es\",\"potentialAction\":[{\"@type\":\"CommentAction\",\"name\":\"Comment\",\"target\":[\"https:\/\/www.padreeustaquio.com.br\/devotos-do-rio-de-janeiro-visitam-santuario-da-saude-e-da-paz-em-bh\/#respond\"]}]},{\"@type\":\"WebPage\",\"@id\":\"https:\/\/www.padreeustaquio.com.br\/devotos-do-rio-de-janeiro-visitam-santuario-da-saude-e-da-paz-em-bh\/\",\"url\":\"https:\/\/www.padreeustaquio.com.br\/devotos-do-rio-de-janeiro-visitam-santuario-da-saude-e-da-paz-em-bh\/\",\"name\":\"Devotos do Rio de Janeiro visitam Santu\u00e1rio da Sa\u00fade e da Paz, em BH\",\"isPartOf\":{\"@id\":\"https:\/\/www.padreeustaquio.com.br\/#website\"},\"primaryImageOfPage\":{\"@id\":\"https:\/\/www.padreeustaquio.com.br\/devotos-do-rio-de-janeiro-visitam-santuario-da-saude-e-da-paz-em-bh\/#primaryimage\"},\"image\":{\"@id\":\"https:\/\/www.padreeustaquio.com.br\/devotos-do-rio-de-janeiro-visitam-santuario-da-saude-e-da-paz-em-bh\/#primaryimage\"},\"thumbnailUrl\":\"https:\/\/www.padreeustaquio.com.br\/wp-content\/uploads\/2022\/03\/visita-guiada-igreja-padre-eustaquio-da-caravana-nossa-senhora-do-desterro-rio-de-janeiro-rj.jpeg\",\"datePublished\":\"2022-03-28T09:15:00+00:00\",\"description\":\"Cerca de 20 pessoas da Par\u00f3quia Nossa Senhora do Desterro, em Campo Grande, no Rio de Janeiro, visitaram este fim de semana a Igreja do Padre Eust\u00e1quio. A caravana chegou na quinta-feira e, ao longo dos \u00faltimos dias, viveu momentos intensos de ora\u00e7\u00e3o e de aprendizagem sobre a vida do Beato Padre Eust\u00e1quio.\",\"breadcrumb\":{\"@id\":\"https:\/\/www.padreeustaquio.com.br\/devotos-do-rio-de-janeiro-visitam-santuario-da-saude-e-da-paz-em-bh\/#breadcrumb\"},\"inLanguage\":\"es\",\"potentialAction\":[{\"@type\":\"ReadAction\",\"target\":[\"https:\/\/www.padreeustaquio.com.br\/devotos-do-rio-de-janeiro-visitam-santuario-da-saude-e-da-paz-em-bh\/\"]}]},{\"@type\":\"ImageObject\",\"inLanguage\":\"es\",\"@id\":\"https:\/\/www.padreeustaquio.com.br\/devotos-do-rio-de-janeiro-visitam-santuario-da-saude-e-da-paz-em-bh\/#primaryimage\",\"url\":\"https:\/\/www.padreeustaquio.com.br\/wp-content\/uploads\/2022\/03\/visita-guiada-igreja-padre-eustaquio-da-caravana-nossa-senhora-do-desterro-rio-de-janeiro-rj.jpeg\",\"contentUrl\":\"https:\/\/www.padreeustaquio.com.br\/wp-content\/uploads\/2022\/03\/visita-guiada-igreja-padre-eustaquio-da-caravana-nossa-senhora-do-desterro-rio-de-janeiro-rj.jpeg\",\"width\":1600,\"height\":900},{\"@type\":\"BreadcrumbList\",\"@id\":\"https:\/\/www.padreeustaquio.com.br\/devotos-do-rio-de-janeiro-visitam-santuario-da-saude-e-da-paz-em-bh\/#breadcrumb\",\"itemListElement\":[{\"@type\":\"ListItem\",\"position\":1,\"name\":\"In\u00edcio\",\"item\":\"https:\/\/www.padreeustaquio.com.br\/\"},{\"@type\":\"ListItem\",\"position\":2,\"name\":\"Devotos do Rio de Janeiro visitam Santu\u00e1rio da Sa\u00fade e da Paz, em BH\"}]},{\"@type\":\"WebSite\",\"@id\":\"https:\/\/www.padreeustaquio.com.br\/#website\",\"url\":\"https:\/\/www.padreeustaquio.com.br\/\",\"name\":\"Padre Eust\u00e1quio\",\"description\":\"Sa\u00fade e Paz\",\"publisher\":{\"@id\":\"https:\/\/www.padreeustaquio.com.br\/#organization\"},\"potentialAction\":[{\"@type\":\"SearchAction\",\"target\":{\"@type\":\"EntryPoint\",\"urlTemplate\":\"https:\/\/www.padreeustaquio.com.br\/?s={search_term_string}\"},\"query-input\":{\"@type\":\"PropertyValueSpecification\",\"valueRequired\":true,\"valueName\":\"search_term_string\"}}],\"inLanguage\":\"es\"},{\"@type\":\"Organization\",\"@id\":\"https:\/\/www.padreeustaquio.com.br\/#organization\",\"name\":\"Padre Eust\u00e1quio\",\"url\":\"https:\/\/www.padreeustaquio.com.br\/\",\"logo\":{\"@type\":\"ImageObject\",\"inLanguage\":\"es\",\"@id\":\"https:\/\/www.padreeustaquio.com.br\/#\/schema\/logo\/image\/\",\"url\":\"https:\/\/www.padreeustaquio.com.br\/wp-content\/uploads\/2019\/08\/marca.png\",\"contentUrl\":\"https:\/\/www.padreeustaquio.com.br\/wp-content\/uploads\/2019\/08\/marca.png\",\"width\":350,\"height\":400,\"caption\":\"Padre Eust\u00e1quio\"},\"image\":{\"@id\":\"https:\/\/www.padreeustaquio.com.br\/#\/schema\/logo\/image\/\"},\"sameAs\":[\"https:\/\/www.facebook.com\/beatopadreeustaquio\/\",\"https:\/\/x.com\/beatopeustaquio\",\"https:\/\/www.instagram.com\/beatopadreeustaquio\/\",\"https:\/\/www.youtube.com\/channel\/UCRhw7vfabnajwLxb1ZXMeIw\"]},{\"@type\":\"Person\",\"@id\":\"https:\/\/www.padreeustaquio.com.br\/#\/schema\/person\/a2a51db1d00f1a7af0204a0f1ddb1566\",\"name\":\"@sscc\",\"image\":{\"@type\":\"ImageObject\",\"inLanguage\":\"es\",\"@id\":\"https:\/\/secure.gravatar.com\/avatar\/68cfafa5f44617fea54071e215026e0ff06be366c3d54a8425f04fdcb86f8c5f?s=96&d=mm&r=g\",\"url\":\"https:\/\/secure.gravatar.com\/avatar\/68cfafa5f44617fea54071e215026e0ff06be366c3d54a8425f04fdcb86f8c5f?s=96&d=mm&r=g\",\"contentUrl\":\"https:\/\/secure.gravatar.com\/avatar\/68cfafa5f44617fea54071e215026e0ff06be366c3d54a8425f04fdcb86f8c5f?s=96&d=mm&r=g\",\"caption\":\"@sscc\"},\"url\":\"https:\/\/www.padreeustaquio.com.br\/es\/author\/sscc\/\"}]}<\/script>\n<!-- \/ Yoast SEO plugin. -->","yoast_head_json":{"title":"Devotos de R\u00edo de Janeiro visitan el Santuario de Salud y Paz en Belo Horizonte.","description":"Unas 20 personas de la Parroquia de Nuestra Se\u00f1ora del Exilio, en Campo Grande, R\u00edo de Janeiro, visitaron la Iglesia del Padre Eust\u00e1quio este fin de semana. El grupo lleg\u00f3 el jueves y, durante los \u00faltimos d\u00edas, vivi\u00f3 momentos intensos de oraci\u00f3n y de aprendizaje sobre la vida del Beato Padre Eust\u00e1quio.","robots":{"index":"index","follow":"follow","max-snippet":"max-snippet:-1","max-image-preview":"max-image-preview:large","max-video-preview":"max-video-preview:-1"},"canonical":"https:\/\/www.padreeustaquio.com.br\/es\/devotos-de-rio-de-janeiro-visitan-el-santuario-de-salud-y-paz-en-belo-horizonte\/","og_locale":"es_ES","og_type":"article","og_title":"Devotos do Rio de Janeiro visitam Santu\u00e1rio da Sa\u00fade e da Paz, em BH","og_description":"Cerca de 20 pessoas da Par\u00f3quia Nossa Senhora do Desterro, em Campo Grande, no Rio de Janeiro, visitaram este fim de semana a Igreja do Padre Eust\u00e1quio. A caravana chegou na quinta-feira e, ao longo dos \u00faltimos dias, viveu momentos intensos de ora\u00e7\u00e3o e de aprendizagem sobre a vida do Beato Padre Eust\u00e1quio.","og_url":"https:\/\/www.padreeustaquio.com.br\/es\/devotos-de-rio-de-janeiro-visitan-el-santuario-de-salud-y-paz-en-belo-horizonte\/","og_site_name":"Padre Eust\u00e1quio","article_publisher":"https:\/\/www.facebook.com\/beatopadreeustaquio\/","article_published_time":"2022-03-28T09:15:00+00:00","og_image":[{"width":1600,"height":900,"url":"https:\/\/www.padreeustaquio.com.br\/wp-content\/uploads\/2022\/03\/visita-guiada-igreja-padre-eustaquio-da-caravana-nossa-senhora-do-desterro-rio-de-janeiro-rj.jpeg","type":"image\/jpeg"}],"author":"@sscc","twitter_card":"summary_large_image","twitter_creator":"@beatopeustaquio","twitter_site":"@beatopeustaquio","twitter_misc":{"Escrito por":"@sscc","Tiempo de lectura":"2 minutos"},"schema":{"@context":"https:\/\/schema.org","@graph":[{"@type":"Article","@id":"https:\/\/www.padreeustaquio.com.br\/devotos-do-rio-de-janeiro-visitam-santuario-da-saude-e-da-paz-em-bh\/#article","isPartOf":{"@id":"https:\/\/www.padreeustaquio.com.br\/devotos-do-rio-de-janeiro-visitam-santuario-da-saude-e-da-paz-em-bh\/"},"author":{"name":"@sscc","@id":"https:\/\/www.padreeustaquio.com.br\/#\/schema\/person\/a2a51db1d00f1a7af0204a0f1ddb1566"},"headline":"Devotos do Rio de Janeiro visitam Santu\u00e1rio da Sa\u00fade e da Paz, em BH","datePublished":"2022-03-28T09:15:00+00:00","mainEntityOfPage":{"@id":"https:\/\/www.padreeustaquio.com.br\/devotos-do-rio-de-janeiro-visitam-santuario-da-saude-e-da-paz-em-bh\/"},"wordCount":272,"commentCount":0,"publisher":{"@id":"https:\/\/www.padreeustaquio.com.br\/#organization"},"image":{"@id":"https:\/\/www.padreeustaquio.com.br\/devotos-do-rio-de-janeiro-visitam-santuario-da-saude-e-da-paz-em-bh\/#primaryimage"},"thumbnailUrl":"https:\/\/www.padreeustaquio.com.br\/wp-content\/uploads\/2022\/03\/visita-guiada-igreja-padre-eustaquio-da-caravana-nossa-senhora-do-desterro-rio-de-janeiro-rj.jpeg","articleSection":["Not\u00edcias"],"inLanguage":"es","potentialAction":[{"@type":"CommentAction","name":"Comment","target":["https:\/\/www.padreeustaquio.com.br\/devotos-do-rio-de-janeiro-visitam-santuario-da-saude-e-da-paz-em-bh\/#respond"]}]},{"@type":"WebPage","@id":"https:\/\/www.padreeustaquio.com.br\/devotos-do-rio-de-janeiro-visitam-santuario-da-saude-e-da-paz-em-bh\/","url":"https:\/\/www.padreeustaquio.com.br\/devotos-do-rio-de-janeiro-visitam-santuario-da-saude-e-da-paz-em-bh\/","name":"Devotos de R\u00edo de Janeiro visitan el Santuario de Salud y Paz en Belo Horizonte.","isPartOf":{"@id":"https:\/\/www.padreeustaquio.com.br\/#website"},"primaryImageOfPage":{"@id":"https:\/\/www.padreeustaquio.com.br\/devotos-do-rio-de-janeiro-visitam-santuario-da-saude-e-da-paz-em-bh\/#primaryimage"},"image":{"@id":"https:\/\/www.padreeustaquio.com.br\/devotos-do-rio-de-janeiro-visitam-santuario-da-saude-e-da-paz-em-bh\/#primaryimage"},"thumbnailUrl":"https:\/\/www.padreeustaquio.com.br\/wp-content\/uploads\/2022\/03\/visita-guiada-igreja-padre-eustaquio-da-caravana-nossa-senhora-do-desterro-rio-de-janeiro-rj.jpeg","datePublished":"2022-03-28T09:15:00+00:00","description":"Unas 20 personas de la Parroquia de Nuestra Se\u00f1ora del Exilio, en Campo Grande, R\u00edo de Janeiro, visitaron la Iglesia del Padre Eust\u00e1quio este fin de semana. El grupo lleg\u00f3 el jueves y, durante los \u00faltimos d\u00edas, vivi\u00f3 momentos intensos de oraci\u00f3n y de aprendizaje sobre la vida del Beato Padre Eust\u00e1quio.","breadcrumb":{"@id":"https:\/\/www.padreeustaquio.com.br\/devotos-do-rio-de-janeiro-visitam-santuario-da-saude-e-da-paz-em-bh\/#breadcrumb"},"inLanguage":"es","potentialAction":[{"@type":"ReadAction","target":["https:\/\/www.padreeustaquio.com.br\/devotos-do-rio-de-janeiro-visitam-santuario-da-saude-e-da-paz-em-bh\/"]}]},{"@type":"ImageObject","inLanguage":"es","@id":"https:\/\/www.padreeustaquio.com.br\/devotos-do-rio-de-janeiro-visitam-santuario-da-saude-e-da-paz-em-bh\/#primaryimage","url":"https:\/\/www.padreeustaquio.com.br\/wp-content\/uploads\/2022\/03\/visita-guiada-igreja-padre-eustaquio-da-caravana-nossa-senhora-do-desterro-rio-de-janeiro-rj.jpeg","contentUrl":"https:\/\/www.padreeustaquio.com.br\/wp-content\/uploads\/2022\/03\/visita-guiada-igreja-padre-eustaquio-da-caravana-nossa-senhora-do-desterro-rio-de-janeiro-rj.jpeg","width":1600,"height":900},{"@type":"BreadcrumbList","@id":"https:\/\/www.padreeustaquio.com.br\/devotos-do-rio-de-janeiro-visitam-santuario-da-saude-e-da-paz-em-bh\/#breadcrumb","itemListElement":[{"@type":"ListItem","position":1,"name":"In\u00edcio","item":"https:\/\/www.padreeustaquio.com.br\/"},{"@type":"ListItem","position":2,"name":"Devotos do Rio de Janeiro visitam Santu\u00e1rio da Sa\u00fade e da Paz, em BH"}]},{"@type":"WebSite","@id":"https:\/\/www.padreeustaquio.com.br\/#website","url":"https:\/\/www.padreeustaquio.com.br\/","name":"Padre Eustace","description":"Salud y Paz","publisher":{"@id":"https:\/\/www.padreeustaquio.com.br\/#organization"},"potentialAction":[{"@type":"SearchAction","target":{"@type":"EntryPoint","urlTemplate":"https:\/\/www.padreeustaquio.com.br\/?s={search_term_string}"},"query-input":{"@type":"PropertyValueSpecification","valueRequired":true,"valueName":"search_term_string"}}],"inLanguage":"es"},{"@type":"Organization","@id":"https:\/\/www.padreeustaquio.com.br\/#organization","name":"Padre Eustace","url":"https:\/\/www.padreeustaquio.com.br\/","logo":{"@type":"ImageObject","inLanguage":"es","@id":"https:\/\/www.padreeustaquio.com.br\/#\/schema\/logo\/image\/","url":"https:\/\/www.padreeustaquio.com.br\/wp-content\/uploads\/2019\/08\/marca.png","contentUrl":"https:\/\/www.padreeustaquio.com.br\/wp-content\/uploads\/2019\/08\/marca.png","width":350,"height":400,"caption":"Padre Eust\u00e1quio"},"image":{"@id":"https:\/\/www.padreeustaquio.com.br\/#\/schema\/logo\/image\/"},"sameAs":["https:\/\/www.facebook.com\/beatopadreeustaquio\/","https:\/\/x.com\/beatopeustaquio","https:\/\/www.instagram.com\/beatopadreeustaquio\/","https:\/\/www.youtube.com\/channel\/UCRhw7vfabnajwLxb1ZXMeIw"]},{"@type":"Person","@id":"https:\/\/www.padreeustaquio.com.br\/#\/schema\/person\/a2a51db1d00f1a7af0204a0f1ddb1566","name":"@sscc","image":{"@type":"ImageObject","inLanguage":"es","@id":"https:\/\/secure.gravatar.com\/avatar\/68cfafa5f44617fea54071e215026e0ff06be366c3d54a8425f04fdcb86f8c5f?s=96&d=mm&r=g","url":"https:\/\/secure.gravatar.com\/avatar\/68cfafa5f44617fea54071e215026e0ff06be366c3d54a8425f04fdcb86f8c5f?s=96&d=mm&r=g","contentUrl":"https:\/\/secure.gravatar.com\/avatar\/68cfafa5f44617fea54071e215026e0ff06be366c3d54a8425f04fdcb86f8c5f?s=96&d=mm&r=g","caption":"@sscc"},"url":"https:\/\/www.padreeustaquio.com.br\/es\/author\/sscc\/"}]}},"_links":{"self":[{"href":"https:\/\/www.padreeustaquio.com.br\/es\/wp-json\/wp\/v2\/posts\/8360","targetHints":{"allow":["GET"]}}],"collection":[{"href":"https:\/\/www.padreeustaquio.com.br\/es\/wp-json\/wp\/v2\/posts"}],"about":[{"href":"https:\/\/www.padreeustaquio.com.br\/es\/wp-json\/wp\/v2\/types\/post"}],"author":[{"embeddable":true,"href":"https:\/\/www.padreeustaquio.com.br\/es\/wp-json\/wp\/v2\/users\/2"}],"replies":[{"embeddable":true,"href":"https:\/\/www.padreeustaquio.com.br\/es\/wp-json\/wp\/v2\/comments?post=8360"}],"version-history":[{"count":0,"href":"https:\/\/www.padreeustaquio.com.br\/es\/wp-json\/wp\/v2\/posts\/8360\/revisions"}],"wp:featuredmedia":[{"embeddable":true,"href":"https:\/\/www.padreeustaquio.com.br\/es\/wp-json\/wp\/v2\/media\/8361"}],"wp:attachment":[{"href":"https:\/\/www.padreeustaquio.com.br\/es\/wp-json\/wp\/v2\/media?parent=8360"}],"wp:term":[{"taxonomy":"category","embeddable":true,"href":"https:\/\/www.padreeustaquio.com.br\/es\/wp-json\/wp\/v2\/categories?post=8360"},{"taxonomy":"post_tag","embeddable":true,"href":"https:\/\/www.padreeustaquio.com.br\/es\/wp-json\/wp\/v2\/tags?post=8360"}],"curies":[{"name":"wp","href":"https:\/\/api.w.org\/{rel}","templated":true}]}}