{"id":8357,"date":"2022-03-29T05:58:00","date_gmt":"2022-03-29T08:58:00","guid":{"rendered":"https:\/\/www.padreeustaquio.com.br\/?p=8357"},"modified":"2022-03-26T19:14:35","modified_gmt":"2022-03-26T22:14:35","slug":"el-santuario-tendra-un-maraton-de-confesiones-este-miercoles-30","status":"publish","type":"post","link":"https:\/\/www.padreeustaquio.com.br\/es\/el-santuario-tendra-un-maraton-de-confesiones-este-miercoles-30\/","title":{"rendered":"El Santuario realizar\u00e1 una Confesi\u00f3n Misa este mi\u00e9rcoles 30."},"content":{"rendered":"<p>El pr\u00f3ximo mi\u00e9rcoles, la Iglesia del Padre Eust\u00e1quio recibir\u00e1 a sacerdotes del decanato para una gran campa\u00f1a de confesiones. Varios sacerdotes estar\u00e1n disponibles para confesar en las instalaciones del Santuario, y las filas se asignar\u00e1n por orden de llegada.<\/p>\n\n\n\n<p>Con el aumento de fieles que buscan confesarse debido a la Pascua, las parroquias tradicionalmente organizan campa\u00f1as de confesi\u00f3n conjuntas. En la iglesia del Padre Eust\u00e1quio, los sacerdotes estar\u00e1n disponibles en los siguientes horarios:<\/p>\n\n\n\n<p><strong>\u2022 <em>De 8:30 a 10:00 horas <\/em><\/strong><em>\u00a0<\/em><br><em>\u2022 <strong>De 14:30 a 16:00 horas <\/strong>\u00a0<\/em><br><em><strong>\u2022 De 19:30 a 21:00 horas<\/strong><\/em><\/p>\n\n\n\n<p>A lo largo del d\u00eda, el Santuario celebrar\u00e1 las misas habituales (a las 7, 12 y 19 horas), adem\u00e1s de la Celebraci\u00f3n de la Misa Votiva al Beato Padre Eustaquio, que tiene lugar cada d\u00eda 30 a las 15 horas.<\/p>\n\n\n\n<p>El Sacramento de la Confesi\u00f3n es un retorno a Dios. Quienes se acercan al sacramento de la penitencia obtienen, por la misericordia divina, el perd\u00f3n de la ofensa cometida contra el Se\u00f1or y, al mismo tiempo, se reconcilian con la Iglesia que han herido, colaborando en la conversi\u00f3n de sus pecados mediante la caridad, el ejemplo y la oraci\u00f3n.<\/p>\n\n\n\n<p><\/p>","protected":false},"excerpt":{"rendered":"<p>Na pr\u00f3xima quarta-feira, a Igreja do Padre Eust\u00e1quio receber\u00e1 padres da forania para um grande mutir\u00e3o de confiss\u00f5es. V\u00e1rios sacerdotes atender\u00e3o nas depend\u00eancias do Santu\u00e1rio e organiza\u00e7\u00e3o das filas ser\u00e1 feita por ordem de chegada. Com o aumento no n\u00famero de fi\u00e9is a procura de confiss\u00e3o por causa da P\u00e1scoa, tradicionalmente as par\u00f3quias promovem em conjunto mutir\u00e3o de confiss\u00f5es. Na igreja do Padre Eust\u00e1quio os padres ir\u00e3o atender nos seguintes hor\u00e1rios: \u2022 Das 8h30 \u00e0s 10h \u00a0\u2022 Das 14h30 \u00e0s 16h \u00a0\u2022 Das 19h30 \u00e0s 21h Durante o dia todo, o Santu\u00e1rio manter\u00e1 as missas como de costume (\u00e0s 7h, [&hellip;]<\/p>\n","protected":false},"author":2,"featured_media":8358,"comment_status":"open","ping_status":"closed","sticky":false,"template":"","format":"standard","meta":{"_acf_changed":false,"footnotes":""},"categories":[611],"tags":[],"class_list":["post-8357","post","type-post","status-publish","format-standard","has-post-thumbnail","hentry","category-noticias"],"acf":[],"yoast_head":"<!-- This site is optimized with the Yoast SEO plugin v27.2 - https:\/\/yoast.com\/product\/yoast-seo-wordpress\/ -->\n<title>Santu\u00e1rio ter\u00e1 Mutir\u00e3o de Confiss\u00f5es nesta Quarta-feira, dia 30<\/title>\n<meta name=\"description\" content=\"Na pr\u00f3xima quarta-feira, a Igreja do Padre Eust\u00e1quio receber\u00e1 padres da forania para um grande mutir\u00e3o de confiss\u00f5es. V\u00e1rios sacerdotes atender\u00e3o nas depend\u00eancias do Santu\u00e1rio e organiza\u00e7\u00e3o das filas ser\u00e1 feita por ordem de chegada.\" \/>\n<meta name=\"robots\" content=\"index, follow, max-snippet:-1, max-image-preview:large, max-video-preview:-1\" \/>\n<link rel=\"canonical\" href=\"https:\/\/www.padreeustaquio.com.br\/es\/el-santuario-tendra-un-maraton-de-confesiones-este-miercoles-30\/\" \/>\n<meta property=\"og:locale\" content=\"es_ES\" \/>\n<meta property=\"og:type\" content=\"article\" \/>\n<meta property=\"og:title\" content=\"Santu\u00e1rio ter\u00e1 Mutir\u00e3o de Confiss\u00f5es nesta Quarta-feira, dia 30\" \/>\n<meta property=\"og:description\" content=\"Na pr\u00f3xima quarta-feira, a Igreja do Padre Eust\u00e1quio receber\u00e1 padres da forania para um grande mutir\u00e3o de confiss\u00f5es. V\u00e1rios sacerdotes atender\u00e3o nas depend\u00eancias do Santu\u00e1rio e organiza\u00e7\u00e3o das filas ser\u00e1 feita por ordem de chegada.\" \/>\n<meta property=\"og:url\" content=\"https:\/\/www.padreeustaquio.com.br\/es\/el-santuario-tendra-un-maraton-de-confesiones-este-miercoles-30\/\" \/>\n<meta property=\"og:site_name\" content=\"Padre Eust\u00e1quio\" \/>\n<meta property=\"article:publisher\" content=\"https:\/\/www.facebook.com\/beatopadreeustaquio\/\" \/>\n<meta property=\"article:published_time\" content=\"2022-03-29T08:58:00+00:00\" \/>\n<meta property=\"og:image\" content=\"https:\/\/www.padreeustaquio.com.br\/wp-content\/uploads\/2022\/03\/mutirao-de-confissoes.jpg\" \/>\n\t<meta property=\"og:image:width\" content=\"748\" \/>\n\t<meta property=\"og:image:height\" content=\"394\" \/>\n\t<meta property=\"og:image:type\" content=\"image\/jpeg\" \/>\n<meta name=\"author\" content=\"@sscc\" \/>\n<meta name=\"twitter:card\" content=\"summary_large_image\" \/>\n<meta name=\"twitter:creator\" content=\"@beatopeustaquio\" \/>\n<meta name=\"twitter:site\" content=\"@beatopeustaquio\" \/>\n<meta name=\"twitter:label1\" content=\"Escrito por\" \/>\n\t<meta name=\"twitter:data1\" content=\"@sscc\" \/>\n\t<meta name=\"twitter:label2\" content=\"Tiempo de lectura\" \/>\n\t<meta name=\"twitter:data2\" content=\"1 minuto\" \/>\n<script type=\"application\/ld+json\" class=\"yoast-schema-graph\">{\"@context\":\"https:\/\/schema.org\",\"@graph\":[{\"@type\":\"Article\",\"@id\":\"https:\/\/www.padreeustaquio.com.br\/santuario-tera-mutirao-de-confissoes-nesta-quarta-feira-dia-30\/#article\",\"isPartOf\":{\"@id\":\"https:\/\/www.padreeustaquio.com.br\/santuario-tera-mutirao-de-confissoes-nesta-quarta-feira-dia-30\/\"},\"author\":{\"name\":\"@sscc\",\"@id\":\"https:\/\/www.padreeustaquio.com.br\/#\/schema\/person\/a2a51db1d00f1a7af0204a0f1ddb1566\"},\"headline\":\"Santu\u00e1rio ter\u00e1 Mutir\u00e3o de Confiss\u00f5es nesta Quarta-feira, dia 30\",\"datePublished\":\"2022-03-29T08:58:00+00:00\",\"mainEntityOfPage\":{\"@id\":\"https:\/\/www.padreeustaquio.com.br\/santuario-tera-mutirao-de-confissoes-nesta-quarta-feira-dia-30\/\"},\"wordCount\":211,\"commentCount\":0,\"publisher\":{\"@id\":\"https:\/\/www.padreeustaquio.com.br\/#organization\"},\"image\":{\"@id\":\"https:\/\/www.padreeustaquio.com.br\/santuario-tera-mutirao-de-confissoes-nesta-quarta-feira-dia-30\/#primaryimage\"},\"thumbnailUrl\":\"https:\/\/www.padreeustaquio.com.br\/wp-content\/uploads\/2022\/03\/mutirao-de-confissoes.jpg\",\"articleSection\":[\"Not\u00edcias\"],\"inLanguage\":\"es\",\"potentialAction\":[{\"@type\":\"CommentAction\",\"name\":\"Comment\",\"target\":[\"https:\/\/www.padreeustaquio.com.br\/santuario-tera-mutirao-de-confissoes-nesta-quarta-feira-dia-30\/#respond\"]}]},{\"@type\":\"WebPage\",\"@id\":\"https:\/\/www.padreeustaquio.com.br\/santuario-tera-mutirao-de-confissoes-nesta-quarta-feira-dia-30\/\",\"url\":\"https:\/\/www.padreeustaquio.com.br\/santuario-tera-mutirao-de-confissoes-nesta-quarta-feira-dia-30\/\",\"name\":\"Santu\u00e1rio ter\u00e1 Mutir\u00e3o de Confiss\u00f5es nesta Quarta-feira, dia 30\",\"isPartOf\":{\"@id\":\"https:\/\/www.padreeustaquio.com.br\/#website\"},\"primaryImageOfPage\":{\"@id\":\"https:\/\/www.padreeustaquio.com.br\/santuario-tera-mutirao-de-confissoes-nesta-quarta-feira-dia-30\/#primaryimage\"},\"image\":{\"@id\":\"https:\/\/www.padreeustaquio.com.br\/santuario-tera-mutirao-de-confissoes-nesta-quarta-feira-dia-30\/#primaryimage\"},\"thumbnailUrl\":\"https:\/\/www.padreeustaquio.com.br\/wp-content\/uploads\/2022\/03\/mutirao-de-confissoes.jpg\",\"datePublished\":\"2022-03-29T08:58:00+00:00\",\"description\":\"Na pr\u00f3xima quarta-feira, a Igreja do Padre Eust\u00e1quio receber\u00e1 padres da forania para um grande mutir\u00e3o de confiss\u00f5es. V\u00e1rios sacerdotes atender\u00e3o nas depend\u00eancias do Santu\u00e1rio e organiza\u00e7\u00e3o das filas ser\u00e1 feita por ordem de chegada.\",\"breadcrumb\":{\"@id\":\"https:\/\/www.padreeustaquio.com.br\/santuario-tera-mutirao-de-confissoes-nesta-quarta-feira-dia-30\/#breadcrumb\"},\"inLanguage\":\"es\",\"potentialAction\":[{\"@type\":\"ReadAction\",\"target\":[\"https:\/\/www.padreeustaquio.com.br\/santuario-tera-mutirao-de-confissoes-nesta-quarta-feira-dia-30\/\"]}]},{\"@type\":\"ImageObject\",\"inLanguage\":\"es\",\"@id\":\"https:\/\/www.padreeustaquio.com.br\/santuario-tera-mutirao-de-confissoes-nesta-quarta-feira-dia-30\/#primaryimage\",\"url\":\"https:\/\/www.padreeustaquio.com.br\/wp-content\/uploads\/2022\/03\/mutirao-de-confissoes.jpg\",\"contentUrl\":\"https:\/\/www.padreeustaquio.com.br\/wp-content\/uploads\/2022\/03\/mutirao-de-confissoes.jpg\",\"width\":748,\"height\":394},{\"@type\":\"BreadcrumbList\",\"@id\":\"https:\/\/www.padreeustaquio.com.br\/santuario-tera-mutirao-de-confissoes-nesta-quarta-feira-dia-30\/#breadcrumb\",\"itemListElement\":[{\"@type\":\"ListItem\",\"position\":1,\"name\":\"In\u00edcio\",\"item\":\"https:\/\/www.padreeustaquio.com.br\/\"},{\"@type\":\"ListItem\",\"position\":2,\"name\":\"Santu\u00e1rio ter\u00e1 Mutir\u00e3o de Confiss\u00f5es nesta Quarta-feira, dia 30\"}]},{\"@type\":\"WebSite\",\"@id\":\"https:\/\/www.padreeustaquio.com.br\/#website\",\"url\":\"https:\/\/www.padreeustaquio.com.br\/\",\"name\":\"Padre Eust\u00e1quio\",\"description\":\"Sa\u00fade e Paz\",\"publisher\":{\"@id\":\"https:\/\/www.padreeustaquio.com.br\/#organization\"},\"potentialAction\":[{\"@type\":\"SearchAction\",\"target\":{\"@type\":\"EntryPoint\",\"urlTemplate\":\"https:\/\/www.padreeustaquio.com.br\/?s={search_term_string}\"},\"query-input\":{\"@type\":\"PropertyValueSpecification\",\"valueRequired\":true,\"valueName\":\"search_term_string\"}}],\"inLanguage\":\"es\"},{\"@type\":\"Organization\",\"@id\":\"https:\/\/www.padreeustaquio.com.br\/#organization\",\"name\":\"Padre Eust\u00e1quio\",\"url\":\"https:\/\/www.padreeustaquio.com.br\/\",\"logo\":{\"@type\":\"ImageObject\",\"inLanguage\":\"es\",\"@id\":\"https:\/\/www.padreeustaquio.com.br\/#\/schema\/logo\/image\/\",\"url\":\"https:\/\/www.padreeustaquio.com.br\/wp-content\/uploads\/2019\/08\/marca.png\",\"contentUrl\":\"https:\/\/www.padreeustaquio.com.br\/wp-content\/uploads\/2019\/08\/marca.png\",\"width\":350,\"height\":400,\"caption\":\"Padre Eust\u00e1quio\"},\"image\":{\"@id\":\"https:\/\/www.padreeustaquio.com.br\/#\/schema\/logo\/image\/\"},\"sameAs\":[\"https:\/\/www.facebook.com\/beatopadreeustaquio\/\",\"https:\/\/x.com\/beatopeustaquio\",\"https:\/\/www.instagram.com\/beatopadreeustaquio\/\",\"https:\/\/www.youtube.com\/channel\/UCRhw7vfabnajwLxb1ZXMeIw\"]},{\"@type\":\"Person\",\"@id\":\"https:\/\/www.padreeustaquio.com.br\/#\/schema\/person\/a2a51db1d00f1a7af0204a0f1ddb1566\",\"name\":\"@sscc\",\"image\":{\"@type\":\"ImageObject\",\"inLanguage\":\"es\",\"@id\":\"https:\/\/secure.gravatar.com\/avatar\/68cfafa5f44617fea54071e215026e0ff06be366c3d54a8425f04fdcb86f8c5f?s=96&d=mm&r=g\",\"url\":\"https:\/\/secure.gravatar.com\/avatar\/68cfafa5f44617fea54071e215026e0ff06be366c3d54a8425f04fdcb86f8c5f?s=96&d=mm&r=g\",\"contentUrl\":\"https:\/\/secure.gravatar.com\/avatar\/68cfafa5f44617fea54071e215026e0ff06be366c3d54a8425f04fdcb86f8c5f?s=96&d=mm&r=g\",\"caption\":\"@sscc\"},\"url\":\"https:\/\/www.padreeustaquio.com.br\/es\/author\/sscc\/\"}]}<\/script>\n<!-- \/ Yoast SEO plugin. -->","yoast_head_json":{"title":"El Santuario realizar\u00e1 una Confesi\u00f3n Misa este mi\u00e9rcoles 30.","description":"El pr\u00f3ximo mi\u00e9rcoles, la Iglesia del Padre Eust\u00e1quio recibir\u00e1 a sacerdotes del decanato para una gran campa\u00f1a de confesiones. Varios sacerdotes estar\u00e1n disponibles para confesar en las instalaciones del Santuario, y las filas se asignar\u00e1n por orden de llegada.","robots":{"index":"index","follow":"follow","max-snippet":"max-snippet:-1","max-image-preview":"max-image-preview:large","max-video-preview":"max-video-preview:-1"},"canonical":"https:\/\/www.padreeustaquio.com.br\/es\/el-santuario-tendra-un-maraton-de-confesiones-este-miercoles-30\/","og_locale":"es_ES","og_type":"article","og_title":"Santu\u00e1rio ter\u00e1 Mutir\u00e3o de Confiss\u00f5es nesta Quarta-feira, dia 30","og_description":"Na pr\u00f3xima quarta-feira, a Igreja do Padre Eust\u00e1quio receber\u00e1 padres da forania para um grande mutir\u00e3o de confiss\u00f5es. V\u00e1rios sacerdotes atender\u00e3o nas depend\u00eancias do Santu\u00e1rio e organiza\u00e7\u00e3o das filas ser\u00e1 feita por ordem de chegada.","og_url":"https:\/\/www.padreeustaquio.com.br\/es\/el-santuario-tendra-un-maraton-de-confesiones-este-miercoles-30\/","og_site_name":"Padre Eust\u00e1quio","article_publisher":"https:\/\/www.facebook.com\/beatopadreeustaquio\/","article_published_time":"2022-03-29T08:58:00+00:00","og_image":[{"width":748,"height":394,"url":"https:\/\/www.padreeustaquio.com.br\/wp-content\/uploads\/2022\/03\/mutirao-de-confissoes.jpg","type":"image\/jpeg"}],"author":"@sscc","twitter_card":"summary_large_image","twitter_creator":"@beatopeustaquio","twitter_site":"@beatopeustaquio","twitter_misc":{"Escrito por":"@sscc","Tiempo de lectura":"1 minuto"},"schema":{"@context":"https:\/\/schema.org","@graph":[{"@type":"Article","@id":"https:\/\/www.padreeustaquio.com.br\/santuario-tera-mutirao-de-confissoes-nesta-quarta-feira-dia-30\/#article","isPartOf":{"@id":"https:\/\/www.padreeustaquio.com.br\/santuario-tera-mutirao-de-confissoes-nesta-quarta-feira-dia-30\/"},"author":{"name":"@sscc","@id":"https:\/\/www.padreeustaquio.com.br\/#\/schema\/person\/a2a51db1d00f1a7af0204a0f1ddb1566"},"headline":"Santu\u00e1rio ter\u00e1 Mutir\u00e3o de Confiss\u00f5es nesta Quarta-feira, dia 30","datePublished":"2022-03-29T08:58:00+00:00","mainEntityOfPage":{"@id":"https:\/\/www.padreeustaquio.com.br\/santuario-tera-mutirao-de-confissoes-nesta-quarta-feira-dia-30\/"},"wordCount":211,"commentCount":0,"publisher":{"@id":"https:\/\/www.padreeustaquio.com.br\/#organization"},"image":{"@id":"https:\/\/www.padreeustaquio.com.br\/santuario-tera-mutirao-de-confissoes-nesta-quarta-feira-dia-30\/#primaryimage"},"thumbnailUrl":"https:\/\/www.padreeustaquio.com.br\/wp-content\/uploads\/2022\/03\/mutirao-de-confissoes.jpg","articleSection":["Not\u00edcias"],"inLanguage":"es","potentialAction":[{"@type":"CommentAction","name":"Comment","target":["https:\/\/www.padreeustaquio.com.br\/santuario-tera-mutirao-de-confissoes-nesta-quarta-feira-dia-30\/#respond"]}]},{"@type":"WebPage","@id":"https:\/\/www.padreeustaquio.com.br\/santuario-tera-mutirao-de-confissoes-nesta-quarta-feira-dia-30\/","url":"https:\/\/www.padreeustaquio.com.br\/santuario-tera-mutirao-de-confissoes-nesta-quarta-feira-dia-30\/","name":"El Santuario realizar\u00e1 una Confesi\u00f3n Misa este mi\u00e9rcoles 30.","isPartOf":{"@id":"https:\/\/www.padreeustaquio.com.br\/#website"},"primaryImageOfPage":{"@id":"https:\/\/www.padreeustaquio.com.br\/santuario-tera-mutirao-de-confissoes-nesta-quarta-feira-dia-30\/#primaryimage"},"image":{"@id":"https:\/\/www.padreeustaquio.com.br\/santuario-tera-mutirao-de-confissoes-nesta-quarta-feira-dia-30\/#primaryimage"},"thumbnailUrl":"https:\/\/www.padreeustaquio.com.br\/wp-content\/uploads\/2022\/03\/mutirao-de-confissoes.jpg","datePublished":"2022-03-29T08:58:00+00:00","description":"El pr\u00f3ximo mi\u00e9rcoles, la Iglesia del Padre Eust\u00e1quio recibir\u00e1 a sacerdotes del decanato para una gran campa\u00f1a de confesiones. Varios sacerdotes estar\u00e1n disponibles para confesar en las instalaciones del Santuario, y las filas se asignar\u00e1n por orden de llegada.","breadcrumb":{"@id":"https:\/\/www.padreeustaquio.com.br\/santuario-tera-mutirao-de-confissoes-nesta-quarta-feira-dia-30\/#breadcrumb"},"inLanguage":"es","potentialAction":[{"@type":"ReadAction","target":["https:\/\/www.padreeustaquio.com.br\/santuario-tera-mutirao-de-confissoes-nesta-quarta-feira-dia-30\/"]}]},{"@type":"ImageObject","inLanguage":"es","@id":"https:\/\/www.padreeustaquio.com.br\/santuario-tera-mutirao-de-confissoes-nesta-quarta-feira-dia-30\/#primaryimage","url":"https:\/\/www.padreeustaquio.com.br\/wp-content\/uploads\/2022\/03\/mutirao-de-confissoes.jpg","contentUrl":"https:\/\/www.padreeustaquio.com.br\/wp-content\/uploads\/2022\/03\/mutirao-de-confissoes.jpg","width":748,"height":394},{"@type":"BreadcrumbList","@id":"https:\/\/www.padreeustaquio.com.br\/santuario-tera-mutirao-de-confissoes-nesta-quarta-feira-dia-30\/#breadcrumb","itemListElement":[{"@type":"ListItem","position":1,"name":"In\u00edcio","item":"https:\/\/www.padreeustaquio.com.br\/"},{"@type":"ListItem","position":2,"name":"Santu\u00e1rio ter\u00e1 Mutir\u00e3o de Confiss\u00f5es nesta Quarta-feira, dia 30"}]},{"@type":"WebSite","@id":"https:\/\/www.padreeustaquio.com.br\/#website","url":"https:\/\/www.padreeustaquio.com.br\/","name":"Padre Eustace","description":"Salud y Paz","publisher":{"@id":"https:\/\/www.padreeustaquio.com.br\/#organization"},"potentialAction":[{"@type":"SearchAction","target":{"@type":"EntryPoint","urlTemplate":"https:\/\/www.padreeustaquio.com.br\/?s={search_term_string}"},"query-input":{"@type":"PropertyValueSpecification","valueRequired":true,"valueName":"search_term_string"}}],"inLanguage":"es"},{"@type":"Organization","@id":"https:\/\/www.padreeustaquio.com.br\/#organization","name":"Padre Eustace","url":"https:\/\/www.padreeustaquio.com.br\/","logo":{"@type":"ImageObject","inLanguage":"es","@id":"https:\/\/www.padreeustaquio.com.br\/#\/schema\/logo\/image\/","url":"https:\/\/www.padreeustaquio.com.br\/wp-content\/uploads\/2019\/08\/marca.png","contentUrl":"https:\/\/www.padreeustaquio.com.br\/wp-content\/uploads\/2019\/08\/marca.png","width":350,"height":400,"caption":"Padre Eust\u00e1quio"},"image":{"@id":"https:\/\/www.padreeustaquio.com.br\/#\/schema\/logo\/image\/"},"sameAs":["https:\/\/www.facebook.com\/beatopadreeustaquio\/","https:\/\/x.com\/beatopeustaquio","https:\/\/www.instagram.com\/beatopadreeustaquio\/","https:\/\/www.youtube.com\/channel\/UCRhw7vfabnajwLxb1ZXMeIw"]},{"@type":"Person","@id":"https:\/\/www.padreeustaquio.com.br\/#\/schema\/person\/a2a51db1d00f1a7af0204a0f1ddb1566","name":"@sscc","image":{"@type":"ImageObject","inLanguage":"es","@id":"https:\/\/secure.gravatar.com\/avatar\/68cfafa5f44617fea54071e215026e0ff06be366c3d54a8425f04fdcb86f8c5f?s=96&d=mm&r=g","url":"https:\/\/secure.gravatar.com\/avatar\/68cfafa5f44617fea54071e215026e0ff06be366c3d54a8425f04fdcb86f8c5f?s=96&d=mm&r=g","contentUrl":"https:\/\/secure.gravatar.com\/avatar\/68cfafa5f44617fea54071e215026e0ff06be366c3d54a8425f04fdcb86f8c5f?s=96&d=mm&r=g","caption":"@sscc"},"url":"https:\/\/www.padreeustaquio.com.br\/es\/author\/sscc\/"}]}},"_links":{"self":[{"href":"https:\/\/www.padreeustaquio.com.br\/es\/wp-json\/wp\/v2\/posts\/8357","targetHints":{"allow":["GET"]}}],"collection":[{"href":"https:\/\/www.padreeustaquio.com.br\/es\/wp-json\/wp\/v2\/posts"}],"about":[{"href":"https:\/\/www.padreeustaquio.com.br\/es\/wp-json\/wp\/v2\/types\/post"}],"author":[{"embeddable":true,"href":"https:\/\/www.padreeustaquio.com.br\/es\/wp-json\/wp\/v2\/users\/2"}],"replies":[{"embeddable":true,"href":"https:\/\/www.padreeustaquio.com.br\/es\/wp-json\/wp\/v2\/comments?post=8357"}],"version-history":[{"count":0,"href":"https:\/\/www.padreeustaquio.com.br\/es\/wp-json\/wp\/v2\/posts\/8357\/revisions"}],"wp:featuredmedia":[{"embeddable":true,"href":"https:\/\/www.padreeustaquio.com.br\/es\/wp-json\/wp\/v2\/media\/8358"}],"wp:attachment":[{"href":"https:\/\/www.padreeustaquio.com.br\/es\/wp-json\/wp\/v2\/media?parent=8357"}],"wp:term":[{"taxonomy":"category","embeddable":true,"href":"https:\/\/www.padreeustaquio.com.br\/es\/wp-json\/wp\/v2\/categories?post=8357"},{"taxonomy":"post_tag","embeddable":true,"href":"https:\/\/www.padreeustaquio.com.br\/es\/wp-json\/wp\/v2\/tags?post=8357"}],"curies":[{"name":"wp","href":"https:\/\/api.w.org\/{rel}","templated":true}]}}