{"id":8354,"date":"2022-04-09T08:45:00","date_gmt":"2022-04-09T11:45:00","guid":{"rendered":"https:\/\/www.padreeustaquio.com.br\/?p=8354"},"modified":"2022-04-07T09:45:26","modified_gmt":"2022-04-07T12:45:26","slug":"semana-santa-celebra-el-domingo-de-ramos-con-tu-familia","status":"publish","type":"post","link":"https:\/\/www.padreeustaquio.com.br\/es\/semana-santa-celebra-el-domingo-de-ramos-con-tu-familia\/","title":{"rendered":"SEMANA SANTA \u2013 Celebra el Domingo de Ramos con tu familia"},"content":{"rendered":"<p>Descargue aqu\u00ed la gu\u00eda Celebra en Familia para el Domingo de Ramos. El material es proporcionado por la Comisi\u00f3n Pastoral Episcopal de Liturgia de la Conferencia Nacional de Obispos de Brasil (CNBB).<\/p>\n\n\n\n<p>Comenzamos nuestra Semana Santa recordando la entrada triunfal del Se\u00f1or en Jerusal\u00e9n. Este fin de semana, el Evangelio nos recuerda la Pasi\u00f3n del Se\u00f1or y comenzamos a vivir este momento con intensidad.<\/p>\n\n\n\n<p>Siempre que sea posible, coloque una cruz adornada con ramas y un pa\u00f1o rojo en un lugar claramente visible fuera de la casa (puerta, ventana o balc\u00f3n).<\/p>\n\n\n\n<p>Si no puede asistir en persona, siga la programaci\u00f3n del Santuario de Salud y Paz en YouTube. Tendremos tres horarios de transmisi\u00f3n para las misas.&nbsp;<a href=\"https:\/\/www.youtube.com\/channel\/UCRhw7vfabnajwLxb1ZXMeIw\">Canal Padre Eust\u00e1quio<\/a>. El s\u00e1bado a las 17:00 y el domingo a las 10:00, ambas celebraciones incluir\u00e1n una procesi\u00f3n del Domingo de Ramos, adem\u00e1s de la transmisi\u00f3n de la misa de las 19:00, con la bendici\u00f3n de los ramos. De esta manera, podremos seguir las celebraciones, viviendo la dignidad del pueblo sacerdotal que nos confiri\u00f3 nuestro bautismo. No solo podremos seguirlas, sino tambi\u00e9n celebrar el Domingo del Se\u00f1or en familia.<\/p>\n\n\n\n<p><\/p>\n\n\n\n<p><a href=\"https:\/\/bit.ly\/ceframos\" target=\"_blank\" rel=\"noreferrer noopener\">DESCARGA EL GUI\u00d3N DE LA CELEBRACI\u00d3N FAMILIAR DEL DOMINGO DE RAMOS<\/a><\/p>\n\n\n\n<p><\/p>","protected":false},"excerpt":{"rendered":"<p>Baixe aqui o roteiro Celebrar em Fam\u00edlia para o Domingo de Ramos. O material \u00e9 oferecido pela Comiss\u00e3o Episcopal Pastoral para a Liturgia da Confer\u00eancia Nacional dos Bispos do Brasil (CNBB). Iniciamos nossa Semana Santa relembrando a entrada triunfal do Senhor em Jerusal\u00e9m. Neste final de Semana, o Evangelho nos relembram a Paix\u00e3o do Senhor e n\u00f3s come\u00e7amos a viver intensamente este momento. Onde for poss\u00edvel, colocar em algum lugar externo da casa (porta, janela ou varanda), bem vis\u00edvel, uma cruz ornada com ramos e com um pano de cor vermelha. Se n\u00e3o puder participar presencialmente, acompanhe pelo YouTube a [&hellip;]<\/p>\n","protected":false},"author":2,"featured_media":8355,"comment_status":"open","ping_status":"closed","sticky":false,"template":"","format":"standard","meta":{"_acf_changed":false,"footnotes":""},"categories":[611],"tags":[],"class_list":["post-8354","post","type-post","status-publish","format-standard","has-post-thumbnail","hentry","category-noticias"],"acf":[],"yoast_head":"<!-- This site is optimized with the Yoast SEO plugin v27.2 - https:\/\/yoast.com\/product\/yoast-seo-wordpress\/ -->\n<title>SEMANA SANTA - Celebre em fam\u00edlia o Domingo de Ramos<\/title>\n<meta name=\"description\" content=\"Iniciamos nossa Semana Santa relembrando a entrada triunfal do Senhor em Jerusal\u00e9m. Onde for poss\u00edvel, colocar em algum lugar externo da casa (porta, janela ou varanda), bem vis\u00edvel, uma cruz ornada com ramos e com um pano de cor vermelha.\" \/>\n<meta name=\"robots\" content=\"index, follow, max-snippet:-1, max-image-preview:large, max-video-preview:-1\" \/>\n<link rel=\"canonical\" href=\"https:\/\/www.padreeustaquio.com.br\/es\/semana-santa-celebra-el-domingo-de-ramos-con-tu-familia\/\" \/>\n<meta property=\"og:locale\" content=\"es_ES\" \/>\n<meta property=\"og:type\" content=\"article\" \/>\n<meta property=\"og:title\" content=\"SEMANA SANTA - Celebre em fam\u00edlia o Domingo de Ramos\" \/>\n<meta property=\"og:description\" content=\"Iniciamos nossa Semana Santa relembrando a entrada triunfal do Senhor em Jerusal\u00e9m. Onde for poss\u00edvel, colocar em algum lugar externo da casa (porta, janela ou varanda), bem vis\u00edvel, uma cruz ornada com ramos e com um pano de cor vermelha.\" \/>\n<meta property=\"og:url\" content=\"https:\/\/www.padreeustaquio.com.br\/es\/semana-santa-celebra-el-domingo-de-ramos-con-tu-familia\/\" \/>\n<meta property=\"og:site_name\" content=\"Padre Eust\u00e1quio\" \/>\n<meta property=\"article:publisher\" content=\"https:\/\/www.facebook.com\/beatopadreeustaquio\/\" \/>\n<meta property=\"article:published_time\" content=\"2022-04-09T11:45:00+00:00\" \/>\n<meta property=\"og:image\" content=\"https:\/\/www.padreeustaquio.com.br\/wp-content\/uploads\/2022\/03\/roteiro-domingo-ramos.jpg\" \/>\n\t<meta property=\"og:image:width\" content=\"748\" \/>\n\t<meta property=\"og:image:height\" content=\"394\" \/>\n\t<meta property=\"og:image:type\" content=\"image\/jpeg\" \/>\n<meta name=\"author\" content=\"@sscc\" \/>\n<meta name=\"twitter:card\" content=\"summary_large_image\" \/>\n<meta name=\"twitter:creator\" content=\"@beatopeustaquio\" \/>\n<meta name=\"twitter:site\" content=\"@beatopeustaquio\" \/>\n<meta name=\"twitter:label1\" content=\"Escrito por\" \/>\n\t<meta name=\"twitter:data1\" content=\"@sscc\" \/>\n\t<meta name=\"twitter:label2\" content=\"Tiempo de lectura\" \/>\n\t<meta name=\"twitter:data2\" content=\"1 minuto\" \/>\n<script type=\"application\/ld+json\" class=\"yoast-schema-graph\">{\"@context\":\"https:\/\/schema.org\",\"@graph\":[{\"@type\":\"Article\",\"@id\":\"https:\/\/www.padreeustaquio.com.br\/semana-santa-celebre-em-familia-o-domingo-de-ramos\/#article\",\"isPartOf\":{\"@id\":\"https:\/\/www.padreeustaquio.com.br\/semana-santa-celebre-em-familia-o-domingo-de-ramos\/\"},\"author\":{\"name\":\"@sscc\",\"@id\":\"https:\/\/www.padreeustaquio.com.br\/#\/schema\/person\/a2a51db1d00f1a7af0204a0f1ddb1566\"},\"headline\":\"SEMANA SANTA &#8211; Celebre em fam\u00edlia o Domingo de Ramos\",\"datePublished\":\"2022-04-09T11:45:00+00:00\",\"mainEntityOfPage\":{\"@id\":\"https:\/\/www.padreeustaquio.com.br\/semana-santa-celebre-em-familia-o-domingo-de-ramos\/\"},\"wordCount\":226,\"commentCount\":0,\"publisher\":{\"@id\":\"https:\/\/www.padreeustaquio.com.br\/#organization\"},\"image\":{\"@id\":\"https:\/\/www.padreeustaquio.com.br\/semana-santa-celebre-em-familia-o-domingo-de-ramos\/#primaryimage\"},\"thumbnailUrl\":\"https:\/\/www.padreeustaquio.com.br\/wp-content\/uploads\/2022\/03\/roteiro-domingo-ramos.jpg\",\"articleSection\":[\"Not\u00edcias\"],\"inLanguage\":\"es\",\"potentialAction\":[{\"@type\":\"CommentAction\",\"name\":\"Comment\",\"target\":[\"https:\/\/www.padreeustaquio.com.br\/semana-santa-celebre-em-familia-o-domingo-de-ramos\/#respond\"]}]},{\"@type\":\"WebPage\",\"@id\":\"https:\/\/www.padreeustaquio.com.br\/semana-santa-celebre-em-familia-o-domingo-de-ramos\/\",\"url\":\"https:\/\/www.padreeustaquio.com.br\/semana-santa-celebre-em-familia-o-domingo-de-ramos\/\",\"name\":\"SEMANA SANTA - Celebre em fam\u00edlia o Domingo de Ramos\",\"isPartOf\":{\"@id\":\"https:\/\/www.padreeustaquio.com.br\/#website\"},\"primaryImageOfPage\":{\"@id\":\"https:\/\/www.padreeustaquio.com.br\/semana-santa-celebre-em-familia-o-domingo-de-ramos\/#primaryimage\"},\"image\":{\"@id\":\"https:\/\/www.padreeustaquio.com.br\/semana-santa-celebre-em-familia-o-domingo-de-ramos\/#primaryimage\"},\"thumbnailUrl\":\"https:\/\/www.padreeustaquio.com.br\/wp-content\/uploads\/2022\/03\/roteiro-domingo-ramos.jpg\",\"datePublished\":\"2022-04-09T11:45:00+00:00\",\"description\":\"Iniciamos nossa Semana Santa relembrando a entrada triunfal do Senhor em Jerusal\u00e9m. Onde for poss\u00edvel, colocar em algum lugar externo da casa (porta, janela ou varanda), bem vis\u00edvel, uma cruz ornada com ramos e com um pano de cor vermelha.\",\"breadcrumb\":{\"@id\":\"https:\/\/www.padreeustaquio.com.br\/semana-santa-celebre-em-familia-o-domingo-de-ramos\/#breadcrumb\"},\"inLanguage\":\"es\",\"potentialAction\":[{\"@type\":\"ReadAction\",\"target\":[\"https:\/\/www.padreeustaquio.com.br\/semana-santa-celebre-em-familia-o-domingo-de-ramos\/\"]}]},{\"@type\":\"ImageObject\",\"inLanguage\":\"es\",\"@id\":\"https:\/\/www.padreeustaquio.com.br\/semana-santa-celebre-em-familia-o-domingo-de-ramos\/#primaryimage\",\"url\":\"https:\/\/www.padreeustaquio.com.br\/wp-content\/uploads\/2022\/03\/roteiro-domingo-ramos.jpg\",\"contentUrl\":\"https:\/\/www.padreeustaquio.com.br\/wp-content\/uploads\/2022\/03\/roteiro-domingo-ramos.jpg\",\"width\":748,\"height\":394},{\"@type\":\"BreadcrumbList\",\"@id\":\"https:\/\/www.padreeustaquio.com.br\/semana-santa-celebre-em-familia-o-domingo-de-ramos\/#breadcrumb\",\"itemListElement\":[{\"@type\":\"ListItem\",\"position\":1,\"name\":\"In\u00edcio\",\"item\":\"https:\/\/www.padreeustaquio.com.br\/\"},{\"@type\":\"ListItem\",\"position\":2,\"name\":\"SEMANA SANTA &#8211; Celebre em fam\u00edlia o Domingo de Ramos\"}]},{\"@type\":\"WebSite\",\"@id\":\"https:\/\/www.padreeustaquio.com.br\/#website\",\"url\":\"https:\/\/www.padreeustaquio.com.br\/\",\"name\":\"Padre Eust\u00e1quio\",\"description\":\"Sa\u00fade e Paz\",\"publisher\":{\"@id\":\"https:\/\/www.padreeustaquio.com.br\/#organization\"},\"potentialAction\":[{\"@type\":\"SearchAction\",\"target\":{\"@type\":\"EntryPoint\",\"urlTemplate\":\"https:\/\/www.padreeustaquio.com.br\/?s={search_term_string}\"},\"query-input\":{\"@type\":\"PropertyValueSpecification\",\"valueRequired\":true,\"valueName\":\"search_term_string\"}}],\"inLanguage\":\"es\"},{\"@type\":\"Organization\",\"@id\":\"https:\/\/www.padreeustaquio.com.br\/#organization\",\"name\":\"Padre Eust\u00e1quio\",\"url\":\"https:\/\/www.padreeustaquio.com.br\/\",\"logo\":{\"@type\":\"ImageObject\",\"inLanguage\":\"es\",\"@id\":\"https:\/\/www.padreeustaquio.com.br\/#\/schema\/logo\/image\/\",\"url\":\"https:\/\/www.padreeustaquio.com.br\/wp-content\/uploads\/2019\/08\/marca.png\",\"contentUrl\":\"https:\/\/www.padreeustaquio.com.br\/wp-content\/uploads\/2019\/08\/marca.png\",\"width\":350,\"height\":400,\"caption\":\"Padre Eust\u00e1quio\"},\"image\":{\"@id\":\"https:\/\/www.padreeustaquio.com.br\/#\/schema\/logo\/image\/\"},\"sameAs\":[\"https:\/\/www.facebook.com\/beatopadreeustaquio\/\",\"https:\/\/x.com\/beatopeustaquio\",\"https:\/\/www.instagram.com\/beatopadreeustaquio\/\",\"https:\/\/www.youtube.com\/channel\/UCRhw7vfabnajwLxb1ZXMeIw\"]},{\"@type\":\"Person\",\"@id\":\"https:\/\/www.padreeustaquio.com.br\/#\/schema\/person\/a2a51db1d00f1a7af0204a0f1ddb1566\",\"name\":\"@sscc\",\"image\":{\"@type\":\"ImageObject\",\"inLanguage\":\"es\",\"@id\":\"https:\/\/secure.gravatar.com\/avatar\/68cfafa5f44617fea54071e215026e0ff06be366c3d54a8425f04fdcb86f8c5f?s=96&d=mm&r=g\",\"url\":\"https:\/\/secure.gravatar.com\/avatar\/68cfafa5f44617fea54071e215026e0ff06be366c3d54a8425f04fdcb86f8c5f?s=96&d=mm&r=g\",\"contentUrl\":\"https:\/\/secure.gravatar.com\/avatar\/68cfafa5f44617fea54071e215026e0ff06be366c3d54a8425f04fdcb86f8c5f?s=96&d=mm&r=g\",\"caption\":\"@sscc\"},\"url\":\"https:\/\/www.padreeustaquio.com.br\/es\/author\/sscc\/\"}]}<\/script>\n<!-- \/ Yoast SEO plugin. -->","yoast_head_json":{"title":"SEMANA SANTA - Celebra el Domingo de Ramos con tu familia","description":"Comenzamos nuestra Semana Santa recordando la entrada triunfal del Se\u00f1or en Jerusal\u00e9n. Siempre que sea posible, coloque una cruz adornada con ramas y un pa\u00f1o rojo en un lugar bien visible fuera de su casa (puerta, ventana o balc\u00f3n).","robots":{"index":"index","follow":"follow","max-snippet":"max-snippet:-1","max-image-preview":"max-image-preview:large","max-video-preview":"max-video-preview:-1"},"canonical":"https:\/\/www.padreeustaquio.com.br\/es\/semana-santa-celebra-el-domingo-de-ramos-con-tu-familia\/","og_locale":"es_ES","og_type":"article","og_title":"SEMANA SANTA - Celebre em fam\u00edlia o Domingo de Ramos","og_description":"Iniciamos nossa Semana Santa relembrando a entrada triunfal do Senhor em Jerusal\u00e9m. Onde for poss\u00edvel, colocar em algum lugar externo da casa (porta, janela ou varanda), bem vis\u00edvel, uma cruz ornada com ramos e com um pano de cor vermelha.","og_url":"https:\/\/www.padreeustaquio.com.br\/es\/semana-santa-celebra-el-domingo-de-ramos-con-tu-familia\/","og_site_name":"Padre Eust\u00e1quio","article_publisher":"https:\/\/www.facebook.com\/beatopadreeustaquio\/","article_published_time":"2022-04-09T11:45:00+00:00","og_image":[{"width":748,"height":394,"url":"https:\/\/www.padreeustaquio.com.br\/wp-content\/uploads\/2022\/03\/roteiro-domingo-ramos.jpg","type":"image\/jpeg"}],"author":"@sscc","twitter_card":"summary_large_image","twitter_creator":"@beatopeustaquio","twitter_site":"@beatopeustaquio","twitter_misc":{"Escrito por":"@sscc","Tiempo de lectura":"1 minuto"},"schema":{"@context":"https:\/\/schema.org","@graph":[{"@type":"Article","@id":"https:\/\/www.padreeustaquio.com.br\/semana-santa-celebre-em-familia-o-domingo-de-ramos\/#article","isPartOf":{"@id":"https:\/\/www.padreeustaquio.com.br\/semana-santa-celebre-em-familia-o-domingo-de-ramos\/"},"author":{"name":"@sscc","@id":"https:\/\/www.padreeustaquio.com.br\/#\/schema\/person\/a2a51db1d00f1a7af0204a0f1ddb1566"},"headline":"SEMANA SANTA &#8211; Celebre em fam\u00edlia o Domingo de Ramos","datePublished":"2022-04-09T11:45:00+00:00","mainEntityOfPage":{"@id":"https:\/\/www.padreeustaquio.com.br\/semana-santa-celebre-em-familia-o-domingo-de-ramos\/"},"wordCount":226,"commentCount":0,"publisher":{"@id":"https:\/\/www.padreeustaquio.com.br\/#organization"},"image":{"@id":"https:\/\/www.padreeustaquio.com.br\/semana-santa-celebre-em-familia-o-domingo-de-ramos\/#primaryimage"},"thumbnailUrl":"https:\/\/www.padreeustaquio.com.br\/wp-content\/uploads\/2022\/03\/roteiro-domingo-ramos.jpg","articleSection":["Not\u00edcias"],"inLanguage":"es","potentialAction":[{"@type":"CommentAction","name":"Comment","target":["https:\/\/www.padreeustaquio.com.br\/semana-santa-celebre-em-familia-o-domingo-de-ramos\/#respond"]}]},{"@type":"WebPage","@id":"https:\/\/www.padreeustaquio.com.br\/semana-santa-celebre-em-familia-o-domingo-de-ramos\/","url":"https:\/\/www.padreeustaquio.com.br\/semana-santa-celebre-em-familia-o-domingo-de-ramos\/","name":"SEMANA SANTA - Celebra el Domingo de Ramos con tu familia","isPartOf":{"@id":"https:\/\/www.padreeustaquio.com.br\/#website"},"primaryImageOfPage":{"@id":"https:\/\/www.padreeustaquio.com.br\/semana-santa-celebre-em-familia-o-domingo-de-ramos\/#primaryimage"},"image":{"@id":"https:\/\/www.padreeustaquio.com.br\/semana-santa-celebre-em-familia-o-domingo-de-ramos\/#primaryimage"},"thumbnailUrl":"https:\/\/www.padreeustaquio.com.br\/wp-content\/uploads\/2022\/03\/roteiro-domingo-ramos.jpg","datePublished":"2022-04-09T11:45:00+00:00","description":"Comenzamos nuestra Semana Santa recordando la entrada triunfal del Se\u00f1or en Jerusal\u00e9n. Siempre que sea posible, coloque una cruz adornada con ramas y un pa\u00f1o rojo en un lugar bien visible fuera de su casa (puerta, ventana o balc\u00f3n).","breadcrumb":{"@id":"https:\/\/www.padreeustaquio.com.br\/semana-santa-celebre-em-familia-o-domingo-de-ramos\/#breadcrumb"},"inLanguage":"es","potentialAction":[{"@type":"ReadAction","target":["https:\/\/www.padreeustaquio.com.br\/semana-santa-celebre-em-familia-o-domingo-de-ramos\/"]}]},{"@type":"ImageObject","inLanguage":"es","@id":"https:\/\/www.padreeustaquio.com.br\/semana-santa-celebre-em-familia-o-domingo-de-ramos\/#primaryimage","url":"https:\/\/www.padreeustaquio.com.br\/wp-content\/uploads\/2022\/03\/roteiro-domingo-ramos.jpg","contentUrl":"https:\/\/www.padreeustaquio.com.br\/wp-content\/uploads\/2022\/03\/roteiro-domingo-ramos.jpg","width":748,"height":394},{"@type":"BreadcrumbList","@id":"https:\/\/www.padreeustaquio.com.br\/semana-santa-celebre-em-familia-o-domingo-de-ramos\/#breadcrumb","itemListElement":[{"@type":"ListItem","position":1,"name":"In\u00edcio","item":"https:\/\/www.padreeustaquio.com.br\/"},{"@type":"ListItem","position":2,"name":"SEMANA SANTA &#8211; Celebre em fam\u00edlia o Domingo de Ramos"}]},{"@type":"WebSite","@id":"https:\/\/www.padreeustaquio.com.br\/#website","url":"https:\/\/www.padreeustaquio.com.br\/","name":"Padre Eustace","description":"Salud y Paz","publisher":{"@id":"https:\/\/www.padreeustaquio.com.br\/#organization"},"potentialAction":[{"@type":"SearchAction","target":{"@type":"EntryPoint","urlTemplate":"https:\/\/www.padreeustaquio.com.br\/?s={search_term_string}"},"query-input":{"@type":"PropertyValueSpecification","valueRequired":true,"valueName":"search_term_string"}}],"inLanguage":"es"},{"@type":"Organization","@id":"https:\/\/www.padreeustaquio.com.br\/#organization","name":"Padre Eustace","url":"https:\/\/www.padreeustaquio.com.br\/","logo":{"@type":"ImageObject","inLanguage":"es","@id":"https:\/\/www.padreeustaquio.com.br\/#\/schema\/logo\/image\/","url":"https:\/\/www.padreeustaquio.com.br\/wp-content\/uploads\/2019\/08\/marca.png","contentUrl":"https:\/\/www.padreeustaquio.com.br\/wp-content\/uploads\/2019\/08\/marca.png","width":350,"height":400,"caption":"Padre Eust\u00e1quio"},"image":{"@id":"https:\/\/www.padreeustaquio.com.br\/#\/schema\/logo\/image\/"},"sameAs":["https:\/\/www.facebook.com\/beatopadreeustaquio\/","https:\/\/x.com\/beatopeustaquio","https:\/\/www.instagram.com\/beatopadreeustaquio\/","https:\/\/www.youtube.com\/channel\/UCRhw7vfabnajwLxb1ZXMeIw"]},{"@type":"Person","@id":"https:\/\/www.padreeustaquio.com.br\/#\/schema\/person\/a2a51db1d00f1a7af0204a0f1ddb1566","name":"@sscc","image":{"@type":"ImageObject","inLanguage":"es","@id":"https:\/\/secure.gravatar.com\/avatar\/68cfafa5f44617fea54071e215026e0ff06be366c3d54a8425f04fdcb86f8c5f?s=96&d=mm&r=g","url":"https:\/\/secure.gravatar.com\/avatar\/68cfafa5f44617fea54071e215026e0ff06be366c3d54a8425f04fdcb86f8c5f?s=96&d=mm&r=g","contentUrl":"https:\/\/secure.gravatar.com\/avatar\/68cfafa5f44617fea54071e215026e0ff06be366c3d54a8425f04fdcb86f8c5f?s=96&d=mm&r=g","caption":"@sscc"},"url":"https:\/\/www.padreeustaquio.com.br\/es\/author\/sscc\/"}]}},"_links":{"self":[{"href":"https:\/\/www.padreeustaquio.com.br\/es\/wp-json\/wp\/v2\/posts\/8354","targetHints":{"allow":["GET"]}}],"collection":[{"href":"https:\/\/www.padreeustaquio.com.br\/es\/wp-json\/wp\/v2\/posts"}],"about":[{"href":"https:\/\/www.padreeustaquio.com.br\/es\/wp-json\/wp\/v2\/types\/post"}],"author":[{"embeddable":true,"href":"https:\/\/www.padreeustaquio.com.br\/es\/wp-json\/wp\/v2\/users\/2"}],"replies":[{"embeddable":true,"href":"https:\/\/www.padreeustaquio.com.br\/es\/wp-json\/wp\/v2\/comments?post=8354"}],"version-history":[{"count":0,"href":"https:\/\/www.padreeustaquio.com.br\/es\/wp-json\/wp\/v2\/posts\/8354\/revisions"}],"wp:featuredmedia":[{"embeddable":true,"href":"https:\/\/www.padreeustaquio.com.br\/es\/wp-json\/wp\/v2\/media\/8355"}],"wp:attachment":[{"href":"https:\/\/www.padreeustaquio.com.br\/es\/wp-json\/wp\/v2\/media?parent=8354"}],"wp:term":[{"taxonomy":"category","embeddable":true,"href":"https:\/\/www.padreeustaquio.com.br\/es\/wp-json\/wp\/v2\/categories?post=8354"},{"taxonomy":"post_tag","embeddable":true,"href":"https:\/\/www.padreeustaquio.com.br\/es\/wp-json\/wp\/v2\/tags?post=8354"}],"curies":[{"name":"wp","href":"https:\/\/api.w.org\/{rel}","templated":true}]}}