{"id":8333,"date":"2022-03-24T05:44:00","date_gmt":"2022-03-24T08:44:00","guid":{"rendered":"https:\/\/www.padreeustaquio.com.br\/?p=8333"},"modified":"2022-03-22T15:53:36","modified_gmt":"2022-03-22T18:53:36","slug":"palabras-del-padre-eustaquio-el-buen-pastor","status":"publish","type":"post","link":"https:\/\/www.padreeustaquio.com.br\/es\/palabras-del-padre-eustaquio-el-buen-pastor\/","title":{"rendered":"Palabras del Padre Eust\u00e1quio: &quot;El Buen Pastor&quot;\u201c"},"content":{"rendered":"<p>Jes\u00fas es el Buen Pastor de nuestras vidas, gui\u00e1ndonos en cada momento de nuestra vida terrenal, ya sean buenos o para nuestro crecimiento. Como ayudantes en esta misi\u00f3n, Dios pone pastores y gu\u00edas en nuestro camino, como el Papa, los obispos y los sacerdotes, quienes deben guiar a su reba\u00f1o, el pueblo de Dios, hacia la salvaci\u00f3n.<\/p>\n\n\n\n<p>En uno de los textos del Padre Eust\u00e1quio, publicado en el Bolet\u00edn de la Parroquia de los Sagrados Corazones entre 1946 y 1947, el Beato Padre ofrece una reflexi\u00f3n sobre el papel de los pastores en la vida de su reba\u00f1o. Lea el texto a continuaci\u00f3n:<\/p>\n\n\n\n<p><strong><em>Serm\u00f3n del Buen Pastor<\/em><\/strong><\/p>\n\n\n\n<p><em>All\u00ed est\u00e1n, a lo largo del camino, en las laderas de las monta\u00f1as silenciosas, c\u00f3mo desfilan en gran n\u00famero y confiadas, corriendo, a veces lentamente, siguiendo las huellas del pastor, ahora subiendo, ahora bajando colinas, atravesando valles y acantilados, vadeando arroyos, abriendo caminos por senderos hostiles y desconocidos, venciendo el fr\u00edo y la lluvia, las multitudes de ovejas, mansas y pac\u00edficas, como seguras de su destino, porque delante, afrontando todos los peligros y, otras tantas veces, arriesgando la propia vida, va el buen pastor, a quien pertenecen los reba\u00f1os.<\/em><\/p>\n\n\n\n<p><em>Y este pastor que conoce a todas sus ovejas y al que todas las ovejas ya conocen, por lo que todas le buscan y s\u00f3lo sigui\u00e9ndole encuentran seguridad y satisfacci\u00f3n, es una bella imagen de la Iglesia Cat\u00f3lica, pues los reba\u00f1os son las uniones de los fieles, el pastor es Nuestro Se\u00f1or Jesucristo mismo, cuyo representante visible es el Santo Padre el Papa, quien, incluso en la persona de sus Obispos, lleva la delantera del reba\u00f1o, y, por tanto, es el buen pastor.<\/em>.<\/p>\n\n\n\n<p><em>Como ya dijo Nuestro Se\u00f1or, como todos sabemos, pastor y ovejas se conocen y se buscan mutuamente, y por eso Jes\u00fas pudo predecir con tanta pena un d\u00eda: \u201cEl que meta la mano en el plato conmigo, me traicionar\u00e1\u201d. En efecto, Judas se rebel\u00f3 y se convirti\u00f3 en el traidor de su amo. No solo se puede dar este ejemplo, sino otro, amargo para ambos, y es la negaci\u00f3n de San Pedro, por la que supo llorar. Y Jes\u00fas tambi\u00e9n pudo predecir un d\u00eda: \u201cAntes de que cante el gallo, Pedro, me habr\u00e1s negado tres veces\u201d. Y San Pedro protest\u00f3 y se contradijo, en vano. Porque, como dijo Jes\u00fas, sucedi\u00f3. S\u00ed, el Buen Pastor conoce a sus ovejas.<\/em><\/p>\n\n\n\n<p><em>\u00a1Ah! Mis queridos hermanos, despu\u00e9s de la muerte, muchos llamar\u00e1n a las puertas del Cielo buscando al Buen Pastor. Sin embargo, \u00c9l, que todo lo sabe y conoce a todas sus ovejas, cuyos corazones solo \u00c9l escudri\u00f1a y descubre hasta las m\u00e1s peque\u00f1as faltas, juzgar\u00e1 las acciones, no solo las palabras; no juzgar\u00e1 las palabras, sino las obras que en ellas se inscriben. De nada sirve decir: \u201cSoy cat\u00f3lico\u201d.\u201d<\/em>.<\/p>\n\n\n\n<p><\/p>","protected":false},"excerpt":{"rendered":"<p>Jesus \u00e9 o Bom Pastor das nossas vidas, nos guiando por todos os momentos aqui na terra, sejam eles bons ou para nosso crescimento. Como auxiliares nesta miss\u00e3o, Deus deixa em nossa caminhada, pastores e guias como o papa, os bispos e os padres, que devem conduzir seu rebanho, o povo de Deus, \u00e0 salva\u00e7\u00e3o. Em um dos textos deixados por Padre Eust\u00e1quio, publicado no Boletim da Matriz dos Sagrados Cora\u00e7\u00f5es dos anos de 1946 e 1947, o Beato traz uma reflex\u00e3o sobre o papel dos pastores na vida de suas ovelhas. Leia o texto a seguir: Serm\u00e3o do Bom [&hellip;]<\/p>\n","protected":false},"author":2,"featured_media":8334,"comment_status":"open","ping_status":"closed","sticky":false,"template":"","format":"standard","meta":{"_acf_changed":false,"footnotes":""},"categories":[611],"tags":[],"class_list":["post-8333","post","type-post","status-publish","format-standard","has-post-thumbnail","hentry","category-noticias"],"acf":[],"yoast_head":"<!-- This site is optimized with the Yoast SEO plugin v27.2 - https:\/\/yoast.com\/product\/yoast-seo-wordpress\/ -->\n<title>Palavras do Padre Eust\u00e1quio: &quot;O Bom Pastor&quot;<\/title>\n<meta name=\"description\" content=\"Em um dos textos deixados por Padre Eust\u00e1quio, publicado no Boletim da Matriz dos Sagrados Cora\u00e7\u00f5es dos anos de 1946 e 1947, o Beato traz uma reflex\u00e3o sobre o papel dos pastores na vida de suas ovelhas. Confira o trecho aqui.\" \/>\n<meta name=\"robots\" content=\"index, follow, max-snippet:-1, max-image-preview:large, max-video-preview:-1\" \/>\n<link rel=\"canonical\" href=\"https:\/\/www.padreeustaquio.com.br\/es\/palabras-del-padre-eustaquio-el-buen-pastor\/\" \/>\n<meta property=\"og:locale\" content=\"es_ES\" \/>\n<meta property=\"og:type\" content=\"article\" \/>\n<meta property=\"og:title\" content=\"Palavras do Padre Eust\u00e1quio: &quot;O Bom Pastor&quot;\" \/>\n<meta property=\"og:description\" content=\"Em um dos textos deixados por Padre Eust\u00e1quio, publicado no Boletim da Matriz dos Sagrados Cora\u00e7\u00f5es dos anos de 1946 e 1947, o Beato traz uma reflex\u00e3o sobre o papel dos pastores na vida de suas ovelhas. Confira o trecho aqui.\" \/>\n<meta property=\"og:url\" content=\"https:\/\/www.padreeustaquio.com.br\/es\/palabras-del-padre-eustaquio-el-buen-pastor\/\" \/>\n<meta property=\"og:site_name\" content=\"Padre Eust\u00e1quio\" \/>\n<meta property=\"article:publisher\" content=\"https:\/\/www.facebook.com\/beatopadreeustaquio\/\" \/>\n<meta property=\"article:published_time\" content=\"2022-03-24T08:44:00+00:00\" \/>\n<meta property=\"og:image\" content=\"https:\/\/www.padreeustaquio.com.br\/wp-content\/uploads\/2022\/03\/WhatsApp-Image-2022-03-22-at-11.10.30.jpeg\" \/>\n\t<meta property=\"og:image:width\" content=\"1280\" \/>\n\t<meta property=\"og:image:height\" content=\"854\" \/>\n\t<meta property=\"og:image:type\" content=\"image\/jpeg\" \/>\n<meta name=\"author\" content=\"@sscc\" \/>\n<meta name=\"twitter:card\" content=\"summary_large_image\" \/>\n<meta name=\"twitter:creator\" content=\"@beatopeustaquio\" \/>\n<meta name=\"twitter:site\" content=\"@beatopeustaquio\" \/>\n<meta name=\"twitter:label1\" content=\"Escrito por\" \/>\n\t<meta name=\"twitter:data1\" content=\"@sscc\" \/>\n\t<meta name=\"twitter:label2\" content=\"Tiempo de lectura\" \/>\n\t<meta name=\"twitter:data2\" content=\"2 minutos\" \/>\n<script type=\"application\/ld+json\" class=\"yoast-schema-graph\">{\"@context\":\"https:\/\/schema.org\",\"@graph\":[{\"@type\":\"Article\",\"@id\":\"https:\/\/www.padreeustaquio.com.br\/palavras-do-padre-eustaquio-o-bom-pastor\/#article\",\"isPartOf\":{\"@id\":\"https:\/\/www.padreeustaquio.com.br\/palavras-do-padre-eustaquio-o-bom-pastor\/\"},\"author\":{\"name\":\"@sscc\",\"@id\":\"https:\/\/www.padreeustaquio.com.br\/#\/schema\/person\/a2a51db1d00f1a7af0204a0f1ddb1566\"},\"headline\":\"Palavras do Padre Eust\u00e1quio: &#8220;O Bom Pastor&#8221;\",\"datePublished\":\"2022-03-24T08:44:00+00:00\",\"mainEntityOfPage\":{\"@id\":\"https:\/\/www.padreeustaquio.com.br\/palavras-do-padre-eustaquio-o-bom-pastor\/\"},\"wordCount\":493,\"commentCount\":0,\"publisher\":{\"@id\":\"https:\/\/www.padreeustaquio.com.br\/#organization\"},\"image\":{\"@id\":\"https:\/\/www.padreeustaquio.com.br\/palavras-do-padre-eustaquio-o-bom-pastor\/#primaryimage\"},\"thumbnailUrl\":\"https:\/\/www.padreeustaquio.com.br\/wp-content\/uploads\/2022\/03\/WhatsApp-Image-2022-03-22-at-11.10.30.jpeg\",\"articleSection\":[\"Not\u00edcias\"],\"inLanguage\":\"es\",\"potentialAction\":[{\"@type\":\"CommentAction\",\"name\":\"Comment\",\"target\":[\"https:\/\/www.padreeustaquio.com.br\/palavras-do-padre-eustaquio-o-bom-pastor\/#respond\"]}]},{\"@type\":\"WebPage\",\"@id\":\"https:\/\/www.padreeustaquio.com.br\/palavras-do-padre-eustaquio-o-bom-pastor\/\",\"url\":\"https:\/\/www.padreeustaquio.com.br\/palavras-do-padre-eustaquio-o-bom-pastor\/\",\"name\":\"Palavras do Padre Eust\u00e1quio: \\\"O Bom Pastor\\\"\",\"isPartOf\":{\"@id\":\"https:\/\/www.padreeustaquio.com.br\/#website\"},\"primaryImageOfPage\":{\"@id\":\"https:\/\/www.padreeustaquio.com.br\/palavras-do-padre-eustaquio-o-bom-pastor\/#primaryimage\"},\"image\":{\"@id\":\"https:\/\/www.padreeustaquio.com.br\/palavras-do-padre-eustaquio-o-bom-pastor\/#primaryimage\"},\"thumbnailUrl\":\"https:\/\/www.padreeustaquio.com.br\/wp-content\/uploads\/2022\/03\/WhatsApp-Image-2022-03-22-at-11.10.30.jpeg\",\"datePublished\":\"2022-03-24T08:44:00+00:00\",\"description\":\"Em um dos textos deixados por Padre Eust\u00e1quio, publicado no Boletim da Matriz dos Sagrados Cora\u00e7\u00f5es dos anos de 1946 e 1947, o Beato traz uma reflex\u00e3o sobre o papel dos pastores na vida de suas ovelhas. Confira o trecho aqui.\",\"breadcrumb\":{\"@id\":\"https:\/\/www.padreeustaquio.com.br\/palavras-do-padre-eustaquio-o-bom-pastor\/#breadcrumb\"},\"inLanguage\":\"es\",\"potentialAction\":[{\"@type\":\"ReadAction\",\"target\":[\"https:\/\/www.padreeustaquio.com.br\/palavras-do-padre-eustaquio-o-bom-pastor\/\"]}]},{\"@type\":\"ImageObject\",\"inLanguage\":\"es\",\"@id\":\"https:\/\/www.padreeustaquio.com.br\/palavras-do-padre-eustaquio-o-bom-pastor\/#primaryimage\",\"url\":\"https:\/\/www.padreeustaquio.com.br\/wp-content\/uploads\/2022\/03\/WhatsApp-Image-2022-03-22-at-11.10.30.jpeg\",\"contentUrl\":\"https:\/\/www.padreeustaquio.com.br\/wp-content\/uploads\/2022\/03\/WhatsApp-Image-2022-03-22-at-11.10.30.jpeg\",\"width\":1280,\"height\":854},{\"@type\":\"BreadcrumbList\",\"@id\":\"https:\/\/www.padreeustaquio.com.br\/palavras-do-padre-eustaquio-o-bom-pastor\/#breadcrumb\",\"itemListElement\":[{\"@type\":\"ListItem\",\"position\":1,\"name\":\"In\u00edcio\",\"item\":\"https:\/\/www.padreeustaquio.com.br\/\"},{\"@type\":\"ListItem\",\"position\":2,\"name\":\"Palavras do Padre Eust\u00e1quio: &#8220;O Bom Pastor&#8221;\"}]},{\"@type\":\"WebSite\",\"@id\":\"https:\/\/www.padreeustaquio.com.br\/#website\",\"url\":\"https:\/\/www.padreeustaquio.com.br\/\",\"name\":\"Padre Eust\u00e1quio\",\"description\":\"Sa\u00fade e Paz\",\"publisher\":{\"@id\":\"https:\/\/www.padreeustaquio.com.br\/#organization\"},\"potentialAction\":[{\"@type\":\"SearchAction\",\"target\":{\"@type\":\"EntryPoint\",\"urlTemplate\":\"https:\/\/www.padreeustaquio.com.br\/?s={search_term_string}\"},\"query-input\":{\"@type\":\"PropertyValueSpecification\",\"valueRequired\":true,\"valueName\":\"search_term_string\"}}],\"inLanguage\":\"es\"},{\"@type\":\"Organization\",\"@id\":\"https:\/\/www.padreeustaquio.com.br\/#organization\",\"name\":\"Padre Eust\u00e1quio\",\"url\":\"https:\/\/www.padreeustaquio.com.br\/\",\"logo\":{\"@type\":\"ImageObject\",\"inLanguage\":\"es\",\"@id\":\"https:\/\/www.padreeustaquio.com.br\/#\/schema\/logo\/image\/\",\"url\":\"https:\/\/www.padreeustaquio.com.br\/wp-content\/uploads\/2019\/08\/marca.png\",\"contentUrl\":\"https:\/\/www.padreeustaquio.com.br\/wp-content\/uploads\/2019\/08\/marca.png\",\"width\":350,\"height\":400,\"caption\":\"Padre Eust\u00e1quio\"},\"image\":{\"@id\":\"https:\/\/www.padreeustaquio.com.br\/#\/schema\/logo\/image\/\"},\"sameAs\":[\"https:\/\/www.facebook.com\/beatopadreeustaquio\/\",\"https:\/\/x.com\/beatopeustaquio\",\"https:\/\/www.instagram.com\/beatopadreeustaquio\/\",\"https:\/\/www.youtube.com\/channel\/UCRhw7vfabnajwLxb1ZXMeIw\"]},{\"@type\":\"Person\",\"@id\":\"https:\/\/www.padreeustaquio.com.br\/#\/schema\/person\/a2a51db1d00f1a7af0204a0f1ddb1566\",\"name\":\"@sscc\",\"image\":{\"@type\":\"ImageObject\",\"inLanguage\":\"es\",\"@id\":\"https:\/\/secure.gravatar.com\/avatar\/68cfafa5f44617fea54071e215026e0ff06be366c3d54a8425f04fdcb86f8c5f?s=96&d=mm&r=g\",\"url\":\"https:\/\/secure.gravatar.com\/avatar\/68cfafa5f44617fea54071e215026e0ff06be366c3d54a8425f04fdcb86f8c5f?s=96&d=mm&r=g\",\"contentUrl\":\"https:\/\/secure.gravatar.com\/avatar\/68cfafa5f44617fea54071e215026e0ff06be366c3d54a8425f04fdcb86f8c5f?s=96&d=mm&r=g\",\"caption\":\"@sscc\"},\"url\":\"https:\/\/www.padreeustaquio.com.br\/es\/author\/sscc\/\"}]}<\/script>\n<!-- \/ Yoast SEO plugin. -->","yoast_head_json":{"title":"Palabras del Padre Eustace: &quot;El Buen Pastor&quot;\"","description":"En uno de los textos del Padre Eust\u00e1quio, publicado en el Bolet\u00edn de la Parroquia de los Sagrados Corazones entre 1946 y 1947, el Beato Padre ofrece una reflexi\u00f3n sobre el papel de los pastores en la vida de su reba\u00f1o. Vea el extracto aqu\u00ed.","robots":{"index":"index","follow":"follow","max-snippet":"max-snippet:-1","max-image-preview":"max-image-preview:large","max-video-preview":"max-video-preview:-1"},"canonical":"https:\/\/www.padreeustaquio.com.br\/es\/palabras-del-padre-eustaquio-el-buen-pastor\/","og_locale":"es_ES","og_type":"article","og_title":"Palavras do Padre Eust\u00e1quio: \"O Bom Pastor\"","og_description":"Em um dos textos deixados por Padre Eust\u00e1quio, publicado no Boletim da Matriz dos Sagrados Cora\u00e7\u00f5es dos anos de 1946 e 1947, o Beato traz uma reflex\u00e3o sobre o papel dos pastores na vida de suas ovelhas. Confira o trecho aqui.","og_url":"https:\/\/www.padreeustaquio.com.br\/es\/palabras-del-padre-eustaquio-el-buen-pastor\/","og_site_name":"Padre Eust\u00e1quio","article_publisher":"https:\/\/www.facebook.com\/beatopadreeustaquio\/","article_published_time":"2022-03-24T08:44:00+00:00","og_image":[{"width":1280,"height":854,"url":"https:\/\/www.padreeustaquio.com.br\/wp-content\/uploads\/2022\/03\/WhatsApp-Image-2022-03-22-at-11.10.30.jpeg","type":"image\/jpeg"}],"author":"@sscc","twitter_card":"summary_large_image","twitter_creator":"@beatopeustaquio","twitter_site":"@beatopeustaquio","twitter_misc":{"Escrito por":"@sscc","Tiempo de lectura":"2 minutos"},"schema":{"@context":"https:\/\/schema.org","@graph":[{"@type":"Article","@id":"https:\/\/www.padreeustaquio.com.br\/palavras-do-padre-eustaquio-o-bom-pastor\/#article","isPartOf":{"@id":"https:\/\/www.padreeustaquio.com.br\/palavras-do-padre-eustaquio-o-bom-pastor\/"},"author":{"name":"@sscc","@id":"https:\/\/www.padreeustaquio.com.br\/#\/schema\/person\/a2a51db1d00f1a7af0204a0f1ddb1566"},"headline":"Palavras do Padre Eust\u00e1quio: &#8220;O Bom Pastor&#8221;","datePublished":"2022-03-24T08:44:00+00:00","mainEntityOfPage":{"@id":"https:\/\/www.padreeustaquio.com.br\/palavras-do-padre-eustaquio-o-bom-pastor\/"},"wordCount":493,"commentCount":0,"publisher":{"@id":"https:\/\/www.padreeustaquio.com.br\/#organization"},"image":{"@id":"https:\/\/www.padreeustaquio.com.br\/palavras-do-padre-eustaquio-o-bom-pastor\/#primaryimage"},"thumbnailUrl":"https:\/\/www.padreeustaquio.com.br\/wp-content\/uploads\/2022\/03\/WhatsApp-Image-2022-03-22-at-11.10.30.jpeg","articleSection":["Not\u00edcias"],"inLanguage":"es","potentialAction":[{"@type":"CommentAction","name":"Comment","target":["https:\/\/www.padreeustaquio.com.br\/palavras-do-padre-eustaquio-o-bom-pastor\/#respond"]}]},{"@type":"WebPage","@id":"https:\/\/www.padreeustaquio.com.br\/palavras-do-padre-eustaquio-o-bom-pastor\/","url":"https:\/\/www.padreeustaquio.com.br\/palavras-do-padre-eustaquio-o-bom-pastor\/","name":"Palabras del Padre Eustace: &quot;El Buen Pastor&quot;\"","isPartOf":{"@id":"https:\/\/www.padreeustaquio.com.br\/#website"},"primaryImageOfPage":{"@id":"https:\/\/www.padreeustaquio.com.br\/palavras-do-padre-eustaquio-o-bom-pastor\/#primaryimage"},"image":{"@id":"https:\/\/www.padreeustaquio.com.br\/palavras-do-padre-eustaquio-o-bom-pastor\/#primaryimage"},"thumbnailUrl":"https:\/\/www.padreeustaquio.com.br\/wp-content\/uploads\/2022\/03\/WhatsApp-Image-2022-03-22-at-11.10.30.jpeg","datePublished":"2022-03-24T08:44:00+00:00","description":"En uno de los textos del Padre Eust\u00e1quio, publicado en el Bolet\u00edn de la Parroquia de los Sagrados Corazones entre 1946 y 1947, el Beato Padre ofrece una reflexi\u00f3n sobre el papel de los pastores en la vida de su reba\u00f1o. Vea el extracto aqu\u00ed.","breadcrumb":{"@id":"https:\/\/www.padreeustaquio.com.br\/palavras-do-padre-eustaquio-o-bom-pastor\/#breadcrumb"},"inLanguage":"es","potentialAction":[{"@type":"ReadAction","target":["https:\/\/www.padreeustaquio.com.br\/palavras-do-padre-eustaquio-o-bom-pastor\/"]}]},{"@type":"ImageObject","inLanguage":"es","@id":"https:\/\/www.padreeustaquio.com.br\/palavras-do-padre-eustaquio-o-bom-pastor\/#primaryimage","url":"https:\/\/www.padreeustaquio.com.br\/wp-content\/uploads\/2022\/03\/WhatsApp-Image-2022-03-22-at-11.10.30.jpeg","contentUrl":"https:\/\/www.padreeustaquio.com.br\/wp-content\/uploads\/2022\/03\/WhatsApp-Image-2022-03-22-at-11.10.30.jpeg","width":1280,"height":854},{"@type":"BreadcrumbList","@id":"https:\/\/www.padreeustaquio.com.br\/palavras-do-padre-eustaquio-o-bom-pastor\/#breadcrumb","itemListElement":[{"@type":"ListItem","position":1,"name":"In\u00edcio","item":"https:\/\/www.padreeustaquio.com.br\/"},{"@type":"ListItem","position":2,"name":"Palavras do Padre Eust\u00e1quio: &#8220;O Bom Pastor&#8221;"}]},{"@type":"WebSite","@id":"https:\/\/www.padreeustaquio.com.br\/#website","url":"https:\/\/www.padreeustaquio.com.br\/","name":"Padre Eustace","description":"Salud y Paz","publisher":{"@id":"https:\/\/www.padreeustaquio.com.br\/#organization"},"potentialAction":[{"@type":"SearchAction","target":{"@type":"EntryPoint","urlTemplate":"https:\/\/www.padreeustaquio.com.br\/?s={search_term_string}"},"query-input":{"@type":"PropertyValueSpecification","valueRequired":true,"valueName":"search_term_string"}}],"inLanguage":"es"},{"@type":"Organization","@id":"https:\/\/www.padreeustaquio.com.br\/#organization","name":"Padre Eustace","url":"https:\/\/www.padreeustaquio.com.br\/","logo":{"@type":"ImageObject","inLanguage":"es","@id":"https:\/\/www.padreeustaquio.com.br\/#\/schema\/logo\/image\/","url":"https:\/\/www.padreeustaquio.com.br\/wp-content\/uploads\/2019\/08\/marca.png","contentUrl":"https:\/\/www.padreeustaquio.com.br\/wp-content\/uploads\/2019\/08\/marca.png","width":350,"height":400,"caption":"Padre Eust\u00e1quio"},"image":{"@id":"https:\/\/www.padreeustaquio.com.br\/#\/schema\/logo\/image\/"},"sameAs":["https:\/\/www.facebook.com\/beatopadreeustaquio\/","https:\/\/x.com\/beatopeustaquio","https:\/\/www.instagram.com\/beatopadreeustaquio\/","https:\/\/www.youtube.com\/channel\/UCRhw7vfabnajwLxb1ZXMeIw"]},{"@type":"Person","@id":"https:\/\/www.padreeustaquio.com.br\/#\/schema\/person\/a2a51db1d00f1a7af0204a0f1ddb1566","name":"@sscc","image":{"@type":"ImageObject","inLanguage":"es","@id":"https:\/\/secure.gravatar.com\/avatar\/68cfafa5f44617fea54071e215026e0ff06be366c3d54a8425f04fdcb86f8c5f?s=96&d=mm&r=g","url":"https:\/\/secure.gravatar.com\/avatar\/68cfafa5f44617fea54071e215026e0ff06be366c3d54a8425f04fdcb86f8c5f?s=96&d=mm&r=g","contentUrl":"https:\/\/secure.gravatar.com\/avatar\/68cfafa5f44617fea54071e215026e0ff06be366c3d54a8425f04fdcb86f8c5f?s=96&d=mm&r=g","caption":"@sscc"},"url":"https:\/\/www.padreeustaquio.com.br\/es\/author\/sscc\/"}]}},"_links":{"self":[{"href":"https:\/\/www.padreeustaquio.com.br\/es\/wp-json\/wp\/v2\/posts\/8333","targetHints":{"allow":["GET"]}}],"collection":[{"href":"https:\/\/www.padreeustaquio.com.br\/es\/wp-json\/wp\/v2\/posts"}],"about":[{"href":"https:\/\/www.padreeustaquio.com.br\/es\/wp-json\/wp\/v2\/types\/post"}],"author":[{"embeddable":true,"href":"https:\/\/www.padreeustaquio.com.br\/es\/wp-json\/wp\/v2\/users\/2"}],"replies":[{"embeddable":true,"href":"https:\/\/www.padreeustaquio.com.br\/es\/wp-json\/wp\/v2\/comments?post=8333"}],"version-history":[{"count":0,"href":"https:\/\/www.padreeustaquio.com.br\/es\/wp-json\/wp\/v2\/posts\/8333\/revisions"}],"wp:featuredmedia":[{"embeddable":true,"href":"https:\/\/www.padreeustaquio.com.br\/es\/wp-json\/wp\/v2\/media\/8334"}],"wp:attachment":[{"href":"https:\/\/www.padreeustaquio.com.br\/es\/wp-json\/wp\/v2\/media?parent=8333"}],"wp:term":[{"taxonomy":"category","embeddable":true,"href":"https:\/\/www.padreeustaquio.com.br\/es\/wp-json\/wp\/v2\/categories?post=8333"},{"taxonomy":"post_tag","embeddable":true,"href":"https:\/\/www.padreeustaquio.com.br\/es\/wp-json\/wp\/v2\/tags?post=8333"}],"curies":[{"name":"wp","href":"https:\/\/api.w.org\/{rel}","templated":true}]}}