{"id":8330,"date":"2022-03-23T06:07:00","date_gmt":"2022-03-23T09:07:00","guid":{"rendered":"https:\/\/www.padreeustaquio.com.br\/?p=8330"},"modified":"2022-03-23T11:50:03","modified_gmt":"2022-03-23T14:50:03","slug":"ya-esta-disponible-el-primer-boletin-sobre-la-canonizacion-del-padre-eustaquio-del-ano-2022","status":"publish","type":"post","link":"https:\/\/www.padreeustaquio.com.br\/es\/ya-esta-disponible-el-primer-boletin-sobre-la-canonizacion-del-padre-eustaquio-del-ano-2022\/","title":{"rendered":"Ya est\u00e1 disponible el primer bolet\u00edn de Canonizaci\u00f3n del Padre Eust\u00e1quio del a\u00f1o 2022."},"content":{"rendered":"<p>El bolet\u00edn elaborado por la Secretar\u00eda Nacional para la Causa de Canonizaci\u00f3n incluye una edici\u00f3n especial que recuerda la devoci\u00f3n del Beato Padre Eustaquio a San Jos\u00e9. El art\u00edculo principal incluye frases y extractos de oraciones escritas por el Beato sobre el santo patr\u00f3n de la Iglesia.<\/p>\n\n\n\n<p>Esta edici\u00f3n del bolet\u00edn incluye tambi\u00e9n un art\u00edculo sobre el reconocimiento del Papa Francisco a los m\u00e1rtires de la Congregaci\u00f3n de los Sagrados Corazones, muertos durante la Comuna de Par\u00eds; e informaci\u00f3n sobre el reconocimiento de las virtudes heroicas de la Hermana Benigna, de Minas Gerais.<\/p>\n\n\n\n<p>El bolet\u00edn, que tambi\u00e9n presenta en la contraportada una foto del Beato Padre Eust\u00e1quio con t\u00fanica y casulla celebrando la Misa, se distribuye gratuitamente y se puede encontrar en el Santuario de la Salud y de la Paz en Belo Horizonte y en otras ciudades donde hay devoci\u00f3n al Beato, como en la regi\u00f3n del Tri\u00e1ngulo Mineiro, Esp\u00edrito Santo, y en ciudades de S\u00e3o Paulo y R\u00edo de Janeiro.<\/p>\n\n\n\n<p><\/p>","protected":false},"excerpt":{"rendered":"<p>O Informativo desenvolvido pelo Secretariado Nacional para a Causa de Canoniza\u00e7\u00e3o traz uma edi\u00e7\u00e3o especial relembrando a devo\u00e7\u00e3o do Bem-aventurado Padre Eust\u00e1quio a S\u00e3o Jos\u00e9. Na mat\u00e9ria principal \u00e9 poss\u00edvel ler frases e trechos de ora\u00e7\u00f5es escritas pelo Beato sobre o patrono da Igreja. Esta edi\u00e7\u00e3o do boletim traz ainda uma mat\u00e9ria sobre o reconhecimento do Papa Francisco, sobre os m\u00e1rtires da Congrega\u00e7\u00e3o dos Sagrados Cora\u00e7\u00f5es, mortos durante a Comuna de Paris; e informa\u00e7\u00f5es sobre o reconhecimento das virtudes heroicas da mineira Irm\u00e3 Benigna. O informativo, que traz tamb\u00e9m uma foto na contracapa do Beato Padre Eust\u00e1quio de t\u00fanica e [&hellip;]<\/p>\n","protected":false},"author":2,"featured_media":8337,"comment_status":"open","ping_status":"closed","sticky":false,"template":"","format":"standard","meta":{"_acf_changed":false,"footnotes":""},"categories":[611],"tags":[],"class_list":["post-8330","post","type-post","status-publish","format-standard","has-post-thumbnail","hentry","category-noticias"],"acf":[],"yoast_head":"<!-- This site is optimized with the Yoast SEO plugin v27.2 - https:\/\/yoast.com\/product\/yoast-seo-wordpress\/ -->\n<title>Primeiro Informativo da Canoniza\u00e7\u00e3o de Padre Eust\u00e1quio de 2022 j\u00e1 est\u00e1 dispon\u00edvel<\/title>\n<meta name=\"description\" content=\"O Informativo desenvolvido pelo Secretariado Nacional para a Causa de Canoniza\u00e7\u00e3o traz uma edi\u00e7\u00e3o especial relembrando a devo\u00e7\u00e3o do Bem-aventurado Padre Eust\u00e1quio a S\u00e3o Jos\u00e9. Na mat\u00e9ria principal \u00e9 poss\u00edvel ler frases e trechos de ora\u00e7\u00f5es escritas pelo Beato sobre o patrono da Igreja.\" \/>\n<meta name=\"robots\" content=\"index, follow, max-snippet:-1, max-image-preview:large, max-video-preview:-1\" \/>\n<link rel=\"canonical\" href=\"https:\/\/www.padreeustaquio.com.br\/es\/ya-esta-disponible-el-primer-boletin-sobre-la-canonizacion-del-padre-eustaquio-del-ano-2022\/\" \/>\n<meta property=\"og:locale\" content=\"es_ES\" \/>\n<meta property=\"og:type\" content=\"article\" \/>\n<meta property=\"og:title\" content=\"Primeiro Informativo da Canoniza\u00e7\u00e3o de Padre Eust\u00e1quio de 2022 j\u00e1 est\u00e1 dispon\u00edvel\" \/>\n<meta property=\"og:description\" content=\"O Informativo desenvolvido pelo Secretariado Nacional para a Causa de Canoniza\u00e7\u00e3o traz uma edi\u00e7\u00e3o especial relembrando a devo\u00e7\u00e3o do Bem-aventurado Padre Eust\u00e1quio a S\u00e3o Jos\u00e9. Na mat\u00e9ria principal \u00e9 poss\u00edvel ler frases e trechos de ora\u00e7\u00f5es escritas pelo Beato sobre o patrono da Igreja.\" \/>\n<meta property=\"og:url\" content=\"https:\/\/www.padreeustaquio.com.br\/es\/ya-esta-disponible-el-primer-boletin-sobre-la-canonizacion-del-padre-eustaquio-del-ano-2022\/\" \/>\n<meta property=\"og:site_name\" content=\"Padre Eust\u00e1quio\" \/>\n<meta property=\"article:publisher\" content=\"https:\/\/www.facebook.com\/beatopadreeustaquio\/\" \/>\n<meta property=\"article:published_time\" content=\"2022-03-23T09:07:00+00:00\" \/>\n<meta property=\"article:modified_time\" content=\"2022-03-23T14:50:03+00:00\" \/>\n<meta property=\"og:image\" content=\"https:\/\/www.padreeustaquio.com.br\/wp-content\/uploads\/2022\/03\/giovane-lendo.jpg\" \/>\n\t<meta property=\"og:image:width\" content=\"748\" \/>\n\t<meta property=\"og:image:height\" content=\"394\" \/>\n\t<meta property=\"og:image:type\" content=\"image\/jpeg\" \/>\n<meta name=\"author\" content=\"@sscc\" \/>\n<meta name=\"twitter:card\" content=\"summary_large_image\" \/>\n<meta name=\"twitter:creator\" content=\"@beatopeustaquio\" \/>\n<meta name=\"twitter:site\" content=\"@beatopeustaquio\" \/>\n<meta name=\"twitter:label1\" content=\"Escrito por\" \/>\n\t<meta name=\"twitter:data1\" content=\"@sscc\" \/>\n\t<meta name=\"twitter:label2\" content=\"Tiempo de lectura\" \/>\n\t<meta name=\"twitter:data2\" content=\"1 minuto\" \/>\n<script type=\"application\/ld+json\" class=\"yoast-schema-graph\">{\"@context\":\"https:\/\/schema.org\",\"@graph\":[{\"@type\":\"Article\",\"@id\":\"https:\/\/www.padreeustaquio.com.br\/primeiro-informativo-da-canonizacao-de-padre-eustaquio-de-2022-ja-esta-disponivel\/#article\",\"isPartOf\":{\"@id\":\"https:\/\/www.padreeustaquio.com.br\/primeiro-informativo-da-canonizacao-de-padre-eustaquio-de-2022-ja-esta-disponivel\/\"},\"author\":{\"name\":\"@sscc\",\"@id\":\"https:\/\/www.padreeustaquio.com.br\/#\/schema\/person\/a2a51db1d00f1a7af0204a0f1ddb1566\"},\"headline\":\"Primeiro Informativo da Canoniza\u00e7\u00e3o de Padre Eust\u00e1quio de 2022 j\u00e1 est\u00e1 dispon\u00edvel\",\"datePublished\":\"2022-03-23T09:07:00+00:00\",\"dateModified\":\"2022-03-23T14:50:03+00:00\",\"mainEntityOfPage\":{\"@id\":\"https:\/\/www.padreeustaquio.com.br\/primeiro-informativo-da-canonizacao-de-padre-eustaquio-de-2022-ja-esta-disponivel\/\"},\"wordCount\":185,\"commentCount\":0,\"publisher\":{\"@id\":\"https:\/\/www.padreeustaquio.com.br\/#organization\"},\"image\":{\"@id\":\"https:\/\/www.padreeustaquio.com.br\/primeiro-informativo-da-canonizacao-de-padre-eustaquio-de-2022-ja-esta-disponivel\/#primaryimage\"},\"thumbnailUrl\":\"https:\/\/www.padreeustaquio.com.br\/wp-content\/uploads\/2022\/03\/giovane-lendo.jpg\",\"articleSection\":[\"Not\u00edcias\"],\"inLanguage\":\"es\",\"potentialAction\":[{\"@type\":\"CommentAction\",\"name\":\"Comment\",\"target\":[\"https:\/\/www.padreeustaquio.com.br\/primeiro-informativo-da-canonizacao-de-padre-eustaquio-de-2022-ja-esta-disponivel\/#respond\"]}]},{\"@type\":\"WebPage\",\"@id\":\"https:\/\/www.padreeustaquio.com.br\/primeiro-informativo-da-canonizacao-de-padre-eustaquio-de-2022-ja-esta-disponivel\/\",\"url\":\"https:\/\/www.padreeustaquio.com.br\/primeiro-informativo-da-canonizacao-de-padre-eustaquio-de-2022-ja-esta-disponivel\/\",\"name\":\"Primeiro Informativo da Canoniza\u00e7\u00e3o de Padre Eust\u00e1quio de 2022 j\u00e1 est\u00e1 dispon\u00edvel\",\"isPartOf\":{\"@id\":\"https:\/\/www.padreeustaquio.com.br\/#website\"},\"primaryImageOfPage\":{\"@id\":\"https:\/\/www.padreeustaquio.com.br\/primeiro-informativo-da-canonizacao-de-padre-eustaquio-de-2022-ja-esta-disponivel\/#primaryimage\"},\"image\":{\"@id\":\"https:\/\/www.padreeustaquio.com.br\/primeiro-informativo-da-canonizacao-de-padre-eustaquio-de-2022-ja-esta-disponivel\/#primaryimage\"},\"thumbnailUrl\":\"https:\/\/www.padreeustaquio.com.br\/wp-content\/uploads\/2022\/03\/giovane-lendo.jpg\",\"datePublished\":\"2022-03-23T09:07:00+00:00\",\"dateModified\":\"2022-03-23T14:50:03+00:00\",\"description\":\"O Informativo desenvolvido pelo Secretariado Nacional para a Causa de Canoniza\u00e7\u00e3o traz uma edi\u00e7\u00e3o especial relembrando a devo\u00e7\u00e3o do Bem-aventurado Padre Eust\u00e1quio a S\u00e3o Jos\u00e9. Na mat\u00e9ria principal \u00e9 poss\u00edvel ler frases e trechos de ora\u00e7\u00f5es escritas pelo Beato sobre o patrono da Igreja.\",\"breadcrumb\":{\"@id\":\"https:\/\/www.padreeustaquio.com.br\/primeiro-informativo-da-canonizacao-de-padre-eustaquio-de-2022-ja-esta-disponivel\/#breadcrumb\"},\"inLanguage\":\"es\",\"potentialAction\":[{\"@type\":\"ReadAction\",\"target\":[\"https:\/\/www.padreeustaquio.com.br\/primeiro-informativo-da-canonizacao-de-padre-eustaquio-de-2022-ja-esta-disponivel\/\"]}]},{\"@type\":\"ImageObject\",\"inLanguage\":\"es\",\"@id\":\"https:\/\/www.padreeustaquio.com.br\/primeiro-informativo-da-canonizacao-de-padre-eustaquio-de-2022-ja-esta-disponivel\/#primaryimage\",\"url\":\"https:\/\/www.padreeustaquio.com.br\/wp-content\/uploads\/2022\/03\/giovane-lendo.jpg\",\"contentUrl\":\"https:\/\/www.padreeustaquio.com.br\/wp-content\/uploads\/2022\/03\/giovane-lendo.jpg\",\"width\":748,\"height\":394},{\"@type\":\"BreadcrumbList\",\"@id\":\"https:\/\/www.padreeustaquio.com.br\/primeiro-informativo-da-canonizacao-de-padre-eustaquio-de-2022-ja-esta-disponivel\/#breadcrumb\",\"itemListElement\":[{\"@type\":\"ListItem\",\"position\":1,\"name\":\"In\u00edcio\",\"item\":\"https:\/\/www.padreeustaquio.com.br\/\"},{\"@type\":\"ListItem\",\"position\":2,\"name\":\"Primeiro Informativo da Canoniza\u00e7\u00e3o de Padre Eust\u00e1quio de 2022 j\u00e1 est\u00e1 dispon\u00edvel\"}]},{\"@type\":\"WebSite\",\"@id\":\"https:\/\/www.padreeustaquio.com.br\/#website\",\"url\":\"https:\/\/www.padreeustaquio.com.br\/\",\"name\":\"Padre Eust\u00e1quio\",\"description\":\"Sa\u00fade e Paz\",\"publisher\":{\"@id\":\"https:\/\/www.padreeustaquio.com.br\/#organization\"},\"potentialAction\":[{\"@type\":\"SearchAction\",\"target\":{\"@type\":\"EntryPoint\",\"urlTemplate\":\"https:\/\/www.padreeustaquio.com.br\/?s={search_term_string}\"},\"query-input\":{\"@type\":\"PropertyValueSpecification\",\"valueRequired\":true,\"valueName\":\"search_term_string\"}}],\"inLanguage\":\"es\"},{\"@type\":\"Organization\",\"@id\":\"https:\/\/www.padreeustaquio.com.br\/#organization\",\"name\":\"Padre Eust\u00e1quio\",\"url\":\"https:\/\/www.padreeustaquio.com.br\/\",\"logo\":{\"@type\":\"ImageObject\",\"inLanguage\":\"es\",\"@id\":\"https:\/\/www.padreeustaquio.com.br\/#\/schema\/logo\/image\/\",\"url\":\"https:\/\/www.padreeustaquio.com.br\/wp-content\/uploads\/2019\/08\/marca.png\",\"contentUrl\":\"https:\/\/www.padreeustaquio.com.br\/wp-content\/uploads\/2019\/08\/marca.png\",\"width\":350,\"height\":400,\"caption\":\"Padre Eust\u00e1quio\"},\"image\":{\"@id\":\"https:\/\/www.padreeustaquio.com.br\/#\/schema\/logo\/image\/\"},\"sameAs\":[\"https:\/\/www.facebook.com\/beatopadreeustaquio\/\",\"https:\/\/x.com\/beatopeustaquio\",\"https:\/\/www.instagram.com\/beatopadreeustaquio\/\",\"https:\/\/www.youtube.com\/channel\/UCRhw7vfabnajwLxb1ZXMeIw\"]},{\"@type\":\"Person\",\"@id\":\"https:\/\/www.padreeustaquio.com.br\/#\/schema\/person\/a2a51db1d00f1a7af0204a0f1ddb1566\",\"name\":\"@sscc\",\"image\":{\"@type\":\"ImageObject\",\"inLanguage\":\"es\",\"@id\":\"https:\/\/secure.gravatar.com\/avatar\/68cfafa5f44617fea54071e215026e0ff06be366c3d54a8425f04fdcb86f8c5f?s=96&d=mm&r=g\",\"url\":\"https:\/\/secure.gravatar.com\/avatar\/68cfafa5f44617fea54071e215026e0ff06be366c3d54a8425f04fdcb86f8c5f?s=96&d=mm&r=g\",\"contentUrl\":\"https:\/\/secure.gravatar.com\/avatar\/68cfafa5f44617fea54071e215026e0ff06be366c3d54a8425f04fdcb86f8c5f?s=96&d=mm&r=g\",\"caption\":\"@sscc\"},\"url\":\"https:\/\/www.padreeustaquio.com.br\/es\/author\/sscc\/\"}]}<\/script>\n<!-- \/ Yoast SEO plugin. -->","yoast_head_json":{"title":"Ya est\u00e1 disponible el primer bolet\u00edn de Canonizaci\u00f3n del Padre Eust\u00e1quio del a\u00f1o 2022.","description":"El bolet\u00edn elaborado por la Secretar\u00eda Nacional para la Causa de Canonizaci\u00f3n incluye una edici\u00f3n especial que recuerda la devoci\u00f3n del Beato Padre Eustaquio a San Jos\u00e9. El art\u00edculo principal incluye frases y extractos de oraciones escritas por el Beato sobre el santo patr\u00f3n de la Iglesia.","robots":{"index":"index","follow":"follow","max-snippet":"max-snippet:-1","max-image-preview":"max-image-preview:large","max-video-preview":"max-video-preview:-1"},"canonical":"https:\/\/www.padreeustaquio.com.br\/es\/ya-esta-disponible-el-primer-boletin-sobre-la-canonizacion-del-padre-eustaquio-del-ano-2022\/","og_locale":"es_ES","og_type":"article","og_title":"Primeiro Informativo da Canoniza\u00e7\u00e3o de Padre Eust\u00e1quio de 2022 j\u00e1 est\u00e1 dispon\u00edvel","og_description":"O Informativo desenvolvido pelo Secretariado Nacional para a Causa de Canoniza\u00e7\u00e3o traz uma edi\u00e7\u00e3o especial relembrando a devo\u00e7\u00e3o do Bem-aventurado Padre Eust\u00e1quio a S\u00e3o Jos\u00e9. Na mat\u00e9ria principal \u00e9 poss\u00edvel ler frases e trechos de ora\u00e7\u00f5es escritas pelo Beato sobre o patrono da Igreja.","og_url":"https:\/\/www.padreeustaquio.com.br\/es\/ya-esta-disponible-el-primer-boletin-sobre-la-canonizacion-del-padre-eustaquio-del-ano-2022\/","og_site_name":"Padre Eust\u00e1quio","article_publisher":"https:\/\/www.facebook.com\/beatopadreeustaquio\/","article_published_time":"2022-03-23T09:07:00+00:00","article_modified_time":"2022-03-23T14:50:03+00:00","og_image":[{"width":748,"height":394,"url":"https:\/\/www.padreeustaquio.com.br\/wp-content\/uploads\/2022\/03\/giovane-lendo.jpg","type":"image\/jpeg"}],"author":"@sscc","twitter_card":"summary_large_image","twitter_creator":"@beatopeustaquio","twitter_site":"@beatopeustaquio","twitter_misc":{"Escrito por":"@sscc","Tiempo de lectura":"1 minuto"},"schema":{"@context":"https:\/\/schema.org","@graph":[{"@type":"Article","@id":"https:\/\/www.padreeustaquio.com.br\/primeiro-informativo-da-canonizacao-de-padre-eustaquio-de-2022-ja-esta-disponivel\/#article","isPartOf":{"@id":"https:\/\/www.padreeustaquio.com.br\/primeiro-informativo-da-canonizacao-de-padre-eustaquio-de-2022-ja-esta-disponivel\/"},"author":{"name":"@sscc","@id":"https:\/\/www.padreeustaquio.com.br\/#\/schema\/person\/a2a51db1d00f1a7af0204a0f1ddb1566"},"headline":"Primeiro Informativo da Canoniza\u00e7\u00e3o de Padre Eust\u00e1quio de 2022 j\u00e1 est\u00e1 dispon\u00edvel","datePublished":"2022-03-23T09:07:00+00:00","dateModified":"2022-03-23T14:50:03+00:00","mainEntityOfPage":{"@id":"https:\/\/www.padreeustaquio.com.br\/primeiro-informativo-da-canonizacao-de-padre-eustaquio-de-2022-ja-esta-disponivel\/"},"wordCount":185,"commentCount":0,"publisher":{"@id":"https:\/\/www.padreeustaquio.com.br\/#organization"},"image":{"@id":"https:\/\/www.padreeustaquio.com.br\/primeiro-informativo-da-canonizacao-de-padre-eustaquio-de-2022-ja-esta-disponivel\/#primaryimage"},"thumbnailUrl":"https:\/\/www.padreeustaquio.com.br\/wp-content\/uploads\/2022\/03\/giovane-lendo.jpg","articleSection":["Not\u00edcias"],"inLanguage":"es","potentialAction":[{"@type":"CommentAction","name":"Comment","target":["https:\/\/www.padreeustaquio.com.br\/primeiro-informativo-da-canonizacao-de-padre-eustaquio-de-2022-ja-esta-disponivel\/#respond"]}]},{"@type":"WebPage","@id":"https:\/\/www.padreeustaquio.com.br\/primeiro-informativo-da-canonizacao-de-padre-eustaquio-de-2022-ja-esta-disponivel\/","url":"https:\/\/www.padreeustaquio.com.br\/primeiro-informativo-da-canonizacao-de-padre-eustaquio-de-2022-ja-esta-disponivel\/","name":"Ya est\u00e1 disponible el primer bolet\u00edn de Canonizaci\u00f3n del Padre Eust\u00e1quio del a\u00f1o 2022.","isPartOf":{"@id":"https:\/\/www.padreeustaquio.com.br\/#website"},"primaryImageOfPage":{"@id":"https:\/\/www.padreeustaquio.com.br\/primeiro-informativo-da-canonizacao-de-padre-eustaquio-de-2022-ja-esta-disponivel\/#primaryimage"},"image":{"@id":"https:\/\/www.padreeustaquio.com.br\/primeiro-informativo-da-canonizacao-de-padre-eustaquio-de-2022-ja-esta-disponivel\/#primaryimage"},"thumbnailUrl":"https:\/\/www.padreeustaquio.com.br\/wp-content\/uploads\/2022\/03\/giovane-lendo.jpg","datePublished":"2022-03-23T09:07:00+00:00","dateModified":"2022-03-23T14:50:03+00:00","description":"El bolet\u00edn elaborado por la Secretar\u00eda Nacional para la Causa de Canonizaci\u00f3n incluye una edici\u00f3n especial que recuerda la devoci\u00f3n del Beato Padre Eustaquio a San Jos\u00e9. El art\u00edculo principal incluye frases y extractos de oraciones escritas por el Beato sobre el santo patr\u00f3n de la Iglesia.","breadcrumb":{"@id":"https:\/\/www.padreeustaquio.com.br\/primeiro-informativo-da-canonizacao-de-padre-eustaquio-de-2022-ja-esta-disponivel\/#breadcrumb"},"inLanguage":"es","potentialAction":[{"@type":"ReadAction","target":["https:\/\/www.padreeustaquio.com.br\/primeiro-informativo-da-canonizacao-de-padre-eustaquio-de-2022-ja-esta-disponivel\/"]}]},{"@type":"ImageObject","inLanguage":"es","@id":"https:\/\/www.padreeustaquio.com.br\/primeiro-informativo-da-canonizacao-de-padre-eustaquio-de-2022-ja-esta-disponivel\/#primaryimage","url":"https:\/\/www.padreeustaquio.com.br\/wp-content\/uploads\/2022\/03\/giovane-lendo.jpg","contentUrl":"https:\/\/www.padreeustaquio.com.br\/wp-content\/uploads\/2022\/03\/giovane-lendo.jpg","width":748,"height":394},{"@type":"BreadcrumbList","@id":"https:\/\/www.padreeustaquio.com.br\/primeiro-informativo-da-canonizacao-de-padre-eustaquio-de-2022-ja-esta-disponivel\/#breadcrumb","itemListElement":[{"@type":"ListItem","position":1,"name":"In\u00edcio","item":"https:\/\/www.padreeustaquio.com.br\/"},{"@type":"ListItem","position":2,"name":"Primeiro Informativo da Canoniza\u00e7\u00e3o de Padre Eust\u00e1quio de 2022 j\u00e1 est\u00e1 dispon\u00edvel"}]},{"@type":"WebSite","@id":"https:\/\/www.padreeustaquio.com.br\/#website","url":"https:\/\/www.padreeustaquio.com.br\/","name":"Padre Eustace","description":"Salud y Paz","publisher":{"@id":"https:\/\/www.padreeustaquio.com.br\/#organization"},"potentialAction":[{"@type":"SearchAction","target":{"@type":"EntryPoint","urlTemplate":"https:\/\/www.padreeustaquio.com.br\/?s={search_term_string}"},"query-input":{"@type":"PropertyValueSpecification","valueRequired":true,"valueName":"search_term_string"}}],"inLanguage":"es"},{"@type":"Organization","@id":"https:\/\/www.padreeustaquio.com.br\/#organization","name":"Padre Eustace","url":"https:\/\/www.padreeustaquio.com.br\/","logo":{"@type":"ImageObject","inLanguage":"es","@id":"https:\/\/www.padreeustaquio.com.br\/#\/schema\/logo\/image\/","url":"https:\/\/www.padreeustaquio.com.br\/wp-content\/uploads\/2019\/08\/marca.png","contentUrl":"https:\/\/www.padreeustaquio.com.br\/wp-content\/uploads\/2019\/08\/marca.png","width":350,"height":400,"caption":"Padre Eust\u00e1quio"},"image":{"@id":"https:\/\/www.padreeustaquio.com.br\/#\/schema\/logo\/image\/"},"sameAs":["https:\/\/www.facebook.com\/beatopadreeustaquio\/","https:\/\/x.com\/beatopeustaquio","https:\/\/www.instagram.com\/beatopadreeustaquio\/","https:\/\/www.youtube.com\/channel\/UCRhw7vfabnajwLxb1ZXMeIw"]},{"@type":"Person","@id":"https:\/\/www.padreeustaquio.com.br\/#\/schema\/person\/a2a51db1d00f1a7af0204a0f1ddb1566","name":"@sscc","image":{"@type":"ImageObject","inLanguage":"es","@id":"https:\/\/secure.gravatar.com\/avatar\/68cfafa5f44617fea54071e215026e0ff06be366c3d54a8425f04fdcb86f8c5f?s=96&d=mm&r=g","url":"https:\/\/secure.gravatar.com\/avatar\/68cfafa5f44617fea54071e215026e0ff06be366c3d54a8425f04fdcb86f8c5f?s=96&d=mm&r=g","contentUrl":"https:\/\/secure.gravatar.com\/avatar\/68cfafa5f44617fea54071e215026e0ff06be366c3d54a8425f04fdcb86f8c5f?s=96&d=mm&r=g","caption":"@sscc"},"url":"https:\/\/www.padreeustaquio.com.br\/es\/author\/sscc\/"}]}},"_links":{"self":[{"href":"https:\/\/www.padreeustaquio.com.br\/es\/wp-json\/wp\/v2\/posts\/8330","targetHints":{"allow":["GET"]}}],"collection":[{"href":"https:\/\/www.padreeustaquio.com.br\/es\/wp-json\/wp\/v2\/posts"}],"about":[{"href":"https:\/\/www.padreeustaquio.com.br\/es\/wp-json\/wp\/v2\/types\/post"}],"author":[{"embeddable":true,"href":"https:\/\/www.padreeustaquio.com.br\/es\/wp-json\/wp\/v2\/users\/2"}],"replies":[{"embeddable":true,"href":"https:\/\/www.padreeustaquio.com.br\/es\/wp-json\/wp\/v2\/comments?post=8330"}],"version-history":[{"count":0,"href":"https:\/\/www.padreeustaquio.com.br\/es\/wp-json\/wp\/v2\/posts\/8330\/revisions"}],"wp:featuredmedia":[{"embeddable":true,"href":"https:\/\/www.padreeustaquio.com.br\/es\/wp-json\/wp\/v2\/media\/8337"}],"wp:attachment":[{"href":"https:\/\/www.padreeustaquio.com.br\/es\/wp-json\/wp\/v2\/media?parent=8330"}],"wp:term":[{"taxonomy":"category","embeddable":true,"href":"https:\/\/www.padreeustaquio.com.br\/es\/wp-json\/wp\/v2\/categories?post=8330"},{"taxonomy":"post_tag","embeddable":true,"href":"https:\/\/www.padreeustaquio.com.br\/es\/wp-json\/wp\/v2\/tags?post=8330"}],"curies":[{"name":"wp","href":"https:\/\/api.w.org\/{rel}","templated":true}]}}