{"id":8325,"date":"2022-03-22T06:35:00","date_gmt":"2022-03-22T09:35:00","guid":{"rendered":"https:\/\/www.padreeustaquio.com.br\/?p=8325"},"modified":"2023-03-01T08:26:29","modified_gmt":"2023-03-01T11:26:29","slug":"feligreses-y-visitantes-participan-en-un-retiro-de-cuaresma-en-la-iglesia-del-padre-eustace","status":"publish","type":"post","link":"https:\/\/www.padreeustaquio.com.br\/es\/feligreses-y-visitantes-participan-en-un-retiro-de-cuaresma-en-la-iglesia-del-padre-eustace\/","title":{"rendered":"Feligreses y visitantes participan en un Retiro de Cuaresma en la Iglesia del Padre Eust\u00e1quio."},"content":{"rendered":"<p>El pasado fin de semana, devotos, feligreses y visitantes del Santuario de la Salud y la Paz de Belo Horizonte participaron presencialmente en el Retiro de Cuaresma. El momento de reflexi\u00f3n y oraci\u00f3n tuvo lugar en el Memorial Padre Eust\u00e1quio, junto a la iglesia.<\/p>\n\n\n\n<p>La sesi\u00f3n de oraci\u00f3n comenz\u00f3 inmediatamente despu\u00e9s de la Misa de la Solemnidad de San Jos\u00e9. Organizado por los hermanos de la Congregaci\u00f3n de los Sagrados Corazones y dirigido por el hermano Wanderson Souza, sscc, el retiro propici\u00f3 momentos de profunda reflexi\u00f3n basados en pasajes b\u00edblicos. Para facilitar estos momentos de introspecci\u00f3n, Ros\u00e2ngela Aparecida interpret\u00f3 m\u00fasica apropiada para la ocasi\u00f3n, propicia para la conversi\u00f3n.<\/p>\n\n\n\n<p>La reuni\u00f3n finaliz\u00f3 alrededor de las 11:00 a. m. bajo la mirada agradecida de los participantes. Los feligreses y visitantes presentes destacaron la importancia de momentos como este y expresaron su deseo de que se celebre un retiro similar durante la Cuaresma del pr\u00f3ximo a\u00f1o. A todos los que participaron en la promoci\u00f3n o en la organizaci\u00f3n de este retiro, \u00a1nuestra eterna gratitud!<\/p>\n\n\n\n<p><\/p>","protected":false},"excerpt":{"rendered":"<p>Nesse final de semana, devotos, paroquianos e visitantes do Santu\u00e1rio da Sa\u00fade e da Paz, em Belo Horizonte, participaram do Retiro Quaresmal de forma presencial. O momento de reflex\u00f5es e ora\u00e7\u00f5es foi realizado no Memorial Padre Eust\u00e1quio, anexo \u00e0 Igreja. O momento oracional teve in\u00edcio logo ap\u00f3s a Missa da Solenidade de S\u00e3o Jos\u00e9. Elaborado pelos irm\u00e3os da Congrega\u00e7\u00e3o dos Sagrados Cora\u00e7\u00f5es e conduzido pelo Irm\u00e3o Wanderson Souza, sscc, o Retiro levou os participantes a momentos fortes de reflex\u00e3o, baseados em passagens b\u00edblicas. Para ajudar nos momentos de interioriza\u00e7\u00e3o, Ros\u00e2ngela Aparecida tocou m\u00fasicas pr\u00f3prias deste tempo favor\u00e1vel \u00e0 convers\u00e3o. O [&hellip;]<\/p>\n","protected":false},"author":2,"featured_media":8326,"comment_status":"open","ping_status":"closed","sticky":false,"template":"","format":"standard","meta":{"_acf_changed":false,"footnotes":""},"categories":[611],"tags":[],"class_list":["post-8325","post","type-post","status-publish","format-standard","has-post-thumbnail","hentry","category-noticias"],"acf":[],"yoast_head":"<!-- This site is optimized with the Yoast SEO plugin v27.2 - https:\/\/yoast.com\/product\/yoast-seo-wordpress\/ -->\n<title>Paroquianos e visitantes participam de Retiro Quaresmal na Igreja do Padre Eust\u00e1quio<\/title>\n<meta name=\"description\" content=\"Nesse final de semana, devotos, paroquianos e visitantes do Santu\u00e1rio da Sa\u00fade e da Paz, em Belo Horizonte, participaram do Retiro Quaresmal de forma presencial. O momento de reflex\u00f5es e ora\u00e7\u00f5es foi realizado no Memorial Padre Eust\u00e1quio, anexo \u00e0 Igreja.\" \/>\n<meta name=\"robots\" content=\"index, follow, max-snippet:-1, max-image-preview:large, max-video-preview:-1\" \/>\n<link rel=\"canonical\" href=\"https:\/\/www.padreeustaquio.com.br\/es\/feligreses-y-visitantes-participan-en-un-retiro-de-cuaresma-en-la-iglesia-del-padre-eustace\/\" \/>\n<meta property=\"og:locale\" content=\"es_ES\" \/>\n<meta property=\"og:type\" content=\"article\" \/>\n<meta property=\"og:title\" content=\"Paroquianos e visitantes participam de Retiro Quaresmal na Igreja do Padre Eust\u00e1quio\" \/>\n<meta property=\"og:description\" content=\"Nesse final de semana, devotos, paroquianos e visitantes do Santu\u00e1rio da Sa\u00fade e da Paz, em Belo Horizonte, participaram do Retiro Quaresmal de forma presencial. O momento de reflex\u00f5es e ora\u00e7\u00f5es foi realizado no Memorial Padre Eust\u00e1quio, anexo \u00e0 Igreja.\" \/>\n<meta property=\"og:url\" content=\"https:\/\/www.padreeustaquio.com.br\/es\/feligreses-y-visitantes-participan-en-un-retiro-de-cuaresma-en-la-iglesia-del-padre-eustace\/\" \/>\n<meta property=\"og:site_name\" content=\"Padre Eust\u00e1quio\" \/>\n<meta property=\"article:publisher\" content=\"https:\/\/www.facebook.com\/beatopadreeustaquio\/\" \/>\n<meta property=\"article:published_time\" content=\"2022-03-22T09:35:00+00:00\" \/>\n<meta property=\"article:modified_time\" content=\"2023-03-01T11:26:29+00:00\" \/>\n<meta property=\"og:image\" content=\"https:\/\/www.padreeustaquio.com.br\/wp-content\/uploads\/2022\/03\/retiro-no-santuario.jpg\" \/>\n\t<meta property=\"og:image:width\" content=\"748\" \/>\n\t<meta property=\"og:image:height\" content=\"394\" \/>\n\t<meta property=\"og:image:type\" content=\"image\/jpeg\" \/>\n<meta name=\"author\" content=\"@sscc\" \/>\n<meta name=\"twitter:card\" content=\"summary_large_image\" \/>\n<meta name=\"twitter:creator\" content=\"@beatopeustaquio\" \/>\n<meta name=\"twitter:site\" content=\"@beatopeustaquio\" \/>\n<meta name=\"twitter:label1\" content=\"Escrito por\" \/>\n\t<meta name=\"twitter:data1\" content=\"@sscc\" \/>\n\t<meta name=\"twitter:label2\" content=\"Tiempo de lectura\" \/>\n\t<meta name=\"twitter:data2\" content=\"1 minuto\" \/>\n<script type=\"application\/ld+json\" class=\"yoast-schema-graph\">{\"@context\":\"https:\/\/schema.org\",\"@graph\":[{\"@type\":\"Article\",\"@id\":\"https:\/\/www.padreeustaquio.com.br\/paroquianos-e-visitantes-participam-de-retiro-quaresmal-na-igreja-do-padre-eustaquio\/#article\",\"isPartOf\":{\"@id\":\"https:\/\/www.padreeustaquio.com.br\/paroquianos-e-visitantes-participam-de-retiro-quaresmal-na-igreja-do-padre-eustaquio\/\"},\"author\":{\"name\":\"@sscc\",\"@id\":\"https:\/\/www.padreeustaquio.com.br\/#\/schema\/person\/a2a51db1d00f1a7af0204a0f1ddb1566\"},\"headline\":\"Paroquianos e visitantes participam de Retiro Quaresmal na Igreja do Padre Eust\u00e1quio\",\"datePublished\":\"2022-03-22T09:35:00+00:00\",\"dateModified\":\"2023-03-01T11:26:29+00:00\",\"mainEntityOfPage\":{\"@id\":\"https:\/\/www.padreeustaquio.com.br\/paroquianos-e-visitantes-participam-de-retiro-quaresmal-na-igreja-do-padre-eustaquio\/\"},\"wordCount\":189,\"commentCount\":0,\"publisher\":{\"@id\":\"https:\/\/www.padreeustaquio.com.br\/#organization\"},\"image\":{\"@id\":\"https:\/\/www.padreeustaquio.com.br\/paroquianos-e-visitantes-participam-de-retiro-quaresmal-na-igreja-do-padre-eustaquio\/#primaryimage\"},\"thumbnailUrl\":\"https:\/\/www.padreeustaquio.com.br\/wp-content\/uploads\/2022\/03\/retiro-no-santuario.jpg\",\"articleSection\":[\"Not\u00edcias\"],\"inLanguage\":\"es\",\"potentialAction\":[{\"@type\":\"CommentAction\",\"name\":\"Comment\",\"target\":[\"https:\/\/www.padreeustaquio.com.br\/paroquianos-e-visitantes-participam-de-retiro-quaresmal-na-igreja-do-padre-eustaquio\/#respond\"]}]},{\"@type\":\"WebPage\",\"@id\":\"https:\/\/www.padreeustaquio.com.br\/paroquianos-e-visitantes-participam-de-retiro-quaresmal-na-igreja-do-padre-eustaquio\/\",\"url\":\"https:\/\/www.padreeustaquio.com.br\/paroquianos-e-visitantes-participam-de-retiro-quaresmal-na-igreja-do-padre-eustaquio\/\",\"name\":\"Paroquianos e visitantes participam de Retiro Quaresmal na Igreja do Padre Eust\u00e1quio\",\"isPartOf\":{\"@id\":\"https:\/\/www.padreeustaquio.com.br\/#website\"},\"primaryImageOfPage\":{\"@id\":\"https:\/\/www.padreeustaquio.com.br\/paroquianos-e-visitantes-participam-de-retiro-quaresmal-na-igreja-do-padre-eustaquio\/#primaryimage\"},\"image\":{\"@id\":\"https:\/\/www.padreeustaquio.com.br\/paroquianos-e-visitantes-participam-de-retiro-quaresmal-na-igreja-do-padre-eustaquio\/#primaryimage\"},\"thumbnailUrl\":\"https:\/\/www.padreeustaquio.com.br\/wp-content\/uploads\/2022\/03\/retiro-no-santuario.jpg\",\"datePublished\":\"2022-03-22T09:35:00+00:00\",\"dateModified\":\"2023-03-01T11:26:29+00:00\",\"description\":\"Nesse final de semana, devotos, paroquianos e visitantes do Santu\u00e1rio da Sa\u00fade e da Paz, em Belo Horizonte, participaram do Retiro Quaresmal de forma presencial. O momento de reflex\u00f5es e ora\u00e7\u00f5es foi realizado no Memorial Padre Eust\u00e1quio, anexo \u00e0 Igreja.\",\"breadcrumb\":{\"@id\":\"https:\/\/www.padreeustaquio.com.br\/paroquianos-e-visitantes-participam-de-retiro-quaresmal-na-igreja-do-padre-eustaquio\/#breadcrumb\"},\"inLanguage\":\"es\",\"potentialAction\":[{\"@type\":\"ReadAction\",\"target\":[\"https:\/\/www.padreeustaquio.com.br\/paroquianos-e-visitantes-participam-de-retiro-quaresmal-na-igreja-do-padre-eustaquio\/\"]}]},{\"@type\":\"ImageObject\",\"inLanguage\":\"es\",\"@id\":\"https:\/\/www.padreeustaquio.com.br\/paroquianos-e-visitantes-participam-de-retiro-quaresmal-na-igreja-do-padre-eustaquio\/#primaryimage\",\"url\":\"https:\/\/www.padreeustaquio.com.br\/wp-content\/uploads\/2022\/03\/retiro-no-santuario.jpg\",\"contentUrl\":\"https:\/\/www.padreeustaquio.com.br\/wp-content\/uploads\/2022\/03\/retiro-no-santuario.jpg\",\"width\":748,\"height\":394},{\"@type\":\"BreadcrumbList\",\"@id\":\"https:\/\/www.padreeustaquio.com.br\/paroquianos-e-visitantes-participam-de-retiro-quaresmal-na-igreja-do-padre-eustaquio\/#breadcrumb\",\"itemListElement\":[{\"@type\":\"ListItem\",\"position\":1,\"name\":\"In\u00edcio\",\"item\":\"https:\/\/www.padreeustaquio.com.br\/\"},{\"@type\":\"ListItem\",\"position\":2,\"name\":\"Paroquianos e visitantes participam de Retiro Quaresmal na Igreja do Padre Eust\u00e1quio\"}]},{\"@type\":\"WebSite\",\"@id\":\"https:\/\/www.padreeustaquio.com.br\/#website\",\"url\":\"https:\/\/www.padreeustaquio.com.br\/\",\"name\":\"Padre Eust\u00e1quio\",\"description\":\"Sa\u00fade e Paz\",\"publisher\":{\"@id\":\"https:\/\/www.padreeustaquio.com.br\/#organization\"},\"potentialAction\":[{\"@type\":\"SearchAction\",\"target\":{\"@type\":\"EntryPoint\",\"urlTemplate\":\"https:\/\/www.padreeustaquio.com.br\/?s={search_term_string}\"},\"query-input\":{\"@type\":\"PropertyValueSpecification\",\"valueRequired\":true,\"valueName\":\"search_term_string\"}}],\"inLanguage\":\"es\"},{\"@type\":\"Organization\",\"@id\":\"https:\/\/www.padreeustaquio.com.br\/#organization\",\"name\":\"Padre Eust\u00e1quio\",\"url\":\"https:\/\/www.padreeustaquio.com.br\/\",\"logo\":{\"@type\":\"ImageObject\",\"inLanguage\":\"es\",\"@id\":\"https:\/\/www.padreeustaquio.com.br\/#\/schema\/logo\/image\/\",\"url\":\"https:\/\/www.padreeustaquio.com.br\/wp-content\/uploads\/2019\/08\/marca.png\",\"contentUrl\":\"https:\/\/www.padreeustaquio.com.br\/wp-content\/uploads\/2019\/08\/marca.png\",\"width\":350,\"height\":400,\"caption\":\"Padre Eust\u00e1quio\"},\"image\":{\"@id\":\"https:\/\/www.padreeustaquio.com.br\/#\/schema\/logo\/image\/\"},\"sameAs\":[\"https:\/\/www.facebook.com\/beatopadreeustaquio\/\",\"https:\/\/x.com\/beatopeustaquio\",\"https:\/\/www.instagram.com\/beatopadreeustaquio\/\",\"https:\/\/www.youtube.com\/channel\/UCRhw7vfabnajwLxb1ZXMeIw\"]},{\"@type\":\"Person\",\"@id\":\"https:\/\/www.padreeustaquio.com.br\/#\/schema\/person\/a2a51db1d00f1a7af0204a0f1ddb1566\",\"name\":\"@sscc\",\"image\":{\"@type\":\"ImageObject\",\"inLanguage\":\"es\",\"@id\":\"https:\/\/secure.gravatar.com\/avatar\/68cfafa5f44617fea54071e215026e0ff06be366c3d54a8425f04fdcb86f8c5f?s=96&d=mm&r=g\",\"url\":\"https:\/\/secure.gravatar.com\/avatar\/68cfafa5f44617fea54071e215026e0ff06be366c3d54a8425f04fdcb86f8c5f?s=96&d=mm&r=g\",\"contentUrl\":\"https:\/\/secure.gravatar.com\/avatar\/68cfafa5f44617fea54071e215026e0ff06be366c3d54a8425f04fdcb86f8c5f?s=96&d=mm&r=g\",\"caption\":\"@sscc\"},\"url\":\"https:\/\/www.padreeustaquio.com.br\/es\/author\/sscc\/\"}]}<\/script>\n<!-- \/ Yoast SEO plugin. -->","yoast_head_json":{"title":"Feligreses y visitantes participan en un Retiro de Cuaresma en la Iglesia del Padre Eust\u00e1quio.","description":"El pasado fin de semana, devotos, feligreses y visitantes del Santuario de la Salud y la Paz de Belo Horizonte participaron presencialmente en el Retiro de Cuaresma. El momento de reflexi\u00f3n y oraci\u00f3n tuvo lugar en el Memorial Padre Eust\u00e1quio, junto a la iglesia.","robots":{"index":"index","follow":"follow","max-snippet":"max-snippet:-1","max-image-preview":"max-image-preview:large","max-video-preview":"max-video-preview:-1"},"canonical":"https:\/\/www.padreeustaquio.com.br\/es\/feligreses-y-visitantes-participan-en-un-retiro-de-cuaresma-en-la-iglesia-del-padre-eustace\/","og_locale":"es_ES","og_type":"article","og_title":"Paroquianos e visitantes participam de Retiro Quaresmal na Igreja do Padre Eust\u00e1quio","og_description":"Nesse final de semana, devotos, paroquianos e visitantes do Santu\u00e1rio da Sa\u00fade e da Paz, em Belo Horizonte, participaram do Retiro Quaresmal de forma presencial. O momento de reflex\u00f5es e ora\u00e7\u00f5es foi realizado no Memorial Padre Eust\u00e1quio, anexo \u00e0 Igreja.","og_url":"https:\/\/www.padreeustaquio.com.br\/es\/feligreses-y-visitantes-participan-en-un-retiro-de-cuaresma-en-la-iglesia-del-padre-eustace\/","og_site_name":"Padre Eust\u00e1quio","article_publisher":"https:\/\/www.facebook.com\/beatopadreeustaquio\/","article_published_time":"2022-03-22T09:35:00+00:00","article_modified_time":"2023-03-01T11:26:29+00:00","og_image":[{"width":748,"height":394,"url":"https:\/\/www.padreeustaquio.com.br\/wp-content\/uploads\/2022\/03\/retiro-no-santuario.jpg","type":"image\/jpeg"}],"author":"@sscc","twitter_card":"summary_large_image","twitter_creator":"@beatopeustaquio","twitter_site":"@beatopeustaquio","twitter_misc":{"Escrito por":"@sscc","Tiempo de lectura":"1 minuto"},"schema":{"@context":"https:\/\/schema.org","@graph":[{"@type":"Article","@id":"https:\/\/www.padreeustaquio.com.br\/paroquianos-e-visitantes-participam-de-retiro-quaresmal-na-igreja-do-padre-eustaquio\/#article","isPartOf":{"@id":"https:\/\/www.padreeustaquio.com.br\/paroquianos-e-visitantes-participam-de-retiro-quaresmal-na-igreja-do-padre-eustaquio\/"},"author":{"name":"@sscc","@id":"https:\/\/www.padreeustaquio.com.br\/#\/schema\/person\/a2a51db1d00f1a7af0204a0f1ddb1566"},"headline":"Paroquianos e visitantes participam de Retiro Quaresmal na Igreja do Padre Eust\u00e1quio","datePublished":"2022-03-22T09:35:00+00:00","dateModified":"2023-03-01T11:26:29+00:00","mainEntityOfPage":{"@id":"https:\/\/www.padreeustaquio.com.br\/paroquianos-e-visitantes-participam-de-retiro-quaresmal-na-igreja-do-padre-eustaquio\/"},"wordCount":189,"commentCount":0,"publisher":{"@id":"https:\/\/www.padreeustaquio.com.br\/#organization"},"image":{"@id":"https:\/\/www.padreeustaquio.com.br\/paroquianos-e-visitantes-participam-de-retiro-quaresmal-na-igreja-do-padre-eustaquio\/#primaryimage"},"thumbnailUrl":"https:\/\/www.padreeustaquio.com.br\/wp-content\/uploads\/2022\/03\/retiro-no-santuario.jpg","articleSection":["Not\u00edcias"],"inLanguage":"es","potentialAction":[{"@type":"CommentAction","name":"Comment","target":["https:\/\/www.padreeustaquio.com.br\/paroquianos-e-visitantes-participam-de-retiro-quaresmal-na-igreja-do-padre-eustaquio\/#respond"]}]},{"@type":"WebPage","@id":"https:\/\/www.padreeustaquio.com.br\/paroquianos-e-visitantes-participam-de-retiro-quaresmal-na-igreja-do-padre-eustaquio\/","url":"https:\/\/www.padreeustaquio.com.br\/paroquianos-e-visitantes-participam-de-retiro-quaresmal-na-igreja-do-padre-eustaquio\/","name":"Feligreses y visitantes participan en un Retiro de Cuaresma en la Iglesia del Padre Eust\u00e1quio.","isPartOf":{"@id":"https:\/\/www.padreeustaquio.com.br\/#website"},"primaryImageOfPage":{"@id":"https:\/\/www.padreeustaquio.com.br\/paroquianos-e-visitantes-participam-de-retiro-quaresmal-na-igreja-do-padre-eustaquio\/#primaryimage"},"image":{"@id":"https:\/\/www.padreeustaquio.com.br\/paroquianos-e-visitantes-participam-de-retiro-quaresmal-na-igreja-do-padre-eustaquio\/#primaryimage"},"thumbnailUrl":"https:\/\/www.padreeustaquio.com.br\/wp-content\/uploads\/2022\/03\/retiro-no-santuario.jpg","datePublished":"2022-03-22T09:35:00+00:00","dateModified":"2023-03-01T11:26:29+00:00","description":"El pasado fin de semana, devotos, feligreses y visitantes del Santuario de la Salud y la Paz de Belo Horizonte participaron presencialmente en el Retiro de Cuaresma. El momento de reflexi\u00f3n y oraci\u00f3n tuvo lugar en el Memorial Padre Eust\u00e1quio, junto a la iglesia.","breadcrumb":{"@id":"https:\/\/www.padreeustaquio.com.br\/paroquianos-e-visitantes-participam-de-retiro-quaresmal-na-igreja-do-padre-eustaquio\/#breadcrumb"},"inLanguage":"es","potentialAction":[{"@type":"ReadAction","target":["https:\/\/www.padreeustaquio.com.br\/paroquianos-e-visitantes-participam-de-retiro-quaresmal-na-igreja-do-padre-eustaquio\/"]}]},{"@type":"ImageObject","inLanguage":"es","@id":"https:\/\/www.padreeustaquio.com.br\/paroquianos-e-visitantes-participam-de-retiro-quaresmal-na-igreja-do-padre-eustaquio\/#primaryimage","url":"https:\/\/www.padreeustaquio.com.br\/wp-content\/uploads\/2022\/03\/retiro-no-santuario.jpg","contentUrl":"https:\/\/www.padreeustaquio.com.br\/wp-content\/uploads\/2022\/03\/retiro-no-santuario.jpg","width":748,"height":394},{"@type":"BreadcrumbList","@id":"https:\/\/www.padreeustaquio.com.br\/paroquianos-e-visitantes-participam-de-retiro-quaresmal-na-igreja-do-padre-eustaquio\/#breadcrumb","itemListElement":[{"@type":"ListItem","position":1,"name":"In\u00edcio","item":"https:\/\/www.padreeustaquio.com.br\/"},{"@type":"ListItem","position":2,"name":"Paroquianos e visitantes participam de Retiro Quaresmal na Igreja do Padre Eust\u00e1quio"}]},{"@type":"WebSite","@id":"https:\/\/www.padreeustaquio.com.br\/#website","url":"https:\/\/www.padreeustaquio.com.br\/","name":"Padre Eustace","description":"Salud y Paz","publisher":{"@id":"https:\/\/www.padreeustaquio.com.br\/#organization"},"potentialAction":[{"@type":"SearchAction","target":{"@type":"EntryPoint","urlTemplate":"https:\/\/www.padreeustaquio.com.br\/?s={search_term_string}"},"query-input":{"@type":"PropertyValueSpecification","valueRequired":true,"valueName":"search_term_string"}}],"inLanguage":"es"},{"@type":"Organization","@id":"https:\/\/www.padreeustaquio.com.br\/#organization","name":"Padre Eustace","url":"https:\/\/www.padreeustaquio.com.br\/","logo":{"@type":"ImageObject","inLanguage":"es","@id":"https:\/\/www.padreeustaquio.com.br\/#\/schema\/logo\/image\/","url":"https:\/\/www.padreeustaquio.com.br\/wp-content\/uploads\/2019\/08\/marca.png","contentUrl":"https:\/\/www.padreeustaquio.com.br\/wp-content\/uploads\/2019\/08\/marca.png","width":350,"height":400,"caption":"Padre Eust\u00e1quio"},"image":{"@id":"https:\/\/www.padreeustaquio.com.br\/#\/schema\/logo\/image\/"},"sameAs":["https:\/\/www.facebook.com\/beatopadreeustaquio\/","https:\/\/x.com\/beatopeustaquio","https:\/\/www.instagram.com\/beatopadreeustaquio\/","https:\/\/www.youtube.com\/channel\/UCRhw7vfabnajwLxb1ZXMeIw"]},{"@type":"Person","@id":"https:\/\/www.padreeustaquio.com.br\/#\/schema\/person\/a2a51db1d00f1a7af0204a0f1ddb1566","name":"@sscc","image":{"@type":"ImageObject","inLanguage":"es","@id":"https:\/\/secure.gravatar.com\/avatar\/68cfafa5f44617fea54071e215026e0ff06be366c3d54a8425f04fdcb86f8c5f?s=96&d=mm&r=g","url":"https:\/\/secure.gravatar.com\/avatar\/68cfafa5f44617fea54071e215026e0ff06be366c3d54a8425f04fdcb86f8c5f?s=96&d=mm&r=g","contentUrl":"https:\/\/secure.gravatar.com\/avatar\/68cfafa5f44617fea54071e215026e0ff06be366c3d54a8425f04fdcb86f8c5f?s=96&d=mm&r=g","caption":"@sscc"},"url":"https:\/\/www.padreeustaquio.com.br\/es\/author\/sscc\/"}]}},"_links":{"self":[{"href":"https:\/\/www.padreeustaquio.com.br\/es\/wp-json\/wp\/v2\/posts\/8325","targetHints":{"allow":["GET"]}}],"collection":[{"href":"https:\/\/www.padreeustaquio.com.br\/es\/wp-json\/wp\/v2\/posts"}],"about":[{"href":"https:\/\/www.padreeustaquio.com.br\/es\/wp-json\/wp\/v2\/types\/post"}],"author":[{"embeddable":true,"href":"https:\/\/www.padreeustaquio.com.br\/es\/wp-json\/wp\/v2\/users\/2"}],"replies":[{"embeddable":true,"href":"https:\/\/www.padreeustaquio.com.br\/es\/wp-json\/wp\/v2\/comments?post=8325"}],"version-history":[{"count":0,"href":"https:\/\/www.padreeustaquio.com.br\/es\/wp-json\/wp\/v2\/posts\/8325\/revisions"}],"wp:featuredmedia":[{"embeddable":true,"href":"https:\/\/www.padreeustaquio.com.br\/es\/wp-json\/wp\/v2\/media\/8326"}],"wp:attachment":[{"href":"https:\/\/www.padreeustaquio.com.br\/es\/wp-json\/wp\/v2\/media?parent=8325"}],"wp:term":[{"taxonomy":"category","embeddable":true,"href":"https:\/\/www.padreeustaquio.com.br\/es\/wp-json\/wp\/v2\/categories?post=8325"},{"taxonomy":"post_tag","embeddable":true,"href":"https:\/\/www.padreeustaquio.com.br\/es\/wp-json\/wp\/v2\/tags?post=8325"}],"curies":[{"name":"wp","href":"https:\/\/api.w.org\/{rel}","templated":true}]}}