{"id":8307,"date":"2022-03-19T05:58:00","date_gmt":"2022-03-19T08:58:00","guid":{"rendered":"https:\/\/www.padreeustaquio.com.br\/?p=8307"},"modified":"2022-03-18T11:21:36","modified_gmt":"2022-03-18T14:21:36","slug":"dia-de-san-jose-devocion-del-padre-eustaquio-al-santo-patrono-de-la-iglesia","status":"publish","type":"post","link":"https:\/\/www.padreeustaquio.com.br\/es\/dia-de-san-jose-devocion-del-padre-eustaquio-al-santo-patrono-de-la-iglesia\/","title":{"rendered":"D\u00eda de San Jos\u00e9 \u2013 La devoci\u00f3n del Padre Eust\u00e1quio al Santo Patr\u00f3n de la Iglesia"},"content":{"rendered":"<p><em>\u201c&quot;San Jos\u00e9, ay\u00fadame a sufrir, ay\u00fadame a soportar, ay\u00fadame a perdonar, ay\u00fadame a confiar, ay\u00fadame a salvar.&quot;\u201d<\/em> (Padre Eustace)<\/p>\n\n\n\n<p>El Padre Eust\u00e1quio cultiv\u00f3 una especial devoci\u00f3n a San Jos\u00e9 a lo largo de su vida. Encontr\u00f3 en la figura del carpintero de Nazaret ayuda en su misi\u00f3n y esperanza para los afligidos.<\/p>\n\n\n\n<p>En Po\u00e1, S\u00e3o Paulo, repart\u00eda a quienes lo buscaban una &quot;peque\u00f1a bendici\u00f3n de San Jos\u00e9&quot;, que consist\u00eda en un peque\u00f1o trozo de tela tocado con una reliquia del santo. Ofrec\u00eda estampas y medallas del padre adoptivo de Jes\u00fas a quienes le ped\u00edan oraciones. Cuando le preguntaban sobre las curaciones obtenidas gracias a sus bendiciones, siempre dec\u00eda: <em>\u201c&quot;\u00a1No soy yo quien realiza las curaciones, es Dios por intercesi\u00f3n de San Jos\u00e9!&quot;.<\/em><\/p>\n\n\n\n<p>Para la construcci\u00f3n de la iglesia de los Sagrados Corazones en Belo Horizonte, el Padre Eust\u00e1quio recurri\u00f3 a la esposa de Mar\u00eda. En el serm\u00f3n de la colocaci\u00f3n de la primera piedra de la iglesia, el 16 de mayo de 1943, declar\u00f3: <em>\u201c\u00bfHabr\u00e1 escasez de cal, escasez de cemento? Iremos a San Jos\u00e9, sabiendo que, desde la primera piedra, la protecci\u00f3n de San Jos\u00e9 est\u00e1 aqu\u00ed comprometida, para que esta piedra se multiplique en tantas como sean necesarias para completar el templo.\u201d<\/em><\/p>\n\n\n\n<p>El dise\u00f1o de la iglesia inclu\u00eda una capilla en honor al santo que siempre intercedi\u00f3 ante Dios por las obras del Padre Eustaquio. En sus cartas, siempre terminaba pidiendo la ayuda de San Jos\u00e9: <em>\u201cRecen un Padrenuestro y un Avemar\u00eda todos los d\u00edas a San Jos\u00e9, y desde aqu\u00ed no me olvidar\u00e9 de ninguno de ustedes. \u00a1Que San Jos\u00e9 los proteja y los gu\u00ede!\u201d<\/em> (extracto de la carta del Padre Eust\u00e1quio a la se\u00f1ora Etelvina, del 31 de octubre de 1941).<\/p>\n\n\n\n<p>En sus \u00faltimos d\u00edas, mientras estaba hospitalizado, se golpeaba el pecho y gritaba: <em>\u201c&quot;San Jos\u00e9, Salud y Paz!&quot;.<\/em> Que el legado espiritual del Padre Eustaquio nos inspire a vivir nuestra fe y a seguir a Jes\u00fas.<\/p>\n\n\n\n<p><\/p>","protected":false},"excerpt":{"rendered":"<p>\u201cS\u00e3o Jos\u00e9, ajudai-me a sofrer, ajudai-me a suportar, ajudai-me a perdoar, ajudai-me a confiar, ajudai-me a salvar.\u201d (Padre Eust\u00e1quio) Padre Eust\u00e1quio cultivou durante toda sua vida uma especial devo\u00e7\u00e3o a S\u00e3o Jos\u00e9. Encontrou na figura do carpinteiro de Nazar\u00e9 aux\u00edlio na miss\u00e3o e esperan\u00e7a para os aflitos. Em Po\u00e1-SP, distribu\u00eda para aqueles que iam \u00e0 sua procura um \u201cbentinho de S\u00e3o Jos\u00e9\u201d, que consistia em um pequeno peda\u00e7o de tecido tocado em uma rel\u00edquia do Santo. Oferecia santinhos e medalhas do pai adotivo de Jesus a quem lhe pedisse ora\u00e7\u00f5es. Quando interrogado sobre as curas obtidas atrav\u00e9s de suas ben\u00e7\u00e3os, [&hellip;]<\/p>\n","protected":false},"author":2,"featured_media":8308,"comment_status":"open","ping_status":"closed","sticky":false,"template":"","format":"standard","meta":{"_acf_changed":false,"footnotes":""},"categories":[611],"tags":[],"class_list":["post-8307","post","type-post","status-publish","format-standard","has-post-thumbnail","hentry","category-noticias"],"acf":[],"yoast_head":"<!-- This site is optimized with the Yoast SEO plugin v27.2 - https:\/\/yoast.com\/product\/yoast-seo-wordpress\/ -->\n<title>Dia de S\u00e3o Jos\u00e9 - A devo\u00e7\u00e3o de Padre Eust\u00e1quio ao Patrono da Igreja<\/title>\n<meta name=\"description\" content=\"Padre Eust\u00e1quio cultivou durante toda sua vida uma especial devo\u00e7\u00e3o a S\u00e3o Jos\u00e9. Encontrou na figura do carpinteiro de Nazar\u00e9 aux\u00edlio na miss\u00e3o e esperan\u00e7a para os aflitos.\" \/>\n<meta name=\"robots\" content=\"index, follow, max-snippet:-1, max-image-preview:large, max-video-preview:-1\" \/>\n<link rel=\"canonical\" href=\"https:\/\/www.padreeustaquio.com.br\/es\/dia-de-san-jose-devocion-del-padre-eustaquio-al-santo-patrono-de-la-iglesia\/\" \/>\n<meta property=\"og:locale\" content=\"es_ES\" \/>\n<meta property=\"og:type\" content=\"article\" \/>\n<meta property=\"og:title\" content=\"Dia de S\u00e3o Jos\u00e9 - A devo\u00e7\u00e3o de Padre Eust\u00e1quio ao Patrono da Igreja\" \/>\n<meta property=\"og:description\" content=\"Padre Eust\u00e1quio cultivou durante toda sua vida uma especial devo\u00e7\u00e3o a S\u00e3o Jos\u00e9. Encontrou na figura do carpinteiro de Nazar\u00e9 aux\u00edlio na miss\u00e3o e esperan\u00e7a para os aflitos.\" \/>\n<meta property=\"og:url\" content=\"https:\/\/www.padreeustaquio.com.br\/es\/dia-de-san-jose-devocion-del-padre-eustaquio-al-santo-patrono-de-la-iglesia\/\" \/>\n<meta property=\"og:site_name\" content=\"Padre Eust\u00e1quio\" \/>\n<meta property=\"article:publisher\" content=\"https:\/\/www.facebook.com\/beatopadreeustaquio\/\" \/>\n<meta property=\"article:published_time\" content=\"2022-03-19T08:58:00+00:00\" \/>\n<meta property=\"og:image\" content=\"https:\/\/www.padreeustaquio.com.br\/wp-content\/uploads\/2022\/03\/Foto-12-Imagem-de-Sao-Jose-que-perteceu-a-Padre-Eustaquio-hoje-no-Museu-dentro-do-Santuario-da-Saude-e-Paz-em-BH-scaled.jpg\" \/>\n\t<meta property=\"og:image:width\" content=\"2560\" \/>\n\t<meta property=\"og:image:height\" content=\"1707\" \/>\n\t<meta property=\"og:image:type\" content=\"image\/jpeg\" \/>\n<meta name=\"author\" content=\"@sscc\" \/>\n<meta name=\"twitter:card\" content=\"summary_large_image\" \/>\n<meta name=\"twitter:creator\" content=\"@beatopeustaquio\" \/>\n<meta name=\"twitter:site\" content=\"@beatopeustaquio\" \/>\n<meta name=\"twitter:label1\" content=\"Escrito por\" \/>\n\t<meta name=\"twitter:data1\" content=\"@sscc\" \/>\n\t<meta name=\"twitter:label2\" content=\"Tiempo de lectura\" \/>\n\t<meta name=\"twitter:data2\" content=\"2 minutos\" \/>\n<script type=\"application\/ld+json\" class=\"yoast-schema-graph\">{\"@context\":\"https:\/\/schema.org\",\"@graph\":[{\"@type\":\"Article\",\"@id\":\"https:\/\/www.padreeustaquio.com.br\/dia-de-sao-jose-a-devocao-de-padre-eustaquio-ao-patrono-da-igreja\/#article\",\"isPartOf\":{\"@id\":\"https:\/\/www.padreeustaquio.com.br\/dia-de-sao-jose-a-devocao-de-padre-eustaquio-ao-patrono-da-igreja\/\"},\"author\":{\"name\":\"@sscc\",\"@id\":\"https:\/\/www.padreeustaquio.com.br\/#\/schema\/person\/a2a51db1d00f1a7af0204a0f1ddb1566\"},\"headline\":\"Dia de S\u00e3o Jos\u00e9 &#8211; A devo\u00e7\u00e3o de Padre Eust\u00e1quio ao Patrono da Igreja\",\"datePublished\":\"2022-03-19T08:58:00+00:00\",\"mainEntityOfPage\":{\"@id\":\"https:\/\/www.padreeustaquio.com.br\/dia-de-sao-jose-a-devocao-de-padre-eustaquio-ao-patrono-da-igreja\/\"},\"wordCount\":353,\"commentCount\":0,\"publisher\":{\"@id\":\"https:\/\/www.padreeustaquio.com.br\/#organization\"},\"image\":{\"@id\":\"https:\/\/www.padreeustaquio.com.br\/dia-de-sao-jose-a-devocao-de-padre-eustaquio-ao-patrono-da-igreja\/#primaryimage\"},\"thumbnailUrl\":\"https:\/\/www.padreeustaquio.com.br\/wp-content\/uploads\/2022\/03\/Foto-12-Imagem-de-Sao-Jose-que-perteceu-a-Padre-Eustaquio-hoje-no-Museu-dentro-do-Santuario-da-Saude-e-Paz-em-BH-scaled.jpg\",\"articleSection\":[\"Not\u00edcias\"],\"inLanguage\":\"es\",\"potentialAction\":[{\"@type\":\"CommentAction\",\"name\":\"Comment\",\"target\":[\"https:\/\/www.padreeustaquio.com.br\/dia-de-sao-jose-a-devocao-de-padre-eustaquio-ao-patrono-da-igreja\/#respond\"]}]},{\"@type\":\"WebPage\",\"@id\":\"https:\/\/www.padreeustaquio.com.br\/dia-de-sao-jose-a-devocao-de-padre-eustaquio-ao-patrono-da-igreja\/\",\"url\":\"https:\/\/www.padreeustaquio.com.br\/dia-de-sao-jose-a-devocao-de-padre-eustaquio-ao-patrono-da-igreja\/\",\"name\":\"Dia de S\u00e3o Jos\u00e9 - A devo\u00e7\u00e3o de Padre Eust\u00e1quio ao Patrono da Igreja\",\"isPartOf\":{\"@id\":\"https:\/\/www.padreeustaquio.com.br\/#website\"},\"primaryImageOfPage\":{\"@id\":\"https:\/\/www.padreeustaquio.com.br\/dia-de-sao-jose-a-devocao-de-padre-eustaquio-ao-patrono-da-igreja\/#primaryimage\"},\"image\":{\"@id\":\"https:\/\/www.padreeustaquio.com.br\/dia-de-sao-jose-a-devocao-de-padre-eustaquio-ao-patrono-da-igreja\/#primaryimage\"},\"thumbnailUrl\":\"https:\/\/www.padreeustaquio.com.br\/wp-content\/uploads\/2022\/03\/Foto-12-Imagem-de-Sao-Jose-que-perteceu-a-Padre-Eustaquio-hoje-no-Museu-dentro-do-Santuario-da-Saude-e-Paz-em-BH-scaled.jpg\",\"datePublished\":\"2022-03-19T08:58:00+00:00\",\"description\":\"Padre Eust\u00e1quio cultivou durante toda sua vida uma especial devo\u00e7\u00e3o a S\u00e3o Jos\u00e9. Encontrou na figura do carpinteiro de Nazar\u00e9 aux\u00edlio na miss\u00e3o e esperan\u00e7a para os aflitos.\",\"breadcrumb\":{\"@id\":\"https:\/\/www.padreeustaquio.com.br\/dia-de-sao-jose-a-devocao-de-padre-eustaquio-ao-patrono-da-igreja\/#breadcrumb\"},\"inLanguage\":\"es\",\"potentialAction\":[{\"@type\":\"ReadAction\",\"target\":[\"https:\/\/www.padreeustaquio.com.br\/dia-de-sao-jose-a-devocao-de-padre-eustaquio-ao-patrono-da-igreja\/\"]}]},{\"@type\":\"ImageObject\",\"inLanguage\":\"es\",\"@id\":\"https:\/\/www.padreeustaquio.com.br\/dia-de-sao-jose-a-devocao-de-padre-eustaquio-ao-patrono-da-igreja\/#primaryimage\",\"url\":\"https:\/\/www.padreeustaquio.com.br\/wp-content\/uploads\/2022\/03\/Foto-12-Imagem-de-Sao-Jose-que-perteceu-a-Padre-Eustaquio-hoje-no-Museu-dentro-do-Santuario-da-Saude-e-Paz-em-BH-scaled.jpg\",\"contentUrl\":\"https:\/\/www.padreeustaquio.com.br\/wp-content\/uploads\/2022\/03\/Foto-12-Imagem-de-Sao-Jose-que-perteceu-a-Padre-Eustaquio-hoje-no-Museu-dentro-do-Santuario-da-Saude-e-Paz-em-BH-scaled.jpg\",\"width\":2560,\"height\":1707,\"caption\":\"Imagem de S\u00e3o Jos\u00e9 que perteceu a Padre Eust\u00e1quio, hoje no Museu dentro do Santu\u00e1rio da Sa\u00fade e Paz, em BH\"},{\"@type\":\"BreadcrumbList\",\"@id\":\"https:\/\/www.padreeustaquio.com.br\/dia-de-sao-jose-a-devocao-de-padre-eustaquio-ao-patrono-da-igreja\/#breadcrumb\",\"itemListElement\":[{\"@type\":\"ListItem\",\"position\":1,\"name\":\"In\u00edcio\",\"item\":\"https:\/\/www.padreeustaquio.com.br\/\"},{\"@type\":\"ListItem\",\"position\":2,\"name\":\"Dia de S\u00e3o Jos\u00e9 &#8211; A devo\u00e7\u00e3o de Padre Eust\u00e1quio ao Patrono da Igreja\"}]},{\"@type\":\"WebSite\",\"@id\":\"https:\/\/www.padreeustaquio.com.br\/#website\",\"url\":\"https:\/\/www.padreeustaquio.com.br\/\",\"name\":\"Padre Eust\u00e1quio\",\"description\":\"Sa\u00fade e Paz\",\"publisher\":{\"@id\":\"https:\/\/www.padreeustaquio.com.br\/#organization\"},\"potentialAction\":[{\"@type\":\"SearchAction\",\"target\":{\"@type\":\"EntryPoint\",\"urlTemplate\":\"https:\/\/www.padreeustaquio.com.br\/?s={search_term_string}\"},\"query-input\":{\"@type\":\"PropertyValueSpecification\",\"valueRequired\":true,\"valueName\":\"search_term_string\"}}],\"inLanguage\":\"es\"},{\"@type\":\"Organization\",\"@id\":\"https:\/\/www.padreeustaquio.com.br\/#organization\",\"name\":\"Padre Eust\u00e1quio\",\"url\":\"https:\/\/www.padreeustaquio.com.br\/\",\"logo\":{\"@type\":\"ImageObject\",\"inLanguage\":\"es\",\"@id\":\"https:\/\/www.padreeustaquio.com.br\/#\/schema\/logo\/image\/\",\"url\":\"https:\/\/www.padreeustaquio.com.br\/wp-content\/uploads\/2019\/08\/marca.png\",\"contentUrl\":\"https:\/\/www.padreeustaquio.com.br\/wp-content\/uploads\/2019\/08\/marca.png\",\"width\":350,\"height\":400,\"caption\":\"Padre Eust\u00e1quio\"},\"image\":{\"@id\":\"https:\/\/www.padreeustaquio.com.br\/#\/schema\/logo\/image\/\"},\"sameAs\":[\"https:\/\/www.facebook.com\/beatopadreeustaquio\/\",\"https:\/\/x.com\/beatopeustaquio\",\"https:\/\/www.instagram.com\/beatopadreeustaquio\/\",\"https:\/\/www.youtube.com\/channel\/UCRhw7vfabnajwLxb1ZXMeIw\"]},{\"@type\":\"Person\",\"@id\":\"https:\/\/www.padreeustaquio.com.br\/#\/schema\/person\/a2a51db1d00f1a7af0204a0f1ddb1566\",\"name\":\"@sscc\",\"image\":{\"@type\":\"ImageObject\",\"inLanguage\":\"es\",\"@id\":\"https:\/\/secure.gravatar.com\/avatar\/68cfafa5f44617fea54071e215026e0ff06be366c3d54a8425f04fdcb86f8c5f?s=96&d=mm&r=g\",\"url\":\"https:\/\/secure.gravatar.com\/avatar\/68cfafa5f44617fea54071e215026e0ff06be366c3d54a8425f04fdcb86f8c5f?s=96&d=mm&r=g\",\"contentUrl\":\"https:\/\/secure.gravatar.com\/avatar\/68cfafa5f44617fea54071e215026e0ff06be366c3d54a8425f04fdcb86f8c5f?s=96&d=mm&r=g\",\"caption\":\"@sscc\"},\"url\":\"https:\/\/www.padreeustaquio.com.br\/es\/author\/sscc\/\"}]}<\/script>\n<!-- \/ Yoast SEO plugin. -->","yoast_head_json":{"title":"D\u00eda de San Jos\u00e9 - La devoci\u00f3n del Padre Eust\u00e1quio al Santo Patr\u00f3n de la Iglesia","description":"El Padre Eust\u00e1quio cultiv\u00f3 una especial devoci\u00f3n a San Jos\u00e9 a lo largo de su vida. Encontr\u00f3 en la figura del carpintero de Nazaret ayuda en su misi\u00f3n y esperanza para los afligidos.","robots":{"index":"index","follow":"follow","max-snippet":"max-snippet:-1","max-image-preview":"max-image-preview:large","max-video-preview":"max-video-preview:-1"},"canonical":"https:\/\/www.padreeustaquio.com.br\/es\/dia-de-san-jose-devocion-del-padre-eustaquio-al-santo-patrono-de-la-iglesia\/","og_locale":"es_ES","og_type":"article","og_title":"Dia de S\u00e3o Jos\u00e9 - A devo\u00e7\u00e3o de Padre Eust\u00e1quio ao Patrono da Igreja","og_description":"Padre Eust\u00e1quio cultivou durante toda sua vida uma especial devo\u00e7\u00e3o a S\u00e3o Jos\u00e9. Encontrou na figura do carpinteiro de Nazar\u00e9 aux\u00edlio na miss\u00e3o e esperan\u00e7a para os aflitos.","og_url":"https:\/\/www.padreeustaquio.com.br\/es\/dia-de-san-jose-devocion-del-padre-eustaquio-al-santo-patrono-de-la-iglesia\/","og_site_name":"Padre Eust\u00e1quio","article_publisher":"https:\/\/www.facebook.com\/beatopadreeustaquio\/","article_published_time":"2022-03-19T08:58:00+00:00","og_image":[{"width":2560,"height":1707,"url":"https:\/\/www.padreeustaquio.com.br\/wp-content\/uploads\/2022\/03\/Foto-12-Imagem-de-Sao-Jose-que-perteceu-a-Padre-Eustaquio-hoje-no-Museu-dentro-do-Santuario-da-Saude-e-Paz-em-BH-scaled.jpg","type":"image\/jpeg"}],"author":"@sscc","twitter_card":"summary_large_image","twitter_creator":"@beatopeustaquio","twitter_site":"@beatopeustaquio","twitter_misc":{"Escrito por":"@sscc","Tiempo de lectura":"2 minutos"},"schema":{"@context":"https:\/\/schema.org","@graph":[{"@type":"Article","@id":"https:\/\/www.padreeustaquio.com.br\/dia-de-sao-jose-a-devocao-de-padre-eustaquio-ao-patrono-da-igreja\/#article","isPartOf":{"@id":"https:\/\/www.padreeustaquio.com.br\/dia-de-sao-jose-a-devocao-de-padre-eustaquio-ao-patrono-da-igreja\/"},"author":{"name":"@sscc","@id":"https:\/\/www.padreeustaquio.com.br\/#\/schema\/person\/a2a51db1d00f1a7af0204a0f1ddb1566"},"headline":"Dia de S\u00e3o Jos\u00e9 &#8211; A devo\u00e7\u00e3o de Padre Eust\u00e1quio ao Patrono da Igreja","datePublished":"2022-03-19T08:58:00+00:00","mainEntityOfPage":{"@id":"https:\/\/www.padreeustaquio.com.br\/dia-de-sao-jose-a-devocao-de-padre-eustaquio-ao-patrono-da-igreja\/"},"wordCount":353,"commentCount":0,"publisher":{"@id":"https:\/\/www.padreeustaquio.com.br\/#organization"},"image":{"@id":"https:\/\/www.padreeustaquio.com.br\/dia-de-sao-jose-a-devocao-de-padre-eustaquio-ao-patrono-da-igreja\/#primaryimage"},"thumbnailUrl":"https:\/\/www.padreeustaquio.com.br\/wp-content\/uploads\/2022\/03\/Foto-12-Imagem-de-Sao-Jose-que-perteceu-a-Padre-Eustaquio-hoje-no-Museu-dentro-do-Santuario-da-Saude-e-Paz-em-BH-scaled.jpg","articleSection":["Not\u00edcias"],"inLanguage":"es","potentialAction":[{"@type":"CommentAction","name":"Comment","target":["https:\/\/www.padreeustaquio.com.br\/dia-de-sao-jose-a-devocao-de-padre-eustaquio-ao-patrono-da-igreja\/#respond"]}]},{"@type":"WebPage","@id":"https:\/\/www.padreeustaquio.com.br\/dia-de-sao-jose-a-devocao-de-padre-eustaquio-ao-patrono-da-igreja\/","url":"https:\/\/www.padreeustaquio.com.br\/dia-de-sao-jose-a-devocao-de-padre-eustaquio-ao-patrono-da-igreja\/","name":"D\u00eda de San Jos\u00e9 - La devoci\u00f3n del Padre Eust\u00e1quio al Santo Patr\u00f3n de la Iglesia","isPartOf":{"@id":"https:\/\/www.padreeustaquio.com.br\/#website"},"primaryImageOfPage":{"@id":"https:\/\/www.padreeustaquio.com.br\/dia-de-sao-jose-a-devocao-de-padre-eustaquio-ao-patrono-da-igreja\/#primaryimage"},"image":{"@id":"https:\/\/www.padreeustaquio.com.br\/dia-de-sao-jose-a-devocao-de-padre-eustaquio-ao-patrono-da-igreja\/#primaryimage"},"thumbnailUrl":"https:\/\/www.padreeustaquio.com.br\/wp-content\/uploads\/2022\/03\/Foto-12-Imagem-de-Sao-Jose-que-perteceu-a-Padre-Eustaquio-hoje-no-Museu-dentro-do-Santuario-da-Saude-e-Paz-em-BH-scaled.jpg","datePublished":"2022-03-19T08:58:00+00:00","description":"El Padre Eust\u00e1quio cultiv\u00f3 una especial devoci\u00f3n a San Jos\u00e9 a lo largo de su vida. Encontr\u00f3 en la figura del carpintero de Nazaret ayuda en su misi\u00f3n y esperanza para los afligidos.","breadcrumb":{"@id":"https:\/\/www.padreeustaquio.com.br\/dia-de-sao-jose-a-devocao-de-padre-eustaquio-ao-patrono-da-igreja\/#breadcrumb"},"inLanguage":"es","potentialAction":[{"@type":"ReadAction","target":["https:\/\/www.padreeustaquio.com.br\/dia-de-sao-jose-a-devocao-de-padre-eustaquio-ao-patrono-da-igreja\/"]}]},{"@type":"ImageObject","inLanguage":"es","@id":"https:\/\/www.padreeustaquio.com.br\/dia-de-sao-jose-a-devocao-de-padre-eustaquio-ao-patrono-da-igreja\/#primaryimage","url":"https:\/\/www.padreeustaquio.com.br\/wp-content\/uploads\/2022\/03\/Foto-12-Imagem-de-Sao-Jose-que-perteceu-a-Padre-Eustaquio-hoje-no-Museu-dentro-do-Santuario-da-Saude-e-Paz-em-BH-scaled.jpg","contentUrl":"https:\/\/www.padreeustaquio.com.br\/wp-content\/uploads\/2022\/03\/Foto-12-Imagem-de-Sao-Jose-que-perteceu-a-Padre-Eustaquio-hoje-no-Museu-dentro-do-Santuario-da-Saude-e-Paz-em-BH-scaled.jpg","width":2560,"height":1707,"caption":"Imagem de S\u00e3o Jos\u00e9 que perteceu a Padre Eust\u00e1quio, hoje no Museu dentro do Santu\u00e1rio da Sa\u00fade e Paz, em BH"},{"@type":"BreadcrumbList","@id":"https:\/\/www.padreeustaquio.com.br\/dia-de-sao-jose-a-devocao-de-padre-eustaquio-ao-patrono-da-igreja\/#breadcrumb","itemListElement":[{"@type":"ListItem","position":1,"name":"In\u00edcio","item":"https:\/\/www.padreeustaquio.com.br\/"},{"@type":"ListItem","position":2,"name":"Dia de S\u00e3o Jos\u00e9 &#8211; A devo\u00e7\u00e3o de Padre Eust\u00e1quio ao Patrono da Igreja"}]},{"@type":"WebSite","@id":"https:\/\/www.padreeustaquio.com.br\/#website","url":"https:\/\/www.padreeustaquio.com.br\/","name":"Padre Eustace","description":"Salud y Paz","publisher":{"@id":"https:\/\/www.padreeustaquio.com.br\/#organization"},"potentialAction":[{"@type":"SearchAction","target":{"@type":"EntryPoint","urlTemplate":"https:\/\/www.padreeustaquio.com.br\/?s={search_term_string}"},"query-input":{"@type":"PropertyValueSpecification","valueRequired":true,"valueName":"search_term_string"}}],"inLanguage":"es"},{"@type":"Organization","@id":"https:\/\/www.padreeustaquio.com.br\/#organization","name":"Padre Eustace","url":"https:\/\/www.padreeustaquio.com.br\/","logo":{"@type":"ImageObject","inLanguage":"es","@id":"https:\/\/www.padreeustaquio.com.br\/#\/schema\/logo\/image\/","url":"https:\/\/www.padreeustaquio.com.br\/wp-content\/uploads\/2019\/08\/marca.png","contentUrl":"https:\/\/www.padreeustaquio.com.br\/wp-content\/uploads\/2019\/08\/marca.png","width":350,"height":400,"caption":"Padre Eust\u00e1quio"},"image":{"@id":"https:\/\/www.padreeustaquio.com.br\/#\/schema\/logo\/image\/"},"sameAs":["https:\/\/www.facebook.com\/beatopadreeustaquio\/","https:\/\/x.com\/beatopeustaquio","https:\/\/www.instagram.com\/beatopadreeustaquio\/","https:\/\/www.youtube.com\/channel\/UCRhw7vfabnajwLxb1ZXMeIw"]},{"@type":"Person","@id":"https:\/\/www.padreeustaquio.com.br\/#\/schema\/person\/a2a51db1d00f1a7af0204a0f1ddb1566","name":"@sscc","image":{"@type":"ImageObject","inLanguage":"es","@id":"https:\/\/secure.gravatar.com\/avatar\/68cfafa5f44617fea54071e215026e0ff06be366c3d54a8425f04fdcb86f8c5f?s=96&d=mm&r=g","url":"https:\/\/secure.gravatar.com\/avatar\/68cfafa5f44617fea54071e215026e0ff06be366c3d54a8425f04fdcb86f8c5f?s=96&d=mm&r=g","contentUrl":"https:\/\/secure.gravatar.com\/avatar\/68cfafa5f44617fea54071e215026e0ff06be366c3d54a8425f04fdcb86f8c5f?s=96&d=mm&r=g","caption":"@sscc"},"url":"https:\/\/www.padreeustaquio.com.br\/es\/author\/sscc\/"}]}},"_links":{"self":[{"href":"https:\/\/www.padreeustaquio.com.br\/es\/wp-json\/wp\/v2\/posts\/8307","targetHints":{"allow":["GET"]}}],"collection":[{"href":"https:\/\/www.padreeustaquio.com.br\/es\/wp-json\/wp\/v2\/posts"}],"about":[{"href":"https:\/\/www.padreeustaquio.com.br\/es\/wp-json\/wp\/v2\/types\/post"}],"author":[{"embeddable":true,"href":"https:\/\/www.padreeustaquio.com.br\/es\/wp-json\/wp\/v2\/users\/2"}],"replies":[{"embeddable":true,"href":"https:\/\/www.padreeustaquio.com.br\/es\/wp-json\/wp\/v2\/comments?post=8307"}],"version-history":[{"count":0,"href":"https:\/\/www.padreeustaquio.com.br\/es\/wp-json\/wp\/v2\/posts\/8307\/revisions"}],"wp:featuredmedia":[{"embeddable":true,"href":"https:\/\/www.padreeustaquio.com.br\/es\/wp-json\/wp\/v2\/media\/8308"}],"wp:attachment":[{"href":"https:\/\/www.padreeustaquio.com.br\/es\/wp-json\/wp\/v2\/media?parent=8307"}],"wp:term":[{"taxonomy":"category","embeddable":true,"href":"https:\/\/www.padreeustaquio.com.br\/es\/wp-json\/wp\/v2\/categories?post=8307"},{"taxonomy":"post_tag","embeddable":true,"href":"https:\/\/www.padreeustaquio.com.br\/es\/wp-json\/wp\/v2\/tags?post=8307"}],"curies":[{"name":"wp","href":"https:\/\/api.w.org\/{rel}","templated":true}]}}