{"id":8300,"date":"2022-03-18T09:13:30","date_gmt":"2022-03-18T12:13:30","guid":{"rendered":"https:\/\/www.padreeustaquio.com.br\/?p=8300"},"modified":"2022-03-18T10:35:38","modified_gmt":"2022-03-18T13:35:38","slug":"candidato-a-vicepresidente-pronuncia-discurso-en-el-ayuntamiento-de-patrocinio","status":"publish","type":"post","link":"https:\/\/www.padreeustaquio.com.br\/es\/candidato-a-vicepresidente-pronuncia-discurso-en-el-ayuntamiento-de-patrocinio\/","title":{"rendered":"Candidato a vicepresidente da conferencia en el Ayuntamiento de Patroc\u00ednio."},"content":{"rendered":"<p>El vicepostulador de la Causa de Canonizaci\u00f3n del Padre Eust\u00e1quio, Padre Vin\u00edcius Maciel, sscc, particip\u00f3 ayer en la Conferencia de Fraternidad y Educaci\u00f3n, celebrada en la Alcald\u00eda de Patroc\u00ednio, en la regi\u00f3n del Alto Parana\u00edba, Minas Gerais. El evento fue promovido por la Red de Educaci\u00f3n Berlar en colaboraci\u00f3n con el Poder Legislativo del municipio.<\/p>\n\n\n\n<p>La reuni\u00f3n, celebrada la noche del jueves 17 de marzo, reuni\u00f3 a autoridades religiosas, educativas y pol\u00edticas del municipio de Minas Gerais para debatir el tema de la Campa\u00f1a de Fraternidad 2022: Educaci\u00f3n y Fraternidad. En la inauguraci\u00f3n de la conferencia, el concejal Natanael Diniz, docente que solicit\u00f3 que el evento se celebrara en el Ayuntamiento, habl\u00f3 sobre la importancia de la educaci\u00f3n para el mundo. La hija del alcalde Deir\u00f3 Marra, Maria Clara Marra, tambi\u00e9n intervino, destacando la educaci\u00f3n en el municipio, al igual que el secretario de Educaci\u00f3n, Emerson Caixeta. La hermana Concei\u00e7\u00e3o de Oliveira Gon\u00e7alves, presidenta del Instituto Berlar Sagrado Coraz\u00f3n de Mar\u00eda, tambi\u00e9n estuvo presente y destac\u00f3 el papel de las escuelas cat\u00f3licas en esta importante misi\u00f3n educativa.<\/p>\n\n\n\n<p>Invitado por la Red Educativa Berlar, el Padre Vin\u00edcius Maciel, sscc, imparti\u00f3 la conferencia de la noche: &quot;Construyendo Fraternidad a trav\u00e9s de la Educaci\u00f3n&quot;. En sus palabras, el sacerdote, quien tambi\u00e9n es director de las Guarder\u00edas Padre Eust\u00e1quio en Belo Horizonte, destac\u00f3 las divisiones sociales que afectan directamente la calidad del aprendizaje y reforz\u00f3 la necesidad de ser m\u00e1s fraternos en la b\u00fasqueda de la igualdad de condiciones para que todos tengan el mismo acceso a una educaci\u00f3n de calidad.<\/p>\n\n\n\n<p>La conferencia fue transmitida en vivo por la C\u00e1mara Municipal de Patroc\u00ednio y ser\u00e1 retransmitida por el Canal Padre Eust\u00e1quio este s\u00e1bado a las 14 horas.<a href=\"https:\/\/www.youtube.com\/watch?v=_aSWwQa9hxQ\" target=\"_blank\" rel=\"noreferrer noopener\">HAZ CLIC AQU\u00cd Y MIRA<\/a>El material estar\u00e1 disponible en el canal como recurso para contribuir a la Campa\u00f1a de la Fraternidad de este a\u00f1o. Inmediatamente despu\u00e9s de la conferencia, los participantes se reunieron en el sal\u00f3n contiguo al Ayuntamiento y recibieron un certificado de participaci\u00f3n en el evento.<\/p>\n\n\n\n<p><\/p>","protected":false},"excerpt":{"rendered":"<p>O vice-postulador da Causa de Canoniza\u00e7\u00e3o de Padre Eust\u00e1quio, Padre Vin\u00edcius Maciel, sscc, participou ontem da Confer\u00eancia Fraternidade e Educa\u00e7\u00e3o, realizada na C\u00e2mara Municipal de Patroc\u00ednio, no Alto Parana\u00edba Mineiro. O evento foi promovido pela Rede Berlar de Educa\u00e7\u00e3o em parceria com o Poder Legislativo do munic\u00edpio. O encontro, realizado na noite dessa quinta-feira, dia 17 de mar\u00e7o, reuniu autoridades religiosas, educacionais e pol\u00edticas do munic\u00edpio mineiro para discutir o tema da Campanha da Fraternidade 2022: Educa\u00e7\u00e3o e Fraternidade. Na abertura da confer\u00eancia, o vereador Natanael Diniz, que \u00e9 professor e fez o pedido de realiza\u00e7\u00e3o do evento na C\u00e2mara [&hellip;]<\/p>\n","protected":false},"author":2,"featured_media":8301,"comment_status":"open","ping_status":"closed","sticky":false,"template":"","format":"standard","meta":{"_acf_changed":false,"footnotes":""},"categories":[611],"tags":[],"class_list":["post-8300","post","type-post","status-publish","format-standard","has-post-thumbnail","hentry","category-noticias"],"acf":[],"yoast_head":"<!-- This site is optimized with the Yoast SEO plugin v27.2 - https:\/\/yoast.com\/product\/yoast-seo-wordpress\/ -->\n<title>Vice-postulador faz palestra na C\u00e2mara Municipal de Patroc\u00ednio<\/title>\n<meta name=\"description\" content=\"O vice-postulador da Causa de Canoniza\u00e7\u00e3o de Padre Eust\u00e1quio, Padre Vin\u00edcius Maciel, sscc, participou ontem da Confer\u00eancia Fraternidade e Educa\u00e7\u00e3o, realizada pela C\u00e2mara Municipal de Patroc\u00ednio, no Alto Parana\u00edba Mineiro. O evento foi em parceria com a Rede Berlar de Educa\u00e7\u00e3o e transmitido ao vivo pelo Legislativo Municipal.\" \/>\n<meta name=\"robots\" content=\"index, follow, max-snippet:-1, max-image-preview:large, max-video-preview:-1\" \/>\n<link rel=\"canonical\" href=\"https:\/\/www.padreeustaquio.com.br\/es\/candidato-a-vicepresidente-pronuncia-discurso-en-el-ayuntamiento-de-patrocinio\/\" \/>\n<meta property=\"og:locale\" content=\"es_ES\" \/>\n<meta property=\"og:type\" content=\"article\" \/>\n<meta property=\"og:title\" content=\"Vice-postulador faz palestra na C\u00e2mara Municipal de Patroc\u00ednio\" \/>\n<meta property=\"og:description\" content=\"O vice-postulador da Causa de Canoniza\u00e7\u00e3o de Padre Eust\u00e1quio, Padre Vin\u00edcius Maciel, sscc, participou ontem da Confer\u00eancia Fraternidade e Educa\u00e7\u00e3o, realizada pela C\u00e2mara Municipal de Patroc\u00ednio, no Alto Parana\u00edba Mineiro. O evento foi em parceria com a Rede Berlar de Educa\u00e7\u00e3o e transmitido ao vivo pelo Legislativo Municipal.\" \/>\n<meta property=\"og:url\" content=\"https:\/\/www.padreeustaquio.com.br\/es\/candidato-a-vicepresidente-pronuncia-discurso-en-el-ayuntamiento-de-patrocinio\/\" \/>\n<meta property=\"og:site_name\" content=\"Padre Eust\u00e1quio\" \/>\n<meta property=\"article:publisher\" content=\"https:\/\/www.facebook.com\/beatopadreeustaquio\/\" \/>\n<meta property=\"article:published_time\" content=\"2022-03-18T12:13:30+00:00\" \/>\n<meta property=\"article:modified_time\" content=\"2022-03-18T13:35:38+00:00\" \/>\n<meta property=\"og:image\" content=\"https:\/\/www.padreeustaquio.com.br\/wp-content\/uploads\/2022\/03\/palestra-patro-scaled.jpg\" \/>\n\t<meta property=\"og:image:width\" content=\"2560\" \/>\n\t<meta property=\"og:image:height\" content=\"1707\" \/>\n\t<meta property=\"og:image:type\" content=\"image\/jpeg\" \/>\n<meta name=\"author\" content=\"@sscc\" \/>\n<meta name=\"twitter:card\" content=\"summary_large_image\" \/>\n<meta name=\"twitter:creator\" content=\"@beatopeustaquio\" \/>\n<meta name=\"twitter:site\" content=\"@beatopeustaquio\" \/>\n<meta name=\"twitter:label1\" content=\"Escrito por\" \/>\n\t<meta name=\"twitter:data1\" content=\"@sscc\" \/>\n\t<meta name=\"twitter:label2\" content=\"Tiempo de lectura\" \/>\n\t<meta name=\"twitter:data2\" content=\"2 minutos\" \/>\n<script type=\"application\/ld+json\" class=\"yoast-schema-graph\">{\"@context\":\"https:\/\/schema.org\",\"@graph\":[{\"@type\":\"Article\",\"@id\":\"https:\/\/www.padreeustaquio.com.br\/vice-postulador-faz-palestra-na-camara-municipal-de-patrocinio\/#article\",\"isPartOf\":{\"@id\":\"https:\/\/www.padreeustaquio.com.br\/vice-postulador-faz-palestra-na-camara-municipal-de-patrocinio\/\"},\"author\":{\"name\":\"@sscc\",\"@id\":\"https:\/\/www.padreeustaquio.com.br\/#\/schema\/person\/a2a51db1d00f1a7af0204a0f1ddb1566\"},\"headline\":\"Vice-postulador faz palestra na C\u00e2mara Municipal de Patroc\u00ednio\",\"datePublished\":\"2022-03-18T12:13:30+00:00\",\"dateModified\":\"2022-03-18T13:35:38+00:00\",\"mainEntityOfPage\":{\"@id\":\"https:\/\/www.padreeustaquio.com.br\/vice-postulador-faz-palestra-na-camara-municipal-de-patrocinio\/\"},\"wordCount\":363,\"commentCount\":0,\"publisher\":{\"@id\":\"https:\/\/www.padreeustaquio.com.br\/#organization\"},\"image\":{\"@id\":\"https:\/\/www.padreeustaquio.com.br\/vice-postulador-faz-palestra-na-camara-municipal-de-patrocinio\/#primaryimage\"},\"thumbnailUrl\":\"https:\/\/www.padreeustaquio.com.br\/wp-content\/uploads\/2022\/03\/palestra-patro-scaled.jpg\",\"articleSection\":[\"Not\u00edcias\"],\"inLanguage\":\"es\",\"potentialAction\":[{\"@type\":\"CommentAction\",\"name\":\"Comment\",\"target\":[\"https:\/\/www.padreeustaquio.com.br\/vice-postulador-faz-palestra-na-camara-municipal-de-patrocinio\/#respond\"]}]},{\"@type\":\"WebPage\",\"@id\":\"https:\/\/www.padreeustaquio.com.br\/vice-postulador-faz-palestra-na-camara-municipal-de-patrocinio\/\",\"url\":\"https:\/\/www.padreeustaquio.com.br\/vice-postulador-faz-palestra-na-camara-municipal-de-patrocinio\/\",\"name\":\"Vice-postulador faz palestra na C\u00e2mara Municipal de Patroc\u00ednio\",\"isPartOf\":{\"@id\":\"https:\/\/www.padreeustaquio.com.br\/#website\"},\"primaryImageOfPage\":{\"@id\":\"https:\/\/www.padreeustaquio.com.br\/vice-postulador-faz-palestra-na-camara-municipal-de-patrocinio\/#primaryimage\"},\"image\":{\"@id\":\"https:\/\/www.padreeustaquio.com.br\/vice-postulador-faz-palestra-na-camara-municipal-de-patrocinio\/#primaryimage\"},\"thumbnailUrl\":\"https:\/\/www.padreeustaquio.com.br\/wp-content\/uploads\/2022\/03\/palestra-patro-scaled.jpg\",\"datePublished\":\"2022-03-18T12:13:30+00:00\",\"dateModified\":\"2022-03-18T13:35:38+00:00\",\"description\":\"O vice-postulador da Causa de Canoniza\u00e7\u00e3o de Padre Eust\u00e1quio, Padre Vin\u00edcius Maciel, sscc, participou ontem da Confer\u00eancia Fraternidade e Educa\u00e7\u00e3o, realizada pela C\u00e2mara Municipal de Patroc\u00ednio, no Alto Parana\u00edba Mineiro. O evento foi em parceria com a Rede Berlar de Educa\u00e7\u00e3o e transmitido ao vivo pelo Legislativo Municipal.\",\"breadcrumb\":{\"@id\":\"https:\/\/www.padreeustaquio.com.br\/vice-postulador-faz-palestra-na-camara-municipal-de-patrocinio\/#breadcrumb\"},\"inLanguage\":\"es\",\"potentialAction\":[{\"@type\":\"ReadAction\",\"target\":[\"https:\/\/www.padreeustaquio.com.br\/vice-postulador-faz-palestra-na-camara-municipal-de-patrocinio\/\"]}]},{\"@type\":\"ImageObject\",\"inLanguage\":\"es\",\"@id\":\"https:\/\/www.padreeustaquio.com.br\/vice-postulador-faz-palestra-na-camara-municipal-de-patrocinio\/#primaryimage\",\"url\":\"https:\/\/www.padreeustaquio.com.br\/wp-content\/uploads\/2022\/03\/palestra-patro-scaled.jpg\",\"contentUrl\":\"https:\/\/www.padreeustaquio.com.br\/wp-content\/uploads\/2022\/03\/palestra-patro-scaled.jpg\",\"width\":2560,\"height\":1707},{\"@type\":\"BreadcrumbList\",\"@id\":\"https:\/\/www.padreeustaquio.com.br\/vice-postulador-faz-palestra-na-camara-municipal-de-patrocinio\/#breadcrumb\",\"itemListElement\":[{\"@type\":\"ListItem\",\"position\":1,\"name\":\"In\u00edcio\",\"item\":\"https:\/\/www.padreeustaquio.com.br\/\"},{\"@type\":\"ListItem\",\"position\":2,\"name\":\"Vice-postulador faz palestra na C\u00e2mara Municipal de Patroc\u00ednio\"}]},{\"@type\":\"WebSite\",\"@id\":\"https:\/\/www.padreeustaquio.com.br\/#website\",\"url\":\"https:\/\/www.padreeustaquio.com.br\/\",\"name\":\"Padre Eust\u00e1quio\",\"description\":\"Sa\u00fade e Paz\",\"publisher\":{\"@id\":\"https:\/\/www.padreeustaquio.com.br\/#organization\"},\"potentialAction\":[{\"@type\":\"SearchAction\",\"target\":{\"@type\":\"EntryPoint\",\"urlTemplate\":\"https:\/\/www.padreeustaquio.com.br\/?s={search_term_string}\"},\"query-input\":{\"@type\":\"PropertyValueSpecification\",\"valueRequired\":true,\"valueName\":\"search_term_string\"}}],\"inLanguage\":\"es\"},{\"@type\":\"Organization\",\"@id\":\"https:\/\/www.padreeustaquio.com.br\/#organization\",\"name\":\"Padre Eust\u00e1quio\",\"url\":\"https:\/\/www.padreeustaquio.com.br\/\",\"logo\":{\"@type\":\"ImageObject\",\"inLanguage\":\"es\",\"@id\":\"https:\/\/www.padreeustaquio.com.br\/#\/schema\/logo\/image\/\",\"url\":\"https:\/\/www.padreeustaquio.com.br\/wp-content\/uploads\/2019\/08\/marca.png\",\"contentUrl\":\"https:\/\/www.padreeustaquio.com.br\/wp-content\/uploads\/2019\/08\/marca.png\",\"width\":350,\"height\":400,\"caption\":\"Padre Eust\u00e1quio\"},\"image\":{\"@id\":\"https:\/\/www.padreeustaquio.com.br\/#\/schema\/logo\/image\/\"},\"sameAs\":[\"https:\/\/www.facebook.com\/beatopadreeustaquio\/\",\"https:\/\/x.com\/beatopeustaquio\",\"https:\/\/www.instagram.com\/beatopadreeustaquio\/\",\"https:\/\/www.youtube.com\/channel\/UCRhw7vfabnajwLxb1ZXMeIw\"]},{\"@type\":\"Person\",\"@id\":\"https:\/\/www.padreeustaquio.com.br\/#\/schema\/person\/a2a51db1d00f1a7af0204a0f1ddb1566\",\"name\":\"@sscc\",\"image\":{\"@type\":\"ImageObject\",\"inLanguage\":\"es\",\"@id\":\"https:\/\/secure.gravatar.com\/avatar\/68cfafa5f44617fea54071e215026e0ff06be366c3d54a8425f04fdcb86f8c5f?s=96&d=mm&r=g\",\"url\":\"https:\/\/secure.gravatar.com\/avatar\/68cfafa5f44617fea54071e215026e0ff06be366c3d54a8425f04fdcb86f8c5f?s=96&d=mm&r=g\",\"contentUrl\":\"https:\/\/secure.gravatar.com\/avatar\/68cfafa5f44617fea54071e215026e0ff06be366c3d54a8425f04fdcb86f8c5f?s=96&d=mm&r=g\",\"caption\":\"@sscc\"},\"url\":\"https:\/\/www.padreeustaquio.com.br\/es\/author\/sscc\/\"}]}<\/script>\n<!-- \/ Yoast SEO plugin. -->","yoast_head_json":{"title":"Candidato a vicepresidente da conferencia en el Ayuntamiento de Patroc\u00ednio.","description":"El vicepostulador de la Causa de Canonizaci\u00f3n del Padre Eust\u00e1quio, Padre Vin\u00edcius Maciel, sscc, particip\u00f3 ayer en la Conferencia de Fraternidad y Educaci\u00f3n, organizada por la C\u00e1mara Municipal de Patroc\u00ednio, en la regi\u00f3n del Alto Parana\u00edba, Minas Gerais. El evento se realiz\u00f3 en colaboraci\u00f3n con la Red Educativa Berlar y fue transmitido en vivo por la Legislatura Municipal.","robots":{"index":"index","follow":"follow","max-snippet":"max-snippet:-1","max-image-preview":"max-image-preview:large","max-video-preview":"max-video-preview:-1"},"canonical":"https:\/\/www.padreeustaquio.com.br\/es\/candidato-a-vicepresidente-pronuncia-discurso-en-el-ayuntamiento-de-patrocinio\/","og_locale":"es_ES","og_type":"article","og_title":"Vice-postulador faz palestra na C\u00e2mara Municipal de Patroc\u00ednio","og_description":"O vice-postulador da Causa de Canoniza\u00e7\u00e3o de Padre Eust\u00e1quio, Padre Vin\u00edcius Maciel, sscc, participou ontem da Confer\u00eancia Fraternidade e Educa\u00e7\u00e3o, realizada pela C\u00e2mara Municipal de Patroc\u00ednio, no Alto Parana\u00edba Mineiro. O evento foi em parceria com a Rede Berlar de Educa\u00e7\u00e3o e transmitido ao vivo pelo Legislativo Municipal.","og_url":"https:\/\/www.padreeustaquio.com.br\/es\/candidato-a-vicepresidente-pronuncia-discurso-en-el-ayuntamiento-de-patrocinio\/","og_site_name":"Padre Eust\u00e1quio","article_publisher":"https:\/\/www.facebook.com\/beatopadreeustaquio\/","article_published_time":"2022-03-18T12:13:30+00:00","article_modified_time":"2022-03-18T13:35:38+00:00","og_image":[{"width":2560,"height":1707,"url":"https:\/\/www.padreeustaquio.com.br\/wp-content\/uploads\/2022\/03\/palestra-patro-scaled.jpg","type":"image\/jpeg"}],"author":"@sscc","twitter_card":"summary_large_image","twitter_creator":"@beatopeustaquio","twitter_site":"@beatopeustaquio","twitter_misc":{"Escrito por":"@sscc","Tiempo de lectura":"2 minutos"},"schema":{"@context":"https:\/\/schema.org","@graph":[{"@type":"Article","@id":"https:\/\/www.padreeustaquio.com.br\/vice-postulador-faz-palestra-na-camara-municipal-de-patrocinio\/#article","isPartOf":{"@id":"https:\/\/www.padreeustaquio.com.br\/vice-postulador-faz-palestra-na-camara-municipal-de-patrocinio\/"},"author":{"name":"@sscc","@id":"https:\/\/www.padreeustaquio.com.br\/#\/schema\/person\/a2a51db1d00f1a7af0204a0f1ddb1566"},"headline":"Vice-postulador faz palestra na C\u00e2mara Municipal de Patroc\u00ednio","datePublished":"2022-03-18T12:13:30+00:00","dateModified":"2022-03-18T13:35:38+00:00","mainEntityOfPage":{"@id":"https:\/\/www.padreeustaquio.com.br\/vice-postulador-faz-palestra-na-camara-municipal-de-patrocinio\/"},"wordCount":363,"commentCount":0,"publisher":{"@id":"https:\/\/www.padreeustaquio.com.br\/#organization"},"image":{"@id":"https:\/\/www.padreeustaquio.com.br\/vice-postulador-faz-palestra-na-camara-municipal-de-patrocinio\/#primaryimage"},"thumbnailUrl":"https:\/\/www.padreeustaquio.com.br\/wp-content\/uploads\/2022\/03\/palestra-patro-scaled.jpg","articleSection":["Not\u00edcias"],"inLanguage":"es","potentialAction":[{"@type":"CommentAction","name":"Comment","target":["https:\/\/www.padreeustaquio.com.br\/vice-postulador-faz-palestra-na-camara-municipal-de-patrocinio\/#respond"]}]},{"@type":"WebPage","@id":"https:\/\/www.padreeustaquio.com.br\/vice-postulador-faz-palestra-na-camara-municipal-de-patrocinio\/","url":"https:\/\/www.padreeustaquio.com.br\/vice-postulador-faz-palestra-na-camara-municipal-de-patrocinio\/","name":"Candidato a vicepresidente da conferencia en el Ayuntamiento de Patroc\u00ednio.","isPartOf":{"@id":"https:\/\/www.padreeustaquio.com.br\/#website"},"primaryImageOfPage":{"@id":"https:\/\/www.padreeustaquio.com.br\/vice-postulador-faz-palestra-na-camara-municipal-de-patrocinio\/#primaryimage"},"image":{"@id":"https:\/\/www.padreeustaquio.com.br\/vice-postulador-faz-palestra-na-camara-municipal-de-patrocinio\/#primaryimage"},"thumbnailUrl":"https:\/\/www.padreeustaquio.com.br\/wp-content\/uploads\/2022\/03\/palestra-patro-scaled.jpg","datePublished":"2022-03-18T12:13:30+00:00","dateModified":"2022-03-18T13:35:38+00:00","description":"El vicepostulador de la Causa de Canonizaci\u00f3n del Padre Eust\u00e1quio, Padre Vin\u00edcius Maciel, sscc, particip\u00f3 ayer en la Conferencia de Fraternidad y Educaci\u00f3n, organizada por la C\u00e1mara Municipal de Patroc\u00ednio, en la regi\u00f3n del Alto Parana\u00edba, Minas Gerais. El evento se realiz\u00f3 en colaboraci\u00f3n con la Red Educativa Berlar y fue transmitido en vivo por la Legislatura Municipal.","breadcrumb":{"@id":"https:\/\/www.padreeustaquio.com.br\/vice-postulador-faz-palestra-na-camara-municipal-de-patrocinio\/#breadcrumb"},"inLanguage":"es","potentialAction":[{"@type":"ReadAction","target":["https:\/\/www.padreeustaquio.com.br\/vice-postulador-faz-palestra-na-camara-municipal-de-patrocinio\/"]}]},{"@type":"ImageObject","inLanguage":"es","@id":"https:\/\/www.padreeustaquio.com.br\/vice-postulador-faz-palestra-na-camara-municipal-de-patrocinio\/#primaryimage","url":"https:\/\/www.padreeustaquio.com.br\/wp-content\/uploads\/2022\/03\/palestra-patro-scaled.jpg","contentUrl":"https:\/\/www.padreeustaquio.com.br\/wp-content\/uploads\/2022\/03\/palestra-patro-scaled.jpg","width":2560,"height":1707},{"@type":"BreadcrumbList","@id":"https:\/\/www.padreeustaquio.com.br\/vice-postulador-faz-palestra-na-camara-municipal-de-patrocinio\/#breadcrumb","itemListElement":[{"@type":"ListItem","position":1,"name":"In\u00edcio","item":"https:\/\/www.padreeustaquio.com.br\/"},{"@type":"ListItem","position":2,"name":"Vice-postulador faz palestra na C\u00e2mara Municipal de Patroc\u00ednio"}]},{"@type":"WebSite","@id":"https:\/\/www.padreeustaquio.com.br\/#website","url":"https:\/\/www.padreeustaquio.com.br\/","name":"Padre Eustace","description":"Salud y Paz","publisher":{"@id":"https:\/\/www.padreeustaquio.com.br\/#organization"},"potentialAction":[{"@type":"SearchAction","target":{"@type":"EntryPoint","urlTemplate":"https:\/\/www.padreeustaquio.com.br\/?s={search_term_string}"},"query-input":{"@type":"PropertyValueSpecification","valueRequired":true,"valueName":"search_term_string"}}],"inLanguage":"es"},{"@type":"Organization","@id":"https:\/\/www.padreeustaquio.com.br\/#organization","name":"Padre Eustace","url":"https:\/\/www.padreeustaquio.com.br\/","logo":{"@type":"ImageObject","inLanguage":"es","@id":"https:\/\/www.padreeustaquio.com.br\/#\/schema\/logo\/image\/","url":"https:\/\/www.padreeustaquio.com.br\/wp-content\/uploads\/2019\/08\/marca.png","contentUrl":"https:\/\/www.padreeustaquio.com.br\/wp-content\/uploads\/2019\/08\/marca.png","width":350,"height":400,"caption":"Padre Eust\u00e1quio"},"image":{"@id":"https:\/\/www.padreeustaquio.com.br\/#\/schema\/logo\/image\/"},"sameAs":["https:\/\/www.facebook.com\/beatopadreeustaquio\/","https:\/\/x.com\/beatopeustaquio","https:\/\/www.instagram.com\/beatopadreeustaquio\/","https:\/\/www.youtube.com\/channel\/UCRhw7vfabnajwLxb1ZXMeIw"]},{"@type":"Person","@id":"https:\/\/www.padreeustaquio.com.br\/#\/schema\/person\/a2a51db1d00f1a7af0204a0f1ddb1566","name":"@sscc","image":{"@type":"ImageObject","inLanguage":"es","@id":"https:\/\/secure.gravatar.com\/avatar\/68cfafa5f44617fea54071e215026e0ff06be366c3d54a8425f04fdcb86f8c5f?s=96&d=mm&r=g","url":"https:\/\/secure.gravatar.com\/avatar\/68cfafa5f44617fea54071e215026e0ff06be366c3d54a8425f04fdcb86f8c5f?s=96&d=mm&r=g","contentUrl":"https:\/\/secure.gravatar.com\/avatar\/68cfafa5f44617fea54071e215026e0ff06be366c3d54a8425f04fdcb86f8c5f?s=96&d=mm&r=g","caption":"@sscc"},"url":"https:\/\/www.padreeustaquio.com.br\/es\/author\/sscc\/"}]}},"_links":{"self":[{"href":"https:\/\/www.padreeustaquio.com.br\/es\/wp-json\/wp\/v2\/posts\/8300","targetHints":{"allow":["GET"]}}],"collection":[{"href":"https:\/\/www.padreeustaquio.com.br\/es\/wp-json\/wp\/v2\/posts"}],"about":[{"href":"https:\/\/www.padreeustaquio.com.br\/es\/wp-json\/wp\/v2\/types\/post"}],"author":[{"embeddable":true,"href":"https:\/\/www.padreeustaquio.com.br\/es\/wp-json\/wp\/v2\/users\/2"}],"replies":[{"embeddable":true,"href":"https:\/\/www.padreeustaquio.com.br\/es\/wp-json\/wp\/v2\/comments?post=8300"}],"version-history":[{"count":0,"href":"https:\/\/www.padreeustaquio.com.br\/es\/wp-json\/wp\/v2\/posts\/8300\/revisions"}],"wp:featuredmedia":[{"embeddable":true,"href":"https:\/\/www.padreeustaquio.com.br\/es\/wp-json\/wp\/v2\/media\/8301"}],"wp:attachment":[{"href":"https:\/\/www.padreeustaquio.com.br\/es\/wp-json\/wp\/v2\/media?parent=8300"}],"wp:term":[{"taxonomy":"category","embeddable":true,"href":"https:\/\/www.padreeustaquio.com.br\/es\/wp-json\/wp\/v2\/categories?post=8300"},{"taxonomy":"post_tag","embeddable":true,"href":"https:\/\/www.padreeustaquio.com.br\/es\/wp-json\/wp\/v2\/tags?post=8300"}],"curies":[{"name":"wp","href":"https:\/\/api.w.org\/{rel}","templated":true}]}}