{"id":8288,"date":"2022-03-17T06:00:00","date_gmt":"2022-03-17T09:00:00","guid":{"rendered":"https:\/\/www.padreeustaquio.com.br\/?p=8288"},"modified":"2022-03-16T14:10:34","modified_gmt":"2022-03-16T17:10:34","slug":"palabras-del-padre-eustaquio-san-jose-santo-patrono-de-la-iglesia","status":"publish","type":"post","link":"https:\/\/www.padreeustaquio.com.br\/es\/palabras-del-padre-eustaquio-san-jose-santo-patrono-de-la-iglesia\/","title":{"rendered":"Palabras del Padre Eust\u00e1quio: San Jos\u00e9, patrono de la Iglesia"},"content":{"rendered":"<p>El Padre Eust\u00e1quio cultiv\u00f3 una gran devoci\u00f3n a San Jos\u00e9 durante toda su vida. Entre sus pertenencias personales, encontramos abundante material relacionado con el Santo Patr\u00f3n de la Iglesia, incluyendo grabados, oraciones y numerosos textos.<\/p>\n\n\n\n<p>Y en uno de estos textos, el Padre Eustaquio habla de la importancia de San Jos\u00e9 dentro de la Sagrada Familia y del orgullo que sent\u00eda de ser el padre adoptivo del Hijo de Dios.<\/p>\n\n\n\n<p>Lea el texto completo publicado en el bolet\u00edn de la Parroquia de los Sagrados Corazones el 24 de marzo de 1946:<\/p>\n\n\n\n<p><em>\u201cNo conocemos nombres m\u00e1s sagrados que los de Jes\u00fas, Mar\u00eda y Jos\u00e9. Este orden de nombres ya indica el lugar prominente que ocupa San Jos\u00e9 en el reino de Dios. Consideremos a San Jos\u00e9 como cabeza de familia. San Jos\u00e9 es el esposo de la Sant\u00edsima Virgen Mar\u00eda. Los Santos Padres declaran que Dios quiso darle un esposo para salvaguardar su honor, para guardar el secreto de la naturaleza divina de Jes\u00fas, hasta la hora determinada por la Divina Providencia, para ser siempre el consuelo y el apoyo de Nuestra Se\u00f1ora. Un padre adoptivo era necesario para formar una familia ejemplar para todas las familias cristianas.<\/em><\/p>\n\n\n\n<p><em>\u00a1Padre adoptivo! \u00a1Qu\u00e9 honor para San Jos\u00e9 ser llamado con el dulce nombre de padre por su hijo Jes\u00fas! Nuestra Se\u00f1ora tambi\u00e9n habl\u00f3 de esto cuando dijo: \u201cTu padre y yo te buscamos\u201d. Los evangelistas lo llaman Padre, y en verdad San Jos\u00e9 cumpli\u00f3 con todos los deberes de un padre para con Jes\u00fas. El Se\u00f1or del Universo se dej\u00f3 llevar, guiar y vestir por un hombre tan humilde: \u00a1San Jos\u00e9! San Jos\u00e9 no solo ten\u00eda los deberes de un padre, sino tambi\u00e9n los derechos. \u00a1Cristo obedeci\u00f3 las palabras de San Jos\u00e9!<\/em><\/p>\n\n\n\n<p><em>Cuando los j\u00f3venes de Ema\u00fas, que hab\u00edan pasado poco tiempo en compa\u00f1\u00eda de Jes\u00fas, dec\u00edan que les ard\u00eda el coraz\u00f3n, \u00a1cu\u00e1n intensamente debi\u00f3 arder el coraz\u00f3n de San Jos\u00e9! Disfrut\u00f3 de la compa\u00f1\u00eda de Jes\u00fas durante tantos a\u00f1os. Apreciemos a San Jos\u00e9 como Patr\u00f3n de la cristiandad.<\/em><\/p>\n\n\n\n<p><em>La Sagrada Escritura dice: Jos\u00e9 era un hombre justo. \u00bfQu\u00e9 significa ser justo? En primer lugar: dar a cada uno lo suyo. El emperador romano lo llama a Bel\u00e9n, y \u00e9l va... La voz de Dios lo llama a Egipto, y \u00e9l va... El hombre justo evita el mal, hace el bien. \u00bfNo habr\u00eda hecho esto san Jos\u00e9, en compa\u00f1\u00eda de Jes\u00fas y Mar\u00eda?<\/em><\/p>\n\n\n\n<p><em>Contemplemos su santa muerte. La muerte de los santos es preciosa a los ojos del Se\u00f1or. Bienaventurados los que mueren en el Se\u00f1or. San Jos\u00e9 muri\u00f3 en los brazos de Jes\u00fas y Mar\u00eda. Por eso, invocamos a San Jos\u00e9 como Patr\u00f3n de los moribundos.<\/em><\/p>\n\n\n\n<p><em>Consideremos la gran gloria y poder de San Jos\u00e9 en el cielo. La santidad es tanto mayor cuanto m\u00e1s cerca estamos de Jes\u00fas, cuanto m\u00e1s servicio les prestamos a Jes\u00fas y a Mar\u00eda. Como padre adoptivo de Jes\u00fas, como esposo de Mar\u00eda, trabaj\u00f3 solo por sus santos y, por lo tanto, fue colocado tan alto en el cielo y posee un poder tan grande y una intercesi\u00f3n tan eficaz. Santa Teresa y San Bernardino dan testimonio de que nunca fueron a San Jos\u00e9 sin ser escuchados. \u201cVayan a Jos\u00e9\u201d es su consejo constante. Elijamos a San Jos\u00e9 como nuestro Patr\u00f3n, como quien nos ilumina, intercede por nosotros y nos ayuda.\u201d<\/em><\/p>\n\n\n\n<p><\/p>","protected":false},"excerpt":{"rendered":"<p>Padre Eust\u00e1quio nutriu em toda sua vida uma grande devo\u00e7\u00e3o a S\u00e3o Jos\u00e9. Em seus pertences pessoais encontramos muito material ligado ao Patrono da Igreja. S\u00e3o gravuras, ora\u00e7\u00f5es e muitos textos. E em um desses textos, Padre Eust\u00e1quio fala sobre a import\u00e2ncia de S\u00e3o Jos\u00e9 dentro da Sagrada Fam\u00edlia e como foi para ele o orgulho de ser o Pai adotivo do Filho de Deus. Leia na \u00edntegra o texto publicado no boletim da Par\u00f3quia dos Sagrados Cora\u00e7\u00f5es no dia 24 de mar\u00e7o de 1946: &#8220;N\u00e3o conhecemos nomes mais santos, que os nomes \u2013 Jesus, Maria, Jos\u00e9. Esta ordem dos [&hellip;]<\/p>\n","protected":false},"author":2,"featured_media":8289,"comment_status":"open","ping_status":"closed","sticky":false,"template":"","format":"standard","meta":{"_acf_changed":false,"footnotes":""},"categories":[611],"tags":[],"class_list":["post-8288","post","type-post","status-publish","format-standard","has-post-thumbnail","hentry","category-noticias"],"acf":[],"yoast_head":"<!-- This site is optimized with the Yoast SEO plugin v27.2 - https:\/\/yoast.com\/product\/yoast-seo-wordpress\/ -->\n<title>Palavras do Padre Eust\u00e1quio: S\u00e3o Jos\u00e9, o patrono da Igreja - Padre Eust\u00e1quio<\/title>\n<meta name=\"robots\" content=\"index, follow, max-snippet:-1, max-image-preview:large, max-video-preview:-1\" \/>\n<link rel=\"canonical\" href=\"https:\/\/www.padreeustaquio.com.br\/es\/palabras-del-padre-eustaquio-san-jose-santo-patrono-de-la-iglesia\/\" \/>\n<meta property=\"og:locale\" content=\"es_ES\" \/>\n<meta property=\"og:type\" content=\"article\" \/>\n<meta property=\"og:title\" content=\"Palavras do Padre Eust\u00e1quio: S\u00e3o Jos\u00e9, o patrono da Igreja - Padre Eust\u00e1quio\" \/>\n<meta property=\"og:description\" content=\"Padre Eust\u00e1quio nutriu em toda sua vida uma grande devo\u00e7\u00e3o a S\u00e3o Jos\u00e9. Em seus pertences pessoais encontramos muito material ligado ao Patrono da Igreja. S\u00e3o gravuras, ora\u00e7\u00f5es e muitos textos. E em um desses textos, Padre Eust\u00e1quio fala sobre a import\u00e2ncia de S\u00e3o Jos\u00e9 dentro da Sagrada Fam\u00edlia e como foi para ele o orgulho de ser o Pai adotivo do Filho de Deus. Leia na \u00edntegra o texto publicado no boletim da Par\u00f3quia dos Sagrados Cora\u00e7\u00f5es no dia 24 de mar\u00e7o de 1946: &#8220;N\u00e3o conhecemos nomes mais santos, que os nomes \u2013 Jesus, Maria, Jos\u00e9. Esta ordem dos [&hellip;]\" \/>\n<meta property=\"og:url\" content=\"https:\/\/www.padreeustaquio.com.br\/es\/palabras-del-padre-eustaquio-san-jose-santo-patrono-de-la-iglesia\/\" \/>\n<meta property=\"og:site_name\" content=\"Padre Eust\u00e1quio\" \/>\n<meta property=\"article:publisher\" content=\"https:\/\/www.facebook.com\/beatopadreeustaquio\/\" \/>\n<meta property=\"article:published_time\" content=\"2022-03-17T09:00:00+00:00\" \/>\n<meta property=\"og:image\" content=\"https:\/\/www.padreeustaquio.com.br\/wp-content\/uploads\/2022\/03\/0023-scaled.jpg\" \/>\n\t<meta property=\"og:image:width\" content=\"2560\" \/>\n\t<meta property=\"og:image:height\" content=\"1755\" \/>\n\t<meta property=\"og:image:type\" content=\"image\/jpeg\" \/>\n<meta name=\"author\" content=\"@sscc\" \/>\n<meta name=\"twitter:card\" content=\"summary_large_image\" \/>\n<meta name=\"twitter:creator\" content=\"@beatopeustaquio\" \/>\n<meta name=\"twitter:site\" content=\"@beatopeustaquio\" \/>\n<meta name=\"twitter:label1\" content=\"Escrito por\" \/>\n\t<meta name=\"twitter:data1\" content=\"@sscc\" \/>\n\t<meta name=\"twitter:label2\" content=\"Tiempo de lectura\" \/>\n\t<meta name=\"twitter:data2\" content=\"3 minutos\" \/>\n<script type=\"application\/ld+json\" class=\"yoast-schema-graph\">{\"@context\":\"https:\/\/schema.org\",\"@graph\":[{\"@type\":\"Article\",\"@id\":\"https:\/\/www.padreeustaquio.com.br\/palavras-do-padre-eustaquio-sao-jose-o-patrono-da-igreja\/#article\",\"isPartOf\":{\"@id\":\"https:\/\/www.padreeustaquio.com.br\/palavras-do-padre-eustaquio-sao-jose-o-patrono-da-igreja\/\"},\"author\":{\"name\":\"@sscc\",\"@id\":\"https:\/\/www.padreeustaquio.com.br\/#\/schema\/person\/a2a51db1d00f1a7af0204a0f1ddb1566\"},\"headline\":\"Palavras do Padre Eust\u00e1quio: S\u00e3o Jos\u00e9, o patrono da Igreja\",\"datePublished\":\"2022-03-17T09:00:00+00:00\",\"mainEntityOfPage\":{\"@id\":\"https:\/\/www.padreeustaquio.com.br\/palavras-do-padre-eustaquio-sao-jose-o-patrono-da-igreja\/\"},\"wordCount\":583,\"commentCount\":0,\"publisher\":{\"@id\":\"https:\/\/www.padreeustaquio.com.br\/#organization\"},\"image\":{\"@id\":\"https:\/\/www.padreeustaquio.com.br\/palavras-do-padre-eustaquio-sao-jose-o-patrono-da-igreja\/#primaryimage\"},\"thumbnailUrl\":\"https:\/\/www.padreeustaquio.com.br\/wp-content\/uploads\/2022\/03\/0023-scaled.jpg\",\"articleSection\":[\"Not\u00edcias\"],\"inLanguage\":\"es\",\"potentialAction\":[{\"@type\":\"CommentAction\",\"name\":\"Comment\",\"target\":[\"https:\/\/www.padreeustaquio.com.br\/palavras-do-padre-eustaquio-sao-jose-o-patrono-da-igreja\/#respond\"]}]},{\"@type\":\"WebPage\",\"@id\":\"https:\/\/www.padreeustaquio.com.br\/palavras-do-padre-eustaquio-sao-jose-o-patrono-da-igreja\/\",\"url\":\"https:\/\/www.padreeustaquio.com.br\/palavras-do-padre-eustaquio-sao-jose-o-patrono-da-igreja\/\",\"name\":\"Palavras do Padre Eust\u00e1quio: S\u00e3o Jos\u00e9, o patrono da Igreja - Padre Eust\u00e1quio\",\"isPartOf\":{\"@id\":\"https:\/\/www.padreeustaquio.com.br\/#website\"},\"primaryImageOfPage\":{\"@id\":\"https:\/\/www.padreeustaquio.com.br\/palavras-do-padre-eustaquio-sao-jose-o-patrono-da-igreja\/#primaryimage\"},\"image\":{\"@id\":\"https:\/\/www.padreeustaquio.com.br\/palavras-do-padre-eustaquio-sao-jose-o-patrono-da-igreja\/#primaryimage\"},\"thumbnailUrl\":\"https:\/\/www.padreeustaquio.com.br\/wp-content\/uploads\/2022\/03\/0023-scaled.jpg\",\"datePublished\":\"2022-03-17T09:00:00+00:00\",\"breadcrumb\":{\"@id\":\"https:\/\/www.padreeustaquio.com.br\/palavras-do-padre-eustaquio-sao-jose-o-patrono-da-igreja\/#breadcrumb\"},\"inLanguage\":\"es\",\"potentialAction\":[{\"@type\":\"ReadAction\",\"target\":[\"https:\/\/www.padreeustaquio.com.br\/palavras-do-padre-eustaquio-sao-jose-o-patrono-da-igreja\/\"]}]},{\"@type\":\"ImageObject\",\"inLanguage\":\"es\",\"@id\":\"https:\/\/www.padreeustaquio.com.br\/palavras-do-padre-eustaquio-sao-jose-o-patrono-da-igreja\/#primaryimage\",\"url\":\"https:\/\/www.padreeustaquio.com.br\/wp-content\/uploads\/2022\/03\/0023-scaled.jpg\",\"contentUrl\":\"https:\/\/www.padreeustaquio.com.br\/wp-content\/uploads\/2022\/03\/0023-scaled.jpg\",\"width\":2560,\"height\":1755},{\"@type\":\"BreadcrumbList\",\"@id\":\"https:\/\/www.padreeustaquio.com.br\/palavras-do-padre-eustaquio-sao-jose-o-patrono-da-igreja\/#breadcrumb\",\"itemListElement\":[{\"@type\":\"ListItem\",\"position\":1,\"name\":\"In\u00edcio\",\"item\":\"https:\/\/www.padreeustaquio.com.br\/\"},{\"@type\":\"ListItem\",\"position\":2,\"name\":\"Palavras do Padre Eust\u00e1quio: S\u00e3o Jos\u00e9, o patrono da Igreja\"}]},{\"@type\":\"WebSite\",\"@id\":\"https:\/\/www.padreeustaquio.com.br\/#website\",\"url\":\"https:\/\/www.padreeustaquio.com.br\/\",\"name\":\"Padre Eust\u00e1quio\",\"description\":\"Sa\u00fade e Paz\",\"publisher\":{\"@id\":\"https:\/\/www.padreeustaquio.com.br\/#organization\"},\"potentialAction\":[{\"@type\":\"SearchAction\",\"target\":{\"@type\":\"EntryPoint\",\"urlTemplate\":\"https:\/\/www.padreeustaquio.com.br\/?s={search_term_string}\"},\"query-input\":{\"@type\":\"PropertyValueSpecification\",\"valueRequired\":true,\"valueName\":\"search_term_string\"}}],\"inLanguage\":\"es\"},{\"@type\":\"Organization\",\"@id\":\"https:\/\/www.padreeustaquio.com.br\/#organization\",\"name\":\"Padre Eust\u00e1quio\",\"url\":\"https:\/\/www.padreeustaquio.com.br\/\",\"logo\":{\"@type\":\"ImageObject\",\"inLanguage\":\"es\",\"@id\":\"https:\/\/www.padreeustaquio.com.br\/#\/schema\/logo\/image\/\",\"url\":\"https:\/\/www.padreeustaquio.com.br\/wp-content\/uploads\/2019\/08\/marca.png\",\"contentUrl\":\"https:\/\/www.padreeustaquio.com.br\/wp-content\/uploads\/2019\/08\/marca.png\",\"width\":350,\"height\":400,\"caption\":\"Padre Eust\u00e1quio\"},\"image\":{\"@id\":\"https:\/\/www.padreeustaquio.com.br\/#\/schema\/logo\/image\/\"},\"sameAs\":[\"https:\/\/www.facebook.com\/beatopadreeustaquio\/\",\"https:\/\/x.com\/beatopeustaquio\",\"https:\/\/www.instagram.com\/beatopadreeustaquio\/\",\"https:\/\/www.youtube.com\/channel\/UCRhw7vfabnajwLxb1ZXMeIw\"]},{\"@type\":\"Person\",\"@id\":\"https:\/\/www.padreeustaquio.com.br\/#\/schema\/person\/a2a51db1d00f1a7af0204a0f1ddb1566\",\"name\":\"@sscc\",\"image\":{\"@type\":\"ImageObject\",\"inLanguage\":\"es\",\"@id\":\"https:\/\/secure.gravatar.com\/avatar\/68cfafa5f44617fea54071e215026e0ff06be366c3d54a8425f04fdcb86f8c5f?s=96&d=mm&r=g\",\"url\":\"https:\/\/secure.gravatar.com\/avatar\/68cfafa5f44617fea54071e215026e0ff06be366c3d54a8425f04fdcb86f8c5f?s=96&d=mm&r=g\",\"contentUrl\":\"https:\/\/secure.gravatar.com\/avatar\/68cfafa5f44617fea54071e215026e0ff06be366c3d54a8425f04fdcb86f8c5f?s=96&d=mm&r=g\",\"caption\":\"@sscc\"},\"url\":\"https:\/\/www.padreeustaquio.com.br\/es\/author\/sscc\/\"}]}<\/script>\n<!-- \/ Yoast SEO plugin. -->","yoast_head_json":{"title":"Palabras del Padre Eustace: San Jos\u00e9, el santo patrono de la Iglesia - Padre Eustace","robots":{"index":"index","follow":"follow","max-snippet":"max-snippet:-1","max-image-preview":"max-image-preview:large","max-video-preview":"max-video-preview:-1"},"canonical":"https:\/\/www.padreeustaquio.com.br\/es\/palabras-del-padre-eustaquio-san-jose-santo-patrono-de-la-iglesia\/","og_locale":"es_ES","og_type":"article","og_title":"Palavras do Padre Eust\u00e1quio: S\u00e3o Jos\u00e9, o patrono da Igreja - Padre Eust\u00e1quio","og_description":"Padre Eust\u00e1quio nutriu em toda sua vida uma grande devo\u00e7\u00e3o a S\u00e3o Jos\u00e9. Em seus pertences pessoais encontramos muito material ligado ao Patrono da Igreja. S\u00e3o gravuras, ora\u00e7\u00f5es e muitos textos. E em um desses textos, Padre Eust\u00e1quio fala sobre a import\u00e2ncia de S\u00e3o Jos\u00e9 dentro da Sagrada Fam\u00edlia e como foi para ele o orgulho de ser o Pai adotivo do Filho de Deus. Leia na \u00edntegra o texto publicado no boletim da Par\u00f3quia dos Sagrados Cora\u00e7\u00f5es no dia 24 de mar\u00e7o de 1946: &#8220;N\u00e3o conhecemos nomes mais santos, que os nomes \u2013 Jesus, Maria, Jos\u00e9. Esta ordem dos [&hellip;]","og_url":"https:\/\/www.padreeustaquio.com.br\/es\/palabras-del-padre-eustaquio-san-jose-santo-patrono-de-la-iglesia\/","og_site_name":"Padre Eust\u00e1quio","article_publisher":"https:\/\/www.facebook.com\/beatopadreeustaquio\/","article_published_time":"2022-03-17T09:00:00+00:00","og_image":[{"width":2560,"height":1755,"url":"https:\/\/www.padreeustaquio.com.br\/wp-content\/uploads\/2022\/03\/0023-scaled.jpg","type":"image\/jpeg"}],"author":"@sscc","twitter_card":"summary_large_image","twitter_creator":"@beatopeustaquio","twitter_site":"@beatopeustaquio","twitter_misc":{"Escrito por":"@sscc","Tiempo de lectura":"3 minutos"},"schema":{"@context":"https:\/\/schema.org","@graph":[{"@type":"Article","@id":"https:\/\/www.padreeustaquio.com.br\/palavras-do-padre-eustaquio-sao-jose-o-patrono-da-igreja\/#article","isPartOf":{"@id":"https:\/\/www.padreeustaquio.com.br\/palavras-do-padre-eustaquio-sao-jose-o-patrono-da-igreja\/"},"author":{"name":"@sscc","@id":"https:\/\/www.padreeustaquio.com.br\/#\/schema\/person\/a2a51db1d00f1a7af0204a0f1ddb1566"},"headline":"Palavras do Padre Eust\u00e1quio: S\u00e3o Jos\u00e9, o patrono da Igreja","datePublished":"2022-03-17T09:00:00+00:00","mainEntityOfPage":{"@id":"https:\/\/www.padreeustaquio.com.br\/palavras-do-padre-eustaquio-sao-jose-o-patrono-da-igreja\/"},"wordCount":583,"commentCount":0,"publisher":{"@id":"https:\/\/www.padreeustaquio.com.br\/#organization"},"image":{"@id":"https:\/\/www.padreeustaquio.com.br\/palavras-do-padre-eustaquio-sao-jose-o-patrono-da-igreja\/#primaryimage"},"thumbnailUrl":"https:\/\/www.padreeustaquio.com.br\/wp-content\/uploads\/2022\/03\/0023-scaled.jpg","articleSection":["Not\u00edcias"],"inLanguage":"es","potentialAction":[{"@type":"CommentAction","name":"Comment","target":["https:\/\/www.padreeustaquio.com.br\/palavras-do-padre-eustaquio-sao-jose-o-patrono-da-igreja\/#respond"]}]},{"@type":"WebPage","@id":"https:\/\/www.padreeustaquio.com.br\/palavras-do-padre-eustaquio-sao-jose-o-patrono-da-igreja\/","url":"https:\/\/www.padreeustaquio.com.br\/palavras-do-padre-eustaquio-sao-jose-o-patrono-da-igreja\/","name":"Palabras del Padre Eustace: San Jos\u00e9, el santo patrono de la Iglesia - Padre Eustace","isPartOf":{"@id":"https:\/\/www.padreeustaquio.com.br\/#website"},"primaryImageOfPage":{"@id":"https:\/\/www.padreeustaquio.com.br\/palavras-do-padre-eustaquio-sao-jose-o-patrono-da-igreja\/#primaryimage"},"image":{"@id":"https:\/\/www.padreeustaquio.com.br\/palavras-do-padre-eustaquio-sao-jose-o-patrono-da-igreja\/#primaryimage"},"thumbnailUrl":"https:\/\/www.padreeustaquio.com.br\/wp-content\/uploads\/2022\/03\/0023-scaled.jpg","datePublished":"2022-03-17T09:00:00+00:00","breadcrumb":{"@id":"https:\/\/www.padreeustaquio.com.br\/palavras-do-padre-eustaquio-sao-jose-o-patrono-da-igreja\/#breadcrumb"},"inLanguage":"es","potentialAction":[{"@type":"ReadAction","target":["https:\/\/www.padreeustaquio.com.br\/palavras-do-padre-eustaquio-sao-jose-o-patrono-da-igreja\/"]}]},{"@type":"ImageObject","inLanguage":"es","@id":"https:\/\/www.padreeustaquio.com.br\/palavras-do-padre-eustaquio-sao-jose-o-patrono-da-igreja\/#primaryimage","url":"https:\/\/www.padreeustaquio.com.br\/wp-content\/uploads\/2022\/03\/0023-scaled.jpg","contentUrl":"https:\/\/www.padreeustaquio.com.br\/wp-content\/uploads\/2022\/03\/0023-scaled.jpg","width":2560,"height":1755},{"@type":"BreadcrumbList","@id":"https:\/\/www.padreeustaquio.com.br\/palavras-do-padre-eustaquio-sao-jose-o-patrono-da-igreja\/#breadcrumb","itemListElement":[{"@type":"ListItem","position":1,"name":"In\u00edcio","item":"https:\/\/www.padreeustaquio.com.br\/"},{"@type":"ListItem","position":2,"name":"Palavras do Padre Eust\u00e1quio: S\u00e3o Jos\u00e9, o patrono da Igreja"}]},{"@type":"WebSite","@id":"https:\/\/www.padreeustaquio.com.br\/#website","url":"https:\/\/www.padreeustaquio.com.br\/","name":"Padre Eustace","description":"Salud y Paz","publisher":{"@id":"https:\/\/www.padreeustaquio.com.br\/#organization"},"potentialAction":[{"@type":"SearchAction","target":{"@type":"EntryPoint","urlTemplate":"https:\/\/www.padreeustaquio.com.br\/?s={search_term_string}"},"query-input":{"@type":"PropertyValueSpecification","valueRequired":true,"valueName":"search_term_string"}}],"inLanguage":"es"},{"@type":"Organization","@id":"https:\/\/www.padreeustaquio.com.br\/#organization","name":"Padre Eustace","url":"https:\/\/www.padreeustaquio.com.br\/","logo":{"@type":"ImageObject","inLanguage":"es","@id":"https:\/\/www.padreeustaquio.com.br\/#\/schema\/logo\/image\/","url":"https:\/\/www.padreeustaquio.com.br\/wp-content\/uploads\/2019\/08\/marca.png","contentUrl":"https:\/\/www.padreeustaquio.com.br\/wp-content\/uploads\/2019\/08\/marca.png","width":350,"height":400,"caption":"Padre Eust\u00e1quio"},"image":{"@id":"https:\/\/www.padreeustaquio.com.br\/#\/schema\/logo\/image\/"},"sameAs":["https:\/\/www.facebook.com\/beatopadreeustaquio\/","https:\/\/x.com\/beatopeustaquio","https:\/\/www.instagram.com\/beatopadreeustaquio\/","https:\/\/www.youtube.com\/channel\/UCRhw7vfabnajwLxb1ZXMeIw"]},{"@type":"Person","@id":"https:\/\/www.padreeustaquio.com.br\/#\/schema\/person\/a2a51db1d00f1a7af0204a0f1ddb1566","name":"@sscc","image":{"@type":"ImageObject","inLanguage":"es","@id":"https:\/\/secure.gravatar.com\/avatar\/68cfafa5f44617fea54071e215026e0ff06be366c3d54a8425f04fdcb86f8c5f?s=96&d=mm&r=g","url":"https:\/\/secure.gravatar.com\/avatar\/68cfafa5f44617fea54071e215026e0ff06be366c3d54a8425f04fdcb86f8c5f?s=96&d=mm&r=g","contentUrl":"https:\/\/secure.gravatar.com\/avatar\/68cfafa5f44617fea54071e215026e0ff06be366c3d54a8425f04fdcb86f8c5f?s=96&d=mm&r=g","caption":"@sscc"},"url":"https:\/\/www.padreeustaquio.com.br\/es\/author\/sscc\/"}]}},"_links":{"self":[{"href":"https:\/\/www.padreeustaquio.com.br\/es\/wp-json\/wp\/v2\/posts\/8288","targetHints":{"allow":["GET"]}}],"collection":[{"href":"https:\/\/www.padreeustaquio.com.br\/es\/wp-json\/wp\/v2\/posts"}],"about":[{"href":"https:\/\/www.padreeustaquio.com.br\/es\/wp-json\/wp\/v2\/types\/post"}],"author":[{"embeddable":true,"href":"https:\/\/www.padreeustaquio.com.br\/es\/wp-json\/wp\/v2\/users\/2"}],"replies":[{"embeddable":true,"href":"https:\/\/www.padreeustaquio.com.br\/es\/wp-json\/wp\/v2\/comments?post=8288"}],"version-history":[{"count":0,"href":"https:\/\/www.padreeustaquio.com.br\/es\/wp-json\/wp\/v2\/posts\/8288\/revisions"}],"wp:featuredmedia":[{"embeddable":true,"href":"https:\/\/www.padreeustaquio.com.br\/es\/wp-json\/wp\/v2\/media\/8289"}],"wp:attachment":[{"href":"https:\/\/www.padreeustaquio.com.br\/es\/wp-json\/wp\/v2\/media?parent=8288"}],"wp:term":[{"taxonomy":"category","embeddable":true,"href":"https:\/\/www.padreeustaquio.com.br\/es\/wp-json\/wp\/v2\/categories?post=8288"},{"taxonomy":"post_tag","embeddable":true,"href":"https:\/\/www.padreeustaquio.com.br\/es\/wp-json\/wp\/v2\/tags?post=8288"}],"curies":[{"name":"wp","href":"https:\/\/api.w.org\/{rel}","templated":true}]}}