{"id":8268,"date":"2022-03-14T05:56:00","date_gmt":"2022-03-14T08:56:00","guid":{"rendered":"https:\/\/www.padreeustaquio.com.br\/?p=8268"},"modified":"2022-03-13T15:05:44","modified_gmt":"2022-03-13T18:05:44","slug":"fraternidad-y-educacion-seran-el-tema-de-una-jornada-formativa-en-el-santuario-de-salud-y-paz","status":"publish","type":"post","link":"https:\/\/www.padreeustaquio.com.br\/es\/fraternidad-y-educacion-seran-el-tema-de-una-jornada-formativa-en-el-santuario-de-salud-y-paz\/","title":{"rendered":"Fraternidad y Educaci\u00f3n ser\u00e1n el tema de la jornada formativa de hoy en el Santuario de Salud y Paz."},"content":{"rendered":"<p>Este lunes 14, la charla de formaci\u00f3n parroquial tendr\u00e1 como tema: \u201cFraternidad y Educaci\u00f3n\u201d. La reuni\u00f3n estar\u00e1 a cargo de la profesora F\u00e1tima Gon\u00e7alves, nueva directora del Colegio Marista Padre Eust\u00e1quio. La formaci\u00f3n, abierta al p\u00fablico, tendr\u00e1 lugar a las 19:30 h.<\/p>\n\n\n\n<p>La conferencia forma parte del programa especial de Cuaresma del Santuario de Salud y Paz, Iglesia Padre Eust\u00e1quio. Todos los lunes se celebra una reuni\u00f3n con temas basados en la Campa\u00f1a de Fraternidad 2022, cuyo lema es: Fraternidad y Educaci\u00f3n.<\/p>\n\n\n\n<p>El primer ponente de la serie de presentaciones fue el vicepostulador de la Causa de Canonizaci\u00f3n del Padre Eust\u00e1quio y rector del Santuario, Padre Vin\u00edcius Maciel, ss.cc. El sacerdote habl\u00f3 sobre la historia de la Campa\u00f1a y c\u00f3mo se eligi\u00f3 el tema de este a\u00f1o.<\/p>\n\n\n\n<p>Para participar, simplemente acuda al Centro Comunitario del Santuario los lunes a las 19:30 h. Puede encontrar m\u00e1s informaci\u00f3n sobre el evento en la Oficina Parroquial. El n\u00famero de tel\u00e9fono es (31) 3462-6557.<\/p>\n\n\n\n<p><\/p>","protected":false},"excerpt":{"rendered":"<p>Nesta segunda-feira, dia 14, a palestra da forma\u00e7\u00e3o paroquial ter\u00e1 como tema: \u201cFraternidade e Educa\u00e7\u00e3o\u201d. O encontro ser\u00e1 ministrado pela professora F\u00e1tima Gon\u00e7alves, que \u00e9 a nova diretora do Col\u00e9gio Marista Padre Eust\u00e1quio. A forma\u00e7\u00e3o, aberta ao p\u00fablico, ser\u00e1 realizada \u00e0s 19h30. A palestra faz parte da programa\u00e7\u00e3o especial do Santu\u00e1rio Sa\u00fade e Paz, Igreja do Padre Eust\u00e1quio, para a Quaresma. Toda segunda-feira um encontro \u00e9 realizado, com temas baseados na Campanha da Fraternidade 2022, que tem como tema: Fraternidade e Educa\u00e7\u00e3o. Quem abriu o ciclo de forma\u00e7\u00f5es foi o vice-postulador da Causa de Canoniza\u00e7\u00e3o de Padre Eust\u00e1quio e reitor [&hellip;]<\/p>\n","protected":false},"author":2,"featured_media":8269,"comment_status":"open","ping_status":"closed","sticky":false,"template":"","format":"standard","meta":{"_acf_changed":false,"footnotes":""},"categories":[611],"tags":[],"class_list":["post-8268","post","type-post","status-publish","format-standard","has-post-thumbnail","hentry","category-noticias"],"acf":[],"yoast_head":"<!-- This site is optimized with the Yoast SEO plugin v27.2 - https:\/\/yoast.com\/product\/yoast-seo-wordpress\/ -->\n<title>Fraternidade e Educa\u00e7\u00e3o ser\u00e1 tema de Forma\u00e7\u00e3o hoje no Santu\u00e1rio da Sa\u00fade e Paz<\/title>\n<meta name=\"description\" content=\"Nesta segunda-feira, dia 14, a palestra da forma\u00e7\u00e3o paroquial ter\u00e1 como tema: \u201cFraternidade e Educa\u00e7\u00e3o\u201d. O encontro ser\u00e1 ministrado pela professora F\u00e1tima Gon\u00e7alves, que \u00e9 a nova diretora do Col\u00e9gio Marista Padre Eust\u00e1quio. A forma\u00e7\u00e3o, aberta ao p\u00fablico, ser\u00e1 realizada \u00e0s 19h30.\" \/>\n<meta name=\"robots\" content=\"index, follow, max-snippet:-1, max-image-preview:large, max-video-preview:-1\" \/>\n<link rel=\"canonical\" href=\"https:\/\/www.padreeustaquio.com.br\/es\/fraternidad-y-educacion-seran-el-tema-de-una-jornada-formativa-en-el-santuario-de-salud-y-paz\/\" \/>\n<meta property=\"og:locale\" content=\"es_ES\" \/>\n<meta property=\"og:type\" content=\"article\" \/>\n<meta property=\"og:title\" content=\"Fraternidade e Educa\u00e7\u00e3o ser\u00e1 tema de Forma\u00e7\u00e3o hoje no Santu\u00e1rio da Sa\u00fade e Paz\" \/>\n<meta property=\"og:description\" content=\"Nesta segunda-feira, dia 14, a palestra da forma\u00e7\u00e3o paroquial ter\u00e1 como tema: \u201cFraternidade e Educa\u00e7\u00e3o\u201d. O encontro ser\u00e1 ministrado pela professora F\u00e1tima Gon\u00e7alves, que \u00e9 a nova diretora do Col\u00e9gio Marista Padre Eust\u00e1quio. A forma\u00e7\u00e3o, aberta ao p\u00fablico, ser\u00e1 realizada \u00e0s 19h30.\" \/>\n<meta property=\"og:url\" content=\"https:\/\/www.padreeustaquio.com.br\/es\/fraternidad-y-educacion-seran-el-tema-de-una-jornada-formativa-en-el-santuario-de-salud-y-paz\/\" \/>\n<meta property=\"og:site_name\" content=\"Padre Eust\u00e1quio\" \/>\n<meta property=\"article:publisher\" content=\"https:\/\/www.facebook.com\/beatopadreeustaquio\/\" \/>\n<meta property=\"article:published_time\" content=\"2022-03-14T08:56:00+00:00\" \/>\n<meta property=\"og:image\" content=\"https:\/\/www.padreeustaquio.com.br\/wp-content\/uploads\/2022\/03\/WhatsApp-Image-2022-03-12-at-17.36.19.jpeg\" \/>\n\t<meta property=\"og:image:width\" content=\"1280\" \/>\n\t<meta property=\"og:image:height\" content=\"640\" \/>\n\t<meta property=\"og:image:type\" content=\"image\/jpeg\" \/>\n<meta name=\"author\" content=\"@sscc\" \/>\n<meta name=\"twitter:card\" content=\"summary_large_image\" \/>\n<meta name=\"twitter:creator\" content=\"@beatopeustaquio\" \/>\n<meta name=\"twitter:site\" content=\"@beatopeustaquio\" \/>\n<meta name=\"twitter:label1\" content=\"Escrito por\" \/>\n\t<meta name=\"twitter:data1\" content=\"@sscc\" \/>\n\t<meta name=\"twitter:label2\" content=\"Tiempo de lectura\" \/>\n\t<meta name=\"twitter:data2\" content=\"1 minuto\" \/>\n<script type=\"application\/ld+json\" class=\"yoast-schema-graph\">{\"@context\":\"https:\/\/schema.org\",\"@graph\":[{\"@type\":\"Article\",\"@id\":\"https:\/\/www.padreeustaquio.com.br\/fraternidade-e-educacao-sera-tema-de-formacao-no-santuario-da-saude-e-paz\/#article\",\"isPartOf\":{\"@id\":\"https:\/\/www.padreeustaquio.com.br\/fraternidade-e-educacao-sera-tema-de-formacao-no-santuario-da-saude-e-paz\/\"},\"author\":{\"name\":\"@sscc\",\"@id\":\"https:\/\/www.padreeustaquio.com.br\/#\/schema\/person\/a2a51db1d00f1a7af0204a0f1ddb1566\"},\"headline\":\"Fraternidade e Educa\u00e7\u00e3o ser\u00e1 tema de Forma\u00e7\u00e3o hoje no Santu\u00e1rio da Sa\u00fade e Paz\",\"datePublished\":\"2022-03-14T08:56:00+00:00\",\"mainEntityOfPage\":{\"@id\":\"https:\/\/www.padreeustaquio.com.br\/fraternidade-e-educacao-sera-tema-de-formacao-no-santuario-da-saude-e-paz\/\"},\"wordCount\":188,\"commentCount\":0,\"publisher\":{\"@id\":\"https:\/\/www.padreeustaquio.com.br\/#organization\"},\"image\":{\"@id\":\"https:\/\/www.padreeustaquio.com.br\/fraternidade-e-educacao-sera-tema-de-formacao-no-santuario-da-saude-e-paz\/#primaryimage\"},\"thumbnailUrl\":\"https:\/\/www.padreeustaquio.com.br\/wp-content\/uploads\/2022\/03\/WhatsApp-Image-2022-03-12-at-17.36.19.jpeg\",\"articleSection\":[\"Not\u00edcias\"],\"inLanguage\":\"es\",\"potentialAction\":[{\"@type\":\"CommentAction\",\"name\":\"Comment\",\"target\":[\"https:\/\/www.padreeustaquio.com.br\/fraternidade-e-educacao-sera-tema-de-formacao-no-santuario-da-saude-e-paz\/#respond\"]}]},{\"@type\":\"WebPage\",\"@id\":\"https:\/\/www.padreeustaquio.com.br\/fraternidade-e-educacao-sera-tema-de-formacao-no-santuario-da-saude-e-paz\/\",\"url\":\"https:\/\/www.padreeustaquio.com.br\/fraternidade-e-educacao-sera-tema-de-formacao-no-santuario-da-saude-e-paz\/\",\"name\":\"Fraternidade e Educa\u00e7\u00e3o ser\u00e1 tema de Forma\u00e7\u00e3o hoje no Santu\u00e1rio da Sa\u00fade e Paz\",\"isPartOf\":{\"@id\":\"https:\/\/www.padreeustaquio.com.br\/#website\"},\"primaryImageOfPage\":{\"@id\":\"https:\/\/www.padreeustaquio.com.br\/fraternidade-e-educacao-sera-tema-de-formacao-no-santuario-da-saude-e-paz\/#primaryimage\"},\"image\":{\"@id\":\"https:\/\/www.padreeustaquio.com.br\/fraternidade-e-educacao-sera-tema-de-formacao-no-santuario-da-saude-e-paz\/#primaryimage\"},\"thumbnailUrl\":\"https:\/\/www.padreeustaquio.com.br\/wp-content\/uploads\/2022\/03\/WhatsApp-Image-2022-03-12-at-17.36.19.jpeg\",\"datePublished\":\"2022-03-14T08:56:00+00:00\",\"description\":\"Nesta segunda-feira, dia 14, a palestra da forma\u00e7\u00e3o paroquial ter\u00e1 como tema: \u201cFraternidade e Educa\u00e7\u00e3o\u201d. O encontro ser\u00e1 ministrado pela professora F\u00e1tima Gon\u00e7alves, que \u00e9 a nova diretora do Col\u00e9gio Marista Padre Eust\u00e1quio. A forma\u00e7\u00e3o, aberta ao p\u00fablico, ser\u00e1 realizada \u00e0s 19h30.\",\"breadcrumb\":{\"@id\":\"https:\/\/www.padreeustaquio.com.br\/fraternidade-e-educacao-sera-tema-de-formacao-no-santuario-da-saude-e-paz\/#breadcrumb\"},\"inLanguage\":\"es\",\"potentialAction\":[{\"@type\":\"ReadAction\",\"target\":[\"https:\/\/www.padreeustaquio.com.br\/fraternidade-e-educacao-sera-tema-de-formacao-no-santuario-da-saude-e-paz\/\"]}]},{\"@type\":\"ImageObject\",\"inLanguage\":\"es\",\"@id\":\"https:\/\/www.padreeustaquio.com.br\/fraternidade-e-educacao-sera-tema-de-formacao-no-santuario-da-saude-e-paz\/#primaryimage\",\"url\":\"https:\/\/www.padreeustaquio.com.br\/wp-content\/uploads\/2022\/03\/WhatsApp-Image-2022-03-12-at-17.36.19.jpeg\",\"contentUrl\":\"https:\/\/www.padreeustaquio.com.br\/wp-content\/uploads\/2022\/03\/WhatsApp-Image-2022-03-12-at-17.36.19.jpeg\",\"width\":1280,\"height\":640},{\"@type\":\"BreadcrumbList\",\"@id\":\"https:\/\/www.padreeustaquio.com.br\/fraternidade-e-educacao-sera-tema-de-formacao-no-santuario-da-saude-e-paz\/#breadcrumb\",\"itemListElement\":[{\"@type\":\"ListItem\",\"position\":1,\"name\":\"In\u00edcio\",\"item\":\"https:\/\/www.padreeustaquio.com.br\/\"},{\"@type\":\"ListItem\",\"position\":2,\"name\":\"Fraternidade e Educa\u00e7\u00e3o ser\u00e1 tema de Forma\u00e7\u00e3o hoje no Santu\u00e1rio da Sa\u00fade e Paz\"}]},{\"@type\":\"WebSite\",\"@id\":\"https:\/\/www.padreeustaquio.com.br\/#website\",\"url\":\"https:\/\/www.padreeustaquio.com.br\/\",\"name\":\"Padre Eust\u00e1quio\",\"description\":\"Sa\u00fade e Paz\",\"publisher\":{\"@id\":\"https:\/\/www.padreeustaquio.com.br\/#organization\"},\"potentialAction\":[{\"@type\":\"SearchAction\",\"target\":{\"@type\":\"EntryPoint\",\"urlTemplate\":\"https:\/\/www.padreeustaquio.com.br\/?s={search_term_string}\"},\"query-input\":{\"@type\":\"PropertyValueSpecification\",\"valueRequired\":true,\"valueName\":\"search_term_string\"}}],\"inLanguage\":\"es\"},{\"@type\":\"Organization\",\"@id\":\"https:\/\/www.padreeustaquio.com.br\/#organization\",\"name\":\"Padre Eust\u00e1quio\",\"url\":\"https:\/\/www.padreeustaquio.com.br\/\",\"logo\":{\"@type\":\"ImageObject\",\"inLanguage\":\"es\",\"@id\":\"https:\/\/www.padreeustaquio.com.br\/#\/schema\/logo\/image\/\",\"url\":\"https:\/\/www.padreeustaquio.com.br\/wp-content\/uploads\/2019\/08\/marca.png\",\"contentUrl\":\"https:\/\/www.padreeustaquio.com.br\/wp-content\/uploads\/2019\/08\/marca.png\",\"width\":350,\"height\":400,\"caption\":\"Padre Eust\u00e1quio\"},\"image\":{\"@id\":\"https:\/\/www.padreeustaquio.com.br\/#\/schema\/logo\/image\/\"},\"sameAs\":[\"https:\/\/www.facebook.com\/beatopadreeustaquio\/\",\"https:\/\/x.com\/beatopeustaquio\",\"https:\/\/www.instagram.com\/beatopadreeustaquio\/\",\"https:\/\/www.youtube.com\/channel\/UCRhw7vfabnajwLxb1ZXMeIw\"]},{\"@type\":\"Person\",\"@id\":\"https:\/\/www.padreeustaquio.com.br\/#\/schema\/person\/a2a51db1d00f1a7af0204a0f1ddb1566\",\"name\":\"@sscc\",\"image\":{\"@type\":\"ImageObject\",\"inLanguage\":\"es\",\"@id\":\"https:\/\/secure.gravatar.com\/avatar\/68cfafa5f44617fea54071e215026e0ff06be366c3d54a8425f04fdcb86f8c5f?s=96&d=mm&r=g\",\"url\":\"https:\/\/secure.gravatar.com\/avatar\/68cfafa5f44617fea54071e215026e0ff06be366c3d54a8425f04fdcb86f8c5f?s=96&d=mm&r=g\",\"contentUrl\":\"https:\/\/secure.gravatar.com\/avatar\/68cfafa5f44617fea54071e215026e0ff06be366c3d54a8425f04fdcb86f8c5f?s=96&d=mm&r=g\",\"caption\":\"@sscc\"},\"url\":\"https:\/\/www.padreeustaquio.com.br\/es\/author\/sscc\/\"}]}<\/script>\n<!-- \/ Yoast SEO plugin. -->","yoast_head_json":{"title":"Fraternidad y Educaci\u00f3n ser\u00e1n el tema de la jornada formativa de hoy en el Santuario de Salud y Paz.","description":"Este lunes 14, la charla de formaci\u00f3n parroquial tendr\u00e1 como tema: \u201cFraternidad y Educaci\u00f3n\u201d. La reuni\u00f3n estar\u00e1 a cargo de la profesora F\u00e1tima Gon\u00e7alves, nueva directora del Colegio Marista Padre Eust\u00e1quio. La formaci\u00f3n, abierta al p\u00fablico, tendr\u00e1 lugar a las 19:30 h.","robots":{"index":"index","follow":"follow","max-snippet":"max-snippet:-1","max-image-preview":"max-image-preview:large","max-video-preview":"max-video-preview:-1"},"canonical":"https:\/\/www.padreeustaquio.com.br\/es\/fraternidad-y-educacion-seran-el-tema-de-una-jornada-formativa-en-el-santuario-de-salud-y-paz\/","og_locale":"es_ES","og_type":"article","og_title":"Fraternidade e Educa\u00e7\u00e3o ser\u00e1 tema de Forma\u00e7\u00e3o hoje no Santu\u00e1rio da Sa\u00fade e Paz","og_description":"Nesta segunda-feira, dia 14, a palestra da forma\u00e7\u00e3o paroquial ter\u00e1 como tema: \u201cFraternidade e Educa\u00e7\u00e3o\u201d. O encontro ser\u00e1 ministrado pela professora F\u00e1tima Gon\u00e7alves, que \u00e9 a nova diretora do Col\u00e9gio Marista Padre Eust\u00e1quio. A forma\u00e7\u00e3o, aberta ao p\u00fablico, ser\u00e1 realizada \u00e0s 19h30.","og_url":"https:\/\/www.padreeustaquio.com.br\/es\/fraternidad-y-educacion-seran-el-tema-de-una-jornada-formativa-en-el-santuario-de-salud-y-paz\/","og_site_name":"Padre Eust\u00e1quio","article_publisher":"https:\/\/www.facebook.com\/beatopadreeustaquio\/","article_published_time":"2022-03-14T08:56:00+00:00","og_image":[{"width":1280,"height":640,"url":"https:\/\/www.padreeustaquio.com.br\/wp-content\/uploads\/2022\/03\/WhatsApp-Image-2022-03-12-at-17.36.19.jpeg","type":"image\/jpeg"}],"author":"@sscc","twitter_card":"summary_large_image","twitter_creator":"@beatopeustaquio","twitter_site":"@beatopeustaquio","twitter_misc":{"Escrito por":"@sscc","Tiempo de lectura":"1 minuto"},"schema":{"@context":"https:\/\/schema.org","@graph":[{"@type":"Article","@id":"https:\/\/www.padreeustaquio.com.br\/fraternidade-e-educacao-sera-tema-de-formacao-no-santuario-da-saude-e-paz\/#article","isPartOf":{"@id":"https:\/\/www.padreeustaquio.com.br\/fraternidade-e-educacao-sera-tema-de-formacao-no-santuario-da-saude-e-paz\/"},"author":{"name":"@sscc","@id":"https:\/\/www.padreeustaquio.com.br\/#\/schema\/person\/a2a51db1d00f1a7af0204a0f1ddb1566"},"headline":"Fraternidade e Educa\u00e7\u00e3o ser\u00e1 tema de Forma\u00e7\u00e3o hoje no Santu\u00e1rio da Sa\u00fade e Paz","datePublished":"2022-03-14T08:56:00+00:00","mainEntityOfPage":{"@id":"https:\/\/www.padreeustaquio.com.br\/fraternidade-e-educacao-sera-tema-de-formacao-no-santuario-da-saude-e-paz\/"},"wordCount":188,"commentCount":0,"publisher":{"@id":"https:\/\/www.padreeustaquio.com.br\/#organization"},"image":{"@id":"https:\/\/www.padreeustaquio.com.br\/fraternidade-e-educacao-sera-tema-de-formacao-no-santuario-da-saude-e-paz\/#primaryimage"},"thumbnailUrl":"https:\/\/www.padreeustaquio.com.br\/wp-content\/uploads\/2022\/03\/WhatsApp-Image-2022-03-12-at-17.36.19.jpeg","articleSection":["Not\u00edcias"],"inLanguage":"es","potentialAction":[{"@type":"CommentAction","name":"Comment","target":["https:\/\/www.padreeustaquio.com.br\/fraternidade-e-educacao-sera-tema-de-formacao-no-santuario-da-saude-e-paz\/#respond"]}]},{"@type":"WebPage","@id":"https:\/\/www.padreeustaquio.com.br\/fraternidade-e-educacao-sera-tema-de-formacao-no-santuario-da-saude-e-paz\/","url":"https:\/\/www.padreeustaquio.com.br\/fraternidade-e-educacao-sera-tema-de-formacao-no-santuario-da-saude-e-paz\/","name":"Fraternidad y Educaci\u00f3n ser\u00e1n el tema de la jornada formativa de hoy en el Santuario de Salud y Paz.","isPartOf":{"@id":"https:\/\/www.padreeustaquio.com.br\/#website"},"primaryImageOfPage":{"@id":"https:\/\/www.padreeustaquio.com.br\/fraternidade-e-educacao-sera-tema-de-formacao-no-santuario-da-saude-e-paz\/#primaryimage"},"image":{"@id":"https:\/\/www.padreeustaquio.com.br\/fraternidade-e-educacao-sera-tema-de-formacao-no-santuario-da-saude-e-paz\/#primaryimage"},"thumbnailUrl":"https:\/\/www.padreeustaquio.com.br\/wp-content\/uploads\/2022\/03\/WhatsApp-Image-2022-03-12-at-17.36.19.jpeg","datePublished":"2022-03-14T08:56:00+00:00","description":"Este lunes 14, la charla de formaci\u00f3n parroquial tendr\u00e1 como tema: \u201cFraternidad y Educaci\u00f3n\u201d. La reuni\u00f3n estar\u00e1 a cargo de la profesora F\u00e1tima Gon\u00e7alves, nueva directora del Colegio Marista Padre Eust\u00e1quio. La formaci\u00f3n, abierta al p\u00fablico, tendr\u00e1 lugar a las 19:30 h.","breadcrumb":{"@id":"https:\/\/www.padreeustaquio.com.br\/fraternidade-e-educacao-sera-tema-de-formacao-no-santuario-da-saude-e-paz\/#breadcrumb"},"inLanguage":"es","potentialAction":[{"@type":"ReadAction","target":["https:\/\/www.padreeustaquio.com.br\/fraternidade-e-educacao-sera-tema-de-formacao-no-santuario-da-saude-e-paz\/"]}]},{"@type":"ImageObject","inLanguage":"es","@id":"https:\/\/www.padreeustaquio.com.br\/fraternidade-e-educacao-sera-tema-de-formacao-no-santuario-da-saude-e-paz\/#primaryimage","url":"https:\/\/www.padreeustaquio.com.br\/wp-content\/uploads\/2022\/03\/WhatsApp-Image-2022-03-12-at-17.36.19.jpeg","contentUrl":"https:\/\/www.padreeustaquio.com.br\/wp-content\/uploads\/2022\/03\/WhatsApp-Image-2022-03-12-at-17.36.19.jpeg","width":1280,"height":640},{"@type":"BreadcrumbList","@id":"https:\/\/www.padreeustaquio.com.br\/fraternidade-e-educacao-sera-tema-de-formacao-no-santuario-da-saude-e-paz\/#breadcrumb","itemListElement":[{"@type":"ListItem","position":1,"name":"In\u00edcio","item":"https:\/\/www.padreeustaquio.com.br\/"},{"@type":"ListItem","position":2,"name":"Fraternidade e Educa\u00e7\u00e3o ser\u00e1 tema de Forma\u00e7\u00e3o hoje no Santu\u00e1rio da Sa\u00fade e Paz"}]},{"@type":"WebSite","@id":"https:\/\/www.padreeustaquio.com.br\/#website","url":"https:\/\/www.padreeustaquio.com.br\/","name":"Padre Eustace","description":"Salud y Paz","publisher":{"@id":"https:\/\/www.padreeustaquio.com.br\/#organization"},"potentialAction":[{"@type":"SearchAction","target":{"@type":"EntryPoint","urlTemplate":"https:\/\/www.padreeustaquio.com.br\/?s={search_term_string}"},"query-input":{"@type":"PropertyValueSpecification","valueRequired":true,"valueName":"search_term_string"}}],"inLanguage":"es"},{"@type":"Organization","@id":"https:\/\/www.padreeustaquio.com.br\/#organization","name":"Padre Eustace","url":"https:\/\/www.padreeustaquio.com.br\/","logo":{"@type":"ImageObject","inLanguage":"es","@id":"https:\/\/www.padreeustaquio.com.br\/#\/schema\/logo\/image\/","url":"https:\/\/www.padreeustaquio.com.br\/wp-content\/uploads\/2019\/08\/marca.png","contentUrl":"https:\/\/www.padreeustaquio.com.br\/wp-content\/uploads\/2019\/08\/marca.png","width":350,"height":400,"caption":"Padre Eust\u00e1quio"},"image":{"@id":"https:\/\/www.padreeustaquio.com.br\/#\/schema\/logo\/image\/"},"sameAs":["https:\/\/www.facebook.com\/beatopadreeustaquio\/","https:\/\/x.com\/beatopeustaquio","https:\/\/www.instagram.com\/beatopadreeustaquio\/","https:\/\/www.youtube.com\/channel\/UCRhw7vfabnajwLxb1ZXMeIw"]},{"@type":"Person","@id":"https:\/\/www.padreeustaquio.com.br\/#\/schema\/person\/a2a51db1d00f1a7af0204a0f1ddb1566","name":"@sscc","image":{"@type":"ImageObject","inLanguage":"es","@id":"https:\/\/secure.gravatar.com\/avatar\/68cfafa5f44617fea54071e215026e0ff06be366c3d54a8425f04fdcb86f8c5f?s=96&d=mm&r=g","url":"https:\/\/secure.gravatar.com\/avatar\/68cfafa5f44617fea54071e215026e0ff06be366c3d54a8425f04fdcb86f8c5f?s=96&d=mm&r=g","contentUrl":"https:\/\/secure.gravatar.com\/avatar\/68cfafa5f44617fea54071e215026e0ff06be366c3d54a8425f04fdcb86f8c5f?s=96&d=mm&r=g","caption":"@sscc"},"url":"https:\/\/www.padreeustaquio.com.br\/es\/author\/sscc\/"}]}},"_links":{"self":[{"href":"https:\/\/www.padreeustaquio.com.br\/es\/wp-json\/wp\/v2\/posts\/8268","targetHints":{"allow":["GET"]}}],"collection":[{"href":"https:\/\/www.padreeustaquio.com.br\/es\/wp-json\/wp\/v2\/posts"}],"about":[{"href":"https:\/\/www.padreeustaquio.com.br\/es\/wp-json\/wp\/v2\/types\/post"}],"author":[{"embeddable":true,"href":"https:\/\/www.padreeustaquio.com.br\/es\/wp-json\/wp\/v2\/users\/2"}],"replies":[{"embeddable":true,"href":"https:\/\/www.padreeustaquio.com.br\/es\/wp-json\/wp\/v2\/comments?post=8268"}],"version-history":[{"count":0,"href":"https:\/\/www.padreeustaquio.com.br\/es\/wp-json\/wp\/v2\/posts\/8268\/revisions"}],"wp:featuredmedia":[{"embeddable":true,"href":"https:\/\/www.padreeustaquio.com.br\/es\/wp-json\/wp\/v2\/media\/8269"}],"wp:attachment":[{"href":"https:\/\/www.padreeustaquio.com.br\/es\/wp-json\/wp\/v2\/media?parent=8268"}],"wp:term":[{"taxonomy":"category","embeddable":true,"href":"https:\/\/www.padreeustaquio.com.br\/es\/wp-json\/wp\/v2\/categories?post=8268"},{"taxonomy":"post_tag","embeddable":true,"href":"https:\/\/www.padreeustaquio.com.br\/es\/wp-json\/wp\/v2\/tags?post=8268"}],"curies":[{"name":"wp","href":"https:\/\/api.w.org\/{rel}","templated":true}]}}