{"id":8259,"date":"2022-03-11T13:17:02","date_gmt":"2022-03-11T16:17:02","guid":{"rendered":"https:\/\/www.padreeustaquio.com.br\/?p=8259"},"modified":"2022-03-11T13:17:04","modified_gmt":"2022-03-11T16:17:04","slug":"el-santuario-de-la-salud-y-la-paz-promueve-el-via-crucis-con-meditaciones-del-padre-eustaquio","status":"publish","type":"post","link":"https:\/\/www.padreeustaquio.com.br\/es\/el-santuario-de-la-salud-y-la-paz-promueve-el-via-crucis-con-meditaciones-del-padre-eustaquio\/","title":{"rendered":"El Santuario de la Salud y la Paz promueve el V\u00eda Crucis con meditaciones del Padre Eust\u00e1quio."},"content":{"rendered":"<p>Todos los jueves de Cuaresma, a las 18:00 h, los hermanos de la Congregaci\u00f3n de los Sagrados Corazones, que sirven en el Santuario de la Salud y la Paz, dirigen una meditaci\u00f3n sobre el V\u00eda Crucis. Este momento ofrece una hermosa reflexi\u00f3n sobre la Pasi\u00f3n de Nuestro Se\u00f1or Jes\u00fas, basada en textos escritos por el propio Padre Eust\u00e1quio. Inmediatamente despu\u00e9s, los fieles y devotos tambi\u00e9n pueden participar en la Santa Misa.<\/p>\n\n\n\n<p>Adem\u00e1s de asistir en persona, la meditaci\u00f3n del V\u00eda Crucis se puede hacer en l\u00ednea. <a href=\"https:\/\/www.youtube.com\/watch?v=8lOaGiIfaww\" target=\"_blank\" rel=\"noreferrer noopener\">Canal YouTube Padre Eust\u00e1quio<\/a>. El objetivo de la transmisi\u00f3n es acercar este momento de oraci\u00f3n a m\u00e1s personas, especialmente a aquellas que no pueden salir de sus casas.<\/p>\n\n\n\n<p>El V\u00eda Crucis es una tradici\u00f3n de la Iglesia Cat\u00f3lica y gu\u00eda a los participantes en un viaje espiritual por el camino que recorri\u00f3 Jes\u00fas en el Monte Calvario cargando su cruz. Este recorrido consiste en recorrer 14 estaciones que representan escenas espec\u00edficas de la Pasi\u00f3n.<\/p>\n\n\n\n<p><\/p>","protected":false},"excerpt":{"rendered":"<p>Todas as quintas-feiras da Quaresma, \u00e0s 18h, os irm\u00e3os da Congrega\u00e7\u00e3o dos Sagrados Cora\u00e7\u00f5es que exercem a miss\u00e3o no Santu\u00e1rio da Sa\u00fade e da Paz, realizam a medita\u00e7\u00e3o da Via Sacra. O momento traz uma linda reflex\u00e3o da Paix\u00e3o de Nosso Senhor Jesus, baseada em textos escritos pelo pr\u00f3prio Padre Eust\u00e1quio. Logo ap\u00f3s, os fi\u00e9is e devotos tamb\u00e9m podem participar da Santa Missa. Al\u00e9m de acompanhar pessoalmente, a medita\u00e7\u00e3o da Via Sacra pode ser feita de forma on-line pelo YouTube Canal Padre Eust\u00e1quio. A transmiss\u00e3o tem como objetivo fazer com que este momento de ora\u00e7\u00e3o chegue a mais pessoas, principalmente [&hellip;]<\/p>\n","protected":false},"author":2,"featured_media":8260,"comment_status":"open","ping_status":"closed","sticky":false,"template":"","format":"standard","meta":{"_acf_changed":false,"footnotes":""},"categories":[611],"tags":[],"class_list":["post-8259","post","type-post","status-publish","format-standard","has-post-thumbnail","hentry","category-noticias"],"acf":[],"yoast_head":"<!-- This site is optimized with the Yoast SEO plugin v27.2 - https:\/\/yoast.com\/product\/yoast-seo-wordpress\/ -->\n<title>Santu\u00e1rio da Sa\u00fade e da Paz promove Via Sacra com medita\u00e7\u00f5es de Padre Eust\u00e1quio<\/title>\n<meta name=\"description\" content=\"Todas as quintas-feiras da Quaresma, \u00e0s 18h, os irm\u00e3os da Congrega\u00e7\u00e3o dos Sagrados Cora\u00e7\u00f5es, realizam a medita\u00e7\u00e3o da Via Sacra. O momento traz uma linda reflex\u00e3o da Paix\u00e3o de Nosso Senhor Jesus, baseada em textos escritos pelo pr\u00f3prio Padre Eust\u00e1quio.\" \/>\n<meta name=\"robots\" content=\"index, follow, max-snippet:-1, max-image-preview:large, max-video-preview:-1\" \/>\n<link rel=\"canonical\" href=\"https:\/\/www.padreeustaquio.com.br\/es\/el-santuario-de-la-salud-y-la-paz-promueve-el-via-crucis-con-meditaciones-del-padre-eustaquio\/\" \/>\n<meta property=\"og:locale\" content=\"es_ES\" \/>\n<meta property=\"og:type\" content=\"article\" \/>\n<meta property=\"og:title\" content=\"Santu\u00e1rio da Sa\u00fade e da Paz promove Via Sacra com medita\u00e7\u00f5es de Padre Eust\u00e1quio\" \/>\n<meta property=\"og:description\" content=\"Todas as quintas-feiras da Quaresma, \u00e0s 18h, os irm\u00e3os da Congrega\u00e7\u00e3o dos Sagrados Cora\u00e7\u00f5es, realizam a medita\u00e7\u00e3o da Via Sacra. O momento traz uma linda reflex\u00e3o da Paix\u00e3o de Nosso Senhor Jesus, baseada em textos escritos pelo pr\u00f3prio Padre Eust\u00e1quio.\" \/>\n<meta property=\"og:url\" content=\"https:\/\/www.padreeustaquio.com.br\/es\/el-santuario-de-la-salud-y-la-paz-promueve-el-via-crucis-con-meditaciones-del-padre-eustaquio\/\" \/>\n<meta property=\"og:site_name\" content=\"Padre Eust\u00e1quio\" \/>\n<meta property=\"article:publisher\" content=\"https:\/\/www.facebook.com\/beatopadreeustaquio\/\" \/>\n<meta property=\"article:published_time\" content=\"2022-03-11T16:17:02+00:00\" \/>\n<meta property=\"article:modified_time\" content=\"2022-03-11T16:17:04+00:00\" \/>\n<meta property=\"og:image\" content=\"https:\/\/www.padreeustaquio.com.br\/wp-content\/uploads\/2022\/03\/via-sacra-no-santuario.jpg\" \/>\n\t<meta property=\"og:image:width\" content=\"748\" \/>\n\t<meta property=\"og:image:height\" content=\"394\" \/>\n\t<meta property=\"og:image:type\" content=\"image\/jpeg\" \/>\n<meta name=\"author\" content=\"@sscc\" \/>\n<meta name=\"twitter:card\" content=\"summary_large_image\" \/>\n<meta name=\"twitter:creator\" content=\"@beatopeustaquio\" \/>\n<meta name=\"twitter:site\" content=\"@beatopeustaquio\" \/>\n<meta name=\"twitter:label1\" content=\"Escrito por\" \/>\n\t<meta name=\"twitter:data1\" content=\"@sscc\" \/>\n\t<meta name=\"twitter:label2\" content=\"Tiempo de lectura\" \/>\n\t<meta name=\"twitter:data2\" content=\"1 minuto\" \/>\n<script type=\"application\/ld+json\" class=\"yoast-schema-graph\">{\"@context\":\"https:\/\/schema.org\",\"@graph\":[{\"@type\":\"Article\",\"@id\":\"https:\/\/www.padreeustaquio.com.br\/santuario-da-saude-e-da-paz-promove-via-sacra-com-meditacoes-de-padre-eustaquio\/#article\",\"isPartOf\":{\"@id\":\"https:\/\/www.padreeustaquio.com.br\/santuario-da-saude-e-da-paz-promove-via-sacra-com-meditacoes-de-padre-eustaquio\/\"},\"author\":{\"name\":\"@sscc\",\"@id\":\"https:\/\/www.padreeustaquio.com.br\/#\/schema\/person\/a2a51db1d00f1a7af0204a0f1ddb1566\"},\"headline\":\"Santu\u00e1rio da Sa\u00fade e da Paz promove Via Sacra com medita\u00e7\u00f5es de Padre Eust\u00e1quio\",\"datePublished\":\"2022-03-11T16:17:02+00:00\",\"dateModified\":\"2022-03-11T16:17:04+00:00\",\"mainEntityOfPage\":{\"@id\":\"https:\/\/www.padreeustaquio.com.br\/santuario-da-saude-e-da-paz-promove-via-sacra-com-meditacoes-de-padre-eustaquio\/\"},\"wordCount\":191,\"commentCount\":0,\"publisher\":{\"@id\":\"https:\/\/www.padreeustaquio.com.br\/#organization\"},\"image\":{\"@id\":\"https:\/\/www.padreeustaquio.com.br\/santuario-da-saude-e-da-paz-promove-via-sacra-com-meditacoes-de-padre-eustaquio\/#primaryimage\"},\"thumbnailUrl\":\"https:\/\/www.padreeustaquio.com.br\/wp-content\/uploads\/2022\/03\/via-sacra-no-santuario.jpg\",\"articleSection\":[\"Not\u00edcias\"],\"inLanguage\":\"es\",\"potentialAction\":[{\"@type\":\"CommentAction\",\"name\":\"Comment\",\"target\":[\"https:\/\/www.padreeustaquio.com.br\/santuario-da-saude-e-da-paz-promove-via-sacra-com-meditacoes-de-padre-eustaquio\/#respond\"]}]},{\"@type\":\"WebPage\",\"@id\":\"https:\/\/www.padreeustaquio.com.br\/santuario-da-saude-e-da-paz-promove-via-sacra-com-meditacoes-de-padre-eustaquio\/\",\"url\":\"https:\/\/www.padreeustaquio.com.br\/santuario-da-saude-e-da-paz-promove-via-sacra-com-meditacoes-de-padre-eustaquio\/\",\"name\":\"Santu\u00e1rio da Sa\u00fade e da Paz promove Via Sacra com medita\u00e7\u00f5es de Padre Eust\u00e1quio\",\"isPartOf\":{\"@id\":\"https:\/\/www.padreeustaquio.com.br\/#website\"},\"primaryImageOfPage\":{\"@id\":\"https:\/\/www.padreeustaquio.com.br\/santuario-da-saude-e-da-paz-promove-via-sacra-com-meditacoes-de-padre-eustaquio\/#primaryimage\"},\"image\":{\"@id\":\"https:\/\/www.padreeustaquio.com.br\/santuario-da-saude-e-da-paz-promove-via-sacra-com-meditacoes-de-padre-eustaquio\/#primaryimage\"},\"thumbnailUrl\":\"https:\/\/www.padreeustaquio.com.br\/wp-content\/uploads\/2022\/03\/via-sacra-no-santuario.jpg\",\"datePublished\":\"2022-03-11T16:17:02+00:00\",\"dateModified\":\"2022-03-11T16:17:04+00:00\",\"description\":\"Todas as quintas-feiras da Quaresma, \u00e0s 18h, os irm\u00e3os da Congrega\u00e7\u00e3o dos Sagrados Cora\u00e7\u00f5es, realizam a medita\u00e7\u00e3o da Via Sacra. O momento traz uma linda reflex\u00e3o da Paix\u00e3o de Nosso Senhor Jesus, baseada em textos escritos pelo pr\u00f3prio Padre Eust\u00e1quio.\",\"breadcrumb\":{\"@id\":\"https:\/\/www.padreeustaquio.com.br\/santuario-da-saude-e-da-paz-promove-via-sacra-com-meditacoes-de-padre-eustaquio\/#breadcrumb\"},\"inLanguage\":\"es\",\"potentialAction\":[{\"@type\":\"ReadAction\",\"target\":[\"https:\/\/www.padreeustaquio.com.br\/santuario-da-saude-e-da-paz-promove-via-sacra-com-meditacoes-de-padre-eustaquio\/\"]}]},{\"@type\":\"ImageObject\",\"inLanguage\":\"es\",\"@id\":\"https:\/\/www.padreeustaquio.com.br\/santuario-da-saude-e-da-paz-promove-via-sacra-com-meditacoes-de-padre-eustaquio\/#primaryimage\",\"url\":\"https:\/\/www.padreeustaquio.com.br\/wp-content\/uploads\/2022\/03\/via-sacra-no-santuario.jpg\",\"contentUrl\":\"https:\/\/www.padreeustaquio.com.br\/wp-content\/uploads\/2022\/03\/via-sacra-no-santuario.jpg\",\"width\":748,\"height\":394},{\"@type\":\"BreadcrumbList\",\"@id\":\"https:\/\/www.padreeustaquio.com.br\/santuario-da-saude-e-da-paz-promove-via-sacra-com-meditacoes-de-padre-eustaquio\/#breadcrumb\",\"itemListElement\":[{\"@type\":\"ListItem\",\"position\":1,\"name\":\"In\u00edcio\",\"item\":\"https:\/\/www.padreeustaquio.com.br\/\"},{\"@type\":\"ListItem\",\"position\":2,\"name\":\"Santu\u00e1rio da Sa\u00fade e da Paz promove Via Sacra com medita\u00e7\u00f5es de Padre Eust\u00e1quio\"}]},{\"@type\":\"WebSite\",\"@id\":\"https:\/\/www.padreeustaquio.com.br\/#website\",\"url\":\"https:\/\/www.padreeustaquio.com.br\/\",\"name\":\"Padre Eust\u00e1quio\",\"description\":\"Sa\u00fade e Paz\",\"publisher\":{\"@id\":\"https:\/\/www.padreeustaquio.com.br\/#organization\"},\"potentialAction\":[{\"@type\":\"SearchAction\",\"target\":{\"@type\":\"EntryPoint\",\"urlTemplate\":\"https:\/\/www.padreeustaquio.com.br\/?s={search_term_string}\"},\"query-input\":{\"@type\":\"PropertyValueSpecification\",\"valueRequired\":true,\"valueName\":\"search_term_string\"}}],\"inLanguage\":\"es\"},{\"@type\":\"Organization\",\"@id\":\"https:\/\/www.padreeustaquio.com.br\/#organization\",\"name\":\"Padre Eust\u00e1quio\",\"url\":\"https:\/\/www.padreeustaquio.com.br\/\",\"logo\":{\"@type\":\"ImageObject\",\"inLanguage\":\"es\",\"@id\":\"https:\/\/www.padreeustaquio.com.br\/#\/schema\/logo\/image\/\",\"url\":\"https:\/\/www.padreeustaquio.com.br\/wp-content\/uploads\/2019\/08\/marca.png\",\"contentUrl\":\"https:\/\/www.padreeustaquio.com.br\/wp-content\/uploads\/2019\/08\/marca.png\",\"width\":350,\"height\":400,\"caption\":\"Padre Eust\u00e1quio\"},\"image\":{\"@id\":\"https:\/\/www.padreeustaquio.com.br\/#\/schema\/logo\/image\/\"},\"sameAs\":[\"https:\/\/www.facebook.com\/beatopadreeustaquio\/\",\"https:\/\/x.com\/beatopeustaquio\",\"https:\/\/www.instagram.com\/beatopadreeustaquio\/\",\"https:\/\/www.youtube.com\/channel\/UCRhw7vfabnajwLxb1ZXMeIw\"]},{\"@type\":\"Person\",\"@id\":\"https:\/\/www.padreeustaquio.com.br\/#\/schema\/person\/a2a51db1d00f1a7af0204a0f1ddb1566\",\"name\":\"@sscc\",\"image\":{\"@type\":\"ImageObject\",\"inLanguage\":\"es\",\"@id\":\"https:\/\/secure.gravatar.com\/avatar\/68cfafa5f44617fea54071e215026e0ff06be366c3d54a8425f04fdcb86f8c5f?s=96&d=mm&r=g\",\"url\":\"https:\/\/secure.gravatar.com\/avatar\/68cfafa5f44617fea54071e215026e0ff06be366c3d54a8425f04fdcb86f8c5f?s=96&d=mm&r=g\",\"contentUrl\":\"https:\/\/secure.gravatar.com\/avatar\/68cfafa5f44617fea54071e215026e0ff06be366c3d54a8425f04fdcb86f8c5f?s=96&d=mm&r=g\",\"caption\":\"@sscc\"},\"url\":\"https:\/\/www.padreeustaquio.com.br\/es\/author\/sscc\/\"}]}<\/script>\n<!-- \/ Yoast SEO plugin. -->","yoast_head_json":{"title":"El Santuario de la Salud y la Paz promueve el V\u00eda Crucis con meditaciones del Padre Eust\u00e1quio.","description":"Todos los jueves de Cuaresma, a las 18:00, los hermanos de la Congregaci\u00f3n de los Sagrados Corazones realizan una meditaci\u00f3n sobre el V\u00eda Crucis. Este momento ofrece una hermosa reflexi\u00f3n sobre la Pasi\u00f3n de Nuestro Se\u00f1or Jes\u00fas, basada en textos escritos por el propio Padre Eust\u00e1quio.","robots":{"index":"index","follow":"follow","max-snippet":"max-snippet:-1","max-image-preview":"max-image-preview:large","max-video-preview":"max-video-preview:-1"},"canonical":"https:\/\/www.padreeustaquio.com.br\/es\/el-santuario-de-la-salud-y-la-paz-promueve-el-via-crucis-con-meditaciones-del-padre-eustaquio\/","og_locale":"es_ES","og_type":"article","og_title":"Santu\u00e1rio da Sa\u00fade e da Paz promove Via Sacra com medita\u00e7\u00f5es de Padre Eust\u00e1quio","og_description":"Todas as quintas-feiras da Quaresma, \u00e0s 18h, os irm\u00e3os da Congrega\u00e7\u00e3o dos Sagrados Cora\u00e7\u00f5es, realizam a medita\u00e7\u00e3o da Via Sacra. O momento traz uma linda reflex\u00e3o da Paix\u00e3o de Nosso Senhor Jesus, baseada em textos escritos pelo pr\u00f3prio Padre Eust\u00e1quio.","og_url":"https:\/\/www.padreeustaquio.com.br\/es\/el-santuario-de-la-salud-y-la-paz-promueve-el-via-crucis-con-meditaciones-del-padre-eustaquio\/","og_site_name":"Padre Eust\u00e1quio","article_publisher":"https:\/\/www.facebook.com\/beatopadreeustaquio\/","article_published_time":"2022-03-11T16:17:02+00:00","article_modified_time":"2022-03-11T16:17:04+00:00","og_image":[{"width":748,"height":394,"url":"https:\/\/www.padreeustaquio.com.br\/wp-content\/uploads\/2022\/03\/via-sacra-no-santuario.jpg","type":"image\/jpeg"}],"author":"@sscc","twitter_card":"summary_large_image","twitter_creator":"@beatopeustaquio","twitter_site":"@beatopeustaquio","twitter_misc":{"Escrito por":"@sscc","Tiempo de lectura":"1 minuto"},"schema":{"@context":"https:\/\/schema.org","@graph":[{"@type":"Article","@id":"https:\/\/www.padreeustaquio.com.br\/santuario-da-saude-e-da-paz-promove-via-sacra-com-meditacoes-de-padre-eustaquio\/#article","isPartOf":{"@id":"https:\/\/www.padreeustaquio.com.br\/santuario-da-saude-e-da-paz-promove-via-sacra-com-meditacoes-de-padre-eustaquio\/"},"author":{"name":"@sscc","@id":"https:\/\/www.padreeustaquio.com.br\/#\/schema\/person\/a2a51db1d00f1a7af0204a0f1ddb1566"},"headline":"Santu\u00e1rio da Sa\u00fade e da Paz promove Via Sacra com medita\u00e7\u00f5es de Padre Eust\u00e1quio","datePublished":"2022-03-11T16:17:02+00:00","dateModified":"2022-03-11T16:17:04+00:00","mainEntityOfPage":{"@id":"https:\/\/www.padreeustaquio.com.br\/santuario-da-saude-e-da-paz-promove-via-sacra-com-meditacoes-de-padre-eustaquio\/"},"wordCount":191,"commentCount":0,"publisher":{"@id":"https:\/\/www.padreeustaquio.com.br\/#organization"},"image":{"@id":"https:\/\/www.padreeustaquio.com.br\/santuario-da-saude-e-da-paz-promove-via-sacra-com-meditacoes-de-padre-eustaquio\/#primaryimage"},"thumbnailUrl":"https:\/\/www.padreeustaquio.com.br\/wp-content\/uploads\/2022\/03\/via-sacra-no-santuario.jpg","articleSection":["Not\u00edcias"],"inLanguage":"es","potentialAction":[{"@type":"CommentAction","name":"Comment","target":["https:\/\/www.padreeustaquio.com.br\/santuario-da-saude-e-da-paz-promove-via-sacra-com-meditacoes-de-padre-eustaquio\/#respond"]}]},{"@type":"WebPage","@id":"https:\/\/www.padreeustaquio.com.br\/santuario-da-saude-e-da-paz-promove-via-sacra-com-meditacoes-de-padre-eustaquio\/","url":"https:\/\/www.padreeustaquio.com.br\/santuario-da-saude-e-da-paz-promove-via-sacra-com-meditacoes-de-padre-eustaquio\/","name":"El Santuario de la Salud y la Paz promueve el V\u00eda Crucis con meditaciones del Padre Eust\u00e1quio.","isPartOf":{"@id":"https:\/\/www.padreeustaquio.com.br\/#website"},"primaryImageOfPage":{"@id":"https:\/\/www.padreeustaquio.com.br\/santuario-da-saude-e-da-paz-promove-via-sacra-com-meditacoes-de-padre-eustaquio\/#primaryimage"},"image":{"@id":"https:\/\/www.padreeustaquio.com.br\/santuario-da-saude-e-da-paz-promove-via-sacra-com-meditacoes-de-padre-eustaquio\/#primaryimage"},"thumbnailUrl":"https:\/\/www.padreeustaquio.com.br\/wp-content\/uploads\/2022\/03\/via-sacra-no-santuario.jpg","datePublished":"2022-03-11T16:17:02+00:00","dateModified":"2022-03-11T16:17:04+00:00","description":"Todos los jueves de Cuaresma, a las 18:00, los hermanos de la Congregaci\u00f3n de los Sagrados Corazones realizan una meditaci\u00f3n sobre el V\u00eda Crucis. Este momento ofrece una hermosa reflexi\u00f3n sobre la Pasi\u00f3n de Nuestro Se\u00f1or Jes\u00fas, basada en textos escritos por el propio Padre Eust\u00e1quio.","breadcrumb":{"@id":"https:\/\/www.padreeustaquio.com.br\/santuario-da-saude-e-da-paz-promove-via-sacra-com-meditacoes-de-padre-eustaquio\/#breadcrumb"},"inLanguage":"es","potentialAction":[{"@type":"ReadAction","target":["https:\/\/www.padreeustaquio.com.br\/santuario-da-saude-e-da-paz-promove-via-sacra-com-meditacoes-de-padre-eustaquio\/"]}]},{"@type":"ImageObject","inLanguage":"es","@id":"https:\/\/www.padreeustaquio.com.br\/santuario-da-saude-e-da-paz-promove-via-sacra-com-meditacoes-de-padre-eustaquio\/#primaryimage","url":"https:\/\/www.padreeustaquio.com.br\/wp-content\/uploads\/2022\/03\/via-sacra-no-santuario.jpg","contentUrl":"https:\/\/www.padreeustaquio.com.br\/wp-content\/uploads\/2022\/03\/via-sacra-no-santuario.jpg","width":748,"height":394},{"@type":"BreadcrumbList","@id":"https:\/\/www.padreeustaquio.com.br\/santuario-da-saude-e-da-paz-promove-via-sacra-com-meditacoes-de-padre-eustaquio\/#breadcrumb","itemListElement":[{"@type":"ListItem","position":1,"name":"In\u00edcio","item":"https:\/\/www.padreeustaquio.com.br\/"},{"@type":"ListItem","position":2,"name":"Santu\u00e1rio da Sa\u00fade e da Paz promove Via Sacra com medita\u00e7\u00f5es de Padre Eust\u00e1quio"}]},{"@type":"WebSite","@id":"https:\/\/www.padreeustaquio.com.br\/#website","url":"https:\/\/www.padreeustaquio.com.br\/","name":"Padre Eustace","description":"Salud y Paz","publisher":{"@id":"https:\/\/www.padreeustaquio.com.br\/#organization"},"potentialAction":[{"@type":"SearchAction","target":{"@type":"EntryPoint","urlTemplate":"https:\/\/www.padreeustaquio.com.br\/?s={search_term_string}"},"query-input":{"@type":"PropertyValueSpecification","valueRequired":true,"valueName":"search_term_string"}}],"inLanguage":"es"},{"@type":"Organization","@id":"https:\/\/www.padreeustaquio.com.br\/#organization","name":"Padre Eustace","url":"https:\/\/www.padreeustaquio.com.br\/","logo":{"@type":"ImageObject","inLanguage":"es","@id":"https:\/\/www.padreeustaquio.com.br\/#\/schema\/logo\/image\/","url":"https:\/\/www.padreeustaquio.com.br\/wp-content\/uploads\/2019\/08\/marca.png","contentUrl":"https:\/\/www.padreeustaquio.com.br\/wp-content\/uploads\/2019\/08\/marca.png","width":350,"height":400,"caption":"Padre Eust\u00e1quio"},"image":{"@id":"https:\/\/www.padreeustaquio.com.br\/#\/schema\/logo\/image\/"},"sameAs":["https:\/\/www.facebook.com\/beatopadreeustaquio\/","https:\/\/x.com\/beatopeustaquio","https:\/\/www.instagram.com\/beatopadreeustaquio\/","https:\/\/www.youtube.com\/channel\/UCRhw7vfabnajwLxb1ZXMeIw"]},{"@type":"Person","@id":"https:\/\/www.padreeustaquio.com.br\/#\/schema\/person\/a2a51db1d00f1a7af0204a0f1ddb1566","name":"@sscc","image":{"@type":"ImageObject","inLanguage":"es","@id":"https:\/\/secure.gravatar.com\/avatar\/68cfafa5f44617fea54071e215026e0ff06be366c3d54a8425f04fdcb86f8c5f?s=96&d=mm&r=g","url":"https:\/\/secure.gravatar.com\/avatar\/68cfafa5f44617fea54071e215026e0ff06be366c3d54a8425f04fdcb86f8c5f?s=96&d=mm&r=g","contentUrl":"https:\/\/secure.gravatar.com\/avatar\/68cfafa5f44617fea54071e215026e0ff06be366c3d54a8425f04fdcb86f8c5f?s=96&d=mm&r=g","caption":"@sscc"},"url":"https:\/\/www.padreeustaquio.com.br\/es\/author\/sscc\/"}]}},"_links":{"self":[{"href":"https:\/\/www.padreeustaquio.com.br\/es\/wp-json\/wp\/v2\/posts\/8259","targetHints":{"allow":["GET"]}}],"collection":[{"href":"https:\/\/www.padreeustaquio.com.br\/es\/wp-json\/wp\/v2\/posts"}],"about":[{"href":"https:\/\/www.padreeustaquio.com.br\/es\/wp-json\/wp\/v2\/types\/post"}],"author":[{"embeddable":true,"href":"https:\/\/www.padreeustaquio.com.br\/es\/wp-json\/wp\/v2\/users\/2"}],"replies":[{"embeddable":true,"href":"https:\/\/www.padreeustaquio.com.br\/es\/wp-json\/wp\/v2\/comments?post=8259"}],"version-history":[{"count":0,"href":"https:\/\/www.padreeustaquio.com.br\/es\/wp-json\/wp\/v2\/posts\/8259\/revisions"}],"wp:featuredmedia":[{"embeddable":true,"href":"https:\/\/www.padreeustaquio.com.br\/es\/wp-json\/wp\/v2\/media\/8260"}],"wp:attachment":[{"href":"https:\/\/www.padreeustaquio.com.br\/es\/wp-json\/wp\/v2\/media?parent=8259"}],"wp:term":[{"taxonomy":"category","embeddable":true,"href":"https:\/\/www.padreeustaquio.com.br\/es\/wp-json\/wp\/v2\/categories?post=8259"},{"taxonomy":"post_tag","embeddable":true,"href":"https:\/\/www.padreeustaquio.com.br\/es\/wp-json\/wp\/v2\/tags?post=8259"}],"curies":[{"name":"wp","href":"https:\/\/api.w.org\/{rel}","templated":true}]}}