{"id":8246,"date":"2022-03-10T06:19:00","date_gmt":"2022-03-10T09:19:00","guid":{"rendered":"https:\/\/www.padreeustaquio.com.br\/?p=8246"},"modified":"2022-03-08T21:42:05","modified_gmt":"2022-03-09T00:42:05","slug":"hace-dieciseis-anos-se-inicio-la-construccion-del-monumento-al-padre-eustaquio","status":"publish","type":"post","link":"https:\/\/www.padreeustaquio.com.br\/es\/hace-dieciseis-anos-se-inicio-la-construccion-del-monumento-al-padre-eustaquio\/","title":{"rendered":"La construcci\u00f3n del Memorial Padre Eust\u00e1quio comenz\u00f3 hace 16 a\u00f1os."},"content":{"rendered":"<p>Los devotos del Padre Eustaquio, junto con la comunidad, deseaban crear un espacio de oraci\u00f3n, reflexi\u00f3n y veneraci\u00f3n al reci\u00e9n nombrado beato. Con esta idea en mente, surgi\u00f3 la idea de construir un monumento dedicado al sacerdote holand\u00e9s.<\/p>\n\n\n\n<div class=\"wp-block-image\"><figure class=\"alignleft size-medium\"><img fetchpriority=\"high\" decoding=\"async\" width=\"300\" height=\"200\" src=\"https:\/\/www.padreeustaquio.com.br\/wp-content\/uploads\/2022\/03\/Sobrinhos-de-Padre-Eustaquio-levam-a-urna-ate-o-presbiterio.-300x200.jpeg\" alt=\"\" class=\"wp-image-8247\" srcset=\"https:\/\/www.padreeustaquio.com.br\/wp-content\/uploads\/2022\/03\/Sobrinhos-de-Padre-Eustaquio-levam-a-urna-ate-o-presbiterio.-300x200.jpeg 300w, https:\/\/www.padreeustaquio.com.br\/wp-content\/uploads\/2022\/03\/Sobrinhos-de-Padre-Eustaquio-levam-a-urna-ate-o-presbiterio.-768x513.jpeg 768w, https:\/\/www.padreeustaquio.com.br\/wp-content\/uploads\/2022\/03\/Sobrinhos-de-Padre-Eustaquio-levam-a-urna-ate-o-presbiterio..jpeg 800w\" sizes=\"(max-width: 300px) 100vw, 300px\" \/><figcaption>Los sobrinos del Padre Eust\u00e1quio llevaron la urna al presbiterio para el inicio de la Santa Misa.<\/figcaption><\/figure><\/div>\n\n\n\n<p>La construcci\u00f3n comenz\u00f3 en marzo de 2006, hace 16 a\u00f1os, y el vicepostulador responsable del proyecto en aquel momento era el Padre L\u00facio Dumont Prado, sscc. Las obras duraron un a\u00f1o y medio y se inauguraron en agosto del a\u00f1o siguiente, en una celebraci\u00f3n presidida por el entonces obispo auxiliar de Belo Horizonte, Dom Alo\u00edsio Pena Vitral. Estuvieron presentes sacerdotes de la Congregaci\u00f3n de los Sagrados Corazones y familiares del Padre Eust\u00e1quio, quienes transportaron la urna que conten\u00eda los restos mortales del Beato.<br>Al finalizar la celebraci\u00f3n, los sacerdotes de la Congregaci\u00f3n trasladaron las reliquias al nuevo memorial.<\/p>\n\n\n\n<p>El memorial del Padre Eustaquio es hoy un punto de referencia para los devotos del Beato. All\u00ed se encuentran sus restos mortales, y a trav\u00e9s de sus vitrales, es posible seguir parte de su vida. Los fieles buscan este lugar para rezar y encontrar paz y consuelo en un mundo tan acelerado.<\/p>\n\n\n\n<p>Si a\u00fan no ha visitado el Memorial Padre Eust\u00e1quio, venga a visitar este lugar de peregrinaci\u00f3n. El Memorial est\u00e1 anexo al Santuario de la Salud y la Paz de Belo Horizonte. Est\u00e1 abierto al p\u00fablico todos los d\u00edas de 7:00 a 19:30.<\/p>\n\n\n\n<p><\/p>","protected":false},"excerpt":{"rendered":"<p>Os devotos de Padre Eust\u00e1quio, junto com a comunidade, tinham a vontade de construir um espa\u00e7o para ora\u00e7\u00e3o, recolhimento e venera\u00e7\u00e3o do rec\u00e9m-nomeado Beato. E foi pensando nisso que surgiu a ideia da constru\u00e7\u00e3o de um Memorial dedicado ao padre holand\u00eas. A constru\u00e7\u00e3o come\u00e7ou em mar\u00e7o de 2006, h\u00e1 16 anos, e o vice-postulador respons\u00e1vel pelo projeto na \u00e9poca foi o Padre L\u00facio Dumont Prado, sscc. A obra durou um ano e meio e foi inaugurada em agosto do ano seguinte, em uma celebra\u00e7\u00e3o presidida pelo ent\u00e3o bispo auxiliar de Belo Horizonte, Dom Alo\u00edsio Pena Vitral. Estavam presentes os padres [&hellip;]<\/p>\n","protected":false},"author":2,"featured_media":8248,"comment_status":"open","ping_status":"closed","sticky":false,"template":"","format":"standard","meta":{"_acf_changed":false,"footnotes":""},"categories":[611],"tags":[],"class_list":["post-8246","post","type-post","status-publish","format-standard","has-post-thumbnail","hentry","category-noticias"],"acf":[],"yoast_head":"<!-- This site is optimized with the Yoast SEO plugin v27.2 - https:\/\/yoast.com\/product\/yoast-seo-wordpress\/ -->\n<title>H\u00e1 16 anos come\u00e7ava a constru\u00e7\u00e3o do Memorial Padre Eust\u00e1quio<\/title>\n<meta name=\"description\" content=\"Os devotos de Padre Eust\u00e1quio, junto com a comunidade, tinham a vontade de construir um espa\u00e7o para ora\u00e7\u00e3o, recolhimento e venera\u00e7\u00e3o do rec\u00e9m-nomeado Beato. E foi pensando nisso que surgiu a ideia da constru\u00e7\u00e3o de um Memorial dedicado ao padre holand\u00eas.\" \/>\n<meta name=\"robots\" content=\"index, follow, max-snippet:-1, max-image-preview:large, max-video-preview:-1\" \/>\n<link rel=\"canonical\" href=\"https:\/\/www.padreeustaquio.com.br\/es\/hace-dieciseis-anos-se-inicio-la-construccion-del-monumento-al-padre-eustaquio\/\" \/>\n<meta property=\"og:locale\" content=\"es_ES\" \/>\n<meta property=\"og:type\" content=\"article\" \/>\n<meta property=\"og:title\" content=\"H\u00e1 16 anos come\u00e7ava a constru\u00e7\u00e3o do Memorial Padre Eust\u00e1quio\" \/>\n<meta property=\"og:description\" content=\"Os devotos de Padre Eust\u00e1quio, junto com a comunidade, tinham a vontade de construir um espa\u00e7o para ora\u00e7\u00e3o, recolhimento e venera\u00e7\u00e3o do rec\u00e9m-nomeado Beato. E foi pensando nisso que surgiu a ideia da constru\u00e7\u00e3o de um Memorial dedicado ao padre holand\u00eas.\" \/>\n<meta property=\"og:url\" content=\"https:\/\/www.padreeustaquio.com.br\/es\/hace-dieciseis-anos-se-inicio-la-construccion-del-monumento-al-padre-eustaquio\/\" \/>\n<meta property=\"og:site_name\" content=\"Padre Eust\u00e1quio\" \/>\n<meta property=\"article:publisher\" content=\"https:\/\/www.facebook.com\/beatopadreeustaquio\/\" \/>\n<meta property=\"article:published_time\" content=\"2022-03-10T09:19:00+00:00\" \/>\n<meta property=\"og:image\" content=\"https:\/\/www.padreeustaquio.com.br\/wp-content\/uploads\/2022\/03\/Padres-dos-sagrados-coracoes-e-o-entao-bispo-auxiliar-de-bh-alosio-pena-vitral-no-memorial-do-padre-eustaquio.jpeg\" \/>\n\t<meta property=\"og:image:width\" content=\"800\" \/>\n\t<meta property=\"og:image:height\" content=\"534\" \/>\n\t<meta property=\"og:image:type\" content=\"image\/jpeg\" \/>\n<meta name=\"author\" content=\"@sscc\" \/>\n<meta name=\"twitter:card\" content=\"summary_large_image\" \/>\n<meta name=\"twitter:creator\" content=\"@beatopeustaquio\" \/>\n<meta name=\"twitter:site\" content=\"@beatopeustaquio\" \/>\n<meta name=\"twitter:label1\" content=\"Escrito por\" \/>\n\t<meta name=\"twitter:data1\" content=\"@sscc\" \/>\n\t<meta name=\"twitter:label2\" content=\"Tiempo de lectura\" \/>\n\t<meta name=\"twitter:data2\" content=\"2 minutos\" \/>\n<script type=\"application\/ld+json\" class=\"yoast-schema-graph\">{\"@context\":\"https:\/\/schema.org\",\"@graph\":[{\"@type\":\"Article\",\"@id\":\"https:\/\/www.padreeustaquio.com.br\/ha-16-anos-comecava-a-construcao-do-memorial-padre-eustaquio\/#article\",\"isPartOf\":{\"@id\":\"https:\/\/www.padreeustaquio.com.br\/ha-16-anos-comecava-a-construcao-do-memorial-padre-eustaquio\/\"},\"author\":{\"name\":\"@sscc\",\"@id\":\"https:\/\/www.padreeustaquio.com.br\/#\/schema\/person\/a2a51db1d00f1a7af0204a0f1ddb1566\"},\"headline\":\"H\u00e1 16 anos come\u00e7ava a constru\u00e7\u00e3o do Memorial Padre Eust\u00e1quio\",\"datePublished\":\"2022-03-10T09:19:00+00:00\",\"mainEntityOfPage\":{\"@id\":\"https:\/\/www.padreeustaquio.com.br\/ha-16-anos-comecava-a-construcao-do-memorial-padre-eustaquio\/\"},\"wordCount\":295,\"commentCount\":0,\"publisher\":{\"@id\":\"https:\/\/www.padreeustaquio.com.br\/#organization\"},\"image\":{\"@id\":\"https:\/\/www.padreeustaquio.com.br\/ha-16-anos-comecava-a-construcao-do-memorial-padre-eustaquio\/#primaryimage\"},\"thumbnailUrl\":\"https:\/\/www.padreeustaquio.com.br\/wp-content\/uploads\/2022\/03\/Padres-dos-sagrados-coracoes-e-o-entao-bispo-auxiliar-de-bh-alosio-pena-vitral-no-memorial-do-padre-eustaquio.jpeg\",\"articleSection\":[\"Not\u00edcias\"],\"inLanguage\":\"es\",\"potentialAction\":[{\"@type\":\"CommentAction\",\"name\":\"Comment\",\"target\":[\"https:\/\/www.padreeustaquio.com.br\/ha-16-anos-comecava-a-construcao-do-memorial-padre-eustaquio\/#respond\"]}]},{\"@type\":\"WebPage\",\"@id\":\"https:\/\/www.padreeustaquio.com.br\/ha-16-anos-comecava-a-construcao-do-memorial-padre-eustaquio\/\",\"url\":\"https:\/\/www.padreeustaquio.com.br\/ha-16-anos-comecava-a-construcao-do-memorial-padre-eustaquio\/\",\"name\":\"H\u00e1 16 anos come\u00e7ava a constru\u00e7\u00e3o do Memorial Padre Eust\u00e1quio\",\"isPartOf\":{\"@id\":\"https:\/\/www.padreeustaquio.com.br\/#website\"},\"primaryImageOfPage\":{\"@id\":\"https:\/\/www.padreeustaquio.com.br\/ha-16-anos-comecava-a-construcao-do-memorial-padre-eustaquio\/#primaryimage\"},\"image\":{\"@id\":\"https:\/\/www.padreeustaquio.com.br\/ha-16-anos-comecava-a-construcao-do-memorial-padre-eustaquio\/#primaryimage\"},\"thumbnailUrl\":\"https:\/\/www.padreeustaquio.com.br\/wp-content\/uploads\/2022\/03\/Padres-dos-sagrados-coracoes-e-o-entao-bispo-auxiliar-de-bh-alosio-pena-vitral-no-memorial-do-padre-eustaquio.jpeg\",\"datePublished\":\"2022-03-10T09:19:00+00:00\",\"description\":\"Os devotos de Padre Eust\u00e1quio, junto com a comunidade, tinham a vontade de construir um espa\u00e7o para ora\u00e7\u00e3o, recolhimento e venera\u00e7\u00e3o do rec\u00e9m-nomeado Beato. E foi pensando nisso que surgiu a ideia da constru\u00e7\u00e3o de um Memorial dedicado ao padre holand\u00eas.\",\"breadcrumb\":{\"@id\":\"https:\/\/www.padreeustaquio.com.br\/ha-16-anos-comecava-a-construcao-do-memorial-padre-eustaquio\/#breadcrumb\"},\"inLanguage\":\"es\",\"potentialAction\":[{\"@type\":\"ReadAction\",\"target\":[\"https:\/\/www.padreeustaquio.com.br\/ha-16-anos-comecava-a-construcao-do-memorial-padre-eustaquio\/\"]}]},{\"@type\":\"ImageObject\",\"inLanguage\":\"es\",\"@id\":\"https:\/\/www.padreeustaquio.com.br\/ha-16-anos-comecava-a-construcao-do-memorial-padre-eustaquio\/#primaryimage\",\"url\":\"https:\/\/www.padreeustaquio.com.br\/wp-content\/uploads\/2022\/03\/Padres-dos-sagrados-coracoes-e-o-entao-bispo-auxiliar-de-bh-alosio-pena-vitral-no-memorial-do-padre-eustaquio.jpeg\",\"contentUrl\":\"https:\/\/www.padreeustaquio.com.br\/wp-content\/uploads\/2022\/03\/Padres-dos-sagrados-coracoes-e-o-entao-bispo-auxiliar-de-bh-alosio-pena-vitral-no-memorial-do-padre-eustaquio.jpeg\",\"width\":800,\"height\":534},{\"@type\":\"BreadcrumbList\",\"@id\":\"https:\/\/www.padreeustaquio.com.br\/ha-16-anos-comecava-a-construcao-do-memorial-padre-eustaquio\/#breadcrumb\",\"itemListElement\":[{\"@type\":\"ListItem\",\"position\":1,\"name\":\"In\u00edcio\",\"item\":\"https:\/\/www.padreeustaquio.com.br\/\"},{\"@type\":\"ListItem\",\"position\":2,\"name\":\"H\u00e1 16 anos come\u00e7ava a constru\u00e7\u00e3o do Memorial Padre Eust\u00e1quio\"}]},{\"@type\":\"WebSite\",\"@id\":\"https:\/\/www.padreeustaquio.com.br\/#website\",\"url\":\"https:\/\/www.padreeustaquio.com.br\/\",\"name\":\"Padre Eust\u00e1quio\",\"description\":\"Sa\u00fade e Paz\",\"publisher\":{\"@id\":\"https:\/\/www.padreeustaquio.com.br\/#organization\"},\"potentialAction\":[{\"@type\":\"SearchAction\",\"target\":{\"@type\":\"EntryPoint\",\"urlTemplate\":\"https:\/\/www.padreeustaquio.com.br\/?s={search_term_string}\"},\"query-input\":{\"@type\":\"PropertyValueSpecification\",\"valueRequired\":true,\"valueName\":\"search_term_string\"}}],\"inLanguage\":\"es\"},{\"@type\":\"Organization\",\"@id\":\"https:\/\/www.padreeustaquio.com.br\/#organization\",\"name\":\"Padre Eust\u00e1quio\",\"url\":\"https:\/\/www.padreeustaquio.com.br\/\",\"logo\":{\"@type\":\"ImageObject\",\"inLanguage\":\"es\",\"@id\":\"https:\/\/www.padreeustaquio.com.br\/#\/schema\/logo\/image\/\",\"url\":\"https:\/\/www.padreeustaquio.com.br\/wp-content\/uploads\/2019\/08\/marca.png\",\"contentUrl\":\"https:\/\/www.padreeustaquio.com.br\/wp-content\/uploads\/2019\/08\/marca.png\",\"width\":350,\"height\":400,\"caption\":\"Padre Eust\u00e1quio\"},\"image\":{\"@id\":\"https:\/\/www.padreeustaquio.com.br\/#\/schema\/logo\/image\/\"},\"sameAs\":[\"https:\/\/www.facebook.com\/beatopadreeustaquio\/\",\"https:\/\/x.com\/beatopeustaquio\",\"https:\/\/www.instagram.com\/beatopadreeustaquio\/\",\"https:\/\/www.youtube.com\/channel\/UCRhw7vfabnajwLxb1ZXMeIw\"]},{\"@type\":\"Person\",\"@id\":\"https:\/\/www.padreeustaquio.com.br\/#\/schema\/person\/a2a51db1d00f1a7af0204a0f1ddb1566\",\"name\":\"@sscc\",\"image\":{\"@type\":\"ImageObject\",\"inLanguage\":\"es\",\"@id\":\"https:\/\/secure.gravatar.com\/avatar\/68cfafa5f44617fea54071e215026e0ff06be366c3d54a8425f04fdcb86f8c5f?s=96&d=mm&r=g\",\"url\":\"https:\/\/secure.gravatar.com\/avatar\/68cfafa5f44617fea54071e215026e0ff06be366c3d54a8425f04fdcb86f8c5f?s=96&d=mm&r=g\",\"contentUrl\":\"https:\/\/secure.gravatar.com\/avatar\/68cfafa5f44617fea54071e215026e0ff06be366c3d54a8425f04fdcb86f8c5f?s=96&d=mm&r=g\",\"caption\":\"@sscc\"},\"url\":\"https:\/\/www.padreeustaquio.com.br\/es\/author\/sscc\/\"}]}<\/script>\n<!-- \/ Yoast SEO plugin. -->","yoast_head_json":{"title":"La construcci\u00f3n del Memorial Padre Eust\u00e1quio comenz\u00f3 hace 16 a\u00f1os.","description":"Los devotos del Padre Eustaquio, junto con la comunidad, deseaban crear un espacio de oraci\u00f3n, reflexi\u00f3n y veneraci\u00f3n al reci\u00e9n nombrado beato. Con esta idea en mente, surgi\u00f3 la idea de construir un monumento dedicado al sacerdote holand\u00e9s.","robots":{"index":"index","follow":"follow","max-snippet":"max-snippet:-1","max-image-preview":"max-image-preview:large","max-video-preview":"max-video-preview:-1"},"canonical":"https:\/\/www.padreeustaquio.com.br\/es\/hace-dieciseis-anos-se-inicio-la-construccion-del-monumento-al-padre-eustaquio\/","og_locale":"es_ES","og_type":"article","og_title":"H\u00e1 16 anos come\u00e7ava a constru\u00e7\u00e3o do Memorial Padre Eust\u00e1quio","og_description":"Os devotos de Padre Eust\u00e1quio, junto com a comunidade, tinham a vontade de construir um espa\u00e7o para ora\u00e7\u00e3o, recolhimento e venera\u00e7\u00e3o do rec\u00e9m-nomeado Beato. E foi pensando nisso que surgiu a ideia da constru\u00e7\u00e3o de um Memorial dedicado ao padre holand\u00eas.","og_url":"https:\/\/www.padreeustaquio.com.br\/es\/hace-dieciseis-anos-se-inicio-la-construccion-del-monumento-al-padre-eustaquio\/","og_site_name":"Padre Eust\u00e1quio","article_publisher":"https:\/\/www.facebook.com\/beatopadreeustaquio\/","article_published_time":"2022-03-10T09:19:00+00:00","og_image":[{"width":800,"height":534,"url":"https:\/\/www.padreeustaquio.com.br\/wp-content\/uploads\/2022\/03\/Padres-dos-sagrados-coracoes-e-o-entao-bispo-auxiliar-de-bh-alosio-pena-vitral-no-memorial-do-padre-eustaquio.jpeg","type":"image\/jpeg"}],"author":"@sscc","twitter_card":"summary_large_image","twitter_creator":"@beatopeustaquio","twitter_site":"@beatopeustaquio","twitter_misc":{"Escrito por":"@sscc","Tiempo de lectura":"2 minutos"},"schema":{"@context":"https:\/\/schema.org","@graph":[{"@type":"Article","@id":"https:\/\/www.padreeustaquio.com.br\/ha-16-anos-comecava-a-construcao-do-memorial-padre-eustaquio\/#article","isPartOf":{"@id":"https:\/\/www.padreeustaquio.com.br\/ha-16-anos-comecava-a-construcao-do-memorial-padre-eustaquio\/"},"author":{"name":"@sscc","@id":"https:\/\/www.padreeustaquio.com.br\/#\/schema\/person\/a2a51db1d00f1a7af0204a0f1ddb1566"},"headline":"H\u00e1 16 anos come\u00e7ava a constru\u00e7\u00e3o do Memorial Padre Eust\u00e1quio","datePublished":"2022-03-10T09:19:00+00:00","mainEntityOfPage":{"@id":"https:\/\/www.padreeustaquio.com.br\/ha-16-anos-comecava-a-construcao-do-memorial-padre-eustaquio\/"},"wordCount":295,"commentCount":0,"publisher":{"@id":"https:\/\/www.padreeustaquio.com.br\/#organization"},"image":{"@id":"https:\/\/www.padreeustaquio.com.br\/ha-16-anos-comecava-a-construcao-do-memorial-padre-eustaquio\/#primaryimage"},"thumbnailUrl":"https:\/\/www.padreeustaquio.com.br\/wp-content\/uploads\/2022\/03\/Padres-dos-sagrados-coracoes-e-o-entao-bispo-auxiliar-de-bh-alosio-pena-vitral-no-memorial-do-padre-eustaquio.jpeg","articleSection":["Not\u00edcias"],"inLanguage":"es","potentialAction":[{"@type":"CommentAction","name":"Comment","target":["https:\/\/www.padreeustaquio.com.br\/ha-16-anos-comecava-a-construcao-do-memorial-padre-eustaquio\/#respond"]}]},{"@type":"WebPage","@id":"https:\/\/www.padreeustaquio.com.br\/ha-16-anos-comecava-a-construcao-do-memorial-padre-eustaquio\/","url":"https:\/\/www.padreeustaquio.com.br\/ha-16-anos-comecava-a-construcao-do-memorial-padre-eustaquio\/","name":"La construcci\u00f3n del Memorial Padre Eust\u00e1quio comenz\u00f3 hace 16 a\u00f1os.","isPartOf":{"@id":"https:\/\/www.padreeustaquio.com.br\/#website"},"primaryImageOfPage":{"@id":"https:\/\/www.padreeustaquio.com.br\/ha-16-anos-comecava-a-construcao-do-memorial-padre-eustaquio\/#primaryimage"},"image":{"@id":"https:\/\/www.padreeustaquio.com.br\/ha-16-anos-comecava-a-construcao-do-memorial-padre-eustaquio\/#primaryimage"},"thumbnailUrl":"https:\/\/www.padreeustaquio.com.br\/wp-content\/uploads\/2022\/03\/Padres-dos-sagrados-coracoes-e-o-entao-bispo-auxiliar-de-bh-alosio-pena-vitral-no-memorial-do-padre-eustaquio.jpeg","datePublished":"2022-03-10T09:19:00+00:00","description":"Los devotos del Padre Eustaquio, junto con la comunidad, deseaban crear un espacio de oraci\u00f3n, reflexi\u00f3n y veneraci\u00f3n al reci\u00e9n nombrado beato. Con esta idea en mente, surgi\u00f3 la idea de construir un monumento dedicado al sacerdote holand\u00e9s.","breadcrumb":{"@id":"https:\/\/www.padreeustaquio.com.br\/ha-16-anos-comecava-a-construcao-do-memorial-padre-eustaquio\/#breadcrumb"},"inLanguage":"es","potentialAction":[{"@type":"ReadAction","target":["https:\/\/www.padreeustaquio.com.br\/ha-16-anos-comecava-a-construcao-do-memorial-padre-eustaquio\/"]}]},{"@type":"ImageObject","inLanguage":"es","@id":"https:\/\/www.padreeustaquio.com.br\/ha-16-anos-comecava-a-construcao-do-memorial-padre-eustaquio\/#primaryimage","url":"https:\/\/www.padreeustaquio.com.br\/wp-content\/uploads\/2022\/03\/Padres-dos-sagrados-coracoes-e-o-entao-bispo-auxiliar-de-bh-alosio-pena-vitral-no-memorial-do-padre-eustaquio.jpeg","contentUrl":"https:\/\/www.padreeustaquio.com.br\/wp-content\/uploads\/2022\/03\/Padres-dos-sagrados-coracoes-e-o-entao-bispo-auxiliar-de-bh-alosio-pena-vitral-no-memorial-do-padre-eustaquio.jpeg","width":800,"height":534},{"@type":"BreadcrumbList","@id":"https:\/\/www.padreeustaquio.com.br\/ha-16-anos-comecava-a-construcao-do-memorial-padre-eustaquio\/#breadcrumb","itemListElement":[{"@type":"ListItem","position":1,"name":"In\u00edcio","item":"https:\/\/www.padreeustaquio.com.br\/"},{"@type":"ListItem","position":2,"name":"H\u00e1 16 anos come\u00e7ava a constru\u00e7\u00e3o do Memorial Padre Eust\u00e1quio"}]},{"@type":"WebSite","@id":"https:\/\/www.padreeustaquio.com.br\/#website","url":"https:\/\/www.padreeustaquio.com.br\/","name":"Padre Eustace","description":"Salud y Paz","publisher":{"@id":"https:\/\/www.padreeustaquio.com.br\/#organization"},"potentialAction":[{"@type":"SearchAction","target":{"@type":"EntryPoint","urlTemplate":"https:\/\/www.padreeustaquio.com.br\/?s={search_term_string}"},"query-input":{"@type":"PropertyValueSpecification","valueRequired":true,"valueName":"search_term_string"}}],"inLanguage":"es"},{"@type":"Organization","@id":"https:\/\/www.padreeustaquio.com.br\/#organization","name":"Padre Eustace","url":"https:\/\/www.padreeustaquio.com.br\/","logo":{"@type":"ImageObject","inLanguage":"es","@id":"https:\/\/www.padreeustaquio.com.br\/#\/schema\/logo\/image\/","url":"https:\/\/www.padreeustaquio.com.br\/wp-content\/uploads\/2019\/08\/marca.png","contentUrl":"https:\/\/www.padreeustaquio.com.br\/wp-content\/uploads\/2019\/08\/marca.png","width":350,"height":400,"caption":"Padre Eust\u00e1quio"},"image":{"@id":"https:\/\/www.padreeustaquio.com.br\/#\/schema\/logo\/image\/"},"sameAs":["https:\/\/www.facebook.com\/beatopadreeustaquio\/","https:\/\/x.com\/beatopeustaquio","https:\/\/www.instagram.com\/beatopadreeustaquio\/","https:\/\/www.youtube.com\/channel\/UCRhw7vfabnajwLxb1ZXMeIw"]},{"@type":"Person","@id":"https:\/\/www.padreeustaquio.com.br\/#\/schema\/person\/a2a51db1d00f1a7af0204a0f1ddb1566","name":"@sscc","image":{"@type":"ImageObject","inLanguage":"es","@id":"https:\/\/secure.gravatar.com\/avatar\/68cfafa5f44617fea54071e215026e0ff06be366c3d54a8425f04fdcb86f8c5f?s=96&d=mm&r=g","url":"https:\/\/secure.gravatar.com\/avatar\/68cfafa5f44617fea54071e215026e0ff06be366c3d54a8425f04fdcb86f8c5f?s=96&d=mm&r=g","contentUrl":"https:\/\/secure.gravatar.com\/avatar\/68cfafa5f44617fea54071e215026e0ff06be366c3d54a8425f04fdcb86f8c5f?s=96&d=mm&r=g","caption":"@sscc"},"url":"https:\/\/www.padreeustaquio.com.br\/es\/author\/sscc\/"}]}},"_links":{"self":[{"href":"https:\/\/www.padreeustaquio.com.br\/es\/wp-json\/wp\/v2\/posts\/8246","targetHints":{"allow":["GET"]}}],"collection":[{"href":"https:\/\/www.padreeustaquio.com.br\/es\/wp-json\/wp\/v2\/posts"}],"about":[{"href":"https:\/\/www.padreeustaquio.com.br\/es\/wp-json\/wp\/v2\/types\/post"}],"author":[{"embeddable":true,"href":"https:\/\/www.padreeustaquio.com.br\/es\/wp-json\/wp\/v2\/users\/2"}],"replies":[{"embeddable":true,"href":"https:\/\/www.padreeustaquio.com.br\/es\/wp-json\/wp\/v2\/comments?post=8246"}],"version-history":[{"count":0,"href":"https:\/\/www.padreeustaquio.com.br\/es\/wp-json\/wp\/v2\/posts\/8246\/revisions"}],"wp:featuredmedia":[{"embeddable":true,"href":"https:\/\/www.padreeustaquio.com.br\/es\/wp-json\/wp\/v2\/media\/8248"}],"wp:attachment":[{"href":"https:\/\/www.padreeustaquio.com.br\/es\/wp-json\/wp\/v2\/media?parent=8246"}],"wp:term":[{"taxonomy":"category","embeddable":true,"href":"https:\/\/www.padreeustaquio.com.br\/es\/wp-json\/wp\/v2\/categories?post=8246"},{"taxonomy":"post_tag","embeddable":true,"href":"https:\/\/www.padreeustaquio.com.br\/es\/wp-json\/wp\/v2\/tags?post=8246"}],"curies":[{"name":"wp","href":"https:\/\/api.w.org\/{rel}","templated":true}]}}