{"id":8243,"date":"2022-03-08T06:15:00","date_gmt":"2022-03-08T09:15:00","guid":{"rendered":"https:\/\/www.padreeustaquio.com.br\/?p=8243"},"modified":"2022-03-07T19:18:32","modified_gmt":"2022-03-07T22:18:32","slug":"la-comunidad-podra-participar-de-la-recreacion-de-la-pasion-de-cristo-en-la-iglesia-del-padre-eustaquio","status":"publish","type":"post","link":"https:\/\/www.padreeustaquio.com.br\/es\/la-comunidad-podra-participar-de-la-recreacion-de-la-pasion-de-cristo-en-la-iglesia-del-padre-eustaquio\/","title":{"rendered":"La comunidad podr\u00e1 participar de la recreaci\u00f3n de la Pasi\u00f3n de Cristo en la Iglesia Padre Eust\u00e1quio."},"content":{"rendered":"<p>El 15 de abril de este a\u00f1o, la Iglesia de todo el mundo celebrar\u00e1 la Pasi\u00f3n y Muerte de Nuestro Se\u00f1or. En este d\u00eda, la recreaci\u00f3n de los \u00faltimos momentos de Cristo en la Tierra es una costumbre muy com\u00fan en las iglesias, especialmente en Brasil. En el Santuario de la Salud y la Paz, no ser\u00e1 la excepci\u00f3n. Sin embargo, este a\u00f1o, adem\u00e1s de los j\u00f3venes de la Parroquia de los Sagrados Corazones, toda la comunidad est\u00e1 invitada a participar en la recreaci\u00f3n.<\/p>\n\n\n\n<p>La representaci\u00f3n teatral que representa el camino de Cristo a la Cruz es una tradici\u00f3n en la Iglesia Padre Eustaquio. Durante los \u00faltimos dos a\u00f1os, esta tradici\u00f3n se vio interrumpida por la pandemia, pero ahora la idea es integrar a toda la comunidad en esta obra de amor y dedicaci\u00f3n.<\/p>\n\n\n\n<p>Para participar, simplemente reg\u00edstrate. <a href=\"https:\/\/forms.gle\/5MTX1e8XmAMEGzx17\" target=\"_blank\" rel=\"noreferrer noopener\">HAGA CLIC AQU\u00cd<\/a> y completando el formulario. Las inscripciones est\u00e1n abiertas hasta el pr\u00f3ximo viernes 11 de marzo. La organizaci\u00f3n de la funci\u00f3n est\u00e1 a cargo del Ministerio de J\u00f3venes de los Sagrados Corazones, que posteriormente se pondr\u00e1 en contacto con cada inscrito para proporcionarle las fechas de las reuniones y los ensayos.<\/p>\n\n\n\n<p>Para m\u00e1s informaci\u00f3n, hable directamente con los organizadores: Eric \u2013 (31) 99120-6416; Pedro \u2013 (31) 99117-1506 o Gabriela \u2013 (31) 99634-0705. Venga y participe con nosotros en este momento tan importante e intenso de la Semana Santa.<\/p>\n\n\n\n<p><\/p>","protected":false},"excerpt":{"rendered":"<p>No dia 15 de abril deste ano, a Igreja no mundo todo vai celebrar a Paix\u00e3o e Morte de Nosso Senhor. Neste dia, a representa\u00e7\u00e3o dos \u00faltimos momentos de Cristo na Terra \u00e9 um costume muito comum entre as igrejas, sobretudo no Brasil. No Santu\u00e1rio da Sa\u00fade e da Paz, n\u00e3o ser\u00e1 diferente. Por\u00e9m, este ano, al\u00e9m dos jovens da Par\u00f3quia dos Sagrados Cora\u00e7\u00f5es, toda a comunidade est\u00e1 sendo convidada a participar da encena\u00e7\u00e3o. O teatro que mostra como foi a trajet\u00f3ria de Cristo rumo \u00e0 Cruz, \u00e9 uma tradi\u00e7\u00e3o na Igreja do Padre Eust\u00e1quio. Nos dois \u00faltimos anos, esta [&hellip;]<\/p>\n","protected":false},"author":2,"featured_media":8244,"comment_status":"open","ping_status":"closed","sticky":false,"template":"","format":"standard","meta":{"_acf_changed":false,"footnotes":""},"categories":[611],"tags":[],"class_list":["post-8243","post","type-post","status-publish","format-standard","has-post-thumbnail","hentry","category-noticias"],"acf":[],"yoast_head":"<!-- This site is optimized with the Yoast SEO plugin v27.2 - https:\/\/yoast.com\/product\/yoast-seo-wordpress\/ -->\n<title>Comunidade poder\u00e1 participar da encena\u00e7\u00e3o da Paix\u00e3o de Cristo na Igreja do Padre Eust\u00e1quio<\/title>\n<meta name=\"description\" content=\"No dia 15 de abril deste ano, a Igreja vai celebrar a Paix\u00e3o e Morte de Nosso Senhor e desta vez, al\u00e9m dos jovens da par\u00f3quia toda a comunidade est\u00e1 sendo convidada a participar da encena\u00e7\u00e3o na Igreja do Padre Eust\u00e1quio. Clique e veja como participar!\" \/>\n<meta name=\"robots\" content=\"index, follow, max-snippet:-1, max-image-preview:large, max-video-preview:-1\" \/>\n<link rel=\"canonical\" href=\"https:\/\/www.padreeustaquio.com.br\/es\/la-comunidad-podra-participar-de-la-recreacion-de-la-pasion-de-cristo-en-la-iglesia-del-padre-eustaquio\/\" \/>\n<meta property=\"og:locale\" content=\"es_ES\" \/>\n<meta property=\"og:type\" content=\"article\" \/>\n<meta property=\"og:title\" content=\"Comunidade poder\u00e1 participar da encena\u00e7\u00e3o da Paix\u00e3o de Cristo na Igreja do Padre Eust\u00e1quio\" \/>\n<meta property=\"og:description\" content=\"No dia 15 de abril deste ano, a Igreja vai celebrar a Paix\u00e3o e Morte de Nosso Senhor e desta vez, al\u00e9m dos jovens da par\u00f3quia toda a comunidade est\u00e1 sendo convidada a participar da encena\u00e7\u00e3o na Igreja do Padre Eust\u00e1quio. Clique e veja como participar!\" \/>\n<meta property=\"og:url\" content=\"https:\/\/www.padreeustaquio.com.br\/es\/la-comunidad-podra-participar-de-la-recreacion-de-la-pasion-de-cristo-en-la-iglesia-del-padre-eustaquio\/\" \/>\n<meta property=\"og:site_name\" content=\"Padre Eust\u00e1quio\" \/>\n<meta property=\"article:publisher\" content=\"https:\/\/www.facebook.com\/beatopadreeustaquio\/\" \/>\n<meta property=\"article:published_time\" content=\"2022-03-08T09:15:00+00:00\" \/>\n<meta property=\"og:image\" content=\"https:\/\/www.padreeustaquio.com.br\/wp-content\/uploads\/2022\/03\/crown_of_thorns.jpg\" \/>\n\t<meta property=\"og:image:width\" content=\"1540\" \/>\n\t<meta property=\"og:image:height\" content=\"866\" \/>\n\t<meta property=\"og:image:type\" content=\"image\/jpeg\" \/>\n<meta name=\"author\" content=\"@sscc\" \/>\n<meta name=\"twitter:card\" content=\"summary_large_image\" \/>\n<meta name=\"twitter:creator\" content=\"@beatopeustaquio\" \/>\n<meta name=\"twitter:site\" content=\"@beatopeustaquio\" \/>\n<meta name=\"twitter:label1\" content=\"Escrito por\" \/>\n\t<meta name=\"twitter:data1\" content=\"@sscc\" \/>\n\t<meta name=\"twitter:label2\" content=\"Tiempo de lectura\" \/>\n\t<meta name=\"twitter:data2\" content=\"1 minuto\" \/>\n<script type=\"application\/ld+json\" class=\"yoast-schema-graph\">{\"@context\":\"https:\/\/schema.org\",\"@graph\":[{\"@type\":\"Article\",\"@id\":\"https:\/\/www.padreeustaquio.com.br\/comunidade-podera-participar-da-encenacao-da-paixao-de-cristo-na-igreja-do-padre-eustaquio\/#article\",\"isPartOf\":{\"@id\":\"https:\/\/www.padreeustaquio.com.br\/comunidade-podera-participar-da-encenacao-da-paixao-de-cristo-na-igreja-do-padre-eustaquio\/\"},\"author\":{\"name\":\"@sscc\",\"@id\":\"https:\/\/www.padreeustaquio.com.br\/#\/schema\/person\/a2a51db1d00f1a7af0204a0f1ddb1566\"},\"headline\":\"Comunidade poder\u00e1 participar da encena\u00e7\u00e3o da Paix\u00e3o de Cristo na Igreja do Padre Eust\u00e1quio\",\"datePublished\":\"2022-03-08T09:15:00+00:00\",\"mainEntityOfPage\":{\"@id\":\"https:\/\/www.padreeustaquio.com.br\/comunidade-podera-participar-da-encenacao-da-paixao-de-cristo-na-igreja-do-padre-eustaquio\/\"},\"wordCount\":239,\"commentCount\":0,\"publisher\":{\"@id\":\"https:\/\/www.padreeustaquio.com.br\/#organization\"},\"image\":{\"@id\":\"https:\/\/www.padreeustaquio.com.br\/comunidade-podera-participar-da-encenacao-da-paixao-de-cristo-na-igreja-do-padre-eustaquio\/#primaryimage\"},\"thumbnailUrl\":\"https:\/\/www.padreeustaquio.com.br\/wp-content\/uploads\/2022\/03\/crown_of_thorns.jpg\",\"articleSection\":[\"Not\u00edcias\"],\"inLanguage\":\"es\",\"potentialAction\":[{\"@type\":\"CommentAction\",\"name\":\"Comment\",\"target\":[\"https:\/\/www.padreeustaquio.com.br\/comunidade-podera-participar-da-encenacao-da-paixao-de-cristo-na-igreja-do-padre-eustaquio\/#respond\"]}]},{\"@type\":\"WebPage\",\"@id\":\"https:\/\/www.padreeustaquio.com.br\/comunidade-podera-participar-da-encenacao-da-paixao-de-cristo-na-igreja-do-padre-eustaquio\/\",\"url\":\"https:\/\/www.padreeustaquio.com.br\/comunidade-podera-participar-da-encenacao-da-paixao-de-cristo-na-igreja-do-padre-eustaquio\/\",\"name\":\"Comunidade poder\u00e1 participar da encena\u00e7\u00e3o da Paix\u00e3o de Cristo na Igreja do Padre Eust\u00e1quio\",\"isPartOf\":{\"@id\":\"https:\/\/www.padreeustaquio.com.br\/#website\"},\"primaryImageOfPage\":{\"@id\":\"https:\/\/www.padreeustaquio.com.br\/comunidade-podera-participar-da-encenacao-da-paixao-de-cristo-na-igreja-do-padre-eustaquio\/#primaryimage\"},\"image\":{\"@id\":\"https:\/\/www.padreeustaquio.com.br\/comunidade-podera-participar-da-encenacao-da-paixao-de-cristo-na-igreja-do-padre-eustaquio\/#primaryimage\"},\"thumbnailUrl\":\"https:\/\/www.padreeustaquio.com.br\/wp-content\/uploads\/2022\/03\/crown_of_thorns.jpg\",\"datePublished\":\"2022-03-08T09:15:00+00:00\",\"description\":\"No dia 15 de abril deste ano, a Igreja vai celebrar a Paix\u00e3o e Morte de Nosso Senhor e desta vez, al\u00e9m dos jovens da par\u00f3quia toda a comunidade est\u00e1 sendo convidada a participar da encena\u00e7\u00e3o na Igreja do Padre Eust\u00e1quio. Clique e veja como participar!\",\"breadcrumb\":{\"@id\":\"https:\/\/www.padreeustaquio.com.br\/comunidade-podera-participar-da-encenacao-da-paixao-de-cristo-na-igreja-do-padre-eustaquio\/#breadcrumb\"},\"inLanguage\":\"es\",\"potentialAction\":[{\"@type\":\"ReadAction\",\"target\":[\"https:\/\/www.padreeustaquio.com.br\/comunidade-podera-participar-da-encenacao-da-paixao-de-cristo-na-igreja-do-padre-eustaquio\/\"]}]},{\"@type\":\"ImageObject\",\"inLanguage\":\"es\",\"@id\":\"https:\/\/www.padreeustaquio.com.br\/comunidade-podera-participar-da-encenacao-da-paixao-de-cristo-na-igreja-do-padre-eustaquio\/#primaryimage\",\"url\":\"https:\/\/www.padreeustaquio.com.br\/wp-content\/uploads\/2022\/03\/crown_of_thorns.jpg\",\"contentUrl\":\"https:\/\/www.padreeustaquio.com.br\/wp-content\/uploads\/2022\/03\/crown_of_thorns.jpg\",\"width\":1540,\"height\":866},{\"@type\":\"BreadcrumbList\",\"@id\":\"https:\/\/www.padreeustaquio.com.br\/comunidade-podera-participar-da-encenacao-da-paixao-de-cristo-na-igreja-do-padre-eustaquio\/#breadcrumb\",\"itemListElement\":[{\"@type\":\"ListItem\",\"position\":1,\"name\":\"In\u00edcio\",\"item\":\"https:\/\/www.padreeustaquio.com.br\/\"},{\"@type\":\"ListItem\",\"position\":2,\"name\":\"Comunidade poder\u00e1 participar da encena\u00e7\u00e3o da Paix\u00e3o de Cristo na Igreja do Padre Eust\u00e1quio\"}]},{\"@type\":\"WebSite\",\"@id\":\"https:\/\/www.padreeustaquio.com.br\/#website\",\"url\":\"https:\/\/www.padreeustaquio.com.br\/\",\"name\":\"Padre Eust\u00e1quio\",\"description\":\"Sa\u00fade e Paz\",\"publisher\":{\"@id\":\"https:\/\/www.padreeustaquio.com.br\/#organization\"},\"potentialAction\":[{\"@type\":\"SearchAction\",\"target\":{\"@type\":\"EntryPoint\",\"urlTemplate\":\"https:\/\/www.padreeustaquio.com.br\/?s={search_term_string}\"},\"query-input\":{\"@type\":\"PropertyValueSpecification\",\"valueRequired\":true,\"valueName\":\"search_term_string\"}}],\"inLanguage\":\"es\"},{\"@type\":\"Organization\",\"@id\":\"https:\/\/www.padreeustaquio.com.br\/#organization\",\"name\":\"Padre Eust\u00e1quio\",\"url\":\"https:\/\/www.padreeustaquio.com.br\/\",\"logo\":{\"@type\":\"ImageObject\",\"inLanguage\":\"es\",\"@id\":\"https:\/\/www.padreeustaquio.com.br\/#\/schema\/logo\/image\/\",\"url\":\"https:\/\/www.padreeustaquio.com.br\/wp-content\/uploads\/2019\/08\/marca.png\",\"contentUrl\":\"https:\/\/www.padreeustaquio.com.br\/wp-content\/uploads\/2019\/08\/marca.png\",\"width\":350,\"height\":400,\"caption\":\"Padre Eust\u00e1quio\"},\"image\":{\"@id\":\"https:\/\/www.padreeustaquio.com.br\/#\/schema\/logo\/image\/\"},\"sameAs\":[\"https:\/\/www.facebook.com\/beatopadreeustaquio\/\",\"https:\/\/x.com\/beatopeustaquio\",\"https:\/\/www.instagram.com\/beatopadreeustaquio\/\",\"https:\/\/www.youtube.com\/channel\/UCRhw7vfabnajwLxb1ZXMeIw\"]},{\"@type\":\"Person\",\"@id\":\"https:\/\/www.padreeustaquio.com.br\/#\/schema\/person\/a2a51db1d00f1a7af0204a0f1ddb1566\",\"name\":\"@sscc\",\"image\":{\"@type\":\"ImageObject\",\"inLanguage\":\"es\",\"@id\":\"https:\/\/secure.gravatar.com\/avatar\/68cfafa5f44617fea54071e215026e0ff06be366c3d54a8425f04fdcb86f8c5f?s=96&d=mm&r=g\",\"url\":\"https:\/\/secure.gravatar.com\/avatar\/68cfafa5f44617fea54071e215026e0ff06be366c3d54a8425f04fdcb86f8c5f?s=96&d=mm&r=g\",\"contentUrl\":\"https:\/\/secure.gravatar.com\/avatar\/68cfafa5f44617fea54071e215026e0ff06be366c3d54a8425f04fdcb86f8c5f?s=96&d=mm&r=g\",\"caption\":\"@sscc\"},\"url\":\"https:\/\/www.padreeustaquio.com.br\/es\/author\/sscc\/\"}]}<\/script>\n<!-- \/ Yoast SEO plugin. -->","yoast_head_json":{"title":"La comunidad podr\u00e1 participar de la recreaci\u00f3n de la Pasi\u00f3n de Cristo en la Iglesia Padre Eust\u00e1quio.","description":"El 15 de abril de este a\u00f1o, la Iglesia celebrar\u00e1 la Pasi\u00f3n y Muerte de Nuestro Se\u00f1or, y en esta ocasi\u00f3n, adem\u00e1s de los j\u00f3venes de la parroquia, toda la comunidad est\u00e1 invitada a participar en la recreaci\u00f3n en la Iglesia del Padre Eust\u00e1quio. \u00a1Haga clic aqu\u00ed para saber c\u00f3mo participar!","robots":{"index":"index","follow":"follow","max-snippet":"max-snippet:-1","max-image-preview":"max-image-preview:large","max-video-preview":"max-video-preview:-1"},"canonical":"https:\/\/www.padreeustaquio.com.br\/es\/la-comunidad-podra-participar-de-la-recreacion-de-la-pasion-de-cristo-en-la-iglesia-del-padre-eustaquio\/","og_locale":"es_ES","og_type":"article","og_title":"Comunidade poder\u00e1 participar da encena\u00e7\u00e3o da Paix\u00e3o de Cristo na Igreja do Padre Eust\u00e1quio","og_description":"No dia 15 de abril deste ano, a Igreja vai celebrar a Paix\u00e3o e Morte de Nosso Senhor e desta vez, al\u00e9m dos jovens da par\u00f3quia toda a comunidade est\u00e1 sendo convidada a participar da encena\u00e7\u00e3o na Igreja do Padre Eust\u00e1quio. Clique e veja como participar!","og_url":"https:\/\/www.padreeustaquio.com.br\/es\/la-comunidad-podra-participar-de-la-recreacion-de-la-pasion-de-cristo-en-la-iglesia-del-padre-eustaquio\/","og_site_name":"Padre Eust\u00e1quio","article_publisher":"https:\/\/www.facebook.com\/beatopadreeustaquio\/","article_published_time":"2022-03-08T09:15:00+00:00","og_image":[{"width":1540,"height":866,"url":"https:\/\/www.padreeustaquio.com.br\/wp-content\/uploads\/2022\/03\/crown_of_thorns.jpg","type":"image\/jpeg"}],"author":"@sscc","twitter_card":"summary_large_image","twitter_creator":"@beatopeustaquio","twitter_site":"@beatopeustaquio","twitter_misc":{"Escrito por":"@sscc","Tiempo de lectura":"1 minuto"},"schema":{"@context":"https:\/\/schema.org","@graph":[{"@type":"Article","@id":"https:\/\/www.padreeustaquio.com.br\/comunidade-podera-participar-da-encenacao-da-paixao-de-cristo-na-igreja-do-padre-eustaquio\/#article","isPartOf":{"@id":"https:\/\/www.padreeustaquio.com.br\/comunidade-podera-participar-da-encenacao-da-paixao-de-cristo-na-igreja-do-padre-eustaquio\/"},"author":{"name":"@sscc","@id":"https:\/\/www.padreeustaquio.com.br\/#\/schema\/person\/a2a51db1d00f1a7af0204a0f1ddb1566"},"headline":"Comunidade poder\u00e1 participar da encena\u00e7\u00e3o da Paix\u00e3o de Cristo na Igreja do Padre Eust\u00e1quio","datePublished":"2022-03-08T09:15:00+00:00","mainEntityOfPage":{"@id":"https:\/\/www.padreeustaquio.com.br\/comunidade-podera-participar-da-encenacao-da-paixao-de-cristo-na-igreja-do-padre-eustaquio\/"},"wordCount":239,"commentCount":0,"publisher":{"@id":"https:\/\/www.padreeustaquio.com.br\/#organization"},"image":{"@id":"https:\/\/www.padreeustaquio.com.br\/comunidade-podera-participar-da-encenacao-da-paixao-de-cristo-na-igreja-do-padre-eustaquio\/#primaryimage"},"thumbnailUrl":"https:\/\/www.padreeustaquio.com.br\/wp-content\/uploads\/2022\/03\/crown_of_thorns.jpg","articleSection":["Not\u00edcias"],"inLanguage":"es","potentialAction":[{"@type":"CommentAction","name":"Comment","target":["https:\/\/www.padreeustaquio.com.br\/comunidade-podera-participar-da-encenacao-da-paixao-de-cristo-na-igreja-do-padre-eustaquio\/#respond"]}]},{"@type":"WebPage","@id":"https:\/\/www.padreeustaquio.com.br\/comunidade-podera-participar-da-encenacao-da-paixao-de-cristo-na-igreja-do-padre-eustaquio\/","url":"https:\/\/www.padreeustaquio.com.br\/comunidade-podera-participar-da-encenacao-da-paixao-de-cristo-na-igreja-do-padre-eustaquio\/","name":"La comunidad podr\u00e1 participar de la recreaci\u00f3n de la Pasi\u00f3n de Cristo en la Iglesia Padre Eust\u00e1quio.","isPartOf":{"@id":"https:\/\/www.padreeustaquio.com.br\/#website"},"primaryImageOfPage":{"@id":"https:\/\/www.padreeustaquio.com.br\/comunidade-podera-participar-da-encenacao-da-paixao-de-cristo-na-igreja-do-padre-eustaquio\/#primaryimage"},"image":{"@id":"https:\/\/www.padreeustaquio.com.br\/comunidade-podera-participar-da-encenacao-da-paixao-de-cristo-na-igreja-do-padre-eustaquio\/#primaryimage"},"thumbnailUrl":"https:\/\/www.padreeustaquio.com.br\/wp-content\/uploads\/2022\/03\/crown_of_thorns.jpg","datePublished":"2022-03-08T09:15:00+00:00","description":"El 15 de abril de este a\u00f1o, la Iglesia celebrar\u00e1 la Pasi\u00f3n y Muerte de Nuestro Se\u00f1or, y en esta ocasi\u00f3n, adem\u00e1s de los j\u00f3venes de la parroquia, toda la comunidad est\u00e1 invitada a participar en la recreaci\u00f3n en la Iglesia del Padre Eust\u00e1quio. \u00a1Haga clic aqu\u00ed para saber c\u00f3mo participar!","breadcrumb":{"@id":"https:\/\/www.padreeustaquio.com.br\/comunidade-podera-participar-da-encenacao-da-paixao-de-cristo-na-igreja-do-padre-eustaquio\/#breadcrumb"},"inLanguage":"es","potentialAction":[{"@type":"ReadAction","target":["https:\/\/www.padreeustaquio.com.br\/comunidade-podera-participar-da-encenacao-da-paixao-de-cristo-na-igreja-do-padre-eustaquio\/"]}]},{"@type":"ImageObject","inLanguage":"es","@id":"https:\/\/www.padreeustaquio.com.br\/comunidade-podera-participar-da-encenacao-da-paixao-de-cristo-na-igreja-do-padre-eustaquio\/#primaryimage","url":"https:\/\/www.padreeustaquio.com.br\/wp-content\/uploads\/2022\/03\/crown_of_thorns.jpg","contentUrl":"https:\/\/www.padreeustaquio.com.br\/wp-content\/uploads\/2022\/03\/crown_of_thorns.jpg","width":1540,"height":866},{"@type":"BreadcrumbList","@id":"https:\/\/www.padreeustaquio.com.br\/comunidade-podera-participar-da-encenacao-da-paixao-de-cristo-na-igreja-do-padre-eustaquio\/#breadcrumb","itemListElement":[{"@type":"ListItem","position":1,"name":"In\u00edcio","item":"https:\/\/www.padreeustaquio.com.br\/"},{"@type":"ListItem","position":2,"name":"Comunidade poder\u00e1 participar da encena\u00e7\u00e3o da Paix\u00e3o de Cristo na Igreja do Padre Eust\u00e1quio"}]},{"@type":"WebSite","@id":"https:\/\/www.padreeustaquio.com.br\/#website","url":"https:\/\/www.padreeustaquio.com.br\/","name":"Padre Eustace","description":"Salud y Paz","publisher":{"@id":"https:\/\/www.padreeustaquio.com.br\/#organization"},"potentialAction":[{"@type":"SearchAction","target":{"@type":"EntryPoint","urlTemplate":"https:\/\/www.padreeustaquio.com.br\/?s={search_term_string}"},"query-input":{"@type":"PropertyValueSpecification","valueRequired":true,"valueName":"search_term_string"}}],"inLanguage":"es"},{"@type":"Organization","@id":"https:\/\/www.padreeustaquio.com.br\/#organization","name":"Padre Eustace","url":"https:\/\/www.padreeustaquio.com.br\/","logo":{"@type":"ImageObject","inLanguage":"es","@id":"https:\/\/www.padreeustaquio.com.br\/#\/schema\/logo\/image\/","url":"https:\/\/www.padreeustaquio.com.br\/wp-content\/uploads\/2019\/08\/marca.png","contentUrl":"https:\/\/www.padreeustaquio.com.br\/wp-content\/uploads\/2019\/08\/marca.png","width":350,"height":400,"caption":"Padre Eust\u00e1quio"},"image":{"@id":"https:\/\/www.padreeustaquio.com.br\/#\/schema\/logo\/image\/"},"sameAs":["https:\/\/www.facebook.com\/beatopadreeustaquio\/","https:\/\/x.com\/beatopeustaquio","https:\/\/www.instagram.com\/beatopadreeustaquio\/","https:\/\/www.youtube.com\/channel\/UCRhw7vfabnajwLxb1ZXMeIw"]},{"@type":"Person","@id":"https:\/\/www.padreeustaquio.com.br\/#\/schema\/person\/a2a51db1d00f1a7af0204a0f1ddb1566","name":"@sscc","image":{"@type":"ImageObject","inLanguage":"es","@id":"https:\/\/secure.gravatar.com\/avatar\/68cfafa5f44617fea54071e215026e0ff06be366c3d54a8425f04fdcb86f8c5f?s=96&d=mm&r=g","url":"https:\/\/secure.gravatar.com\/avatar\/68cfafa5f44617fea54071e215026e0ff06be366c3d54a8425f04fdcb86f8c5f?s=96&d=mm&r=g","contentUrl":"https:\/\/secure.gravatar.com\/avatar\/68cfafa5f44617fea54071e215026e0ff06be366c3d54a8425f04fdcb86f8c5f?s=96&d=mm&r=g","caption":"@sscc"},"url":"https:\/\/www.padreeustaquio.com.br\/es\/author\/sscc\/"}]}},"_links":{"self":[{"href":"https:\/\/www.padreeustaquio.com.br\/es\/wp-json\/wp\/v2\/posts\/8243","targetHints":{"allow":["GET"]}}],"collection":[{"href":"https:\/\/www.padreeustaquio.com.br\/es\/wp-json\/wp\/v2\/posts"}],"about":[{"href":"https:\/\/www.padreeustaquio.com.br\/es\/wp-json\/wp\/v2\/types\/post"}],"author":[{"embeddable":true,"href":"https:\/\/www.padreeustaquio.com.br\/es\/wp-json\/wp\/v2\/users\/2"}],"replies":[{"embeddable":true,"href":"https:\/\/www.padreeustaquio.com.br\/es\/wp-json\/wp\/v2\/comments?post=8243"}],"version-history":[{"count":0,"href":"https:\/\/www.padreeustaquio.com.br\/es\/wp-json\/wp\/v2\/posts\/8243\/revisions"}],"wp:featuredmedia":[{"embeddable":true,"href":"https:\/\/www.padreeustaquio.com.br\/es\/wp-json\/wp\/v2\/media\/8244"}],"wp:attachment":[{"href":"https:\/\/www.padreeustaquio.com.br\/es\/wp-json\/wp\/v2\/media?parent=8243"}],"wp:term":[{"taxonomy":"category","embeddable":true,"href":"https:\/\/www.padreeustaquio.com.br\/es\/wp-json\/wp\/v2\/categories?post=8243"},{"taxonomy":"post_tag","embeddable":true,"href":"https:\/\/www.padreeustaquio.com.br\/es\/wp-json\/wp\/v2\/tags?post=8243"}],"curies":[{"name":"wp","href":"https:\/\/api.w.org\/{rel}","templated":true}]}}