{"id":8229,"date":"2022-03-04T13:45:22","date_gmt":"2022-03-04T16:45:22","guid":{"rendered":"https:\/\/www.padreeustaquio.com.br\/?p=8229"},"modified":"2022-03-04T13:46:19","modified_gmt":"2022-03-04T16:46:19","slug":"testimonio-del-padre-gil-catalogado-para-el-tribunal-de-canonizacion-del-padre-eustaquio","status":"publish","type":"post","link":"https:\/\/www.padreeustaquio.com.br\/es\/testimonio-del-padre-gil-catalogado-para-el-tribunal-de-canonizacion-del-padre-eustaquio\/","title":{"rendered":"Testimonio del Padre Gil catalogado para el Tribunal de Canonizaci\u00f3n del Padre Eust\u00e1quio"},"content":{"rendered":"<p>El Secretariado Nacional para la Causa de Canonizaci\u00f3n del Padre Eust\u00e1quio trabaja desde el a\u00f1o pasado en la recuperaci\u00f3n y catalogaci\u00f3n de los objetos y documentos que pertenecieron al beato o que forman parte del proceso de canonizaci\u00f3n. Entre los archivos encontrados se encuentra el testimonio del Padre Gil, primer Superior Provincial de la Congregaci\u00f3n en Brasil, ante el Tribunal de la Causa de Beatificaci\u00f3n y Canonizaci\u00f3n del Padre Eust\u00e1quio.<\/p>\n\n\n\n<p>En su testimonio, fechado el 25 de septiembre de 1962, el Padre Gil habla de personas que buscan la intercesi\u00f3n del Padre Eust\u00e1quio. Lea un extracto del testimonio:<\/p>\n\n\n\n<p><em>\u201cEl Padre Eust\u00e1quio atend\u00eda directamente a quienes le ped\u00edan sanaci\u00f3n de dolencias f\u00edsicas, pero les dec\u00eda a quienes lo buscaban que lo primero que deb\u00edan sanar era su propia alma, por lo que instru\u00eda a los pacientes a confesarse. As\u00ed, el Padre Eust\u00e1quio no solo cuidaba la salud f\u00edsica de los enfermos, sino tambi\u00e9n su vida espiritual. El Padre no hac\u00eda distinci\u00f3n entre quienes lo buscaban; bendec\u00eda a todos y bendec\u00eda el agua que le tra\u00edan. Durante mi estancia all\u00ed y otros d\u00edas que visit\u00e9 Po\u00e1, observ\u00e9 personalmente que hab\u00eda filas ininterrumpidas de personas que lo buscaban, a quienes atend\u00eda continuamente, salvo breves interrupciones para las comidas. Tambi\u00e9n observo que muchas personas lo buscaban no porque estuvieran f\u00edsicamente enfermas, sino porque esperaban de \u00e9l gu\u00eda y consejo para sus conciencias.\u201d<\/em><\/p>\n\n\n\n<p><strong>\u00bfQui\u00e9n fue el Padre Gil?<\/strong><\/p>\n\n\n\n<p>Junto con el Padre Eust\u00e1quio y el Padre Mat\u00edas, el Padre Gil fue uno de los tres fundadores de la primera Comunidad de la Congregaci\u00f3n de los Sagrados Corazones en Brasil. Lleg\u00f3 al pa\u00eds en 1925 y se estableci\u00f3 en la Di\u00f3cesis de Uberaba, convirti\u00e9ndose tambi\u00e9n en el primer provincial de la Congregaci\u00f3n en Brasil.<\/p>\n\n\n\n<p>El Padre Gil sigui\u00f3 de cerca todo el recorrido misionero del Padre Eust\u00e1quio, acompa\u00f1ando al sacerdote holand\u00e9s en muchas iniciativas, como la fundaci\u00f3n del Colegio Regina Pacis en Araguari\/MG, donde fue el primer director en 1926, y la construcci\u00f3n del Gimnasio Dom Lustosa en Patroc\u00ednio\/MG en 1927.<\/p>\n\n\n\n<p><\/p>","protected":false},"excerpt":{"rendered":"<p>O Secretariado Nacional para a Causa de Canoniza\u00e7\u00e3o do Padre Eust\u00e1quio trabalha desde o ano passado na recupera\u00e7\u00e3o e na cataloga\u00e7\u00e3o dos objetos e documentos que pertenceram ao Beato ou que fazem parte do processo de Canoniza\u00e7\u00e3o. Entre os arquivos encontrados, est\u00e1 o depoimento feito por Padre Gil, o primeiro Superior Provincial da Congrega\u00e7\u00e3o no Brasil ao Tribunal da Causa de Beatifica\u00e7\u00e3o e Canoniza\u00e7\u00e3o do Padre Eust\u00e1quio. No depoimento, datado de 25 de setembro de 1962, Padre Gil fala sobre a procura das pessoas por Padre Eust\u00e1quio em busca da intercess\u00e3o do Bem-aventurado. Leia um trecho do depoimento: &#8220;O Padre [&hellip;]<\/p>\n","protected":false},"author":2,"featured_media":8230,"comment_status":"open","ping_status":"closed","sticky":false,"template":"","format":"standard","meta":{"_acf_changed":false,"footnotes":""},"categories":[611],"tags":[],"class_list":["post-8229","post","type-post","status-publish","format-standard","has-post-thumbnail","hentry","category-noticias"],"acf":[],"yoast_head":"<!-- This site is optimized with the Yoast SEO plugin v27.2 - https:\/\/yoast.com\/product\/yoast-seo-wordpress\/ -->\n<title>Catalogado depoimento de Padre Gil para Tribunal de Canoniza\u00e7\u00e3o de Padre Eust\u00e1quio<\/title>\n<meta name=\"description\" content=\"No depoimento, datado de 25 de setembro de 1962, Padre Gil fala sobre a procura das pessoas por Padre Eust\u00e1quio em busca da intercess\u00e3o do Bem-aventurado. Leia um trecho do depoimento!\" \/>\n<meta name=\"robots\" content=\"index, follow, max-snippet:-1, max-image-preview:large, max-video-preview:-1\" \/>\n<link rel=\"canonical\" href=\"https:\/\/www.padreeustaquio.com.br\/es\/testimonio-del-padre-gil-catalogado-para-el-tribunal-de-canonizacion-del-padre-eustaquio\/\" \/>\n<meta property=\"og:locale\" content=\"es_ES\" \/>\n<meta property=\"og:type\" content=\"article\" \/>\n<meta property=\"og:title\" content=\"Catalogado depoimento de Padre Gil para Tribunal de Canoniza\u00e7\u00e3o de Padre Eust\u00e1quio\" \/>\n<meta property=\"og:description\" content=\"No depoimento, datado de 25 de setembro de 1962, Padre Gil fala sobre a procura das pessoas por Padre Eust\u00e1quio em busca da intercess\u00e3o do Bem-aventurado. Leia um trecho do depoimento!\" \/>\n<meta property=\"og:url\" content=\"https:\/\/www.padreeustaquio.com.br\/es\/testimonio-del-padre-gil-catalogado-para-el-tribunal-de-canonizacion-del-padre-eustaquio\/\" \/>\n<meta property=\"og:site_name\" content=\"Padre Eust\u00e1quio\" \/>\n<meta property=\"article:publisher\" content=\"https:\/\/www.facebook.com\/beatopadreeustaquio\/\" \/>\n<meta property=\"article:published_time\" content=\"2022-03-04T16:45:22+00:00\" \/>\n<meta property=\"article:modified_time\" content=\"2022-03-04T16:46:19+00:00\" \/>\n<meta property=\"og:image\" content=\"https:\/\/www.padreeustaquio.com.br\/wp-content\/uploads\/2022\/03\/Padre-Gil.jpg\" \/>\n\t<meta property=\"og:image:width\" content=\"748\" \/>\n\t<meta property=\"og:image:height\" content=\"394\" \/>\n\t<meta property=\"og:image:type\" content=\"image\/jpeg\" \/>\n<meta name=\"author\" content=\"@sscc\" \/>\n<meta name=\"twitter:card\" content=\"summary_large_image\" \/>\n<meta name=\"twitter:creator\" content=\"@beatopeustaquio\" \/>\n<meta name=\"twitter:site\" content=\"@beatopeustaquio\" \/>\n<meta name=\"twitter:label1\" content=\"Escrito por\" \/>\n\t<meta name=\"twitter:data1\" content=\"@sscc\" \/>\n\t<meta name=\"twitter:label2\" content=\"Tiempo de lectura\" \/>\n\t<meta name=\"twitter:data2\" content=\"2 minutos\" \/>\n<script type=\"application\/ld+json\" class=\"yoast-schema-graph\">{\"@context\":\"https:\/\/schema.org\",\"@graph\":[{\"@type\":\"Article\",\"@id\":\"https:\/\/www.padreeustaquio.com.br\/catalogado-depoimento-de-padre-gil-para-tribunal-de-canonizacao-de-padre-eustaquio\/#article\",\"isPartOf\":{\"@id\":\"https:\/\/www.padreeustaquio.com.br\/catalogado-depoimento-de-padre-gil-para-tribunal-de-canonizacao-de-padre-eustaquio\/\"},\"author\":{\"name\":\"@sscc\",\"@id\":\"https:\/\/www.padreeustaquio.com.br\/#\/schema\/person\/a2a51db1d00f1a7af0204a0f1ddb1566\"},\"headline\":\"Catalogado depoimento de Padre Gil para Tribunal de Canoniza\u00e7\u00e3o de Padre Eust\u00e1quio\",\"datePublished\":\"2022-03-04T16:45:22+00:00\",\"dateModified\":\"2022-03-04T16:46:19+00:00\",\"mainEntityOfPage\":{\"@id\":\"https:\/\/www.padreeustaquio.com.br\/catalogado-depoimento-de-padre-gil-para-tribunal-de-canonizacao-de-padre-eustaquio\/\"},\"wordCount\":389,\"commentCount\":0,\"publisher\":{\"@id\":\"https:\/\/www.padreeustaquio.com.br\/#organization\"},\"image\":{\"@id\":\"https:\/\/www.padreeustaquio.com.br\/catalogado-depoimento-de-padre-gil-para-tribunal-de-canonizacao-de-padre-eustaquio\/#primaryimage\"},\"thumbnailUrl\":\"https:\/\/www.padreeustaquio.com.br\/wp-content\/uploads\/2022\/03\/Padre-Gil.jpg\",\"articleSection\":[\"Not\u00edcias\"],\"inLanguage\":\"es\",\"potentialAction\":[{\"@type\":\"CommentAction\",\"name\":\"Comment\",\"target\":[\"https:\/\/www.padreeustaquio.com.br\/catalogado-depoimento-de-padre-gil-para-tribunal-de-canonizacao-de-padre-eustaquio\/#respond\"]}]},{\"@type\":\"WebPage\",\"@id\":\"https:\/\/www.padreeustaquio.com.br\/catalogado-depoimento-de-padre-gil-para-tribunal-de-canonizacao-de-padre-eustaquio\/\",\"url\":\"https:\/\/www.padreeustaquio.com.br\/catalogado-depoimento-de-padre-gil-para-tribunal-de-canonizacao-de-padre-eustaquio\/\",\"name\":\"Catalogado depoimento de Padre Gil para Tribunal de Canoniza\u00e7\u00e3o de Padre Eust\u00e1quio\",\"isPartOf\":{\"@id\":\"https:\/\/www.padreeustaquio.com.br\/#website\"},\"primaryImageOfPage\":{\"@id\":\"https:\/\/www.padreeustaquio.com.br\/catalogado-depoimento-de-padre-gil-para-tribunal-de-canonizacao-de-padre-eustaquio\/#primaryimage\"},\"image\":{\"@id\":\"https:\/\/www.padreeustaquio.com.br\/catalogado-depoimento-de-padre-gil-para-tribunal-de-canonizacao-de-padre-eustaquio\/#primaryimage\"},\"thumbnailUrl\":\"https:\/\/www.padreeustaquio.com.br\/wp-content\/uploads\/2022\/03\/Padre-Gil.jpg\",\"datePublished\":\"2022-03-04T16:45:22+00:00\",\"dateModified\":\"2022-03-04T16:46:19+00:00\",\"description\":\"No depoimento, datado de 25 de setembro de 1962, Padre Gil fala sobre a procura das pessoas por Padre Eust\u00e1quio em busca da intercess\u00e3o do Bem-aventurado. Leia um trecho do depoimento!\",\"breadcrumb\":{\"@id\":\"https:\/\/www.padreeustaquio.com.br\/catalogado-depoimento-de-padre-gil-para-tribunal-de-canonizacao-de-padre-eustaquio\/#breadcrumb\"},\"inLanguage\":\"es\",\"potentialAction\":[{\"@type\":\"ReadAction\",\"target\":[\"https:\/\/www.padreeustaquio.com.br\/catalogado-depoimento-de-padre-gil-para-tribunal-de-canonizacao-de-padre-eustaquio\/\"]}]},{\"@type\":\"ImageObject\",\"inLanguage\":\"es\",\"@id\":\"https:\/\/www.padreeustaquio.com.br\/catalogado-depoimento-de-padre-gil-para-tribunal-de-canonizacao-de-padre-eustaquio\/#primaryimage\",\"url\":\"https:\/\/www.padreeustaquio.com.br\/wp-content\/uploads\/2022\/03\/Padre-Gil.jpg\",\"contentUrl\":\"https:\/\/www.padreeustaquio.com.br\/wp-content\/uploads\/2022\/03\/Padre-Gil.jpg\",\"width\":748,\"height\":394},{\"@type\":\"BreadcrumbList\",\"@id\":\"https:\/\/www.padreeustaquio.com.br\/catalogado-depoimento-de-padre-gil-para-tribunal-de-canonizacao-de-padre-eustaquio\/#breadcrumb\",\"itemListElement\":[{\"@type\":\"ListItem\",\"position\":1,\"name\":\"In\u00edcio\",\"item\":\"https:\/\/www.padreeustaquio.com.br\/\"},{\"@type\":\"ListItem\",\"position\":2,\"name\":\"Catalogado depoimento de Padre Gil para Tribunal de Canoniza\u00e7\u00e3o de Padre Eust\u00e1quio\"}]},{\"@type\":\"WebSite\",\"@id\":\"https:\/\/www.padreeustaquio.com.br\/#website\",\"url\":\"https:\/\/www.padreeustaquio.com.br\/\",\"name\":\"Padre Eust\u00e1quio\",\"description\":\"Sa\u00fade e Paz\",\"publisher\":{\"@id\":\"https:\/\/www.padreeustaquio.com.br\/#organization\"},\"potentialAction\":[{\"@type\":\"SearchAction\",\"target\":{\"@type\":\"EntryPoint\",\"urlTemplate\":\"https:\/\/www.padreeustaquio.com.br\/?s={search_term_string}\"},\"query-input\":{\"@type\":\"PropertyValueSpecification\",\"valueRequired\":true,\"valueName\":\"search_term_string\"}}],\"inLanguage\":\"es\"},{\"@type\":\"Organization\",\"@id\":\"https:\/\/www.padreeustaquio.com.br\/#organization\",\"name\":\"Padre Eust\u00e1quio\",\"url\":\"https:\/\/www.padreeustaquio.com.br\/\",\"logo\":{\"@type\":\"ImageObject\",\"inLanguage\":\"es\",\"@id\":\"https:\/\/www.padreeustaquio.com.br\/#\/schema\/logo\/image\/\",\"url\":\"https:\/\/www.padreeustaquio.com.br\/wp-content\/uploads\/2019\/08\/marca.png\",\"contentUrl\":\"https:\/\/www.padreeustaquio.com.br\/wp-content\/uploads\/2019\/08\/marca.png\",\"width\":350,\"height\":400,\"caption\":\"Padre Eust\u00e1quio\"},\"image\":{\"@id\":\"https:\/\/www.padreeustaquio.com.br\/#\/schema\/logo\/image\/\"},\"sameAs\":[\"https:\/\/www.facebook.com\/beatopadreeustaquio\/\",\"https:\/\/x.com\/beatopeustaquio\",\"https:\/\/www.instagram.com\/beatopadreeustaquio\/\",\"https:\/\/www.youtube.com\/channel\/UCRhw7vfabnajwLxb1ZXMeIw\"]},{\"@type\":\"Person\",\"@id\":\"https:\/\/www.padreeustaquio.com.br\/#\/schema\/person\/a2a51db1d00f1a7af0204a0f1ddb1566\",\"name\":\"@sscc\",\"image\":{\"@type\":\"ImageObject\",\"inLanguage\":\"es\",\"@id\":\"https:\/\/secure.gravatar.com\/avatar\/68cfafa5f44617fea54071e215026e0ff06be366c3d54a8425f04fdcb86f8c5f?s=96&d=mm&r=g\",\"url\":\"https:\/\/secure.gravatar.com\/avatar\/68cfafa5f44617fea54071e215026e0ff06be366c3d54a8425f04fdcb86f8c5f?s=96&d=mm&r=g\",\"contentUrl\":\"https:\/\/secure.gravatar.com\/avatar\/68cfafa5f44617fea54071e215026e0ff06be366c3d54a8425f04fdcb86f8c5f?s=96&d=mm&r=g\",\"caption\":\"@sscc\"},\"url\":\"https:\/\/www.padreeustaquio.com.br\/es\/author\/sscc\/\"}]}<\/script>\n<!-- \/ Yoast SEO plugin. -->","yoast_head_json":{"title":"Testimonio del Padre Gil catalogado para el Tribunal de Canonizaci\u00f3n del Padre Eust\u00e1quio","description":"En su testimonio, fechado el 25 de septiembre de 1962, el Padre Gil habla de personas que buscan la intercesi\u00f3n del Padre Eust\u00e1quio. \u00a1Lea un extracto del testimonio!","robots":{"index":"index","follow":"follow","max-snippet":"max-snippet:-1","max-image-preview":"max-image-preview:large","max-video-preview":"max-video-preview:-1"},"canonical":"https:\/\/www.padreeustaquio.com.br\/es\/testimonio-del-padre-gil-catalogado-para-el-tribunal-de-canonizacion-del-padre-eustaquio\/","og_locale":"es_ES","og_type":"article","og_title":"Catalogado depoimento de Padre Gil para Tribunal de Canoniza\u00e7\u00e3o de Padre Eust\u00e1quio","og_description":"No depoimento, datado de 25 de setembro de 1962, Padre Gil fala sobre a procura das pessoas por Padre Eust\u00e1quio em busca da intercess\u00e3o do Bem-aventurado. Leia um trecho do depoimento!","og_url":"https:\/\/www.padreeustaquio.com.br\/es\/testimonio-del-padre-gil-catalogado-para-el-tribunal-de-canonizacion-del-padre-eustaquio\/","og_site_name":"Padre Eust\u00e1quio","article_publisher":"https:\/\/www.facebook.com\/beatopadreeustaquio\/","article_published_time":"2022-03-04T16:45:22+00:00","article_modified_time":"2022-03-04T16:46:19+00:00","og_image":[{"width":748,"height":394,"url":"https:\/\/www.padreeustaquio.com.br\/wp-content\/uploads\/2022\/03\/Padre-Gil.jpg","type":"image\/jpeg"}],"author":"@sscc","twitter_card":"summary_large_image","twitter_creator":"@beatopeustaquio","twitter_site":"@beatopeustaquio","twitter_misc":{"Escrito por":"@sscc","Tiempo de lectura":"2 minutos"},"schema":{"@context":"https:\/\/schema.org","@graph":[{"@type":"Article","@id":"https:\/\/www.padreeustaquio.com.br\/catalogado-depoimento-de-padre-gil-para-tribunal-de-canonizacao-de-padre-eustaquio\/#article","isPartOf":{"@id":"https:\/\/www.padreeustaquio.com.br\/catalogado-depoimento-de-padre-gil-para-tribunal-de-canonizacao-de-padre-eustaquio\/"},"author":{"name":"@sscc","@id":"https:\/\/www.padreeustaquio.com.br\/#\/schema\/person\/a2a51db1d00f1a7af0204a0f1ddb1566"},"headline":"Catalogado depoimento de Padre Gil para Tribunal de Canoniza\u00e7\u00e3o de Padre Eust\u00e1quio","datePublished":"2022-03-04T16:45:22+00:00","dateModified":"2022-03-04T16:46:19+00:00","mainEntityOfPage":{"@id":"https:\/\/www.padreeustaquio.com.br\/catalogado-depoimento-de-padre-gil-para-tribunal-de-canonizacao-de-padre-eustaquio\/"},"wordCount":389,"commentCount":0,"publisher":{"@id":"https:\/\/www.padreeustaquio.com.br\/#organization"},"image":{"@id":"https:\/\/www.padreeustaquio.com.br\/catalogado-depoimento-de-padre-gil-para-tribunal-de-canonizacao-de-padre-eustaquio\/#primaryimage"},"thumbnailUrl":"https:\/\/www.padreeustaquio.com.br\/wp-content\/uploads\/2022\/03\/Padre-Gil.jpg","articleSection":["Not\u00edcias"],"inLanguage":"es","potentialAction":[{"@type":"CommentAction","name":"Comment","target":["https:\/\/www.padreeustaquio.com.br\/catalogado-depoimento-de-padre-gil-para-tribunal-de-canonizacao-de-padre-eustaquio\/#respond"]}]},{"@type":"WebPage","@id":"https:\/\/www.padreeustaquio.com.br\/catalogado-depoimento-de-padre-gil-para-tribunal-de-canonizacao-de-padre-eustaquio\/","url":"https:\/\/www.padreeustaquio.com.br\/catalogado-depoimento-de-padre-gil-para-tribunal-de-canonizacao-de-padre-eustaquio\/","name":"Testimonio del Padre Gil catalogado para el Tribunal de Canonizaci\u00f3n del Padre Eust\u00e1quio","isPartOf":{"@id":"https:\/\/www.padreeustaquio.com.br\/#website"},"primaryImageOfPage":{"@id":"https:\/\/www.padreeustaquio.com.br\/catalogado-depoimento-de-padre-gil-para-tribunal-de-canonizacao-de-padre-eustaquio\/#primaryimage"},"image":{"@id":"https:\/\/www.padreeustaquio.com.br\/catalogado-depoimento-de-padre-gil-para-tribunal-de-canonizacao-de-padre-eustaquio\/#primaryimage"},"thumbnailUrl":"https:\/\/www.padreeustaquio.com.br\/wp-content\/uploads\/2022\/03\/Padre-Gil.jpg","datePublished":"2022-03-04T16:45:22+00:00","dateModified":"2022-03-04T16:46:19+00:00","description":"En su testimonio, fechado el 25 de septiembre de 1962, el Padre Gil habla de personas que buscan la intercesi\u00f3n del Padre Eust\u00e1quio. \u00a1Lea un extracto del testimonio!","breadcrumb":{"@id":"https:\/\/www.padreeustaquio.com.br\/catalogado-depoimento-de-padre-gil-para-tribunal-de-canonizacao-de-padre-eustaquio\/#breadcrumb"},"inLanguage":"es","potentialAction":[{"@type":"ReadAction","target":["https:\/\/www.padreeustaquio.com.br\/catalogado-depoimento-de-padre-gil-para-tribunal-de-canonizacao-de-padre-eustaquio\/"]}]},{"@type":"ImageObject","inLanguage":"es","@id":"https:\/\/www.padreeustaquio.com.br\/catalogado-depoimento-de-padre-gil-para-tribunal-de-canonizacao-de-padre-eustaquio\/#primaryimage","url":"https:\/\/www.padreeustaquio.com.br\/wp-content\/uploads\/2022\/03\/Padre-Gil.jpg","contentUrl":"https:\/\/www.padreeustaquio.com.br\/wp-content\/uploads\/2022\/03\/Padre-Gil.jpg","width":748,"height":394},{"@type":"BreadcrumbList","@id":"https:\/\/www.padreeustaquio.com.br\/catalogado-depoimento-de-padre-gil-para-tribunal-de-canonizacao-de-padre-eustaquio\/#breadcrumb","itemListElement":[{"@type":"ListItem","position":1,"name":"In\u00edcio","item":"https:\/\/www.padreeustaquio.com.br\/"},{"@type":"ListItem","position":2,"name":"Catalogado depoimento de Padre Gil para Tribunal de Canoniza\u00e7\u00e3o de Padre Eust\u00e1quio"}]},{"@type":"WebSite","@id":"https:\/\/www.padreeustaquio.com.br\/#website","url":"https:\/\/www.padreeustaquio.com.br\/","name":"Padre Eustace","description":"Salud y Paz","publisher":{"@id":"https:\/\/www.padreeustaquio.com.br\/#organization"},"potentialAction":[{"@type":"SearchAction","target":{"@type":"EntryPoint","urlTemplate":"https:\/\/www.padreeustaquio.com.br\/?s={search_term_string}"},"query-input":{"@type":"PropertyValueSpecification","valueRequired":true,"valueName":"search_term_string"}}],"inLanguage":"es"},{"@type":"Organization","@id":"https:\/\/www.padreeustaquio.com.br\/#organization","name":"Padre Eustace","url":"https:\/\/www.padreeustaquio.com.br\/","logo":{"@type":"ImageObject","inLanguage":"es","@id":"https:\/\/www.padreeustaquio.com.br\/#\/schema\/logo\/image\/","url":"https:\/\/www.padreeustaquio.com.br\/wp-content\/uploads\/2019\/08\/marca.png","contentUrl":"https:\/\/www.padreeustaquio.com.br\/wp-content\/uploads\/2019\/08\/marca.png","width":350,"height":400,"caption":"Padre Eust\u00e1quio"},"image":{"@id":"https:\/\/www.padreeustaquio.com.br\/#\/schema\/logo\/image\/"},"sameAs":["https:\/\/www.facebook.com\/beatopadreeustaquio\/","https:\/\/x.com\/beatopeustaquio","https:\/\/www.instagram.com\/beatopadreeustaquio\/","https:\/\/www.youtube.com\/channel\/UCRhw7vfabnajwLxb1ZXMeIw"]},{"@type":"Person","@id":"https:\/\/www.padreeustaquio.com.br\/#\/schema\/person\/a2a51db1d00f1a7af0204a0f1ddb1566","name":"@sscc","image":{"@type":"ImageObject","inLanguage":"es","@id":"https:\/\/secure.gravatar.com\/avatar\/68cfafa5f44617fea54071e215026e0ff06be366c3d54a8425f04fdcb86f8c5f?s=96&d=mm&r=g","url":"https:\/\/secure.gravatar.com\/avatar\/68cfafa5f44617fea54071e215026e0ff06be366c3d54a8425f04fdcb86f8c5f?s=96&d=mm&r=g","contentUrl":"https:\/\/secure.gravatar.com\/avatar\/68cfafa5f44617fea54071e215026e0ff06be366c3d54a8425f04fdcb86f8c5f?s=96&d=mm&r=g","caption":"@sscc"},"url":"https:\/\/www.padreeustaquio.com.br\/es\/author\/sscc\/"}]}},"_links":{"self":[{"href":"https:\/\/www.padreeustaquio.com.br\/es\/wp-json\/wp\/v2\/posts\/8229","targetHints":{"allow":["GET"]}}],"collection":[{"href":"https:\/\/www.padreeustaquio.com.br\/es\/wp-json\/wp\/v2\/posts"}],"about":[{"href":"https:\/\/www.padreeustaquio.com.br\/es\/wp-json\/wp\/v2\/types\/post"}],"author":[{"embeddable":true,"href":"https:\/\/www.padreeustaquio.com.br\/es\/wp-json\/wp\/v2\/users\/2"}],"replies":[{"embeddable":true,"href":"https:\/\/www.padreeustaquio.com.br\/es\/wp-json\/wp\/v2\/comments?post=8229"}],"version-history":[{"count":0,"href":"https:\/\/www.padreeustaquio.com.br\/es\/wp-json\/wp\/v2\/posts\/8229\/revisions"}],"wp:featuredmedia":[{"embeddable":true,"href":"https:\/\/www.padreeustaquio.com.br\/es\/wp-json\/wp\/v2\/media\/8230"}],"wp:attachment":[{"href":"https:\/\/www.padreeustaquio.com.br\/es\/wp-json\/wp\/v2\/media?parent=8229"}],"wp:term":[{"taxonomy":"category","embeddable":true,"href":"https:\/\/www.padreeustaquio.com.br\/es\/wp-json\/wp\/v2\/categories?post=8229"},{"taxonomy":"post_tag","embeddable":true,"href":"https:\/\/www.padreeustaquio.com.br\/es\/wp-json\/wp\/v2\/tags?post=8229"}],"curies":[{"name":"wp","href":"https:\/\/api.w.org\/{rel}","templated":true}]}}