{"id":8202,"date":"2022-02-26T09:25:00","date_gmt":"2022-02-26T12:25:00","guid":{"rendered":"https:\/\/www.padreeustaquio.com.br\/?p=8202"},"modified":"2022-02-25T14:33:25","modified_gmt":"2022-02-25T17:33:25","slug":"octavo-domingo-del-tiempo-ordinario-celebra-con-tu-familia","status":"publish","type":"post","link":"https:\/\/www.padreeustaquio.com.br\/es\/octavo-domingo-del-tiempo-ordinario-celebra-con-tu-familia\/","title":{"rendered":"Octavo Domingo del Tiempo Ordinario \u2013 Celebremos en Familia"},"content":{"rendered":"<p>La Iglesia celebra el octavo domingo del Tiempo Ordinario este domingo, 27 de febrero. La Comisi\u00f3n Pastoral Episcopal de Liturgia de la Conferencia Nacional de Obispos de Brasil (CNBB) ofrece la gu\u00eda &quot;Celebrar en Familia&quot;, con el rito para la celebraci\u00f3n dominical de la Palabra de Dios. <\/p>\n\n\n\n<p>En el Santuario de Salud y Paz hay tres horarios en que se transmiten misas v\u00eda...\u00a0<a href=\"https:\/\/www.youtube.com\/channel\/UCRhw7vfabnajwLxb1ZXMeIw\">Canal Padre Eust\u00e1quio<\/a>\u00a0(S\u00e1bado a las 17:00 y domingo a las 10:00 y 19:00) a las que podemos asistir, pero viviendo la dignidad del pueblo sacerdotal que nos confiri\u00f3 nuestro bautismo. No solo podemos asistir, sino tambi\u00e9n celebrar el Domingo del Se\u00f1or con nuestras familias.<\/p>\n\n\n\n<p>La Palabra que la liturgia dirige a los fieles el pr\u00f3ximo domingo trae la advertencia del ap\u00f3stol Pablo: \u201cEn el Se\u00f1or, nuestros trabajos no ser\u00e1n en vano\u201d. Y Jes\u00fas, en el Evangelio, ense\u00f1a que \u201ccada \u00e1rbol se reconoce por su fruto\u201d.<\/p>\n\n\n\n<p><a href=\"https:\/\/bit.ly\/cef8dtc\" target=\"_blank\" rel=\"noreferrer noopener\">Descargue la Gu\u00eda de Celebraci\u00f3n Familiar del 8\u00ba Domingo del Tiempo Ordinario.<\/a><\/p>\n\n\n\n<p>Se aconseja a las familias que elijan un lugar adecuado en sus hogares para celebrar y orar juntos.\u00a0<em>\u201cPrepara tu Biblia con el texto a proclamar, un jarr\u00f3n con flores, un crucifijo, una imagen o icono de Nuestra Se\u00f1ora y una vela para encender durante la celebraci\u00f3n\u201d.\u201d<\/em>, propone la Comisi\u00f3n para la Liturgia.<\/p>\n\n\n\n<p><\/p>","protected":false},"excerpt":{"rendered":"<p>A Igreja celebra neste domingo, 27 de fevereiro, o 8\u00ba Domingo do Tempo Comum. E a Comiss\u00e3o Episcopal Pastoral para a Liturgia da Confer\u00eancia Nacional dos Bispos do Brasil (CNBB) oferece o roteiro Celebrar em Fam\u00edlia, com o rito da celebra\u00e7\u00e3o dominical da Palavra de Deus. No Santu\u00e1rio Sa\u00fade e Paz s\u00e3o tr\u00eas hor\u00e1rios de transmiss\u00e3o de missas pelo\u00a0Canal Padre Eust\u00e1quio\u00a0(s\u00e1bado, \u00e0s 17h e domingo, \u00e0s 10h e \u00e0s 19h) que podemos acompanhar, mas vivendo a dignidade de povo sacerdotal que nosso batismo nos conferiu. Podemos n\u00e3o s\u00f3 acompanhar, mas celebrar com nossas fam\u00edlias o Dia do Senhor. A Palavra [&hellip;]<\/p>\n","protected":false},"author":2,"featured_media":8203,"comment_status":"open","ping_status":"closed","sticky":false,"template":"","format":"standard","meta":{"_acf_changed":false,"footnotes":""},"categories":[611],"tags":[],"class_list":["post-8202","post","type-post","status-publish","format-standard","has-post-thumbnail","hentry","category-noticias"],"acf":[],"yoast_head":"<!-- This site is optimized with the Yoast SEO plugin v27.2 - https:\/\/yoast.com\/product\/yoast-seo-wordpress\/ -->\n<title>Oitavo Domingo do Tempo Comum - Celebre em Fam\u00edlia<\/title>\n<meta name=\"description\" content=\"A Palavra que a liturgia dirige aos fi\u00e9is no pr\u00f3ximo domingo traz a advert\u00eancia do ap\u00f3stolo Paulo: \u201cno Senhor, nossas fadigas n\u00e3o ser\u00e3o em v\u00e3o\u201d. E Jesus, no Evangelho, ensina que \u201ctoda \u00e1rvore \u00e9 reconhecida pelos seus frutos\u201d.\" \/>\n<meta name=\"robots\" content=\"index, follow, max-snippet:-1, max-image-preview:large, max-video-preview:-1\" \/>\n<link rel=\"canonical\" href=\"https:\/\/www.padreeustaquio.com.br\/es\/octavo-domingo-del-tiempo-ordinario-celebra-con-tu-familia\/\" \/>\n<meta property=\"og:locale\" content=\"es_ES\" \/>\n<meta property=\"og:type\" content=\"article\" \/>\n<meta property=\"og:title\" content=\"Oitavo Domingo do Tempo Comum - Celebre em Fam\u00edlia\" \/>\n<meta property=\"og:description\" content=\"A Palavra que a liturgia dirige aos fi\u00e9is no pr\u00f3ximo domingo traz a advert\u00eancia do ap\u00f3stolo Paulo: \u201cno Senhor, nossas fadigas n\u00e3o ser\u00e3o em v\u00e3o\u201d. E Jesus, no Evangelho, ensina que \u201ctoda \u00e1rvore \u00e9 reconhecida pelos seus frutos\u201d.\" \/>\n<meta property=\"og:url\" content=\"https:\/\/www.padreeustaquio.com.br\/es\/octavo-domingo-del-tiempo-ordinario-celebra-con-tu-familia\/\" \/>\n<meta property=\"og:site_name\" content=\"Padre Eust\u00e1quio\" \/>\n<meta property=\"article:publisher\" content=\"https:\/\/www.facebook.com\/beatopadreeustaquio\/\" \/>\n<meta property=\"article:published_time\" content=\"2022-02-26T12:25:00+00:00\" \/>\n<meta property=\"og:image\" content=\"https:\/\/www.padreeustaquio.com.br\/wp-content\/uploads\/2022\/02\/oitavo-dom.-tempo-comum.jpg\" \/>\n\t<meta property=\"og:image:width\" content=\"748\" \/>\n\t<meta property=\"og:image:height\" content=\"394\" \/>\n\t<meta property=\"og:image:type\" content=\"image\/jpeg\" \/>\n<meta name=\"author\" content=\"@sscc\" \/>\n<meta name=\"twitter:card\" content=\"summary_large_image\" \/>\n<meta name=\"twitter:creator\" content=\"@beatopeustaquio\" \/>\n<meta name=\"twitter:site\" content=\"@beatopeustaquio\" \/>\n<meta name=\"twitter:label1\" content=\"Escrito por\" \/>\n\t<meta name=\"twitter:data1\" content=\"@sscc\" \/>\n\t<meta name=\"twitter:label2\" content=\"Tiempo de lectura\" \/>\n\t<meta name=\"twitter:data2\" content=\"1 minuto\" \/>\n<script type=\"application\/ld+json\" class=\"yoast-schema-graph\">{\"@context\":\"https:\/\/schema.org\",\"@graph\":[{\"@type\":\"Article\",\"@id\":\"https:\/\/www.padreeustaquio.com.br\/oitavo-domingo-do-tempo-comum-celebre-em-familia\/#article\",\"isPartOf\":{\"@id\":\"https:\/\/www.padreeustaquio.com.br\/oitavo-domingo-do-tempo-comum-celebre-em-familia\/\"},\"author\":{\"name\":\"@sscc\",\"@id\":\"https:\/\/www.padreeustaquio.com.br\/#\/schema\/person\/a2a51db1d00f1a7af0204a0f1ddb1566\"},\"headline\":\"Oitavo Domingo do Tempo Comum &#8211; Celebre em Fam\u00edlia\",\"datePublished\":\"2022-02-26T12:25:00+00:00\",\"mainEntityOfPage\":{\"@id\":\"https:\/\/www.padreeustaquio.com.br\/oitavo-domingo-do-tempo-comum-celebre-em-familia\/\"},\"wordCount\":239,\"commentCount\":0,\"publisher\":{\"@id\":\"https:\/\/www.padreeustaquio.com.br\/#organization\"},\"image\":{\"@id\":\"https:\/\/www.padreeustaquio.com.br\/oitavo-domingo-do-tempo-comum-celebre-em-familia\/#primaryimage\"},\"thumbnailUrl\":\"https:\/\/www.padreeustaquio.com.br\/wp-content\/uploads\/2022\/02\/oitavo-dom.-tempo-comum.jpg\",\"articleSection\":[\"Not\u00edcias\"],\"inLanguage\":\"es\",\"potentialAction\":[{\"@type\":\"CommentAction\",\"name\":\"Comment\",\"target\":[\"https:\/\/www.padreeustaquio.com.br\/oitavo-domingo-do-tempo-comum-celebre-em-familia\/#respond\"]}]},{\"@type\":\"WebPage\",\"@id\":\"https:\/\/www.padreeustaquio.com.br\/oitavo-domingo-do-tempo-comum-celebre-em-familia\/\",\"url\":\"https:\/\/www.padreeustaquio.com.br\/oitavo-domingo-do-tempo-comum-celebre-em-familia\/\",\"name\":\"Oitavo Domingo do Tempo Comum - Celebre em Fam\u00edlia\",\"isPartOf\":{\"@id\":\"https:\/\/www.padreeustaquio.com.br\/#website\"},\"primaryImageOfPage\":{\"@id\":\"https:\/\/www.padreeustaquio.com.br\/oitavo-domingo-do-tempo-comum-celebre-em-familia\/#primaryimage\"},\"image\":{\"@id\":\"https:\/\/www.padreeustaquio.com.br\/oitavo-domingo-do-tempo-comum-celebre-em-familia\/#primaryimage\"},\"thumbnailUrl\":\"https:\/\/www.padreeustaquio.com.br\/wp-content\/uploads\/2022\/02\/oitavo-dom.-tempo-comum.jpg\",\"datePublished\":\"2022-02-26T12:25:00+00:00\",\"description\":\"A Palavra que a liturgia dirige aos fi\u00e9is no pr\u00f3ximo domingo traz a advert\u00eancia do ap\u00f3stolo Paulo: \u201cno Senhor, nossas fadigas n\u00e3o ser\u00e3o em v\u00e3o\u201d. E Jesus, no Evangelho, ensina que \u201ctoda \u00e1rvore \u00e9 reconhecida pelos seus frutos\u201d.\",\"breadcrumb\":{\"@id\":\"https:\/\/www.padreeustaquio.com.br\/oitavo-domingo-do-tempo-comum-celebre-em-familia\/#breadcrumb\"},\"inLanguage\":\"es\",\"potentialAction\":[{\"@type\":\"ReadAction\",\"target\":[\"https:\/\/www.padreeustaquio.com.br\/oitavo-domingo-do-tempo-comum-celebre-em-familia\/\"]}]},{\"@type\":\"ImageObject\",\"inLanguage\":\"es\",\"@id\":\"https:\/\/www.padreeustaquio.com.br\/oitavo-domingo-do-tempo-comum-celebre-em-familia\/#primaryimage\",\"url\":\"https:\/\/www.padreeustaquio.com.br\/wp-content\/uploads\/2022\/02\/oitavo-dom.-tempo-comum.jpg\",\"contentUrl\":\"https:\/\/www.padreeustaquio.com.br\/wp-content\/uploads\/2022\/02\/oitavo-dom.-tempo-comum.jpg\",\"width\":748,\"height\":394},{\"@type\":\"BreadcrumbList\",\"@id\":\"https:\/\/www.padreeustaquio.com.br\/oitavo-domingo-do-tempo-comum-celebre-em-familia\/#breadcrumb\",\"itemListElement\":[{\"@type\":\"ListItem\",\"position\":1,\"name\":\"In\u00edcio\",\"item\":\"https:\/\/www.padreeustaquio.com.br\/\"},{\"@type\":\"ListItem\",\"position\":2,\"name\":\"Oitavo Domingo do Tempo Comum &#8211; Celebre em Fam\u00edlia\"}]},{\"@type\":\"WebSite\",\"@id\":\"https:\/\/www.padreeustaquio.com.br\/#website\",\"url\":\"https:\/\/www.padreeustaquio.com.br\/\",\"name\":\"Padre Eust\u00e1quio\",\"description\":\"Sa\u00fade e Paz\",\"publisher\":{\"@id\":\"https:\/\/www.padreeustaquio.com.br\/#organization\"},\"potentialAction\":[{\"@type\":\"SearchAction\",\"target\":{\"@type\":\"EntryPoint\",\"urlTemplate\":\"https:\/\/www.padreeustaquio.com.br\/?s={search_term_string}\"},\"query-input\":{\"@type\":\"PropertyValueSpecification\",\"valueRequired\":true,\"valueName\":\"search_term_string\"}}],\"inLanguage\":\"es\"},{\"@type\":\"Organization\",\"@id\":\"https:\/\/www.padreeustaquio.com.br\/#organization\",\"name\":\"Padre Eust\u00e1quio\",\"url\":\"https:\/\/www.padreeustaquio.com.br\/\",\"logo\":{\"@type\":\"ImageObject\",\"inLanguage\":\"es\",\"@id\":\"https:\/\/www.padreeustaquio.com.br\/#\/schema\/logo\/image\/\",\"url\":\"https:\/\/www.padreeustaquio.com.br\/wp-content\/uploads\/2019\/08\/marca.png\",\"contentUrl\":\"https:\/\/www.padreeustaquio.com.br\/wp-content\/uploads\/2019\/08\/marca.png\",\"width\":350,\"height\":400,\"caption\":\"Padre Eust\u00e1quio\"},\"image\":{\"@id\":\"https:\/\/www.padreeustaquio.com.br\/#\/schema\/logo\/image\/\"},\"sameAs\":[\"https:\/\/www.facebook.com\/beatopadreeustaquio\/\",\"https:\/\/x.com\/beatopeustaquio\",\"https:\/\/www.instagram.com\/beatopadreeustaquio\/\",\"https:\/\/www.youtube.com\/channel\/UCRhw7vfabnajwLxb1ZXMeIw\"]},{\"@type\":\"Person\",\"@id\":\"https:\/\/www.padreeustaquio.com.br\/#\/schema\/person\/a2a51db1d00f1a7af0204a0f1ddb1566\",\"name\":\"@sscc\",\"image\":{\"@type\":\"ImageObject\",\"inLanguage\":\"es\",\"@id\":\"https:\/\/secure.gravatar.com\/avatar\/68cfafa5f44617fea54071e215026e0ff06be366c3d54a8425f04fdcb86f8c5f?s=96&d=mm&r=g\",\"url\":\"https:\/\/secure.gravatar.com\/avatar\/68cfafa5f44617fea54071e215026e0ff06be366c3d54a8425f04fdcb86f8c5f?s=96&d=mm&r=g\",\"contentUrl\":\"https:\/\/secure.gravatar.com\/avatar\/68cfafa5f44617fea54071e215026e0ff06be366c3d54a8425f04fdcb86f8c5f?s=96&d=mm&r=g\",\"caption\":\"@sscc\"},\"url\":\"https:\/\/www.padreeustaquio.com.br\/es\/author\/sscc\/\"}]}<\/script>\n<!-- \/ Yoast SEO plugin. -->","yoast_head_json":{"title":"Octavo Domingo del Tiempo Ordinario - Celebremos en Familia","description":"La Palabra que la liturgia dirige a los fieles el pr\u00f3ximo domingo trae la advertencia del ap\u00f3stol Pablo: \u201cEn el Se\u00f1or, nuestros trabajos no ser\u00e1n en vano\u201d. Y Jes\u00fas, en el Evangelio, ense\u00f1a que \u201ccada \u00e1rbol se reconoce por su fruto\u201d.","robots":{"index":"index","follow":"follow","max-snippet":"max-snippet:-1","max-image-preview":"max-image-preview:large","max-video-preview":"max-video-preview:-1"},"canonical":"https:\/\/www.padreeustaquio.com.br\/es\/octavo-domingo-del-tiempo-ordinario-celebra-con-tu-familia\/","og_locale":"es_ES","og_type":"article","og_title":"Oitavo Domingo do Tempo Comum - Celebre em Fam\u00edlia","og_description":"A Palavra que a liturgia dirige aos fi\u00e9is no pr\u00f3ximo domingo traz a advert\u00eancia do ap\u00f3stolo Paulo: \u201cno Senhor, nossas fadigas n\u00e3o ser\u00e3o em v\u00e3o\u201d. E Jesus, no Evangelho, ensina que \u201ctoda \u00e1rvore \u00e9 reconhecida pelos seus frutos\u201d.","og_url":"https:\/\/www.padreeustaquio.com.br\/es\/octavo-domingo-del-tiempo-ordinario-celebra-con-tu-familia\/","og_site_name":"Padre Eust\u00e1quio","article_publisher":"https:\/\/www.facebook.com\/beatopadreeustaquio\/","article_published_time":"2022-02-26T12:25:00+00:00","og_image":[{"width":748,"height":394,"url":"https:\/\/www.padreeustaquio.com.br\/wp-content\/uploads\/2022\/02\/oitavo-dom.-tempo-comum.jpg","type":"image\/jpeg"}],"author":"@sscc","twitter_card":"summary_large_image","twitter_creator":"@beatopeustaquio","twitter_site":"@beatopeustaquio","twitter_misc":{"Escrito por":"@sscc","Tiempo de lectura":"1 minuto"},"schema":{"@context":"https:\/\/schema.org","@graph":[{"@type":"Article","@id":"https:\/\/www.padreeustaquio.com.br\/oitavo-domingo-do-tempo-comum-celebre-em-familia\/#article","isPartOf":{"@id":"https:\/\/www.padreeustaquio.com.br\/oitavo-domingo-do-tempo-comum-celebre-em-familia\/"},"author":{"name":"@sscc","@id":"https:\/\/www.padreeustaquio.com.br\/#\/schema\/person\/a2a51db1d00f1a7af0204a0f1ddb1566"},"headline":"Oitavo Domingo do Tempo Comum &#8211; Celebre em Fam\u00edlia","datePublished":"2022-02-26T12:25:00+00:00","mainEntityOfPage":{"@id":"https:\/\/www.padreeustaquio.com.br\/oitavo-domingo-do-tempo-comum-celebre-em-familia\/"},"wordCount":239,"commentCount":0,"publisher":{"@id":"https:\/\/www.padreeustaquio.com.br\/#organization"},"image":{"@id":"https:\/\/www.padreeustaquio.com.br\/oitavo-domingo-do-tempo-comum-celebre-em-familia\/#primaryimage"},"thumbnailUrl":"https:\/\/www.padreeustaquio.com.br\/wp-content\/uploads\/2022\/02\/oitavo-dom.-tempo-comum.jpg","articleSection":["Not\u00edcias"],"inLanguage":"es","potentialAction":[{"@type":"CommentAction","name":"Comment","target":["https:\/\/www.padreeustaquio.com.br\/oitavo-domingo-do-tempo-comum-celebre-em-familia\/#respond"]}]},{"@type":"WebPage","@id":"https:\/\/www.padreeustaquio.com.br\/oitavo-domingo-do-tempo-comum-celebre-em-familia\/","url":"https:\/\/www.padreeustaquio.com.br\/oitavo-domingo-do-tempo-comum-celebre-em-familia\/","name":"Octavo Domingo del Tiempo Ordinario - Celebremos en Familia","isPartOf":{"@id":"https:\/\/www.padreeustaquio.com.br\/#website"},"primaryImageOfPage":{"@id":"https:\/\/www.padreeustaquio.com.br\/oitavo-domingo-do-tempo-comum-celebre-em-familia\/#primaryimage"},"image":{"@id":"https:\/\/www.padreeustaquio.com.br\/oitavo-domingo-do-tempo-comum-celebre-em-familia\/#primaryimage"},"thumbnailUrl":"https:\/\/www.padreeustaquio.com.br\/wp-content\/uploads\/2022\/02\/oitavo-dom.-tempo-comum.jpg","datePublished":"2022-02-26T12:25:00+00:00","description":"La Palabra que la liturgia dirige a los fieles el pr\u00f3ximo domingo trae la advertencia del ap\u00f3stol Pablo: \u201cEn el Se\u00f1or, nuestros trabajos no ser\u00e1n en vano\u201d. Y Jes\u00fas, en el Evangelio, ense\u00f1a que \u201ccada \u00e1rbol se reconoce por su fruto\u201d.","breadcrumb":{"@id":"https:\/\/www.padreeustaquio.com.br\/oitavo-domingo-do-tempo-comum-celebre-em-familia\/#breadcrumb"},"inLanguage":"es","potentialAction":[{"@type":"ReadAction","target":["https:\/\/www.padreeustaquio.com.br\/oitavo-domingo-do-tempo-comum-celebre-em-familia\/"]}]},{"@type":"ImageObject","inLanguage":"es","@id":"https:\/\/www.padreeustaquio.com.br\/oitavo-domingo-do-tempo-comum-celebre-em-familia\/#primaryimage","url":"https:\/\/www.padreeustaquio.com.br\/wp-content\/uploads\/2022\/02\/oitavo-dom.-tempo-comum.jpg","contentUrl":"https:\/\/www.padreeustaquio.com.br\/wp-content\/uploads\/2022\/02\/oitavo-dom.-tempo-comum.jpg","width":748,"height":394},{"@type":"BreadcrumbList","@id":"https:\/\/www.padreeustaquio.com.br\/oitavo-domingo-do-tempo-comum-celebre-em-familia\/#breadcrumb","itemListElement":[{"@type":"ListItem","position":1,"name":"In\u00edcio","item":"https:\/\/www.padreeustaquio.com.br\/"},{"@type":"ListItem","position":2,"name":"Oitavo Domingo do Tempo Comum &#8211; Celebre em Fam\u00edlia"}]},{"@type":"WebSite","@id":"https:\/\/www.padreeustaquio.com.br\/#website","url":"https:\/\/www.padreeustaquio.com.br\/","name":"Padre Eustace","description":"Salud y Paz","publisher":{"@id":"https:\/\/www.padreeustaquio.com.br\/#organization"},"potentialAction":[{"@type":"SearchAction","target":{"@type":"EntryPoint","urlTemplate":"https:\/\/www.padreeustaquio.com.br\/?s={search_term_string}"},"query-input":{"@type":"PropertyValueSpecification","valueRequired":true,"valueName":"search_term_string"}}],"inLanguage":"es"},{"@type":"Organization","@id":"https:\/\/www.padreeustaquio.com.br\/#organization","name":"Padre Eustace","url":"https:\/\/www.padreeustaquio.com.br\/","logo":{"@type":"ImageObject","inLanguage":"es","@id":"https:\/\/www.padreeustaquio.com.br\/#\/schema\/logo\/image\/","url":"https:\/\/www.padreeustaquio.com.br\/wp-content\/uploads\/2019\/08\/marca.png","contentUrl":"https:\/\/www.padreeustaquio.com.br\/wp-content\/uploads\/2019\/08\/marca.png","width":350,"height":400,"caption":"Padre Eust\u00e1quio"},"image":{"@id":"https:\/\/www.padreeustaquio.com.br\/#\/schema\/logo\/image\/"},"sameAs":["https:\/\/www.facebook.com\/beatopadreeustaquio\/","https:\/\/x.com\/beatopeustaquio","https:\/\/www.instagram.com\/beatopadreeustaquio\/","https:\/\/www.youtube.com\/channel\/UCRhw7vfabnajwLxb1ZXMeIw"]},{"@type":"Person","@id":"https:\/\/www.padreeustaquio.com.br\/#\/schema\/person\/a2a51db1d00f1a7af0204a0f1ddb1566","name":"@sscc","image":{"@type":"ImageObject","inLanguage":"es","@id":"https:\/\/secure.gravatar.com\/avatar\/68cfafa5f44617fea54071e215026e0ff06be366c3d54a8425f04fdcb86f8c5f?s=96&d=mm&r=g","url":"https:\/\/secure.gravatar.com\/avatar\/68cfafa5f44617fea54071e215026e0ff06be366c3d54a8425f04fdcb86f8c5f?s=96&d=mm&r=g","contentUrl":"https:\/\/secure.gravatar.com\/avatar\/68cfafa5f44617fea54071e215026e0ff06be366c3d54a8425f04fdcb86f8c5f?s=96&d=mm&r=g","caption":"@sscc"},"url":"https:\/\/www.padreeustaquio.com.br\/es\/author\/sscc\/"}]}},"_links":{"self":[{"href":"https:\/\/www.padreeustaquio.com.br\/es\/wp-json\/wp\/v2\/posts\/8202","targetHints":{"allow":["GET"]}}],"collection":[{"href":"https:\/\/www.padreeustaquio.com.br\/es\/wp-json\/wp\/v2\/posts"}],"about":[{"href":"https:\/\/www.padreeustaquio.com.br\/es\/wp-json\/wp\/v2\/types\/post"}],"author":[{"embeddable":true,"href":"https:\/\/www.padreeustaquio.com.br\/es\/wp-json\/wp\/v2\/users\/2"}],"replies":[{"embeddable":true,"href":"https:\/\/www.padreeustaquio.com.br\/es\/wp-json\/wp\/v2\/comments?post=8202"}],"version-history":[{"count":0,"href":"https:\/\/www.padreeustaquio.com.br\/es\/wp-json\/wp\/v2\/posts\/8202\/revisions"}],"wp:featuredmedia":[{"embeddable":true,"href":"https:\/\/www.padreeustaquio.com.br\/es\/wp-json\/wp\/v2\/media\/8203"}],"wp:attachment":[{"href":"https:\/\/www.padreeustaquio.com.br\/es\/wp-json\/wp\/v2\/media?parent=8202"}],"wp:term":[{"taxonomy":"category","embeddable":true,"href":"https:\/\/www.padreeustaquio.com.br\/es\/wp-json\/wp\/v2\/categories?post=8202"},{"taxonomy":"post_tag","embeddable":true,"href":"https:\/\/www.padreeustaquio.com.br\/es\/wp-json\/wp\/v2\/tags?post=8202"}],"curies":[{"name":"wp","href":"https:\/\/api.w.org\/{rel}","templated":true}]}}