{"id":8199,"date":"2022-03-01T05:52:00","date_gmt":"2022-03-01T08:52:00","guid":{"rendered":"https:\/\/www.padreeustaquio.com.br\/?p=8199"},"modified":"2022-02-28T21:00:47","modified_gmt":"2022-03-01T00:00:47","slug":"manana-comienza-el-retiro-de-cuaresma-en-el-canal-de-youtube-del-padre-eustaquio","status":"publish","type":"post","link":"https:\/\/www.padreeustaquio.com.br\/es\/manana-comienza-el-retiro-de-cuaresma-en-el-canal-de-youtube-del-padre-eustaquio\/","title":{"rendered":"Ma\u00f1ana comienza el Retiro de Cuaresma en el canal de YouTube del Padre Eust\u00e1quio."},"content":{"rendered":"<p>Con el fin de ayudar a los devotos del Padre Eustaquio a vivir la Cuaresma con mayor intensidad, el Santuario de Salud y Paz y el Canal del Padre Eustaquio ofrecer\u00e1n, a partir de ma\u00f1ana, un Retiro Cuaresmal en formato de video. El material se publicar\u00e1 durante los 40 d\u00edas de Cuaresma en el Canal del Padre Eustaquio. <\/p>\n\n\n\n<p>Los videos se grabaron en el Santuario de la Salud y la Paz, en un ambiente cl\u00e1sico con colores y objetos que evocan la Cuaresma. El material est\u00e1 dirigido por el Padre Silvano Dias de \u00c1vila, formador de la Congregaci\u00f3n de los Sagrados Corazones. El sacerdote utiliza como recurso el libro: Viviendo la Cuaresma con San Agust\u00edn, de Pasquale Cormio, de la Editorial Ave Mar\u00eda.<\/p>\n\n\n\n<p><a href=\"https:\/\/www.youtube.com\/watch?v=4Osiz0a2VYI&amp;lc=UgySndGxvpOfQuimfpx4AaABAg\" target=\"_blank\" rel=\"noreferrer noopener\">haga clic aqu\u00ed<\/a> Y pon un recordatorio para ver el primer v\u00eddeo del Retiro de Cuaresma.<\/p>\n\n\n\n<p>Los v\u00eddeos, que duran unos cinco minutos, se publicar\u00e1n siempre a las 5 de la ma\u00f1ana y permanecer\u00e1n disponibles en el Canal para que los devotos puedan seguir la reflexi\u00f3n en el horario que mejor le venga a cada persona.<\/p>\n\n\n\n<p>Las publicaciones se realizar\u00e1n todos los d\u00edas, desde ma\u00f1ana (Mi\u00e9rcoles de Ceniza) hasta el s\u00e1bado anterior al Domingo de Ramos (9 de abril). La idea es que la gente rece las oraciones y las comparta con amigos y familiares para que el mayor n\u00famero posible de personas pueda vivir con mayor intensidad este momento propicio para la oraci\u00f3n.<\/p>\n\n\n\n<p><strong>\u00bfQu\u00e9 es un Retiro de Cuaresma?<\/strong><\/p>\n\n\n\n<p>El retiro de Cuaresma es un instrumento de oraci\u00f3n y conversi\u00f3n. Su prop\u00f3sito es ayudar a las personas y comunidades en la oraci\u00f3n personal diaria, gui\u00e1ndolas para experimentar la gracia de Dios en sus vidas. Los gu\u00edas ayudan en la pr\u00e1ctica de los Ejercicios Espirituales en la vida diaria.<\/p>\n\n\n\n<p>La Cuaresma es un tiempo intenso de oraci\u00f3n y preparaci\u00f3n para la Pascua, marcado por pr\u00e1cticas penitenciales como el ayuno y las obras de caridad. Este per\u00edodo de oraci\u00f3n, originado en el siglo IV, se reza tradicionalmente durante 40 d\u00edas (desde el Mi\u00e9rcoles de Ceniza hasta el S\u00e1bado de L\u00e1zaro, antes del Domingo de Ramos), pero desde el pontificado de Pablo VI, la Cuaresma dura oficialmente 44 d\u00edas, ya que termina el Jueves Santo, cuando comienza el Triduo Pascual.<\/p>\n\n\n\n<p><\/p>","protected":false},"excerpt":{"rendered":"<p>Com o objetivo de ajudar os devotos de Padre Eust\u00e1quio a viver mais intensamente a Quaresma, o Santu\u00e1rio da Sa\u00fade e da Paz e o Canal Padre Eust\u00e1quio v\u00e3o disponibilizar, a partir de amanh\u00e3, um Retiro Quaresmal em v\u00eddeo. O material ser\u00e1 postado durante todos os 40 dias da Quaresma no Canal Padre Eust\u00e1quio. Os v\u00eddeos foram gravados no Santu\u00e1rio da Sa\u00fade e da Paz em um cen\u00e1rio cl\u00e1ssico com cores e objetos que remetem ao per\u00edodo quaresmal. O material \u00e9 comandado pelo Padre Silvano Dias de \u00c1vila, que \u00e9 formador da Congrega\u00e7\u00e3o dos Sagrados Cora\u00e7\u00f5es. O sacerdote usa como [&hellip;]<\/p>\n","protected":false},"author":2,"featured_media":8211,"comment_status":"open","ping_status":"closed","sticky":false,"template":"","format":"standard","meta":{"_acf_changed":false,"footnotes":""},"categories":[611],"tags":[],"class_list":["post-8199","post","type-post","status-publish","format-standard","has-post-thumbnail","hentry","category-noticias"],"acf":[],"yoast_head":"<!-- This site is optimized with the Yoast SEO plugin v27.2 - https:\/\/yoast.com\/product\/yoast-seo-wordpress\/ -->\n<title>Come\u00e7a amanh\u00e3 Retiro Quaresmal do Canal Padre Eust\u00e1quio no YouTube<\/title>\n<meta name=\"description\" content=\"Com o objetivo de ajudar os devotos de Padre Eust\u00e1quio a viver mais intensamente a Quaresma, o Santu\u00e1rio da Sa\u00fade e da Paz e o Canal Padre Eust\u00e1quio v\u00e3o disponibilizar, a partir de amanh\u00e3, um Retiro Quaresmal em v\u00eddeo. O material ser\u00e1 postado durante todos os 40 dias da Quaresma no Canal Padre Eust\u00e1quio.\" \/>\n<meta name=\"robots\" content=\"index, follow, max-snippet:-1, max-image-preview:large, max-video-preview:-1\" \/>\n<link rel=\"canonical\" href=\"https:\/\/www.padreeustaquio.com.br\/es\/manana-comienza-el-retiro-de-cuaresma-en-el-canal-de-youtube-del-padre-eustaquio\/\" \/>\n<meta property=\"og:locale\" content=\"es_ES\" \/>\n<meta property=\"og:type\" content=\"article\" \/>\n<meta property=\"og:title\" content=\"Come\u00e7a amanh\u00e3 Retiro Quaresmal do Canal Padre Eust\u00e1quio no YouTube\" \/>\n<meta property=\"og:description\" content=\"Com o objetivo de ajudar os devotos de Padre Eust\u00e1quio a viver mais intensamente a Quaresma, o Santu\u00e1rio da Sa\u00fade e da Paz e o Canal Padre Eust\u00e1quio v\u00e3o disponibilizar, a partir de amanh\u00e3, um Retiro Quaresmal em v\u00eddeo. O material ser\u00e1 postado durante todos os 40 dias da Quaresma no Canal Padre Eust\u00e1quio.\" \/>\n<meta property=\"og:url\" content=\"https:\/\/www.padreeustaquio.com.br\/es\/manana-comienza-el-retiro-de-cuaresma-en-el-canal-de-youtube-del-padre-eustaquio\/\" \/>\n<meta property=\"og:site_name\" content=\"Padre Eust\u00e1quio\" \/>\n<meta property=\"article:publisher\" content=\"https:\/\/www.facebook.com\/beatopadreeustaquio\/\" \/>\n<meta property=\"article:published_time\" content=\"2022-03-01T08:52:00+00:00\" \/>\n<meta property=\"og:image\" content=\"https:\/\/www.padreeustaquio.com.br\/wp-content\/uploads\/2022\/03\/retiro-quaresmal.jpg\" \/>\n\t<meta property=\"og:image:width\" content=\"748\" \/>\n\t<meta property=\"og:image:height\" content=\"394\" \/>\n\t<meta property=\"og:image:type\" content=\"image\/jpeg\" \/>\n<meta name=\"author\" content=\"@sscc\" \/>\n<meta name=\"twitter:card\" content=\"summary_large_image\" \/>\n<meta name=\"twitter:creator\" content=\"@beatopeustaquio\" \/>\n<meta name=\"twitter:site\" content=\"@beatopeustaquio\" \/>\n<meta name=\"twitter:label1\" content=\"Escrito por\" \/>\n\t<meta name=\"twitter:data1\" content=\"@sscc\" \/>\n\t<meta name=\"twitter:label2\" content=\"Tiempo de lectura\" \/>\n\t<meta name=\"twitter:data2\" content=\"2 minutos\" \/>\n<script type=\"application\/ld+json\" class=\"yoast-schema-graph\">{\"@context\":\"https:\/\/schema.org\",\"@graph\":[{\"@type\":\"Article\",\"@id\":\"https:\/\/www.padreeustaquio.com.br\/comeca-amanha-retiro-quaresmal-do-canal-padre-eustaquio-no-youtube\/#article\",\"isPartOf\":{\"@id\":\"https:\/\/www.padreeustaquio.com.br\/comeca-amanha-retiro-quaresmal-do-canal-padre-eustaquio-no-youtube\/\"},\"author\":{\"name\":\"@sscc\",\"@id\":\"https:\/\/www.padreeustaquio.com.br\/#\/schema\/person\/a2a51db1d00f1a7af0204a0f1ddb1566\"},\"headline\":\"Come\u00e7a amanh\u00e3 Retiro Quaresmal do Canal Padre Eust\u00e1quio no YouTube\",\"datePublished\":\"2022-03-01T08:52:00+00:00\",\"mainEntityOfPage\":{\"@id\":\"https:\/\/www.padreeustaquio.com.br\/comeca-amanha-retiro-quaresmal-do-canal-padre-eustaquio-no-youtube\/\"},\"wordCount\":400,\"commentCount\":0,\"publisher\":{\"@id\":\"https:\/\/www.padreeustaquio.com.br\/#organization\"},\"image\":{\"@id\":\"https:\/\/www.padreeustaquio.com.br\/comeca-amanha-retiro-quaresmal-do-canal-padre-eustaquio-no-youtube\/#primaryimage\"},\"thumbnailUrl\":\"https:\/\/www.padreeustaquio.com.br\/wp-content\/uploads\/2022\/03\/retiro-quaresmal.jpg\",\"articleSection\":[\"Not\u00edcias\"],\"inLanguage\":\"es\",\"potentialAction\":[{\"@type\":\"CommentAction\",\"name\":\"Comment\",\"target\":[\"https:\/\/www.padreeustaquio.com.br\/comeca-amanha-retiro-quaresmal-do-canal-padre-eustaquio-no-youtube\/#respond\"]}]},{\"@type\":\"WebPage\",\"@id\":\"https:\/\/www.padreeustaquio.com.br\/comeca-amanha-retiro-quaresmal-do-canal-padre-eustaquio-no-youtube\/\",\"url\":\"https:\/\/www.padreeustaquio.com.br\/comeca-amanha-retiro-quaresmal-do-canal-padre-eustaquio-no-youtube\/\",\"name\":\"Come\u00e7a amanh\u00e3 Retiro Quaresmal do Canal Padre Eust\u00e1quio no YouTube\",\"isPartOf\":{\"@id\":\"https:\/\/www.padreeustaquio.com.br\/#website\"},\"primaryImageOfPage\":{\"@id\":\"https:\/\/www.padreeustaquio.com.br\/comeca-amanha-retiro-quaresmal-do-canal-padre-eustaquio-no-youtube\/#primaryimage\"},\"image\":{\"@id\":\"https:\/\/www.padreeustaquio.com.br\/comeca-amanha-retiro-quaresmal-do-canal-padre-eustaquio-no-youtube\/#primaryimage\"},\"thumbnailUrl\":\"https:\/\/www.padreeustaquio.com.br\/wp-content\/uploads\/2022\/03\/retiro-quaresmal.jpg\",\"datePublished\":\"2022-03-01T08:52:00+00:00\",\"description\":\"Com o objetivo de ajudar os devotos de Padre Eust\u00e1quio a viver mais intensamente a Quaresma, o Santu\u00e1rio da Sa\u00fade e da Paz e o Canal Padre Eust\u00e1quio v\u00e3o disponibilizar, a partir de amanh\u00e3, um Retiro Quaresmal em v\u00eddeo. O material ser\u00e1 postado durante todos os 40 dias da Quaresma no Canal Padre Eust\u00e1quio.\",\"breadcrumb\":{\"@id\":\"https:\/\/www.padreeustaquio.com.br\/comeca-amanha-retiro-quaresmal-do-canal-padre-eustaquio-no-youtube\/#breadcrumb\"},\"inLanguage\":\"es\",\"potentialAction\":[{\"@type\":\"ReadAction\",\"target\":[\"https:\/\/www.padreeustaquio.com.br\/comeca-amanha-retiro-quaresmal-do-canal-padre-eustaquio-no-youtube\/\"]}]},{\"@type\":\"ImageObject\",\"inLanguage\":\"es\",\"@id\":\"https:\/\/www.padreeustaquio.com.br\/comeca-amanha-retiro-quaresmal-do-canal-padre-eustaquio-no-youtube\/#primaryimage\",\"url\":\"https:\/\/www.padreeustaquio.com.br\/wp-content\/uploads\/2022\/03\/retiro-quaresmal.jpg\",\"contentUrl\":\"https:\/\/www.padreeustaquio.com.br\/wp-content\/uploads\/2022\/03\/retiro-quaresmal.jpg\",\"width\":748,\"height\":394},{\"@type\":\"BreadcrumbList\",\"@id\":\"https:\/\/www.padreeustaquio.com.br\/comeca-amanha-retiro-quaresmal-do-canal-padre-eustaquio-no-youtube\/#breadcrumb\",\"itemListElement\":[{\"@type\":\"ListItem\",\"position\":1,\"name\":\"In\u00edcio\",\"item\":\"https:\/\/www.padreeustaquio.com.br\/\"},{\"@type\":\"ListItem\",\"position\":2,\"name\":\"Come\u00e7a amanh\u00e3 Retiro Quaresmal do Canal Padre Eust\u00e1quio no YouTube\"}]},{\"@type\":\"WebSite\",\"@id\":\"https:\/\/www.padreeustaquio.com.br\/#website\",\"url\":\"https:\/\/www.padreeustaquio.com.br\/\",\"name\":\"Padre Eust\u00e1quio\",\"description\":\"Sa\u00fade e Paz\",\"publisher\":{\"@id\":\"https:\/\/www.padreeustaquio.com.br\/#organization\"},\"potentialAction\":[{\"@type\":\"SearchAction\",\"target\":{\"@type\":\"EntryPoint\",\"urlTemplate\":\"https:\/\/www.padreeustaquio.com.br\/?s={search_term_string}\"},\"query-input\":{\"@type\":\"PropertyValueSpecification\",\"valueRequired\":true,\"valueName\":\"search_term_string\"}}],\"inLanguage\":\"es\"},{\"@type\":\"Organization\",\"@id\":\"https:\/\/www.padreeustaquio.com.br\/#organization\",\"name\":\"Padre Eust\u00e1quio\",\"url\":\"https:\/\/www.padreeustaquio.com.br\/\",\"logo\":{\"@type\":\"ImageObject\",\"inLanguage\":\"es\",\"@id\":\"https:\/\/www.padreeustaquio.com.br\/#\/schema\/logo\/image\/\",\"url\":\"https:\/\/www.padreeustaquio.com.br\/wp-content\/uploads\/2019\/08\/marca.png\",\"contentUrl\":\"https:\/\/www.padreeustaquio.com.br\/wp-content\/uploads\/2019\/08\/marca.png\",\"width\":350,\"height\":400,\"caption\":\"Padre Eust\u00e1quio\"},\"image\":{\"@id\":\"https:\/\/www.padreeustaquio.com.br\/#\/schema\/logo\/image\/\"},\"sameAs\":[\"https:\/\/www.facebook.com\/beatopadreeustaquio\/\",\"https:\/\/x.com\/beatopeustaquio\",\"https:\/\/www.instagram.com\/beatopadreeustaquio\/\",\"https:\/\/www.youtube.com\/channel\/UCRhw7vfabnajwLxb1ZXMeIw\"]},{\"@type\":\"Person\",\"@id\":\"https:\/\/www.padreeustaquio.com.br\/#\/schema\/person\/a2a51db1d00f1a7af0204a0f1ddb1566\",\"name\":\"@sscc\",\"image\":{\"@type\":\"ImageObject\",\"inLanguage\":\"es\",\"@id\":\"https:\/\/secure.gravatar.com\/avatar\/68cfafa5f44617fea54071e215026e0ff06be366c3d54a8425f04fdcb86f8c5f?s=96&d=mm&r=g\",\"url\":\"https:\/\/secure.gravatar.com\/avatar\/68cfafa5f44617fea54071e215026e0ff06be366c3d54a8425f04fdcb86f8c5f?s=96&d=mm&r=g\",\"contentUrl\":\"https:\/\/secure.gravatar.com\/avatar\/68cfafa5f44617fea54071e215026e0ff06be366c3d54a8425f04fdcb86f8c5f?s=96&d=mm&r=g\",\"caption\":\"@sscc\"},\"url\":\"https:\/\/www.padreeustaquio.com.br\/es\/author\/sscc\/\"}]}<\/script>\n<!-- \/ Yoast SEO plugin. -->","yoast_head_json":{"title":"Ma\u00f1ana comienza el Retiro de Cuaresma en el canal de YouTube del Padre Eust\u00e1quio.","description":"Con el fin de ayudar a los devotos del Padre Eustaquio a vivir la Cuaresma con mayor intensidad, el Santuario de Salud y Paz y el Canal del Padre Eustaquio ofrecer\u00e1n, a partir de ma\u00f1ana, un Retiro Cuaresmal en formato de video. El material se publicar\u00e1 durante los 40 d\u00edas de Cuaresma en el Canal del Padre Eustaquio.","robots":{"index":"index","follow":"follow","max-snippet":"max-snippet:-1","max-image-preview":"max-image-preview:large","max-video-preview":"max-video-preview:-1"},"canonical":"https:\/\/www.padreeustaquio.com.br\/es\/manana-comienza-el-retiro-de-cuaresma-en-el-canal-de-youtube-del-padre-eustaquio\/","og_locale":"es_ES","og_type":"article","og_title":"Come\u00e7a amanh\u00e3 Retiro Quaresmal do Canal Padre Eust\u00e1quio no YouTube","og_description":"Com o objetivo de ajudar os devotos de Padre Eust\u00e1quio a viver mais intensamente a Quaresma, o Santu\u00e1rio da Sa\u00fade e da Paz e o Canal Padre Eust\u00e1quio v\u00e3o disponibilizar, a partir de amanh\u00e3, um Retiro Quaresmal em v\u00eddeo. O material ser\u00e1 postado durante todos os 40 dias da Quaresma no Canal Padre Eust\u00e1quio.","og_url":"https:\/\/www.padreeustaquio.com.br\/es\/manana-comienza-el-retiro-de-cuaresma-en-el-canal-de-youtube-del-padre-eustaquio\/","og_site_name":"Padre Eust\u00e1quio","article_publisher":"https:\/\/www.facebook.com\/beatopadreeustaquio\/","article_published_time":"2022-03-01T08:52:00+00:00","og_image":[{"width":748,"height":394,"url":"https:\/\/www.padreeustaquio.com.br\/wp-content\/uploads\/2022\/03\/retiro-quaresmal.jpg","type":"image\/jpeg"}],"author":"@sscc","twitter_card":"summary_large_image","twitter_creator":"@beatopeustaquio","twitter_site":"@beatopeustaquio","twitter_misc":{"Escrito por":"@sscc","Tiempo de lectura":"2 minutos"},"schema":{"@context":"https:\/\/schema.org","@graph":[{"@type":"Article","@id":"https:\/\/www.padreeustaquio.com.br\/comeca-amanha-retiro-quaresmal-do-canal-padre-eustaquio-no-youtube\/#article","isPartOf":{"@id":"https:\/\/www.padreeustaquio.com.br\/comeca-amanha-retiro-quaresmal-do-canal-padre-eustaquio-no-youtube\/"},"author":{"name":"@sscc","@id":"https:\/\/www.padreeustaquio.com.br\/#\/schema\/person\/a2a51db1d00f1a7af0204a0f1ddb1566"},"headline":"Come\u00e7a amanh\u00e3 Retiro Quaresmal do Canal Padre Eust\u00e1quio no YouTube","datePublished":"2022-03-01T08:52:00+00:00","mainEntityOfPage":{"@id":"https:\/\/www.padreeustaquio.com.br\/comeca-amanha-retiro-quaresmal-do-canal-padre-eustaquio-no-youtube\/"},"wordCount":400,"commentCount":0,"publisher":{"@id":"https:\/\/www.padreeustaquio.com.br\/#organization"},"image":{"@id":"https:\/\/www.padreeustaquio.com.br\/comeca-amanha-retiro-quaresmal-do-canal-padre-eustaquio-no-youtube\/#primaryimage"},"thumbnailUrl":"https:\/\/www.padreeustaquio.com.br\/wp-content\/uploads\/2022\/03\/retiro-quaresmal.jpg","articleSection":["Not\u00edcias"],"inLanguage":"es","potentialAction":[{"@type":"CommentAction","name":"Comment","target":["https:\/\/www.padreeustaquio.com.br\/comeca-amanha-retiro-quaresmal-do-canal-padre-eustaquio-no-youtube\/#respond"]}]},{"@type":"WebPage","@id":"https:\/\/www.padreeustaquio.com.br\/comeca-amanha-retiro-quaresmal-do-canal-padre-eustaquio-no-youtube\/","url":"https:\/\/www.padreeustaquio.com.br\/comeca-amanha-retiro-quaresmal-do-canal-padre-eustaquio-no-youtube\/","name":"Ma\u00f1ana comienza el Retiro de Cuaresma en el canal de YouTube del Padre Eust\u00e1quio.","isPartOf":{"@id":"https:\/\/www.padreeustaquio.com.br\/#website"},"primaryImageOfPage":{"@id":"https:\/\/www.padreeustaquio.com.br\/comeca-amanha-retiro-quaresmal-do-canal-padre-eustaquio-no-youtube\/#primaryimage"},"image":{"@id":"https:\/\/www.padreeustaquio.com.br\/comeca-amanha-retiro-quaresmal-do-canal-padre-eustaquio-no-youtube\/#primaryimage"},"thumbnailUrl":"https:\/\/www.padreeustaquio.com.br\/wp-content\/uploads\/2022\/03\/retiro-quaresmal.jpg","datePublished":"2022-03-01T08:52:00+00:00","description":"Con el fin de ayudar a los devotos del Padre Eustaquio a vivir la Cuaresma con mayor intensidad, el Santuario de Salud y Paz y el Canal del Padre Eustaquio ofrecer\u00e1n, a partir de ma\u00f1ana, un Retiro Cuaresmal en formato de video. El material se publicar\u00e1 durante los 40 d\u00edas de Cuaresma en el Canal del Padre Eustaquio.","breadcrumb":{"@id":"https:\/\/www.padreeustaquio.com.br\/comeca-amanha-retiro-quaresmal-do-canal-padre-eustaquio-no-youtube\/#breadcrumb"},"inLanguage":"es","potentialAction":[{"@type":"ReadAction","target":["https:\/\/www.padreeustaquio.com.br\/comeca-amanha-retiro-quaresmal-do-canal-padre-eustaquio-no-youtube\/"]}]},{"@type":"ImageObject","inLanguage":"es","@id":"https:\/\/www.padreeustaquio.com.br\/comeca-amanha-retiro-quaresmal-do-canal-padre-eustaquio-no-youtube\/#primaryimage","url":"https:\/\/www.padreeustaquio.com.br\/wp-content\/uploads\/2022\/03\/retiro-quaresmal.jpg","contentUrl":"https:\/\/www.padreeustaquio.com.br\/wp-content\/uploads\/2022\/03\/retiro-quaresmal.jpg","width":748,"height":394},{"@type":"BreadcrumbList","@id":"https:\/\/www.padreeustaquio.com.br\/comeca-amanha-retiro-quaresmal-do-canal-padre-eustaquio-no-youtube\/#breadcrumb","itemListElement":[{"@type":"ListItem","position":1,"name":"In\u00edcio","item":"https:\/\/www.padreeustaquio.com.br\/"},{"@type":"ListItem","position":2,"name":"Come\u00e7a amanh\u00e3 Retiro Quaresmal do Canal Padre Eust\u00e1quio no YouTube"}]},{"@type":"WebSite","@id":"https:\/\/www.padreeustaquio.com.br\/#website","url":"https:\/\/www.padreeustaquio.com.br\/","name":"Padre Eustace","description":"Salud y Paz","publisher":{"@id":"https:\/\/www.padreeustaquio.com.br\/#organization"},"potentialAction":[{"@type":"SearchAction","target":{"@type":"EntryPoint","urlTemplate":"https:\/\/www.padreeustaquio.com.br\/?s={search_term_string}"},"query-input":{"@type":"PropertyValueSpecification","valueRequired":true,"valueName":"search_term_string"}}],"inLanguage":"es"},{"@type":"Organization","@id":"https:\/\/www.padreeustaquio.com.br\/#organization","name":"Padre Eustace","url":"https:\/\/www.padreeustaquio.com.br\/","logo":{"@type":"ImageObject","inLanguage":"es","@id":"https:\/\/www.padreeustaquio.com.br\/#\/schema\/logo\/image\/","url":"https:\/\/www.padreeustaquio.com.br\/wp-content\/uploads\/2019\/08\/marca.png","contentUrl":"https:\/\/www.padreeustaquio.com.br\/wp-content\/uploads\/2019\/08\/marca.png","width":350,"height":400,"caption":"Padre Eust\u00e1quio"},"image":{"@id":"https:\/\/www.padreeustaquio.com.br\/#\/schema\/logo\/image\/"},"sameAs":["https:\/\/www.facebook.com\/beatopadreeustaquio\/","https:\/\/x.com\/beatopeustaquio","https:\/\/www.instagram.com\/beatopadreeustaquio\/","https:\/\/www.youtube.com\/channel\/UCRhw7vfabnajwLxb1ZXMeIw"]},{"@type":"Person","@id":"https:\/\/www.padreeustaquio.com.br\/#\/schema\/person\/a2a51db1d00f1a7af0204a0f1ddb1566","name":"@sscc","image":{"@type":"ImageObject","inLanguage":"es","@id":"https:\/\/secure.gravatar.com\/avatar\/68cfafa5f44617fea54071e215026e0ff06be366c3d54a8425f04fdcb86f8c5f?s=96&d=mm&r=g","url":"https:\/\/secure.gravatar.com\/avatar\/68cfafa5f44617fea54071e215026e0ff06be366c3d54a8425f04fdcb86f8c5f?s=96&d=mm&r=g","contentUrl":"https:\/\/secure.gravatar.com\/avatar\/68cfafa5f44617fea54071e215026e0ff06be366c3d54a8425f04fdcb86f8c5f?s=96&d=mm&r=g","caption":"@sscc"},"url":"https:\/\/www.padreeustaquio.com.br\/es\/author\/sscc\/"}]}},"_links":{"self":[{"href":"https:\/\/www.padreeustaquio.com.br\/es\/wp-json\/wp\/v2\/posts\/8199","targetHints":{"allow":["GET"]}}],"collection":[{"href":"https:\/\/www.padreeustaquio.com.br\/es\/wp-json\/wp\/v2\/posts"}],"about":[{"href":"https:\/\/www.padreeustaquio.com.br\/es\/wp-json\/wp\/v2\/types\/post"}],"author":[{"embeddable":true,"href":"https:\/\/www.padreeustaquio.com.br\/es\/wp-json\/wp\/v2\/users\/2"}],"replies":[{"embeddable":true,"href":"https:\/\/www.padreeustaquio.com.br\/es\/wp-json\/wp\/v2\/comments?post=8199"}],"version-history":[{"count":0,"href":"https:\/\/www.padreeustaquio.com.br\/es\/wp-json\/wp\/v2\/posts\/8199\/revisions"}],"wp:featuredmedia":[{"embeddable":true,"href":"https:\/\/www.padreeustaquio.com.br\/es\/wp-json\/wp\/v2\/media\/8211"}],"wp:attachment":[{"href":"https:\/\/www.padreeustaquio.com.br\/es\/wp-json\/wp\/v2\/media?parent=8199"}],"wp:term":[{"taxonomy":"category","embeddable":true,"href":"https:\/\/www.padreeustaquio.com.br\/es\/wp-json\/wp\/v2\/categories?post=8199"},{"taxonomy":"post_tag","embeddable":true,"href":"https:\/\/www.padreeustaquio.com.br\/es\/wp-json\/wp\/v2\/tags?post=8199"}],"curies":[{"name":"wp","href":"https:\/\/api.w.org\/{rel}","templated":true}]}}