{"id":8189,"date":"2022-02-24T07:37:43","date_gmt":"2022-02-24T10:37:43","guid":{"rendered":"https:\/\/www.padreeustaquio.com.br\/?p=8189"},"modified":"2022-02-24T07:37:46","modified_gmt":"2022-02-24T10:37:46","slug":"palabras-del-padre-eustace-durante-su-visita-al-santisimo-sacramento","status":"publish","type":"post","link":"https:\/\/www.padreeustaquio.com.br\/es\/palabras-del-padre-eustace-durante-su-visita-al-santisimo-sacramento\/","title":{"rendered":"Palabras del Padre Eust\u00e1quio \u2013 Visita al Sant\u00edsimo Sacramento"},"content":{"rendered":"<p>El Sant\u00edsimo Sacramento es el Cuerpo de Jes\u00fas en la hostia consagrada, motivo de adoraci\u00f3n para nosotros los cat\u00f3licos. El Padre Eustaquio cultiv\u00f3 una gran devoci\u00f3n y adoraci\u00f3n por el Sant\u00edsimo Sacramento. En varias ocasiones, habl\u00f3 y escribi\u00f3 sobre esta devoci\u00f3n, dejando una extensa obra sobre el tema.<\/p>\n\n\n\n<p>Uno de los textos encontrados por el equipo que restaura y cataloga los objetos del Bendito revela parte de esta devoci\u00f3n. Lea el siguiente extracto:<\/p>\n\n\n\n<p><strong>Visita al Sant\u00edsimo Sacramento<\/strong><\/p>\n\n\n\n<p><em>La devoci\u00f3n al Sant\u00edsimo Sacramento del altar es tan santa y razonable, y da fruto en gracia de todo tipo, que me parece imposible que alguien con fe pueda descuidarla. Creer que Jes\u00fas est\u00e1 formalmente presente en el sagrario d\u00eda y noche, por amor a nosotros, esper\u00e1ndonos pacientemente, llam\u00e1ndonos con sus inspiraciones, habl\u00e1ndonos de amor, enriqueci\u00e9ndonos con dones, con una abundancia inagotable, \u00bfc\u00f3mo puede uno creer en todas estas maravillas de bondad y solo sentir una fr\u00eda indiferencia hacia quien las obra? <\/em><\/p>\n\n\n\n<p><em>Nunca hay devoci\u00f3n m\u00e1s s\u00f3lida que la de visitar el Sant\u00edsimo Sacramento. Se dice de un hombre santo que, cuando le preguntaron por qu\u00e9 pasaba tantas horas al pie del altar, respondi\u00f3: \u00abEs all\u00ed donde mi esp\u00edritu se abre a un nuevo aliento y fuerza\u00bb. El padre Coudrin, fundador de nuestra congregaci\u00f3n, incluso en prisi\u00f3n, adoraba las peque\u00f1as part\u00edculas que quedaban en el corporal. San Vicente Ferrer, tras largos trabajos, pasaba las noches en la iglesia o, a veces, en la puerta. Santo Tom\u00e1s de Aquino pon\u00eda la cabeza en el sagrario para recibir la luz de Dios. Hagamos una ley para visitar a Jes\u00fas.<\/em>.<\/p>\n\n\n\n<p><\/p>","protected":false},"excerpt":{"rendered":"<p>O Sant\u00edssimo Sacramento \u00e9 o Corpo de Jesus na h\u00f3stia consagrada, motivo de adora\u00e7\u00e3o para n\u00f3s cat\u00f3licos. E Padre Eust\u00e1quio nutria grande devo\u00e7\u00e3o e adora\u00e7\u00e3o ao Sant\u00edssimo. Em v\u00e1rios momentos, ele falou e escreveu sobre essa devo\u00e7\u00e3o, deixando um grande acervo sobre o tema. Um dos textos encontrados pela equipe que restaura e cataloga os objetos do Bem-aventurado traz um pouco dessa devo\u00e7\u00e3o do Bem-aventurado. Leia o trecho a seguir: Visita ao Sant\u00edssimo Sacramento A devo\u00e7\u00e3o ao Sant\u00edssimo Sacramento do altar \u00e9 t\u00e3o santa e razo\u00e1vel e se fecunda em gra\u00e7a de toda esp\u00e9cie que me parece imposs\u00edvel que algu\u00e9m [&hellip;]<\/p>\n","protected":false},"author":2,"featured_media":8190,"comment_status":"open","ping_status":"closed","sticky":false,"template":"","format":"standard","meta":{"_acf_changed":false,"footnotes":""},"categories":[611],"tags":[],"class_list":["post-8189","post","type-post","status-publish","format-standard","has-post-thumbnail","hentry","category-noticias"],"acf":[],"yoast_head":"<!-- This site is optimized with the Yoast SEO plugin v27.2 - https:\/\/yoast.com\/product\/yoast-seo-wordpress\/ -->\n<title>Palavras do Padre Eust\u00e1quio - Visita ao Sant\u00edssimo<\/title>\n<meta name=\"description\" content=\"O Sant\u00edssimo Sacramento \u00e9 o Corpo de Jesus na h\u00f3stia consagrada, motivo de adora\u00e7\u00e3o para n\u00f3s cat\u00f3licos. E Padre Eust\u00e1quio nutria grande devo\u00e7\u00e3o e adora\u00e7\u00e3o ao Sant\u00edssimo. Em v\u00e1rios momentos, ele falou e escreveu sobre essa devo\u00e7\u00e3o, deixando um grande acervo sobre o tema.\" \/>\n<meta name=\"robots\" content=\"index, follow, max-snippet:-1, max-image-preview:large, max-video-preview:-1\" \/>\n<link rel=\"canonical\" href=\"https:\/\/www.padreeustaquio.com.br\/es\/palabras-del-padre-eustace-durante-su-visita-al-santisimo-sacramento\/\" \/>\n<meta property=\"og:locale\" content=\"es_ES\" \/>\n<meta property=\"og:type\" content=\"article\" \/>\n<meta property=\"og:title\" content=\"Palavras do Padre Eust\u00e1quio - Visita ao Sant\u00edssimo\" \/>\n<meta property=\"og:description\" content=\"O Sant\u00edssimo Sacramento \u00e9 o Corpo de Jesus na h\u00f3stia consagrada, motivo de adora\u00e7\u00e3o para n\u00f3s cat\u00f3licos. E Padre Eust\u00e1quio nutria grande devo\u00e7\u00e3o e adora\u00e7\u00e3o ao Sant\u00edssimo. Em v\u00e1rios momentos, ele falou e escreveu sobre essa devo\u00e7\u00e3o, deixando um grande acervo sobre o tema.\" \/>\n<meta property=\"og:url\" content=\"https:\/\/www.padreeustaquio.com.br\/es\/palabras-del-padre-eustace-durante-su-visita-al-santisimo-sacramento\/\" \/>\n<meta property=\"og:site_name\" content=\"Padre Eust\u00e1quio\" \/>\n<meta property=\"article:publisher\" content=\"https:\/\/www.facebook.com\/beatopadreeustaquio\/\" \/>\n<meta property=\"article:published_time\" content=\"2022-02-24T10:37:43+00:00\" \/>\n<meta property=\"article:modified_time\" content=\"2022-02-24T10:37:46+00:00\" \/>\n<meta property=\"og:image\" content=\"https:\/\/www.padreeustaquio.com.br\/wp-content\/uploads\/2022\/02\/padre-eustaquio-e-a-visita-ao-santissimo.jpg\" \/>\n\t<meta property=\"og:image:width\" content=\"748\" \/>\n\t<meta property=\"og:image:height\" content=\"394\" \/>\n\t<meta property=\"og:image:type\" content=\"image\/jpeg\" \/>\n<meta name=\"author\" content=\"@sscc\" \/>\n<meta name=\"twitter:card\" content=\"summary_large_image\" \/>\n<meta name=\"twitter:creator\" content=\"@beatopeustaquio\" \/>\n<meta name=\"twitter:site\" content=\"@beatopeustaquio\" \/>\n<meta name=\"twitter:label1\" content=\"Escrito por\" \/>\n\t<meta name=\"twitter:data1\" content=\"@sscc\" \/>\n\t<meta name=\"twitter:label2\" content=\"Tiempo de lectura\" \/>\n\t<meta name=\"twitter:data2\" content=\"2 minutos\" \/>\n<script type=\"application\/ld+json\" class=\"yoast-schema-graph\">{\"@context\":\"https:\/\/schema.org\",\"@graph\":[{\"@type\":\"Article\",\"@id\":\"https:\/\/www.padreeustaquio.com.br\/palavras-do-padre-eustaquio-visita-ao-santissimo\/#article\",\"isPartOf\":{\"@id\":\"https:\/\/www.padreeustaquio.com.br\/palavras-do-padre-eustaquio-visita-ao-santissimo\/\"},\"author\":{\"name\":\"@sscc\",\"@id\":\"https:\/\/www.padreeustaquio.com.br\/#\/schema\/person\/a2a51db1d00f1a7af0204a0f1ddb1566\"},\"headline\":\"Palavras do Padre Eust\u00e1quio &#8211; Visita ao Sant\u00edssimo\",\"datePublished\":\"2022-02-24T10:37:43+00:00\",\"dateModified\":\"2022-02-24T10:37:46+00:00\",\"mainEntityOfPage\":{\"@id\":\"https:\/\/www.padreeustaquio.com.br\/palavras-do-padre-eustaquio-visita-ao-santissimo\/\"},\"wordCount\":305,\"commentCount\":0,\"publisher\":{\"@id\":\"https:\/\/www.padreeustaquio.com.br\/#organization\"},\"image\":{\"@id\":\"https:\/\/www.padreeustaquio.com.br\/palavras-do-padre-eustaquio-visita-ao-santissimo\/#primaryimage\"},\"thumbnailUrl\":\"https:\/\/www.padreeustaquio.com.br\/wp-content\/uploads\/2022\/02\/padre-eustaquio-e-a-visita-ao-santissimo.jpg\",\"articleSection\":[\"Not\u00edcias\"],\"inLanguage\":\"es\",\"potentialAction\":[{\"@type\":\"CommentAction\",\"name\":\"Comment\",\"target\":[\"https:\/\/www.padreeustaquio.com.br\/palavras-do-padre-eustaquio-visita-ao-santissimo\/#respond\"]}]},{\"@type\":\"WebPage\",\"@id\":\"https:\/\/www.padreeustaquio.com.br\/palavras-do-padre-eustaquio-visita-ao-santissimo\/\",\"url\":\"https:\/\/www.padreeustaquio.com.br\/palavras-do-padre-eustaquio-visita-ao-santissimo\/\",\"name\":\"Palavras do Padre Eust\u00e1quio - Visita ao Sant\u00edssimo\",\"isPartOf\":{\"@id\":\"https:\/\/www.padreeustaquio.com.br\/#website\"},\"primaryImageOfPage\":{\"@id\":\"https:\/\/www.padreeustaquio.com.br\/palavras-do-padre-eustaquio-visita-ao-santissimo\/#primaryimage\"},\"image\":{\"@id\":\"https:\/\/www.padreeustaquio.com.br\/palavras-do-padre-eustaquio-visita-ao-santissimo\/#primaryimage\"},\"thumbnailUrl\":\"https:\/\/www.padreeustaquio.com.br\/wp-content\/uploads\/2022\/02\/padre-eustaquio-e-a-visita-ao-santissimo.jpg\",\"datePublished\":\"2022-02-24T10:37:43+00:00\",\"dateModified\":\"2022-02-24T10:37:46+00:00\",\"description\":\"O Sant\u00edssimo Sacramento \u00e9 o Corpo de Jesus na h\u00f3stia consagrada, motivo de adora\u00e7\u00e3o para n\u00f3s cat\u00f3licos. E Padre Eust\u00e1quio nutria grande devo\u00e7\u00e3o e adora\u00e7\u00e3o ao Sant\u00edssimo. Em v\u00e1rios momentos, ele falou e escreveu sobre essa devo\u00e7\u00e3o, deixando um grande acervo sobre o tema.\",\"breadcrumb\":{\"@id\":\"https:\/\/www.padreeustaquio.com.br\/palavras-do-padre-eustaquio-visita-ao-santissimo\/#breadcrumb\"},\"inLanguage\":\"es\",\"potentialAction\":[{\"@type\":\"ReadAction\",\"target\":[\"https:\/\/www.padreeustaquio.com.br\/palavras-do-padre-eustaquio-visita-ao-santissimo\/\"]}]},{\"@type\":\"ImageObject\",\"inLanguage\":\"es\",\"@id\":\"https:\/\/www.padreeustaquio.com.br\/palavras-do-padre-eustaquio-visita-ao-santissimo\/#primaryimage\",\"url\":\"https:\/\/www.padreeustaquio.com.br\/wp-content\/uploads\/2022\/02\/padre-eustaquio-e-a-visita-ao-santissimo.jpg\",\"contentUrl\":\"https:\/\/www.padreeustaquio.com.br\/wp-content\/uploads\/2022\/02\/padre-eustaquio-e-a-visita-ao-santissimo.jpg\",\"width\":748,\"height\":394},{\"@type\":\"BreadcrumbList\",\"@id\":\"https:\/\/www.padreeustaquio.com.br\/palavras-do-padre-eustaquio-visita-ao-santissimo\/#breadcrumb\",\"itemListElement\":[{\"@type\":\"ListItem\",\"position\":1,\"name\":\"In\u00edcio\",\"item\":\"https:\/\/www.padreeustaquio.com.br\/\"},{\"@type\":\"ListItem\",\"position\":2,\"name\":\"Palavras do Padre Eust\u00e1quio &#8211; Visita ao Sant\u00edssimo\"}]},{\"@type\":\"WebSite\",\"@id\":\"https:\/\/www.padreeustaquio.com.br\/#website\",\"url\":\"https:\/\/www.padreeustaquio.com.br\/\",\"name\":\"Padre Eust\u00e1quio\",\"description\":\"Sa\u00fade e Paz\",\"publisher\":{\"@id\":\"https:\/\/www.padreeustaquio.com.br\/#organization\"},\"potentialAction\":[{\"@type\":\"SearchAction\",\"target\":{\"@type\":\"EntryPoint\",\"urlTemplate\":\"https:\/\/www.padreeustaquio.com.br\/?s={search_term_string}\"},\"query-input\":{\"@type\":\"PropertyValueSpecification\",\"valueRequired\":true,\"valueName\":\"search_term_string\"}}],\"inLanguage\":\"es\"},{\"@type\":\"Organization\",\"@id\":\"https:\/\/www.padreeustaquio.com.br\/#organization\",\"name\":\"Padre Eust\u00e1quio\",\"url\":\"https:\/\/www.padreeustaquio.com.br\/\",\"logo\":{\"@type\":\"ImageObject\",\"inLanguage\":\"es\",\"@id\":\"https:\/\/www.padreeustaquio.com.br\/#\/schema\/logo\/image\/\",\"url\":\"https:\/\/www.padreeustaquio.com.br\/wp-content\/uploads\/2019\/08\/marca.png\",\"contentUrl\":\"https:\/\/www.padreeustaquio.com.br\/wp-content\/uploads\/2019\/08\/marca.png\",\"width\":350,\"height\":400,\"caption\":\"Padre Eust\u00e1quio\"},\"image\":{\"@id\":\"https:\/\/www.padreeustaquio.com.br\/#\/schema\/logo\/image\/\"},\"sameAs\":[\"https:\/\/www.facebook.com\/beatopadreeustaquio\/\",\"https:\/\/x.com\/beatopeustaquio\",\"https:\/\/www.instagram.com\/beatopadreeustaquio\/\",\"https:\/\/www.youtube.com\/channel\/UCRhw7vfabnajwLxb1ZXMeIw\"]},{\"@type\":\"Person\",\"@id\":\"https:\/\/www.padreeustaquio.com.br\/#\/schema\/person\/a2a51db1d00f1a7af0204a0f1ddb1566\",\"name\":\"@sscc\",\"image\":{\"@type\":\"ImageObject\",\"inLanguage\":\"es\",\"@id\":\"https:\/\/secure.gravatar.com\/avatar\/68cfafa5f44617fea54071e215026e0ff06be366c3d54a8425f04fdcb86f8c5f?s=96&d=mm&r=g\",\"url\":\"https:\/\/secure.gravatar.com\/avatar\/68cfafa5f44617fea54071e215026e0ff06be366c3d54a8425f04fdcb86f8c5f?s=96&d=mm&r=g\",\"contentUrl\":\"https:\/\/secure.gravatar.com\/avatar\/68cfafa5f44617fea54071e215026e0ff06be366c3d54a8425f04fdcb86f8c5f?s=96&d=mm&r=g\",\"caption\":\"@sscc\"},\"url\":\"https:\/\/www.padreeustaquio.com.br\/es\/author\/sscc\/\"}]}<\/script>\n<!-- \/ Yoast SEO plugin. -->","yoast_head_json":{"title":"Palabras del Padre Eust\u00e1quio - Visita al Sant\u00edsimo Sacramento","description":"El Sant\u00edsimo Sacramento es el Cuerpo de Jes\u00fas en la hostia consagrada, motivo de adoraci\u00f3n para nosotros los cat\u00f3licos. El Padre Eustaquio cultiv\u00f3 una gran devoci\u00f3n y adoraci\u00f3n por el Sant\u00edsimo Sacramento. En varias ocasiones, habl\u00f3 y escribi\u00f3 sobre esta devoci\u00f3n, dejando una extensa obra sobre el tema.","robots":{"index":"index","follow":"follow","max-snippet":"max-snippet:-1","max-image-preview":"max-image-preview:large","max-video-preview":"max-video-preview:-1"},"canonical":"https:\/\/www.padreeustaquio.com.br\/es\/palabras-del-padre-eustace-durante-su-visita-al-santisimo-sacramento\/","og_locale":"es_ES","og_type":"article","og_title":"Palavras do Padre Eust\u00e1quio - Visita ao Sant\u00edssimo","og_description":"O Sant\u00edssimo Sacramento \u00e9 o Corpo de Jesus na h\u00f3stia consagrada, motivo de adora\u00e7\u00e3o para n\u00f3s cat\u00f3licos. E Padre Eust\u00e1quio nutria grande devo\u00e7\u00e3o e adora\u00e7\u00e3o ao Sant\u00edssimo. Em v\u00e1rios momentos, ele falou e escreveu sobre essa devo\u00e7\u00e3o, deixando um grande acervo sobre o tema.","og_url":"https:\/\/www.padreeustaquio.com.br\/es\/palabras-del-padre-eustace-durante-su-visita-al-santisimo-sacramento\/","og_site_name":"Padre Eust\u00e1quio","article_publisher":"https:\/\/www.facebook.com\/beatopadreeustaquio\/","article_published_time":"2022-02-24T10:37:43+00:00","article_modified_time":"2022-02-24T10:37:46+00:00","og_image":[{"width":748,"height":394,"url":"https:\/\/www.padreeustaquio.com.br\/wp-content\/uploads\/2022\/02\/padre-eustaquio-e-a-visita-ao-santissimo.jpg","type":"image\/jpeg"}],"author":"@sscc","twitter_card":"summary_large_image","twitter_creator":"@beatopeustaquio","twitter_site":"@beatopeustaquio","twitter_misc":{"Escrito por":"@sscc","Tiempo de lectura":"2 minutos"},"schema":{"@context":"https:\/\/schema.org","@graph":[{"@type":"Article","@id":"https:\/\/www.padreeustaquio.com.br\/palavras-do-padre-eustaquio-visita-ao-santissimo\/#article","isPartOf":{"@id":"https:\/\/www.padreeustaquio.com.br\/palavras-do-padre-eustaquio-visita-ao-santissimo\/"},"author":{"name":"@sscc","@id":"https:\/\/www.padreeustaquio.com.br\/#\/schema\/person\/a2a51db1d00f1a7af0204a0f1ddb1566"},"headline":"Palavras do Padre Eust\u00e1quio &#8211; Visita ao Sant\u00edssimo","datePublished":"2022-02-24T10:37:43+00:00","dateModified":"2022-02-24T10:37:46+00:00","mainEntityOfPage":{"@id":"https:\/\/www.padreeustaquio.com.br\/palavras-do-padre-eustaquio-visita-ao-santissimo\/"},"wordCount":305,"commentCount":0,"publisher":{"@id":"https:\/\/www.padreeustaquio.com.br\/#organization"},"image":{"@id":"https:\/\/www.padreeustaquio.com.br\/palavras-do-padre-eustaquio-visita-ao-santissimo\/#primaryimage"},"thumbnailUrl":"https:\/\/www.padreeustaquio.com.br\/wp-content\/uploads\/2022\/02\/padre-eustaquio-e-a-visita-ao-santissimo.jpg","articleSection":["Not\u00edcias"],"inLanguage":"es","potentialAction":[{"@type":"CommentAction","name":"Comment","target":["https:\/\/www.padreeustaquio.com.br\/palavras-do-padre-eustaquio-visita-ao-santissimo\/#respond"]}]},{"@type":"WebPage","@id":"https:\/\/www.padreeustaquio.com.br\/palavras-do-padre-eustaquio-visita-ao-santissimo\/","url":"https:\/\/www.padreeustaquio.com.br\/palavras-do-padre-eustaquio-visita-ao-santissimo\/","name":"Palabras del Padre Eust\u00e1quio - Visita al Sant\u00edsimo Sacramento","isPartOf":{"@id":"https:\/\/www.padreeustaquio.com.br\/#website"},"primaryImageOfPage":{"@id":"https:\/\/www.padreeustaquio.com.br\/palavras-do-padre-eustaquio-visita-ao-santissimo\/#primaryimage"},"image":{"@id":"https:\/\/www.padreeustaquio.com.br\/palavras-do-padre-eustaquio-visita-ao-santissimo\/#primaryimage"},"thumbnailUrl":"https:\/\/www.padreeustaquio.com.br\/wp-content\/uploads\/2022\/02\/padre-eustaquio-e-a-visita-ao-santissimo.jpg","datePublished":"2022-02-24T10:37:43+00:00","dateModified":"2022-02-24T10:37:46+00:00","description":"El Sant\u00edsimo Sacramento es el Cuerpo de Jes\u00fas en la hostia consagrada, motivo de adoraci\u00f3n para nosotros los cat\u00f3licos. El Padre Eustaquio cultiv\u00f3 una gran devoci\u00f3n y adoraci\u00f3n por el Sant\u00edsimo Sacramento. En varias ocasiones, habl\u00f3 y escribi\u00f3 sobre esta devoci\u00f3n, dejando una extensa obra sobre el tema.","breadcrumb":{"@id":"https:\/\/www.padreeustaquio.com.br\/palavras-do-padre-eustaquio-visita-ao-santissimo\/#breadcrumb"},"inLanguage":"es","potentialAction":[{"@type":"ReadAction","target":["https:\/\/www.padreeustaquio.com.br\/palavras-do-padre-eustaquio-visita-ao-santissimo\/"]}]},{"@type":"ImageObject","inLanguage":"es","@id":"https:\/\/www.padreeustaquio.com.br\/palavras-do-padre-eustaquio-visita-ao-santissimo\/#primaryimage","url":"https:\/\/www.padreeustaquio.com.br\/wp-content\/uploads\/2022\/02\/padre-eustaquio-e-a-visita-ao-santissimo.jpg","contentUrl":"https:\/\/www.padreeustaquio.com.br\/wp-content\/uploads\/2022\/02\/padre-eustaquio-e-a-visita-ao-santissimo.jpg","width":748,"height":394},{"@type":"BreadcrumbList","@id":"https:\/\/www.padreeustaquio.com.br\/palavras-do-padre-eustaquio-visita-ao-santissimo\/#breadcrumb","itemListElement":[{"@type":"ListItem","position":1,"name":"In\u00edcio","item":"https:\/\/www.padreeustaquio.com.br\/"},{"@type":"ListItem","position":2,"name":"Palavras do Padre Eust\u00e1quio &#8211; Visita ao Sant\u00edssimo"}]},{"@type":"WebSite","@id":"https:\/\/www.padreeustaquio.com.br\/#website","url":"https:\/\/www.padreeustaquio.com.br\/","name":"Padre Eustace","description":"Salud y Paz","publisher":{"@id":"https:\/\/www.padreeustaquio.com.br\/#organization"},"potentialAction":[{"@type":"SearchAction","target":{"@type":"EntryPoint","urlTemplate":"https:\/\/www.padreeustaquio.com.br\/?s={search_term_string}"},"query-input":{"@type":"PropertyValueSpecification","valueRequired":true,"valueName":"search_term_string"}}],"inLanguage":"es"},{"@type":"Organization","@id":"https:\/\/www.padreeustaquio.com.br\/#organization","name":"Padre Eustace","url":"https:\/\/www.padreeustaquio.com.br\/","logo":{"@type":"ImageObject","inLanguage":"es","@id":"https:\/\/www.padreeustaquio.com.br\/#\/schema\/logo\/image\/","url":"https:\/\/www.padreeustaquio.com.br\/wp-content\/uploads\/2019\/08\/marca.png","contentUrl":"https:\/\/www.padreeustaquio.com.br\/wp-content\/uploads\/2019\/08\/marca.png","width":350,"height":400,"caption":"Padre Eust\u00e1quio"},"image":{"@id":"https:\/\/www.padreeustaquio.com.br\/#\/schema\/logo\/image\/"},"sameAs":["https:\/\/www.facebook.com\/beatopadreeustaquio\/","https:\/\/x.com\/beatopeustaquio","https:\/\/www.instagram.com\/beatopadreeustaquio\/","https:\/\/www.youtube.com\/channel\/UCRhw7vfabnajwLxb1ZXMeIw"]},{"@type":"Person","@id":"https:\/\/www.padreeustaquio.com.br\/#\/schema\/person\/a2a51db1d00f1a7af0204a0f1ddb1566","name":"@sscc","image":{"@type":"ImageObject","inLanguage":"es","@id":"https:\/\/secure.gravatar.com\/avatar\/68cfafa5f44617fea54071e215026e0ff06be366c3d54a8425f04fdcb86f8c5f?s=96&d=mm&r=g","url":"https:\/\/secure.gravatar.com\/avatar\/68cfafa5f44617fea54071e215026e0ff06be366c3d54a8425f04fdcb86f8c5f?s=96&d=mm&r=g","contentUrl":"https:\/\/secure.gravatar.com\/avatar\/68cfafa5f44617fea54071e215026e0ff06be366c3d54a8425f04fdcb86f8c5f?s=96&d=mm&r=g","caption":"@sscc"},"url":"https:\/\/www.padreeustaquio.com.br\/es\/author\/sscc\/"}]}},"_links":{"self":[{"href":"https:\/\/www.padreeustaquio.com.br\/es\/wp-json\/wp\/v2\/posts\/8189","targetHints":{"allow":["GET"]}}],"collection":[{"href":"https:\/\/www.padreeustaquio.com.br\/es\/wp-json\/wp\/v2\/posts"}],"about":[{"href":"https:\/\/www.padreeustaquio.com.br\/es\/wp-json\/wp\/v2\/types\/post"}],"author":[{"embeddable":true,"href":"https:\/\/www.padreeustaquio.com.br\/es\/wp-json\/wp\/v2\/users\/2"}],"replies":[{"embeddable":true,"href":"https:\/\/www.padreeustaquio.com.br\/es\/wp-json\/wp\/v2\/comments?post=8189"}],"version-history":[{"count":0,"href":"https:\/\/www.padreeustaquio.com.br\/es\/wp-json\/wp\/v2\/posts\/8189\/revisions"}],"wp:featuredmedia":[{"embeddable":true,"href":"https:\/\/www.padreeustaquio.com.br\/es\/wp-json\/wp\/v2\/media\/8190"}],"wp:attachment":[{"href":"https:\/\/www.padreeustaquio.com.br\/es\/wp-json\/wp\/v2\/media?parent=8189"}],"wp:term":[{"taxonomy":"category","embeddable":true,"href":"https:\/\/www.padreeustaquio.com.br\/es\/wp-json\/wp\/v2\/categories?post=8189"},{"taxonomy":"post_tag","embeddable":true,"href":"https:\/\/www.padreeustaquio.com.br\/es\/wp-json\/wp\/v2\/tags?post=8189"}],"curies":[{"name":"wp","href":"https:\/\/api.w.org\/{rel}","templated":true}]}}