{"id":8178,"date":"2022-02-23T09:56:26","date_gmt":"2022-02-23T12:56:26","guid":{"rendered":"https:\/\/www.padreeustaquio.com.br\/?p=8178"},"modified":"2022-02-23T09:57:52","modified_gmt":"2022-02-23T12:57:52","slug":"el-papa-francisco-reconoce-las-virtudes-heroicas-de-la-hermana-beninda-de-minas-gerais","status":"publish","type":"post","link":"https:\/\/www.padreeustaquio.com.br\/es\/el-papa-francisco-reconoce-las-virtudes-heroicas-de-la-hermana-beninda-de-minas-gerais\/","title":{"rendered":"El Papa Francisco reconoce las \u201cVirtudes Heroicas\u201d de Sor Benigna de Minas Gerais."},"content":{"rendered":"<p>Con el reconocimiento de la Santa Sede, Maria Concei\u00e7\u00e3o dos Santos, Hermana Benigna, pasar\u00e1 a llamarse Venerable Hermana Benigna. Este es un paso importante en el proceso de beatificaci\u00f3n de la monja de Minas Gerais.<\/p>\n\n\n\n<p>El Arzobispo Metropolitano de Belo Horizonte, Dom Walmor de Oliveira Azevedo, agradece al Santo Padre: <em>\u201cDamos gracias a Dios por llenar los corazones con la fuerza de su amor y agradecemos, con gran alegr\u00eda, al Santo Padre Francisco la promulgaci\u00f3n hoy del Decreto que reconoce las virtudes heroicas de la Sierva de Dios, Hermana Benigna. Ahora, en camino hacia su beatificaci\u00f3n, Venerable Hermana Benigna. Otro paso muy importante en el proceso hasta llegar al paso decisivo de su beatificaci\u00f3n, una intenci\u00f3n por la que seguimos rezando y pidiendo con insistencia esta gracia. Con gran gratitud, me uno a cada uno de ustedes en oraci\u00f3n y comuni\u00f3n, especialmente con la Congregaci\u00f3n de las Hermanas Auxiliares de Nuestra Se\u00f1ora de la Piedad y AMAIBEM, amigas de Hermana Benigna, para celebrar este momento especial de gran alegr\u00eda. El proceso de beatificaci\u00f3n en curso, iniciado en la Arquidi\u00f3cesis de Belo Horizonte, demuestra que Hermana Benigna es una mujer admirable por su vida guiada por el amor al pr\u00f3jimo, especialmente a los enfermos y pobres. Una historia que nos revela el camino hacia la santidad, vivido y presenciado en la especialidad del amor fraterno. Hermana Benigna, De Minas Gerais, nacida en Diamantina, est\u00e1 presente en la vida de la Iglesia de Belo Horizonte y, de manera muy especial, en la vida de la gente sencilla y pobre, a quienes siempre ha acogido con amabilidad, generosidad, palabras de esperanza y testimonio de fe. Su virtud m\u00e1s destacada, la humildad, es un ejemplo de disc\u00edpula siempre fiel a las ense\u00f1anzas del Maestro Jes\u00fas, instando a otros a imitarla.\u201d<\/em>.<\/p>\n\n\n\n<h2 class=\"wp-block-heading\"><strong>Una vida dedicada a los pobres.<\/strong><\/h2>\n\n\n\n<p>Con el decreto papal, se reconocieron las virtudes heroicas de la Sierva de Dios Benigna V\u00edctima de Jes\u00fas, religiosa profesa de la Congregaci\u00f3n de las Hermanas Auxiliares de Nuestra Se\u00f1ora de la Misericordia. El proceso comenz\u00f3 en la Arquidi\u00f3cesis de Belo Horizonte el 15 de octubre de 2011, marcando la fase diocesana. La fase romana en el Vaticano comenz\u00f3 el 15 de abril de 2013.<\/p>\n\n\n\n<p>La caridad y la fortaleza fueron caracter\u00edsticas destacadas de la personalidad de Benigna V\u00edctima de Jes\u00fas, nacida como Mar\u00eda Concei\u00e7\u00e3o dos Santos el 16 de agosto de 1907 en Diamantina, Minas Gerais. A los 28 a\u00f1os, ingres\u00f3 en la Congregaci\u00f3n de las Hermanas Auxiliares de Nuestra Se\u00f1ora de la Piedad y se dedic\u00f3 a acoger a los pobres, humildes, enfermos y afligidos.<\/p>\n\n\n\n<p>La Hermana Benigna fue discriminada por el color de su piel, su apariencia f\u00edsica y diversas enfermedades, como la obesidad y los trastornos hormonales, que le causaron mucho sufrimiento. Ocult\u00f3 sus penas con su peculiar sentido del humor y su gracia, de la que extrajo fuerzas para superar las dificultades y seguir dedic\u00e1ndose a los dem\u00e1s, haciendo el bien.<\/p>\n\n\n\n<p>El 16 de octubre de 1981, tras una vida de dedicaci\u00f3n, entrega y generosidad, su inmenso coraz\u00f3n se detuvo. Falleci\u00f3 en silencio, en paz, luchando hasta el final, culminando su magn\u00edfica obra.<\/p>\n\n\n\n<p><\/p>\n\n\n\n<p>**Con informaci\u00f3n de <a href=\"https:\/\/arquidiocesebh.org.br\/noticias\/irma-benigna-virtudes-heroicas\/\" target=\"_blank\" rel=\"noreferrer noopener\">arquidiocesebh.org.br<\/a><\/p>\n\n\n\n<p><\/p>","protected":false},"excerpt":{"rendered":"<p>Com o reconhecimento da Santa S\u00e9, Maria Concei\u00e7\u00e3o dos Santos, a Irm\u00e3 Benigna, passa a ser chamada de Vener\u00e1vel Irm\u00e3 Benigna. O fato \u00e9 um passo importante no processo de beatifica\u00e7\u00e3o da freira mineira. O arcebispo metropolitano de Belo Horizonte dom Walmor de Oliveira Azevedo agradece\u00a0 ao Santo Padre: \u201cDamos gra\u00e7as a Deus por fecundar cora\u00e7\u00f5es com a for\u00e7a de seu amor e agradecemos, com muita alegria, ao Santo Padre Francisco pela promulga\u00e7\u00e3o, hoje, do Decreto reconhecendo as virtudes heroicas da Serva de Deus Irm\u00e3 Benigna. Agora, nos passos para sua beatifica\u00e7\u00e3o, Vener\u00e1vel Ir Benigna. Mais uma etapa important\u00edssima no [&hellip;]<\/p>\n","protected":false},"author":2,"featured_media":8179,"comment_status":"open","ping_status":"closed","sticky":false,"template":"","format":"standard","meta":{"_acf_changed":false,"footnotes":""},"categories":[611],"tags":[],"class_list":["post-8178","post","type-post","status-publish","format-standard","has-post-thumbnail","hentry","category-noticias"],"acf":[],"yoast_head":"<!-- This site is optimized with the Yoast SEO plugin v27.2 - https:\/\/yoast.com\/product\/yoast-seo-wordpress\/ -->\n<title>Papa Francisco reconhece &quot;Virturdes Heroicas&quot; da mineira Irm\u00e3 Benigna<\/title>\n<meta name=\"description\" content=\"Com o reconhecimento da Santa S\u00e9, Maria Concei\u00e7\u00e3o dos Santos, a Irm\u00e3 Benigna, passa a ser chamada de Vener\u00e1vel Irm\u00e3 Benigna. O fato \u00e9 um passo importante no processo de beatifica\u00e7\u00e3o da freira mineira.\" \/>\n<meta name=\"robots\" content=\"index, follow, max-snippet:-1, max-image-preview:large, max-video-preview:-1\" \/>\n<link rel=\"canonical\" href=\"https:\/\/www.padreeustaquio.com.br\/es\/el-papa-francisco-reconoce-las-virtudes-heroicas-de-la-hermana-beninda-de-minas-gerais\/\" \/>\n<meta property=\"og:locale\" content=\"es_ES\" \/>\n<meta property=\"og:type\" content=\"article\" \/>\n<meta property=\"og:title\" content=\"Papa Francisco reconhece &quot;Virturdes Heroicas&quot; da mineira Irm\u00e3 Benigna\" \/>\n<meta property=\"og:description\" content=\"Com o reconhecimento da Santa S\u00e9, Maria Concei\u00e7\u00e3o dos Santos, a Irm\u00e3 Benigna, passa a ser chamada de Vener\u00e1vel Irm\u00e3 Benigna. O fato \u00e9 um passo importante no processo de beatifica\u00e7\u00e3o da freira mineira.\" \/>\n<meta property=\"og:url\" content=\"https:\/\/www.padreeustaquio.com.br\/es\/el-papa-francisco-reconoce-las-virtudes-heroicas-de-la-hermana-beninda-de-minas-gerais\/\" \/>\n<meta property=\"og:site_name\" content=\"Padre Eust\u00e1quio\" \/>\n<meta property=\"article:publisher\" content=\"https:\/\/www.facebook.com\/beatopadreeustaquio\/\" \/>\n<meta property=\"article:published_time\" content=\"2022-02-23T12:56:26+00:00\" \/>\n<meta property=\"article:modified_time\" content=\"2022-02-23T12:57:52+00:00\" \/>\n<meta property=\"og:image\" content=\"https:\/\/www.padreeustaquio.com.br\/wp-content\/uploads\/2022\/02\/irma-benigna.jpg\" \/>\n\t<meta property=\"og:image:width\" content=\"748\" \/>\n\t<meta property=\"og:image:height\" content=\"394\" \/>\n\t<meta property=\"og:image:type\" content=\"image\/jpeg\" \/>\n<meta name=\"author\" content=\"@sscc\" \/>\n<meta name=\"twitter:card\" content=\"summary_large_image\" \/>\n<meta name=\"twitter:creator\" content=\"@beatopeustaquio\" \/>\n<meta name=\"twitter:site\" content=\"@beatopeustaquio\" \/>\n<meta name=\"twitter:label1\" content=\"Escrito por\" \/>\n\t<meta name=\"twitter:data1\" content=\"@sscc\" \/>\n\t<meta name=\"twitter:label2\" content=\"Tiempo de lectura\" \/>\n\t<meta name=\"twitter:data2\" content=\"3 minutos\" \/>\n<script type=\"application\/ld+json\" class=\"yoast-schema-graph\">{\"@context\":\"https:\/\/schema.org\",\"@graph\":[{\"@type\":\"Article\",\"@id\":\"https:\/\/www.padreeustaquio.com.br\/papa-francisco-reconhece-virturdes-heroicas-da-mineira-irma-benigna\/#article\",\"isPartOf\":{\"@id\":\"https:\/\/www.padreeustaquio.com.br\/papa-francisco-reconhece-virturdes-heroicas-da-mineira-irma-benigna\/\"},\"author\":{\"name\":\"@sscc\",\"@id\":\"https:\/\/www.padreeustaquio.com.br\/#\/schema\/person\/a2a51db1d00f1a7af0204a0f1ddb1566\"},\"headline\":\"Papa Francisco reconhece &#8220;Virturdes Heroicas&#8221; da mineira Irm\u00e3 Benigna\",\"datePublished\":\"2022-02-23T12:56:26+00:00\",\"dateModified\":\"2022-02-23T12:57:52+00:00\",\"mainEntityOfPage\":{\"@id\":\"https:\/\/www.padreeustaquio.com.br\/papa-francisco-reconhece-virturdes-heroicas-da-mineira-irma-benigna\/\"},\"wordCount\":529,\"commentCount\":0,\"publisher\":{\"@id\":\"https:\/\/www.padreeustaquio.com.br\/#organization\"},\"image\":{\"@id\":\"https:\/\/www.padreeustaquio.com.br\/papa-francisco-reconhece-virturdes-heroicas-da-mineira-irma-benigna\/#primaryimage\"},\"thumbnailUrl\":\"https:\/\/www.padreeustaquio.com.br\/wp-content\/uploads\/2022\/02\/irma-benigna.jpg\",\"articleSection\":[\"Not\u00edcias\"],\"inLanguage\":\"es\",\"potentialAction\":[{\"@type\":\"CommentAction\",\"name\":\"Comment\",\"target\":[\"https:\/\/www.padreeustaquio.com.br\/papa-francisco-reconhece-virturdes-heroicas-da-mineira-irma-benigna\/#respond\"]}]},{\"@type\":\"WebPage\",\"@id\":\"https:\/\/www.padreeustaquio.com.br\/papa-francisco-reconhece-virturdes-heroicas-da-mineira-irma-benigna\/\",\"url\":\"https:\/\/www.padreeustaquio.com.br\/papa-francisco-reconhece-virturdes-heroicas-da-mineira-irma-benigna\/\",\"name\":\"Papa Francisco reconhece \\\"Virturdes Heroicas\\\" da mineira Irm\u00e3 Benigna\",\"isPartOf\":{\"@id\":\"https:\/\/www.padreeustaquio.com.br\/#website\"},\"primaryImageOfPage\":{\"@id\":\"https:\/\/www.padreeustaquio.com.br\/papa-francisco-reconhece-virturdes-heroicas-da-mineira-irma-benigna\/#primaryimage\"},\"image\":{\"@id\":\"https:\/\/www.padreeustaquio.com.br\/papa-francisco-reconhece-virturdes-heroicas-da-mineira-irma-benigna\/#primaryimage\"},\"thumbnailUrl\":\"https:\/\/www.padreeustaquio.com.br\/wp-content\/uploads\/2022\/02\/irma-benigna.jpg\",\"datePublished\":\"2022-02-23T12:56:26+00:00\",\"dateModified\":\"2022-02-23T12:57:52+00:00\",\"description\":\"Com o reconhecimento da Santa S\u00e9, Maria Concei\u00e7\u00e3o dos Santos, a Irm\u00e3 Benigna, passa a ser chamada de Vener\u00e1vel Irm\u00e3 Benigna. O fato \u00e9 um passo importante no processo de beatifica\u00e7\u00e3o da freira mineira.\",\"breadcrumb\":{\"@id\":\"https:\/\/www.padreeustaquio.com.br\/papa-francisco-reconhece-virturdes-heroicas-da-mineira-irma-benigna\/#breadcrumb\"},\"inLanguage\":\"es\",\"potentialAction\":[{\"@type\":\"ReadAction\",\"target\":[\"https:\/\/www.padreeustaquio.com.br\/papa-francisco-reconhece-virturdes-heroicas-da-mineira-irma-benigna\/\"]}]},{\"@type\":\"ImageObject\",\"inLanguage\":\"es\",\"@id\":\"https:\/\/www.padreeustaquio.com.br\/papa-francisco-reconhece-virturdes-heroicas-da-mineira-irma-benigna\/#primaryimage\",\"url\":\"https:\/\/www.padreeustaquio.com.br\/wp-content\/uploads\/2022\/02\/irma-benigna.jpg\",\"contentUrl\":\"https:\/\/www.padreeustaquio.com.br\/wp-content\/uploads\/2022\/02\/irma-benigna.jpg\",\"width\":748,\"height\":394,\"caption\":\"Foto: Reprodu\u00e7\u00e3o A12.com\"},{\"@type\":\"BreadcrumbList\",\"@id\":\"https:\/\/www.padreeustaquio.com.br\/papa-francisco-reconhece-virturdes-heroicas-da-mineira-irma-benigna\/#breadcrumb\",\"itemListElement\":[{\"@type\":\"ListItem\",\"position\":1,\"name\":\"In\u00edcio\",\"item\":\"https:\/\/www.padreeustaquio.com.br\/\"},{\"@type\":\"ListItem\",\"position\":2,\"name\":\"Papa Francisco reconhece &#8220;Virturdes Heroicas&#8221; da mineira Irm\u00e3 Benigna\"}]},{\"@type\":\"WebSite\",\"@id\":\"https:\/\/www.padreeustaquio.com.br\/#website\",\"url\":\"https:\/\/www.padreeustaquio.com.br\/\",\"name\":\"Padre Eust\u00e1quio\",\"description\":\"Sa\u00fade e Paz\",\"publisher\":{\"@id\":\"https:\/\/www.padreeustaquio.com.br\/#organization\"},\"potentialAction\":[{\"@type\":\"SearchAction\",\"target\":{\"@type\":\"EntryPoint\",\"urlTemplate\":\"https:\/\/www.padreeustaquio.com.br\/?s={search_term_string}\"},\"query-input\":{\"@type\":\"PropertyValueSpecification\",\"valueRequired\":true,\"valueName\":\"search_term_string\"}}],\"inLanguage\":\"es\"},{\"@type\":\"Organization\",\"@id\":\"https:\/\/www.padreeustaquio.com.br\/#organization\",\"name\":\"Padre Eust\u00e1quio\",\"url\":\"https:\/\/www.padreeustaquio.com.br\/\",\"logo\":{\"@type\":\"ImageObject\",\"inLanguage\":\"es\",\"@id\":\"https:\/\/www.padreeustaquio.com.br\/#\/schema\/logo\/image\/\",\"url\":\"https:\/\/www.padreeustaquio.com.br\/wp-content\/uploads\/2019\/08\/marca.png\",\"contentUrl\":\"https:\/\/www.padreeustaquio.com.br\/wp-content\/uploads\/2019\/08\/marca.png\",\"width\":350,\"height\":400,\"caption\":\"Padre Eust\u00e1quio\"},\"image\":{\"@id\":\"https:\/\/www.padreeustaquio.com.br\/#\/schema\/logo\/image\/\"},\"sameAs\":[\"https:\/\/www.facebook.com\/beatopadreeustaquio\/\",\"https:\/\/x.com\/beatopeustaquio\",\"https:\/\/www.instagram.com\/beatopadreeustaquio\/\",\"https:\/\/www.youtube.com\/channel\/UCRhw7vfabnajwLxb1ZXMeIw\"]},{\"@type\":\"Person\",\"@id\":\"https:\/\/www.padreeustaquio.com.br\/#\/schema\/person\/a2a51db1d00f1a7af0204a0f1ddb1566\",\"name\":\"@sscc\",\"image\":{\"@type\":\"ImageObject\",\"inLanguage\":\"es\",\"@id\":\"https:\/\/secure.gravatar.com\/avatar\/68cfafa5f44617fea54071e215026e0ff06be366c3d54a8425f04fdcb86f8c5f?s=96&d=mm&r=g\",\"url\":\"https:\/\/secure.gravatar.com\/avatar\/68cfafa5f44617fea54071e215026e0ff06be366c3d54a8425f04fdcb86f8c5f?s=96&d=mm&r=g\",\"contentUrl\":\"https:\/\/secure.gravatar.com\/avatar\/68cfafa5f44617fea54071e215026e0ff06be366c3d54a8425f04fdcb86f8c5f?s=96&d=mm&r=g\",\"caption\":\"@sscc\"},\"url\":\"https:\/\/www.padreeustaquio.com.br\/es\/author\/sscc\/\"}]}<\/script>\n<!-- \/ Yoast SEO plugin. -->","yoast_head_json":{"title":"El Papa Francisco reconoce las \"Virtudes Heroicas\" de Sor Benigna de Minas Gerais.","description":"Con el reconocimiento de la Santa Sede, Maria Concei\u00e7\u00e3o dos Santos, Hermana Benigna, pasar\u00e1 a llamarse Venerable Hermana Benigna. Este es un paso importante en el proceso de beatificaci\u00f3n de la monja de Minas Gerais.","robots":{"index":"index","follow":"follow","max-snippet":"max-snippet:-1","max-image-preview":"max-image-preview:large","max-video-preview":"max-video-preview:-1"},"canonical":"https:\/\/www.padreeustaquio.com.br\/es\/el-papa-francisco-reconoce-las-virtudes-heroicas-de-la-hermana-beninda-de-minas-gerais\/","og_locale":"es_ES","og_type":"article","og_title":"Papa Francisco reconhece \"Virturdes Heroicas\" da mineira Irm\u00e3 Benigna","og_description":"Com o reconhecimento da Santa S\u00e9, Maria Concei\u00e7\u00e3o dos Santos, a Irm\u00e3 Benigna, passa a ser chamada de Vener\u00e1vel Irm\u00e3 Benigna. O fato \u00e9 um passo importante no processo de beatifica\u00e7\u00e3o da freira mineira.","og_url":"https:\/\/www.padreeustaquio.com.br\/es\/el-papa-francisco-reconoce-las-virtudes-heroicas-de-la-hermana-beninda-de-minas-gerais\/","og_site_name":"Padre Eust\u00e1quio","article_publisher":"https:\/\/www.facebook.com\/beatopadreeustaquio\/","article_published_time":"2022-02-23T12:56:26+00:00","article_modified_time":"2022-02-23T12:57:52+00:00","og_image":[{"width":748,"height":394,"url":"https:\/\/www.padreeustaquio.com.br\/wp-content\/uploads\/2022\/02\/irma-benigna.jpg","type":"image\/jpeg"}],"author":"@sscc","twitter_card":"summary_large_image","twitter_creator":"@beatopeustaquio","twitter_site":"@beatopeustaquio","twitter_misc":{"Escrito por":"@sscc","Tiempo de lectura":"3 minutos"},"schema":{"@context":"https:\/\/schema.org","@graph":[{"@type":"Article","@id":"https:\/\/www.padreeustaquio.com.br\/papa-francisco-reconhece-virturdes-heroicas-da-mineira-irma-benigna\/#article","isPartOf":{"@id":"https:\/\/www.padreeustaquio.com.br\/papa-francisco-reconhece-virturdes-heroicas-da-mineira-irma-benigna\/"},"author":{"name":"@sscc","@id":"https:\/\/www.padreeustaquio.com.br\/#\/schema\/person\/a2a51db1d00f1a7af0204a0f1ddb1566"},"headline":"Papa Francisco reconhece &#8220;Virturdes Heroicas&#8221; da mineira Irm\u00e3 Benigna","datePublished":"2022-02-23T12:56:26+00:00","dateModified":"2022-02-23T12:57:52+00:00","mainEntityOfPage":{"@id":"https:\/\/www.padreeustaquio.com.br\/papa-francisco-reconhece-virturdes-heroicas-da-mineira-irma-benigna\/"},"wordCount":529,"commentCount":0,"publisher":{"@id":"https:\/\/www.padreeustaquio.com.br\/#organization"},"image":{"@id":"https:\/\/www.padreeustaquio.com.br\/papa-francisco-reconhece-virturdes-heroicas-da-mineira-irma-benigna\/#primaryimage"},"thumbnailUrl":"https:\/\/www.padreeustaquio.com.br\/wp-content\/uploads\/2022\/02\/irma-benigna.jpg","articleSection":["Not\u00edcias"],"inLanguage":"es","potentialAction":[{"@type":"CommentAction","name":"Comment","target":["https:\/\/www.padreeustaquio.com.br\/papa-francisco-reconhece-virturdes-heroicas-da-mineira-irma-benigna\/#respond"]}]},{"@type":"WebPage","@id":"https:\/\/www.padreeustaquio.com.br\/papa-francisco-reconhece-virturdes-heroicas-da-mineira-irma-benigna\/","url":"https:\/\/www.padreeustaquio.com.br\/papa-francisco-reconhece-virturdes-heroicas-da-mineira-irma-benigna\/","name":"El Papa Francisco reconoce las \"Virtudes Heroicas\" de Sor Benigna de Minas Gerais.","isPartOf":{"@id":"https:\/\/www.padreeustaquio.com.br\/#website"},"primaryImageOfPage":{"@id":"https:\/\/www.padreeustaquio.com.br\/papa-francisco-reconhece-virturdes-heroicas-da-mineira-irma-benigna\/#primaryimage"},"image":{"@id":"https:\/\/www.padreeustaquio.com.br\/papa-francisco-reconhece-virturdes-heroicas-da-mineira-irma-benigna\/#primaryimage"},"thumbnailUrl":"https:\/\/www.padreeustaquio.com.br\/wp-content\/uploads\/2022\/02\/irma-benigna.jpg","datePublished":"2022-02-23T12:56:26+00:00","dateModified":"2022-02-23T12:57:52+00:00","description":"Con el reconocimiento de la Santa Sede, Maria Concei\u00e7\u00e3o dos Santos, Hermana Benigna, pasar\u00e1 a llamarse Venerable Hermana Benigna. Este es un paso importante en el proceso de beatificaci\u00f3n de la monja de Minas Gerais.","breadcrumb":{"@id":"https:\/\/www.padreeustaquio.com.br\/papa-francisco-reconhece-virturdes-heroicas-da-mineira-irma-benigna\/#breadcrumb"},"inLanguage":"es","potentialAction":[{"@type":"ReadAction","target":["https:\/\/www.padreeustaquio.com.br\/papa-francisco-reconhece-virturdes-heroicas-da-mineira-irma-benigna\/"]}]},{"@type":"ImageObject","inLanguage":"es","@id":"https:\/\/www.padreeustaquio.com.br\/papa-francisco-reconhece-virturdes-heroicas-da-mineira-irma-benigna\/#primaryimage","url":"https:\/\/www.padreeustaquio.com.br\/wp-content\/uploads\/2022\/02\/irma-benigna.jpg","contentUrl":"https:\/\/www.padreeustaquio.com.br\/wp-content\/uploads\/2022\/02\/irma-benigna.jpg","width":748,"height":394,"caption":"Foto: Reprodu\u00e7\u00e3o A12.com"},{"@type":"BreadcrumbList","@id":"https:\/\/www.padreeustaquio.com.br\/papa-francisco-reconhece-virturdes-heroicas-da-mineira-irma-benigna\/#breadcrumb","itemListElement":[{"@type":"ListItem","position":1,"name":"In\u00edcio","item":"https:\/\/www.padreeustaquio.com.br\/"},{"@type":"ListItem","position":2,"name":"Papa Francisco reconhece &#8220;Virturdes Heroicas&#8221; da mineira Irm\u00e3 Benigna"}]},{"@type":"WebSite","@id":"https:\/\/www.padreeustaquio.com.br\/#website","url":"https:\/\/www.padreeustaquio.com.br\/","name":"Padre Eustace","description":"Salud y Paz","publisher":{"@id":"https:\/\/www.padreeustaquio.com.br\/#organization"},"potentialAction":[{"@type":"SearchAction","target":{"@type":"EntryPoint","urlTemplate":"https:\/\/www.padreeustaquio.com.br\/?s={search_term_string}"},"query-input":{"@type":"PropertyValueSpecification","valueRequired":true,"valueName":"search_term_string"}}],"inLanguage":"es"},{"@type":"Organization","@id":"https:\/\/www.padreeustaquio.com.br\/#organization","name":"Padre Eustace","url":"https:\/\/www.padreeustaquio.com.br\/","logo":{"@type":"ImageObject","inLanguage":"es","@id":"https:\/\/www.padreeustaquio.com.br\/#\/schema\/logo\/image\/","url":"https:\/\/www.padreeustaquio.com.br\/wp-content\/uploads\/2019\/08\/marca.png","contentUrl":"https:\/\/www.padreeustaquio.com.br\/wp-content\/uploads\/2019\/08\/marca.png","width":350,"height":400,"caption":"Padre Eust\u00e1quio"},"image":{"@id":"https:\/\/www.padreeustaquio.com.br\/#\/schema\/logo\/image\/"},"sameAs":["https:\/\/www.facebook.com\/beatopadreeustaquio\/","https:\/\/x.com\/beatopeustaquio","https:\/\/www.instagram.com\/beatopadreeustaquio\/","https:\/\/www.youtube.com\/channel\/UCRhw7vfabnajwLxb1ZXMeIw"]},{"@type":"Person","@id":"https:\/\/www.padreeustaquio.com.br\/#\/schema\/person\/a2a51db1d00f1a7af0204a0f1ddb1566","name":"@sscc","image":{"@type":"ImageObject","inLanguage":"es","@id":"https:\/\/secure.gravatar.com\/avatar\/68cfafa5f44617fea54071e215026e0ff06be366c3d54a8425f04fdcb86f8c5f?s=96&d=mm&r=g","url":"https:\/\/secure.gravatar.com\/avatar\/68cfafa5f44617fea54071e215026e0ff06be366c3d54a8425f04fdcb86f8c5f?s=96&d=mm&r=g","contentUrl":"https:\/\/secure.gravatar.com\/avatar\/68cfafa5f44617fea54071e215026e0ff06be366c3d54a8425f04fdcb86f8c5f?s=96&d=mm&r=g","caption":"@sscc"},"url":"https:\/\/www.padreeustaquio.com.br\/es\/author\/sscc\/"}]}},"_links":{"self":[{"href":"https:\/\/www.padreeustaquio.com.br\/es\/wp-json\/wp\/v2\/posts\/8178","targetHints":{"allow":["GET"]}}],"collection":[{"href":"https:\/\/www.padreeustaquio.com.br\/es\/wp-json\/wp\/v2\/posts"}],"about":[{"href":"https:\/\/www.padreeustaquio.com.br\/es\/wp-json\/wp\/v2\/types\/post"}],"author":[{"embeddable":true,"href":"https:\/\/www.padreeustaquio.com.br\/es\/wp-json\/wp\/v2\/users\/2"}],"replies":[{"embeddable":true,"href":"https:\/\/www.padreeustaquio.com.br\/es\/wp-json\/wp\/v2\/comments?post=8178"}],"version-history":[{"count":0,"href":"https:\/\/www.padreeustaquio.com.br\/es\/wp-json\/wp\/v2\/posts\/8178\/revisions"}],"wp:featuredmedia":[{"embeddable":true,"href":"https:\/\/www.padreeustaquio.com.br\/es\/wp-json\/wp\/v2\/media\/8179"}],"wp:attachment":[{"href":"https:\/\/www.padreeustaquio.com.br\/es\/wp-json\/wp\/v2\/media?parent=8178"}],"wp:term":[{"taxonomy":"category","embeddable":true,"href":"https:\/\/www.padreeustaquio.com.br\/es\/wp-json\/wp\/v2\/categories?post=8178"},{"taxonomy":"post_tag","embeddable":true,"href":"https:\/\/www.padreeustaquio.com.br\/es\/wp-json\/wp\/v2\/tags?post=8178"}],"curies":[{"name":"wp","href":"https:\/\/api.w.org\/{rel}","templated":true}]}}