{"id":8160,"date":"2022-02-21T05:44:00","date_gmt":"2022-02-21T08:44:00","guid":{"rendered":"https:\/\/www.padreeustaquio.com.br\/?p=8160"},"modified":"2022-02-20T20:13:43","modified_gmt":"2022-02-20T23:13:43","slug":"una-parroquia-de-belo-horizonte-recibe-una-reliquia-del-padre-eustaquio-para-su-nueva-iglesia","status":"publish","type":"post","link":"https:\/\/www.padreeustaquio.com.br\/es\/una-parroquia-de-belo-horizonte-recibe-una-reliquia-del-padre-eustaquio-para-su-nueva-iglesia\/","title":{"rendered":"Parroquia de Belo Horizonte recibe reliquia del Padre Eust\u00e1quio para nueva iglesia."},"content":{"rendered":"<p>La Parroquia de San Antonio de Venda Nova, en Belo Horizonte, recibi\u00f3 este domingo 20 una reliquia de primer grado del Beato Padre Eustaquio. El vicepostulador, Padre Vin\u00edcius Maciel, ss.cc., fue quien entreg\u00f3 la Sagrada Reliquia durante la Santa Misa presidida por \u00e9l en la iglesia temporal.<\/p>\n\n\n\n<div class=\"wp-block-image\"><figure class=\"alignleft size-medium\"><img fetchpriority=\"high\" decoding=\"async\" width=\"300\" height=\"200\" src=\"https:\/\/www.padreeustaquio.com.br\/wp-content\/uploads\/2022\/02\/Reliquia-entregue-a-Paroquia-Santo-Antonio-de-Venda-Nova-300x200.jpeg\" alt=\"\" class=\"wp-image-8162\" srcset=\"https:\/\/www.padreeustaquio.com.br\/wp-content\/uploads\/2022\/02\/Reliquia-entregue-a-Paroquia-Santo-Antonio-de-Venda-Nova-300x200.jpeg 300w, https:\/\/www.padreeustaquio.com.br\/wp-content\/uploads\/2022\/02\/Reliquia-entregue-a-Paroquia-Santo-Antonio-de-Venda-Nova-1024x682.jpeg 1024w, https:\/\/www.padreeustaquio.com.br\/wp-content\/uploads\/2022\/02\/Reliquia-entregue-a-Paroquia-Santo-Antonio-de-Venda-Nova-768x512.jpeg 768w, https:\/\/www.padreeustaquio.com.br\/wp-content\/uploads\/2022\/02\/Reliquia-entregue-a-Paroquia-Santo-Antonio-de-Venda-Nova.jpeg 1280w\" sizes=\"(max-width: 300px) 100vw, 300px\" \/><figcaption>Reliquia entregada a la Parroquia de San Antonio de Venda Nova<\/figcaption><\/figure><\/div>\n\n\n\n<p>Adem\u00e1s del vicepostulador, a la celebraci\u00f3n asistieron una familia directamente involucrada en el proceso de canonizaci\u00f3n, el investigador y custodio del archivo del Padre Eust\u00e1quio, Leandro Castro, y los postuladores de la Congregaci\u00f3n de los Sagrados Corazones, la misma congregaci\u00f3n del Beato. Todos fueron recibidos y acogidos por el p\u00e1rroco, Padre Jos\u00e9 Alves de Deus (Padre Zezinho), y toda la comunidad.<\/p>\n\n\n\n<p>Durante la Santa Misa, los feligreses de Venda Nova pudieron conocer un poco m\u00e1s sobre la vida de santidad del Padre Eust\u00e1quio. La celebraci\u00f3n se transmiti\u00f3 por el canal de YouTube de la parroquia Santo Ant\u00f4nio de Venda Nova (<a href=\"https:\/\/www.youtube.com\/watch?v=09zPhSe_2kQ\" target=\"_blank\" rel=\"noreferrer noopener\">Mira aqu\u00ed<\/a>El Padre Vinicius tom\u00f3 el malet\u00edn con otras reliquias del Padre Eustaquio y dej\u00f3 una reliquia de primer grado, llamada Ex-ossibus (tomada de los huesos del Beato), debidamente certificada por el Secretariado Nacional para la Causa de Canonizaci\u00f3n. <\/p>\n\n\n\n<p><strong>La nueva Iglesia de San Antonio de Venda Nova<\/strong><\/p>\n\n\n\n<div class=\"wp-block-image\"><figure class=\"alignleft size-medium\"><img decoding=\"async\" width=\"300\" height=\"200\" src=\"https:\/\/www.padreeustaquio.com.br\/wp-content\/uploads\/2022\/02\/A-construcao-da-nova-matriz-ao-lado-da-provisoria-300x200.jpeg\" alt=\"\" class=\"wp-image-8163\" srcset=\"https:\/\/www.padreeustaquio.com.br\/wp-content\/uploads\/2022\/02\/A-construcao-da-nova-matriz-ao-lado-da-provisoria-300x200.jpeg 300w, https:\/\/www.padreeustaquio.com.br\/wp-content\/uploads\/2022\/02\/A-construcao-da-nova-matriz-ao-lado-da-provisoria-1024x682.jpeg 1024w, https:\/\/www.padreeustaquio.com.br\/wp-content\/uploads\/2022\/02\/A-construcao-da-nova-matriz-ao-lado-da-provisoria-768x512.jpeg 768w, https:\/\/www.padreeustaquio.com.br\/wp-content\/uploads\/2022\/02\/A-construcao-da-nova-matriz-ao-lado-da-provisoria.jpeg 1280w\" sizes=\"(max-width: 300px) 100vw, 300px\" \/><\/figure><\/div>\n\n\n\n<p>La comunidad ha estado construyendo la nueva Parroquia de Santo Ant\u00f4nio de Venda Nova desde 2018, y la obra ya se encuentra en una fase avanzada. La Sagrada Reliquia del Beato Padre Eust\u00e1quio formar\u00e1 parte del altar de la nueva iglesia, una antigua tradici\u00f3n de la Iglesia Cat\u00f3lica de colocar reliquias de santos o beatos reconocidos por la Santa Sede en el altar donde se celebrar\u00e1n las celebraciones.<\/p>\n\n\n\n<p>La Iglesia de San Antonio de Venda Nova est\u00e1 situada en el barrio del mismo nombre, en la regi\u00f3n norte de Belo Horizonte, y es una de las 273 parroquias de la Arquidi\u00f3cesis de la capital de Minas Gerais.<\/p>\n\n\n\n<p><\/p>","protected":false},"excerpt":{"rendered":"<p>A Par\u00f3quia Santo Ant\u00f4nio de Venda Nova, em Belo Horizonte, recebeu, esse domingo (dia 20), uma rel\u00edquia de primeiro grau do Bem-Aventurado Padre Eust\u00e1quio. O vice-postulador, Padre Vin\u00edcius Maciel, ss.cc., foi quem entregou a Sagrada Rel\u00edquia durante a Santa Missa presidida por ele na igreja provis\u00f3ria. Al\u00e9m do vice-postulador, a celebra\u00e7\u00e3o contou com a participa\u00e7\u00e3o de uma fam\u00edlia que est\u00e1 diretamente ligada ao processo de Canoniza\u00e7\u00e3o, do pesquisador e respons\u00e1vel pelo acervo do Padre Eust\u00e1quio, Leandro Castro e dos postuladores da Congrega\u00e7\u00e3o dos Sagrados Cora\u00e7\u00f5es, mesma congrega\u00e7\u00e3o do Beato. Todos foram recebidos e acolhidos pelo p\u00e1roco, Pe. Jos\u00e9 Alves de [&hellip;]<\/p>\n","protected":false},"author":2,"featured_media":8161,"comment_status":"open","ping_status":"closed","sticky":false,"template":"","format":"standard","meta":{"_acf_changed":false,"footnotes":""},"categories":[611],"tags":[],"class_list":["post-8160","post","type-post","status-publish","format-standard","has-post-thumbnail","hentry","category-noticias"],"acf":[],"yoast_head":"<!-- This site is optimized with the Yoast SEO plugin v27.2 - https:\/\/yoast.com\/product\/yoast-seo-wordpress\/ -->\n<title>Par\u00f3quia de BH recebe rel\u00edquia de Padre Eust\u00e1quio para nova matriz<\/title>\n<meta name=\"description\" content=\"A Par\u00f3quia Santo Ant\u00f4nio de Venda Nova, em Belo Horizonte, recebeu, esse domingo (dia 20), uma rel\u00edquia de primeiro grau do Bem-Aventurado Padre Eust\u00e1quio. O vice-postulador, Padre Vin\u00edcius Maciel, ss.cc., foi quem entregou a Sagrada Rel\u00edquia durante a Santa Missa presidida por ele na igreja provis\u00f3ria.\" \/>\n<meta name=\"robots\" content=\"index, follow, max-snippet:-1, max-image-preview:large, max-video-preview:-1\" \/>\n<link rel=\"canonical\" href=\"https:\/\/www.padreeustaquio.com.br\/es\/una-parroquia-de-belo-horizonte-recibe-una-reliquia-del-padre-eustaquio-para-su-nueva-iglesia\/\" \/>\n<meta property=\"og:locale\" content=\"es_ES\" \/>\n<meta property=\"og:type\" content=\"article\" \/>\n<meta property=\"og:title\" content=\"Par\u00f3quia de BH recebe rel\u00edquia de Padre Eust\u00e1quio para nova matriz\" \/>\n<meta property=\"og:description\" content=\"A Par\u00f3quia Santo Ant\u00f4nio de Venda Nova, em Belo Horizonte, recebeu, esse domingo (dia 20), uma rel\u00edquia de primeiro grau do Bem-Aventurado Padre Eust\u00e1quio. O vice-postulador, Padre Vin\u00edcius Maciel, ss.cc., foi quem entregou a Sagrada Rel\u00edquia durante a Santa Missa presidida por ele na igreja provis\u00f3ria.\" \/>\n<meta property=\"og:url\" content=\"https:\/\/www.padreeustaquio.com.br\/es\/una-parroquia-de-belo-horizonte-recibe-una-reliquia-del-padre-eustaquio-para-su-nueva-iglesia\/\" \/>\n<meta property=\"og:site_name\" content=\"Padre Eust\u00e1quio\" \/>\n<meta property=\"article:publisher\" content=\"https:\/\/www.facebook.com\/beatopadreeustaquio\/\" \/>\n<meta property=\"article:published_time\" content=\"2022-02-21T08:44:00+00:00\" \/>\n<meta property=\"og:image\" content=\"https:\/\/www.padreeustaquio.com.br\/wp-content\/uploads\/2022\/02\/Padre-Vinicus-Maciel-sscc-entrega-a-reliquia-e-o-certificado-nas-maos-do-Pe.-Zezinho.jpeg\" \/>\n\t<meta property=\"og:image:width\" content=\"1280\" \/>\n\t<meta property=\"og:image:height\" content=\"853\" \/>\n\t<meta property=\"og:image:type\" content=\"image\/jpeg\" \/>\n<meta name=\"author\" content=\"@sscc\" \/>\n<meta name=\"twitter:card\" content=\"summary_large_image\" \/>\n<meta name=\"twitter:creator\" content=\"@beatopeustaquio\" \/>\n<meta name=\"twitter:site\" content=\"@beatopeustaquio\" \/>\n<meta name=\"twitter:label1\" content=\"Escrito por\" \/>\n\t<meta name=\"twitter:data1\" content=\"@sscc\" \/>\n\t<meta name=\"twitter:label2\" content=\"Tiempo de lectura\" \/>\n\t<meta name=\"twitter:data2\" content=\"2 minutos\" \/>\n<script type=\"application\/ld+json\" class=\"yoast-schema-graph\">{\"@context\":\"https:\/\/schema.org\",\"@graph\":[{\"@type\":\"Article\",\"@id\":\"https:\/\/www.padreeustaquio.com.br\/paroquia-de-bh-recebe-reliquia-de-padre-eustaquio-para-nova-matriz\/#article\",\"isPartOf\":{\"@id\":\"https:\/\/www.padreeustaquio.com.br\/paroquia-de-bh-recebe-reliquia-de-padre-eustaquio-para-nova-matriz\/\"},\"author\":{\"name\":\"@sscc\",\"@id\":\"https:\/\/www.padreeustaquio.com.br\/#\/schema\/person\/a2a51db1d00f1a7af0204a0f1ddb1566\"},\"headline\":\"Par\u00f3quia de BH recebe rel\u00edquia de Padre Eust\u00e1quio para nova matriz\",\"datePublished\":\"2022-02-21T08:44:00+00:00\",\"mainEntityOfPage\":{\"@id\":\"https:\/\/www.padreeustaquio.com.br\/paroquia-de-bh-recebe-reliquia-de-padre-eustaquio-para-nova-matriz\/\"},\"wordCount\":347,\"commentCount\":0,\"publisher\":{\"@id\":\"https:\/\/www.padreeustaquio.com.br\/#organization\"},\"image\":{\"@id\":\"https:\/\/www.padreeustaquio.com.br\/paroquia-de-bh-recebe-reliquia-de-padre-eustaquio-para-nova-matriz\/#primaryimage\"},\"thumbnailUrl\":\"https:\/\/www.padreeustaquio.com.br\/wp-content\/uploads\/2022\/02\/Padre-Vinicus-Maciel-sscc-entrega-a-reliquia-e-o-certificado-nas-maos-do-Pe.-Zezinho.jpeg\",\"articleSection\":[\"Not\u00edcias\"],\"inLanguage\":\"es\",\"potentialAction\":[{\"@type\":\"CommentAction\",\"name\":\"Comment\",\"target\":[\"https:\/\/www.padreeustaquio.com.br\/paroquia-de-bh-recebe-reliquia-de-padre-eustaquio-para-nova-matriz\/#respond\"]}]},{\"@type\":\"WebPage\",\"@id\":\"https:\/\/www.padreeustaquio.com.br\/paroquia-de-bh-recebe-reliquia-de-padre-eustaquio-para-nova-matriz\/\",\"url\":\"https:\/\/www.padreeustaquio.com.br\/paroquia-de-bh-recebe-reliquia-de-padre-eustaquio-para-nova-matriz\/\",\"name\":\"Par\u00f3quia de BH recebe rel\u00edquia de Padre Eust\u00e1quio para nova matriz\",\"isPartOf\":{\"@id\":\"https:\/\/www.padreeustaquio.com.br\/#website\"},\"primaryImageOfPage\":{\"@id\":\"https:\/\/www.padreeustaquio.com.br\/paroquia-de-bh-recebe-reliquia-de-padre-eustaquio-para-nova-matriz\/#primaryimage\"},\"image\":{\"@id\":\"https:\/\/www.padreeustaquio.com.br\/paroquia-de-bh-recebe-reliquia-de-padre-eustaquio-para-nova-matriz\/#primaryimage\"},\"thumbnailUrl\":\"https:\/\/www.padreeustaquio.com.br\/wp-content\/uploads\/2022\/02\/Padre-Vinicus-Maciel-sscc-entrega-a-reliquia-e-o-certificado-nas-maos-do-Pe.-Zezinho.jpeg\",\"datePublished\":\"2022-02-21T08:44:00+00:00\",\"description\":\"A Par\u00f3quia Santo Ant\u00f4nio de Venda Nova, em Belo Horizonte, recebeu, esse domingo (dia 20), uma rel\u00edquia de primeiro grau do Bem-Aventurado Padre Eust\u00e1quio. O vice-postulador, Padre Vin\u00edcius Maciel, ss.cc., foi quem entregou a Sagrada Rel\u00edquia durante a Santa Missa presidida por ele na igreja provis\u00f3ria.\",\"breadcrumb\":{\"@id\":\"https:\/\/www.padreeustaquio.com.br\/paroquia-de-bh-recebe-reliquia-de-padre-eustaquio-para-nova-matriz\/#breadcrumb\"},\"inLanguage\":\"es\",\"potentialAction\":[{\"@type\":\"ReadAction\",\"target\":[\"https:\/\/www.padreeustaquio.com.br\/paroquia-de-bh-recebe-reliquia-de-padre-eustaquio-para-nova-matriz\/\"]}]},{\"@type\":\"ImageObject\",\"inLanguage\":\"es\",\"@id\":\"https:\/\/www.padreeustaquio.com.br\/paroquia-de-bh-recebe-reliquia-de-padre-eustaquio-para-nova-matriz\/#primaryimage\",\"url\":\"https:\/\/www.padreeustaquio.com.br\/wp-content\/uploads\/2022\/02\/Padre-Vinicus-Maciel-sscc-entrega-a-reliquia-e-o-certificado-nas-maos-do-Pe.-Zezinho.jpeg\",\"contentUrl\":\"https:\/\/www.padreeustaquio.com.br\/wp-content\/uploads\/2022\/02\/Padre-Vinicus-Maciel-sscc-entrega-a-reliquia-e-o-certificado-nas-maos-do-Pe.-Zezinho.jpeg\",\"width\":1280,\"height\":853,\"caption\":\"Padre Vin\u00edcus Maciel, sscc, entrega a rel\u00edquia e o certificado nas m\u00e3os do Pe. Zezinho\"},{\"@type\":\"BreadcrumbList\",\"@id\":\"https:\/\/www.padreeustaquio.com.br\/paroquia-de-bh-recebe-reliquia-de-padre-eustaquio-para-nova-matriz\/#breadcrumb\",\"itemListElement\":[{\"@type\":\"ListItem\",\"position\":1,\"name\":\"In\u00edcio\",\"item\":\"https:\/\/www.padreeustaquio.com.br\/\"},{\"@type\":\"ListItem\",\"position\":2,\"name\":\"Par\u00f3quia de BH recebe rel\u00edquia de Padre Eust\u00e1quio para nova matriz\"}]},{\"@type\":\"WebSite\",\"@id\":\"https:\/\/www.padreeustaquio.com.br\/#website\",\"url\":\"https:\/\/www.padreeustaquio.com.br\/\",\"name\":\"Padre Eust\u00e1quio\",\"description\":\"Sa\u00fade e Paz\",\"publisher\":{\"@id\":\"https:\/\/www.padreeustaquio.com.br\/#organization\"},\"potentialAction\":[{\"@type\":\"SearchAction\",\"target\":{\"@type\":\"EntryPoint\",\"urlTemplate\":\"https:\/\/www.padreeustaquio.com.br\/?s={search_term_string}\"},\"query-input\":{\"@type\":\"PropertyValueSpecification\",\"valueRequired\":true,\"valueName\":\"search_term_string\"}}],\"inLanguage\":\"es\"},{\"@type\":\"Organization\",\"@id\":\"https:\/\/www.padreeustaquio.com.br\/#organization\",\"name\":\"Padre Eust\u00e1quio\",\"url\":\"https:\/\/www.padreeustaquio.com.br\/\",\"logo\":{\"@type\":\"ImageObject\",\"inLanguage\":\"es\",\"@id\":\"https:\/\/www.padreeustaquio.com.br\/#\/schema\/logo\/image\/\",\"url\":\"https:\/\/www.padreeustaquio.com.br\/wp-content\/uploads\/2019\/08\/marca.png\",\"contentUrl\":\"https:\/\/www.padreeustaquio.com.br\/wp-content\/uploads\/2019\/08\/marca.png\",\"width\":350,\"height\":400,\"caption\":\"Padre Eust\u00e1quio\"},\"image\":{\"@id\":\"https:\/\/www.padreeustaquio.com.br\/#\/schema\/logo\/image\/\"},\"sameAs\":[\"https:\/\/www.facebook.com\/beatopadreeustaquio\/\",\"https:\/\/x.com\/beatopeustaquio\",\"https:\/\/www.instagram.com\/beatopadreeustaquio\/\",\"https:\/\/www.youtube.com\/channel\/UCRhw7vfabnajwLxb1ZXMeIw\"]},{\"@type\":\"Person\",\"@id\":\"https:\/\/www.padreeustaquio.com.br\/#\/schema\/person\/a2a51db1d00f1a7af0204a0f1ddb1566\",\"name\":\"@sscc\",\"image\":{\"@type\":\"ImageObject\",\"inLanguage\":\"es\",\"@id\":\"https:\/\/secure.gravatar.com\/avatar\/68cfafa5f44617fea54071e215026e0ff06be366c3d54a8425f04fdcb86f8c5f?s=96&d=mm&r=g\",\"url\":\"https:\/\/secure.gravatar.com\/avatar\/68cfafa5f44617fea54071e215026e0ff06be366c3d54a8425f04fdcb86f8c5f?s=96&d=mm&r=g\",\"contentUrl\":\"https:\/\/secure.gravatar.com\/avatar\/68cfafa5f44617fea54071e215026e0ff06be366c3d54a8425f04fdcb86f8c5f?s=96&d=mm&r=g\",\"caption\":\"@sscc\"},\"url\":\"https:\/\/www.padreeustaquio.com.br\/es\/author\/sscc\/\"}]}<\/script>\n<!-- \/ Yoast SEO plugin. -->","yoast_head_json":{"title":"Parroquia de Belo Horizonte recibe reliquia del Padre Eust\u00e1quio para nueva iglesia.","description":"La Parroquia de San Antonio de Venda Nova, en Belo Horizonte, recibi\u00f3 este domingo 20 una reliquia de primer grado del Beato Padre Eustaquio. El vicepostulador, Padre Vin\u00edcius Maciel, ss.cc., fue quien entreg\u00f3 la Sagrada Reliquia durante la Santa Misa presidida por \u00e9l en la iglesia temporal.","robots":{"index":"index","follow":"follow","max-snippet":"max-snippet:-1","max-image-preview":"max-image-preview:large","max-video-preview":"max-video-preview:-1"},"canonical":"https:\/\/www.padreeustaquio.com.br\/es\/una-parroquia-de-belo-horizonte-recibe-una-reliquia-del-padre-eustaquio-para-su-nueva-iglesia\/","og_locale":"es_ES","og_type":"article","og_title":"Par\u00f3quia de BH recebe rel\u00edquia de Padre Eust\u00e1quio para nova matriz","og_description":"A Par\u00f3quia Santo Ant\u00f4nio de Venda Nova, em Belo Horizonte, recebeu, esse domingo (dia 20), uma rel\u00edquia de primeiro grau do Bem-Aventurado Padre Eust\u00e1quio. O vice-postulador, Padre Vin\u00edcius Maciel, ss.cc., foi quem entregou a Sagrada Rel\u00edquia durante a Santa Missa presidida por ele na igreja provis\u00f3ria.","og_url":"https:\/\/www.padreeustaquio.com.br\/es\/una-parroquia-de-belo-horizonte-recibe-una-reliquia-del-padre-eustaquio-para-su-nueva-iglesia\/","og_site_name":"Padre Eust\u00e1quio","article_publisher":"https:\/\/www.facebook.com\/beatopadreeustaquio\/","article_published_time":"2022-02-21T08:44:00+00:00","og_image":[{"width":1280,"height":853,"url":"https:\/\/www.padreeustaquio.com.br\/wp-content\/uploads\/2022\/02\/Padre-Vinicus-Maciel-sscc-entrega-a-reliquia-e-o-certificado-nas-maos-do-Pe.-Zezinho.jpeg","type":"image\/jpeg"}],"author":"@sscc","twitter_card":"summary_large_image","twitter_creator":"@beatopeustaquio","twitter_site":"@beatopeustaquio","twitter_misc":{"Escrito por":"@sscc","Tiempo de lectura":"2 minutos"},"schema":{"@context":"https:\/\/schema.org","@graph":[{"@type":"Article","@id":"https:\/\/www.padreeustaquio.com.br\/paroquia-de-bh-recebe-reliquia-de-padre-eustaquio-para-nova-matriz\/#article","isPartOf":{"@id":"https:\/\/www.padreeustaquio.com.br\/paroquia-de-bh-recebe-reliquia-de-padre-eustaquio-para-nova-matriz\/"},"author":{"name":"@sscc","@id":"https:\/\/www.padreeustaquio.com.br\/#\/schema\/person\/a2a51db1d00f1a7af0204a0f1ddb1566"},"headline":"Par\u00f3quia de BH recebe rel\u00edquia de Padre Eust\u00e1quio para nova matriz","datePublished":"2022-02-21T08:44:00+00:00","mainEntityOfPage":{"@id":"https:\/\/www.padreeustaquio.com.br\/paroquia-de-bh-recebe-reliquia-de-padre-eustaquio-para-nova-matriz\/"},"wordCount":347,"commentCount":0,"publisher":{"@id":"https:\/\/www.padreeustaquio.com.br\/#organization"},"image":{"@id":"https:\/\/www.padreeustaquio.com.br\/paroquia-de-bh-recebe-reliquia-de-padre-eustaquio-para-nova-matriz\/#primaryimage"},"thumbnailUrl":"https:\/\/www.padreeustaquio.com.br\/wp-content\/uploads\/2022\/02\/Padre-Vinicus-Maciel-sscc-entrega-a-reliquia-e-o-certificado-nas-maos-do-Pe.-Zezinho.jpeg","articleSection":["Not\u00edcias"],"inLanguage":"es","potentialAction":[{"@type":"CommentAction","name":"Comment","target":["https:\/\/www.padreeustaquio.com.br\/paroquia-de-bh-recebe-reliquia-de-padre-eustaquio-para-nova-matriz\/#respond"]}]},{"@type":"WebPage","@id":"https:\/\/www.padreeustaquio.com.br\/paroquia-de-bh-recebe-reliquia-de-padre-eustaquio-para-nova-matriz\/","url":"https:\/\/www.padreeustaquio.com.br\/paroquia-de-bh-recebe-reliquia-de-padre-eustaquio-para-nova-matriz\/","name":"Parroquia de Belo Horizonte recibe reliquia del Padre Eust\u00e1quio para nueva iglesia.","isPartOf":{"@id":"https:\/\/www.padreeustaquio.com.br\/#website"},"primaryImageOfPage":{"@id":"https:\/\/www.padreeustaquio.com.br\/paroquia-de-bh-recebe-reliquia-de-padre-eustaquio-para-nova-matriz\/#primaryimage"},"image":{"@id":"https:\/\/www.padreeustaquio.com.br\/paroquia-de-bh-recebe-reliquia-de-padre-eustaquio-para-nova-matriz\/#primaryimage"},"thumbnailUrl":"https:\/\/www.padreeustaquio.com.br\/wp-content\/uploads\/2022\/02\/Padre-Vinicus-Maciel-sscc-entrega-a-reliquia-e-o-certificado-nas-maos-do-Pe.-Zezinho.jpeg","datePublished":"2022-02-21T08:44:00+00:00","description":"La Parroquia de San Antonio de Venda Nova, en Belo Horizonte, recibi\u00f3 este domingo 20 una reliquia de primer grado del Beato Padre Eustaquio. El vicepostulador, Padre Vin\u00edcius Maciel, ss.cc., fue quien entreg\u00f3 la Sagrada Reliquia durante la Santa Misa presidida por \u00e9l en la iglesia temporal.","breadcrumb":{"@id":"https:\/\/www.padreeustaquio.com.br\/paroquia-de-bh-recebe-reliquia-de-padre-eustaquio-para-nova-matriz\/#breadcrumb"},"inLanguage":"es","potentialAction":[{"@type":"ReadAction","target":["https:\/\/www.padreeustaquio.com.br\/paroquia-de-bh-recebe-reliquia-de-padre-eustaquio-para-nova-matriz\/"]}]},{"@type":"ImageObject","inLanguage":"es","@id":"https:\/\/www.padreeustaquio.com.br\/paroquia-de-bh-recebe-reliquia-de-padre-eustaquio-para-nova-matriz\/#primaryimage","url":"https:\/\/www.padreeustaquio.com.br\/wp-content\/uploads\/2022\/02\/Padre-Vinicus-Maciel-sscc-entrega-a-reliquia-e-o-certificado-nas-maos-do-Pe.-Zezinho.jpeg","contentUrl":"https:\/\/www.padreeustaquio.com.br\/wp-content\/uploads\/2022\/02\/Padre-Vinicus-Maciel-sscc-entrega-a-reliquia-e-o-certificado-nas-maos-do-Pe.-Zezinho.jpeg","width":1280,"height":853,"caption":"Padre Vin\u00edcus Maciel, sscc, entrega a rel\u00edquia e o certificado nas m\u00e3os do Pe. Zezinho"},{"@type":"BreadcrumbList","@id":"https:\/\/www.padreeustaquio.com.br\/paroquia-de-bh-recebe-reliquia-de-padre-eustaquio-para-nova-matriz\/#breadcrumb","itemListElement":[{"@type":"ListItem","position":1,"name":"In\u00edcio","item":"https:\/\/www.padreeustaquio.com.br\/"},{"@type":"ListItem","position":2,"name":"Par\u00f3quia de BH recebe rel\u00edquia de Padre Eust\u00e1quio para nova matriz"}]},{"@type":"WebSite","@id":"https:\/\/www.padreeustaquio.com.br\/#website","url":"https:\/\/www.padreeustaquio.com.br\/","name":"Padre Eustace","description":"Salud y Paz","publisher":{"@id":"https:\/\/www.padreeustaquio.com.br\/#organization"},"potentialAction":[{"@type":"SearchAction","target":{"@type":"EntryPoint","urlTemplate":"https:\/\/www.padreeustaquio.com.br\/?s={search_term_string}"},"query-input":{"@type":"PropertyValueSpecification","valueRequired":true,"valueName":"search_term_string"}}],"inLanguage":"es"},{"@type":"Organization","@id":"https:\/\/www.padreeustaquio.com.br\/#organization","name":"Padre Eustace","url":"https:\/\/www.padreeustaquio.com.br\/","logo":{"@type":"ImageObject","inLanguage":"es","@id":"https:\/\/www.padreeustaquio.com.br\/#\/schema\/logo\/image\/","url":"https:\/\/www.padreeustaquio.com.br\/wp-content\/uploads\/2019\/08\/marca.png","contentUrl":"https:\/\/www.padreeustaquio.com.br\/wp-content\/uploads\/2019\/08\/marca.png","width":350,"height":400,"caption":"Padre Eust\u00e1quio"},"image":{"@id":"https:\/\/www.padreeustaquio.com.br\/#\/schema\/logo\/image\/"},"sameAs":["https:\/\/www.facebook.com\/beatopadreeustaquio\/","https:\/\/x.com\/beatopeustaquio","https:\/\/www.instagram.com\/beatopadreeustaquio\/","https:\/\/www.youtube.com\/channel\/UCRhw7vfabnajwLxb1ZXMeIw"]},{"@type":"Person","@id":"https:\/\/www.padreeustaquio.com.br\/#\/schema\/person\/a2a51db1d00f1a7af0204a0f1ddb1566","name":"@sscc","image":{"@type":"ImageObject","inLanguage":"es","@id":"https:\/\/secure.gravatar.com\/avatar\/68cfafa5f44617fea54071e215026e0ff06be366c3d54a8425f04fdcb86f8c5f?s=96&d=mm&r=g","url":"https:\/\/secure.gravatar.com\/avatar\/68cfafa5f44617fea54071e215026e0ff06be366c3d54a8425f04fdcb86f8c5f?s=96&d=mm&r=g","contentUrl":"https:\/\/secure.gravatar.com\/avatar\/68cfafa5f44617fea54071e215026e0ff06be366c3d54a8425f04fdcb86f8c5f?s=96&d=mm&r=g","caption":"@sscc"},"url":"https:\/\/www.padreeustaquio.com.br\/es\/author\/sscc\/"}]}},"_links":{"self":[{"href":"https:\/\/www.padreeustaquio.com.br\/es\/wp-json\/wp\/v2\/posts\/8160","targetHints":{"allow":["GET"]}}],"collection":[{"href":"https:\/\/www.padreeustaquio.com.br\/es\/wp-json\/wp\/v2\/posts"}],"about":[{"href":"https:\/\/www.padreeustaquio.com.br\/es\/wp-json\/wp\/v2\/types\/post"}],"author":[{"embeddable":true,"href":"https:\/\/www.padreeustaquio.com.br\/es\/wp-json\/wp\/v2\/users\/2"}],"replies":[{"embeddable":true,"href":"https:\/\/www.padreeustaquio.com.br\/es\/wp-json\/wp\/v2\/comments?post=8160"}],"version-history":[{"count":0,"href":"https:\/\/www.padreeustaquio.com.br\/es\/wp-json\/wp\/v2\/posts\/8160\/revisions"}],"wp:featuredmedia":[{"embeddable":true,"href":"https:\/\/www.padreeustaquio.com.br\/es\/wp-json\/wp\/v2\/media\/8161"}],"wp:attachment":[{"href":"https:\/\/www.padreeustaquio.com.br\/es\/wp-json\/wp\/v2\/media?parent=8160"}],"wp:term":[{"taxonomy":"category","embeddable":true,"href":"https:\/\/www.padreeustaquio.com.br\/es\/wp-json\/wp\/v2\/categories?post=8160"},{"taxonomy":"post_tag","embeddable":true,"href":"https:\/\/www.padreeustaquio.com.br\/es\/wp-json\/wp\/v2\/tags?post=8160"}],"curies":[{"name":"wp","href":"https:\/\/api.w.org\/{rel}","templated":true}]}}