{"id":8153,"date":"2022-02-22T05:38:00","date_gmt":"2022-02-22T08:38:00","guid":{"rendered":"https:\/\/www.padreeustaquio.com.br\/?p=8153"},"modified":"2022-02-20T20:17:10","modified_gmt":"2022-02-20T23:17:10","slug":"sacerdotes-reanudan-las-confesiones-individuales-en-el-santuario-de-la-salud-y-la-paz-en-belo-horizonte","status":"publish","type":"post","link":"https:\/\/www.padreeustaquio.com.br\/es\/sacerdotes-reanudan-las-confesiones-individuales-en-el-santuario-de-la-salud-y-la-paz-en-belo-horizonte\/","title":{"rendered":"Sacerdotes reanudan las confesiones individuales en el Santuario de la Salud y la Paz en Belo Horizonte."},"content":{"rendered":"<p>A partir de este mi\u00e9rcoles 23 de febrero, los sacerdotes de la Iglesia Padre Eust\u00e1quio reanudar\u00e1n las confesiones de los devotos que deseen acudir individualmente al Santuario. Las confesiones se realizar\u00e1n los mi\u00e9rcoles y viernes, de 8:30 a. m. a 10:00 a. m., por orden de llegada, dentro de la iglesia.<\/p>\n\n\n\n<p>Las confesiones individuales se suspendieron a finales del mes pasado debido al aumento de la tasa de contagios de coronavirus en Belo Horizonte. Con el paso de los d\u00edas, el n\u00famero de confesiones disminuy\u00f3, lo que permiti\u00f3 que los sacerdotes pudieran confesar en la iglesia.<\/p>\n\n\n\n<p>Instituido por el mismo Jesucristo, el Sacramento de la Confesi\u00f3n es un retorno a Dios. Quienes se acercan al sacramento de la penitencia obtienen, por la misericordia divina, el perd\u00f3n de la ofensa cometida contra el Se\u00f1or y, al mismo tiempo, se reconcilian con la Iglesia que han ofendido, colaborando en la conversi\u00f3n de sus pecados mediante la caridad, el ejemplo y la oraci\u00f3n.<\/p>\n\n\n\n<p><\/p>","protected":false},"excerpt":{"rendered":"<p>A partir desta quarta-feira, dia 23 de fevereiro, os padres da Igreja do Padre Eust\u00e1quio voltam a atender os devotos que quiserem se confessar de forma individual no Santu\u00e1rio. Os atendimentos acontecem \u00e0s quartas e sextas-feiras, das 8h30 \u00e0s 10h, por ordem de chegada, dentro da igreja. As confiss\u00f5es individuais haviam sido paralisadas no final do m\u00eas passado por causa do aumento no \u00edndice de transmiss\u00e3o do Coronav\u00edrus em Belo Horizonte. Com o passar dos dias, os n\u00fameros baixaram, o que tornou vi\u00e1vel o atendimento dos padres na igreja. Institu\u00eddo pelo pr\u00f3prio Jesus Cristo, o Sacramento da Confiss\u00e3o \u00e9 a [&hellip;]<\/p>\n","protected":false},"author":2,"featured_media":8155,"comment_status":"open","ping_status":"closed","sticky":false,"template":"","format":"standard","meta":{"_acf_changed":false,"footnotes":""},"categories":[611],"tags":[],"class_list":["post-8153","post","type-post","status-publish","format-standard","has-post-thumbnail","hentry","category-noticias"],"acf":[],"yoast_head":"<!-- This site is optimized with the Yoast SEO plugin v27.2 - https:\/\/yoast.com\/product\/yoast-seo-wordpress\/ -->\n<title>Padres voltam a atender confiss\u00f5es individuais no Santu\u00e1rio da Sa\u00fade e Paz, em BH<\/title>\n<meta name=\"description\" content=\"A partir desta quarta-feira, dia 23 de fevereiro, os padres da Igreja do Padre Eust\u00e1quio voltam a atender os devotos que quiserem se confessar de forma individual no Santu\u00e1rio. Os atendimentos acontecem \u00e0s quartas e sextas-feiras, das 8h30 \u00e0s 10h, por ordem de chegada, dentro da igreja.\" \/>\n<meta name=\"robots\" content=\"index, follow, max-snippet:-1, max-image-preview:large, max-video-preview:-1\" \/>\n<link rel=\"canonical\" href=\"https:\/\/www.padreeustaquio.com.br\/es\/sacerdotes-reanudan-las-confesiones-individuales-en-el-santuario-de-la-salud-y-la-paz-en-belo-horizonte\/\" \/>\n<meta property=\"og:locale\" content=\"es_ES\" \/>\n<meta property=\"og:type\" content=\"article\" \/>\n<meta property=\"og:title\" content=\"Padres voltam a atender confiss\u00f5es individuais no Santu\u00e1rio da Sa\u00fade e Paz, em BH\" \/>\n<meta property=\"og:description\" content=\"A partir desta quarta-feira, dia 23 de fevereiro, os padres da Igreja do Padre Eust\u00e1quio voltam a atender os devotos que quiserem se confessar de forma individual no Santu\u00e1rio. Os atendimentos acontecem \u00e0s quartas e sextas-feiras, das 8h30 \u00e0s 10h, por ordem de chegada, dentro da igreja.\" \/>\n<meta property=\"og:url\" content=\"https:\/\/www.padreeustaquio.com.br\/es\/sacerdotes-reanudan-las-confesiones-individuales-en-el-santuario-de-la-salud-y-la-paz-en-belo-horizonte\/\" \/>\n<meta property=\"og:site_name\" content=\"Padre Eust\u00e1quio\" \/>\n<meta property=\"article:publisher\" content=\"https:\/\/www.facebook.com\/beatopadreeustaquio\/\" \/>\n<meta property=\"article:published_time\" content=\"2022-02-22T08:38:00+00:00\" \/>\n<meta property=\"og:image\" content=\"https:\/\/www.padreeustaquio.com.br\/wp-content\/uploads\/2022\/02\/confissao-retorno.jpg\" \/>\n\t<meta property=\"og:image:width\" content=\"748\" \/>\n\t<meta property=\"og:image:height\" content=\"394\" \/>\n\t<meta property=\"og:image:type\" content=\"image\/jpeg\" \/>\n<meta name=\"author\" content=\"@sscc\" \/>\n<meta name=\"twitter:card\" content=\"summary_large_image\" \/>\n<meta name=\"twitter:creator\" content=\"@beatopeustaquio\" \/>\n<meta name=\"twitter:site\" content=\"@beatopeustaquio\" \/>\n<meta name=\"twitter:label1\" content=\"Escrito por\" \/>\n\t<meta name=\"twitter:data1\" content=\"@sscc\" \/>\n\t<meta name=\"twitter:label2\" content=\"Tiempo de lectura\" \/>\n\t<meta name=\"twitter:data2\" content=\"1 minuto\" \/>\n<script type=\"application\/ld+json\" class=\"yoast-schema-graph\">{\"@context\":\"https:\/\/schema.org\",\"@graph\":[{\"@type\":\"Article\",\"@id\":\"https:\/\/www.padreeustaquio.com.br\/padres-voltam-a-atender-confissoes-individuais-no-santuario-da-saude-e-paz-em-bh\/#article\",\"isPartOf\":{\"@id\":\"https:\/\/www.padreeustaquio.com.br\/padres-voltam-a-atender-confissoes-individuais-no-santuario-da-saude-e-paz-em-bh\/\"},\"author\":{\"name\":\"@sscc\",\"@id\":\"https:\/\/www.padreeustaquio.com.br\/#\/schema\/person\/a2a51db1d00f1a7af0204a0f1ddb1566\"},\"headline\":\"Padres voltam a atender confiss\u00f5es individuais no Santu\u00e1rio da Sa\u00fade e Paz, em BH\",\"datePublished\":\"2022-02-22T08:38:00+00:00\",\"mainEntityOfPage\":{\"@id\":\"https:\/\/www.padreeustaquio.com.br\/padres-voltam-a-atender-confissoes-individuais-no-santuario-da-saude-e-paz-em-bh\/\"},\"wordCount\":178,\"commentCount\":0,\"publisher\":{\"@id\":\"https:\/\/www.padreeustaquio.com.br\/#organization\"},\"image\":{\"@id\":\"https:\/\/www.padreeustaquio.com.br\/padres-voltam-a-atender-confissoes-individuais-no-santuario-da-saude-e-paz-em-bh\/#primaryimage\"},\"thumbnailUrl\":\"https:\/\/www.padreeustaquio.com.br\/wp-content\/uploads\/2022\/02\/confissao-retorno.jpg\",\"articleSection\":[\"Not\u00edcias\"],\"inLanguage\":\"es\",\"potentialAction\":[{\"@type\":\"CommentAction\",\"name\":\"Comment\",\"target\":[\"https:\/\/www.padreeustaquio.com.br\/padres-voltam-a-atender-confissoes-individuais-no-santuario-da-saude-e-paz-em-bh\/#respond\"]}]},{\"@type\":\"WebPage\",\"@id\":\"https:\/\/www.padreeustaquio.com.br\/padres-voltam-a-atender-confissoes-individuais-no-santuario-da-saude-e-paz-em-bh\/\",\"url\":\"https:\/\/www.padreeustaquio.com.br\/padres-voltam-a-atender-confissoes-individuais-no-santuario-da-saude-e-paz-em-bh\/\",\"name\":\"Padres voltam a atender confiss\u00f5es individuais no Santu\u00e1rio da Sa\u00fade e Paz, em BH\",\"isPartOf\":{\"@id\":\"https:\/\/www.padreeustaquio.com.br\/#website\"},\"primaryImageOfPage\":{\"@id\":\"https:\/\/www.padreeustaquio.com.br\/padres-voltam-a-atender-confissoes-individuais-no-santuario-da-saude-e-paz-em-bh\/#primaryimage\"},\"image\":{\"@id\":\"https:\/\/www.padreeustaquio.com.br\/padres-voltam-a-atender-confissoes-individuais-no-santuario-da-saude-e-paz-em-bh\/#primaryimage\"},\"thumbnailUrl\":\"https:\/\/www.padreeustaquio.com.br\/wp-content\/uploads\/2022\/02\/confissao-retorno.jpg\",\"datePublished\":\"2022-02-22T08:38:00+00:00\",\"description\":\"A partir desta quarta-feira, dia 23 de fevereiro, os padres da Igreja do Padre Eust\u00e1quio voltam a atender os devotos que quiserem se confessar de forma individual no Santu\u00e1rio. Os atendimentos acontecem \u00e0s quartas e sextas-feiras, das 8h30 \u00e0s 10h, por ordem de chegada, dentro da igreja.\",\"breadcrumb\":{\"@id\":\"https:\/\/www.padreeustaquio.com.br\/padres-voltam-a-atender-confissoes-individuais-no-santuario-da-saude-e-paz-em-bh\/#breadcrumb\"},\"inLanguage\":\"es\",\"potentialAction\":[{\"@type\":\"ReadAction\",\"target\":[\"https:\/\/www.padreeustaquio.com.br\/padres-voltam-a-atender-confissoes-individuais-no-santuario-da-saude-e-paz-em-bh\/\"]}]},{\"@type\":\"ImageObject\",\"inLanguage\":\"es\",\"@id\":\"https:\/\/www.padreeustaquio.com.br\/padres-voltam-a-atender-confissoes-individuais-no-santuario-da-saude-e-paz-em-bh\/#primaryimage\",\"url\":\"https:\/\/www.padreeustaquio.com.br\/wp-content\/uploads\/2022\/02\/confissao-retorno.jpg\",\"contentUrl\":\"https:\/\/www.padreeustaquio.com.br\/wp-content\/uploads\/2022\/02\/confissao-retorno.jpg\",\"width\":748,\"height\":394},{\"@type\":\"BreadcrumbList\",\"@id\":\"https:\/\/www.padreeustaquio.com.br\/padres-voltam-a-atender-confissoes-individuais-no-santuario-da-saude-e-paz-em-bh\/#breadcrumb\",\"itemListElement\":[{\"@type\":\"ListItem\",\"position\":1,\"name\":\"In\u00edcio\",\"item\":\"https:\/\/www.padreeustaquio.com.br\/\"},{\"@type\":\"ListItem\",\"position\":2,\"name\":\"Padres voltam a atender confiss\u00f5es individuais no Santu\u00e1rio da Sa\u00fade e Paz, em BH\"}]},{\"@type\":\"WebSite\",\"@id\":\"https:\/\/www.padreeustaquio.com.br\/#website\",\"url\":\"https:\/\/www.padreeustaquio.com.br\/\",\"name\":\"Padre Eust\u00e1quio\",\"description\":\"Sa\u00fade e Paz\",\"publisher\":{\"@id\":\"https:\/\/www.padreeustaquio.com.br\/#organization\"},\"potentialAction\":[{\"@type\":\"SearchAction\",\"target\":{\"@type\":\"EntryPoint\",\"urlTemplate\":\"https:\/\/www.padreeustaquio.com.br\/?s={search_term_string}\"},\"query-input\":{\"@type\":\"PropertyValueSpecification\",\"valueRequired\":true,\"valueName\":\"search_term_string\"}}],\"inLanguage\":\"es\"},{\"@type\":\"Organization\",\"@id\":\"https:\/\/www.padreeustaquio.com.br\/#organization\",\"name\":\"Padre Eust\u00e1quio\",\"url\":\"https:\/\/www.padreeustaquio.com.br\/\",\"logo\":{\"@type\":\"ImageObject\",\"inLanguage\":\"es\",\"@id\":\"https:\/\/www.padreeustaquio.com.br\/#\/schema\/logo\/image\/\",\"url\":\"https:\/\/www.padreeustaquio.com.br\/wp-content\/uploads\/2019\/08\/marca.png\",\"contentUrl\":\"https:\/\/www.padreeustaquio.com.br\/wp-content\/uploads\/2019\/08\/marca.png\",\"width\":350,\"height\":400,\"caption\":\"Padre Eust\u00e1quio\"},\"image\":{\"@id\":\"https:\/\/www.padreeustaquio.com.br\/#\/schema\/logo\/image\/\"},\"sameAs\":[\"https:\/\/www.facebook.com\/beatopadreeustaquio\/\",\"https:\/\/x.com\/beatopeustaquio\",\"https:\/\/www.instagram.com\/beatopadreeustaquio\/\",\"https:\/\/www.youtube.com\/channel\/UCRhw7vfabnajwLxb1ZXMeIw\"]},{\"@type\":\"Person\",\"@id\":\"https:\/\/www.padreeustaquio.com.br\/#\/schema\/person\/a2a51db1d00f1a7af0204a0f1ddb1566\",\"name\":\"@sscc\",\"image\":{\"@type\":\"ImageObject\",\"inLanguage\":\"es\",\"@id\":\"https:\/\/secure.gravatar.com\/avatar\/68cfafa5f44617fea54071e215026e0ff06be366c3d54a8425f04fdcb86f8c5f?s=96&d=mm&r=g\",\"url\":\"https:\/\/secure.gravatar.com\/avatar\/68cfafa5f44617fea54071e215026e0ff06be366c3d54a8425f04fdcb86f8c5f?s=96&d=mm&r=g\",\"contentUrl\":\"https:\/\/secure.gravatar.com\/avatar\/68cfafa5f44617fea54071e215026e0ff06be366c3d54a8425f04fdcb86f8c5f?s=96&d=mm&r=g\",\"caption\":\"@sscc\"},\"url\":\"https:\/\/www.padreeustaquio.com.br\/es\/author\/sscc\/\"}]}<\/script>\n<!-- \/ Yoast SEO plugin. -->","yoast_head_json":{"title":"Sacerdotes reanudan las confesiones individuales en el Santuario de la Salud y la Paz en Belo Horizonte.","description":"A partir de este mi\u00e9rcoles 23 de febrero, los sacerdotes de la Iglesia Padre Eust\u00e1quio reanudar\u00e1n las confesiones de los devotos que deseen acudir individualmente al Santuario. Las confesiones se realizar\u00e1n los mi\u00e9rcoles y viernes, de 8:30 a. m. a 10:00 a. m., por orden de llegada, dentro de la iglesia.","robots":{"index":"index","follow":"follow","max-snippet":"max-snippet:-1","max-image-preview":"max-image-preview:large","max-video-preview":"max-video-preview:-1"},"canonical":"https:\/\/www.padreeustaquio.com.br\/es\/sacerdotes-reanudan-las-confesiones-individuales-en-el-santuario-de-la-salud-y-la-paz-en-belo-horizonte\/","og_locale":"es_ES","og_type":"article","og_title":"Padres voltam a atender confiss\u00f5es individuais no Santu\u00e1rio da Sa\u00fade e Paz, em BH","og_description":"A partir desta quarta-feira, dia 23 de fevereiro, os padres da Igreja do Padre Eust\u00e1quio voltam a atender os devotos que quiserem se confessar de forma individual no Santu\u00e1rio. Os atendimentos acontecem \u00e0s quartas e sextas-feiras, das 8h30 \u00e0s 10h, por ordem de chegada, dentro da igreja.","og_url":"https:\/\/www.padreeustaquio.com.br\/es\/sacerdotes-reanudan-las-confesiones-individuales-en-el-santuario-de-la-salud-y-la-paz-en-belo-horizonte\/","og_site_name":"Padre Eust\u00e1quio","article_publisher":"https:\/\/www.facebook.com\/beatopadreeustaquio\/","article_published_time":"2022-02-22T08:38:00+00:00","og_image":[{"width":748,"height":394,"url":"https:\/\/www.padreeustaquio.com.br\/wp-content\/uploads\/2022\/02\/confissao-retorno.jpg","type":"image\/jpeg"}],"author":"@sscc","twitter_card":"summary_large_image","twitter_creator":"@beatopeustaquio","twitter_site":"@beatopeustaquio","twitter_misc":{"Escrito por":"@sscc","Tiempo de lectura":"1 minuto"},"schema":{"@context":"https:\/\/schema.org","@graph":[{"@type":"Article","@id":"https:\/\/www.padreeustaquio.com.br\/padres-voltam-a-atender-confissoes-individuais-no-santuario-da-saude-e-paz-em-bh\/#article","isPartOf":{"@id":"https:\/\/www.padreeustaquio.com.br\/padres-voltam-a-atender-confissoes-individuais-no-santuario-da-saude-e-paz-em-bh\/"},"author":{"name":"@sscc","@id":"https:\/\/www.padreeustaquio.com.br\/#\/schema\/person\/a2a51db1d00f1a7af0204a0f1ddb1566"},"headline":"Padres voltam a atender confiss\u00f5es individuais no Santu\u00e1rio da Sa\u00fade e Paz, em BH","datePublished":"2022-02-22T08:38:00+00:00","mainEntityOfPage":{"@id":"https:\/\/www.padreeustaquio.com.br\/padres-voltam-a-atender-confissoes-individuais-no-santuario-da-saude-e-paz-em-bh\/"},"wordCount":178,"commentCount":0,"publisher":{"@id":"https:\/\/www.padreeustaquio.com.br\/#organization"},"image":{"@id":"https:\/\/www.padreeustaquio.com.br\/padres-voltam-a-atender-confissoes-individuais-no-santuario-da-saude-e-paz-em-bh\/#primaryimage"},"thumbnailUrl":"https:\/\/www.padreeustaquio.com.br\/wp-content\/uploads\/2022\/02\/confissao-retorno.jpg","articleSection":["Not\u00edcias"],"inLanguage":"es","potentialAction":[{"@type":"CommentAction","name":"Comment","target":["https:\/\/www.padreeustaquio.com.br\/padres-voltam-a-atender-confissoes-individuais-no-santuario-da-saude-e-paz-em-bh\/#respond"]}]},{"@type":"WebPage","@id":"https:\/\/www.padreeustaquio.com.br\/padres-voltam-a-atender-confissoes-individuais-no-santuario-da-saude-e-paz-em-bh\/","url":"https:\/\/www.padreeustaquio.com.br\/padres-voltam-a-atender-confissoes-individuais-no-santuario-da-saude-e-paz-em-bh\/","name":"Sacerdotes reanudan las confesiones individuales en el Santuario de la Salud y la Paz en Belo Horizonte.","isPartOf":{"@id":"https:\/\/www.padreeustaquio.com.br\/#website"},"primaryImageOfPage":{"@id":"https:\/\/www.padreeustaquio.com.br\/padres-voltam-a-atender-confissoes-individuais-no-santuario-da-saude-e-paz-em-bh\/#primaryimage"},"image":{"@id":"https:\/\/www.padreeustaquio.com.br\/padres-voltam-a-atender-confissoes-individuais-no-santuario-da-saude-e-paz-em-bh\/#primaryimage"},"thumbnailUrl":"https:\/\/www.padreeustaquio.com.br\/wp-content\/uploads\/2022\/02\/confissao-retorno.jpg","datePublished":"2022-02-22T08:38:00+00:00","description":"A partir de este mi\u00e9rcoles 23 de febrero, los sacerdotes de la Iglesia Padre Eust\u00e1quio reanudar\u00e1n las confesiones de los devotos que deseen acudir individualmente al Santuario. Las confesiones se realizar\u00e1n los mi\u00e9rcoles y viernes, de 8:30 a. m. a 10:00 a. m., por orden de llegada, dentro de la iglesia.","breadcrumb":{"@id":"https:\/\/www.padreeustaquio.com.br\/padres-voltam-a-atender-confissoes-individuais-no-santuario-da-saude-e-paz-em-bh\/#breadcrumb"},"inLanguage":"es","potentialAction":[{"@type":"ReadAction","target":["https:\/\/www.padreeustaquio.com.br\/padres-voltam-a-atender-confissoes-individuais-no-santuario-da-saude-e-paz-em-bh\/"]}]},{"@type":"ImageObject","inLanguage":"es","@id":"https:\/\/www.padreeustaquio.com.br\/padres-voltam-a-atender-confissoes-individuais-no-santuario-da-saude-e-paz-em-bh\/#primaryimage","url":"https:\/\/www.padreeustaquio.com.br\/wp-content\/uploads\/2022\/02\/confissao-retorno.jpg","contentUrl":"https:\/\/www.padreeustaquio.com.br\/wp-content\/uploads\/2022\/02\/confissao-retorno.jpg","width":748,"height":394},{"@type":"BreadcrumbList","@id":"https:\/\/www.padreeustaquio.com.br\/padres-voltam-a-atender-confissoes-individuais-no-santuario-da-saude-e-paz-em-bh\/#breadcrumb","itemListElement":[{"@type":"ListItem","position":1,"name":"In\u00edcio","item":"https:\/\/www.padreeustaquio.com.br\/"},{"@type":"ListItem","position":2,"name":"Padres voltam a atender confiss\u00f5es individuais no Santu\u00e1rio da Sa\u00fade e Paz, em BH"}]},{"@type":"WebSite","@id":"https:\/\/www.padreeustaquio.com.br\/#website","url":"https:\/\/www.padreeustaquio.com.br\/","name":"Padre Eustace","description":"Salud y Paz","publisher":{"@id":"https:\/\/www.padreeustaquio.com.br\/#organization"},"potentialAction":[{"@type":"SearchAction","target":{"@type":"EntryPoint","urlTemplate":"https:\/\/www.padreeustaquio.com.br\/?s={search_term_string}"},"query-input":{"@type":"PropertyValueSpecification","valueRequired":true,"valueName":"search_term_string"}}],"inLanguage":"es"},{"@type":"Organization","@id":"https:\/\/www.padreeustaquio.com.br\/#organization","name":"Padre Eustace","url":"https:\/\/www.padreeustaquio.com.br\/","logo":{"@type":"ImageObject","inLanguage":"es","@id":"https:\/\/www.padreeustaquio.com.br\/#\/schema\/logo\/image\/","url":"https:\/\/www.padreeustaquio.com.br\/wp-content\/uploads\/2019\/08\/marca.png","contentUrl":"https:\/\/www.padreeustaquio.com.br\/wp-content\/uploads\/2019\/08\/marca.png","width":350,"height":400,"caption":"Padre Eust\u00e1quio"},"image":{"@id":"https:\/\/www.padreeustaquio.com.br\/#\/schema\/logo\/image\/"},"sameAs":["https:\/\/www.facebook.com\/beatopadreeustaquio\/","https:\/\/x.com\/beatopeustaquio","https:\/\/www.instagram.com\/beatopadreeustaquio\/","https:\/\/www.youtube.com\/channel\/UCRhw7vfabnajwLxb1ZXMeIw"]},{"@type":"Person","@id":"https:\/\/www.padreeustaquio.com.br\/#\/schema\/person\/a2a51db1d00f1a7af0204a0f1ddb1566","name":"@sscc","image":{"@type":"ImageObject","inLanguage":"es","@id":"https:\/\/secure.gravatar.com\/avatar\/68cfafa5f44617fea54071e215026e0ff06be366c3d54a8425f04fdcb86f8c5f?s=96&d=mm&r=g","url":"https:\/\/secure.gravatar.com\/avatar\/68cfafa5f44617fea54071e215026e0ff06be366c3d54a8425f04fdcb86f8c5f?s=96&d=mm&r=g","contentUrl":"https:\/\/secure.gravatar.com\/avatar\/68cfafa5f44617fea54071e215026e0ff06be366c3d54a8425f04fdcb86f8c5f?s=96&d=mm&r=g","caption":"@sscc"},"url":"https:\/\/www.padreeustaquio.com.br\/es\/author\/sscc\/"}]}},"_links":{"self":[{"href":"https:\/\/www.padreeustaquio.com.br\/es\/wp-json\/wp\/v2\/posts\/8153","targetHints":{"allow":["GET"]}}],"collection":[{"href":"https:\/\/www.padreeustaquio.com.br\/es\/wp-json\/wp\/v2\/posts"}],"about":[{"href":"https:\/\/www.padreeustaquio.com.br\/es\/wp-json\/wp\/v2\/types\/post"}],"author":[{"embeddable":true,"href":"https:\/\/www.padreeustaquio.com.br\/es\/wp-json\/wp\/v2\/users\/2"}],"replies":[{"embeddable":true,"href":"https:\/\/www.padreeustaquio.com.br\/es\/wp-json\/wp\/v2\/comments?post=8153"}],"version-history":[{"count":0,"href":"https:\/\/www.padreeustaquio.com.br\/es\/wp-json\/wp\/v2\/posts\/8153\/revisions"}],"wp:featuredmedia":[{"embeddable":true,"href":"https:\/\/www.padreeustaquio.com.br\/es\/wp-json\/wp\/v2\/media\/8155"}],"wp:attachment":[{"href":"https:\/\/www.padreeustaquio.com.br\/es\/wp-json\/wp\/v2\/media?parent=8153"}],"wp:term":[{"taxonomy":"category","embeddable":true,"href":"https:\/\/www.padreeustaquio.com.br\/es\/wp-json\/wp\/v2\/categories?post=8153"},{"taxonomy":"post_tag","embeddable":true,"href":"https:\/\/www.padreeustaquio.com.br\/es\/wp-json\/wp\/v2\/tags?post=8153"}],"curies":[{"name":"wp","href":"https:\/\/api.w.org\/{rel}","templated":true}]}}