{"id":8146,"date":"2022-02-19T09:00:00","date_gmt":"2022-02-19T12:00:00","guid":{"rendered":"https:\/\/www.padreeustaquio.com.br\/?p=8146"},"modified":"2022-02-17T10:26:55","modified_gmt":"2022-02-17T13:26:55","slug":"consulta-el-horario-del-7o-domingo-del-tiempo-ordinario","status":"publish","type":"post","link":"https:\/\/www.padreeustaquio.com.br\/es\/consulta-el-horario-del-7o-domingo-del-tiempo-ordinario\/","title":{"rendered":"Consulta el horario del 7\u00ba Domingo del Tiempo Ordinario."},"content":{"rendered":"<p>El Evangelio de este domingo contin\u00faa el &quot;Serm\u00f3n de la Llanura&quot;, iniciado el domingo pasado. En el texto de este fin de semana, Jes\u00fas profundiza en las consecuencias de las Bienaventuranzas: propone superar la ley del tali\u00f3n, nos invita a amar, tomando a Dios como modelo, y nos exhorta a no juzgar.\u00a0<\/p>\n\n\n\n<p>La Comisi\u00f3n Pastoral Episcopal de Liturgia de la Conferencia Nacional de Obispos de Brasil (CNBB) ha publicado una gu\u00eda para celebrar en familia el 7.\u00ba Domingo del Tiempo Ordinario. El material contiene el rito para la celebraci\u00f3n dominical de la Palabra de Dios en casa con los familiares.<\/p>\n\n\n\n<p>En el Santuario de Salud y Paz hay tres horarios en que se transmiten misas v\u00eda...&nbsp;<a href=\"https:\/\/www.youtube.com\/channel\/UCRhw7vfabnajwLxb1ZXMeIw\">Canal Padre Eust\u00e1quio<\/a>&nbsp;(S\u00e1bado a las 17:00 y domingo a las 10:00 y 19:00) a las que podemos asistir, pero viviendo la dignidad del pueblo sacerdotal que nos confiri\u00f3 nuestro bautismo. No solo podemos asistir, sino tambi\u00e9n celebrar el Domingo del Se\u00f1or con nuestras familias.<\/p>\n\n\n\n<p>Se aconseja a las familias que elijan un lugar adecuado en sus hogares para celebrar y orar juntos.\u00a0<em>\u201cPrepara tu Biblia con el texto a proclamar, un jarr\u00f3n con flores, un crucifijo, una imagen o icono de Nuestra Se\u00f1ora y una vela para encender durante la celebraci\u00f3n\u201d.\u201d<\/em>, propone la Comisi\u00f3n para la Liturgia.<\/p>\n\n\n\n<p><a href=\"https:\/\/bit.ly\/cef7dtc\" target=\"_blank\" rel=\"noreferrer noopener\">Descargue la Gu\u00eda de Celebraci\u00f3n Familiar del 7\u00ba Domingo del Tiempo Ordinario.<\/a><\/p>\n\n\n\n<p><\/p>","protected":false},"excerpt":{"rendered":"<p>O Evangelho deste Domingo continua o \u201cdiscurso da plan\u00edcie\u201d, iniciado domingo passado. No texto deste fim de semana, Jesus aprofunda as consequ\u00eancias das bem-aventuran\u00e7as: prop\u00f5e a supera\u00e7\u00e3o da lei do tali\u00e3o, convida ao amor, tendo Deus como modelo, e exorta ao n\u00e3o julgamento.\u00a0 A Comiss\u00e3o Episcopal Pastoral para a Liturgia da Confer\u00eancia Nacional dos Bispos do Brasil (CNBB) disponibilizou o roteiro celebrar em fam\u00edlia para o 7\u00ba Domingo do Tempo Comum. O material cont\u00e9m o rito da celebra\u00e7\u00e3o dominical da Palavra de Deus para ser celebrada em casa, com os familiares. No Santu\u00e1rio Sa\u00fade e Paz s\u00e3o tr\u00eas hor\u00e1rios de [&hellip;]<\/p>\n","protected":false},"author":2,"featured_media":8148,"comment_status":"open","ping_status":"closed","sticky":false,"template":"","format":"standard","meta":{"_acf_changed":false,"footnotes":""},"categories":[611],"tags":[],"class_list":["post-8146","post","type-post","status-publish","format-standard","has-post-thumbnail","hentry","category-noticias"],"acf":[],"yoast_head":"<!-- This site is optimized with the Yoast SEO plugin v27.2 - https:\/\/yoast.com\/product\/yoast-seo-wordpress\/ -->\n<title>Confira o Roteiro para o 7\u00ba Domingo do Tempo Comum<\/title>\n<meta name=\"description\" content=\"O Evangelho deste Domingo continua o \u201cdiscurso da plan\u00edcie\u201d, iniciado domingo passado. No texto deste fim de semana, Jesus aprofunda as consequ\u00eancias das bem-aventuran\u00e7as: prop\u00f5e a supera\u00e7\u00e3o da lei do tali\u00e3o, convida ao amor, tendo Deus como modelo, e exorta ao n\u00e3o julgamento.\u00a0Confira o roteiro para celebrar este dia.\" \/>\n<meta name=\"robots\" content=\"index, follow, max-snippet:-1, max-image-preview:large, max-video-preview:-1\" \/>\n<link rel=\"canonical\" href=\"https:\/\/www.padreeustaquio.com.br\/es\/consulta-el-horario-del-7o-domingo-del-tiempo-ordinario\/\" \/>\n<meta property=\"og:locale\" content=\"es_ES\" \/>\n<meta property=\"og:type\" content=\"article\" \/>\n<meta property=\"og:title\" content=\"Confira o Roteiro para o 7\u00ba Domingo do Tempo Comum\" \/>\n<meta property=\"og:description\" content=\"O Evangelho deste Domingo continua o \u201cdiscurso da plan\u00edcie\u201d, iniciado domingo passado. No texto deste fim de semana, Jesus aprofunda as consequ\u00eancias das bem-aventuran\u00e7as: prop\u00f5e a supera\u00e7\u00e3o da lei do tali\u00e3o, convida ao amor, tendo Deus como modelo, e exorta ao n\u00e3o julgamento.\u00a0Confira o roteiro para celebrar este dia.\" \/>\n<meta property=\"og:url\" content=\"https:\/\/www.padreeustaquio.com.br\/es\/consulta-el-horario-del-7o-domingo-del-tiempo-ordinario\/\" \/>\n<meta property=\"og:site_name\" content=\"Padre Eust\u00e1quio\" \/>\n<meta property=\"article:publisher\" content=\"https:\/\/www.facebook.com\/beatopadreeustaquio\/\" \/>\n<meta property=\"article:published_time\" content=\"2022-02-19T12:00:00+00:00\" \/>\n<meta property=\"og:image\" content=\"https:\/\/www.padreeustaquio.com.br\/wp-content\/uploads\/2022\/02\/rot.-celeb.-setimo-domingo.jpg\" \/>\n\t<meta property=\"og:image:width\" content=\"748\" \/>\n\t<meta property=\"og:image:height\" content=\"394\" \/>\n\t<meta property=\"og:image:type\" content=\"image\/jpeg\" \/>\n<meta name=\"author\" content=\"@sscc\" \/>\n<meta name=\"twitter:card\" content=\"summary_large_image\" \/>\n<meta name=\"twitter:creator\" content=\"@beatopeustaquio\" \/>\n<meta name=\"twitter:site\" content=\"@beatopeustaquio\" \/>\n<meta name=\"twitter:label1\" content=\"Escrito por\" \/>\n\t<meta name=\"twitter:data1\" content=\"@sscc\" \/>\n\t<meta name=\"twitter:label2\" content=\"Tiempo de lectura\" \/>\n\t<meta name=\"twitter:data2\" content=\"1 minuto\" \/>\n<script type=\"application\/ld+json\" class=\"yoast-schema-graph\">{\"@context\":\"https:\/\/schema.org\",\"@graph\":[{\"@type\":\"Article\",\"@id\":\"https:\/\/www.padreeustaquio.com.br\/confira-o-roteiro-para-o-7o-domingo-do-tempo-comum\/#article\",\"isPartOf\":{\"@id\":\"https:\/\/www.padreeustaquio.com.br\/confira-o-roteiro-para-o-7o-domingo-do-tempo-comum\/\"},\"author\":{\"name\":\"@sscc\",\"@id\":\"https:\/\/www.padreeustaquio.com.br\/#\/schema\/person\/a2a51db1d00f1a7af0204a0f1ddb1566\"},\"headline\":\"Confira o Roteiro para o 7\u00ba Domingo do Tempo Comum\",\"datePublished\":\"2022-02-19T12:00:00+00:00\",\"mainEntityOfPage\":{\"@id\":\"https:\/\/www.padreeustaquio.com.br\/confira-o-roteiro-para-o-7o-domingo-do-tempo-comum\/\"},\"wordCount\":250,\"commentCount\":0,\"publisher\":{\"@id\":\"https:\/\/www.padreeustaquio.com.br\/#organization\"},\"image\":{\"@id\":\"https:\/\/www.padreeustaquio.com.br\/confira-o-roteiro-para-o-7o-domingo-do-tempo-comum\/#primaryimage\"},\"thumbnailUrl\":\"https:\/\/www.padreeustaquio.com.br\/wp-content\/uploads\/2022\/02\/rot.-celeb.-setimo-domingo.jpg\",\"articleSection\":[\"Not\u00edcias\"],\"inLanguage\":\"es\",\"potentialAction\":[{\"@type\":\"CommentAction\",\"name\":\"Comment\",\"target\":[\"https:\/\/www.padreeustaquio.com.br\/confira-o-roteiro-para-o-7o-domingo-do-tempo-comum\/#respond\"]}]},{\"@type\":\"WebPage\",\"@id\":\"https:\/\/www.padreeustaquio.com.br\/confira-o-roteiro-para-o-7o-domingo-do-tempo-comum\/\",\"url\":\"https:\/\/www.padreeustaquio.com.br\/confira-o-roteiro-para-o-7o-domingo-do-tempo-comum\/\",\"name\":\"Confira o Roteiro para o 7\u00ba Domingo do Tempo Comum\",\"isPartOf\":{\"@id\":\"https:\/\/www.padreeustaquio.com.br\/#website\"},\"primaryImageOfPage\":{\"@id\":\"https:\/\/www.padreeustaquio.com.br\/confira-o-roteiro-para-o-7o-domingo-do-tempo-comum\/#primaryimage\"},\"image\":{\"@id\":\"https:\/\/www.padreeustaquio.com.br\/confira-o-roteiro-para-o-7o-domingo-do-tempo-comum\/#primaryimage\"},\"thumbnailUrl\":\"https:\/\/www.padreeustaquio.com.br\/wp-content\/uploads\/2022\/02\/rot.-celeb.-setimo-domingo.jpg\",\"datePublished\":\"2022-02-19T12:00:00+00:00\",\"description\":\"O Evangelho deste Domingo continua o \u201cdiscurso da plan\u00edcie\u201d, iniciado domingo passado. No texto deste fim de semana, Jesus aprofunda as consequ\u00eancias das bem-aventuran\u00e7as: prop\u00f5e a supera\u00e7\u00e3o da lei do tali\u00e3o, convida ao amor, tendo Deus como modelo, e exorta ao n\u00e3o julgamento.\u00a0Confira o roteiro para celebrar este dia.\",\"breadcrumb\":{\"@id\":\"https:\/\/www.padreeustaquio.com.br\/confira-o-roteiro-para-o-7o-domingo-do-tempo-comum\/#breadcrumb\"},\"inLanguage\":\"es\",\"potentialAction\":[{\"@type\":\"ReadAction\",\"target\":[\"https:\/\/www.padreeustaquio.com.br\/confira-o-roteiro-para-o-7o-domingo-do-tempo-comum\/\"]}]},{\"@type\":\"ImageObject\",\"inLanguage\":\"es\",\"@id\":\"https:\/\/www.padreeustaquio.com.br\/confira-o-roteiro-para-o-7o-domingo-do-tempo-comum\/#primaryimage\",\"url\":\"https:\/\/www.padreeustaquio.com.br\/wp-content\/uploads\/2022\/02\/rot.-celeb.-setimo-domingo.jpg\",\"contentUrl\":\"https:\/\/www.padreeustaquio.com.br\/wp-content\/uploads\/2022\/02\/rot.-celeb.-setimo-domingo.jpg\",\"width\":748,\"height\":394},{\"@type\":\"BreadcrumbList\",\"@id\":\"https:\/\/www.padreeustaquio.com.br\/confira-o-roteiro-para-o-7o-domingo-do-tempo-comum\/#breadcrumb\",\"itemListElement\":[{\"@type\":\"ListItem\",\"position\":1,\"name\":\"In\u00edcio\",\"item\":\"https:\/\/www.padreeustaquio.com.br\/\"},{\"@type\":\"ListItem\",\"position\":2,\"name\":\"Confira o Roteiro para o 7\u00ba Domingo do Tempo Comum\"}]},{\"@type\":\"WebSite\",\"@id\":\"https:\/\/www.padreeustaquio.com.br\/#website\",\"url\":\"https:\/\/www.padreeustaquio.com.br\/\",\"name\":\"Padre Eust\u00e1quio\",\"description\":\"Sa\u00fade e Paz\",\"publisher\":{\"@id\":\"https:\/\/www.padreeustaquio.com.br\/#organization\"},\"potentialAction\":[{\"@type\":\"SearchAction\",\"target\":{\"@type\":\"EntryPoint\",\"urlTemplate\":\"https:\/\/www.padreeustaquio.com.br\/?s={search_term_string}\"},\"query-input\":{\"@type\":\"PropertyValueSpecification\",\"valueRequired\":true,\"valueName\":\"search_term_string\"}}],\"inLanguage\":\"es\"},{\"@type\":\"Organization\",\"@id\":\"https:\/\/www.padreeustaquio.com.br\/#organization\",\"name\":\"Padre Eust\u00e1quio\",\"url\":\"https:\/\/www.padreeustaquio.com.br\/\",\"logo\":{\"@type\":\"ImageObject\",\"inLanguage\":\"es\",\"@id\":\"https:\/\/www.padreeustaquio.com.br\/#\/schema\/logo\/image\/\",\"url\":\"https:\/\/www.padreeustaquio.com.br\/wp-content\/uploads\/2019\/08\/marca.png\",\"contentUrl\":\"https:\/\/www.padreeustaquio.com.br\/wp-content\/uploads\/2019\/08\/marca.png\",\"width\":350,\"height\":400,\"caption\":\"Padre Eust\u00e1quio\"},\"image\":{\"@id\":\"https:\/\/www.padreeustaquio.com.br\/#\/schema\/logo\/image\/\"},\"sameAs\":[\"https:\/\/www.facebook.com\/beatopadreeustaquio\/\",\"https:\/\/x.com\/beatopeustaquio\",\"https:\/\/www.instagram.com\/beatopadreeustaquio\/\",\"https:\/\/www.youtube.com\/channel\/UCRhw7vfabnajwLxb1ZXMeIw\"]},{\"@type\":\"Person\",\"@id\":\"https:\/\/www.padreeustaquio.com.br\/#\/schema\/person\/a2a51db1d00f1a7af0204a0f1ddb1566\",\"name\":\"@sscc\",\"image\":{\"@type\":\"ImageObject\",\"inLanguage\":\"es\",\"@id\":\"https:\/\/secure.gravatar.com\/avatar\/68cfafa5f44617fea54071e215026e0ff06be366c3d54a8425f04fdcb86f8c5f?s=96&d=mm&r=g\",\"url\":\"https:\/\/secure.gravatar.com\/avatar\/68cfafa5f44617fea54071e215026e0ff06be366c3d54a8425f04fdcb86f8c5f?s=96&d=mm&r=g\",\"contentUrl\":\"https:\/\/secure.gravatar.com\/avatar\/68cfafa5f44617fea54071e215026e0ff06be366c3d54a8425f04fdcb86f8c5f?s=96&d=mm&r=g\",\"caption\":\"@sscc\"},\"url\":\"https:\/\/www.padreeustaquio.com.br\/es\/author\/sscc\/\"}]}<\/script>\n<!-- \/ Yoast SEO plugin. -->","yoast_head_json":{"title":"Consulta el horario del 7\u00ba Domingo del Tiempo Ordinario.","description":"El Evangelio de este domingo contin\u00faa el &quot;Serm\u00f3n del Llano&quot;, iniciado el domingo pasado. En el texto de este fin de semana, Jes\u00fas profundiza en las consecuencias de las Bienaventuranzas: propone superar la ley del tali\u00f3n, nos invita a amar, tomando a Dios como modelo, y nos exhorta a no juzgar. Consulta la gu\u00eda para celebrar este d\u00eda.","robots":{"index":"index","follow":"follow","max-snippet":"max-snippet:-1","max-image-preview":"max-image-preview:large","max-video-preview":"max-video-preview:-1"},"canonical":"https:\/\/www.padreeustaquio.com.br\/es\/consulta-el-horario-del-7o-domingo-del-tiempo-ordinario\/","og_locale":"es_ES","og_type":"article","og_title":"Confira o Roteiro para o 7\u00ba Domingo do Tempo Comum","og_description":"O Evangelho deste Domingo continua o \u201cdiscurso da plan\u00edcie\u201d, iniciado domingo passado. No texto deste fim de semana, Jesus aprofunda as consequ\u00eancias das bem-aventuran\u00e7as: prop\u00f5e a supera\u00e7\u00e3o da lei do tali\u00e3o, convida ao amor, tendo Deus como modelo, e exorta ao n\u00e3o julgamento.\u00a0Confira o roteiro para celebrar este dia.","og_url":"https:\/\/www.padreeustaquio.com.br\/es\/consulta-el-horario-del-7o-domingo-del-tiempo-ordinario\/","og_site_name":"Padre Eust\u00e1quio","article_publisher":"https:\/\/www.facebook.com\/beatopadreeustaquio\/","article_published_time":"2022-02-19T12:00:00+00:00","og_image":[{"width":748,"height":394,"url":"https:\/\/www.padreeustaquio.com.br\/wp-content\/uploads\/2022\/02\/rot.-celeb.-setimo-domingo.jpg","type":"image\/jpeg"}],"author":"@sscc","twitter_card":"summary_large_image","twitter_creator":"@beatopeustaquio","twitter_site":"@beatopeustaquio","twitter_misc":{"Escrito por":"@sscc","Tiempo de lectura":"1 minuto"},"schema":{"@context":"https:\/\/schema.org","@graph":[{"@type":"Article","@id":"https:\/\/www.padreeustaquio.com.br\/confira-o-roteiro-para-o-7o-domingo-do-tempo-comum\/#article","isPartOf":{"@id":"https:\/\/www.padreeustaquio.com.br\/confira-o-roteiro-para-o-7o-domingo-do-tempo-comum\/"},"author":{"name":"@sscc","@id":"https:\/\/www.padreeustaquio.com.br\/#\/schema\/person\/a2a51db1d00f1a7af0204a0f1ddb1566"},"headline":"Confira o Roteiro para o 7\u00ba Domingo do Tempo Comum","datePublished":"2022-02-19T12:00:00+00:00","mainEntityOfPage":{"@id":"https:\/\/www.padreeustaquio.com.br\/confira-o-roteiro-para-o-7o-domingo-do-tempo-comum\/"},"wordCount":250,"commentCount":0,"publisher":{"@id":"https:\/\/www.padreeustaquio.com.br\/#organization"},"image":{"@id":"https:\/\/www.padreeustaquio.com.br\/confira-o-roteiro-para-o-7o-domingo-do-tempo-comum\/#primaryimage"},"thumbnailUrl":"https:\/\/www.padreeustaquio.com.br\/wp-content\/uploads\/2022\/02\/rot.-celeb.-setimo-domingo.jpg","articleSection":["Not\u00edcias"],"inLanguage":"es","potentialAction":[{"@type":"CommentAction","name":"Comment","target":["https:\/\/www.padreeustaquio.com.br\/confira-o-roteiro-para-o-7o-domingo-do-tempo-comum\/#respond"]}]},{"@type":"WebPage","@id":"https:\/\/www.padreeustaquio.com.br\/confira-o-roteiro-para-o-7o-domingo-do-tempo-comum\/","url":"https:\/\/www.padreeustaquio.com.br\/confira-o-roteiro-para-o-7o-domingo-do-tempo-comum\/","name":"Consulta el horario del 7\u00ba Domingo del Tiempo Ordinario.","isPartOf":{"@id":"https:\/\/www.padreeustaquio.com.br\/#website"},"primaryImageOfPage":{"@id":"https:\/\/www.padreeustaquio.com.br\/confira-o-roteiro-para-o-7o-domingo-do-tempo-comum\/#primaryimage"},"image":{"@id":"https:\/\/www.padreeustaquio.com.br\/confira-o-roteiro-para-o-7o-domingo-do-tempo-comum\/#primaryimage"},"thumbnailUrl":"https:\/\/www.padreeustaquio.com.br\/wp-content\/uploads\/2022\/02\/rot.-celeb.-setimo-domingo.jpg","datePublished":"2022-02-19T12:00:00+00:00","description":"El Evangelio de este domingo contin\u00faa el &quot;Serm\u00f3n del Llano&quot;, iniciado el domingo pasado. En el texto de este fin de semana, Jes\u00fas profundiza en las consecuencias de las Bienaventuranzas: propone superar la ley del tali\u00f3n, nos invita a amar, tomando a Dios como modelo, y nos exhorta a no juzgar. Consulta la gu\u00eda para celebrar este d\u00eda.","breadcrumb":{"@id":"https:\/\/www.padreeustaquio.com.br\/confira-o-roteiro-para-o-7o-domingo-do-tempo-comum\/#breadcrumb"},"inLanguage":"es","potentialAction":[{"@type":"ReadAction","target":["https:\/\/www.padreeustaquio.com.br\/confira-o-roteiro-para-o-7o-domingo-do-tempo-comum\/"]}]},{"@type":"ImageObject","inLanguage":"es","@id":"https:\/\/www.padreeustaquio.com.br\/confira-o-roteiro-para-o-7o-domingo-do-tempo-comum\/#primaryimage","url":"https:\/\/www.padreeustaquio.com.br\/wp-content\/uploads\/2022\/02\/rot.-celeb.-setimo-domingo.jpg","contentUrl":"https:\/\/www.padreeustaquio.com.br\/wp-content\/uploads\/2022\/02\/rot.-celeb.-setimo-domingo.jpg","width":748,"height":394},{"@type":"BreadcrumbList","@id":"https:\/\/www.padreeustaquio.com.br\/confira-o-roteiro-para-o-7o-domingo-do-tempo-comum\/#breadcrumb","itemListElement":[{"@type":"ListItem","position":1,"name":"In\u00edcio","item":"https:\/\/www.padreeustaquio.com.br\/"},{"@type":"ListItem","position":2,"name":"Confira o Roteiro para o 7\u00ba Domingo do Tempo Comum"}]},{"@type":"WebSite","@id":"https:\/\/www.padreeustaquio.com.br\/#website","url":"https:\/\/www.padreeustaquio.com.br\/","name":"Padre Eustace","description":"Salud y Paz","publisher":{"@id":"https:\/\/www.padreeustaquio.com.br\/#organization"},"potentialAction":[{"@type":"SearchAction","target":{"@type":"EntryPoint","urlTemplate":"https:\/\/www.padreeustaquio.com.br\/?s={search_term_string}"},"query-input":{"@type":"PropertyValueSpecification","valueRequired":true,"valueName":"search_term_string"}}],"inLanguage":"es"},{"@type":"Organization","@id":"https:\/\/www.padreeustaquio.com.br\/#organization","name":"Padre Eustace","url":"https:\/\/www.padreeustaquio.com.br\/","logo":{"@type":"ImageObject","inLanguage":"es","@id":"https:\/\/www.padreeustaquio.com.br\/#\/schema\/logo\/image\/","url":"https:\/\/www.padreeustaquio.com.br\/wp-content\/uploads\/2019\/08\/marca.png","contentUrl":"https:\/\/www.padreeustaquio.com.br\/wp-content\/uploads\/2019\/08\/marca.png","width":350,"height":400,"caption":"Padre Eust\u00e1quio"},"image":{"@id":"https:\/\/www.padreeustaquio.com.br\/#\/schema\/logo\/image\/"},"sameAs":["https:\/\/www.facebook.com\/beatopadreeustaquio\/","https:\/\/x.com\/beatopeustaquio","https:\/\/www.instagram.com\/beatopadreeustaquio\/","https:\/\/www.youtube.com\/channel\/UCRhw7vfabnajwLxb1ZXMeIw"]},{"@type":"Person","@id":"https:\/\/www.padreeustaquio.com.br\/#\/schema\/person\/a2a51db1d00f1a7af0204a0f1ddb1566","name":"@sscc","image":{"@type":"ImageObject","inLanguage":"es","@id":"https:\/\/secure.gravatar.com\/avatar\/68cfafa5f44617fea54071e215026e0ff06be366c3d54a8425f04fdcb86f8c5f?s=96&d=mm&r=g","url":"https:\/\/secure.gravatar.com\/avatar\/68cfafa5f44617fea54071e215026e0ff06be366c3d54a8425f04fdcb86f8c5f?s=96&d=mm&r=g","contentUrl":"https:\/\/secure.gravatar.com\/avatar\/68cfafa5f44617fea54071e215026e0ff06be366c3d54a8425f04fdcb86f8c5f?s=96&d=mm&r=g","caption":"@sscc"},"url":"https:\/\/www.padreeustaquio.com.br\/es\/author\/sscc\/"}]}},"_links":{"self":[{"href":"https:\/\/www.padreeustaquio.com.br\/es\/wp-json\/wp\/v2\/posts\/8146","targetHints":{"allow":["GET"]}}],"collection":[{"href":"https:\/\/www.padreeustaquio.com.br\/es\/wp-json\/wp\/v2\/posts"}],"about":[{"href":"https:\/\/www.padreeustaquio.com.br\/es\/wp-json\/wp\/v2\/types\/post"}],"author":[{"embeddable":true,"href":"https:\/\/www.padreeustaquio.com.br\/es\/wp-json\/wp\/v2\/users\/2"}],"replies":[{"embeddable":true,"href":"https:\/\/www.padreeustaquio.com.br\/es\/wp-json\/wp\/v2\/comments?post=8146"}],"version-history":[{"count":0,"href":"https:\/\/www.padreeustaquio.com.br\/es\/wp-json\/wp\/v2\/posts\/8146\/revisions"}],"wp:featuredmedia":[{"embeddable":true,"href":"https:\/\/www.padreeustaquio.com.br\/es\/wp-json\/wp\/v2\/media\/8148"}],"wp:attachment":[{"href":"https:\/\/www.padreeustaquio.com.br\/es\/wp-json\/wp\/v2\/media?parent=8146"}],"wp:term":[{"taxonomy":"category","embeddable":true,"href":"https:\/\/www.padreeustaquio.com.br\/es\/wp-json\/wp\/v2\/categories?post=8146"},{"taxonomy":"post_tag","embeddable":true,"href":"https:\/\/www.padreeustaquio.com.br\/es\/wp-json\/wp\/v2\/tags?post=8146"}],"curies":[{"name":"wp","href":"https:\/\/api.w.org\/{rel}","templated":true}]}}