{"id":8138,"date":"2022-02-18T06:20:00","date_gmt":"2022-02-18T09:20:00","guid":{"rendered":"https:\/\/www.padreeustaquio.com.br\/?p=8138"},"modified":"2022-02-17T10:07:00","modified_gmt":"2022-02-17T13:07:00","slug":"la-secretaria-de-la-causa-de-canonizacion-esta-preparando-videos-para-la-cuaresma","status":"publish","type":"post","link":"https:\/\/www.padreeustaquio.com.br\/es\/la-secretaria-de-la-causa-de-canonizacion-esta-preparando-videos-para-la-cuaresma\/","title":{"rendered":"El Secretariado para la Causa de Canonizaci\u00f3n est\u00e1 preparando v\u00eddeos para la Cuaresma."},"content":{"rendered":"<p>El Secretariado Nacional para la Causa de Canonizaci\u00f3n del Padre Eust\u00e1quio comenz\u00f3 a grabar el Retiro Cuaresmal esta semana, que se transmitir\u00e1 por el Canal Padre Eust\u00e1quio durante los 40 d\u00edas de Cuaresma. El material comenzar\u00e1 a publicarse el Mi\u00e9rcoles de Ceniza.<\/p>\n\n\n\n<p>Con el fin de ayudar a los devotos del Padre Eustaquio a vivir la Cuaresma con mayor intensidad, el Secretariado cre\u00f3 un ambiente cl\u00e1sico con colores y objetos que evocan la Cuaresma e invit\u00f3 al Padre Silvano Dias de \u00c1vila a dirigir las reflexiones. El Padre Silvano, formador de la Congregaci\u00f3n de los Sagrados Corazones, utilizar\u00e1 como recurso el libro: Viviendo la Cuaresma con San Agust\u00edn, de Pasquale Cormio, de la Editorial Ave Mar\u00eda.<\/p>\n\n\n\n<p>Los videos tendr\u00e1n una duraci\u00f3n aproximada de cinco minutos y se publicar\u00e1n diariamente desde el Mi\u00e9rcoles de Ceniza (2 de marzo) hasta el s\u00e1bado anterior al Domingo de Ramos (9 de abril), a las 5:00 a. m. en el Canal Padre Eust\u00e1quio. El material se graba en el Santuario de Salud y Paz y cuenta con la participaci\u00f3n de un equipo de seis personas.<\/p>\n\n\n\n<p><strong>\u00bfQu\u00e9 es un Retiro de Cuaresma?<\/strong><\/p>\n\n\n\n<p>El retiro de Cuaresma es un instrumento de oraci\u00f3n y conversi\u00f3n. Su prop\u00f3sito es ayudar a las personas y comunidades en la oraci\u00f3n personal diaria, gui\u00e1ndolas para experimentar la gracia de Dios en sus vidas. Los gu\u00edas ayudan en la pr\u00e1ctica de los Ejercicios Espirituales en la vida diaria. <\/p>\n\n\n\n<p>La Cuaresma es un tiempo intenso de oraci\u00f3n y preparaci\u00f3n para la Pascua, marcado por pr\u00e1cticas penitenciales como el ayuno y las obras de caridad. Este per\u00edodo de oraci\u00f3n, originado en el siglo IV, se reza tradicionalmente durante 40 d\u00edas (desde el Mi\u00e9rcoles de Ceniza hasta el S\u00e1bado de L\u00e1zaro, antes del Domingo de Ramos), pero desde el pontificado de Pablo VI, la Cuaresma dura oficialmente 44 d\u00edas, ya que termina el Jueves Santo, cuando comienza el Triduo Pascual.<\/p>\n\n\n\n<p><\/p>","protected":false},"excerpt":{"rendered":"<p>O Secretariado Nacional para a Causa de Canoniza\u00e7\u00e3o de Padre Eust\u00e1quio come\u00e7ou a gravar esta semana o Retiro Quaresmal, que ser\u00e1 veiculado no Canal Padre Eust\u00e1quio durante os 40 dias da Quaresma. O material come\u00e7a a ser postado na Quarta-feira de Cinzas. Com o objetivo de ajudar os devotos de Padre Eust\u00e1quio a viver mais intensamente a Quaresma, o Secretariado montou um cen\u00e1rio cl\u00e1ssico com cores e objetos que remetem ao per\u00edodo quaresmal e convidou o Padre Silvano Dias de \u00c1vila para comandar as reflex\u00f5es. Padre Silvano, que \u00e9 formador da Congrega\u00e7\u00e3o dos Sagrados Cora\u00e7\u00f5es, ir\u00e1 usar como subs\u00eddio o [&hellip;]<\/p>\n","protected":false},"author":2,"featured_media":8143,"comment_status":"open","ping_status":"closed","sticky":false,"template":"","format":"standard","meta":{"_acf_changed":false,"footnotes":""},"categories":[611],"tags":[],"class_list":["post-8138","post","type-post","status-publish","format-standard","has-post-thumbnail","hentry","category-noticias"],"acf":[],"yoast_head":"<!-- This site is optimized with the Yoast SEO plugin v27.2 - https:\/\/yoast.com\/product\/yoast-seo-wordpress\/ -->\n<title>Secretariado para a Causa de Canoniza\u00e7\u00e3o prepara v\u00eddeos para a Quaresma<\/title>\n<meta name=\"description\" content=\"O Secretariado Nacional para a Causa de Canoniza\u00e7\u00e3o de Padre Eust\u00e1quio come\u00e7ou a gravar esta semana o Retiro Quaresmal, que ser\u00e1 veiculado no Canal Padre Eust\u00e1quio durante os 40 dias da Quaresma. O material come\u00e7a a ser postado na Quarta-feira de Cinzas.\" \/>\n<meta name=\"robots\" content=\"index, follow, max-snippet:-1, max-image-preview:large, max-video-preview:-1\" \/>\n<link rel=\"canonical\" href=\"https:\/\/www.padreeustaquio.com.br\/es\/la-secretaria-de-la-causa-de-canonizacion-esta-preparando-videos-para-la-cuaresma\/\" \/>\n<meta property=\"og:locale\" content=\"es_ES\" \/>\n<meta property=\"og:type\" content=\"article\" \/>\n<meta property=\"og:title\" content=\"Secretariado para a Causa de Canoniza\u00e7\u00e3o prepara v\u00eddeos para a Quaresma\" \/>\n<meta property=\"og:description\" content=\"O Secretariado Nacional para a Causa de Canoniza\u00e7\u00e3o de Padre Eust\u00e1quio come\u00e7ou a gravar esta semana o Retiro Quaresmal, que ser\u00e1 veiculado no Canal Padre Eust\u00e1quio durante os 40 dias da Quaresma. O material come\u00e7a a ser postado na Quarta-feira de Cinzas.\" \/>\n<meta property=\"og:url\" content=\"https:\/\/www.padreeustaquio.com.br\/es\/la-secretaria-de-la-causa-de-canonizacion-esta-preparando-videos-para-la-cuaresma\/\" \/>\n<meta property=\"og:site_name\" content=\"Padre Eust\u00e1quio\" \/>\n<meta property=\"article:publisher\" content=\"https:\/\/www.facebook.com\/beatopadreeustaquio\/\" \/>\n<meta property=\"article:published_time\" content=\"2022-02-18T09:20:00+00:00\" \/>\n<meta property=\"og:image\" content=\"https:\/\/www.padreeustaquio.com.br\/wp-content\/uploads\/2022\/02\/gravacoes-quaresma.jpg\" \/>\n\t<meta property=\"og:image:width\" content=\"748\" \/>\n\t<meta property=\"og:image:height\" content=\"394\" \/>\n\t<meta property=\"og:image:type\" content=\"image\/jpeg\" \/>\n<meta name=\"author\" content=\"@sscc\" \/>\n<meta name=\"twitter:card\" content=\"summary_large_image\" \/>\n<meta name=\"twitter:creator\" content=\"@beatopeustaquio\" \/>\n<meta name=\"twitter:site\" content=\"@beatopeustaquio\" \/>\n<meta name=\"twitter:label1\" content=\"Escrito por\" \/>\n\t<meta name=\"twitter:data1\" content=\"@sscc\" \/>\n\t<meta name=\"twitter:label2\" content=\"Tiempo de lectura\" \/>\n\t<meta name=\"twitter:data2\" content=\"2 minutos\" \/>\n<script type=\"application\/ld+json\" class=\"yoast-schema-graph\">{\"@context\":\"https:\/\/schema.org\",\"@graph\":[{\"@type\":\"Article\",\"@id\":\"https:\/\/www.padreeustaquio.com.br\/secretariado-para-a-causa-de-canonizacao-prepara-videos-para-a-quaresma\/#article\",\"isPartOf\":{\"@id\":\"https:\/\/www.padreeustaquio.com.br\/secretariado-para-a-causa-de-canonizacao-prepara-videos-para-a-quaresma\/\"},\"author\":{\"name\":\"@sscc\",\"@id\":\"https:\/\/www.padreeustaquio.com.br\/#\/schema\/person\/a2a51db1d00f1a7af0204a0f1ddb1566\"},\"headline\":\"Secretariado para a Causa de Canoniza\u00e7\u00e3o prepara v\u00eddeos para a Quaresma\",\"datePublished\":\"2022-02-18T09:20:00+00:00\",\"mainEntityOfPage\":{\"@id\":\"https:\/\/www.padreeustaquio.com.br\/secretariado-para-a-causa-de-canonizacao-prepara-videos-para-a-quaresma\/\"},\"wordCount\":355,\"commentCount\":0,\"publisher\":{\"@id\":\"https:\/\/www.padreeustaquio.com.br\/#organization\"},\"image\":{\"@id\":\"https:\/\/www.padreeustaquio.com.br\/secretariado-para-a-causa-de-canonizacao-prepara-videos-para-a-quaresma\/#primaryimage\"},\"thumbnailUrl\":\"https:\/\/www.padreeustaquio.com.br\/wp-content\/uploads\/2022\/02\/gravacoes-quaresma.jpg\",\"articleSection\":[\"Not\u00edcias\"],\"inLanguage\":\"es\",\"potentialAction\":[{\"@type\":\"CommentAction\",\"name\":\"Comment\",\"target\":[\"https:\/\/www.padreeustaquio.com.br\/secretariado-para-a-causa-de-canonizacao-prepara-videos-para-a-quaresma\/#respond\"]}]},{\"@type\":\"WebPage\",\"@id\":\"https:\/\/www.padreeustaquio.com.br\/secretariado-para-a-causa-de-canonizacao-prepara-videos-para-a-quaresma\/\",\"url\":\"https:\/\/www.padreeustaquio.com.br\/secretariado-para-a-causa-de-canonizacao-prepara-videos-para-a-quaresma\/\",\"name\":\"Secretariado para a Causa de Canoniza\u00e7\u00e3o prepara v\u00eddeos para a Quaresma\",\"isPartOf\":{\"@id\":\"https:\/\/www.padreeustaquio.com.br\/#website\"},\"primaryImageOfPage\":{\"@id\":\"https:\/\/www.padreeustaquio.com.br\/secretariado-para-a-causa-de-canonizacao-prepara-videos-para-a-quaresma\/#primaryimage\"},\"image\":{\"@id\":\"https:\/\/www.padreeustaquio.com.br\/secretariado-para-a-causa-de-canonizacao-prepara-videos-para-a-quaresma\/#primaryimage\"},\"thumbnailUrl\":\"https:\/\/www.padreeustaquio.com.br\/wp-content\/uploads\/2022\/02\/gravacoes-quaresma.jpg\",\"datePublished\":\"2022-02-18T09:20:00+00:00\",\"description\":\"O Secretariado Nacional para a Causa de Canoniza\u00e7\u00e3o de Padre Eust\u00e1quio come\u00e7ou a gravar esta semana o Retiro Quaresmal, que ser\u00e1 veiculado no Canal Padre Eust\u00e1quio durante os 40 dias da Quaresma. O material come\u00e7a a ser postado na Quarta-feira de Cinzas.\",\"breadcrumb\":{\"@id\":\"https:\/\/www.padreeustaquio.com.br\/secretariado-para-a-causa-de-canonizacao-prepara-videos-para-a-quaresma\/#breadcrumb\"},\"inLanguage\":\"es\",\"potentialAction\":[{\"@type\":\"ReadAction\",\"target\":[\"https:\/\/www.padreeustaquio.com.br\/secretariado-para-a-causa-de-canonizacao-prepara-videos-para-a-quaresma\/\"]}]},{\"@type\":\"ImageObject\",\"inLanguage\":\"es\",\"@id\":\"https:\/\/www.padreeustaquio.com.br\/secretariado-para-a-causa-de-canonizacao-prepara-videos-para-a-quaresma\/#primaryimage\",\"url\":\"https:\/\/www.padreeustaquio.com.br\/wp-content\/uploads\/2022\/02\/gravacoes-quaresma.jpg\",\"contentUrl\":\"https:\/\/www.padreeustaquio.com.br\/wp-content\/uploads\/2022\/02\/gravacoes-quaresma.jpg\",\"width\":748,\"height\":394},{\"@type\":\"BreadcrumbList\",\"@id\":\"https:\/\/www.padreeustaquio.com.br\/secretariado-para-a-causa-de-canonizacao-prepara-videos-para-a-quaresma\/#breadcrumb\",\"itemListElement\":[{\"@type\":\"ListItem\",\"position\":1,\"name\":\"In\u00edcio\",\"item\":\"https:\/\/www.padreeustaquio.com.br\/\"},{\"@type\":\"ListItem\",\"position\":2,\"name\":\"Secretariado para a Causa de Canoniza\u00e7\u00e3o prepara v\u00eddeos para a Quaresma\"}]},{\"@type\":\"WebSite\",\"@id\":\"https:\/\/www.padreeustaquio.com.br\/#website\",\"url\":\"https:\/\/www.padreeustaquio.com.br\/\",\"name\":\"Padre Eust\u00e1quio\",\"description\":\"Sa\u00fade e Paz\",\"publisher\":{\"@id\":\"https:\/\/www.padreeustaquio.com.br\/#organization\"},\"potentialAction\":[{\"@type\":\"SearchAction\",\"target\":{\"@type\":\"EntryPoint\",\"urlTemplate\":\"https:\/\/www.padreeustaquio.com.br\/?s={search_term_string}\"},\"query-input\":{\"@type\":\"PropertyValueSpecification\",\"valueRequired\":true,\"valueName\":\"search_term_string\"}}],\"inLanguage\":\"es\"},{\"@type\":\"Organization\",\"@id\":\"https:\/\/www.padreeustaquio.com.br\/#organization\",\"name\":\"Padre Eust\u00e1quio\",\"url\":\"https:\/\/www.padreeustaquio.com.br\/\",\"logo\":{\"@type\":\"ImageObject\",\"inLanguage\":\"es\",\"@id\":\"https:\/\/www.padreeustaquio.com.br\/#\/schema\/logo\/image\/\",\"url\":\"https:\/\/www.padreeustaquio.com.br\/wp-content\/uploads\/2019\/08\/marca.png\",\"contentUrl\":\"https:\/\/www.padreeustaquio.com.br\/wp-content\/uploads\/2019\/08\/marca.png\",\"width\":350,\"height\":400,\"caption\":\"Padre Eust\u00e1quio\"},\"image\":{\"@id\":\"https:\/\/www.padreeustaquio.com.br\/#\/schema\/logo\/image\/\"},\"sameAs\":[\"https:\/\/www.facebook.com\/beatopadreeustaquio\/\",\"https:\/\/x.com\/beatopeustaquio\",\"https:\/\/www.instagram.com\/beatopadreeustaquio\/\",\"https:\/\/www.youtube.com\/channel\/UCRhw7vfabnajwLxb1ZXMeIw\"]},{\"@type\":\"Person\",\"@id\":\"https:\/\/www.padreeustaquio.com.br\/#\/schema\/person\/a2a51db1d00f1a7af0204a0f1ddb1566\",\"name\":\"@sscc\",\"image\":{\"@type\":\"ImageObject\",\"inLanguage\":\"es\",\"@id\":\"https:\/\/secure.gravatar.com\/avatar\/68cfafa5f44617fea54071e215026e0ff06be366c3d54a8425f04fdcb86f8c5f?s=96&d=mm&r=g\",\"url\":\"https:\/\/secure.gravatar.com\/avatar\/68cfafa5f44617fea54071e215026e0ff06be366c3d54a8425f04fdcb86f8c5f?s=96&d=mm&r=g\",\"contentUrl\":\"https:\/\/secure.gravatar.com\/avatar\/68cfafa5f44617fea54071e215026e0ff06be366c3d54a8425f04fdcb86f8c5f?s=96&d=mm&r=g\",\"caption\":\"@sscc\"},\"url\":\"https:\/\/www.padreeustaquio.com.br\/es\/author\/sscc\/\"}]}<\/script>\n<!-- \/ Yoast SEO plugin. -->","yoast_head_json":{"title":"El Secretariado para la Causa de Canonizaci\u00f3n est\u00e1 preparando v\u00eddeos para la Cuaresma.","description":"El Secretariado Nacional para la Causa de Canonizaci\u00f3n del Padre Eust\u00e1quio comenz\u00f3 a grabar el Retiro Cuaresmal esta semana, que se transmitir\u00e1 por el Canal Padre Eust\u00e1quio durante los 40 d\u00edas de Cuaresma. El material comenzar\u00e1 a publicarse el Mi\u00e9rcoles de Ceniza.","robots":{"index":"index","follow":"follow","max-snippet":"max-snippet:-1","max-image-preview":"max-image-preview:large","max-video-preview":"max-video-preview:-1"},"canonical":"https:\/\/www.padreeustaquio.com.br\/es\/la-secretaria-de-la-causa-de-canonizacion-esta-preparando-videos-para-la-cuaresma\/","og_locale":"es_ES","og_type":"article","og_title":"Secretariado para a Causa de Canoniza\u00e7\u00e3o prepara v\u00eddeos para a Quaresma","og_description":"O Secretariado Nacional para a Causa de Canoniza\u00e7\u00e3o de Padre Eust\u00e1quio come\u00e7ou a gravar esta semana o Retiro Quaresmal, que ser\u00e1 veiculado no Canal Padre Eust\u00e1quio durante os 40 dias da Quaresma. O material come\u00e7a a ser postado na Quarta-feira de Cinzas.","og_url":"https:\/\/www.padreeustaquio.com.br\/es\/la-secretaria-de-la-causa-de-canonizacion-esta-preparando-videos-para-la-cuaresma\/","og_site_name":"Padre Eust\u00e1quio","article_publisher":"https:\/\/www.facebook.com\/beatopadreeustaquio\/","article_published_time":"2022-02-18T09:20:00+00:00","og_image":[{"width":748,"height":394,"url":"https:\/\/www.padreeustaquio.com.br\/wp-content\/uploads\/2022\/02\/gravacoes-quaresma.jpg","type":"image\/jpeg"}],"author":"@sscc","twitter_card":"summary_large_image","twitter_creator":"@beatopeustaquio","twitter_site":"@beatopeustaquio","twitter_misc":{"Escrito por":"@sscc","Tiempo de lectura":"2 minutos"},"schema":{"@context":"https:\/\/schema.org","@graph":[{"@type":"Article","@id":"https:\/\/www.padreeustaquio.com.br\/secretariado-para-a-causa-de-canonizacao-prepara-videos-para-a-quaresma\/#article","isPartOf":{"@id":"https:\/\/www.padreeustaquio.com.br\/secretariado-para-a-causa-de-canonizacao-prepara-videos-para-a-quaresma\/"},"author":{"name":"@sscc","@id":"https:\/\/www.padreeustaquio.com.br\/#\/schema\/person\/a2a51db1d00f1a7af0204a0f1ddb1566"},"headline":"Secretariado para a Causa de Canoniza\u00e7\u00e3o prepara v\u00eddeos para a Quaresma","datePublished":"2022-02-18T09:20:00+00:00","mainEntityOfPage":{"@id":"https:\/\/www.padreeustaquio.com.br\/secretariado-para-a-causa-de-canonizacao-prepara-videos-para-a-quaresma\/"},"wordCount":355,"commentCount":0,"publisher":{"@id":"https:\/\/www.padreeustaquio.com.br\/#organization"},"image":{"@id":"https:\/\/www.padreeustaquio.com.br\/secretariado-para-a-causa-de-canonizacao-prepara-videos-para-a-quaresma\/#primaryimage"},"thumbnailUrl":"https:\/\/www.padreeustaquio.com.br\/wp-content\/uploads\/2022\/02\/gravacoes-quaresma.jpg","articleSection":["Not\u00edcias"],"inLanguage":"es","potentialAction":[{"@type":"CommentAction","name":"Comment","target":["https:\/\/www.padreeustaquio.com.br\/secretariado-para-a-causa-de-canonizacao-prepara-videos-para-a-quaresma\/#respond"]}]},{"@type":"WebPage","@id":"https:\/\/www.padreeustaquio.com.br\/secretariado-para-a-causa-de-canonizacao-prepara-videos-para-a-quaresma\/","url":"https:\/\/www.padreeustaquio.com.br\/secretariado-para-a-causa-de-canonizacao-prepara-videos-para-a-quaresma\/","name":"El Secretariado para la Causa de Canonizaci\u00f3n est\u00e1 preparando v\u00eddeos para la Cuaresma.","isPartOf":{"@id":"https:\/\/www.padreeustaquio.com.br\/#website"},"primaryImageOfPage":{"@id":"https:\/\/www.padreeustaquio.com.br\/secretariado-para-a-causa-de-canonizacao-prepara-videos-para-a-quaresma\/#primaryimage"},"image":{"@id":"https:\/\/www.padreeustaquio.com.br\/secretariado-para-a-causa-de-canonizacao-prepara-videos-para-a-quaresma\/#primaryimage"},"thumbnailUrl":"https:\/\/www.padreeustaquio.com.br\/wp-content\/uploads\/2022\/02\/gravacoes-quaresma.jpg","datePublished":"2022-02-18T09:20:00+00:00","description":"El Secretariado Nacional para la Causa de Canonizaci\u00f3n del Padre Eust\u00e1quio comenz\u00f3 a grabar el Retiro Cuaresmal esta semana, que se transmitir\u00e1 por el Canal Padre Eust\u00e1quio durante los 40 d\u00edas de Cuaresma. El material comenzar\u00e1 a publicarse el Mi\u00e9rcoles de Ceniza.","breadcrumb":{"@id":"https:\/\/www.padreeustaquio.com.br\/secretariado-para-a-causa-de-canonizacao-prepara-videos-para-a-quaresma\/#breadcrumb"},"inLanguage":"es","potentialAction":[{"@type":"ReadAction","target":["https:\/\/www.padreeustaquio.com.br\/secretariado-para-a-causa-de-canonizacao-prepara-videos-para-a-quaresma\/"]}]},{"@type":"ImageObject","inLanguage":"es","@id":"https:\/\/www.padreeustaquio.com.br\/secretariado-para-a-causa-de-canonizacao-prepara-videos-para-a-quaresma\/#primaryimage","url":"https:\/\/www.padreeustaquio.com.br\/wp-content\/uploads\/2022\/02\/gravacoes-quaresma.jpg","contentUrl":"https:\/\/www.padreeustaquio.com.br\/wp-content\/uploads\/2022\/02\/gravacoes-quaresma.jpg","width":748,"height":394},{"@type":"BreadcrumbList","@id":"https:\/\/www.padreeustaquio.com.br\/secretariado-para-a-causa-de-canonizacao-prepara-videos-para-a-quaresma\/#breadcrumb","itemListElement":[{"@type":"ListItem","position":1,"name":"In\u00edcio","item":"https:\/\/www.padreeustaquio.com.br\/"},{"@type":"ListItem","position":2,"name":"Secretariado para a Causa de Canoniza\u00e7\u00e3o prepara v\u00eddeos para a Quaresma"}]},{"@type":"WebSite","@id":"https:\/\/www.padreeustaquio.com.br\/#website","url":"https:\/\/www.padreeustaquio.com.br\/","name":"Padre Eustace","description":"Salud y Paz","publisher":{"@id":"https:\/\/www.padreeustaquio.com.br\/#organization"},"potentialAction":[{"@type":"SearchAction","target":{"@type":"EntryPoint","urlTemplate":"https:\/\/www.padreeustaquio.com.br\/?s={search_term_string}"},"query-input":{"@type":"PropertyValueSpecification","valueRequired":true,"valueName":"search_term_string"}}],"inLanguage":"es"},{"@type":"Organization","@id":"https:\/\/www.padreeustaquio.com.br\/#organization","name":"Padre Eustace","url":"https:\/\/www.padreeustaquio.com.br\/","logo":{"@type":"ImageObject","inLanguage":"es","@id":"https:\/\/www.padreeustaquio.com.br\/#\/schema\/logo\/image\/","url":"https:\/\/www.padreeustaquio.com.br\/wp-content\/uploads\/2019\/08\/marca.png","contentUrl":"https:\/\/www.padreeustaquio.com.br\/wp-content\/uploads\/2019\/08\/marca.png","width":350,"height":400,"caption":"Padre Eust\u00e1quio"},"image":{"@id":"https:\/\/www.padreeustaquio.com.br\/#\/schema\/logo\/image\/"},"sameAs":["https:\/\/www.facebook.com\/beatopadreeustaquio\/","https:\/\/x.com\/beatopeustaquio","https:\/\/www.instagram.com\/beatopadreeustaquio\/","https:\/\/www.youtube.com\/channel\/UCRhw7vfabnajwLxb1ZXMeIw"]},{"@type":"Person","@id":"https:\/\/www.padreeustaquio.com.br\/#\/schema\/person\/a2a51db1d00f1a7af0204a0f1ddb1566","name":"@sscc","image":{"@type":"ImageObject","inLanguage":"es","@id":"https:\/\/secure.gravatar.com\/avatar\/68cfafa5f44617fea54071e215026e0ff06be366c3d54a8425f04fdcb86f8c5f?s=96&d=mm&r=g","url":"https:\/\/secure.gravatar.com\/avatar\/68cfafa5f44617fea54071e215026e0ff06be366c3d54a8425f04fdcb86f8c5f?s=96&d=mm&r=g","contentUrl":"https:\/\/secure.gravatar.com\/avatar\/68cfafa5f44617fea54071e215026e0ff06be366c3d54a8425f04fdcb86f8c5f?s=96&d=mm&r=g","caption":"@sscc"},"url":"https:\/\/www.padreeustaquio.com.br\/es\/author\/sscc\/"}]}},"_links":{"self":[{"href":"https:\/\/www.padreeustaquio.com.br\/es\/wp-json\/wp\/v2\/posts\/8138","targetHints":{"allow":["GET"]}}],"collection":[{"href":"https:\/\/www.padreeustaquio.com.br\/es\/wp-json\/wp\/v2\/posts"}],"about":[{"href":"https:\/\/www.padreeustaquio.com.br\/es\/wp-json\/wp\/v2\/types\/post"}],"author":[{"embeddable":true,"href":"https:\/\/www.padreeustaquio.com.br\/es\/wp-json\/wp\/v2\/users\/2"}],"replies":[{"embeddable":true,"href":"https:\/\/www.padreeustaquio.com.br\/es\/wp-json\/wp\/v2\/comments?post=8138"}],"version-history":[{"count":0,"href":"https:\/\/www.padreeustaquio.com.br\/es\/wp-json\/wp\/v2\/posts\/8138\/revisions"}],"wp:featuredmedia":[{"embeddable":true,"href":"https:\/\/www.padreeustaquio.com.br\/es\/wp-json\/wp\/v2\/media\/8143"}],"wp:attachment":[{"href":"https:\/\/www.padreeustaquio.com.br\/es\/wp-json\/wp\/v2\/media?parent=8138"}],"wp:term":[{"taxonomy":"category","embeddable":true,"href":"https:\/\/www.padreeustaquio.com.br\/es\/wp-json\/wp\/v2\/categories?post=8138"},{"taxonomy":"post_tag","embeddable":true,"href":"https:\/\/www.padreeustaquio.com.br\/es\/wp-json\/wp\/v2\/tags?post=8138"}],"curies":[{"name":"wp","href":"https:\/\/api.w.org\/{rel}","templated":true}]}}