{"id":8132,"date":"2022-02-17T06:11:00","date_gmt":"2022-02-17T09:11:00","guid":{"rendered":"https:\/\/www.padreeustaquio.com.br\/?p=8132"},"modified":"2022-02-14T21:19:09","modified_gmt":"2022-02-15T00:19:09","slug":"palabras-del-padre-eustace-sobre-la-devocion-a-los-sagrados-corazones","status":"publish","type":"post","link":"https:\/\/www.padreeustaquio.com.br\/es\/palabras-del-padre-eustace-sobre-la-devocion-a-los-sagrados-corazones\/","title":{"rendered":"Palabras del Padre Eustace \u2013 Devoci\u00f3n a los Sagrados Corazones"},"content":{"rendered":"<p>El Padre Eust\u00e1quio se uni\u00f3 a la Congregaci\u00f3n de los Sagrados Corazones siendo muy joven y desarroll\u00f3 una gran devoci\u00f3n al Sagrado Coraz\u00f3n de Jes\u00fas y al Inmaculado Coraz\u00f3n de Mar\u00eda. Su archivo personal contiene numerosos objetos devocionales relacionados con los Sagrados Corazones, y en especial numerosos escritos sobre el tema.<\/p>\n\n\n\n<p>En uno de estos textos, el Sant\u00edsimo habla de c\u00f3mo el Coraz\u00f3n de Jes\u00fas es fuente de gracia para todos nosotros, y c\u00f3mo el Coraz\u00f3n de Mar\u00eda es el canal de esta gracia. El texto ofrece una hermosa reflexi\u00f3n que les invitamos a leer a continuaci\u00f3n:<\/p>\n\n\n\n<p><strong>Los Sagrados Corazones<\/strong><\/p>\n\n\n\n<p><em>Dos corazones que jam\u00e1s podremos separar: el Coraz\u00f3n de Jes\u00fas y el Coraz\u00f3n de Mar\u00eda. El Coraz\u00f3n de Jes\u00fas es la fuente de la gracia, el Coraz\u00f3n de Mar\u00eda, su canal. Y para obtener la gracia de esta fuente, debemos estar convencidos de que necesitamos estar continuamente en relaci\u00f3n con Mar\u00eda y entregarnos totalmente a su Coraz\u00f3n para pertenecer al Coraz\u00f3n de Jes\u00fas. Mar\u00eda es el firmamento azul, el Coraz\u00f3n de Jes\u00fas, el sol que irradia sus rayos sobre nosotros. Queremos aprovechar este sol; debemos salir de nuestros hogares y estar bajo el firmamento azul, para disfrutar de la claridad y el calor de este Sagrado Coraz\u00f3n. Debemos ser santos y santificadores; sin la gracia de Cristo nada podemos hacer, ning\u00fan fruto de apostolado sin la gracia; Dios quiso que lo tuvi\u00e9ramos todo a trav\u00e9s de Mar\u00eda.<\/em><\/p>\n\n\n\n<p><\/p>","protected":false},"excerpt":{"rendered":"<p>Padre Eust\u00e1quio entrou muito novo para a Congrega\u00e7\u00e3o dos Sagrados Cora\u00e7\u00f5es e alimentou uma grande devo\u00e7\u00e3o ao Sagrado Cora\u00e7\u00e3o de Jesus e ao Imaculado Cora\u00e7\u00e3o de Maria. Em seus arquivos pessoais \u00e9 poss\u00edvel encontrar muitos objetos de devo\u00e7\u00e3o ligados aos Sagrados Cora\u00e7\u00f5es, principalmente, muitos escritos sobre o tema. Em um desses textos, o Beato fala como o Cora\u00e7\u00e3o de Jesus \u00e9 fonte de gra\u00e7a para todos n\u00f3s, e como o Cora\u00e7\u00e3o de Maria \u00e9 o canal para essa gra\u00e7a. O texto traz uma bel\u00edssima reflex\u00e3o que te convidamos a ler a seguir: Os Sagrados Cora\u00e7\u00f5es Dois cora\u00e7\u00f5es que nunca podemos [&hellip;]<\/p>\n","protected":false},"author":2,"featured_media":8133,"comment_status":"open","ping_status":"closed","sticky":false,"template":"","format":"standard","meta":{"_acf_changed":false,"footnotes":""},"categories":[611],"tags":[],"class_list":["post-8132","post","type-post","status-publish","format-standard","has-post-thumbnail","hentry","category-noticias"],"acf":[],"yoast_head":"<!-- This site is optimized with the Yoast SEO plugin v27.2 - https:\/\/yoast.com\/product\/yoast-seo-wordpress\/ -->\n<title>Palavras do Padre Eust\u00e1quio - A devo\u00e7\u00e3o aos Sagrados Cora\u00e7\u00f5es<\/title>\n<meta name=\"description\" content=\"Padre Eust\u00e1quio fala como o Cora\u00e7\u00e3o de Jesus \u00e9 fonte de gra\u00e7a para todos n\u00f3s, e como o Cora\u00e7\u00e3o de Maria \u00e9 o canal para essa gra\u00e7a. O texto que trazemos aqui faz uma bel\u00edssima reflex\u00e3o que te convidamos a ler e se espiritualizar.\" \/>\n<meta name=\"robots\" content=\"index, follow, max-snippet:-1, max-image-preview:large, max-video-preview:-1\" \/>\n<link rel=\"canonical\" href=\"https:\/\/www.padreeustaquio.com.br\/es\/palabras-del-padre-eustace-sobre-la-devocion-a-los-sagrados-corazones\/\" \/>\n<meta property=\"og:locale\" content=\"es_ES\" \/>\n<meta property=\"og:type\" content=\"article\" \/>\n<meta property=\"og:title\" content=\"Palavras do Padre Eust\u00e1quio - A devo\u00e7\u00e3o aos Sagrados Cora\u00e7\u00f5es\" \/>\n<meta property=\"og:description\" content=\"Padre Eust\u00e1quio fala como o Cora\u00e7\u00e3o de Jesus \u00e9 fonte de gra\u00e7a para todos n\u00f3s, e como o Cora\u00e7\u00e3o de Maria \u00e9 o canal para essa gra\u00e7a. O texto que trazemos aqui faz uma bel\u00edssima reflex\u00e3o que te convidamos a ler e se espiritualizar.\" \/>\n<meta property=\"og:url\" content=\"https:\/\/www.padreeustaquio.com.br\/es\/palabras-del-padre-eustace-sobre-la-devocion-a-los-sagrados-corazones\/\" \/>\n<meta property=\"og:site_name\" content=\"Padre Eust\u00e1quio\" \/>\n<meta property=\"article:publisher\" content=\"https:\/\/www.facebook.com\/beatopadreeustaquio\/\" \/>\n<meta property=\"article:published_time\" content=\"2022-02-17T09:11:00+00:00\" \/>\n<meta property=\"og:image\" content=\"https:\/\/www.padreeustaquio.com.br\/wp-content\/uploads\/2022\/02\/palavra-do-padeustaqui.jpg\" \/>\n\t<meta property=\"og:image:width\" content=\"748\" \/>\n\t<meta property=\"og:image:height\" content=\"394\" \/>\n\t<meta property=\"og:image:type\" content=\"image\/jpeg\" \/>\n<meta name=\"author\" content=\"@sscc\" \/>\n<meta name=\"twitter:card\" content=\"summary_large_image\" \/>\n<meta name=\"twitter:creator\" content=\"@beatopeustaquio\" \/>\n<meta name=\"twitter:site\" content=\"@beatopeustaquio\" \/>\n<meta name=\"twitter:label1\" content=\"Escrito por\" \/>\n\t<meta name=\"twitter:data1\" content=\"@sscc\" \/>\n\t<meta name=\"twitter:label2\" content=\"Tiempo de lectura\" \/>\n\t<meta name=\"twitter:data2\" content=\"2 minutos\" \/>\n<script type=\"application\/ld+json\" class=\"yoast-schema-graph\">{\"@context\":\"https:\/\/schema.org\",\"@graph\":[{\"@type\":\"Article\",\"@id\":\"https:\/\/www.padreeustaquio.com.br\/palavras-do-padre-eustaquio-a-devocao-aos-sagrados-coracoes\/#article\",\"isPartOf\":{\"@id\":\"https:\/\/www.padreeustaquio.com.br\/palavras-do-padre-eustaquio-a-devocao-aos-sagrados-coracoes\/\"},\"author\":{\"name\":\"@sscc\",\"@id\":\"https:\/\/www.padreeustaquio.com.br\/#\/schema\/person\/a2a51db1d00f1a7af0204a0f1ddb1566\"},\"headline\":\"Palavras do Padre Eust\u00e1quio &#8211; A devo\u00e7\u00e3o aos Sagrados Cora\u00e7\u00f5es\",\"datePublished\":\"2022-02-17T09:11:00+00:00\",\"mainEntityOfPage\":{\"@id\":\"https:\/\/www.padreeustaquio.com.br\/palavras-do-padre-eustaquio-a-devocao-aos-sagrados-coracoes\/\"},\"wordCount\":280,\"commentCount\":0,\"publisher\":{\"@id\":\"https:\/\/www.padreeustaquio.com.br\/#organization\"},\"image\":{\"@id\":\"https:\/\/www.padreeustaquio.com.br\/palavras-do-padre-eustaquio-a-devocao-aos-sagrados-coracoes\/#primaryimage\"},\"thumbnailUrl\":\"https:\/\/www.padreeustaquio.com.br\/wp-content\/uploads\/2022\/02\/palavra-do-padeustaqui.jpg\",\"articleSection\":[\"Not\u00edcias\"],\"inLanguage\":\"es\",\"potentialAction\":[{\"@type\":\"CommentAction\",\"name\":\"Comment\",\"target\":[\"https:\/\/www.padreeustaquio.com.br\/palavras-do-padre-eustaquio-a-devocao-aos-sagrados-coracoes\/#respond\"]}]},{\"@type\":\"WebPage\",\"@id\":\"https:\/\/www.padreeustaquio.com.br\/palavras-do-padre-eustaquio-a-devocao-aos-sagrados-coracoes\/\",\"url\":\"https:\/\/www.padreeustaquio.com.br\/palavras-do-padre-eustaquio-a-devocao-aos-sagrados-coracoes\/\",\"name\":\"Palavras do Padre Eust\u00e1quio - A devo\u00e7\u00e3o aos Sagrados Cora\u00e7\u00f5es\",\"isPartOf\":{\"@id\":\"https:\/\/www.padreeustaquio.com.br\/#website\"},\"primaryImageOfPage\":{\"@id\":\"https:\/\/www.padreeustaquio.com.br\/palavras-do-padre-eustaquio-a-devocao-aos-sagrados-coracoes\/#primaryimage\"},\"image\":{\"@id\":\"https:\/\/www.padreeustaquio.com.br\/palavras-do-padre-eustaquio-a-devocao-aos-sagrados-coracoes\/#primaryimage\"},\"thumbnailUrl\":\"https:\/\/www.padreeustaquio.com.br\/wp-content\/uploads\/2022\/02\/palavra-do-padeustaqui.jpg\",\"datePublished\":\"2022-02-17T09:11:00+00:00\",\"description\":\"Padre Eust\u00e1quio fala como o Cora\u00e7\u00e3o de Jesus \u00e9 fonte de gra\u00e7a para todos n\u00f3s, e como o Cora\u00e7\u00e3o de Maria \u00e9 o canal para essa gra\u00e7a. O texto que trazemos aqui faz uma bel\u00edssima reflex\u00e3o que te convidamos a ler e se espiritualizar.\",\"breadcrumb\":{\"@id\":\"https:\/\/www.padreeustaquio.com.br\/palavras-do-padre-eustaquio-a-devocao-aos-sagrados-coracoes\/#breadcrumb\"},\"inLanguage\":\"es\",\"potentialAction\":[{\"@type\":\"ReadAction\",\"target\":[\"https:\/\/www.padreeustaquio.com.br\/palavras-do-padre-eustaquio-a-devocao-aos-sagrados-coracoes\/\"]}]},{\"@type\":\"ImageObject\",\"inLanguage\":\"es\",\"@id\":\"https:\/\/www.padreeustaquio.com.br\/palavras-do-padre-eustaquio-a-devocao-aos-sagrados-coracoes\/#primaryimage\",\"url\":\"https:\/\/www.padreeustaquio.com.br\/wp-content\/uploads\/2022\/02\/palavra-do-padeustaqui.jpg\",\"contentUrl\":\"https:\/\/www.padreeustaquio.com.br\/wp-content\/uploads\/2022\/02\/palavra-do-padeustaqui.jpg\",\"width\":748,\"height\":394},{\"@type\":\"BreadcrumbList\",\"@id\":\"https:\/\/www.padreeustaquio.com.br\/palavras-do-padre-eustaquio-a-devocao-aos-sagrados-coracoes\/#breadcrumb\",\"itemListElement\":[{\"@type\":\"ListItem\",\"position\":1,\"name\":\"In\u00edcio\",\"item\":\"https:\/\/www.padreeustaquio.com.br\/\"},{\"@type\":\"ListItem\",\"position\":2,\"name\":\"Palavras do Padre Eust\u00e1quio &#8211; A devo\u00e7\u00e3o aos Sagrados Cora\u00e7\u00f5es\"}]},{\"@type\":\"WebSite\",\"@id\":\"https:\/\/www.padreeustaquio.com.br\/#website\",\"url\":\"https:\/\/www.padreeustaquio.com.br\/\",\"name\":\"Padre Eust\u00e1quio\",\"description\":\"Sa\u00fade e Paz\",\"publisher\":{\"@id\":\"https:\/\/www.padreeustaquio.com.br\/#organization\"},\"potentialAction\":[{\"@type\":\"SearchAction\",\"target\":{\"@type\":\"EntryPoint\",\"urlTemplate\":\"https:\/\/www.padreeustaquio.com.br\/?s={search_term_string}\"},\"query-input\":{\"@type\":\"PropertyValueSpecification\",\"valueRequired\":true,\"valueName\":\"search_term_string\"}}],\"inLanguage\":\"es\"},{\"@type\":\"Organization\",\"@id\":\"https:\/\/www.padreeustaquio.com.br\/#organization\",\"name\":\"Padre Eust\u00e1quio\",\"url\":\"https:\/\/www.padreeustaquio.com.br\/\",\"logo\":{\"@type\":\"ImageObject\",\"inLanguage\":\"es\",\"@id\":\"https:\/\/www.padreeustaquio.com.br\/#\/schema\/logo\/image\/\",\"url\":\"https:\/\/www.padreeustaquio.com.br\/wp-content\/uploads\/2019\/08\/marca.png\",\"contentUrl\":\"https:\/\/www.padreeustaquio.com.br\/wp-content\/uploads\/2019\/08\/marca.png\",\"width\":350,\"height\":400,\"caption\":\"Padre Eust\u00e1quio\"},\"image\":{\"@id\":\"https:\/\/www.padreeustaquio.com.br\/#\/schema\/logo\/image\/\"},\"sameAs\":[\"https:\/\/www.facebook.com\/beatopadreeustaquio\/\",\"https:\/\/x.com\/beatopeustaquio\",\"https:\/\/www.instagram.com\/beatopadreeustaquio\/\",\"https:\/\/www.youtube.com\/channel\/UCRhw7vfabnajwLxb1ZXMeIw\"]},{\"@type\":\"Person\",\"@id\":\"https:\/\/www.padreeustaquio.com.br\/#\/schema\/person\/a2a51db1d00f1a7af0204a0f1ddb1566\",\"name\":\"@sscc\",\"image\":{\"@type\":\"ImageObject\",\"inLanguage\":\"es\",\"@id\":\"https:\/\/secure.gravatar.com\/avatar\/68cfafa5f44617fea54071e215026e0ff06be366c3d54a8425f04fdcb86f8c5f?s=96&d=mm&r=g\",\"url\":\"https:\/\/secure.gravatar.com\/avatar\/68cfafa5f44617fea54071e215026e0ff06be366c3d54a8425f04fdcb86f8c5f?s=96&d=mm&r=g\",\"contentUrl\":\"https:\/\/secure.gravatar.com\/avatar\/68cfafa5f44617fea54071e215026e0ff06be366c3d54a8425f04fdcb86f8c5f?s=96&d=mm&r=g\",\"caption\":\"@sscc\"},\"url\":\"https:\/\/www.padreeustaquio.com.br\/es\/author\/sscc\/\"}]}<\/script>\n<!-- \/ Yoast SEO plugin. -->","yoast_head_json":{"title":"Palabras del Padre Eustace - Devoci\u00f3n a los Sagrados Corazones","description":"El Padre Eust\u00e1quio habla de c\u00f3mo el Coraz\u00f3n de Jes\u00fas es fuente de gracia para todos nosotros, y c\u00f3mo el Coraz\u00f3n de Mar\u00eda es el canal de esa gracia. El texto que presentamos aqu\u00ed ofrece una hermosa reflexi\u00f3n que les invitamos a leer y espiritualizar.","robots":{"index":"index","follow":"follow","max-snippet":"max-snippet:-1","max-image-preview":"max-image-preview:large","max-video-preview":"max-video-preview:-1"},"canonical":"https:\/\/www.padreeustaquio.com.br\/es\/palabras-del-padre-eustace-sobre-la-devocion-a-los-sagrados-corazones\/","og_locale":"es_ES","og_type":"article","og_title":"Palavras do Padre Eust\u00e1quio - A devo\u00e7\u00e3o aos Sagrados Cora\u00e7\u00f5es","og_description":"Padre Eust\u00e1quio fala como o Cora\u00e7\u00e3o de Jesus \u00e9 fonte de gra\u00e7a para todos n\u00f3s, e como o Cora\u00e7\u00e3o de Maria \u00e9 o canal para essa gra\u00e7a. O texto que trazemos aqui faz uma bel\u00edssima reflex\u00e3o que te convidamos a ler e se espiritualizar.","og_url":"https:\/\/www.padreeustaquio.com.br\/es\/palabras-del-padre-eustace-sobre-la-devocion-a-los-sagrados-corazones\/","og_site_name":"Padre Eust\u00e1quio","article_publisher":"https:\/\/www.facebook.com\/beatopadreeustaquio\/","article_published_time":"2022-02-17T09:11:00+00:00","og_image":[{"width":748,"height":394,"url":"https:\/\/www.padreeustaquio.com.br\/wp-content\/uploads\/2022\/02\/palavra-do-padeustaqui.jpg","type":"image\/jpeg"}],"author":"@sscc","twitter_card":"summary_large_image","twitter_creator":"@beatopeustaquio","twitter_site":"@beatopeustaquio","twitter_misc":{"Escrito por":"@sscc","Tiempo de lectura":"2 minutos"},"schema":{"@context":"https:\/\/schema.org","@graph":[{"@type":"Article","@id":"https:\/\/www.padreeustaquio.com.br\/palavras-do-padre-eustaquio-a-devocao-aos-sagrados-coracoes\/#article","isPartOf":{"@id":"https:\/\/www.padreeustaquio.com.br\/palavras-do-padre-eustaquio-a-devocao-aos-sagrados-coracoes\/"},"author":{"name":"@sscc","@id":"https:\/\/www.padreeustaquio.com.br\/#\/schema\/person\/a2a51db1d00f1a7af0204a0f1ddb1566"},"headline":"Palavras do Padre Eust\u00e1quio &#8211; A devo\u00e7\u00e3o aos Sagrados Cora\u00e7\u00f5es","datePublished":"2022-02-17T09:11:00+00:00","mainEntityOfPage":{"@id":"https:\/\/www.padreeustaquio.com.br\/palavras-do-padre-eustaquio-a-devocao-aos-sagrados-coracoes\/"},"wordCount":280,"commentCount":0,"publisher":{"@id":"https:\/\/www.padreeustaquio.com.br\/#organization"},"image":{"@id":"https:\/\/www.padreeustaquio.com.br\/palavras-do-padre-eustaquio-a-devocao-aos-sagrados-coracoes\/#primaryimage"},"thumbnailUrl":"https:\/\/www.padreeustaquio.com.br\/wp-content\/uploads\/2022\/02\/palavra-do-padeustaqui.jpg","articleSection":["Not\u00edcias"],"inLanguage":"es","potentialAction":[{"@type":"CommentAction","name":"Comment","target":["https:\/\/www.padreeustaquio.com.br\/palavras-do-padre-eustaquio-a-devocao-aos-sagrados-coracoes\/#respond"]}]},{"@type":"WebPage","@id":"https:\/\/www.padreeustaquio.com.br\/palavras-do-padre-eustaquio-a-devocao-aos-sagrados-coracoes\/","url":"https:\/\/www.padreeustaquio.com.br\/palavras-do-padre-eustaquio-a-devocao-aos-sagrados-coracoes\/","name":"Palabras del Padre Eustace - Devoci\u00f3n a los Sagrados Corazones","isPartOf":{"@id":"https:\/\/www.padreeustaquio.com.br\/#website"},"primaryImageOfPage":{"@id":"https:\/\/www.padreeustaquio.com.br\/palavras-do-padre-eustaquio-a-devocao-aos-sagrados-coracoes\/#primaryimage"},"image":{"@id":"https:\/\/www.padreeustaquio.com.br\/palavras-do-padre-eustaquio-a-devocao-aos-sagrados-coracoes\/#primaryimage"},"thumbnailUrl":"https:\/\/www.padreeustaquio.com.br\/wp-content\/uploads\/2022\/02\/palavra-do-padeustaqui.jpg","datePublished":"2022-02-17T09:11:00+00:00","description":"El Padre Eust\u00e1quio habla de c\u00f3mo el Coraz\u00f3n de Jes\u00fas es fuente de gracia para todos nosotros, y c\u00f3mo el Coraz\u00f3n de Mar\u00eda es el canal de esa gracia. El texto que presentamos aqu\u00ed ofrece una hermosa reflexi\u00f3n que les invitamos a leer y espiritualizar.","breadcrumb":{"@id":"https:\/\/www.padreeustaquio.com.br\/palavras-do-padre-eustaquio-a-devocao-aos-sagrados-coracoes\/#breadcrumb"},"inLanguage":"es","potentialAction":[{"@type":"ReadAction","target":["https:\/\/www.padreeustaquio.com.br\/palavras-do-padre-eustaquio-a-devocao-aos-sagrados-coracoes\/"]}]},{"@type":"ImageObject","inLanguage":"es","@id":"https:\/\/www.padreeustaquio.com.br\/palavras-do-padre-eustaquio-a-devocao-aos-sagrados-coracoes\/#primaryimage","url":"https:\/\/www.padreeustaquio.com.br\/wp-content\/uploads\/2022\/02\/palavra-do-padeustaqui.jpg","contentUrl":"https:\/\/www.padreeustaquio.com.br\/wp-content\/uploads\/2022\/02\/palavra-do-padeustaqui.jpg","width":748,"height":394},{"@type":"BreadcrumbList","@id":"https:\/\/www.padreeustaquio.com.br\/palavras-do-padre-eustaquio-a-devocao-aos-sagrados-coracoes\/#breadcrumb","itemListElement":[{"@type":"ListItem","position":1,"name":"In\u00edcio","item":"https:\/\/www.padreeustaquio.com.br\/"},{"@type":"ListItem","position":2,"name":"Palavras do Padre Eust\u00e1quio &#8211; A devo\u00e7\u00e3o aos Sagrados Cora\u00e7\u00f5es"}]},{"@type":"WebSite","@id":"https:\/\/www.padreeustaquio.com.br\/#website","url":"https:\/\/www.padreeustaquio.com.br\/","name":"Padre Eustace","description":"Salud y Paz","publisher":{"@id":"https:\/\/www.padreeustaquio.com.br\/#organization"},"potentialAction":[{"@type":"SearchAction","target":{"@type":"EntryPoint","urlTemplate":"https:\/\/www.padreeustaquio.com.br\/?s={search_term_string}"},"query-input":{"@type":"PropertyValueSpecification","valueRequired":true,"valueName":"search_term_string"}}],"inLanguage":"es"},{"@type":"Organization","@id":"https:\/\/www.padreeustaquio.com.br\/#organization","name":"Padre Eustace","url":"https:\/\/www.padreeustaquio.com.br\/","logo":{"@type":"ImageObject","inLanguage":"es","@id":"https:\/\/www.padreeustaquio.com.br\/#\/schema\/logo\/image\/","url":"https:\/\/www.padreeustaquio.com.br\/wp-content\/uploads\/2019\/08\/marca.png","contentUrl":"https:\/\/www.padreeustaquio.com.br\/wp-content\/uploads\/2019\/08\/marca.png","width":350,"height":400,"caption":"Padre Eust\u00e1quio"},"image":{"@id":"https:\/\/www.padreeustaquio.com.br\/#\/schema\/logo\/image\/"},"sameAs":["https:\/\/www.facebook.com\/beatopadreeustaquio\/","https:\/\/x.com\/beatopeustaquio","https:\/\/www.instagram.com\/beatopadreeustaquio\/","https:\/\/www.youtube.com\/channel\/UCRhw7vfabnajwLxb1ZXMeIw"]},{"@type":"Person","@id":"https:\/\/www.padreeustaquio.com.br\/#\/schema\/person\/a2a51db1d00f1a7af0204a0f1ddb1566","name":"@sscc","image":{"@type":"ImageObject","inLanguage":"es","@id":"https:\/\/secure.gravatar.com\/avatar\/68cfafa5f44617fea54071e215026e0ff06be366c3d54a8425f04fdcb86f8c5f?s=96&d=mm&r=g","url":"https:\/\/secure.gravatar.com\/avatar\/68cfafa5f44617fea54071e215026e0ff06be366c3d54a8425f04fdcb86f8c5f?s=96&d=mm&r=g","contentUrl":"https:\/\/secure.gravatar.com\/avatar\/68cfafa5f44617fea54071e215026e0ff06be366c3d54a8425f04fdcb86f8c5f?s=96&d=mm&r=g","caption":"@sscc"},"url":"https:\/\/www.padreeustaquio.com.br\/es\/author\/sscc\/"}]}},"_links":{"self":[{"href":"https:\/\/www.padreeustaquio.com.br\/es\/wp-json\/wp\/v2\/posts\/8132","targetHints":{"allow":["GET"]}}],"collection":[{"href":"https:\/\/www.padreeustaquio.com.br\/es\/wp-json\/wp\/v2\/posts"}],"about":[{"href":"https:\/\/www.padreeustaquio.com.br\/es\/wp-json\/wp\/v2\/types\/post"}],"author":[{"embeddable":true,"href":"https:\/\/www.padreeustaquio.com.br\/es\/wp-json\/wp\/v2\/users\/2"}],"replies":[{"embeddable":true,"href":"https:\/\/www.padreeustaquio.com.br\/es\/wp-json\/wp\/v2\/comments?post=8132"}],"version-history":[{"count":0,"href":"https:\/\/www.padreeustaquio.com.br\/es\/wp-json\/wp\/v2\/posts\/8132\/revisions"}],"wp:featuredmedia":[{"embeddable":true,"href":"https:\/\/www.padreeustaquio.com.br\/es\/wp-json\/wp\/v2\/media\/8133"}],"wp:attachment":[{"href":"https:\/\/www.padreeustaquio.com.br\/es\/wp-json\/wp\/v2\/media?parent=8132"}],"wp:term":[{"taxonomy":"category","embeddable":true,"href":"https:\/\/www.padreeustaquio.com.br\/es\/wp-json\/wp\/v2\/categories?post=8132"},{"taxonomy":"post_tag","embeddable":true,"href":"https:\/\/www.padreeustaquio.com.br\/es\/wp-json\/wp\/v2\/tags?post=8132"}],"curies":[{"name":"wp","href":"https:\/\/api.w.org\/{rel}","templated":true}]}}